{"id":10292,"date":"2024-01-21T16:56:20","date_gmt":"2024-01-21T15:56:20","guid":{"rendered":"https:\/\/www.latoscane.net\/da-vedere-a-cortona\/"},"modified":"2025-09-10T15:13:15","modified_gmt":"2025-09-10T13:13:15","slug":"da-vedere-a-cortona","status":"publish","type":"post","link":"https:\/\/www.latoscane.net\/it\/da-vedere-a-cortona\/","title":{"rendered":"Cosa vedere a Cortona"},"content":{"rendered":"\n<p>Costruita su un pendio di colline tra i 500 e i 600 metri, <a href=\"https:\/\/www.latoscane.net\/it\/cortona\/\">Cortona<\/a> conserva un centro medievale unico ricco di vicoli, acciottolati, antichi palazzi e chiese, con bellissimi panorami sui dintorni. Ha mantenuto il suo recinto medievale, tra cui porzioni etrusche e romane.<br \/>Il cuore della citt\u00e0 \u00e8 la Piazza della Repubblica, con i suoi palazzi storici. Di seguito presentiamo i luoghi pi\u00f9 importanti, classificati per preferenza soggettiva, tra cui il Museo etrusco e il Museo diocesano, il Duomo, le chiese e siti dei dintorni come il Parco Archeologico o l&#8217;Eremo francescano delle Celle.<\/p>\n<div id=\"travelersmap-container-69f29d0dcec16\" class=\"travelersmap-container\" style=\"z-index: 1; min-height: 10px; min-width:10px; height:400px;width:57%; max-width:; max-height:; position:relative;\"><div style=\"position:absolute; z-index:-1;top: 50%;text-align: center;display: block;left: 50%;transform: translate(-50%,-50%);\">Travelers' Map is loading...<br>If you see this after your page is loaded completely, leafletJS files are missing.<\/div><\/div>\n<p>Leggi anche la presentazione generale di <a href=\"https:\/\/www.latoscane.net\/it\/cortona\/\" class=\"su-button su-button-style-default buttonintext\" style=\"color:#FFFFFF;background-color:#ec6455;border-color:#bd5044;border-radius:5px\" target=\"_self\" title=\"Cortona in Toscana\"><span style=\"color:#FFFFFF;padding:6px 16px;font-size:13px;line-height:20px;border-color:#f29388;border-radius:5px;text-shadow:none\"><i class=\"sui sui-hand-o-up\" style=\"font-size:13px;color:#FFFFFF\"><\/i> Cortona<\/span><\/a>\n\n\n<figure class=\"wp-block-gallery has-nested-images columns-default is-cropped wp-block-gallery-2 is-layout-flex wp-block-gallery-is-layout-flex\">\n<figure class=\"wp-block-image size-medium\"><a href=\"https:\/\/www.latoscane.net\/wp-content\/uploads\/2017\/02\/centro-storico-cortona-4335-200x300.jpg\"><img loading=\"lazy\" decoding=\"async\" width=\"200\" height=\"300\" data-id=\"6666\" src=\"https:\/\/www.latoscane.net\/wp-content\/uploads\/2017\/02\/centro-storico-cortona-4335-200x300.jpg\" alt=\"Photo des rues du centre historique de Cortone\" class=\"wp-image-6666\" srcset=\"https:\/\/www.latoscane.net\/wp-content\/uploads\/2017\/02\/centro-storico-cortona-4335-200x300.jpg 200w, https:\/\/www.latoscane.net\/wp-content\/uploads\/2017\/02\/centro-storico-cortona-4335-683x1024.jpg 683w, https:\/\/www.latoscane.net\/wp-content\/uploads\/2017\/02\/centro-storico-cortona-4335-768x1152.jpg 768w, https:\/\/www.latoscane.net\/wp-content\/uploads\/2017\/02\/centro-storico-cortona-4335.jpg 800w\" sizes=\"(max-width: 200px) 100vw, 200px\" \/><\/a><\/figure>\n\n\n\n<figure class=\"wp-block-image size-medium\"><a href=\"https:\/\/www.latoscane.net\/wp-content\/uploads\/2017\/02\/vicoli-cortona-4456-200x300.jpg\"><img loading=\"lazy\" decoding=\"async\" width=\"200\" height=\"300\" data-id=\"6669\" src=\"https:\/\/www.latoscane.net\/wp-content\/uploads\/2017\/02\/vicoli-cortona-4456-200x300.jpg\" alt=\"Photo des rues du centre historique de Cortone\" class=\"wp-image-6669\" srcset=\"https:\/\/www.latoscane.net\/wp-content\/uploads\/2017\/02\/vicoli-cortona-4456-200x300.jpg 200w, https:\/\/www.latoscane.net\/wp-content\/uploads\/2017\/02\/vicoli-cortona-4456-683x1024.jpg 683w, https:\/\/www.latoscane.net\/wp-content\/uploads\/2017\/02\/vicoli-cortona-4456-768x1152.jpg 768w, https:\/\/www.latoscane.net\/wp-content\/uploads\/2017\/02\/vicoli-cortona-4456.jpg 800w\" sizes=\"(max-width: 200px) 100vw, 200px\" \/><\/a><\/figure>\n\n\n\n<figure class=\"wp-block-image size-medium\"><a href=\"https:\/\/www.latoscane.net\/wp-content\/uploads\/2017\/02\/vicoli-strade-centro-cortona-4445-200x300.jpg\"><img loading=\"lazy\" decoding=\"async\" width=\"200\" height=\"300\" data-id=\"6672\" src=\"https:\/\/www.latoscane.net\/wp-content\/uploads\/2017\/02\/vicoli-strade-centro-cortona-4445-200x300.jpg\" alt=\"Photo des rues du centre historique de Cortone\" class=\"wp-image-6672\" srcset=\"https:\/\/www.latoscane.net\/wp-content\/uploads\/2017\/02\/vicoli-strade-centro-cortona-4445-200x300.jpg 200w, https:\/\/www.latoscane.net\/wp-content\/uploads\/2017\/02\/vicoli-strade-centro-cortona-4445-683x1024.jpg 683w, https:\/\/www.latoscane.net\/wp-content\/uploads\/2017\/02\/vicoli-strade-centro-cortona-4445-768x1152.jpg 768w, https:\/\/www.latoscane.net\/wp-content\/uploads\/2017\/02\/vicoli-strade-centro-cortona-4445.jpg 800w\" sizes=\"(max-width: 200px) 100vw, 200px\" \/><\/a><\/figure>\n<\/figure>\n\n\n<h2>Piazza della Repubblica di Cortona<\/h2>\n<p>Dalla Porta Santa Maria, la via Roma sale fino a questa piazza centrale passando sotto l&#8217;arco che attraversa il Municipio, all&#8217;incrocio dei principali assi romani del decumano e del cardo. Questa <strong>Piazza della Repubblica<\/strong> \u00e8 il cuore della citt\u00e0, al posto dell&#8217;antico Foro Romano, tutta circondata da edifici medievali e palazzi eleganti, tra cui il Palazzo Comunale che risale al XII secolo e il Palazzo del Capitano del Popolo (o Palazzo Passerini). Bar e ristoranti con terrazze permettono di rilassarsi qui.<br \/>Al centro del Municipio si erge la torre con l&#8217;orologio aggiunta nel XVI secolo, epoca in cui il palazzo fu ampliato. La sua bella Sala del Consiglio risale al XVI secolo, preceduta da un&#8217;imponente scala di accesso.<br \/>Il Palazzo del Capitano del Popolo risalente al XIII secolo che domina la piazza fu residenza del cardinale Passerini nel XVI secolo, regnante per conto dei Medici di Firenze. Ora \u00e8 privato.<br \/>Sulla contigua Piazza Signorelli, dall&#8217;altra parte del Palazzo del Capitano del Popolo, si trova il cinquecentesco Palazzo Casali e a sinistra il ottocentesco Teatro Signorelli in stile neoclassico con la sua graziosa loggia.<\/p>\n\n\n<figure class=\"wp-block-gallery has-nested-images columns-default is-cropped wp-block-gallery-3 is-layout-flex wp-block-gallery-is-layout-flex\">\n<figure class=\"wp-block-image size-medium\"><a href=\"https:\/\/www.latoscane.net\/wp-content\/uploads\/2017\/02\/palazzo-comunale-piazza-della-repubblica-cortona-4431-300x200.jpg\"><img loading=\"lazy\" decoding=\"async\" width=\"300\" height=\"200\" data-id=\"6599\" src=\"https:\/\/www.latoscane.net\/wp-content\/uploads\/2017\/02\/palazzo-comunale-piazza-della-repubblica-cortona-4431-300x200.jpg\" alt=\"Foto del Palazzo del Comune, Piazza della Repubblica, Cortona\" class=\"wp-image-6599\" srcset=\"https:\/\/www.latoscane.net\/wp-content\/uploads\/2017\/02\/palazzo-comunale-piazza-della-repubblica-cortona-4431-300x200.jpg 300w, https:\/\/www.latoscane.net\/wp-content\/uploads\/2017\/02\/palazzo-comunale-piazza-della-repubblica-cortona-4431-1024x683.jpg 1024w, https:\/\/www.latoscane.net\/wp-content\/uploads\/2017\/02\/palazzo-comunale-piazza-della-repubblica-cortona-4431-768x512.jpg 768w, https:\/\/www.latoscane.net\/wp-content\/uploads\/2017\/02\/palazzo-comunale-piazza-della-repubblica-cortona-4431.jpg 1200w\" sizes=\"(max-width: 300px) 100vw, 300px\" \/><\/a><figcaption class=\"wp-element-caption\">Palazzo del Comune, Piazza della Repubblica<\/figcaption><\/figure>\n\n\n\n<figure class=\"wp-block-image size-medium\"><a href=\"https:\/\/www.latoscane.net\/wp-content\/uploads\/2017\/02\/piazza-della-repubblica-cortona-4501-300x200.jpg\"><img loading=\"lazy\" decoding=\"async\" width=\"300\" height=\"200\" data-id=\"6602\" src=\"https:\/\/www.latoscane.net\/wp-content\/uploads\/2017\/02\/piazza-della-repubblica-cortona-4501-300x200.jpg\" alt=\"Foto della Piazza della Repubblica, Cortona\" class=\"wp-image-6602\" srcset=\"https:\/\/www.latoscane.net\/wp-content\/uploads\/2017\/02\/piazza-della-repubblica-cortona-4501-300x200.jpg 300w, https:\/\/www.latoscane.net\/wp-content\/uploads\/2017\/02\/piazza-della-repubblica-cortona-4501-1024x683.jpg 1024w, https:\/\/www.latoscane.net\/wp-content\/uploads\/2017\/02\/piazza-della-repubblica-cortona-4501-768x512.jpg 768w, https:\/\/www.latoscane.net\/wp-content\/uploads\/2017\/02\/piazza-della-repubblica-cortona-4501.jpg 1200w\" sizes=\"(max-width: 300px) 100vw, 300px\" \/><\/a><figcaption class=\"wp-element-caption\">Piazza della Repubblica<\/figcaption><\/figure>\n\n\n\n<figure class=\"wp-block-image size-medium\"><a href=\"https:\/\/www.latoscane.net\/wp-content\/uploads\/2017\/02\/torre-dell-orologio-cortona-4504-200x300.jpg\"><img loading=\"lazy\" decoding=\"async\" width=\"200\" height=\"300\" data-id=\"6605\" src=\"https:\/\/www.latoscane.net\/wp-content\/uploads\/2017\/02\/torre-dell-orologio-cortona-4504-200x300.jpg\" alt=\"Palazzo del Comune, Cortona\" class=\"wp-image-6605\" srcset=\"https:\/\/www.latoscane.net\/wp-content\/uploads\/2017\/02\/torre-dell-orologio-cortona-4504-200x300.jpg 200w, https:\/\/www.latoscane.net\/wp-content\/uploads\/2017\/02\/torre-dell-orologio-cortona-4504-683x1024.jpg 683w, https:\/\/www.latoscane.net\/wp-content\/uploads\/2017\/02\/torre-dell-orologio-cortona-4504-768x1152.jpg 768w, https:\/\/www.latoscane.net\/wp-content\/uploads\/2017\/02\/torre-dell-orologio-cortona-4504.jpg 800w\" sizes=\"(max-width: 200px) 100vw, 200px\" \/><\/a><figcaption class=\"wp-element-caption\">Palazzo del Comune, Piazza della Repubblica<\/figcaption><\/figure>\n<\/figure>\n\n\n<h2>MAEC \u2013 Museo dell&#8217;Accademia etrusca e della citt\u00e0<\/h2>\n<p>L&#8217;interessante museo <strong>MAEC<\/strong> \u00e8 il principale museo di Cortona, dedicato all&#8217;arte etrusca, ospitato nei sotterranei di un palazzo del XIII secolo ristrutturato nel XVII secolo, adiacente alla piazza principale. Oltre ad una sezione importante dedicata agli etruschi, fornita in parte con il materiale delle necropoli di Cortona, sono documentati anche i tempi romani, e persino una sezione sull&#8217;antico Egitto con due mummie.<br \/>In particolare, la Tabula Cortonensis, una targa di bronzo risalente al II secolo a.C. che riporta la vendita di un terreno agricolo. I manufatti etruschi comprendono statue, oggetti funerari, oggetti in bronzo, vasi, tra cui un notevole lampadario in bronzo del V a.C. Il Tempio di San Giovanni \u00e8 stato costruito nel XIII secolo.<\/p>\n\n\n<figure class=\"wp-block-gallery has-nested-images columns-default is-cropped wp-block-gallery-4 is-layout-flex wp-block-gallery-is-layout-flex\">\n<figure class=\"wp-block-image size-medium\"><a href=\"https:\/\/www.latoscane.net\/wp-content\/uploads\/2017\/02\/tumulo-del-sodo-cortona-4353-200x300.jpg\"><img loading=\"lazy\" decoding=\"async\" width=\"200\" height=\"300\" data-id=\"6623\" src=\"https:\/\/www.latoscane.net\/wp-content\/uploads\/2017\/02\/tumulo-del-sodo-cortona-4353-200x300.jpg\" alt=\"\" class=\"wp-image-6623\" srcset=\"https:\/\/www.latoscane.net\/wp-content\/uploads\/2017\/02\/tumulo-del-sodo-cortona-4353-200x300.jpg 200w, https:\/\/www.latoscane.net\/wp-content\/uploads\/2017\/02\/tumulo-del-sodo-cortona-4353-683x1024.jpg 683w, https:\/\/www.latoscane.net\/wp-content\/uploads\/2017\/02\/tumulo-del-sodo-cortona-4353-768x1152.jpg 768w, https:\/\/www.latoscane.net\/wp-content\/uploads\/2017\/02\/tumulo-del-sodo-cortona-4353.jpg 800w\" sizes=\"(max-width: 200px) 100vw, 200px\" \/><\/a><figcaption class=\"wp-element-caption\">Tumulo della tomba di Sodo<\/figcaption><\/figure>\n\n\n\n<figure class=\"wp-block-image size-medium\"><a href=\"https:\/\/www.latoscane.net\/wp-content\/uploads\/2017\/02\/tabula-cortonensis-cortona-4388-200x300.jpg\"><img loading=\"lazy\" decoding=\"async\" width=\"200\" height=\"300\" data-id=\"6620\" src=\"https:\/\/www.latoscane.net\/wp-content\/uploads\/2017\/02\/tabula-cortonensis-cortona-4388-200x300.jpg\" alt=\"\" class=\"wp-image-6620\" srcset=\"https:\/\/www.latoscane.net\/wp-content\/uploads\/2017\/02\/tabula-cortonensis-cortona-4388-200x300.jpg 200w, https:\/\/www.latoscane.net\/wp-content\/uploads\/2017\/02\/tabula-cortonensis-cortona-4388-683x1024.jpg 683w, https:\/\/www.latoscane.net\/wp-content\/uploads\/2017\/02\/tabula-cortonensis-cortona-4388-768x1152.jpg 768w, https:\/\/www.latoscane.net\/wp-content\/uploads\/2017\/02\/tabula-cortonensis-cortona-4388.jpg 800w\" sizes=\"(max-width: 200px) 100vw, 200px\" \/><\/a><figcaption class=\"wp-element-caption\">Tabula cortonensis<\/figcaption><\/figure>\n\n\n\n<figure class=\"wp-block-image size-medium\"><a href=\"https:\/\/www.latoscane.net\/wp-content\/uploads\/2017\/02\/sezione-egiziana-museo-dell-accademia-etrusca-cortona-4420-300x200.jpg\"><img loading=\"lazy\" decoding=\"async\" width=\"300\" height=\"200\" data-id=\"6617\" src=\"https:\/\/www.latoscane.net\/wp-content\/uploads\/2017\/02\/sezione-egiziana-museo-dell-accademia-etrusca-cortona-4420-300x200.jpg\" alt=\"\" class=\"wp-image-6617\" srcset=\"https:\/\/www.latoscane.net\/wp-content\/uploads\/2017\/02\/sezione-egiziana-museo-dell-accademia-etrusca-cortona-4420-300x200.jpg 300w, https:\/\/www.latoscane.net\/wp-content\/uploads\/2017\/02\/sezione-egiziana-museo-dell-accademia-etrusca-cortona-4420-1024x683.jpg 1024w, https:\/\/www.latoscane.net\/wp-content\/uploads\/2017\/02\/sezione-egiziana-museo-dell-accademia-etrusca-cortona-4420-768x512.jpg 768w, https:\/\/www.latoscane.net\/wp-content\/uploads\/2017\/02\/sezione-egiziana-museo-dell-accademia-etrusca-cortona-4420.jpg 1200w\" sizes=\"(max-width: 300px) 100vw, 300px\" \/><\/a><figcaption class=\"wp-element-caption\">Seizone egiziana<\/figcaption><\/figure>\n<\/figure>\n\n\n<h2>Convento San Francesco di Cortona<\/h2>\n<p>Salendo le vie del paese il <strong>Convento di San Francesco<\/strong> \u00e8 un luogo di quiete con bei dipinti e affreschi antichi. La sua chiesa \u00e8 una delle pi\u00f9 interessanti della citt\u00e0, risalente al XIII secolo, in stile gotico italiano, conservando il dipinto dell&#8217;<em>Annunciazione<\/em> di Pietro da Cortona del XVII secolo, una reliquia della Santa Croce, cos\u00ec come le reliquie di San Francesco d&#8217;Assisi nel convento, tra cui una bure e un cuscino.<\/p>\n<h2>Duomo di Cortona<\/h2>\n<p>Il duomo di Cortona, la <strong>Concattedrale di Santa Maria Assunta<\/strong>, costruita sui resti di un antico tempio, \u00e8 in stile romanico e risale al XI secolo, terminata solo nel XV. Sul lato della sobria facciata romanica, una loggia fu edificata nel XVI secolo.<br \/>L&#8217;interno \u00e8 caratterizzato dal Rinascimento, con una navata incorniciata da splendide colonne con capitelli, belle opere tra cui il monumento funerario di Giovanni Battista Tommasi, ultimo Gran Maestro dell&#8217;Ordine di Malta, l&#8217;<em>Adorazione dei Pastori<\/em> di Pietro da Cortona, o la <em>Discesa dello Spirito Santo<\/em> realizzata da Tommaso Bernabei.<\/p>\n\n\n<figure class=\"wp-block-gallery has-nested-images columns-4 is-cropped wp-block-gallery-5 is-layout-flex wp-block-gallery-is-layout-flex\">\n<figure class=\"wp-block-image size-medium\"><a href=\"https:\/\/www.latoscane.net\/wp-content\/uploads\/2017\/02\/cattedrale-cortona-4343-300x200.jpg\"><img loading=\"lazy\" decoding=\"async\" width=\"300\" height=\"200\" data-id=\"6629\" src=\"https:\/\/www.latoscane.net\/wp-content\/uploads\/2017\/02\/cattedrale-cortona-4343-300x200.jpg\" alt=\"Foto del duomo di Cortona\" class=\"wp-image-6629\" srcset=\"https:\/\/www.latoscane.net\/wp-content\/uploads\/2017\/02\/cattedrale-cortona-4343-300x200.jpg 300w, https:\/\/www.latoscane.net\/wp-content\/uploads\/2017\/02\/cattedrale-cortona-4343-1024x683.jpg 1024w, https:\/\/www.latoscane.net\/wp-content\/uploads\/2017\/02\/cattedrale-cortona-4343-768x512.jpg 768w, https:\/\/www.latoscane.net\/wp-content\/uploads\/2017\/02\/cattedrale-cortona-4343.jpg 1200w\" sizes=\"(max-width: 300px) 100vw, 300px\" \/><\/a><figcaption class=\"wp-element-caption\">Duomo di Cortona<\/figcaption><\/figure>\n\n\n\n<figure class=\"wp-block-image size-medium\"><a href=\"https:\/\/www.latoscane.net\/wp-content\/uploads\/2017\/02\/cathedrale-cortone-4347-300x200.jpg\"><img loading=\"lazy\" decoding=\"async\" width=\"300\" height=\"200\" data-id=\"6626\" src=\"https:\/\/www.latoscane.net\/wp-content\/uploads\/2017\/02\/cathedrale-cortone-4347-300x200.jpg\" alt=\"Foto del interno del duomo di Cortona\" class=\"wp-image-6626\" srcset=\"https:\/\/www.latoscane.net\/wp-content\/uploads\/2017\/02\/cathedrale-cortone-4347-300x200.jpg 300w, https:\/\/www.latoscane.net\/wp-content\/uploads\/2017\/02\/cathedrale-cortone-4347-1024x683.jpg 1024w, https:\/\/www.latoscane.net\/wp-content\/uploads\/2017\/02\/cathedrale-cortone-4347-768x512.jpg 768w, https:\/\/www.latoscane.net\/wp-content\/uploads\/2017\/02\/cathedrale-cortone-4347.jpg 1200w\" sizes=\"(max-width: 300px) 100vw, 300px\" \/><\/a><figcaption class=\"wp-element-caption\">Duomo di Cortona<\/figcaption><\/figure>\n\n\n\n<figure class=\"wp-block-image size-medium\"><a href=\"https:\/\/www.latoscane.net\/wp-content\/uploads\/2017\/02\/chiesa-di-san-francesco-cortona-4436-200x300.jpg\"><img loading=\"lazy\" decoding=\"async\" width=\"200\" height=\"300\" data-id=\"6632\" src=\"https:\/\/www.latoscane.net\/wp-content\/uploads\/2017\/02\/chiesa-di-san-francesco-cortona-4436-200x300.jpg\" alt=\"Foto della chiesa di San Francesco a Cortona\" class=\"wp-image-6632\" srcset=\"https:\/\/www.latoscane.net\/wp-content\/uploads\/2017\/02\/chiesa-di-san-francesco-cortona-4436-200x300.jpg 200w, https:\/\/www.latoscane.net\/wp-content\/uploads\/2017\/02\/chiesa-di-san-francesco-cortona-4436-683x1024.jpg 683w, https:\/\/www.latoscane.net\/wp-content\/uploads\/2017\/02\/chiesa-di-san-francesco-cortona-4436-768x1152.jpg 768w, https:\/\/www.latoscane.net\/wp-content\/uploads\/2017\/02\/chiesa-di-san-francesco-cortona-4436.jpg 800w\" sizes=\"(max-width: 200px) 100vw, 200px\" \/><\/a><figcaption class=\"wp-element-caption\">Convento di San Francesco<\/figcaption><\/figure>\n\n\n\n<figure class=\"wp-block-image size-medium\"><a href=\"https:\/\/www.latoscane.net\/wp-content\/uploads\/2017\/02\/chiesa-di-san-francesco-cortona-4444-300x200.jpg\"><img loading=\"lazy\" decoding=\"async\" width=\"300\" height=\"200\" data-id=\"6635\" src=\"https:\/\/www.latoscane.net\/wp-content\/uploads\/2017\/02\/chiesa-di-san-francesco-cortona-4444-300x200.jpg\" alt=\"Convento di San Francesco a Cortona\" class=\"wp-image-6635\" srcset=\"https:\/\/www.latoscane.net\/wp-content\/uploads\/2017\/02\/chiesa-di-san-francesco-cortona-4444-300x200.jpg 300w, https:\/\/www.latoscane.net\/wp-content\/uploads\/2017\/02\/chiesa-di-san-francesco-cortona-4444-1024x683.jpg 1024w, https:\/\/www.latoscane.net\/wp-content\/uploads\/2017\/02\/chiesa-di-san-francesco-cortona-4444-768x512.jpg 768w, https:\/\/www.latoscane.net\/wp-content\/uploads\/2017\/02\/chiesa-di-san-francesco-cortona-4444.jpg 1200w\" sizes=\"(max-width: 300px) 100vw, 300px\" \/><\/a><figcaption class=\"wp-element-caption\">Convento di San Francesco<\/figcaption><\/figure>\n<\/figure>\n\n\n<h2>Santuario di Santa Margherita di Cortona<\/h2>\n<p>Sulle alture di Cortona e appena sotto la fortezza, la chiesa di questo santuario \u00e8 la pi\u00f9 grande della citt\u00e0, dedicata a <strong>Santa Margherita<\/strong>, patrona francescana della citt\u00e0. Dopo la sua morte nel 1297 fu costruita una prima chiesa in suo onore vicino ad una vecchia chiesa dedicata a San Basilio. Di questa epoca rimane poco, oltre agli elementi di affreschi del XIV secolo che sono conservati nel museo diocesano.<br \/>La struttura attuale risale alla ricostruzione del XIX secolo. Ha una facciata impressionante con la sua grande rosa che proviene dall&#8217;edificio del XIV secolo e tre portali. Conserva nel suo ampio interno con soffitti blu e colori vivaci rosso e giallo, il monumento funerario in marmo di Santa Margherita, statue di santi, ecc.<\/p>\n<h2>Fortezza Girifalco<\/h2>\n<p>Al punto pi\u00f9 alto di Cortona a 650 metri d&#8217;altitudine, sopra il santuario di Santa Margherita, l&#8217;origine della <strong>Fortezza Girifalco<\/strong> \u00e8 molto antica. Vi era gi\u00e0 una zona sacra e difensiva sotto gli etruschi nel VI secolo prima di Cristo, e sotto i romani.<br \/>Racconti del XIII secolo parlano di un magnifico castello. Fu ricostruita nel XVI secolo sotto i Medici, collegando questa fortezza alle mura che proteggevano la citt\u00e0. Questo edificio rinascimentale ha una base a forma di trapezio adattato alla forma del terreno. Propriet\u00e0 della citt\u00e0 dal XVIII secolo, \u00e8 stata utilizzata come prigione e oggi ospita anche eventi e manifestazioni, tra cui il festival internazionale di fotografia in estate.<\/p>\n\n\n<figure class=\"wp-block-gallery has-nested-images columns-default is-cropped wp-block-gallery-6 is-layout-flex wp-block-gallery-is-layout-flex\">\n<figure class=\"wp-block-image size-medium\"><a href=\"https:\/\/www.latoscane.net\/wp-content\/uploads\/2017\/02\/santuario-di-santa-margherita-cortona-4475-300x200.jpg\"><img loading=\"lazy\" decoding=\"async\" width=\"300\" height=\"200\" data-id=\"6641\" src=\"https:\/\/www.latoscane.net\/wp-content\/uploads\/2017\/02\/santuario-di-santa-margherita-cortona-4475-300x200.jpg\" alt=\"Foto della facciata del duomo di Cortona\" class=\"wp-image-6641\" srcset=\"https:\/\/www.latoscane.net\/wp-content\/uploads\/2017\/02\/santuario-di-santa-margherita-cortona-4475-300x200.jpg 300w, https:\/\/www.latoscane.net\/wp-content\/uploads\/2017\/02\/santuario-di-santa-margherita-cortona-4475-1024x683.jpg 1024w, https:\/\/www.latoscane.net\/wp-content\/uploads\/2017\/02\/santuario-di-santa-margherita-cortona-4475-768x512.jpg 768w, https:\/\/www.latoscane.net\/wp-content\/uploads\/2017\/02\/santuario-di-santa-margherita-cortona-4475.jpg 1200w\" sizes=\"(max-width: 300px) 100vw, 300px\" \/><\/a><figcaption class=\"wp-element-caption\">Santuario di Santa Margherita<\/figcaption><\/figure>\n\n\n\n<figure class=\"wp-block-image size-medium\"><a href=\"https:\/\/www.latoscane.net\/wp-content\/uploads\/2017\/02\/interieur-sanctuaire-de-sainte-margherite-cortone-4481-300x200.jpg\"><img loading=\"lazy\" decoding=\"async\" width=\"300\" height=\"200\" data-id=\"6638\" src=\"https:\/\/www.latoscane.net\/wp-content\/uploads\/2017\/02\/interieur-sanctuaire-de-sainte-margherite-cortone-4481-300x200.jpg\" alt=\"Foto del interno del duomo di Cortona\" class=\"wp-image-6638\" srcset=\"https:\/\/www.latoscane.net\/wp-content\/uploads\/2017\/02\/interieur-sanctuaire-de-sainte-margherite-cortone-4481-300x200.jpg 300w, https:\/\/www.latoscane.net\/wp-content\/uploads\/2017\/02\/interieur-sanctuaire-de-sainte-margherite-cortone-4481-1024x683.jpg 1024w, https:\/\/www.latoscane.net\/wp-content\/uploads\/2017\/02\/interieur-sanctuaire-de-sainte-margherite-cortone-4481-768x512.jpg 768w, https:\/\/www.latoscane.net\/wp-content\/uploads\/2017\/02\/interieur-sanctuaire-de-sainte-margherite-cortone-4481.jpg 1200w\" sizes=\"(max-width: 300px) 100vw, 300px\" \/><\/a><figcaption class=\"wp-element-caption\">Santuario di Santa Margherita<\/figcaption><\/figure>\n\n\n\n<figure class=\"wp-block-image size-medium\"><a href=\"https:\/\/www.latoscane.net\/wp-content\/uploads\/2017\/02\/fortezza-del-girifalco-cortona-4484-300x200.jpg\"><img loading=\"lazy\" decoding=\"async\" width=\"300\" height=\"200\" data-id=\"6690\" src=\"https:\/\/www.latoscane.net\/wp-content\/uploads\/2017\/02\/fortezza-del-girifalco-cortona-4484-300x200.jpg\" alt=\"Foto della Fortezza di Girifalco a Cortona\" class=\"wp-image-6690\" srcset=\"https:\/\/www.latoscane.net\/wp-content\/uploads\/2017\/02\/fortezza-del-girifalco-cortona-4484-300x200.jpg 300w, https:\/\/www.latoscane.net\/wp-content\/uploads\/2017\/02\/fortezza-del-girifalco-cortona-4484-1024x683.jpg 1024w, https:\/\/www.latoscane.net\/wp-content\/uploads\/2017\/02\/fortezza-del-girifalco-cortona-4484-768x512.jpg 768w, https:\/\/www.latoscane.net\/wp-content\/uploads\/2017\/02\/fortezza-del-girifalco-cortona-4484.jpg 1200w\" sizes=\"(max-width: 300px) 100vw, 300px\" \/><\/a><figcaption class=\"wp-element-caption\">Fortezza di Girifalco<\/figcaption><\/figure>\n<\/figure>\n\n\n<h2>Chiesa della Madonna del Calcinaio<\/h2>\n<p><strong>Santa Maria delle Grazie al Calcinaio<\/strong> \u00e8 una chiesa situata fuori dalle mura di Cortona. Fu fondata dalla corporazione dei calzolai, dopo le guarigioni miracolose attribuite ad un&#8217;icona della vergine al bambino che decorava una vasca per conciare la pelle dal Venerd\u00ec Santo del 1484. Quest&#8217;ultima orna oggi l&#8217;altare maggiore.<br \/>Progettato da Francesco di Giorgio Martini, l&#8217;edificio ha le forme del Rinascimento, con le prospettive, linee geometriche degli interni e la cupola.<\/p>\n<h2>Museo diocesano di Cortona<\/h2>\n<p>Nella piazza del Duomo, l&#8217;antica chiesa del Ges\u00f9 ospita il <strong>museo diocesano<\/strong> che raccoglie oggetti, mobili, oreficeria e opere d&#8217;arte provenienti dalle chiese della diocesi.<br \/>Conserva una bella pinacoteca con opere importanti, di maestri come Pietro Lorenzetti, Beato Angelico con la sua <em>Annunciazione<\/em>, Bartolomeo della Gatta, Luca Signorelli o Sassetta.<br \/>Il percorso inizia con un bellissimo sarcofago romano, scolpito con una rappresentazione della lotta tra Dioniso e le Amazzoni, del II secolo d.C., rinvenuto qui vicino.<\/p>\n\n\n<figure class=\"wp-block-gallery has-nested-images columns-default is-cropped wp-block-gallery-7 is-layout-flex wp-block-gallery-is-layout-flex\">\n<figure class=\"wp-block-image size-medium\"><a href=\"https:\/\/www.latoscane.net\/wp-content\/uploads\/2017\/02\/santa-maria-delle-grazie-al-calcinaio-cortona-4561-300x200.jpg\"><img loading=\"lazy\" decoding=\"async\" width=\"300\" height=\"200\" data-id=\"6681\" src=\"https:\/\/www.latoscane.net\/wp-content\/uploads\/2017\/02\/santa-maria-delle-grazie-al-calcinaio-cortona-4561-300x200.jpg\" alt=\"Foto di Santa Maria della Grazie al Calcinaio di Cortona\" class=\"wp-image-6681\" srcset=\"https:\/\/www.latoscane.net\/wp-content\/uploads\/2017\/02\/santa-maria-delle-grazie-al-calcinaio-cortona-4561-300x200.jpg 300w, https:\/\/www.latoscane.net\/wp-content\/uploads\/2017\/02\/santa-maria-delle-grazie-al-calcinaio-cortona-4561-1024x683.jpg 1024w, https:\/\/www.latoscane.net\/wp-content\/uploads\/2017\/02\/santa-maria-delle-grazie-al-calcinaio-cortona-4561-768x512.jpg 768w, https:\/\/www.latoscane.net\/wp-content\/uploads\/2017\/02\/santa-maria-delle-grazie-al-calcinaio-cortona-4561.jpg 1200w\" sizes=\"(max-width: 300px) 100vw, 300px\" \/><\/a><figcaption class=\"wp-element-caption\">Madonna del Calcinaio<\/figcaption><\/figure>\n\n\n\n<figure class=\"wp-block-image size-medium\"><a href=\"https:\/\/www.latoscane.net\/wp-content\/uploads\/2017\/02\/santa-maria-delle-grazie-al-calcinaio-cortona-4564-300x200.jpg\"><img loading=\"lazy\" decoding=\"async\" width=\"300\" height=\"200\" data-id=\"6684\" src=\"https:\/\/www.latoscane.net\/wp-content\/uploads\/2017\/02\/santa-maria-delle-grazie-al-calcinaio-cortona-4564-300x200.jpg\" alt=\"Foto della Madona de Santa Maria della Grazie al Calcinaio di Cortona\" class=\"wp-image-6684\" srcset=\"https:\/\/www.latoscane.net\/wp-content\/uploads\/2017\/02\/santa-maria-delle-grazie-al-calcinaio-cortona-4564-300x200.jpg 300w, https:\/\/www.latoscane.net\/wp-content\/uploads\/2017\/02\/santa-maria-delle-grazie-al-calcinaio-cortona-4564-1024x683.jpg 1024w, https:\/\/www.latoscane.net\/wp-content\/uploads\/2017\/02\/santa-maria-delle-grazie-al-calcinaio-cortona-4564-768x512.jpg 768w, https:\/\/www.latoscane.net\/wp-content\/uploads\/2017\/02\/santa-maria-delle-grazie-al-calcinaio-cortona-4564.jpg 1200w\" sizes=\"(max-width: 300px) 100vw, 300px\" \/><\/a><figcaption class=\"wp-element-caption\">Madonna del Calcinaio<\/figcaption><\/figure>\n<\/figure>\n\n\n<h2>Piazza Luca Signorelli<\/h2>\n<p>Adiacente a piazza della Repubblica, in <strong>piazza Luca Signorelli<\/strong> si trova anche l&#8217;omonimo teatro, il Teatro Signorelli. \u00c8 in stile neoclassico con i suoi portici, costruito a met\u00e0 del XIX secolo.<br \/>Si trova dietro il Palazzo del Capitano del popolo e dei palazzi storici, tra cui l&#8217;ingresso del museo MAEC.<\/p>\n<h2>Eremo francescano Le Celle<\/h2>\n<p>L&#8217;<strong>eremo Le Celle<\/strong> \u00e8 uno dei pi\u00f9 antichi santuari fondati da Francesco d&#8217;Assisi, situato a oltre 3 km dalla citt\u00e0. \u00c8 un luogo di grande tranquillit\u00e0, ideale per il raccoglimento, dove l&#8217;acqua scorre ai piedi di queste rocce attraverso una fessura nella montagna, le parti del santuario sono scavate nella roccia.<br \/>Francesco predic\u00f2 a Cortona nel 1211 ritirandosi in questo luogo offerto da un nobile della citt\u00e0, Guido Vagnottelli, pi\u00f9 tardi compagno di Francesco. Qui avrebbe scritto il suo testamento spirituale.<br \/>Dal 1537 accoglie i Frati Cappuccini che restaurarono il sito allora abbandonato.<\/p>\n\n\n<figure class=\"wp-block-gallery has-nested-images columns-default is-cropped wp-block-gallery-8 is-layout-flex wp-block-gallery-is-layout-flex\">\n<figure class=\"wp-block-image size-medium\"><a href=\"https:\/\/www.latoscane.net\/wp-content\/uploads\/2017\/02\/eremo-francescano-le-celle-cortona-4543-300x200.jpg\"><img loading=\"lazy\" decoding=\"async\" width=\"300\" height=\"200\" data-id=\"6644\" src=\"https:\/\/www.latoscane.net\/wp-content\/uploads\/2017\/02\/eremo-francescano-le-celle-cortona-4543-300x200.jpg\" alt=\"Foto dell'eremo Le Celle a Cortona\" class=\"wp-image-6644\" srcset=\"https:\/\/www.latoscane.net\/wp-content\/uploads\/2017\/02\/eremo-francescano-le-celle-cortona-4543-300x200.jpg 300w, https:\/\/www.latoscane.net\/wp-content\/uploads\/2017\/02\/eremo-francescano-le-celle-cortona-4543-1024x683.jpg 1024w, https:\/\/www.latoscane.net\/wp-content\/uploads\/2017\/02\/eremo-francescano-le-celle-cortona-4543-768x512.jpg 768w, https:\/\/www.latoscane.net\/wp-content\/uploads\/2017\/02\/eremo-francescano-le-celle-cortona-4543.jpg 1200w\" sizes=\"(max-width: 300px) 100vw, 300px\" \/><\/a><figcaption class=\"wp-element-caption\">Eremo Le Celle<\/figcaption><\/figure>\n\n\n\n<figure class=\"wp-block-image size-medium\"><a href=\"https:\/\/www.latoscane.net\/wp-content\/uploads\/2017\/02\/eremo-francescano-le-celle-cortona-4549-300x200.jpg\"><img loading=\"lazy\" decoding=\"async\" width=\"300\" height=\"200\" data-id=\"6647\" src=\"https:\/\/www.latoscane.net\/wp-content\/uploads\/2017\/02\/eremo-francescano-le-celle-cortona-4549-300x200.jpg\" alt=\"Foto dell'eremo Le Celle a Cortona\" class=\"wp-image-6647\" srcset=\"https:\/\/www.latoscane.net\/wp-content\/uploads\/2017\/02\/eremo-francescano-le-celle-cortona-4549-300x200.jpg 300w, https:\/\/www.latoscane.net\/wp-content\/uploads\/2017\/02\/eremo-francescano-le-celle-cortona-4549-1024x683.jpg 1024w, https:\/\/www.latoscane.net\/wp-content\/uploads\/2017\/02\/eremo-francescano-le-celle-cortona-4549-768x512.jpg 768w, https:\/\/www.latoscane.net\/wp-content\/uploads\/2017\/02\/eremo-francescano-le-celle-cortona-4549.jpg 1200w\" sizes=\"(max-width: 300px) 100vw, 300px\" \/><\/a><figcaption class=\"wp-element-caption\">Eremo Le Celle<\/figcaption><\/figure>\n\n\n\n<figure class=\"wp-block-image size-medium\"><a href=\"https:\/\/www.latoscane.net\/wp-content\/uploads\/2017\/02\/eremo-francescano-le-celle-cortona-4557-300x200.jpg\"><img loading=\"lazy\" decoding=\"async\" width=\"300\" height=\"200\" data-id=\"6650\" src=\"https:\/\/www.latoscane.net\/wp-content\/uploads\/2017\/02\/eremo-francescano-le-celle-cortona-4557-300x200.jpg\" alt=\"Foto dell'eremo Le Celle a Cortona\" class=\"wp-image-6650\" srcset=\"https:\/\/www.latoscane.net\/wp-content\/uploads\/2017\/02\/eremo-francescano-le-celle-cortona-4557-300x200.jpg 300w, https:\/\/www.latoscane.net\/wp-content\/uploads\/2017\/02\/eremo-francescano-le-celle-cortona-4557-1024x683.jpg 1024w, https:\/\/www.latoscane.net\/wp-content\/uploads\/2017\/02\/eremo-francescano-le-celle-cortona-4557-768x512.jpg 768w, https:\/\/www.latoscane.net\/wp-content\/uploads\/2017\/02\/eremo-francescano-le-celle-cortona-4557.jpg 1200w\" sizes=\"(max-width: 300px) 100vw, 300px\" \/><\/a><figcaption class=\"wp-element-caption\">Eremo Le Celle<\/figcaption><\/figure>\n<\/figure>\n\n\n<h2>Parco archeologico di Sodo<\/h2>\n<p>Questo piccolo parco archeologico ai piedi della citt\u00e0 di Cortona permette di osservare due tumuli etruschi (Melone I e II), il pi\u00f9 grande dei quali ha un diametro di 64 metri, e il pi\u00f9 antico risale al VII secolo a.C. circa.<br \/>Un terzo tumulo, detto di Camucia, \u00e8 a pochi chilometri dai primi due.<\/p>\n\n\n<figure class=\"wp-block-gallery has-nested-images columns-default is-cropped wp-block-gallery-9 is-layout-flex wp-block-gallery-is-layout-flex\">\n<figure class=\"wp-block-image size-medium\"><a href=\"https:\/\/www.latoscane.net\/wp-content\/uploads\/2017\/02\/parco-archeologico-del-sodo-cortona-4527-300x200.jpg\"><img loading=\"lazy\" decoding=\"async\" width=\"300\" height=\"200\" data-id=\"6659\" src=\"https:\/\/www.latoscane.net\/wp-content\/uploads\/2017\/02\/parco-archeologico-del-sodo-cortona-4527-300x200.jpg\" alt=\"Foto del Tumulo di Sodo a Cortona\" class=\"wp-image-6659\" srcset=\"https:\/\/www.latoscane.net\/wp-content\/uploads\/2017\/02\/parco-archeologico-del-sodo-cortona-4527-300x200.jpg 300w, https:\/\/www.latoscane.net\/wp-content\/uploads\/2017\/02\/parco-archeologico-del-sodo-cortona-4527-1024x683.jpg 1024w, https:\/\/www.latoscane.net\/wp-content\/uploads\/2017\/02\/parco-archeologico-del-sodo-cortona-4527-768x512.jpg 768w, https:\/\/www.latoscane.net\/wp-content\/uploads\/2017\/02\/parco-archeologico-del-sodo-cortona-4527.jpg 1200w\" sizes=\"(max-width: 300px) 100vw, 300px\" \/><\/a><figcaption class=\"wp-element-caption\">Tumulo di Sodo<\/figcaption><\/figure>\n\n\n\n<figure class=\"wp-block-image size-medium\"><a href=\"https:\/\/www.latoscane.net\/wp-content\/uploads\/2017\/02\/parc-archeologique-de-sodo-cortone-4531-200x300.jpg\"><img loading=\"lazy\" decoding=\"async\" width=\"200\" height=\"300\" data-id=\"6653\" src=\"https:\/\/www.latoscane.net\/wp-content\/uploads\/2017\/02\/parc-archeologique-de-sodo-cortone-4531-200x300.jpg\" alt=\"Foto del Tumulo di Sodo a Cortona\" class=\"wp-image-6653\" srcset=\"https:\/\/www.latoscane.net\/wp-content\/uploads\/2017\/02\/parc-archeologique-de-sodo-cortone-4531-200x300.jpg 200w, https:\/\/www.latoscane.net\/wp-content\/uploads\/2017\/02\/parc-archeologique-de-sodo-cortone-4531-683x1024.jpg 683w, https:\/\/www.latoscane.net\/wp-content\/uploads\/2017\/02\/parc-archeologique-de-sodo-cortone-4531-768x1152.jpg 768w, https:\/\/www.latoscane.net\/wp-content\/uploads\/2017\/02\/parc-archeologique-de-sodo-cortone-4531.jpg 800w\" sizes=\"(max-width: 200px) 100vw, 200px\" \/><\/a><figcaption class=\"wp-element-caption\">Tumulo di Sodo<\/figcaption><\/figure>\n\n\n\n<figure class=\"wp-block-image size-medium\"><a href=\"https:\/\/www.latoscane.net\/wp-content\/uploads\/2017\/02\/parc-archeologique-de-sodo-cortone-4536-200x300.jpg\"><img loading=\"lazy\" decoding=\"async\" width=\"200\" height=\"300\" data-id=\"6656\" src=\"https:\/\/www.latoscane.net\/wp-content\/uploads\/2017\/02\/parc-archeologique-de-sodo-cortone-4536-200x300.jpg\" alt=\"Foto del Tumulo di Sodo a Cortona\" class=\"wp-image-6656\" srcset=\"https:\/\/www.latoscane.net\/wp-content\/uploads\/2017\/02\/parc-archeologique-de-sodo-cortone-4536-200x300.jpg 200w, https:\/\/www.latoscane.net\/wp-content\/uploads\/2017\/02\/parc-archeologique-de-sodo-cortone-4536-683x1024.jpg 683w, https:\/\/www.latoscane.net\/wp-content\/uploads\/2017\/02\/parc-archeologique-de-sodo-cortone-4536-768x1152.jpg 768w, https:\/\/www.latoscane.net\/wp-content\/uploads\/2017\/02\/parc-archeologique-de-sodo-cortone-4536.jpg 800w\" sizes=\"(max-width: 200px) 100vw, 200px\" \/><\/a><figcaption class=\"wp-element-caption\">Tumulo di Sodo<\/figcaption><\/figure>\n<\/figure>\n\n\n<h2>Altre luoghi da vedere a Cortona<\/h2>\n<h3>Piazza Garibaldi<\/h3>\n<p>A sud-est della citt\u00e0, <strong>Piazza Garibaldi<\/strong> ha al centro un obelisco dedicato a Giuseppe Garibaldi, con un belvedere sulla Val di Chiana fino al Lago Trasimeno e Montepulciano.<\/p>\n<h3>Santa Maria Nuova<\/h3>\n<p>A 500 metri dalle mura di Cortona, <strong>Santa Maria Nuova<\/strong> fu costruita a met\u00e0 del XVI secolo da Giorgio Vasari. \u00c8 un bel edificio a croce greca sormontata dalla cupola principale.<br \/>All&#8217;interno, quattro potenti pilastri sostengono la cupola.<\/p>\n<h3>Chiesa di San Cristoforo<\/h3>\n<p>Sulle alture di Cortona, <strong>San Cristoforo<\/strong> \u00e8 una piccola chiesa con un bel campanile romanico, risalente al XII secolo, restaurata nel XVI secolo in particolare con una cappella aggiunta vicino all&#8217;altare. Affreschi risalenti al XIV secolo.<\/p>\n<h3>Tanella di Pitagora<\/h3>\n<p>Sulle pendici della collina sotto Cortona, tra gli uliveti si trova la <strong>Tanella di Pitagora<\/strong>, piccolo tumulo del periodo ellenistico (II sec. a.C.) formato da una base circolare sormontata da un tamburo di blocchi giustapposti.<\/p>\n\n\n<figure class=\"wp-block-gallery has-nested-images columns-default is-cropped wp-block-gallery-10 is-layout-flex wp-block-gallery-is-layout-flex\">\n<figure class=\"wp-block-image size-medium\"><a href=\"https:\/\/www.latoscane.net\/wp-content\/uploads\/2017\/02\/chiesa-di-san-cristoforo-cortona-4453-300x200.jpg\"><img loading=\"lazy\" decoding=\"async\" width=\"300\" height=\"200\" data-id=\"6696\" src=\"https:\/\/www.latoscane.net\/wp-content\/uploads\/2017\/02\/chiesa-di-san-cristoforo-cortona-4453-300x200.jpg\" alt=\"Foto di San Cristoforo a Cortona\" class=\"wp-image-6696\" srcset=\"https:\/\/www.latoscane.net\/wp-content\/uploads\/2017\/02\/chiesa-di-san-cristoforo-cortona-4453-300x200.jpg 300w, https:\/\/www.latoscane.net\/wp-content\/uploads\/2017\/02\/chiesa-di-san-cristoforo-cortona-4453-1024x683.jpg 1024w, https:\/\/www.latoscane.net\/wp-content\/uploads\/2017\/02\/chiesa-di-san-cristoforo-cortona-4453-768x512.jpg 768w, https:\/\/www.latoscane.net\/wp-content\/uploads\/2017\/02\/chiesa-di-san-cristoforo-cortona-4453.jpg 1200w\" sizes=\"(max-width: 300px) 100vw, 300px\" \/><\/a><figcaption class=\"wp-element-caption\">San Cristoforo<\/figcaption><\/figure>\n\n\n\n<figure class=\"wp-block-image size-medium\"><a href=\"https:\/\/www.latoscane.net\/wp-content\/uploads\/2017\/02\/santa-maria-nuova-cortona-4538-200x300.jpg\"><img loading=\"lazy\" decoding=\"async\" width=\"200\" height=\"300\" data-id=\"6699\" src=\"https:\/\/www.latoscane.net\/wp-content\/uploads\/2017\/02\/santa-maria-nuova-cortona-4538-200x300.jpg\" alt=\"Veduta su Santa Maria Nova a Cortona\" class=\"wp-image-6699\" srcset=\"https:\/\/www.latoscane.net\/wp-content\/uploads\/2017\/02\/santa-maria-nuova-cortona-4538-200x300.jpg 200w, https:\/\/www.latoscane.net\/wp-content\/uploads\/2017\/02\/santa-maria-nuova-cortona-4538-683x1024.jpg 683w, https:\/\/www.latoscane.net\/wp-content\/uploads\/2017\/02\/santa-maria-nuova-cortona-4538-768x1152.jpg 768w, https:\/\/www.latoscane.net\/wp-content\/uploads\/2017\/02\/santa-maria-nuova-cortona-4538.jpg 800w\" sizes=\"(max-width: 200px) 100vw, 200px\" \/><\/a><figcaption class=\"wp-element-caption\">Santa Maria Nova<\/figcaption><\/figure>\n\n\n\n<figure class=\"wp-block-image size-medium\"><a href=\"https:\/\/www.latoscane.net\/wp-content\/uploads\/2017\/02\/la-tanella-di-pitagora-cortona-4574-300x200.jpg\"><img loading=\"lazy\" decoding=\"async\" width=\"300\" height=\"200\" data-id=\"6702\" src=\"https:\/\/www.latoscane.net\/wp-content\/uploads\/2017\/02\/la-tanella-di-pitagora-cortona-4574-300x200.jpg\" alt=\"Foto della Tanella di Pitagora a Cortona\" class=\"wp-image-6702\" srcset=\"https:\/\/www.latoscane.net\/wp-content\/uploads\/2017\/02\/la-tanella-di-pitagora-cortona-4574-300x200.jpg 300w, https:\/\/www.latoscane.net\/wp-content\/uploads\/2017\/02\/la-tanella-di-pitagora-cortona-4574-1024x683.jpg 1024w, https:\/\/www.latoscane.net\/wp-content\/uploads\/2017\/02\/la-tanella-di-pitagora-cortona-4574-768x512.jpg 768w, https:\/\/www.latoscane.net\/wp-content\/uploads\/2017\/02\/la-tanella-di-pitagora-cortona-4574.jpg 1200w\" sizes=\"(max-width: 300px) 100vw, 300px\" \/><\/a><figcaption class=\"wp-element-caption\">Tanella di Pitagora<\/figcaption><\/figure>\n\n\n\n<figure class=\"wp-block-image size-medium\"><a href=\"https:\/\/www.latoscane.net\/wp-content\/uploads\/2017\/02\/corte-museo-dell-accademia-etrusca-cortona-4416-200x300.jpg\"><img loading=\"lazy\" decoding=\"async\" width=\"200\" height=\"300\" data-id=\"6763\" src=\"https:\/\/www.latoscane.net\/wp-content\/uploads\/2017\/02\/corte-museo-dell-accademia-etrusca-cortona-4416-200x300.jpg\" alt=\"Veduta della corte del museo MAEC a Cortona\" class=\"wp-image-6763\" srcset=\"https:\/\/www.latoscane.net\/wp-content\/uploads\/2017\/02\/corte-museo-dell-accademia-etrusca-cortona-4416-200x300.jpg 200w, https:\/\/www.latoscane.net\/wp-content\/uploads\/2017\/02\/corte-museo-dell-accademia-etrusca-cortona-4416-683x1024.jpg 683w, https:\/\/www.latoscane.net\/wp-content\/uploads\/2017\/02\/corte-museo-dell-accademia-etrusca-cortona-4416-768x1152.jpg 768w, https:\/\/www.latoscane.net\/wp-content\/uploads\/2017\/02\/corte-museo-dell-accademia-etrusca-cortona-4416.jpg 800w\" sizes=\"(max-width: 200px) 100vw, 200px\" \/><\/a><figcaption class=\"wp-element-caption\">Corte del museo MAEC<\/figcaption><\/figure>\n\n\n\n<figure class=\"wp-block-image size-medium\"><a href=\"https:\/\/www.latoscane.net\/wp-content\/uploads\/2017\/02\/strade-scale-cortona-2263-200x300.jpg\"><img loading=\"lazy\" decoding=\"async\" width=\"200\" height=\"300\" data-id=\"6760\" src=\"https:\/\/www.latoscane.net\/wp-content\/uploads\/2017\/02\/strade-scale-cortona-2263-200x300.jpg\" alt=\"Vedute del centro storico di Cortona\" class=\"wp-image-6760\" srcset=\"https:\/\/www.latoscane.net\/wp-content\/uploads\/2017\/02\/strade-scale-cortona-2263-200x300.jpg 200w, https:\/\/www.latoscane.net\/wp-content\/uploads\/2017\/02\/strade-scale-cortona-2263-683x1024.jpg 683w, https:\/\/www.latoscane.net\/wp-content\/uploads\/2017\/02\/strade-scale-cortona-2263-768x1152.jpg 768w, https:\/\/www.latoscane.net\/wp-content\/uploads\/2017\/02\/strade-scale-cortona-2263.jpg 800w\" sizes=\"(max-width: 200px) 100vw, 200px\" \/><\/a><figcaption class=\"wp-element-caption\">Scale di Cortona<\/figcaption><\/figure>\n\n\n\n<figure class=\"wp-block-image size-medium\"><a href=\"https:\/\/www.latoscane.net\/wp-content\/uploads\/2017\/02\/centro-storico-cortona-2223-200x300.jpg\"><img loading=\"lazy\" decoding=\"async\" width=\"200\" height=\"300\" data-id=\"6757\" src=\"https:\/\/www.latoscane.net\/wp-content\/uploads\/2017\/02\/centro-storico-cortona-2223-200x300.jpg\" alt=\"Foto notturna del centro di Cortona\" class=\"wp-image-6757\" srcset=\"https:\/\/www.latoscane.net\/wp-content\/uploads\/2017\/02\/centro-storico-cortona-2223-200x300.jpg 200w, https:\/\/www.latoscane.net\/wp-content\/uploads\/2017\/02\/centro-storico-cortona-2223-683x1024.jpg 683w, https:\/\/www.latoscane.net\/wp-content\/uploads\/2017\/02\/centro-storico-cortona-2223-768x1152.jpg 768w, https:\/\/www.latoscane.net\/wp-content\/uploads\/2017\/02\/centro-storico-cortona-2223.jpg 800w\" sizes=\"(max-width: 200px) 100vw, 200px\" \/><\/a><figcaption class=\"wp-element-caption\">Viuzze di Cortona<\/figcaption><\/figure>\n<\/figure>\n\n\n<h3>Chiesa di San Benedetto<\/h3>\n<p>La <strong>chiesetta di San Benedetto<\/strong> \u00e8 un edificio ellittico originale, con facciata in mattoni a tutto sesto. L&#8217;interno barocco \u00e8 ricco di stucchi e marmi.<\/p>\n<h3>Via Iannelli<\/h3>\n<p><strong>Via Iannelli<\/strong> \u00e8 una delle pi\u00f9 suggestive di Cortona grazie alle sue case del XIV secolo che conservano le strutture in legno del XVI secolo. Queste case medievali in pietra e mattoni hanno piani con sporgenze sulla strada sostenute da strutture in legno.<\/p>\n<h3>Chiesa di San Niccol\u00f2<\/h3>\n<p>Sulle pendici delle alture di Cortona, la <strong>chiesa di San Niccol\u00f2<\/strong> \u00e8 preceduta da un ampio cortile. Questo edificio basso \u00e8 preceduto da un piccolo portico in stile romanico nella facciata e che si estende su un lato.<br \/>Fu costruita nella prima met\u00e0 del XV secolo. L&#8217;interno fu ristrutturato nel XVII e XVIII secolo con tre altari barocchi.<\/p>\n<h3>Monastero e chiesa della Santissima Trinit\u00e0<\/h3>\n<p>Il monastero \u00e8 abitato dalle monache cistercensi di clausura. Fu costruito nel XVI secolo, accanto al monastero di Santa Caterina, che ospita la pi\u00f9 antica chiesa di Santa Trinit\u00e0.<\/p>\n\n\n<figure class=\"wp-block-gallery has-nested-images columns-default is-cropped wp-block-gallery-11 is-layout-flex wp-block-gallery-is-layout-flex\">\n<figure class=\"wp-block-image size-medium\"><a href=\"https:\/\/www.latoscane.net\/wp-content\/uploads\/2017\/02\/chiesa-di-san-domenico-cortona-4494-300x200.jpg\"><img loading=\"lazy\" decoding=\"async\" width=\"300\" height=\"200\" data-id=\"6717\" src=\"https:\/\/www.latoscane.net\/wp-content\/uploads\/2017\/02\/chiesa-di-san-domenico-cortona-4494-300x200.jpg\" alt=\"Foto di San Domenico a Cortona\" class=\"wp-image-6717\" srcset=\"https:\/\/www.latoscane.net\/wp-content\/uploads\/2017\/02\/chiesa-di-san-domenico-cortona-4494-300x200.jpg 300w, https:\/\/www.latoscane.net\/wp-content\/uploads\/2017\/02\/chiesa-di-san-domenico-cortona-4494-1024x683.jpg 1024w, https:\/\/www.latoscane.net\/wp-content\/uploads\/2017\/02\/chiesa-di-san-domenico-cortona-4494-768x512.jpg 768w, https:\/\/www.latoscane.net\/wp-content\/uploads\/2017\/02\/chiesa-di-san-domenico-cortona-4494.jpg 1200w\" sizes=\"(max-width: 300px) 100vw, 300px\" \/><\/a><figcaption class=\"wp-element-caption\">San Domenico<\/figcaption><\/figure>\n\n\n\n<figure class=\"wp-block-image size-medium\"><a href=\"https:\/\/www.latoscane.net\/wp-content\/uploads\/2017\/02\/chiesa-di-san-niccolo-cortona-2218-300x200.jpg\"><img loading=\"lazy\" decoding=\"async\" width=\"300\" height=\"200\" data-id=\"6705\" src=\"https:\/\/www.latoscane.net\/wp-content\/uploads\/2017\/02\/chiesa-di-san-niccolo-cortona-2218-300x200.jpg\" alt=\"Foto di San Niccolo a Cortona\" class=\"wp-image-6705\" srcset=\"https:\/\/www.latoscane.net\/wp-content\/uploads\/2017\/02\/chiesa-di-san-niccolo-cortona-2218-300x200.jpg 300w, https:\/\/www.latoscane.net\/wp-content\/uploads\/2017\/02\/chiesa-di-san-niccolo-cortona-2218-1024x683.jpg 1024w, https:\/\/www.latoscane.net\/wp-content\/uploads\/2017\/02\/chiesa-di-san-niccolo-cortona-2218-768x512.jpg 768w, https:\/\/www.latoscane.net\/wp-content\/uploads\/2017\/02\/chiesa-di-san-niccolo-cortona-2218.jpg 1200w\" sizes=\"(max-width: 300px) 100vw, 300px\" \/><\/a><figcaption class=\"wp-element-caption\">San Niccol\u00f2<\/figcaption><\/figure>\n\n\n\n<figure class=\"wp-block-image size-medium\"><a href=\"https:\/\/www.latoscane.net\/wp-content\/uploads\/2017\/02\/chiesa-di-san-niccola-cortona-4467-300x200.jpg\"><img loading=\"lazy\" decoding=\"async\" width=\"300\" height=\"200\" data-id=\"6720\" src=\"https:\/\/www.latoscane.net\/wp-content\/uploads\/2017\/02\/chiesa-di-san-niccola-cortona-4467-300x200.jpg\" alt=\"Foto della chiesa di San Niccola a Cortona\" class=\"wp-image-6720\" srcset=\"https:\/\/www.latoscane.net\/wp-content\/uploads\/2017\/02\/chiesa-di-san-niccola-cortona-4467-300x200.jpg 300w, https:\/\/www.latoscane.net\/wp-content\/uploads\/2017\/02\/chiesa-di-san-niccola-cortona-4467-1024x683.jpg 1024w, https:\/\/www.latoscane.net\/wp-content\/uploads\/2017\/02\/chiesa-di-san-niccola-cortona-4467-768x512.jpg 768w, https:\/\/www.latoscane.net\/wp-content\/uploads\/2017\/02\/chiesa-di-san-niccola-cortona-4467.jpg 1200w\" sizes=\"(max-width: 300px) 100vw, 300px\" \/><\/a><figcaption class=\"wp-element-caption\">San Niccol\u00f2<\/figcaption><\/figure>\n\n\n\n<figure class=\"wp-block-image size-medium\"><a href=\"https:\/\/www.latoscane.net\/wp-content\/uploads\/2017\/02\/monastero-della-chiesa-della-santa-trinita-cortona-4486-200x300.jpg\"><img loading=\"lazy\" decoding=\"async\" width=\"200\" height=\"300\" data-id=\"6723\" src=\"https:\/\/www.latoscane.net\/wp-content\/uploads\/2017\/02\/monastero-della-chiesa-della-santa-trinita-cortona-4486-200x300.jpg\" alt=\"Veduta del monastero della Santa Trinit\u00e0 a Cortona\" class=\"wp-image-6723\" srcset=\"https:\/\/www.latoscane.net\/wp-content\/uploads\/2017\/02\/monastero-della-chiesa-della-santa-trinita-cortona-4486-200x300.jpg 200w, https:\/\/www.latoscane.net\/wp-content\/uploads\/2017\/02\/monastero-della-chiesa-della-santa-trinita-cortona-4486-683x1024.jpg 683w, https:\/\/www.latoscane.net\/wp-content\/uploads\/2017\/02\/monastero-della-chiesa-della-santa-trinita-cortona-4486-768x1152.jpg 768w, https:\/\/www.latoscane.net\/wp-content\/uploads\/2017\/02\/monastero-della-chiesa-della-santa-trinita-cortona-4486.jpg 800w\" sizes=\"(max-width: 200px) 100vw, 200px\" \/><\/a><figcaption class=\"wp-element-caption\">Monastero della Santa Trinit\u00e0<\/figcaption><\/figure>\n\n\n\n<figure class=\"wp-block-image size-medium\"><a href=\"https:\/\/www.latoscane.net\/wp-content\/uploads\/2017\/02\/vicoli-cortona-4456-200x300.jpg\"><img loading=\"lazy\" decoding=\"async\" width=\"200\" height=\"300\" data-id=\"6667\" src=\"https:\/\/www.latoscane.net\/wp-content\/uploads\/2017\/02\/vicoli-cortona-4456-200x300.jpg\" alt=\"Foto delle strade del centro di Cortona\" class=\"wp-image-6667\" srcset=\"https:\/\/www.latoscane.net\/wp-content\/uploads\/2017\/02\/vicoli-cortona-4456-200x300.jpg 200w, https:\/\/www.latoscane.net\/wp-content\/uploads\/2017\/02\/vicoli-cortona-4456-683x1024.jpg 683w, https:\/\/www.latoscane.net\/wp-content\/uploads\/2017\/02\/vicoli-cortona-4456-768x1152.jpg 768w, https:\/\/www.latoscane.net\/wp-content\/uploads\/2017\/02\/vicoli-cortona-4456.jpg 800w\" sizes=\"(max-width: 200px) 100vw, 200px\" \/><\/a><figcaption class=\"wp-element-caption\">Strade di Cortona<\/figcaption><\/figure>\n\n\n\n<figure class=\"wp-block-image size-medium\"><a href=\"https:\/\/www.latoscane.net\/wp-content\/uploads\/2017\/02\/vicolo-iannelli-cortona-4511-200x300.jpg\"><img loading=\"lazy\" decoding=\"async\" width=\"200\" height=\"300\" data-id=\"6729\" src=\"https:\/\/www.latoscane.net\/wp-content\/uploads\/2017\/02\/vicolo-iannelli-cortona-4511-200x300.jpg\" alt=\"Foto del vicolo Ianelli a Cortona\" class=\"wp-image-6729\" srcset=\"https:\/\/www.latoscane.net\/wp-content\/uploads\/2017\/02\/vicolo-iannelli-cortona-4511-200x300.jpg 200w, https:\/\/www.latoscane.net\/wp-content\/uploads\/2017\/02\/vicolo-iannelli-cortona-4511-683x1024.jpg 683w, https:\/\/www.latoscane.net\/wp-content\/uploads\/2017\/02\/vicolo-iannelli-cortona-4511-768x1152.jpg 768w, https:\/\/www.latoscane.net\/wp-content\/uploads\/2017\/02\/vicolo-iannelli-cortona-4511.jpg 800w\" sizes=\"(max-width: 200px) 100vw, 200px\" \/><\/a><figcaption class=\"wp-element-caption\">Vicolo Ianelli<\/figcaption><\/figure>\n<\/figure>\n\n\n<h3>Mura di Volterra<\/h3>\n<p>Tutta la citt\u00e0 storica di Cortona \u00e8 chiusa da mura, lunghe quasi tre chilometri. Una parte risale probabilmente agli etruschi e ai romani. Esistevano gi\u00e0 mura nel V secolo a.C. ricostruite dai romani nel III sec. d.C., restaurate nel XIII secolo e poi nel XVII.<br \/>Lato occidentale, ben conservato, \u00e8 stata recentemente aperta l&#8217;unica porta etrusca, con i suoi due passaggi.<\/p>\n\n\n<figure class=\"wp-block-gallery has-nested-images columns-default is-cropped wp-block-gallery-12 is-layout-flex wp-block-gallery-is-layout-flex\">\n<figure class=\"wp-block-image size-medium\"><a href=\"https:\/\/www.latoscane.net\/wp-content\/uploads\/2017\/02\/mura-di-cortona-4485-300x200.jpg\"><img loading=\"lazy\" decoding=\"async\" width=\"300\" height=\"200\" data-id=\"6733\" src=\"https:\/\/www.latoscane.net\/wp-content\/uploads\/2017\/02\/mura-di-cortona-4485-300x200.jpg\" alt=\"Foto delle mura di Cortona\" class=\"wp-image-6733\" srcset=\"https:\/\/www.latoscane.net\/wp-content\/uploads\/2017\/02\/mura-di-cortona-4485-300x200.jpg 300w, https:\/\/www.latoscane.net\/wp-content\/uploads\/2017\/02\/mura-di-cortona-4485-1024x683.jpg 1024w, https:\/\/www.latoscane.net\/wp-content\/uploads\/2017\/02\/mura-di-cortona-4485-768x512.jpg 768w, https:\/\/www.latoscane.net\/wp-content\/uploads\/2017\/02\/mura-di-cortona-4485.jpg 1200w\" sizes=\"(max-width: 300px) 100vw, 300px\" \/><\/a><figcaption class=\"wp-element-caption\">Mura delle altezze di Cortona<\/figcaption><\/figure>\n\n\n\n<figure class=\"wp-block-image size-medium\"><a href=\"https:\/\/www.latoscane.net\/wp-content\/uploads\/2017\/02\/porta-bifora-cortona-4333-300x200.jpg\"><img loading=\"lazy\" decoding=\"async\" width=\"300\" height=\"200\" data-id=\"6711\" src=\"https:\/\/www.latoscane.net\/wp-content\/uploads\/2017\/02\/porta-bifora-cortona-4333-300x200.jpg\" alt=\"Porta etrusca di Cortona\" class=\"wp-image-6711\" srcset=\"https:\/\/www.latoscane.net\/wp-content\/uploads\/2017\/02\/porta-bifora-cortona-4333-300x200.jpg 300w, https:\/\/www.latoscane.net\/wp-content\/uploads\/2017\/02\/porta-bifora-cortona-4333-1024x683.jpg 1024w, https:\/\/www.latoscane.net\/wp-content\/uploads\/2017\/02\/porta-bifora-cortona-4333-768x512.jpg 768w, https:\/\/www.latoscane.net\/wp-content\/uploads\/2017\/02\/porta-bifora-cortona-4333.jpg 1200w\" sizes=\"(max-width: 300px) 100vw, 300px\" \/><\/a><figcaption class=\"wp-element-caption\">Porta etrusca &#8220;Bifora&#8221;<\/figcaption><\/figure>\n<\/figure>\n\n\n<h2>Mappa turistica di Cortona<\/h2>\n<div id=\"travelersmap-container-69f29d0dcf428\" class=\"travelersmap-container\" style=\"z-index: 1; min-height: 10px; min-width:10px; height:450px;width:100%; max-width:; max-height:; position:relative;\"><div style=\"position:absolute; z-index:-1;top: 50%;text-align: center;display: block;left: 50%;transform: translate(-50%,-50%);\">Travelers' Map is loading...<br>If you see this after your page is loaded completely, leafletJS files are missing.<\/div><\/div>\n<h2>Fonti e collegamenti<\/h2>\n<ul>\n<li>Informazioni generali : <a href=\"https:\/\/it.wikipedia.org\/wiki\/Cortona\" target=\"_blank\" rel=\"noopener\">it.wikipedia.org<\/a><\/li>\n<li>Portali turistici : <a href=\"https:\/\/www.cortonaweb.net\" target=\"_blank\" rel=\"noopener\">www.cortonaweb.net<\/a>, <a href=\"https:\/\/www.cortonamia.com\/10-cose-da-vedere-a-cortona\/\" target=\"_blank\" rel=\"noopener\">www.cortonamia.com<\/a><\/li>\n<li>Musei : <a href=\"https:\/\/cortonamaec.org\" target=\"_blank\" rel=\"noopener\">cortonamaec.org<\/a>, <a href=\"https:\/\/www.cortonaweb.net\/musei-a-cortona\/\" target=\"_blank\" rel=\"noopener\">www.cortonaweb.net\/musei-a-cortona<\/a><\/li>\n<\/ul>\n<h2>Articoli su Cortona<\/h2>\n<ul class=\"lcp_catlist2\" id=\"lcp_instance_0\"><li><a href=\"https:\/\/www.latoscane.net\/it\/cortona\/\">Cortona<\/a><a href=\"https:\/\/www.latoscane.net\/it\/cortona\/\" title=\"Cortona\"><img loading=\"lazy\" decoding=\"async\" width=\"150\" height=\"150\" src=\"https:\/\/www.latoscane.net\/wp-content\/uploads\/2017\/02\/piazza-della-repubblica-cortona-4339-150x150.jpg\" class=\"lcp_thumbnail wp-post-image\" alt=\"Cortona\" srcset=\"https:\/\/www.latoscane.net\/wp-content\/uploads\/2017\/02\/piazza-della-repubblica-cortona-4339-150x150.jpg 150w, https:\/\/www.latoscane.net\/wp-content\/uploads\/2017\/02\/piazza-della-repubblica-cortona-4339-50x50.jpg 50w, https:\/\/www.latoscane.net\/wp-content\/uploads\/2017\/02\/piazza-della-repubblica-cortona-4339-80x80.jpg 80w, https:\/\/www.latoscane.net\/wp-content\/uploads\/2017\/02\/piazza-della-repubblica-cortona-4339-75x75.jpg 75w\" sizes=\"(max-width: 150px) 100vw, 150px\" \/><\/a><div class=\"lcp_excerpt\">\nCortona \u00e8 una piccola e accogliente citt\u00e0 medievale del Val di Chiana, in provincia di Arezzo, a sud-est della Toscana e vicina all&#8217;Umbria.Costruita su un colle, a pi\u00f9 di 500 ...<\/div><\/li><li class=\"current\"><a href=\"https:\/\/www.latoscane.net\/it\/da-vedere-a-cortona\/\">Cosa vedere a Cortona<\/a><a href=\"https:\/\/www.latoscane.net\/it\/da-vedere-a-cortona\/\" title=\"Cosa vedere a Cortona\"><img loading=\"lazy\" decoding=\"async\" width=\"150\" height=\"150\" src=\"https:\/\/www.latoscane.net\/wp-content\/uploads\/2024\/08\/vicolo-iannelli-cortona-4514-150x150.jpg\" class=\"lcp_thumbnail wp-post-image\" alt=\"Cosa vedere a Cortona\" srcset=\"https:\/\/www.latoscane.net\/wp-content\/uploads\/2024\/08\/vicolo-iannelli-cortona-4514-150x150.jpg 150w, https:\/\/www.latoscane.net\/wp-content\/uploads\/2024\/08\/vicolo-iannelli-cortona-4514-50x50.jpg 50w, https:\/\/www.latoscane.net\/wp-content\/uploads\/2024\/08\/vicolo-iannelli-cortona-4514-80x80.jpg 80w, https:\/\/www.latoscane.net\/wp-content\/uploads\/2024\/08\/vicolo-iannelli-cortona-4514-75x75.jpg 75w\" sizes=\"(max-width: 150px) 100vw, 150px\" \/><\/a><div class=\"lcp_excerpt\">\nCostruita su un pendio di colline tra i 500 e i 600 metri, Cortona conserva un centro medievale unico ricco di vicoli, acciottolati, antichi palazzi e chiese, con bellissimi panorami ...<\/div><\/li><li><a href=\"https:\/\/www.booking.com\/city\/it\/cortona.it.html?aid=308562;do_availability_check=1\">Alberghi in Cortona<\/a><a href=\"https:\/\/www.booking.com\/city\/it\/cortona.it.html?aid=308562;do_availability_check=1\" title=\"Alberghi in Cortona\"><img loading=\"lazy\" decoding=\"async\" width=\"150\" height=\"115\" src=\"https:\/\/www.latoscane.net\/wp-content\/uploads\/2017\/02\/hotels-en-toscane-150x115.jpg\" class=\"lcp_thumbnail wp-post-image\" alt=\"Alberghi in Cortona\" \/><\/a><div class=\"lcp_excerpt\">Trova un alloggio a Cortona, prenota subito, scegli tra oltre 75 strutture tra cui hotel, appartamenti, camere e agriturismi\n<\/div><\/li><li><a href=\"https:\/\/www.latoscane.net\/it\/meteo-a-cortone\/\">Meteo in Cortona<\/a><a href=\"https:\/\/www.latoscane.net\/it\/meteo-a-cortone\/\" title=\"Meteo in Cortona\"><img loading=\"lazy\" decoding=\"async\" width=\"120\" height=\"120\" src=\"https:\/\/www.latoscane.net\/wp-content\/uploads\/2016\/12\/icone-meteo-toscane-1.jpg\" class=\"lcp_thumbnail wp-post-image\" alt=\"Meteo in Cortona\" srcset=\"https:\/\/www.latoscane.net\/wp-content\/uploads\/2016\/12\/icone-meteo-toscane-1.jpg 120w, https:\/\/www.latoscane.net\/wp-content\/uploads\/2016\/12\/icone-meteo-toscane-1-50x50.jpg 50w, https:\/\/www.latoscane.net\/wp-content\/uploads\/2016\/12\/icone-meteo-toscane-1-80x80.jpg 80w, https:\/\/www.latoscane.net\/wp-content\/uploads\/2016\/12\/icone-meteo-toscane-1-75x75.jpg 75w\" sizes=\"(max-width: 120px) 100vw, 120px\" \/><\/a><div class=\"lcp_excerpt\">Previsioni meteo a Cortona per oggi e nei prossimi giorni, soleggiamento, temperatura, piovosit\u00e0 e qualit\u00e0 dell&#8217;aria\n<\/div><\/li><\/ul>","protected":false},"excerpt":{"rendered":"<p>Costruita su un pendio di colline tra i 500 e i 600 metri, Cortona conserva un centro medievale unico ricco di vicoli, acciottolati, antichi palazzi e chiese, con bellissimi panorami sui dintorni. Ha mantenuto il suo recinto medievale, tra cui porzioni etrusche e romane.Il cuore della citt\u00e0 \u00e8 la Piazza della Repubblica, con i suoi [&hellip;]<\/p>\n","protected":false},"author":1,"featured_media":6596,"comment_status":"open","ping_status":"open","sticky":false,"template":"","format":"standard","meta":{"_acf_changed":false,"footnotes":"","_links_to":"","_links_to_target":""},"categories":[104],"tags":[219],"acf":[],"yoast_head":"<!-- This site is optimized with the Yoast SEO plugin v22.8 - https:\/\/yoast.com\/wordpress\/plugins\/seo\/ -->\n<title>Cosa vedere a Cortona, Guida di Toscana<\/title>\n<meta name=\"description\" content=\"Cortona \u00e8 una piccola e accogliente cittadina medievale della Val di Chiana, in provincia di Arezzo in Toscana, molto antica con un centro storico\" \/>\n<meta name=\"robots\" content=\"index, follow, max-snippet:-1, max-image-preview:large, max-video-preview:-1\" \/>\n<link rel=\"canonical\" href=\"https:\/\/www.latoscane.net\/it\/da-vedere-a-cortona\/\" \/>\n<meta property=\"og:locale\" content=\"it_IT\" \/>\n<meta property=\"og:type\" content=\"article\" \/>\n<meta property=\"og:title\" content=\"Cosa vedere a Cortona, Guida di Toscana\" \/>\n<meta property=\"og:description\" content=\"Cortona \u00e8 una piccola e accogliente cittadina medievale della Val di Chiana, in provincia di Arezzo in Toscana, molto antica con un centro storico\" \/>\n<meta property=\"og:url\" content=\"https:\/\/www.latoscane.net\/it\/da-vedere-a-cortona\/\" \/>\n<meta property=\"og:site_name\" content=\"LaToscane.net\" \/>\n<meta property=\"article:published_time\" content=\"2024-01-21T15:56:20+00:00\" \/>\n<meta property=\"article:modified_time\" content=\"2025-09-10T13:13:15+00:00\" \/>\n<meta property=\"og:image\" content=\"https:\/\/www.latoscane.net\/wp-content\/uploads\/2024\/08\/vicolo-iannelli-cortona-4514.jpg\" \/>\n\t<meta property=\"og:image:width\" content=\"1200\" \/>\n\t<meta property=\"og:image:height\" content=\"800\" \/>\n\t<meta property=\"og:image:type\" content=\"image\/jpeg\" \/>\n<meta name=\"author\" content=\"Galgano\" \/>\n<meta name=\"twitter:card\" content=\"summary_large_image\" \/>\n<meta name=\"twitter:label1\" content=\"Scritto da\" \/>\n\t<meta name=\"twitter:data1\" content=\"Galgano\" \/>\n\t<meta name=\"twitter:label2\" content=\"Tempo di lettura stimato\" \/>\n\t<meta name=\"twitter:data2\" content=\"17 minuti\" \/>\n<script type=\"application\/ld+json\" class=\"yoast-schema-graph\">{\"@context\":\"https:\/\/schema.org\",\"@graph\":[{\"@type\":\"WebPage\",\"@id\":\"https:\/\/www.latoscane.net\/it\/da-vedere-a-cortona\/\",\"url\":\"https:\/\/www.latoscane.net\/it\/da-vedere-a-cortona\/\",\"name\":\"Cosa vedere a Cortona, Guida di Toscana\",\"isPartOf\":{\"@id\":\"https:\/\/www.latoscane.net\/#website\"},\"primaryImageOfPage\":{\"@id\":\"https:\/\/www.latoscane.net\/it\/da-vedere-a-cortona\/#primaryimage\"},\"image\":{\"@id\":\"https:\/\/www.latoscane.net\/it\/da-vedere-a-cortona\/#primaryimage\"},\"thumbnailUrl\":\"https:\/\/www.latoscane.net\/wp-content\/uploads\/2024\/08\/vicolo-iannelli-cortona-4514.jpg\",\"datePublished\":\"2024-01-21T15:56:20+00:00\",\"dateModified\":\"2025-09-10T13:13:15+00:00\",\"author\":{\"@id\":\"https:\/\/www.latoscane.net\/#\/schema\/person\/dae56e679cb6d9bdaf2b0b54b1320d42\"},\"description\":\"Cortona \u00e8 una piccola e accogliente cittadina medievale della Val di Chiana, in provincia di Arezzo in Toscana, molto antica con un centro storico\",\"breadcrumb\":{\"@id\":\"https:\/\/www.latoscane.net\/it\/da-vedere-a-cortona\/#breadcrumb\"},\"inLanguage\":\"it-IT\",\"potentialAction\":[{\"@type\":\"ReadAction\",\"target\":[\"https:\/\/www.latoscane.net\/it\/da-vedere-a-cortona\/\"]}]},{\"@type\":\"ImageObject\",\"inLanguage\":\"it-IT\",\"@id\":\"https:\/\/www.latoscane.net\/it\/da-vedere-a-cortona\/#primaryimage\",\"url\":\"https:\/\/www.latoscane.net\/wp-content\/uploads\/2024\/08\/vicolo-iannelli-cortona-4514.jpg\",\"contentUrl\":\"https:\/\/www.latoscane.net\/wp-content\/uploads\/2024\/08\/vicolo-iannelli-cortona-4514.jpg\",\"width\":1200,\"height\":800,\"caption\":\"Photo de la Via Lannelli \u00e0 Cortone\"},{\"@type\":\"BreadcrumbList\",\"@id\":\"https:\/\/www.latoscane.net\/it\/da-vedere-a-cortona\/#breadcrumb\",\"itemListElement\":[{\"@type\":\"ListItem\",\"position\":1,\"name\":\"Accueil\",\"item\":\"https:\/\/www.latoscane.net\/it\/\"},{\"@type\":\"ListItem\",\"position\":2,\"name\":\"Cosa vedere a Cortona\"}]},{\"@type\":\"WebSite\",\"@id\":\"https:\/\/www.latoscane.net\/#website\",\"url\":\"https:\/\/www.latoscane.net\/\",\"name\":\"LaToscane.net\",\"description\":\"Visita della regione Toscana\",\"potentialAction\":[{\"@type\":\"SearchAction\",\"target\":{\"@type\":\"EntryPoint\",\"urlTemplate\":\"https:\/\/www.latoscane.net\/?s={search_term_string}\"},\"query-input\":\"required name=search_term_string\"}],\"inLanguage\":\"it-IT\"},{\"@type\":\"Person\",\"@id\":\"https:\/\/www.latoscane.net\/#\/schema\/person\/dae56e679cb6d9bdaf2b0b54b1320d42\",\"name\":\"Galgano\",\"url\":\"https:\/\/www.latoscane.net\/it\/author\/will\/\"}]}<\/script>\n<!-- \/ Yoast SEO plugin. -->","yoast_head_json":{"title":"Cosa vedere a Cortona, Guida di Toscana","description":"Cortona \u00e8 una piccola e accogliente cittadina medievale della Val di Chiana, in provincia di Arezzo in Toscana, molto antica con un centro storico","robots":{"index":"index","follow":"follow","max-snippet":"max-snippet:-1","max-image-preview":"max-image-preview:large","max-video-preview":"max-video-preview:-1"},"canonical":"https:\/\/www.latoscane.net\/it\/da-vedere-a-cortona\/","og_locale":"it_IT","og_type":"article","og_title":"Cosa vedere a Cortona, Guida di Toscana","og_description":"Cortona \u00e8 una piccola e accogliente cittadina medievale della Val di Chiana, in provincia di Arezzo in Toscana, molto antica con un centro storico","og_url":"https:\/\/www.latoscane.net\/it\/da-vedere-a-cortona\/","og_site_name":"LaToscane.net","article_published_time":"2024-01-21T15:56:20+00:00","article_modified_time":"2025-09-10T13:13:15+00:00","og_image":[{"width":1200,"height":800,"url":"https:\/\/www.latoscane.net\/wp-content\/uploads\/2024\/08\/vicolo-iannelli-cortona-4514.jpg","type":"image\/jpeg"}],"author":"Galgano","twitter_card":"summary_large_image","twitter_misc":{"Scritto da":"Galgano","Tempo di lettura stimato":"17 minuti"},"schema":{"@context":"https:\/\/schema.org","@graph":[{"@type":"WebPage","@id":"https:\/\/www.latoscane.net\/it\/da-vedere-a-cortona\/","url":"https:\/\/www.latoscane.net\/it\/da-vedere-a-cortona\/","name":"Cosa vedere a Cortona, Guida di Toscana","isPartOf":{"@id":"https:\/\/www.latoscane.net\/#website"},"primaryImageOfPage":{"@id":"https:\/\/www.latoscane.net\/it\/da-vedere-a-cortona\/#primaryimage"},"image":{"@id":"https:\/\/www.latoscane.net\/it\/da-vedere-a-cortona\/#primaryimage"},"thumbnailUrl":"https:\/\/www.latoscane.net\/wp-content\/uploads\/2024\/08\/vicolo-iannelli-cortona-4514.jpg","datePublished":"2024-01-21T15:56:20+00:00","dateModified":"2025-09-10T13:13:15+00:00","author":{"@id":"https:\/\/www.latoscane.net\/#\/schema\/person\/dae56e679cb6d9bdaf2b0b54b1320d42"},"description":"Cortona \u00e8 una piccola e accogliente cittadina medievale della Val di Chiana, in provincia di Arezzo in Toscana, molto antica con un centro storico","breadcrumb":{"@id":"https:\/\/www.latoscane.net\/it\/da-vedere-a-cortona\/#breadcrumb"},"inLanguage":"it-IT","potentialAction":[{"@type":"ReadAction","target":["https:\/\/www.latoscane.net\/it\/da-vedere-a-cortona\/"]}]},{"@type":"ImageObject","inLanguage":"it-IT","@id":"https:\/\/www.latoscane.net\/it\/da-vedere-a-cortona\/#primaryimage","url":"https:\/\/www.latoscane.net\/wp-content\/uploads\/2024\/08\/vicolo-iannelli-cortona-4514.jpg","contentUrl":"https:\/\/www.latoscane.net\/wp-content\/uploads\/2024\/08\/vicolo-iannelli-cortona-4514.jpg","width":1200,"height":800,"caption":"Photo de la Via Lannelli \u00e0 Cortone"},{"@type":"BreadcrumbList","@id":"https:\/\/www.latoscane.net\/it\/da-vedere-a-cortona\/#breadcrumb","itemListElement":[{"@type":"ListItem","position":1,"name":"Accueil","item":"https:\/\/www.latoscane.net\/it\/"},{"@type":"ListItem","position":2,"name":"Cosa vedere a Cortona"}]},{"@type":"WebSite","@id":"https:\/\/www.latoscane.net\/#website","url":"https:\/\/www.latoscane.net\/","name":"LaToscane.net","description":"Visita della regione Toscana","potentialAction":[{"@type":"SearchAction","target":{"@type":"EntryPoint","urlTemplate":"https:\/\/www.latoscane.net\/?s={search_term_string}"},"query-input":"required name=search_term_string"}],"inLanguage":"it-IT"},{"@type":"Person","@id":"https:\/\/www.latoscane.net\/#\/schema\/person\/dae56e679cb6d9bdaf2b0b54b1320d42","name":"Galgano","url":"https:\/\/www.latoscane.net\/it\/author\/will\/"}]}},"_links":{"self":[{"href":"https:\/\/www.latoscane.net\/it\/wp-json\/wp\/v2\/posts\/10292"}],"collection":[{"href":"https:\/\/www.latoscane.net\/it\/wp-json\/wp\/v2\/posts"}],"about":[{"href":"https:\/\/www.latoscane.net\/it\/wp-json\/wp\/v2\/types\/post"}],"author":[{"embeddable":true,"href":"https:\/\/www.latoscane.net\/it\/wp-json\/wp\/v2\/users\/1"}],"replies":[{"embeddable":true,"href":"https:\/\/www.latoscane.net\/it\/wp-json\/wp\/v2\/comments?post=10292"}],"version-history":[{"count":11,"href":"https:\/\/www.latoscane.net\/it\/wp-json\/wp\/v2\/posts\/10292\/revisions"}],"predecessor-version":[{"id":13916,"href":"https:\/\/www.latoscane.net\/it\/wp-json\/wp\/v2\/posts\/10292\/revisions\/13916"}],"wp:featuredmedia":[{"embeddable":true,"href":"https:\/\/www.latoscane.net\/it\/wp-json\/wp\/v2\/media\/6596"}],"wp:attachment":[{"href":"https:\/\/www.latoscane.net\/it\/wp-json\/wp\/v2\/media?parent=10292"}],"wp:term":[{"taxonomy":"category","embeddable":true,"href":"https:\/\/www.latoscane.net\/it\/wp-json\/wp\/v2\/categories?post=10292"},{"taxonomy":"post_tag","embeddable":true,"href":"https:\/\/www.latoscane.net\/it\/wp-json\/wp\/v2\/tags?post=10292"}],"curies":[{"name":"wp","href":"https:\/\/api.w.org\/{rel}","templated":true}]}}