{"id":10377,"date":"2024-05-16T12:42:07","date_gmt":"2024-05-16T10:42:07","guid":{"rendered":"https:\/\/www.latoscane.net\/orbetello-e-sua-laguna\/"},"modified":"2025-09-10T21:49:06","modified_gmt":"2025-09-10T19:49:06","slug":"orbetello-e-sua-laguna","status":"publish","type":"post","link":"https:\/\/www.latoscane.net\/it\/orbetello-e-sua-laguna\/","title":{"rendered":"Orbetello e sua laguna"},"content":{"rendered":"\n<p><strong>Orbetello<\/strong> \u00e8 una piccola citt\u00e0 tranquilla che gode di una posizione particolare, su un lembo di terra che si snoda in mezzo alla bella laguna di 26 km\u00b2, dove la strada prosegue sulla diga artificiale che conduce al promontorio dell&#8217;Argentario.<br \/>Questa laguna si divide cos\u00ec in due parti, la laguna di Ponente a nord chiusa dall&#8217;istmo del tombolo di Giannella e la Laguna di Levante a sud con il tombolo di Feniglia.<br \/>La zona umida di Orbetello \u00e8 conosciuta per la sua biodiversit\u00e0, luogo di passaggio di uccelli migratori come i fenicotteri rosa, gli aironi bianchi e cenerini, ecc.<\/p>\n<h2>Cosa vedere a Orbetello<\/h2>\n<p>Le origini etrusche della citt\u00e0 si ritrovano a volte in alcune parti delle mura, che furono successivamente rimaneggiati, soprattutto durante la dominazione spagnola che ne ampliarono il recinto. Di esso rimangono diversi bastioni. Si pu\u00f2 accedere al centro storico attraverso la <strong>Porta Nuova<\/strong> percorsa da tre passaggi. Lungo la cinta muraria, l&#8217;antica <strong>polveriera di Guzman<\/strong> fu costruita dagli spagnoli alla fine del XVII secolo, ora sede del <strong>museo archeologico<\/strong>.<br \/>Su entrambi i lati del recinto si vedono anche resti dell&#8217;ex aeroporto di idrovolanti.<\/p>\n\n\n<figure class=\"wp-block-gallery has-nested-images columns-default is-cropped wp-block-gallery-2 is-layout-flex wp-block-gallery-is-layout-flex\">\n<figure class=\"wp-block-image size-medium\"><a href=\"https:\/\/www.latoscane.net\/wp-content\/uploads\/2024\/09\/moulin-espagnol-orbetello-7817-300x200.jpg\"><img loading=\"lazy\" decoding=\"async\" width=\"300\" height=\"200\" data-id=\"8740\" src=\"https:\/\/www.latoscane.net\/wp-content\/uploads\/2024\/09\/moulin-espagnol-orbetello-7817-300x200.jpg\" alt=\"Veduta del Mulino spanolo di Orbetello\" class=\"wp-image-8740\" srcset=\"https:\/\/www.latoscane.net\/wp-content\/uploads\/2024\/09\/moulin-espagnol-orbetello-7817-300x200.jpg 300w, https:\/\/www.latoscane.net\/wp-content\/uploads\/2024\/09\/moulin-espagnol-orbetello-7817-1024x683.jpg 1024w, https:\/\/www.latoscane.net\/wp-content\/uploads\/2024\/09\/moulin-espagnol-orbetello-7817-768x512.jpg 768w, https:\/\/www.latoscane.net\/wp-content\/uploads\/2024\/09\/moulin-espagnol-orbetello-7817.jpg 1200w\" sizes=\"(max-width: 300px) 100vw, 300px\" \/><\/a><figcaption class=\"wp-element-caption\">Mulino spagnolo di Orbetello<\/figcaption><\/figure>\n\n\n\n<figure class=\"wp-block-image size-medium\"><a href=\"https:\/\/www.latoscane.net\/wp-content\/uploads\/2024\/09\/concattedrale-di-santa-maria-assunta-orbetello-7980-300x200.jpg\"><img loading=\"lazy\" decoding=\"async\" width=\"300\" height=\"200\" data-id=\"8737\" src=\"https:\/\/www.latoscane.net\/wp-content\/uploads\/2024\/09\/concattedrale-di-santa-maria-assunta-orbetello-7980-300x200.jpg\" alt=\"Foto della cattedrale di Orbetello\" class=\"wp-image-8737\" srcset=\"https:\/\/www.latoscane.net\/wp-content\/uploads\/2024\/09\/concattedrale-di-santa-maria-assunta-orbetello-7980-300x200.jpg 300w, https:\/\/www.latoscane.net\/wp-content\/uploads\/2024\/09\/concattedrale-di-santa-maria-assunta-orbetello-7980-1024x683.jpg 1024w, https:\/\/www.latoscane.net\/wp-content\/uploads\/2024\/09\/concattedrale-di-santa-maria-assunta-orbetello-7980-768x512.jpg 768w, https:\/\/www.latoscane.net\/wp-content\/uploads\/2024\/09\/concattedrale-di-santa-maria-assunta-orbetello-7980.jpg 1200w\" sizes=\"(max-width: 300px) 100vw, 300px\" \/><\/a><figcaption class=\"wp-element-caption\">Cattedrale di Orbetello<\/figcaption><\/figure>\n<\/figure>\n\n\n<p>La lunga via dello shopping di Orbetello attraversa il centro storico, passando per <strong>Piazza Plebiscito<\/strong> e <strong>Piazza Garibaldi<\/strong>. Su quest&#8217;ultima sorge il <strong>Palazzo del governatore<\/strong> spagnolo (XVII secolo). L&#8217;antica chiesa di Santa Maria delle Grazie conserva un affresco del XV secolo della scuola senese.<br \/>In <strong>Piazza della Repubblica<\/strong> si trova la <strong>cattedrale di Santa Maria Assunta<\/strong>, di origine romanica, ristrutturata dagli Orsini nel 1375. Secondo alcune credenze sarebbe costruita sul podio di un antico tempio. Di fronte si trova l&#8217;antica caserma Umberto I che conserva il notevole <strong>Frontone di Talamone<\/strong>, proveniente da un tempio etrusco, con la sua rappresentazione del mito dei <em>sette contro Tebe<\/em>.<\/p>\n<p>Sulla punta su cui \u00e8 costruita la citt\u00e0, vicino alla strada costruita dal granduca Leopoldo II nel 1842 che attraversa la laguna, si trova il simbolo di Orbetello. \u00c8 un grazioso mulino circolare che emerge dalle acque, l&#8217;unico dei nove mulini a vento che furono originariamente costruiti dai senesi nel XV secolo, restaurati dagli spagnoli dopo il 1557 quando presero il controllo del territorio.<br \/>In questa zona si vedono anche resti di mura poligonali etrusche del IV secolo a.C.<\/p>\n<p>La laguna \u00e8 un sito di pesca, e la cooperativa dei pescatori <strong>La Peschereccia<\/strong> fondata nel 1946 \u00e8 diventata un&#8217;istituzione, offrendo vendita di pesce e anche degustazioni.<br \/>Il navebus &#8220;Remus&#8221; offre gite in barca sulla laguna.<\/p>\n\n\n<figure class=\"wp-block-gallery has-nested-images columns-4 is-cropped wp-block-gallery-3 is-layout-flex wp-block-gallery-is-layout-flex\">\n<figure class=\"wp-block-image size-medium\"><a href=\"https:\/\/www.latoscane.net\/wp-content\/uploads\/2024\/09\/idroscalo-brunetta-orbetello-7976-300x200.jpg\"><img loading=\"lazy\" decoding=\"async\" width=\"300\" height=\"200\" data-id=\"8755\" src=\"https:\/\/www.latoscane.net\/wp-content\/uploads\/2024\/09\/idroscalo-brunetta-orbetello-7976-300x200.jpg\" alt=\"Foto dell'idroscalo di Orbetello\" class=\"wp-image-8755\" srcset=\"https:\/\/www.latoscane.net\/wp-content\/uploads\/2024\/09\/idroscalo-brunetta-orbetello-7976-300x200.jpg 300w, https:\/\/www.latoscane.net\/wp-content\/uploads\/2024\/09\/idroscalo-brunetta-orbetello-7976-1024x683.jpg 1024w, https:\/\/www.latoscane.net\/wp-content\/uploads\/2024\/09\/idroscalo-brunetta-orbetello-7976-768x512.jpg 768w, https:\/\/www.latoscane.net\/wp-content\/uploads\/2024\/09\/idroscalo-brunetta-orbetello-7976.jpg 1200w\" sizes=\"(max-width: 300px) 100vw, 300px\" \/><\/a><figcaption class=\"wp-element-caption\">Antico idroscalo<\/figcaption><\/figure>\n\n\n\n<figure class=\"wp-block-image size-medium\"><a href=\"https:\/\/www.latoscane.net\/wp-content\/uploads\/2024\/09\/bastione-e-mura-spagnole-orbetello-7994-300x200.jpg\"><img loading=\"lazy\" decoding=\"async\" width=\"300\" height=\"200\" data-id=\"8746\" src=\"https:\/\/www.latoscane.net\/wp-content\/uploads\/2024\/09\/bastione-e-mura-spagnole-orbetello-7994-300x200.jpg\" alt=\"Foto delle mura e bastioni di Orbetello\" class=\"wp-image-8746\" srcset=\"https:\/\/www.latoscane.net\/wp-content\/uploads\/2024\/09\/bastione-e-mura-spagnole-orbetello-7994-300x200.jpg 300w, https:\/\/www.latoscane.net\/wp-content\/uploads\/2024\/09\/bastione-e-mura-spagnole-orbetello-7994-1024x683.jpg 1024w, https:\/\/www.latoscane.net\/wp-content\/uploads\/2024\/09\/bastione-e-mura-spagnole-orbetello-7994-768x512.jpg 768w, https:\/\/www.latoscane.net\/wp-content\/uploads\/2024\/09\/bastione-e-mura-spagnole-orbetello-7994.jpg 1200w\" sizes=\"(max-width: 300px) 100vw, 300px\" \/><\/a><figcaption class=\"wp-element-caption\">Mura e bastioni<\/figcaption><\/figure>\n\n\n\n<figure class=\"wp-block-image size-medium\"><a href=\"https:\/\/www.latoscane.net\/wp-content\/uploads\/2024\/09\/bastione-e-mura-spagnole-orbetello-7992-200x300.jpg\"><img loading=\"lazy\" decoding=\"async\" width=\"200\" height=\"300\" data-id=\"8743\" src=\"https:\/\/www.latoscane.net\/wp-content\/uploads\/2024\/09\/bastione-e-mura-spagnole-orbetello-7992-200x300.jpg\" alt=\"Veduta della passeggiata delle mura spagnoli di Orbetello\" class=\"wp-image-8743\" srcset=\"https:\/\/www.latoscane.net\/wp-content\/uploads\/2024\/09\/bastione-e-mura-spagnole-orbetello-7992-200x300.jpg 200w, https:\/\/www.latoscane.net\/wp-content\/uploads\/2024\/09\/bastione-e-mura-spagnole-orbetello-7992-683x1024.jpg 683w, https:\/\/www.latoscane.net\/wp-content\/uploads\/2024\/09\/bastione-e-mura-spagnole-orbetello-7992-768x1152.jpg 768w, https:\/\/www.latoscane.net\/wp-content\/uploads\/2024\/09\/bastione-e-mura-spagnole-orbetello-7992.jpg 800w\" sizes=\"(max-width: 200px) 100vw, 200px\" \/><\/a><figcaption class=\"wp-element-caption\">Passeggiata delle mura spagnoli<\/figcaption><\/figure>\n\n\n\n<figure class=\"wp-block-image size-medium\"><a href=\"https:\/\/www.latoscane.net\/wp-content\/uploads\/2024\/09\/corso-italia-orbetello-7985-300x200.jpg\"><img loading=\"lazy\" decoding=\"async\" width=\"300\" height=\"200\" data-id=\"8752\" src=\"https:\/\/www.latoscane.net\/wp-content\/uploads\/2024\/09\/corso-italia-orbetello-7985-300x200.jpg\" alt=\"Foto del Corso Italia a Orbetello\" class=\"wp-image-8752\" srcset=\"https:\/\/www.latoscane.net\/wp-content\/uploads\/2024\/09\/corso-italia-orbetello-7985-300x200.jpg 300w, https:\/\/www.latoscane.net\/wp-content\/uploads\/2024\/09\/corso-italia-orbetello-7985-1024x683.jpg 1024w, https:\/\/www.latoscane.net\/wp-content\/uploads\/2024\/09\/corso-italia-orbetello-7985-768x512.jpg 768w, https:\/\/www.latoscane.net\/wp-content\/uploads\/2024\/09\/corso-italia-orbetello-7985.jpg 1200w\" sizes=\"(max-width: 300px) 100vw, 300px\" \/><\/a><figcaption class=\"wp-element-caption\">Corso Italia<\/figcaption><\/figure>\n\n\n\n<figure class=\"wp-block-image size-medium\"><a href=\"https:\/\/www.latoscane.net\/wp-content\/uploads\/2024\/09\/palazzo-del-governatore-centro-storico-orbetello-7988-300x200.jpg\"><img loading=\"lazy\" decoding=\"async\" width=\"300\" height=\"200\" data-id=\"8761\" src=\"https:\/\/www.latoscane.net\/wp-content\/uploads\/2024\/09\/palazzo-del-governatore-centro-storico-orbetello-7988-300x200.jpg\" alt=\"Veduta del Palazzo del Governatore ad Orbetello\" class=\"wp-image-8761\" srcset=\"https:\/\/www.latoscane.net\/wp-content\/uploads\/2024\/09\/palazzo-del-governatore-centro-storico-orbetello-7988-300x200.jpg 300w, https:\/\/www.latoscane.net\/wp-content\/uploads\/2024\/09\/palazzo-del-governatore-centro-storico-orbetello-7988-1024x683.jpg 1024w, https:\/\/www.latoscane.net\/wp-content\/uploads\/2024\/09\/palazzo-del-governatore-centro-storico-orbetello-7988-768x512.jpg 768w, https:\/\/www.latoscane.net\/wp-content\/uploads\/2024\/09\/palazzo-del-governatore-centro-storico-orbetello-7988.jpg 1200w\" sizes=\"(max-width: 300px) 100vw, 300px\" \/><\/a><figcaption class=\"wp-element-caption\">Palazzo del Governatore<\/figcaption><\/figure>\n\n\n\n<figure class=\"wp-block-image size-medium\"><a href=\"https:\/\/www.latoscane.net\/wp-content\/uploads\/2024\/09\/cattedrale-orbetello-7983-200x300.jpg\"><img loading=\"lazy\" decoding=\"async\" width=\"200\" height=\"300\" data-id=\"8749\" src=\"https:\/\/www.latoscane.net\/wp-content\/uploads\/2024\/09\/cattedrale-orbetello-7983-200x300.jpg\" alt=\"Foto della cattedrale di Orbetello\" class=\"wp-image-8749\" srcset=\"https:\/\/www.latoscane.net\/wp-content\/uploads\/2024\/09\/cattedrale-orbetello-7983-200x300.jpg 200w, https:\/\/www.latoscane.net\/wp-content\/uploads\/2024\/09\/cattedrale-orbetello-7983-683x1024.jpg 683w, https:\/\/www.latoscane.net\/wp-content\/uploads\/2024\/09\/cattedrale-orbetello-7983-768x1152.jpg 768w, https:\/\/www.latoscane.net\/wp-content\/uploads\/2024\/09\/cattedrale-orbetello-7983.jpg 800w\" sizes=\"(max-width: 200px) 100vw, 200px\" \/><\/a><figcaption class=\"wp-element-caption\">Cattedrale di Orbetello<\/figcaption><\/figure>\n\n\n\n<figure class=\"wp-block-image size-medium\"><a href=\"https:\/\/www.latoscane.net\/wp-content\/uploads\/2024\/09\/molino-spagnolo-orbetello-7815-300x200.jpg\"><img loading=\"lazy\" decoding=\"async\" width=\"300\" height=\"200\" data-id=\"8758\" src=\"https:\/\/www.latoscane.net\/wp-content\/uploads\/2024\/09\/molino-spagnolo-orbetello-7815-300x200.jpg\" alt=\"Foto della laguna di Orbetello con il mulino spagnolo\" class=\"wp-image-8758\" srcset=\"https:\/\/www.latoscane.net\/wp-content\/uploads\/2024\/09\/molino-spagnolo-orbetello-7815-300x200.jpg 300w, https:\/\/www.latoscane.net\/wp-content\/uploads\/2024\/09\/molino-spagnolo-orbetello-7815-1024x683.jpg 1024w, https:\/\/www.latoscane.net\/wp-content\/uploads\/2024\/09\/molino-spagnolo-orbetello-7815-768x512.jpg 768w, https:\/\/www.latoscane.net\/wp-content\/uploads\/2024\/09\/molino-spagnolo-orbetello-7815.jpg 1200w\" sizes=\"(max-width: 300px) 100vw, 300px\" \/><\/a><figcaption class=\"wp-element-caption\">Mulino di Orbetello<\/figcaption><\/figure>\n<\/figure>\n\n\n<h2>Laguna di Orbetello e dintorni<\/h2>\n<p>Diverse escursioni possono essere fatte intorno alla <strong>Laguna di Orbetello<\/strong>.<\/p>\n<p>Su entrambi i lati della laguna la laguna \u00e8 chiusa da un istmo, con le <strong>spiagge di Feniglia<\/strong> e di <strong>Giannella<\/strong> che sono due lunghe e comode spiagge sabbiose il cui fondo \u00e8 in pendenza molto dolce, piacevole per famiglie con bambini.<\/p>\n<p>L&#8217;anello completo della laguna di Levante misura quasi 19 km, strada completamente piatta che costeggia la laguna con la sua pista ciclabile.<br \/>Le zone umide offrono habitat per i fenicotteri rosa che svernano qui dall&#8217;autunno alla primavera o per gli aironi bianchi.<br \/>La <strong>Riserva Naturale della Duna Feniglia<\/strong> \u00e8 una delle zone pi\u00f9 interessanti, sulla lingua di terra che chiude il lato sud della laguna, splendida riserva naturale, che si pu\u00f2 attraversare in bicicletta o a piedi.<\/p>\n<p>Da Orbetello Scalo un sentiero conduce alle rovine del <strong>monastero di Sant&#8217;Angelo Rovinato<\/strong>, a 250 metri di altitudine, con vista sulla laguna.<\/p>\n<p>A sud della laguna, Ansedonia si trova ai piedi di una collina dove era costruita la citt\u00e0 romana di <strong>Cosa<\/strong>, ora parco archeologico dove scoprire le sue rovine.<br \/>Sul versante sud-est di questo rilievo, si vedono la <strong>Tagliata Etrusca<\/strong> e la <strong>Grotta Spaco della Regina<\/strong>. La prima \u00e8 in realt\u00e0 un&#8217;opera romana che serve a proteggere il porto per impedirne il riempimento, e la seconda \u00e8 pi\u00f9 antica.<\/p>\n<p>Nell&#8217;angolo settentrionale della laguna, il <strong>Forte delle Saline<\/strong> (oggi propriet\u00e0 privata) \u00e8 situato alla foce del fiume Albegna, vicino ad antiche saline, eretto in epoca senese nel XV secolo, trasformato con gli spagnoli nel XVI secolo, assumendo la funzione di dogana.<\/p>\n\n\n<figure class=\"wp-block-gallery has-nested-images columns-default is-cropped wp-block-gallery-4 is-layout-flex wp-block-gallery-is-layout-flex\">\n<figure class=\"wp-block-image size-large\"><a href=\"https:\/\/www.latoscane.net\/wp-content\/uploads\/2017\/03\/spiaggia-della-giannella-argentario-7864-1024x683.jpg\"><img loading=\"lazy\" decoding=\"async\" width=\"1024\" height=\"683\" data-id=\"8836\" src=\"https:\/\/www.latoscane.net\/wp-content\/uploads\/2017\/03\/spiaggia-della-giannella-argentario-7864-1024x683.jpg\" alt=\"Veduta della spiaggia della Giannella, Argentario\" class=\"wp-image-8836\" srcset=\"https:\/\/www.latoscane.net\/wp-content\/uploads\/2017\/03\/spiaggia-della-giannella-argentario-7864-1024x683.jpg 1024w, https:\/\/www.latoscane.net\/wp-content\/uploads\/2017\/03\/spiaggia-della-giannella-argentario-7864-300x200.jpg 300w, https:\/\/www.latoscane.net\/wp-content\/uploads\/2017\/03\/spiaggia-della-giannella-argentario-7864-768x512.jpg 768w, https:\/\/www.latoscane.net\/wp-content\/uploads\/2017\/03\/spiaggia-della-giannella-argentario-7864.jpg 1200w\" sizes=\"(max-width: 1024px) 100vw, 1024px\" \/><\/a><figcaption class=\"wp-element-caption\">Spiaggia della Giannella<\/figcaption><\/figure>\n<\/figure>\n\n\n<h2>Alcune attivit\u00e0 nella zona<\/h2>\n\n\n<div data-gyg-href=\"https:\/\/widget.getyourguide.com\/default\/activities.frame\" data-gyg-location-id=\"158912\" data-gyg-locale-code=\"it-IT\" data-gyg-widget=\"activities\" data-gyg-number-of-items=\"5\" data-gyg-partner-id=\"DLYVAO3\"><span>Powered by <a target=\"_blank\" rel=\"sponsored noopener\" href=\"https:\/\/www.getyourguide.com\/talamone-l158912\/\">GetYourGuide<\/a><\/span><\/div>\n\n\n<h2>Dove si trova Orbetello, mappa<\/h2>\n<div id=\"travelersmap-container-69f0e7f821f79\" class=\"travelersmap-container\" style=\"z-index: 1; min-height: 10px; min-width:10px; height:450px;width:100%; max-width:; max-height:; position:relative;\"><div style=\"position:absolute; z-index:-1;top: 50%;text-align: center;display: block;left: 50%;transform: translate(-50%,-50%);\">Travelers' Map is loading...<br>If you see this after your page is loaded completely, leafletJS files are missing.<\/div><\/div>\n<h2>Fonti e collegamenti<\/h2>\n<ul>\n<li>Informazioni generali : <a href=\"https:\/\/it.wikipedia.org\/wiki\/Orbetello\" target=\"_blank\" rel=\"noopener\">it.wikipedia.org<\/a><\/li>\n<li>Sito del comune : <a href=\"https:\/\/orbetelloturismo.it\/\" target=\"_blank\" rel=\"noopener\">orbetelloturismo.it<\/a><\/li>\n<li>Portali turistici e blog : <a href=\"https:\/\/www.tuttomaremma.com\/orbetelloitinerari.htm\" target=\"_blank\" rel=\"noopener\">www.tuttomaremma.com<\/a>, <a href=\"https:\/\/www.invacanzaallargentario.it\/cosa-vedere-a-orbetello\/\" target=\"_blank\" rel=\"noopener\">www.invacanzaallargentario.it<\/a><\/li>\n<\/ul>\n<h2>Articoli sulla Maremma<\/h2>\n<ul class=\"lcp_catlist2\" id=\"lcp_instance_0\"><li><a href=\"https:\/\/www.latoscane.net\/it\/argentario\/\">Argentario<\/a><a href=\"https:\/\/www.latoscane.net\/it\/argentario\/\" title=\"Argentario\"><img loading=\"lazy\" decoding=\"async\" width=\"150\" height=\"150\" src=\"https:\/\/www.latoscane.net\/wp-content\/uploads\/2017\/02\/panorama-marina-porto-ercole-argentario-7833-150x150.jpg\" class=\"lcp_thumbnail wp-post-image\" alt=\"Argentario\" srcset=\"https:\/\/www.latoscane.net\/wp-content\/uploads\/2017\/02\/panorama-marina-porto-ercole-argentario-7833-150x150.jpg 150w, https:\/\/www.latoscane.net\/wp-content\/uploads\/2017\/02\/panorama-marina-porto-ercole-argentario-7833-50x50.jpg 50w, https:\/\/www.latoscane.net\/wp-content\/uploads\/2017\/02\/panorama-marina-porto-ercole-argentario-7833-80x80.jpg 80w, https:\/\/www.latoscane.net\/wp-content\/uploads\/2017\/02\/panorama-marina-porto-ercole-argentario-7833-75x75.jpg 75w\" sizes=\"(max-width: 150px) 100vw, 150px\" \/><\/a><div class=\"lcp_excerpt\">\nIl Promontorio dell&#8217;Argentario \u00e8 un bellissimo sito a sud della costa toscana, in provincia di Grosseto. Attira i visitatori per le sue varie attrazioni: l&#8217;ambiente marino, il clima mite, la ...<\/div><\/li><li><a href=\"https:\/\/www.latoscane.net\/it\/parco-naturale-della-maremma\/\">Parco naturale della Maremma<\/a><a href=\"https:\/\/www.latoscane.net\/it\/parco-naturale-della-maremma\/\" title=\"Parco naturale della Maremma\"><img loading=\"lazy\" decoding=\"async\" width=\"150\" height=\"118\" src=\"https:\/\/www.latoscane.net\/wp-content\/uploads\/2017\/03\/maremme-150x118.jpg\" class=\"lcp_thumbnail wp-post-image\" alt=\"Parco naturale della Maremma\" \/><\/a><div class=\"lcp_excerpt\">\nIl Parco Naturale della Maremma, detto anche Parco dell&#8217;Uccellina, si estende su quasi 10 mila ettari lungo la costa, con circa 25 km di litorale da Principina a Mare a ...<\/div><\/li><li><a href=\"https:\/\/www.latoscane.net\/it\/maremma\/\">La Maremma<\/a><a href=\"https:\/\/www.latoscane.net\/it\/maremma\/\" title=\"La Maremma\"><img loading=\"lazy\" decoding=\"async\" width=\"150\" height=\"150\" src=\"https:\/\/www.latoscane.net\/wp-content\/uploads\/2024\/09\/castiglione-della-pescaia-8055-150x150.jpg\" class=\"lcp_thumbnail wp-post-image\" alt=\"La Maremma\" srcset=\"https:\/\/www.latoscane.net\/wp-content\/uploads\/2024\/09\/castiglione-della-pescaia-8055-150x150.jpg 150w, https:\/\/www.latoscane.net\/wp-content\/uploads\/2024\/09\/castiglione-della-pescaia-8055-50x50.jpg 50w, https:\/\/www.latoscane.net\/wp-content\/uploads\/2024\/09\/castiglione-della-pescaia-8055-80x80.jpg 80w, https:\/\/www.latoscane.net\/wp-content\/uploads\/2024\/09\/castiglione-della-pescaia-8055-75x75.jpg 75w\" sizes=\"(max-width: 150px) 100vw, 150px\" \/><\/a><div class=\"lcp_excerpt\">\nLa Maremma \u00e8 una vasta area storica della Toscana, un territorio affascinante dall&#8217;atmosfera piacevole e accogliente. Gran parte di questa regione si estende lungo la costa toscana per circa 100 ...<\/div><\/li><li><a href=\"https:\/\/www.latoscane.net\/it\/massa-marittima-in-toscana\/\">Massa Marittima<\/a><a href=\"https:\/\/www.latoscane.net\/it\/massa-marittima-in-toscana\/\" title=\"Massa Marittima\"><img loading=\"lazy\" decoding=\"async\" width=\"150\" height=\"150\" src=\"https:\/\/www.latoscane.net\/wp-content\/uploads\/2017\/06\/piazza-garibaldi-massa-marittima-1950-150x150.jpg\" class=\"lcp_thumbnail wp-post-image\" alt=\"Massa Marittima\" srcset=\"https:\/\/www.latoscane.net\/wp-content\/uploads\/2017\/06\/piazza-garibaldi-massa-marittima-1950-150x150.jpg 150w, https:\/\/www.latoscane.net\/wp-content\/uploads\/2017\/06\/piazza-garibaldi-massa-marittima-1950-50x50.jpg 50w, https:\/\/www.latoscane.net\/wp-content\/uploads\/2017\/06\/piazza-garibaldi-massa-marittima-1950-80x80.jpg 80w, https:\/\/www.latoscane.net\/wp-content\/uploads\/2017\/06\/piazza-garibaldi-massa-marittima-1950-75x75.jpg 75w\" sizes=\"(max-width: 150px) 100vw, 150px\" \/><\/a><div class=\"lcp_excerpt\">\nMassa Marittima \u00e8 un borgo storico situato nel cuore della Maremma in provincia di Grosseto, nell&#8217;entroterra contrariamente a quanto il suo nome lascerebbe pensare, a 20 minuti dalla costa di ...<\/div><\/li><li><a href=\"https:\/\/www.latoscane.net\/it\/area-del-tufo\/\">Area del Tufo<\/a><a href=\"https:\/\/www.latoscane.net\/it\/area-del-tufo\/\" title=\"Area del Tufo\"><img loading=\"lazy\" decoding=\"async\" width=\"150\" height=\"150\" src=\"https:\/\/www.latoscane.net\/wp-content\/uploads\/2017\/02\/via-cava-di-san-giuseppe-pitigliano-toscana-8173-150x150.jpg\" class=\"lcp_thumbnail wp-post-image\" alt=\"Area del Tufo\" srcset=\"https:\/\/www.latoscane.net\/wp-content\/uploads\/2017\/02\/via-cava-di-san-giuseppe-pitigliano-toscana-8173-150x150.jpg 150w, https:\/\/www.latoscane.net\/wp-content\/uploads\/2017\/02\/via-cava-di-san-giuseppe-pitigliano-toscana-8173-50x50.jpg 50w, https:\/\/www.latoscane.net\/wp-content\/uploads\/2017\/02\/via-cava-di-san-giuseppe-pitigliano-toscana-8173-80x80.jpg 80w, https:\/\/www.latoscane.net\/wp-content\/uploads\/2017\/02\/via-cava-di-san-giuseppe-pitigliano-toscana-8173-75x75.jpg 75w\" sizes=\"(max-width: 150px) 100vw, 150px\" \/><\/a><div class=\"lcp_excerpt\">\nNel sud-est della Maremma, le colline della Fiora sono ai confini della Toscana e molto vicino al Lazio. Sono attraversate dall&#8217;Area del Tufo, una regione singolare segnata dai suoi promontori ...<\/div><\/li><li><a href=\"https:\/\/www.latoscane.net\/it\/terme-di-saturnia\/\">Terme di Saturnia<\/a><a href=\"https:\/\/www.latoscane.net\/it\/terme-di-saturnia\/\" title=\"Terme di Saturnia\"><img loading=\"lazy\" decoding=\"async\" width=\"150\" height=\"150\" src=\"https:\/\/www.latoscane.net\/wp-content\/uploads\/2024\/09\/cascate-del-mulino-terme-di-saturnia-toscana-8458-150x150.jpg\" class=\"lcp_thumbnail wp-post-image\" alt=\"Terme di Saturnia\" srcset=\"https:\/\/www.latoscane.net\/wp-content\/uploads\/2024\/09\/cascate-del-mulino-terme-di-saturnia-toscana-8458-150x150.jpg 150w, https:\/\/www.latoscane.net\/wp-content\/uploads\/2024\/09\/cascate-del-mulino-terme-di-saturnia-toscana-8458-50x50.jpg 50w, https:\/\/www.latoscane.net\/wp-content\/uploads\/2024\/09\/cascate-del-mulino-terme-di-saturnia-toscana-8458-80x80.jpg 80w, https:\/\/www.latoscane.net\/wp-content\/uploads\/2024\/09\/cascate-del-mulino-terme-di-saturnia-toscana-8458-75x75.jpg 75w\" sizes=\"(max-width: 150px) 100vw, 150px\" \/><\/a><div class=\"lcp_excerpt\">\nLe Terme di Saturnia sono uno dei siti pi\u00f9 famosi della Toscana, con le sue terme naturali di acqua calda, formata da bellissime vasche calcaree di cui una parte \u00e8 ...<\/div><\/li><li class=\"current\"><a href=\"https:\/\/www.latoscane.net\/it\/orbetello-e-sua-laguna\/\">Orbetello e sua laguna<\/a><a href=\"https:\/\/www.latoscane.net\/it\/orbetello-e-sua-laguna\/\" title=\"Orbetello e sua laguna\"><img loading=\"lazy\" decoding=\"async\" width=\"150\" height=\"150\" src=\"https:\/\/www.latoscane.net\/wp-content\/uploads\/2024\/09\/moulin-espagnol-orbetello-7817-150x150.jpg\" class=\"lcp_thumbnail wp-post-image\" alt=\"Orbetello e sua laguna\" srcset=\"https:\/\/www.latoscane.net\/wp-content\/uploads\/2024\/09\/moulin-espagnol-orbetello-7817-150x150.jpg 150w, https:\/\/www.latoscane.net\/wp-content\/uploads\/2024\/09\/moulin-espagnol-orbetello-7817-50x50.jpg 50w, https:\/\/www.latoscane.net\/wp-content\/uploads\/2024\/09\/moulin-espagnol-orbetello-7817-80x80.jpg 80w, https:\/\/www.latoscane.net\/wp-content\/uploads\/2024\/09\/moulin-espagnol-orbetello-7817-75x75.jpg 75w\" sizes=\"(max-width: 150px) 100vw, 150px\" \/><\/a><div class=\"lcp_excerpt\">\nOrbetello \u00e8 una piccola citt\u00e0 tranquilla che gode di una posizione particolare, su un lembo di terra che si snoda in mezzo alla bella laguna di 26 km\u00b2, dove la ...<\/div><\/li><li><a href=\"https:\/\/www.latoscane.net\/it\/pitigliano\/\">Pitigliano<\/a><a href=\"https:\/\/www.latoscane.net\/it\/pitigliano\/\" title=\"Pitigliano\"><img loading=\"lazy\" decoding=\"async\" width=\"150\" height=\"150\" src=\"https:\/\/www.latoscane.net\/wp-content\/uploads\/2017\/03\/pitigliano-9105-150x150.jpg\" class=\"lcp_thumbnail wp-post-image\" alt=\"Pitigliano\" srcset=\"https:\/\/www.latoscane.net\/wp-content\/uploads\/2017\/03\/pitigliano-9105-150x150.jpg 150w, https:\/\/www.latoscane.net\/wp-content\/uploads\/2017\/03\/pitigliano-9105-50x50.jpg 50w, https:\/\/www.latoscane.net\/wp-content\/uploads\/2017\/03\/pitigliano-9105-65x65.jpg 65w\" sizes=\"(max-width: 150px) 100vw, 150px\" \/><\/a><div class=\"lcp_excerpt\">\nPitigliano \u00e8 uno dei siti pi\u00f9 impressionanti della Maremma, nella Valle del Tufo a sud della Toscana. Questo villaggio corona in modo sorprendente una roccia di tufo che domina le ...<\/div><\/li><li><a href=\"https:\/\/www.latoscane.net\/it\/magliano-in-toscana\/\">Magliano in Toscana<\/a><a href=\"https:\/\/www.latoscane.net\/it\/magliano-in-toscana\/\" title=\"Magliano in Toscana\"><img loading=\"lazy\" decoding=\"async\" width=\"150\" height=\"150\" src=\"https:\/\/www.latoscane.net\/wp-content\/uploads\/2024\/09\/enceinte-murs-de-magliano-in-toscana-8094-150x150.jpg\" class=\"lcp_thumbnail wp-post-image\" alt=\"Magliano in Toscana\" srcset=\"https:\/\/www.latoscane.net\/wp-content\/uploads\/2024\/09\/enceinte-murs-de-magliano-in-toscana-8094-150x150.jpg 150w, https:\/\/www.latoscane.net\/wp-content\/uploads\/2024\/09\/enceinte-murs-de-magliano-in-toscana-8094-50x50.jpg 50w, https:\/\/www.latoscane.net\/wp-content\/uploads\/2024\/09\/enceinte-murs-de-magliano-in-toscana-8094-80x80.jpg 80w, https:\/\/www.latoscane.net\/wp-content\/uploads\/2024\/09\/enceinte-murs-de-magliano-in-toscana-8094-75x75.jpg 75w\" sizes=\"(max-width: 150px) 100vw, 150px\" \/><\/a><div class=\"lcp_excerpt\">\nMagliano in Toscana \u00e8 un grazioso borgo della Maremma, che conserva mura medievali, un suggestivo centro storico e rinomati ristoranti in tutta la regione. Quello che pi\u00f9 impressiona sono le ...<\/div><\/li><li><a href=\"https:\/\/www.latoscane.net\/it\/castiglione-della-pescaia\/\">Castiglione della Pescaia<\/a><a href=\"https:\/\/www.latoscane.net\/it\/castiglione-della-pescaia\/\" title=\"Castiglione della Pescaia\"><img loading=\"lazy\" decoding=\"async\" width=\"150\" height=\"150\" src=\"https:\/\/www.latoscane.net\/wp-content\/uploads\/2024\/09\/castiglione-della-pescaia-8054-150x150.jpg\" class=\"lcp_thumbnail wp-post-image\" alt=\"Castiglione della Pescaia\" srcset=\"https:\/\/www.latoscane.net\/wp-content\/uploads\/2024\/09\/castiglione-della-pescaia-8054-150x150.jpg 150w, https:\/\/www.latoscane.net\/wp-content\/uploads\/2024\/09\/castiglione-della-pescaia-8054-50x50.jpg 50w, https:\/\/www.latoscane.net\/wp-content\/uploads\/2024\/09\/castiglione-della-pescaia-8054-80x80.jpg 80w, https:\/\/www.latoscane.net\/wp-content\/uploads\/2024\/09\/castiglione-della-pescaia-8054-75x75.jpg 75w\" sizes=\"(max-width: 150px) 100vw, 150px\" \/><\/a><div class=\"lcp_excerpt\">\nCastiglione della Pescaia \u00e8 uno dei borghi pi\u00f9 belli della Toscana e gode di una posizione privilegiata sulla costa tra grandi spiagge sabbiose precedute da belle pinete. Il centro storico ...<\/div><\/li><li><a href=\"https:\/\/www.latoscane.net\/it\/talamone-in-toscana\/\">Talamone in Toscana<\/a><a href=\"https:\/\/www.latoscane.net\/it\/talamone-in-toscana\/\" title=\"Talamone in Toscana\"><img loading=\"lazy\" decoding=\"async\" width=\"150\" height=\"150\" src=\"https:\/\/www.latoscane.net\/wp-content\/uploads\/2024\/09\/costa-bagno-delle-donne-talamone-7997-150x150.jpg\" class=\"lcp_thumbnail wp-post-image\" alt=\"Talamone in Toscana\" srcset=\"https:\/\/www.latoscane.net\/wp-content\/uploads\/2024\/09\/costa-bagno-delle-donne-talamone-7997-150x150.jpg 150w, https:\/\/www.latoscane.net\/wp-content\/uploads\/2024\/09\/costa-bagno-delle-donne-talamone-7997-50x50.jpg 50w, https:\/\/www.latoscane.net\/wp-content\/uploads\/2024\/09\/costa-bagno-delle-donne-talamone-7997-80x80.jpg 80w, https:\/\/www.latoscane.net\/wp-content\/uploads\/2024\/09\/costa-bagno-delle-donne-talamone-7997-75x75.jpg 75w\" sizes=\"(max-width: 150px) 100vw, 150px\" \/><\/a><div class=\"lcp_excerpt\">\nAll&#8217;estremit\u00e0 meridionale del Parco della Maremma, Talamone \u00e8 un piccolo borgo arroccato su un promontorio che domina l&#8217;estremit\u00e0 occidentale del piccolo golfo omonimo, anche localit\u00e0 turistica con le sue spiagge ...<\/div><\/li><li><a href=\"https:\/\/www.latoscane.net\/it\/piombino\/\">Piombino, la citt\u00e0 ed il promontorio<\/a><a href=\"https:\/\/www.latoscane.net\/it\/piombino\/\" title=\"Piombino, la citt\u00e0 ed il promontorio\"><img loading=\"lazy\" decoding=\"async\" width=\"150\" height=\"150\" src=\"https:\/\/www.latoscane.net\/wp-content\/uploads\/2017\/02\/sant-anna-citadella-piombino-9280-150x150.jpg\" class=\"lcp_thumbnail wp-post-image\" alt=\"Piombino, la citt\u00e0 ed il promontorio\" srcset=\"https:\/\/www.latoscane.net\/wp-content\/uploads\/2017\/02\/sant-anna-citadella-piombino-9280-150x150.jpg 150w, https:\/\/www.latoscane.net\/wp-content\/uploads\/2017\/02\/sant-anna-citadella-piombino-9280-50x50.jpg 50w, https:\/\/www.latoscane.net\/wp-content\/uploads\/2017\/02\/sant-anna-citadella-piombino-9280-80x80.jpg 80w, https:\/\/www.latoscane.net\/wp-content\/uploads\/2017\/02\/sant-anna-citadella-piombino-9280-75x75.jpg 75w\" sizes=\"(max-width: 150px) 100vw, 150px\" \/><\/a><div class=\"lcp_excerpt\">\nPiombino \u00e8 una piccola citt\u00e0 di circa 34.000 abitanti ai piedi dell&#8217;omonimo promontorio e vicino all&#8217;antica Populonia etrusca, di fronte alle isole dell&#8217;Arcipelago Toscano, all&#8217;Isola d&#8217;Elba in particolare per la ...<\/div><\/li><li><a href=\"https:\/\/www.latoscane.net\/it\/maremma\/#Giardino_dei_Tarocchi\">Giardino dei Tarocchi<\/a><a href=\"https:\/\/www.latoscane.net\/it\/maremma\/#Giardino_dei_Tarocchi\" title=\"Giardino dei Tarocchi\"><img loading=\"lazy\" decoding=\"async\" width=\"150\" height=\"150\" src=\"https:\/\/www.latoscane.net\/wp-content\/uploads\/2017\/04\/jardin-des-tarots-giardino-dei-tarocchi_1560-150x150.jpg\" class=\"lcp_thumbnail wp-post-image\" alt=\"Giardino dei Tarocchi\" srcset=\"https:\/\/www.latoscane.net\/wp-content\/uploads\/2017\/04\/jardin-des-tarots-giardino-dei-tarocchi_1560-150x150.jpg 150w, https:\/\/www.latoscane.net\/wp-content\/uploads\/2017\/04\/jardin-des-tarots-giardino-dei-tarocchi_1560-50x50.jpg 50w, https:\/\/www.latoscane.net\/wp-content\/uploads\/2017\/04\/jardin-des-tarots-giardino-dei-tarocchi_1560-80x80.jpg 80w, https:\/\/www.latoscane.net\/wp-content\/uploads\/2017\/04\/jardin-des-tarots-giardino-dei-tarocchi_1560-75x75.jpg 75w\" sizes=\"(max-width: 150px) 100vw, 150px\" \/><\/a><div class=\"lcp_excerpt\">Ai piedi del villaggio di Capalbiole, il Giardino dei Tarocchi \u00e8 un luogo stravagante creato dall&#8217;artista franco-americano Niki de Saint Phalle ispirato al Parc G\u00fcell di Gaud\u00ed a Barcellona e ...<\/div><\/li><li><a href=\"https:\/\/www.latoscane.net\/it\/ansedonia-e-cosa-romana\/\">Ansedonia e Cosa romana<\/a><a href=\"https:\/\/www.latoscane.net\/it\/ansedonia-e-cosa-romana\/\" title=\"Ansedonia e Cosa romana\"><img loading=\"lazy\" decoding=\"async\" width=\"150\" height=\"150\" src=\"https:\/\/www.latoscane.net\/wp-content\/uploads\/2017\/04\/cosa-antica_1480-150x150.jpg\" class=\"lcp_thumbnail wp-post-image\" alt=\"Ansedonia e Cosa romana\" srcset=\"https:\/\/www.latoscane.net\/wp-content\/uploads\/2017\/04\/cosa-antica_1480-150x150.jpg 150w, https:\/\/www.latoscane.net\/wp-content\/uploads\/2017\/04\/cosa-antica_1480-50x50.jpg 50w, https:\/\/www.latoscane.net\/wp-content\/uploads\/2017\/04\/cosa-antica_1480-80x80.jpg 80w, https:\/\/www.latoscane.net\/wp-content\/uploads\/2017\/04\/cosa-antica_1480-75x75.jpg 75w\" sizes=\"(max-width: 150px) 100vw, 150px\" \/><\/a><div class=\"lcp_excerpt\">\nA sud della laguna di Orbetello, Ansedonia \u00e8 una localit\u00e0 balneare con le sue due spiagge di sabbia, ai piedi di un rilievo dove fu costruita la colonia romana di ...<\/div><\/li><\/ul>","protected":false},"excerpt":{"rendered":"<p>Orbetello \u00e8 una piccola citt\u00e0 tranquilla che gode di una posizione particolare, su un lembo di terra che si snoda in mezzo alla bella laguna di 26 km\u00b2, dove la strada prosegue sulla diga artificiale che conduce al promontorio dell&#8217;Argentario.Questa laguna si divide cos\u00ec in due parti, la laguna di Ponente a nord chiusa dall&#8217;istmo [&hellip;]<\/p>\n","protected":false},"author":1,"featured_media":8742,"comment_status":"open","ping_status":"open","sticky":false,"template":"","format":"standard","meta":{"_acf_changed":false,"footnotes":"","_links_to":"","_links_to_target":""},"categories":[141,114],"tags":[213],"acf":[],"yoast_head":"<!-- This site is optimized with the Yoast SEO plugin v22.8 - https:\/\/yoast.com\/wordpress\/plugins\/seo\/ -->\n<title>Orbetello e sua laguna - Turismo<\/title>\n<meta name=\"description\" content=\"Orbetello \u00e8 una tranquilla cittadina su un lembo di terra in mezzo alla laguna che conduce all&#039;Argentario, delimitata dalle sue spiagge sabbiose e dalla zona umida\" \/>\n<meta name=\"robots\" content=\"index, follow, max-snippet:-1, max-image-preview:large, max-video-preview:-1\" \/>\n<link rel=\"canonical\" href=\"https:\/\/www.latoscane.net\/it\/orbetello-e-sua-laguna\/\" \/>\n<meta property=\"og:locale\" content=\"it_IT\" \/>\n<meta property=\"og:type\" content=\"article\" \/>\n<meta property=\"og:title\" content=\"Orbetello e sua laguna - Turismo\" \/>\n<meta property=\"og:description\" content=\"Orbetello \u00e8 una tranquilla cittadina su un lembo di terra in mezzo alla laguna che conduce all&#039;Argentario, delimitata dalle sue spiagge sabbiose e dalla zona umida\" \/>\n<meta property=\"og:url\" content=\"https:\/\/www.latoscane.net\/it\/orbetello-e-sua-laguna\/\" \/>\n<meta property=\"og:site_name\" content=\"LaToscane.net\" \/>\n<meta property=\"article:published_time\" content=\"2024-05-16T10:42:07+00:00\" \/>\n<meta property=\"article:modified_time\" content=\"2025-09-10T19:49:06+00:00\" \/>\n<meta property=\"og:image\" content=\"https:\/\/www.latoscane.net\/wp-content\/uploads\/2024\/09\/moulin-espagnol-orbetello-7817.jpg\" \/>\n\t<meta property=\"og:image:width\" content=\"1200\" \/>\n\t<meta property=\"og:image:height\" content=\"800\" \/>\n\t<meta property=\"og:image:type\" content=\"image\/jpeg\" \/>\n<meta name=\"author\" content=\"Galgano\" \/>\n<meta name=\"twitter:card\" content=\"summary_large_image\" \/>\n<meta name=\"twitter:label1\" content=\"Scritto da\" \/>\n\t<meta name=\"twitter:data1\" content=\"Galgano\" \/>\n\t<meta name=\"twitter:label2\" content=\"Tempo di lettura stimato\" \/>\n\t<meta name=\"twitter:data2\" content=\"7 minuti\" \/>\n<script type=\"application\/ld+json\" class=\"yoast-schema-graph\">{\"@context\":\"https:\/\/schema.org\",\"@graph\":[{\"@type\":\"WebPage\",\"@id\":\"https:\/\/www.latoscane.net\/it\/orbetello-e-sua-laguna\/\",\"url\":\"https:\/\/www.latoscane.net\/it\/orbetello-e-sua-laguna\/\",\"name\":\"Orbetello e sua laguna - Turismo\",\"isPartOf\":{\"@id\":\"https:\/\/www.latoscane.net\/#website\"},\"primaryImageOfPage\":{\"@id\":\"https:\/\/www.latoscane.net\/it\/orbetello-e-sua-laguna\/#primaryimage\"},\"image\":{\"@id\":\"https:\/\/www.latoscane.net\/it\/orbetello-e-sua-laguna\/#primaryimage\"},\"thumbnailUrl\":\"https:\/\/www.latoscane.net\/wp-content\/uploads\/2024\/09\/moulin-espagnol-orbetello-7817.jpg\",\"datePublished\":\"2024-05-16T10:42:07+00:00\",\"dateModified\":\"2025-09-10T19:49:06+00:00\",\"author\":{\"@id\":\"https:\/\/www.latoscane.net\/#\/schema\/person\/dae56e679cb6d9bdaf2b0b54b1320d42\"},\"description\":\"Orbetello \u00e8 una tranquilla cittadina su un lembo di terra in mezzo alla laguna che conduce all'Argentario, delimitata dalle sue spiagge sabbiose e dalla zona umida\",\"breadcrumb\":{\"@id\":\"https:\/\/www.latoscane.net\/it\/orbetello-e-sua-laguna\/#breadcrumb\"},\"inLanguage\":\"it-IT\",\"potentialAction\":[{\"@type\":\"ReadAction\",\"target\":[\"https:\/\/www.latoscane.net\/it\/orbetello-e-sua-laguna\/\"]}]},{\"@type\":\"ImageObject\",\"inLanguage\":\"it-IT\",\"@id\":\"https:\/\/www.latoscane.net\/it\/orbetello-e-sua-laguna\/#primaryimage\",\"url\":\"https:\/\/www.latoscane.net\/wp-content\/uploads\/2024\/09\/moulin-espagnol-orbetello-7817.jpg\",\"contentUrl\":\"https:\/\/www.latoscane.net\/wp-content\/uploads\/2024\/09\/moulin-espagnol-orbetello-7817.jpg\",\"width\":1200,\"height\":800,\"caption\":\"Veduta del mulino spagnolo di Orbetello\"},{\"@type\":\"BreadcrumbList\",\"@id\":\"https:\/\/www.latoscane.net\/it\/orbetello-e-sua-laguna\/#breadcrumb\",\"itemListElement\":[{\"@type\":\"ListItem\",\"position\":1,\"name\":\"Accueil\",\"item\":\"https:\/\/www.latoscane.net\/it\/\"},{\"@type\":\"ListItem\",\"position\":2,\"name\":\"Orbetello e sua laguna\"}]},{\"@type\":\"WebSite\",\"@id\":\"https:\/\/www.latoscane.net\/#website\",\"url\":\"https:\/\/www.latoscane.net\/\",\"name\":\"LaToscane.net\",\"description\":\"Visita della regione Toscana\",\"potentialAction\":[{\"@type\":\"SearchAction\",\"target\":{\"@type\":\"EntryPoint\",\"urlTemplate\":\"https:\/\/www.latoscane.net\/?s={search_term_string}\"},\"query-input\":\"required name=search_term_string\"}],\"inLanguage\":\"it-IT\"},{\"@type\":\"Person\",\"@id\":\"https:\/\/www.latoscane.net\/#\/schema\/person\/dae56e679cb6d9bdaf2b0b54b1320d42\",\"name\":\"Galgano\",\"url\":\"https:\/\/www.latoscane.net\/it\/author\/will\/\"}]}<\/script>\n<!-- \/ Yoast SEO plugin. -->","yoast_head_json":{"title":"Orbetello e sua laguna - Turismo","description":"Orbetello \u00e8 una tranquilla cittadina su un lembo di terra in mezzo alla laguna che conduce all'Argentario, delimitata dalle sue spiagge sabbiose e dalla zona umida","robots":{"index":"index","follow":"follow","max-snippet":"max-snippet:-1","max-image-preview":"max-image-preview:large","max-video-preview":"max-video-preview:-1"},"canonical":"https:\/\/www.latoscane.net\/it\/orbetello-e-sua-laguna\/","og_locale":"it_IT","og_type":"article","og_title":"Orbetello e sua laguna - Turismo","og_description":"Orbetello \u00e8 una tranquilla cittadina su un lembo di terra in mezzo alla laguna che conduce all'Argentario, delimitata dalle sue spiagge sabbiose e dalla zona umida","og_url":"https:\/\/www.latoscane.net\/it\/orbetello-e-sua-laguna\/","og_site_name":"LaToscane.net","article_published_time":"2024-05-16T10:42:07+00:00","article_modified_time":"2025-09-10T19:49:06+00:00","og_image":[{"width":1200,"height":800,"url":"https:\/\/www.latoscane.net\/wp-content\/uploads\/2024\/09\/moulin-espagnol-orbetello-7817.jpg","type":"image\/jpeg"}],"author":"Galgano","twitter_card":"summary_large_image","twitter_misc":{"Scritto da":"Galgano","Tempo di lettura stimato":"7 minuti"},"schema":{"@context":"https:\/\/schema.org","@graph":[{"@type":"WebPage","@id":"https:\/\/www.latoscane.net\/it\/orbetello-e-sua-laguna\/","url":"https:\/\/www.latoscane.net\/it\/orbetello-e-sua-laguna\/","name":"Orbetello e sua laguna - Turismo","isPartOf":{"@id":"https:\/\/www.latoscane.net\/#website"},"primaryImageOfPage":{"@id":"https:\/\/www.latoscane.net\/it\/orbetello-e-sua-laguna\/#primaryimage"},"image":{"@id":"https:\/\/www.latoscane.net\/it\/orbetello-e-sua-laguna\/#primaryimage"},"thumbnailUrl":"https:\/\/www.latoscane.net\/wp-content\/uploads\/2024\/09\/moulin-espagnol-orbetello-7817.jpg","datePublished":"2024-05-16T10:42:07+00:00","dateModified":"2025-09-10T19:49:06+00:00","author":{"@id":"https:\/\/www.latoscane.net\/#\/schema\/person\/dae56e679cb6d9bdaf2b0b54b1320d42"},"description":"Orbetello \u00e8 una tranquilla cittadina su un lembo di terra in mezzo alla laguna che conduce all'Argentario, delimitata dalle sue spiagge sabbiose e dalla zona umida","breadcrumb":{"@id":"https:\/\/www.latoscane.net\/it\/orbetello-e-sua-laguna\/#breadcrumb"},"inLanguage":"it-IT","potentialAction":[{"@type":"ReadAction","target":["https:\/\/www.latoscane.net\/it\/orbetello-e-sua-laguna\/"]}]},{"@type":"ImageObject","inLanguage":"it-IT","@id":"https:\/\/www.latoscane.net\/it\/orbetello-e-sua-laguna\/#primaryimage","url":"https:\/\/www.latoscane.net\/wp-content\/uploads\/2024\/09\/moulin-espagnol-orbetello-7817.jpg","contentUrl":"https:\/\/www.latoscane.net\/wp-content\/uploads\/2024\/09\/moulin-espagnol-orbetello-7817.jpg","width":1200,"height":800,"caption":"Veduta del mulino spagnolo di Orbetello"},{"@type":"BreadcrumbList","@id":"https:\/\/www.latoscane.net\/it\/orbetello-e-sua-laguna\/#breadcrumb","itemListElement":[{"@type":"ListItem","position":1,"name":"Accueil","item":"https:\/\/www.latoscane.net\/it\/"},{"@type":"ListItem","position":2,"name":"Orbetello e sua laguna"}]},{"@type":"WebSite","@id":"https:\/\/www.latoscane.net\/#website","url":"https:\/\/www.latoscane.net\/","name":"LaToscane.net","description":"Visita della regione Toscana","potentialAction":[{"@type":"SearchAction","target":{"@type":"EntryPoint","urlTemplate":"https:\/\/www.latoscane.net\/?s={search_term_string}"},"query-input":"required name=search_term_string"}],"inLanguage":"it-IT"},{"@type":"Person","@id":"https:\/\/www.latoscane.net\/#\/schema\/person\/dae56e679cb6d9bdaf2b0b54b1320d42","name":"Galgano","url":"https:\/\/www.latoscane.net\/it\/author\/will\/"}]}},"_links":{"self":[{"href":"https:\/\/www.latoscane.net\/it\/wp-json\/wp\/v2\/posts\/10377"}],"collection":[{"href":"https:\/\/www.latoscane.net\/it\/wp-json\/wp\/v2\/posts"}],"about":[{"href":"https:\/\/www.latoscane.net\/it\/wp-json\/wp\/v2\/types\/post"}],"author":[{"embeddable":true,"href":"https:\/\/www.latoscane.net\/it\/wp-json\/wp\/v2\/users\/1"}],"replies":[{"embeddable":true,"href":"https:\/\/www.latoscane.net\/it\/wp-json\/wp\/v2\/comments?post=10377"}],"version-history":[{"count":4,"href":"https:\/\/www.latoscane.net\/it\/wp-json\/wp\/v2\/posts\/10377\/revisions"}],"predecessor-version":[{"id":13850,"href":"https:\/\/www.latoscane.net\/it\/wp-json\/wp\/v2\/posts\/10377\/revisions\/13850"}],"wp:featuredmedia":[{"embeddable":true,"href":"https:\/\/www.latoscane.net\/it\/wp-json\/wp\/v2\/media\/8742"}],"wp:attachment":[{"href":"https:\/\/www.latoscane.net\/it\/wp-json\/wp\/v2\/media?parent=10377"}],"wp:term":[{"taxonomy":"category","embeddable":true,"href":"https:\/\/www.latoscane.net\/it\/wp-json\/wp\/v2\/categories?post=10377"},{"taxonomy":"post_tag","embeddable":true,"href":"https:\/\/www.latoscane.net\/it\/wp-json\/wp\/v2\/tags?post=10377"}],"curies":[{"name":"wp","href":"https:\/\/api.w.org\/{rel}","templated":true}]}}