{"id":10396,"date":"2024-02-22T14:37:13","date_gmt":"2024-02-22T13:37:13","guid":{"rendered":"https:\/\/www.latoscane.net\/da-vedere-a-lucca\/"},"modified":"2025-09-10T21:37:32","modified_gmt":"2025-09-10T19:37:32","slug":"da-vedere-a-lucca","status":"publish","type":"post","link":"https:\/\/www.latoscane.net\/it\/da-vedere-a-lucca\/","title":{"rendered":"Cosa vedere a Lucca"},"content":{"rendered":"\n<p><strong>Lucca<\/strong> \u00e8 una citt\u00e0 piacevole ed accogliente, il cui grazioso centro storico, pulito e ordinato, \u00e8 protetto da un&#8217;ampia cinta muraria cinquecentesca. Tra i suoi luoghi imperdibili, la Piazza dell&#8217;Anfiteatro ricorda il passato romano della citt\u00e0 che ha mantenuto la fisionomia dell&#8217;antico edificio. Altre belle piazze si trovano davanti alle notevoli chiese tra cui la cattedrale di San Martino, San Michele in Foro e San Ferdiano. Ha anche conservato alcune belle torri medievali che si visitano per raggiungere le loro terrazze con viste panoramiche sui tetti. Il Museo di Palazzo Mansi ospita la principale pinacoteca di Lucca, mentre quello di Villa Guinigi documenta la storia della citt\u00e0, mentre la casa-museo Puccini \u00e8 dedicata al celebre compositore, originario del luogo.<\/p>\n<p>Leggere anche la presentazione generale di<br \/><a href=\"https:\/\/www.latoscane.net\/it\/lucca\/\" class=\"su-button su-button-style-default buttonintext\" style=\"color:#FFFFFF;background-color:#ec6455;border-color:#bd5044;border-radius:5px\" target=\"_self\" title=\"Lucca in Toscana\"><span style=\"color:#FFFFFF;padding:6px 16px;font-size:13px;line-height:20px;border-color:#f29388;border-radius:5px;text-shadow:none\"><i class=\"sui sui-hand-o-up\" style=\"font-size:13px;color:#FFFFFF\"><\/i> Lucca<\/span><\/a>\n<div id=\"travelersmap-container-69f2939bbafc3\" class=\"travelersmap-container\" style=\"z-index: 1; min-height: 10px; min-width:10px; height:450px;width:60%; max-width:; max-height:; position:relative;\"><div style=\"position:absolute; z-index:-1;top: 50%;text-align: center;display: block;left: 50%;transform: translate(-50%,-50%);\">Travelers' Map is loading...<br>If you see this after your page is loaded completely, leafletJS files are missing.<\/div><\/div>\n<h2>Piazza dell&#8217;Anfiteatro<\/h2>\n<p>Vicino alla Porta Santa Maria, ingresso nord di Lucca, la <strong>Piazza dell&#8217;Anfiteatro<\/strong> \u00e8 una vasta piazza di forma ellittica, corrispondente proprio all&#8217;anfiteatro romano che vi si trovava. Costruita nel 1800, \u00e8 sicuramente la pi\u00f9 affascinante delle piazze della citt\u00e0, essendo Piazza Napoleone la pi\u00f9 grande. La sua atmosfera \u00e8 dolce e piacevole, con le facciate chiare gialle e arancioni delle case, davanti alle quali sono installate le terrazze dei ristoranti. Si accede da uno dei quattro piccoli passaggi a volta.<br \/>Alcuni resti romani si trovano all&#8217;interno di negozi intorno alla piazza e un mercato \u00e8 tenuto l\u00ec ogni settimana.<\/p>\n\n\n<figure class=\"wp-block-gallery has-nested-images columns-default is-cropped wp-block-gallery-2 is-layout-flex wp-block-gallery-is-layout-flex\">\n<figure class=\"wp-block-image size-medium\"><a href=\"https:\/\/www.latoscane.net\/wp-content\/uploads\/2024\/09\/piazza-dell-anfiteatro-lucca-8411-300x200.jpg\"><img loading=\"lazy\" decoding=\"async\" width=\"300\" height=\"200\" data-id=\"7935\" src=\"https:\/\/www.latoscane.net\/wp-content\/uploads\/2024\/09\/piazza-dell-anfiteatro-lucca-8411-300x200.jpg\" alt=\"Foto della Piazza dell'Anfiteatro a Lucca\" class=\"wp-image-7935\" srcset=\"https:\/\/www.latoscane.net\/wp-content\/uploads\/2024\/09\/piazza-dell-anfiteatro-lucca-8411-300x200.jpg 300w, https:\/\/www.latoscane.net\/wp-content\/uploads\/2024\/09\/piazza-dell-anfiteatro-lucca-8411-1024x683.jpg 1024w, https:\/\/www.latoscane.net\/wp-content\/uploads\/2024\/09\/piazza-dell-anfiteatro-lucca-8411-768x512.jpg 768w, https:\/\/www.latoscane.net\/wp-content\/uploads\/2024\/09\/piazza-dell-anfiteatro-lucca-8411.jpg 1200w\" sizes=\"(max-width: 300px) 100vw, 300px\" \/><\/a><figcaption class=\"wp-element-caption\">Piazza dell&#8217;Anfiteatro<\/figcaption><\/figure>\n\n\n\n<figure class=\"wp-block-image size-medium\"><a href=\"https:\/\/www.latoscane.net\/wp-content\/uploads\/2024\/09\/piazza-dell-anfiteatro-lucca-8553-300x200.jpg\"><img loading=\"lazy\" decoding=\"async\" width=\"300\" height=\"200\" data-id=\"7932\" src=\"https:\/\/www.latoscane.net\/wp-content\/uploads\/2024\/09\/piazza-dell-anfiteatro-lucca-8553-300x200.jpg\" alt=\"Veduta della Piazza dell'Anfiteatro a Lucca\" class=\"wp-image-7932\" srcset=\"https:\/\/www.latoscane.net\/wp-content\/uploads\/2024\/09\/piazza-dell-anfiteatro-lucca-8553-300x200.jpg 300w, https:\/\/www.latoscane.net\/wp-content\/uploads\/2024\/09\/piazza-dell-anfiteatro-lucca-8553-1024x683.jpg 1024w, https:\/\/www.latoscane.net\/wp-content\/uploads\/2024\/09\/piazza-dell-anfiteatro-lucca-8553-768x512.jpg 768w, https:\/\/www.latoscane.net\/wp-content\/uploads\/2024\/09\/piazza-dell-anfiteatro-lucca-8553.jpg 1200w\" sizes=\"(max-width: 300px) 100vw, 300px\" \/><\/a><figcaption class=\"wp-element-caption\">Piazza dell&#8217;Anfiteatro<\/figcaption><\/figure>\n<\/figure>\n\n\n<h2>Cattedrale di San Martino di Lucca<\/h2>\n<p>La splendida <strong>Cattedrale di San Martino<\/strong> \u00e8 un notevole esempio di architettura romanica e gotica rinascimentale, costruita principalmente tra la fine del XI secolo e fino al XVII.<br \/>La sua splendida facciata in marmo policromo si ispira a quella di Pisa, e sorprende per la sua mancanza di simmetria. Il portico ha ricchi rilievi, con scene della vita di San Martino o un curioso labirinto.<br \/>L&#8217;interno gotico \u00e8 grandioso, conservando diversi capolavori, in particolare il monumento funebre in marmo di Ilaria del Carretto scolpito da Jacopo della Quercia, un antico crocifisso in legno, o il vicino Museo del Duomo.\u00a0<br \/>\u2192 Leggere <a href=\"https:\/\/www.latoscane.net\/it\/cattedrale-di-san-martino-di-lucca\/\">cattedrale di San Martino di Lucca<\/a><\/p>\n\n\n<figure class=\"wp-block-gallery has-nested-images columns-default is-cropped wp-block-gallery-3 is-layout-flex wp-block-gallery-is-layout-flex\">\n<figure class=\"wp-block-image size-medium\"><a href=\"https:\/\/www.latoscane.net\/wp-content\/uploads\/2017\/07\/cathedrale-saint-martin-de-lucques-8391-200x300.jpg\"><img loading=\"lazy\" decoding=\"async\" width=\"200\" height=\"300\" data-id=\"7900\" src=\"https:\/\/www.latoscane.net\/wp-content\/uploads\/2017\/07\/cathedrale-saint-martin-de-lucques-8391-200x300.jpg\" alt=\"Foto della cattedrale di San Martino di Lucca\" class=\"wp-image-7900\" srcset=\"https:\/\/www.latoscane.net\/wp-content\/uploads\/2017\/07\/cathedrale-saint-martin-de-lucques-8391-200x300.jpg 200w, https:\/\/www.latoscane.net\/wp-content\/uploads\/2017\/07\/cathedrale-saint-martin-de-lucques-8391-683x1024.jpg 683w, https:\/\/www.latoscane.net\/wp-content\/uploads\/2017\/07\/cathedrale-saint-martin-de-lucques-8391-768x1152.jpg 768w, https:\/\/www.latoscane.net\/wp-content\/uploads\/2017\/07\/cathedrale-saint-martin-de-lucques-8391.jpg 800w\" sizes=\"(max-width: 200px) 100vw, 200px\" \/><\/a><figcaption class=\"wp-element-caption\">Cattedrale di Lucca<\/figcaption><\/figure>\n\n\n\n<figure class=\"wp-block-image size-medium\"><a href=\"https:\/\/www.latoscane.net\/wp-content\/uploads\/2017\/01\/cathedrale-saint-martin-de-lucques-8709-300x200.jpg\"><img loading=\"lazy\" decoding=\"async\" width=\"300\" height=\"200\" data-id=\"8066\" src=\"https:\/\/www.latoscane.net\/wp-content\/uploads\/2017\/01\/cathedrale-saint-martin-de-lucques-8709-300x200.jpg\" alt=\"Foto dell'interno gotico della cattedrale di Lucca\" class=\"wp-image-8066\" srcset=\"https:\/\/www.latoscane.net\/wp-content\/uploads\/2017\/01\/cathedrale-saint-martin-de-lucques-8709-300x200.jpg 300w, https:\/\/www.latoscane.net\/wp-content\/uploads\/2017\/01\/cathedrale-saint-martin-de-lucques-8709-1024x683.jpg 1024w, https:\/\/www.latoscane.net\/wp-content\/uploads\/2017\/01\/cathedrale-saint-martin-de-lucques-8709-768x512.jpg 768w, https:\/\/www.latoscane.net\/wp-content\/uploads\/2017\/01\/cathedrale-saint-martin-de-lucques-8709.jpg 1200w\" sizes=\"(max-width: 300px) 100vw, 300px\" \/><\/a><figcaption class=\"wp-element-caption\">Interno<\/figcaption><\/figure>\n\n\n\n<figure class=\"wp-block-image size-medium\"><a href=\"https:\/\/www.latoscane.net\/wp-content\/uploads\/2017\/01\/monumento-funebre-a-ilaria-del-carretto-duomo-di-san-martino-lucca-8697-300x200.jpg\"><img loading=\"lazy\" decoding=\"async\" width=\"300\" height=\"200\" data-id=\"8069\" src=\"https:\/\/www.latoscane.net\/wp-content\/uploads\/2017\/01\/monumento-funebre-a-ilaria-del-carretto-duomo-di-san-martino-lucca-8697-300x200.jpg\" alt=\"Foto del monumento funebre ad Ilaria del Carretto, cattedrale di Lucca\" class=\"wp-image-8069\" srcset=\"https:\/\/www.latoscane.net\/wp-content\/uploads\/2017\/01\/monumento-funebre-a-ilaria-del-carretto-duomo-di-san-martino-lucca-8697-300x200.jpg 300w, https:\/\/www.latoscane.net\/wp-content\/uploads\/2017\/01\/monumento-funebre-a-ilaria-del-carretto-duomo-di-san-martino-lucca-8697-1024x683.jpg 1024w, https:\/\/www.latoscane.net\/wp-content\/uploads\/2017\/01\/monumento-funebre-a-ilaria-del-carretto-duomo-di-san-martino-lucca-8697-768x512.jpg 768w, https:\/\/www.latoscane.net\/wp-content\/uploads\/2017\/01\/monumento-funebre-a-ilaria-del-carretto-duomo-di-san-martino-lucca-8697.jpg 1200w\" sizes=\"(max-width: 300px) 100vw, 300px\" \/><\/a><figcaption class=\"wp-element-caption\">Monumento a Ilaria del Carretto (1408)<\/figcaption><\/figure>\n<\/figure>\n\n\n<h2>Chiesa di San Michele in Foro<\/h2>\n<p>Tra le belle chiese di Lucca, la splendida <strong>chiesa di San Michele in Foro<\/strong> si distingue con il suo stile romanico-gotico ispirato anche a quello pisano. Attestata nel 795, l&#8217;edificio attuale fu costruito dove si trovava il Foro Romano a partire dal 1079 con papa Alessandro II, e fino al XIV secolo.<br \/>La sua alta facciata \u00e8 sorprendente con la sua ricchezza di sculture, tra cui le logge in altezza, e sormontata dalla statua dell&#8217;arcangelo San Michele che colpisce il drago per ucciderlo.<br \/>La navata centrale \u00e8 sostenuta da arcate sostenute da colonne monolitiche, e l&#8217;edificio \u00e8 coperto di volte a botte.<br \/>Ospita importanti opere, come una <em>Madonna col Bambino<\/em> in terracotta di Luca della Robbia, la <em>pala Magrini<\/em> di Filippino Lippi con i quattro santi, ecc.<\/p>\n\n\n<figure class=\"wp-block-gallery has-nested-images columns-default is-cropped wp-block-gallery-4 is-layout-flex wp-block-gallery-is-layout-flex\">\n<figure class=\"wp-block-image size-medium\"><a href=\"https:\/\/www.latoscane.net\/wp-content\/uploads\/2017\/01\/chiesa-di-san-michele-in-foro-lucca-8625-200x300.jpg\"><img loading=\"lazy\" decoding=\"async\" width=\"200\" height=\"300\" data-id=\"7959\" src=\"https:\/\/www.latoscane.net\/wp-content\/uploads\/2017\/01\/chiesa-di-san-michele-in-foro-lucca-8625-200x300.jpg\" alt=\"Veduta della facciata della chiesa di San Michele in Foro a Lucca\" class=\"wp-image-7959\" srcset=\"https:\/\/www.latoscane.net\/wp-content\/uploads\/2017\/01\/chiesa-di-san-michele-in-foro-lucca-8625-200x300.jpg 200w, https:\/\/www.latoscane.net\/wp-content\/uploads\/2017\/01\/chiesa-di-san-michele-in-foro-lucca-8625-683x1024.jpg 683w, https:\/\/www.latoscane.net\/wp-content\/uploads\/2017\/01\/chiesa-di-san-michele-in-foro-lucca-8625-768x1152.jpg 768w, https:\/\/www.latoscane.net\/wp-content\/uploads\/2017\/01\/chiesa-di-san-michele-in-foro-lucca-8625.jpg 800w\" sizes=\"(max-width: 200px) 100vw, 200px\" \/><\/a><figcaption class=\"wp-element-caption\">San Michele in Foro<\/figcaption><\/figure>\n\n\n\n<figure class=\"wp-block-image size-medium\"><a href=\"https:\/\/www.latoscane.net\/wp-content\/uploads\/2017\/01\/campanile-san-michele-in-foro-lucca-8745-200x300.jpg\"><img loading=\"lazy\" decoding=\"async\" width=\"200\" height=\"300\" data-id=\"8074\" src=\"https:\/\/www.latoscane.net\/wp-content\/uploads\/2017\/01\/campanile-san-michele-in-foro-lucca-8745-200x300.jpg\" alt=\"Foto del campanile di San Michele in Foro a Lucca\" class=\"wp-image-8074\" srcset=\"https:\/\/www.latoscane.net\/wp-content\/uploads\/2017\/01\/campanile-san-michele-in-foro-lucca-8745-200x300.jpg 200w, https:\/\/www.latoscane.net\/wp-content\/uploads\/2017\/01\/campanile-san-michele-in-foro-lucca-8745-683x1024.jpg 683w, https:\/\/www.latoscane.net\/wp-content\/uploads\/2017\/01\/campanile-san-michele-in-foro-lucca-8745-768x1152.jpg 768w, https:\/\/www.latoscane.net\/wp-content\/uploads\/2017\/01\/campanile-san-michele-in-foro-lucca-8745.jpg 800w\" sizes=\"(max-width: 200px) 100vw, 200px\" \/><\/a><figcaption class=\"wp-element-caption\">Campanile di San Michele a Lucca<\/figcaption><\/figure>\n\n\n\n<figure class=\"wp-block-image size-medium\"><a href=\"https:\/\/www.latoscane.net\/wp-content\/uploads\/2017\/01\/interno-chiesa-san-michele-in-foro-lucca-8629-300x200.jpg\"><img loading=\"lazy\" decoding=\"async\" width=\"300\" height=\"200\" data-id=\"7965\" src=\"https:\/\/www.latoscane.net\/wp-content\/uploads\/2017\/01\/interno-chiesa-san-michele-in-foro-lucca-8629-300x200.jpg\" alt=\"Foto del'interno della chiesa di San Michele in Foro a Lucca\" class=\"wp-image-7965\" srcset=\"https:\/\/www.latoscane.net\/wp-content\/uploads\/2017\/01\/interno-chiesa-san-michele-in-foro-lucca-8629-300x200.jpg 300w, https:\/\/www.latoscane.net\/wp-content\/uploads\/2017\/01\/interno-chiesa-san-michele-in-foro-lucca-8629-1024x683.jpg 1024w, https:\/\/www.latoscane.net\/wp-content\/uploads\/2017\/01\/interno-chiesa-san-michele-in-foro-lucca-8629-768x512.jpg 768w, https:\/\/www.latoscane.net\/wp-content\/uploads\/2017\/01\/interno-chiesa-san-michele-in-foro-lucca-8629.jpg 1200w\" sizes=\"(max-width: 300px) 100vw, 300px\" \/><\/a><figcaption class=\"wp-element-caption\">San Michele in Foro<\/figcaption><\/figure>\n<\/figure>\n\n\n<h2>Basilica di San Frediano<\/h2>\n<p>Altro edificio monumentale di Lucca, la <strong>Basilica di San Frediano<\/strong> \u00e8 pi\u00f9 austera delle chiese precedentemente citate. La sua origine risale al VI secolo con Frediano, che fu eremita irlandese e poi vescovo di Lucca tra il 560 e il 588.<br \/>Si nota subito con il grande mosaico della parte superiore della facciata, risalente alla fine del XIII secolo, elemento raro su un edificio romanico. Con il suo stile bizantino, rappresenta un&#8217;Ascensione di Ges\u00f9, portato da due angeli e gli apostoli.<br \/>Le tre navate sono divise da due bellissimi colonnati. Conserva i resti di Santa Zita, co-patrona di Lucca, e bellissimi fonte battesimale del XII secolo che rappresentano storie di Mos\u00e8, gli apostoli, ecc. La cappella di Sant&#8217;Agostino ha affreschi del XVI secolo e quella della famiglia Tenta opere di Jacopo della Quercia.<\/p>\n\n\n<figure class=\"wp-block-gallery has-nested-images columns-4 is-cropped wp-block-gallery-5 is-layout-flex wp-block-gallery-is-layout-flex\">\n<figure class=\"wp-block-image size-medium\"><a href=\"https:\/\/www.latoscane.net\/wp-content\/uploads\/2017\/01\/basilica-san-frediano-lucca-8832-300x200.jpg\"><img loading=\"lazy\" decoding=\"async\" width=\"300\" height=\"200\" data-id=\"8078\" src=\"https:\/\/www.latoscane.net\/wp-content\/uploads\/2017\/01\/basilica-san-frediano-lucca-8832-300x200.jpg\" alt=\"Foto della facciata di San Frediano a Lucca\" class=\"wp-image-8078\" srcset=\"https:\/\/www.latoscane.net\/wp-content\/uploads\/2017\/01\/basilica-san-frediano-lucca-8832-300x200.jpg 300w, https:\/\/www.latoscane.net\/wp-content\/uploads\/2017\/01\/basilica-san-frediano-lucca-8832-1024x683.jpg 1024w, https:\/\/www.latoscane.net\/wp-content\/uploads\/2017\/01\/basilica-san-frediano-lucca-8832-768x512.jpg 768w, https:\/\/www.latoscane.net\/wp-content\/uploads\/2017\/01\/basilica-san-frediano-lucca-8832.jpg 1200w\" sizes=\"(max-width: 300px) 100vw, 300px\" \/><\/a><figcaption class=\"wp-element-caption\">Facciata di San Frediano<\/figcaption><\/figure>\n\n\n\n<figure class=\"wp-block-image size-medium\"><a href=\"https:\/\/www.latoscane.net\/wp-content\/uploads\/2017\/01\/basilica-di-san-frediano-lucca-8564-300x200.jpg\"><img loading=\"lazy\" decoding=\"async\" width=\"300\" height=\"200\" data-id=\"7968\" src=\"https:\/\/www.latoscane.net\/wp-content\/uploads\/2017\/01\/basilica-di-san-frediano-lucca-8564-300x200.jpg\" alt=\"Foto dell'interno della basilica di San Frediano a Lucca\" class=\"wp-image-7968\" srcset=\"https:\/\/www.latoscane.net\/wp-content\/uploads\/2017\/01\/basilica-di-san-frediano-lucca-8564-300x200.jpg 300w, https:\/\/www.latoscane.net\/wp-content\/uploads\/2017\/01\/basilica-di-san-frediano-lucca-8564-1024x683.jpg 1024w, https:\/\/www.latoscane.net\/wp-content\/uploads\/2017\/01\/basilica-di-san-frediano-lucca-8564-768x512.jpg 768w, https:\/\/www.latoscane.net\/wp-content\/uploads\/2017\/01\/basilica-di-san-frediano-lucca-8564.jpg 1200w\" sizes=\"(max-width: 300px) 100vw, 300px\" \/><\/a><figcaption class=\"wp-element-caption\">San Frediano a Lucca<\/figcaption><\/figure>\n\n\n\n<figure class=\"wp-block-image size-medium\"><a href=\"https:\/\/www.latoscane.net\/wp-content\/uploads\/2017\/01\/fonts-baptismaux-saint-fridien-lucques-8568-300x200.jpg\"><img loading=\"lazy\" decoding=\"async\" width=\"300\" height=\"200\" data-id=\"7974\" src=\"https:\/\/www.latoscane.net\/wp-content\/uploads\/2017\/01\/fonts-baptismaux-saint-fridien-lucques-8568-300x200.jpg\" alt=\"Foto del Fonte battesimale di San Frediano a Lucca\" class=\"wp-image-7974\" srcset=\"https:\/\/www.latoscane.net\/wp-content\/uploads\/2017\/01\/fonts-baptismaux-saint-fridien-lucques-8568-300x200.jpg 300w, https:\/\/www.latoscane.net\/wp-content\/uploads\/2017\/01\/fonts-baptismaux-saint-fridien-lucques-8568-1024x683.jpg 1024w, https:\/\/www.latoscane.net\/wp-content\/uploads\/2017\/01\/fonts-baptismaux-saint-fridien-lucques-8568-768x512.jpg 768w, https:\/\/www.latoscane.net\/wp-content\/uploads\/2017\/01\/fonts-baptismaux-saint-fridien-lucques-8568.jpg 1200w\" sizes=\"(max-width: 300px) 100vw, 300px\" \/><\/a><figcaption class=\"wp-element-caption\">San Frediano a Lucca<\/figcaption><\/figure>\n\n\n\n<figure class=\"wp-block-image size-medium\"><a href=\"https:\/\/www.latoscane.net\/wp-content\/uploads\/2017\/01\/campanile-basilica-di-san-frediano-lucca-8614-200x300.jpg\"><img loading=\"lazy\" decoding=\"async\" width=\"200\" height=\"300\" data-id=\"7971\" src=\"https:\/\/www.latoscane.net\/wp-content\/uploads\/2017\/01\/campanile-basilica-di-san-frediano-lucca-8614-200x300.jpg\" alt=\"Veduta del campanile della basilica du San Frediano a Lucca\" class=\"wp-image-7971\" srcset=\"https:\/\/www.latoscane.net\/wp-content\/uploads\/2017\/01\/campanile-basilica-di-san-frediano-lucca-8614-200x300.jpg 200w, https:\/\/www.latoscane.net\/wp-content\/uploads\/2017\/01\/campanile-basilica-di-san-frediano-lucca-8614-683x1024.jpg 683w, https:\/\/www.latoscane.net\/wp-content\/uploads\/2017\/01\/campanile-basilica-di-san-frediano-lucca-8614-768x1152.jpg 768w, https:\/\/www.latoscane.net\/wp-content\/uploads\/2017\/01\/campanile-basilica-di-san-frediano-lucca-8614.jpg 800w\" sizes=\"(max-width: 200px) 100vw, 200px\" \/><\/a><figcaption class=\"wp-element-caption\">Campanile di San Frediano<\/figcaption><\/figure>\n<\/figure>\n\n\n<h2>Torri di Lucca<\/h2>\n<p>Una delle cose belle da fare a Lucca \u00e8 scalare una o pi\u00f9 delle sue torri medievali che sono accessibili al pubblico. Nel Medioevo, la citt\u00e0 ne contava circa 250, e ora ce ne sono solo poche, principalmente due senza parlare dei campanili.<\/p>\n<h3>Torre Guinigi<\/h3>\n<p>Come altre torri, la<strong> Torre Guinigi<\/strong> fu edificata da una potente famiglia di mercanti del XV secolo, che si innalz\u00f2 a 45 metri. Si nota e si distingue con il suo piccolo boschetto originale che cresce sulla sua terrazza, un giardino con 7 querce. Si possono salire i 230 gradini per godere di una delle pi\u00f9 belle vedute sui tetti di Lucca.<\/p>\n<h3>Torre delle Ore<\/h3>\n<p>La <strong>Torre delle Ore<\/strong> \u00e8 un&#8217;altra delle torri che si possono scalare. Con i suoi 50 metri \u00e8 la torre pi\u00f9 alta di Lucca, con i suoi 207 gradini in legno. Si nota per il suo grande orologio del XVIII secolo, che ha mantenuto il suo meccanismo, essendo sempre a mano.<\/p>\n\n\n<figure class=\"wp-block-gallery has-nested-images columns-default is-cropped wp-block-gallery-6 is-layout-flex wp-block-gallery-is-layout-flex\">\n<figure class=\"wp-block-image size-medium\"><a href=\"https:\/\/www.latoscane.net\/wp-content\/uploads\/2017\/07\/torre-guinigi-lucca-8528-200x300.jpg\"><img loading=\"lazy\" decoding=\"async\" width=\"200\" height=\"300\" data-id=\"7903\" src=\"https:\/\/www.latoscane.net\/wp-content\/uploads\/2017\/07\/torre-guinigi-lucca-8528-200x300.jpg\" alt=\"Foto della Torre Guinigi a Lucca\" class=\"wp-image-7903\" srcset=\"https:\/\/www.latoscane.net\/wp-content\/uploads\/2017\/07\/torre-guinigi-lucca-8528-200x300.jpg 200w, https:\/\/www.latoscane.net\/wp-content\/uploads\/2017\/07\/torre-guinigi-lucca-8528-683x1024.jpg 683w, https:\/\/www.latoscane.net\/wp-content\/uploads\/2017\/07\/torre-guinigi-lucca-8528-768x1152.jpg 768w, https:\/\/www.latoscane.net\/wp-content\/uploads\/2017\/07\/torre-guinigi-lucca-8528.jpg 800w\" sizes=\"(max-width: 200px) 100vw, 200px\" \/><\/a><figcaption class=\"wp-element-caption\">Torre Guinigi<\/figcaption><\/figure>\n\n\n\n<figure class=\"wp-block-image size-medium\"><a href=\"https:\/\/www.latoscane.net\/wp-content\/uploads\/2017\/01\/torre-guinigi-lucca-8405-200x300.jpg\"><img loading=\"lazy\" decoding=\"async\" width=\"200\" height=\"300\" data-id=\"7982\" src=\"https:\/\/www.latoscane.net\/wp-content\/uploads\/2017\/01\/torre-guinigi-lucca-8405-200x300.jpg\" alt=\"Foto della Torre Guinigi a Lucca\" class=\"wp-image-7982\" srcset=\"https:\/\/www.latoscane.net\/wp-content\/uploads\/2017\/01\/torre-guinigi-lucca-8405-200x300.jpg 200w, https:\/\/www.latoscane.net\/wp-content\/uploads\/2017\/01\/torre-guinigi-lucca-8405-683x1024.jpg 683w, https:\/\/www.latoscane.net\/wp-content\/uploads\/2017\/01\/torre-guinigi-lucca-8405-768x1152.jpg 768w, https:\/\/www.latoscane.net\/wp-content\/uploads\/2017\/01\/torre-guinigi-lucca-8405.jpg 800w\" sizes=\"(max-width: 200px) 100vw, 200px\" \/><\/a><figcaption class=\"wp-element-caption\">Torre Guinigi<\/figcaption><\/figure>\n\n\n\n<figure class=\"wp-block-image size-medium\"><a href=\"https:\/\/www.latoscane.net\/wp-content\/uploads\/2017\/01\/panorama-torre-basilica-di-san-frediano-lucca-8596-200x300.jpg\"><img loading=\"lazy\" decoding=\"async\" width=\"200\" height=\"300\" data-id=\"7979\" src=\"https:\/\/www.latoscane.net\/wp-content\/uploads\/2017\/01\/panorama-torre-basilica-di-san-frediano-lucca-8596-200x300.jpg\" alt=\"Panorama della Torre di San Frediano a Lucca\" class=\"wp-image-7979\" srcset=\"https:\/\/www.latoscane.net\/wp-content\/uploads\/2017\/01\/panorama-torre-basilica-di-san-frediano-lucca-8596-200x300.jpg 200w, https:\/\/www.latoscane.net\/wp-content\/uploads\/2017\/01\/panorama-torre-basilica-di-san-frediano-lucca-8596-683x1024.jpg 683w, https:\/\/www.latoscane.net\/wp-content\/uploads\/2017\/01\/panorama-torre-basilica-di-san-frediano-lucca-8596-768x1152.jpg 768w, https:\/\/www.latoscane.net\/wp-content\/uploads\/2017\/01\/panorama-torre-basilica-di-san-frediano-lucca-8596.jpg 800w\" sizes=\"(max-width: 200px) 100vw, 200px\" \/><\/a><figcaption class=\"wp-element-caption\">Torre di San Frediano<\/figcaption><\/figure>\n<\/figure>\n\n\n<h2>Chiese di Lucca<\/h2>\n<h3>Santi Giovanni e Reparata<\/h3>\n<p>Vicino all&#8217;attuale cattedrale, il Complesso Monumentale e Archeologico della <strong>chiesa dei Santi Giovanni e Reparata<\/strong>, \u00e8 in particolare il sito dell&#8217;antica cattedrale di Lucca, e resti che risalgono ai romani.<br \/>La chiesa attuale ha una facciata ricostruita nel XVII secolo, munita di un portale del XII secolo che \u00e8 uno dei pochi resti della chiesa precedente.<br \/>L&#8217;interno ha conservato la struttura medievale e elementi di varie epoche, come gli affreschi e i mobili del XVII secolo. Si pu\u00f2 ammirare la cappella di Sant&#8217;Ignazio, capolavoro barocco fine XVII, o un sarcofago romano risalente al II secolo dell&#8217;era comune.<br \/>Sotto la chiesa e il battistero, l&#8217;area archeologica \u00e8 dotata di passerelle che attraversano i resti dell&#8217;antica cattedrale. Questi resti documentano l&#8217;evoluzione della citt\u00e0 dall&#8217;antichit\u00e0 romana, tra cui una domus repubblicana dal II secolo a.C.<br \/>Il biglietto permette di visitare la chiesa e il battistero, il campanile, gli scavi archeologici, la vicina cattedrale e il suo campanile.<\/p>\n\n\n<figure class=\"wp-block-gallery has-nested-images columns-default is-cropped wp-block-gallery-7 is-layout-flex wp-block-gallery-is-layout-flex\">\n<figure class=\"wp-block-image size-medium\"><a href=\"https:\/\/www.latoscane.net\/wp-content\/uploads\/2017\/01\/eglise-des-saints-jean-et-reparate-lucques-8387-300x200.jpg\"><img loading=\"lazy\" decoding=\"async\" width=\"300\" height=\"200\" data-id=\"7988\" src=\"https:\/\/www.latoscane.net\/wp-content\/uploads\/2017\/01\/eglise-des-saints-jean-et-reparate-lucques-8387-300x200.jpg\" alt=\"Foto della chiesa dei santi giovanni e reparata a Lucca\" class=\"wp-image-7988\" srcset=\"https:\/\/www.latoscane.net\/wp-content\/uploads\/2017\/01\/eglise-des-saints-jean-et-reparate-lucques-8387-300x200.jpg 300w, https:\/\/www.latoscane.net\/wp-content\/uploads\/2017\/01\/eglise-des-saints-jean-et-reparate-lucques-8387-1024x683.jpg 1024w, https:\/\/www.latoscane.net\/wp-content\/uploads\/2017\/01\/eglise-des-saints-jean-et-reparate-lucques-8387-768x512.jpg 768w, https:\/\/www.latoscane.net\/wp-content\/uploads\/2017\/01\/eglise-des-saints-jean-et-reparate-lucques-8387.jpg 1200w\" sizes=\"(max-width: 300px) 100vw, 300px\" \/><\/a><figcaption class=\"wp-element-caption\">santi giovanni e reparata a Lucca<\/figcaption><\/figure>\n\n\n\n<figure class=\"wp-block-image size-medium\"><a href=\"https:\/\/www.latoscane.net\/wp-content\/uploads\/2017\/01\/chiesa-dei-santi-giovanni-e-reparata-lucca-8388-300x200.jpg\"><img loading=\"lazy\" decoding=\"async\" width=\"300\" height=\"200\" data-id=\"7991\" src=\"https:\/\/www.latoscane.net\/wp-content\/uploads\/2017\/01\/chiesa-dei-santi-giovanni-e-reparata-lucca-8388-300x200.jpg\" alt=\"Foto dell'interno della Chiesa dei santi giovanni e reparata a Lucca\" class=\"wp-image-7991\" srcset=\"https:\/\/www.latoscane.net\/wp-content\/uploads\/2017\/01\/chiesa-dei-santi-giovanni-e-reparata-lucca-8388-300x200.jpg 300w, https:\/\/www.latoscane.net\/wp-content\/uploads\/2017\/01\/chiesa-dei-santi-giovanni-e-reparata-lucca-8388-1024x683.jpg 1024w, https:\/\/www.latoscane.net\/wp-content\/uploads\/2017\/01\/chiesa-dei-santi-giovanni-e-reparata-lucca-8388-768x512.jpg 768w, https:\/\/www.latoscane.net\/wp-content\/uploads\/2017\/01\/chiesa-dei-santi-giovanni-e-reparata-lucca-8388.jpg 1200w\" sizes=\"(max-width: 300px) 100vw, 300px\" \/><\/a><figcaption class=\"wp-element-caption\">santi giovanni e reparata a Lucca<\/figcaption><\/figure>\n<\/figure>\n\n\n<h3>Complesso di San Francesco di Lucca<\/h3>\n<p>La <strong>chiesa di San Francesco<\/strong> \u00e8 stata restaurata nel 2013, ora sacralizzata e ospitante eventi. Il complesso \u00e8 attualmente integrato nel campus della scuola IMT.<br \/>Fu un importante luogo di culto di Lucca, dove i 3 chiostri servivano per le colture, piante e ortaggi. Oltre alla chiesa comprende la Cappella Guinigi, la sacrestia, e varie sale ed abitazioni.<br \/>Costruita dai francescani, la chiesa fu completata nel XV secolo. La facciata rimase incompiuta fino al 1930. Si caratterizza per un rosone e quattro stemmi: francescani, fascio di lictore, citt\u00e0 di Lucca e un leone rampante. All&#8217;interno, l&#8217;unica navata ha altari sui lati delle pareti affrescate, tre absidi con due cappelle di cui una con i resti di dipinti di Baldassarre di Biagio. Diversi personaggi della citt\u00e0 hanno trovato la loro sepoltura.<\/p>\n<h3>Chiesa di Santa Giulia<\/h3>\n<p>Questa piccola chiesa di origine lombarda \u00e8 dedicata alla martire cristiana <strong>Santa Giulia<\/strong>, risalente probabilmente all&#8217;inizio del VII secolo. Fu ricostruita nel XIII secolo, coperta di marmi nel XIV secolo.<br \/>La sua sobria facciata in stile romanico \u00e8 stata successivamente decorata con elementi gotici. Sugli archi laterali si trovano piccole sculture di busti femminili dal collo allungato.<br \/>L&#8217;altare maggiore risale al XVII secolo, con le reliquie della santa giunte dall&#8217;isola di Gorgone a Brescia nel XIII secolo.<\/p>\n<h3>Chiesa di Santa Maria della Rosa<\/h3>\n<p>La piccola chiesa di <strong>Santa Maria della Rosa<\/strong> fu costruita intorno al 1300 trasformando un oratorio dedicato alla &#8220;Madonna tra i Santi Pietro e Paolo&#8221;. Una successiva modifica di uno dei suoi lati gli confer\u00ec il suo particolare aspetto gotico. La parete interna del lato ovest poggia sulla parte superstite delle mura romane di Lucca.<br \/>La facciata risale al XV secolo, opera di Matteo Civitali. L&#8217;interno fu realizzato soprattutto nel XV secolo con colonne e volte a crociera. L&#8217;altare maggiore ospita la preziosa icona della <em>Madonna della Rosa<\/em> del XIV secolo.\u00a0<\/p>\n<h3>Chiesa di Santa Maria Forisportam<\/h3>\n<p>La <strong>chiesa di Santa Maria Bianca<\/strong> era originariamente chiamata Santa Maria Forisportam, perch\u00e9 appena fuori dalle mura romane, &#8220;bianca&#8221; per il suo calcare bianco. La piazza \u00e8 anche chiamata Piazza della Colonna Mozza, perch\u00e9 si trova un&#8217;antica colonna romana.<br \/>Antica. Fu ricostruita nel XIII secolo, con un&#8217;interessante facciata incompiuta in stile romanico lucchese, modificata dal XVI al XVIII secolo con un rilievo in mattoni.<br \/>L&#8217;interno conserva alcuni elementi di epoca romana e colonne e capitelli medievali. Si scoprono anche due opere di Guercino del XVI secolo: <em>Santa Lucia<\/em> e l&#8217;<em>Assunzione tra San Francesco e Sant&#8217;Alessandro<\/em>.<br \/>Una cappella conserva la tomba di Chiara Matraini, una delle poche poetesse del Rinascimento.<\/p>\n\n\n<figure class=\"wp-block-gallery has-nested-images columns-4 is-cropped wp-block-gallery-8 is-layout-flex wp-block-gallery-is-layout-flex\">\n<figure class=\"wp-block-image size-medium\"><a href=\"https:\/\/www.latoscane.net\/wp-content\/uploads\/2017\/01\/basilique-saint-francois-lucques-8841-300x200.jpg\"><img loading=\"lazy\" decoding=\"async\" width=\"300\" height=\"200\" data-id=\"8082\" src=\"https:\/\/www.latoscane.net\/wp-content\/uploads\/2017\/01\/basilique-saint-francois-lucques-8841-300x200.jpg\" alt=\"Foto della basilica di San Francesco a Lucca\" class=\"wp-image-8082\" srcset=\"https:\/\/www.latoscane.net\/wp-content\/uploads\/2017\/01\/basilique-saint-francois-lucques-8841-300x200.jpg 300w, https:\/\/www.latoscane.net\/wp-content\/uploads\/2017\/01\/basilique-saint-francois-lucques-8841-1024x683.jpg 1024w, https:\/\/www.latoscane.net\/wp-content\/uploads\/2017\/01\/basilique-saint-francois-lucques-8841-768x512.jpg 768w, https:\/\/www.latoscane.net\/wp-content\/uploads\/2017\/01\/basilique-saint-francois-lucques-8841.jpg 1200w\" sizes=\"(max-width: 300px) 100vw, 300px\" \/><\/a><figcaption class=\"wp-element-caption\">San Francesco a Lucca<\/figcaption><\/figure>\n\n\n\n<figure class=\"wp-block-image size-medium\"><a href=\"https:\/\/www.latoscane.net\/wp-content\/uploads\/2017\/01\/chiesa-di-santa-maria-foris-portam-lucca-8516-300x200.jpg\"><img loading=\"lazy\" decoding=\"async\" width=\"300\" height=\"200\" data-id=\"8003\" src=\"https:\/\/www.latoscane.net\/wp-content\/uploads\/2017\/01\/chiesa-di-santa-maria-foris-portam-lucca-8516-300x200.jpg\" alt=\"Foto della Chiesa di Santa Maria Foris Portam a Lucca\" class=\"wp-image-8003\" srcset=\"https:\/\/www.latoscane.net\/wp-content\/uploads\/2017\/01\/chiesa-di-santa-maria-foris-portam-lucca-8516-300x200.jpg 300w, https:\/\/www.latoscane.net\/wp-content\/uploads\/2017\/01\/chiesa-di-santa-maria-foris-portam-lucca-8516-1024x683.jpg 1024w, https:\/\/www.latoscane.net\/wp-content\/uploads\/2017\/01\/chiesa-di-santa-maria-foris-portam-lucca-8516-768x512.jpg 768w, https:\/\/www.latoscane.net\/wp-content\/uploads\/2017\/01\/chiesa-di-santa-maria-foris-portam-lucca-8516.jpg 1200w\" sizes=\"(max-width: 300px) 100vw, 300px\" \/><\/a><figcaption class=\"wp-element-caption\">Santa Maria Foris Portam<\/figcaption><\/figure>\n\n\n\n<figure class=\"wp-block-image size-medium\"><a href=\"https:\/\/www.latoscane.net\/wp-content\/uploads\/2017\/01\/chiesa-di-santa-giulia-lucca-8522-200x300.jpg\"><img loading=\"lazy\" decoding=\"async\" width=\"200\" height=\"300\" data-id=\"8000\" src=\"https:\/\/www.latoscane.net\/wp-content\/uploads\/2017\/01\/chiesa-di-santa-giulia-lucca-8522-200x300.jpg\" alt=\"Foto della Chiesa di Santa Giulia a Lucca\" class=\"wp-image-8000\" srcset=\"https:\/\/www.latoscane.net\/wp-content\/uploads\/2017\/01\/chiesa-di-santa-giulia-lucca-8522-200x300.jpg 200w, https:\/\/www.latoscane.net\/wp-content\/uploads\/2017\/01\/chiesa-di-santa-giulia-lucca-8522-683x1024.jpg 683w, https:\/\/www.latoscane.net\/wp-content\/uploads\/2017\/01\/chiesa-di-santa-giulia-lucca-8522-768x1152.jpg 768w, https:\/\/www.latoscane.net\/wp-content\/uploads\/2017\/01\/chiesa-di-santa-giulia-lucca-8522.jpg 800w\" sizes=\"(max-width: 200px) 100vw, 200px\" \/><\/a><figcaption class=\"wp-element-caption\">Santa Giulia<\/figcaption><\/figure>\n\n\n\n<figure class=\"wp-block-image size-medium\"><a href=\"https:\/\/www.latoscane.net\/wp-content\/uploads\/2017\/01\/chiesa-di-san-pietro-somaldi-lucca-8408-200x300.jpg\"><img loading=\"lazy\" decoding=\"async\" width=\"200\" height=\"300\" data-id=\"7994\" src=\"https:\/\/www.latoscane.net\/wp-content\/uploads\/2017\/01\/chiesa-di-san-pietro-somaldi-lucca-8408-200x300.jpg\" alt=\"Foto della Chiesa di San Pietro Somaldi a Lucca\" class=\"wp-image-7994\" srcset=\"https:\/\/www.latoscane.net\/wp-content\/uploads\/2017\/01\/chiesa-di-san-pietro-somaldi-lucca-8408-200x300.jpg 200w, https:\/\/www.latoscane.net\/wp-content\/uploads\/2017\/01\/chiesa-di-san-pietro-somaldi-lucca-8408-683x1024.jpg 683w, https:\/\/www.latoscane.net\/wp-content\/uploads\/2017\/01\/chiesa-di-san-pietro-somaldi-lucca-8408-768x1152.jpg 768w, https:\/\/www.latoscane.net\/wp-content\/uploads\/2017\/01\/chiesa-di-san-pietro-somaldi-lucca-8408.jpg 800w\" sizes=\"(max-width: 200px) 100vw, 200px\" \/><\/a><figcaption class=\"wp-element-caption\">San Pietro Somaldi<\/figcaption><\/figure>\n\n\n\n<figure class=\"wp-block-image size-medium\"><a href=\"https:\/\/www.latoscane.net\/wp-content\/uploads\/2017\/01\/chiesa-di-san-salvatore-in-mustolio-lucca-8615-300x200.jpg\"><img loading=\"lazy\" decoding=\"async\" width=\"300\" height=\"200\" data-id=\"7997\" src=\"https:\/\/www.latoscane.net\/wp-content\/uploads\/2017\/01\/chiesa-di-san-salvatore-in-mustolio-lucca-8615-300x200.jpg\" alt=\"Foto dell'interno della chiesa di San Salvatore a Lucca\" class=\"wp-image-7997\" srcset=\"https:\/\/www.latoscane.net\/wp-content\/uploads\/2017\/01\/chiesa-di-san-salvatore-in-mustolio-lucca-8615-300x200.jpg 300w, https:\/\/www.latoscane.net\/wp-content\/uploads\/2017\/01\/chiesa-di-san-salvatore-in-mustolio-lucca-8615-1024x683.jpg 1024w, https:\/\/www.latoscane.net\/wp-content\/uploads\/2017\/01\/chiesa-di-san-salvatore-in-mustolio-lucca-8615-768x512.jpg 768w, https:\/\/www.latoscane.net\/wp-content\/uploads\/2017\/01\/chiesa-di-san-salvatore-in-mustolio-lucca-8615.jpg 1200w\" sizes=\"(max-width: 300px) 100vw, 300px\" \/><\/a><figcaption class=\"wp-element-caption\">San Salvatore a Lucca<\/figcaption><\/figure>\n\n\n\n<figure class=\"wp-block-image size-medium\"><a href=\"https:\/\/www.latoscane.net\/wp-content\/uploads\/2017\/01\/chiesa-ortodossa-romana-lucca-8524-200x300.jpg\"><img loading=\"lazy\" decoding=\"async\" width=\"200\" height=\"300\" data-id=\"8006\" src=\"https:\/\/www.latoscane.net\/wp-content\/uploads\/2017\/01\/chiesa-ortodossa-romana-lucca-8524-200x300.jpg\" alt=\"Foto della Chiesa ortodossa di Lucca\" class=\"wp-image-8006\" srcset=\"https:\/\/www.latoscane.net\/wp-content\/uploads\/2017\/01\/chiesa-ortodossa-romana-lucca-8524-200x300.jpg 200w, https:\/\/www.latoscane.net\/wp-content\/uploads\/2017\/01\/chiesa-ortodossa-romana-lucca-8524-683x1024.jpg 683w, https:\/\/www.latoscane.net\/wp-content\/uploads\/2017\/01\/chiesa-ortodossa-romana-lucca-8524-768x1152.jpg 768w, https:\/\/www.latoscane.net\/wp-content\/uploads\/2017\/01\/chiesa-ortodossa-romana-lucca-8524.jpg 800w\" sizes=\"(max-width: 200px) 100vw, 200px\" \/><\/a><figcaption class=\"wp-element-caption\">Chiesa ortodossa<\/figcaption><\/figure>\n\n\n\n<figure class=\"wp-block-image size-medium\"><a href=\"https:\/\/www.latoscane.net\/wp-content\/uploads\/2017\/01\/chiesa-di-santa-maria-della-rosa-lucca-8672-300x200.jpg\"><img loading=\"lazy\" decoding=\"async\" width=\"300\" height=\"200\" data-id=\"8092\" src=\"https:\/\/www.latoscane.net\/wp-content\/uploads\/2017\/01\/chiesa-di-santa-maria-della-rosa-lucca-8672-300x200.jpg\" alt=\"Foto del lato gotico della chiesa di Santa Maria della Rosa di Lucca\" class=\"wp-image-8092\" srcset=\"https:\/\/www.latoscane.net\/wp-content\/uploads\/2017\/01\/chiesa-di-santa-maria-della-rosa-lucca-8672-300x200.jpg 300w, https:\/\/www.latoscane.net\/wp-content\/uploads\/2017\/01\/chiesa-di-santa-maria-della-rosa-lucca-8672-1024x683.jpg 1024w, https:\/\/www.latoscane.net\/wp-content\/uploads\/2017\/01\/chiesa-di-santa-maria-della-rosa-lucca-8672-768x512.jpg 768w, https:\/\/www.latoscane.net\/wp-content\/uploads\/2017\/01\/chiesa-di-santa-maria-della-rosa-lucca-8672.jpg 1200w\" sizes=\"(max-width: 300px) 100vw, 300px\" \/><\/a><figcaption class=\"wp-element-caption\">Santa Maria della Rosa<\/figcaption><\/figure>\n\n\n\n<figure class=\"wp-block-image size-medium\"><a href=\"https:\/\/www.latoscane.net\/wp-content\/uploads\/2017\/01\/chiesa-di-santa-maria-della-rosa-lucca-8677-300x200.jpg\"><img loading=\"lazy\" decoding=\"async\" width=\"300\" height=\"200\" data-id=\"8095\" src=\"https:\/\/www.latoscane.net\/wp-content\/uploads\/2017\/01\/chiesa-di-santa-maria-della-rosa-lucca-8677-300x200.jpg\" alt=\"Foto dell'interno della chiesa di Santa Maria della Rosa di Lucca\" class=\"wp-image-8095\" srcset=\"https:\/\/www.latoscane.net\/wp-content\/uploads\/2017\/01\/chiesa-di-santa-maria-della-rosa-lucca-8677-300x200.jpg 300w, https:\/\/www.latoscane.net\/wp-content\/uploads\/2017\/01\/chiesa-di-santa-maria-della-rosa-lucca-8677-1024x683.jpg 1024w, https:\/\/www.latoscane.net\/wp-content\/uploads\/2017\/01\/chiesa-di-santa-maria-della-rosa-lucca-8677-768x512.jpg 768w, https:\/\/www.latoscane.net\/wp-content\/uploads\/2017\/01\/chiesa-di-santa-maria-della-rosa-lucca-8677.jpg 1200w\" sizes=\"(max-width: 300px) 100vw, 300px\" \/><\/a><figcaption class=\"wp-element-caption\">Santa Maria della Rosa<\/figcaption><\/figure>\n<\/figure>\n\n\n<h3>Altre chiese<\/h3>\n<h4>San Pietro Somaldi<\/h4>\n<p>La <strong>chiesa di San Pietro Somaldi<\/strong> prende il nome da Sumualdo, fondatore lombardo della chiesa nel 763. Fu ricostruita alla fine del XII secolo e completata nel XIV. La facciata duecentesca \u00e8 tipica di Lucca, con un bel portale. Conserva l&#8217;organo del XVII secolo su cui suon\u00f2 Giacomo Puccini.<\/p>\n<h2>Mura di Lucca<\/h2>\n<p>Di primo acchito non si notano particolarmente le <strong>mura rinascimentali e moderne di Lucca<\/strong>, prima di avvicinarsi ad esse, avendo un&#8217;altezza moderata di 12 metri, una larghezza di 30 metri, e soprattutto una grande lunghezza di 4 km intorno al centro storico. Queste mura sono molto grandi e potenti, edificate dal 1504 al 1645 su iniziativa di Alessandro Farnese. Oggi i suoi dintorni sono allestiti come un parco, con una passeggiata alta e viali di alberi.<br \/>Non avendo mai avuto l&#8217;occasione di affrontare un attacco, queste mura sono molto ben conservate, contando le entrate monumentali con i loro sotterranei e le cannoniere. Sono anche le uniche mura difensive dell&#8217;epoca moderna della regione intatte.<br \/>Nel centro storico di Lucca si possono scoprire anche resti delle <strong>mura medievali<\/strong>, oltre a porte d&#8217;epoca. Per quanto riguarda le mura romane, ne rimangono solo alcune porzioni come nella chiesa di Santa Maria della Rosa.<\/p>\n\n\n<figure class=\"wp-block-gallery has-nested-images columns-4 is-cropped wp-block-gallery-9 is-layout-flex wp-block-gallery-is-layout-flex\">\n<figure class=\"wp-block-image size-medium\"><a href=\"https:\/\/www.latoscane.net\/wp-content\/uploads\/2017\/01\/mura-di-lucca-8501-300x200.jpg\"><img loading=\"lazy\" decoding=\"async\" width=\"300\" height=\"200\" data-id=\"8016\" src=\"https:\/\/www.latoscane.net\/wp-content\/uploads\/2017\/01\/mura-di-lucca-8501-300x200.jpg\" alt=\"Foto delle mura di Lucca\" class=\"wp-image-8016\" srcset=\"https:\/\/www.latoscane.net\/wp-content\/uploads\/2017\/01\/mura-di-lucca-8501-300x200.jpg 300w, https:\/\/www.latoscane.net\/wp-content\/uploads\/2017\/01\/mura-di-lucca-8501-1024x683.jpg 1024w, https:\/\/www.latoscane.net\/wp-content\/uploads\/2017\/01\/mura-di-lucca-8501-768x512.jpg 768w, https:\/\/www.latoscane.net\/wp-content\/uploads\/2017\/01\/mura-di-lucca-8501.jpg 1200w\" sizes=\"(max-width: 300px) 100vw, 300px\" \/><\/a><figcaption class=\"wp-element-caption\">Mura moderni di Lucca<\/figcaption><\/figure>\n\n\n\n<figure class=\"wp-block-image size-medium\"><a href=\"https:\/\/www.latoscane.net\/wp-content\/uploads\/2017\/01\/mura-di-lucca-8610-300x200.jpg\"><img loading=\"lazy\" decoding=\"async\" width=\"300\" height=\"200\" data-id=\"8019\" src=\"https:\/\/www.latoscane.net\/wp-content\/uploads\/2017\/01\/mura-di-lucca-8610-300x200.jpg\" alt=\"Foto delle mura di Lucca\" class=\"wp-image-8019\" srcset=\"https:\/\/www.latoscane.net\/wp-content\/uploads\/2017\/01\/mura-di-lucca-8610-300x200.jpg 300w, https:\/\/www.latoscane.net\/wp-content\/uploads\/2017\/01\/mura-di-lucca-8610-1024x683.jpg 1024w, https:\/\/www.latoscane.net\/wp-content\/uploads\/2017\/01\/mura-di-lucca-8610-768x512.jpg 768w, https:\/\/www.latoscane.net\/wp-content\/uploads\/2017\/01\/mura-di-lucca-8610.jpg 1200w\" sizes=\"(max-width: 300px) 100vw, 300px\" \/><\/a><figcaption class=\"wp-element-caption\">Mura moderni di Lucca<\/figcaption><\/figure>\n\n\n\n<figure class=\"wp-block-image size-medium\"><a href=\"https:\/\/www.latoscane.net\/wp-content\/uploads\/2017\/01\/murs-enceinte-de-lucques-8418-300x200.jpg\"><img loading=\"lazy\" decoding=\"async\" width=\"300\" height=\"200\" data-id=\"8022\" src=\"https:\/\/www.latoscane.net\/wp-content\/uploads\/2017\/01\/murs-enceinte-de-lucques-8418-300x200.jpg\" alt=\"Foto del recinto di Lucca\" class=\"wp-image-8022\" srcset=\"https:\/\/www.latoscane.net\/wp-content\/uploads\/2017\/01\/murs-enceinte-de-lucques-8418-300x200.jpg 300w, https:\/\/www.latoscane.net\/wp-content\/uploads\/2017\/01\/murs-enceinte-de-lucques-8418-1024x683.jpg 1024w, https:\/\/www.latoscane.net\/wp-content\/uploads\/2017\/01\/murs-enceinte-de-lucques-8418-768x512.jpg 768w, https:\/\/www.latoscane.net\/wp-content\/uploads\/2017\/01\/murs-enceinte-de-lucques-8418.jpg 1200w\" sizes=\"(max-width: 300px) 100vw, 300px\" \/><\/a><figcaption class=\"wp-element-caption\">Mura moderni di Lucca<\/figcaption><\/figure>\n\n\n\n<figure class=\"wp-block-image size-medium\"><a href=\"https:\/\/www.latoscane.net\/wp-content\/uploads\/2017\/01\/porta-san-gervasio-lucca-8658-200x300.jpg\"><img loading=\"lazy\" decoding=\"async\" width=\"200\" height=\"300\" data-id=\"8086\" src=\"https:\/\/www.latoscane.net\/wp-content\/uploads\/2017\/01\/porta-san-gervasio-lucca-8658-200x300.jpg\" alt=\"Foto della Porta di San Gervasio a Lucca\" class=\"wp-image-8086\" srcset=\"https:\/\/www.latoscane.net\/wp-content\/uploads\/2017\/01\/porta-san-gervasio-lucca-8658-200x300.jpg 200w, https:\/\/www.latoscane.net\/wp-content\/uploads\/2017\/01\/porta-san-gervasio-lucca-8658-683x1024.jpg 683w, https:\/\/www.latoscane.net\/wp-content\/uploads\/2017\/01\/porta-san-gervasio-lucca-8658-768x1152.jpg 768w, https:\/\/www.latoscane.net\/wp-content\/uploads\/2017\/01\/porta-san-gervasio-lucca-8658.jpg 800w\" sizes=\"(max-width: 200px) 100vw, 200px\" \/><\/a><figcaption class=\"wp-element-caption\">Foto di San Gervasio, mura medievali<\/figcaption><\/figure>\n<\/figure>\n\n\n<h2>Vie e piazze del centro storico<\/h2>\n<p><strong>Via Fillungo<\/strong> \u00e8 una grande strada che attraversa Lucca, con negozi tra cui insegne storiche conservate nonostante i cambiamenti di destinazione dei negozi.<\/p>\n<p><strong>Piazza San Michele<\/strong> \u00e8 una delle piazze pi\u00f9 belle della citt\u00e0, oltre alla presenza della grandiosa chiesa romanica, chiamata anche Piazza delle catene per le catene che collegano le colonne di marmo. Accanto alla chiesa, il campanile del XII secolo \u00e8 stato ridotto in altezza in seguito. \u00c8 circondata da edifici medievali con archi e finestre a mensola, il Palazzo Pretorio che \u00e8 un bell&#8217;esempio rinascimentale a Lucca. Al centro della piazza fu posta nel 1863 la statua di Francesco Burlamacchi.<\/p>\n<p>La <strong>Fontana della Pupparona<\/strong>, situata in Piazza San Salvatore \u00e8 una bella scultura in marmo, con su un piedistallo la statua di una Naiade appoggiata su un&#8217;anfora, davanti alla quale si trova un bacino ornato da teste di leone.<\/p>\n\n\n<figure class=\"wp-block-gallery has-nested-images columns-default is-cropped wp-block-gallery-10 is-layout-flex wp-block-gallery-is-layout-flex\">\n<figure class=\"wp-block-image size-medium\"><a href=\"https:\/\/www.latoscane.net\/wp-content\/uploads\/2017\/01\/piazza-san-michele-lucca-8636-300x200.jpg\"><img loading=\"lazy\" decoding=\"async\" width=\"300\" height=\"200\" data-id=\"8045\" src=\"https:\/\/www.latoscane.net\/wp-content\/uploads\/2017\/01\/piazza-san-michele-lucca-8636-300x200.jpg\" alt=\"Foto della Piazza San Michele di Lucca\" class=\"wp-image-8045\" srcset=\"https:\/\/www.latoscane.net\/wp-content\/uploads\/2017\/01\/piazza-san-michele-lucca-8636-300x200.jpg 300w, https:\/\/www.latoscane.net\/wp-content\/uploads\/2017\/01\/piazza-san-michele-lucca-8636-1024x683.jpg 1024w, https:\/\/www.latoscane.net\/wp-content\/uploads\/2017\/01\/piazza-san-michele-lucca-8636-768x512.jpg 768w, https:\/\/www.latoscane.net\/wp-content\/uploads\/2017\/01\/piazza-san-michele-lucca-8636.jpg 1200w\" sizes=\"(max-width: 300px) 100vw, 300px\" \/><\/a><figcaption class=\"wp-element-caption\">Piazza di San Michele<\/figcaption><\/figure>\n\n\n\n<figure class=\"wp-block-image size-medium\"><a href=\"https:\/\/www.latoscane.net\/wp-content\/uploads\/2017\/01\/piazza-san-michele-lucca-8747-300x200.jpg\"><img loading=\"lazy\" decoding=\"async\" width=\"300\" height=\"200\" data-id=\"8135\" src=\"https:\/\/www.latoscane.net\/wp-content\/uploads\/2017\/01\/piazza-san-michele-lucca-8747-300x200.jpg\" alt=\"Foto della Piazza di San Michele di Lucca\" class=\"wp-image-8135\" srcset=\"https:\/\/www.latoscane.net\/wp-content\/uploads\/2017\/01\/piazza-san-michele-lucca-8747-300x200.jpg 300w, https:\/\/www.latoscane.net\/wp-content\/uploads\/2017\/01\/piazza-san-michele-lucca-8747-1024x683.jpg 1024w, https:\/\/www.latoscane.net\/wp-content\/uploads\/2017\/01\/piazza-san-michele-lucca-8747-768x512.jpg 768w, https:\/\/www.latoscane.net\/wp-content\/uploads\/2017\/01\/piazza-san-michele-lucca-8747.jpg 1200w\" sizes=\"(max-width: 300px) 100vw, 300px\" \/><\/a><figcaption class=\"wp-element-caption\">Piazza di San Michele<\/figcaption><\/figure>\n\n\n\n<figure class=\"wp-block-image size-medium\"><a href=\"https:\/\/www.latoscane.net\/wp-content\/uploads\/2017\/01\/fontana-della-pupparona-piazza-san-salvatore-lucca-8620-200x300.jpg\"><img loading=\"lazy\" decoding=\"async\" width=\"200\" height=\"300\" data-id=\"8033\" src=\"https:\/\/www.latoscane.net\/wp-content\/uploads\/2017\/01\/fontana-della-pupparona-piazza-san-salvatore-lucca-8620-200x300.jpg\" alt=\"Foto della Fontana della Pupparona, Piazza San Salvatore a Lucca\" class=\"wp-image-8033\" srcset=\"https:\/\/www.latoscane.net\/wp-content\/uploads\/2017\/01\/fontana-della-pupparona-piazza-san-salvatore-lucca-8620-200x300.jpg 200w, https:\/\/www.latoscane.net\/wp-content\/uploads\/2017\/01\/fontana-della-pupparona-piazza-san-salvatore-lucca-8620-683x1024.jpg 683w, https:\/\/www.latoscane.net\/wp-content\/uploads\/2017\/01\/fontana-della-pupparona-piazza-san-salvatore-lucca-8620-768x1152.jpg 768w, https:\/\/www.latoscane.net\/wp-content\/uploads\/2017\/01\/fontana-della-pupparona-piazza-san-salvatore-lucca-8620.jpg 800w\" sizes=\"(max-width: 200px) 100vw, 200px\" \/><\/a><figcaption class=\"wp-element-caption\">Fontana della Pupparona<\/figcaption><\/figure>\n\n\n\n<figure class=\"wp-block-image size-medium\"><a href=\"https:\/\/www.latoscane.net\/wp-content\/uploads\/2017\/01\/antichi-negozi-lucca-8775-300x200.jpg\"><img loading=\"lazy\" decoding=\"async\" width=\"300\" height=\"200\" data-id=\"8108\" src=\"https:\/\/www.latoscane.net\/wp-content\/uploads\/2017\/01\/antichi-negozi-lucca-8775-300x200.jpg\" alt=\"Foto degli antichi negozi di Lucca\" class=\"wp-image-8108\" srcset=\"https:\/\/www.latoscane.net\/wp-content\/uploads\/2017\/01\/antichi-negozi-lucca-8775-300x200.jpg 300w, https:\/\/www.latoscane.net\/wp-content\/uploads\/2017\/01\/antichi-negozi-lucca-8775-1024x683.jpg 1024w, https:\/\/www.latoscane.net\/wp-content\/uploads\/2017\/01\/antichi-negozi-lucca-8775-768x512.jpg 768w, https:\/\/www.latoscane.net\/wp-content\/uploads\/2017\/01\/antichi-negozi-lucca-8775.jpg 1200w\" sizes=\"(max-width: 300px) 100vw, 300px\" \/><\/a><figcaption class=\"wp-element-caption\">Via Fillungo<\/figcaption><\/figure>\n\n\n\n<figure class=\"wp-block-image size-medium\"><a href=\"https:\/\/www.latoscane.net\/wp-content\/uploads\/2017\/01\/antichi-negozi-lucca-8776-300x200.jpg\"><img loading=\"lazy\" decoding=\"async\" width=\"300\" height=\"200\" data-id=\"8111\" src=\"https:\/\/www.latoscane.net\/wp-content\/uploads\/2017\/01\/antichi-negozi-lucca-8776-300x200.jpg\" alt=\"Foto degli antichi negozi di Lucca\" class=\"wp-image-8111\" srcset=\"https:\/\/www.latoscane.net\/wp-content\/uploads\/2017\/01\/antichi-negozi-lucca-8776-300x200.jpg 300w, https:\/\/www.latoscane.net\/wp-content\/uploads\/2017\/01\/antichi-negozi-lucca-8776-1024x683.jpg 1024w, https:\/\/www.latoscane.net\/wp-content\/uploads\/2017\/01\/antichi-negozi-lucca-8776-768x512.jpg 768w, https:\/\/www.latoscane.net\/wp-content\/uploads\/2017\/01\/antichi-negozi-lucca-8776.jpg 1200w\" sizes=\"(max-width: 300px) 100vw, 300px\" \/><\/a><figcaption class=\"wp-element-caption\">Via Fillungo<\/figcaption><\/figure>\n<\/figure>\n\n\n<p>La <strong>Via del Fosso<\/strong> \u00e8 caratteristica con il suo canale, originariamente un fossato difensivo, che lo divide in due nella sua lunghezza, poi utilizzato dai tintori.<\/p>\n<p><strong>Piazza di Santa Maria Foris Portam<\/strong>, dove sorge l&#8217;omonima chiesa oggi chiamata Santa Maria Bianca, si distingue per la colonna romana (ridotta) che nel medioevo serviva da pietra di paragone al palio della citt\u00e0.<\/p>\n<p><strong>Piazza Cittadella<\/strong> si trova di fronte alla casa-museo Puccini, con al centro una statua in bronzo che rappresenta il Puccini seduto fumando una sigaretta.<\/p>\n\n\n<figure class=\"wp-block-gallery has-nested-images columns-4 is-cropped wp-block-gallery-11 is-layout-flex wp-block-gallery-is-layout-flex\">\n<figure class=\"wp-block-image size-medium\"><a href=\"https:\/\/www.latoscane.net\/wp-content\/uploads\/2017\/01\/via-del-fosso-lucca-8505-200x300.jpg\"><img loading=\"lazy\" decoding=\"async\" width=\"200\" height=\"300\" data-id=\"8051\" src=\"https:\/\/www.latoscane.net\/wp-content\/uploads\/2017\/01\/via-del-fosso-lucca-8505-200x300.jpg\" alt=\"Foto della Via del Fosso a Lucca\" class=\"wp-image-8051\" srcset=\"https:\/\/www.latoscane.net\/wp-content\/uploads\/2017\/01\/via-del-fosso-lucca-8505-200x300.jpg 200w, https:\/\/www.latoscane.net\/wp-content\/uploads\/2017\/01\/via-del-fosso-lucca-8505-683x1024.jpg 683w, https:\/\/www.latoscane.net\/wp-content\/uploads\/2017\/01\/via-del-fosso-lucca-8505-768x1152.jpg 768w, https:\/\/www.latoscane.net\/wp-content\/uploads\/2017\/01\/via-del-fosso-lucca-8505.jpg 800w\" sizes=\"(max-width: 200px) 100vw, 200px\" \/><\/a><figcaption class=\"wp-element-caption\">Via del Fosso<\/figcaption><\/figure>\n\n\n\n<figure class=\"wp-block-image size-medium\"><a href=\"https:\/\/www.latoscane.net\/wp-content\/uploads\/2017\/01\/anfiteatro-romano-lucca-8410-200x300.jpg\"><img loading=\"lazy\" decoding=\"async\" width=\"200\" height=\"300\" data-id=\"8027\" src=\"https:\/\/www.latoscane.net\/wp-content\/uploads\/2017\/01\/anfiteatro-romano-lucca-8410-200x300.jpg\" alt=\"Foto dell'Anfiteatro di Lucca\" class=\"wp-image-8027\" srcset=\"https:\/\/www.latoscane.net\/wp-content\/uploads\/2017\/01\/anfiteatro-romano-lucca-8410-200x300.jpg 200w, https:\/\/www.latoscane.net\/wp-content\/uploads\/2017\/01\/anfiteatro-romano-lucca-8410-683x1024.jpg 683w, https:\/\/www.latoscane.net\/wp-content\/uploads\/2017\/01\/anfiteatro-romano-lucca-8410-768x1152.jpg 768w, https:\/\/www.latoscane.net\/wp-content\/uploads\/2017\/01\/anfiteatro-romano-lucca-8410.jpg 800w\" sizes=\"(max-width: 200px) 100vw, 200px\" \/><\/a><figcaption class=\"wp-element-caption\">Esterno della Piazza Anfiteatro di Lucca<\/figcaption><\/figure>\n\n\n\n<figure class=\"wp-block-image size-medium\"><a href=\"https:\/\/www.latoscane.net\/wp-content\/uploads\/2017\/01\/piazza-di-santa-maria-foris-portam-lucca-8515-300x200.jpg\"><img loading=\"lazy\" decoding=\"async\" width=\"300\" height=\"200\" data-id=\"8039\" src=\"https:\/\/www.latoscane.net\/wp-content\/uploads\/2017\/01\/piazza-di-santa-maria-foris-portam-lucca-8515-300x200.jpg\" alt=\"Foto della Piazza di Santa Maria Foris Portam a Lucca\" class=\"wp-image-8039\" srcset=\"https:\/\/www.latoscane.net\/wp-content\/uploads\/2017\/01\/piazza-di-santa-maria-foris-portam-lucca-8515-300x200.jpg 300w, https:\/\/www.latoscane.net\/wp-content\/uploads\/2017\/01\/piazza-di-santa-maria-foris-portam-lucca-8515-1024x683.jpg 1024w, https:\/\/www.latoscane.net\/wp-content\/uploads\/2017\/01\/piazza-di-santa-maria-foris-portam-lucca-8515-768x512.jpg 768w, https:\/\/www.latoscane.net\/wp-content\/uploads\/2017\/01\/piazza-di-santa-maria-foris-portam-lucca-8515.jpg 1200w\" sizes=\"(max-width: 300px) 100vw, 300px\" \/><\/a><figcaption class=\"wp-element-caption\">Piazza di Santa Maria Foris Portam<\/figcaption><\/figure>\n\n\n\n<figure class=\"wp-block-image size-medium\"><a href=\"https:\/\/www.latoscane.net\/wp-content\/uploads\/2017\/01\/piazza-di-santa-maria-foris-portam-lucca-8520-200x300.jpg\"><img loading=\"lazy\" decoding=\"async\" width=\"200\" height=\"300\" data-id=\"8042\" src=\"https:\/\/www.latoscane.net\/wp-content\/uploads\/2017\/01\/piazza-di-santa-maria-foris-portam-lucca-8520-200x300.jpg\" alt=\"Foto della Piazza Santa Maria Foris Portam a Lucca\" class=\"wp-image-8042\" srcset=\"https:\/\/www.latoscane.net\/wp-content\/uploads\/2017\/01\/piazza-di-santa-maria-foris-portam-lucca-8520-200x300.jpg 200w, https:\/\/www.latoscane.net\/wp-content\/uploads\/2017\/01\/piazza-di-santa-maria-foris-portam-lucca-8520-683x1024.jpg 683w, https:\/\/www.latoscane.net\/wp-content\/uploads\/2017\/01\/piazza-di-santa-maria-foris-portam-lucca-8520-768x1152.jpg 768w, https:\/\/www.latoscane.net\/wp-content\/uploads\/2017\/01\/piazza-di-santa-maria-foris-portam-lucca-8520.jpg 800w\" sizes=\"(max-width: 200px) 100vw, 200px\" \/><\/a><figcaption class=\"wp-element-caption\">Piazza di Santa Maria Foris Portam<\/figcaption><\/figure>\n\n\n\n<figure class=\"wp-block-image size-medium\"><a href=\"https:\/\/www.latoscane.net\/wp-content\/uploads\/2017\/01\/via-del-fosso-lucca-8539-300x200.jpg\"><img loading=\"lazy\" decoding=\"async\" width=\"300\" height=\"200\" data-id=\"8054\" src=\"https:\/\/www.latoscane.net\/wp-content\/uploads\/2017\/01\/via-del-fosso-lucca-8539-300x200.jpg\" alt=\"Veduta della Via del Fosso a Lucca\" class=\"wp-image-8054\" srcset=\"https:\/\/www.latoscane.net\/wp-content\/uploads\/2017\/01\/via-del-fosso-lucca-8539-300x200.jpg 300w, https:\/\/www.latoscane.net\/wp-content\/uploads\/2017\/01\/via-del-fosso-lucca-8539-1024x683.jpg 1024w, https:\/\/www.latoscane.net\/wp-content\/uploads\/2017\/01\/via-del-fosso-lucca-8539-768x512.jpg 768w, https:\/\/www.latoscane.net\/wp-content\/uploads\/2017\/01\/via-del-fosso-lucca-8539.jpg 1200w\" sizes=\"(max-width: 300px) 100vw, 300px\" \/><\/a><figcaption class=\"wp-element-caption\">Via del Fosso<\/figcaption><\/figure>\n\n\n\n<figure class=\"wp-block-image size-medium\"><a href=\"https:\/\/www.latoscane.net\/wp-content\/uploads\/2017\/01\/piazza-cittadella-statua-di-giacomo-puccini-lucca-8737-300x200.jpg\"><img loading=\"lazy\" decoding=\"async\" width=\"300\" height=\"200\" data-id=\"8129\" src=\"https:\/\/www.latoscane.net\/wp-content\/uploads\/2017\/01\/piazza-cittadella-statua-di-giacomo-puccini-lucca-8737-300x200.jpg\" alt=\"Foto della statua di Giacomo Puccini, Piazza Cittadella, Lucca\" class=\"wp-image-8129\" srcset=\"https:\/\/www.latoscane.net\/wp-content\/uploads\/2017\/01\/piazza-cittadella-statua-di-giacomo-puccini-lucca-8737-300x200.jpg 300w, https:\/\/www.latoscane.net\/wp-content\/uploads\/2017\/01\/piazza-cittadella-statua-di-giacomo-puccini-lucca-8737-1024x683.jpg 1024w, https:\/\/www.latoscane.net\/wp-content\/uploads\/2017\/01\/piazza-cittadella-statua-di-giacomo-puccini-lucca-8737-768x512.jpg 768w, https:\/\/www.latoscane.net\/wp-content\/uploads\/2017\/01\/piazza-cittadella-statua-di-giacomo-puccini-lucca-8737.jpg 1200w\" sizes=\"(max-width: 300px) 100vw, 300px\" \/><\/a><figcaption class=\"wp-element-caption\">Foto di Giacomo Puccini, Piazza Cittadella<\/figcaption><\/figure>\n\n\n\n<figure class=\"wp-block-image size-medium\"><a href=\"https:\/\/www.latoscane.net\/wp-content\/uploads\/2017\/01\/piazza-guidiccioni-lucca-8769-300x200.jpg\"><img loading=\"lazy\" decoding=\"async\" width=\"300\" height=\"200\" data-id=\"8132\" src=\"https:\/\/www.latoscane.net\/wp-content\/uploads\/2017\/01\/piazza-guidiccioni-lucca-8769-300x200.jpg\" alt=\"Foto della Piazza Guidiccioni a Lucca\" class=\"wp-image-8132\" srcset=\"https:\/\/www.latoscane.net\/wp-content\/uploads\/2017\/01\/piazza-guidiccioni-lucca-8769-300x200.jpg 300w, https:\/\/www.latoscane.net\/wp-content\/uploads\/2017\/01\/piazza-guidiccioni-lucca-8769-1024x683.jpg 1024w, https:\/\/www.latoscane.net\/wp-content\/uploads\/2017\/01\/piazza-guidiccioni-lucca-8769-768x512.jpg 768w, https:\/\/www.latoscane.net\/wp-content\/uploads\/2017\/01\/piazza-guidiccioni-lucca-8769.jpg 1200w\" sizes=\"(max-width: 300px) 100vw, 300px\" \/><\/a><figcaption class=\"wp-element-caption\">Piazza Guidicioni<\/figcaption><\/figure>\n<\/figure>\n\n\n<h2>Museo Nazionale di Villa Guinigi<\/h2>\n<p>Il bellissimo <strong>Museo Nazionale di Villa Guinigi<\/strong> ripercorre tutta la storia di Lucca e del suo territorio attraverso la sua notevole collezione di opere d&#8217;arte.<br \/>Si trova nel palazzo nobiliare del XV secolo costruito da Paolo Guinigi, allora signore di Lucca.<br \/>Il nucleo centrale sono opere prevalentemente religiose dall&#8217;alto medioevo fino al XVIII secolo, che documentano l&#8217;evoluzione della figurazione con artisti di Lucca o di altri paesi venuti a rispondere a incarichi ecclesiastici e laici.<br \/>Vi \u00e8 anche un&#8217;importante sezione archeologica che documenta l&#8217;occupazione del territorio fin dalla preistoria, una sezione di sculture in legno del XV, ecc<br \/>Citiamo alcuni maestri di cui si possono ammirare le realizzazioni, come la scultura con Donatello e Matteo Civitali, la pittura con Fra Bartolomeo, Vasari, Paolini, Aretino, Guido Reni, ecc.<\/p>\n\n\n<figure class=\"wp-block-gallery has-nested-images columns-4 is-cropped wp-block-gallery-12 is-layout-flex wp-block-gallery-is-layout-flex\">\n<figure class=\"wp-block-image size-medium\"><a href=\"https:\/\/www.latoscane.net\/wp-content\/uploads\/2017\/01\/museo-nazionale-di-villa-guinigi-lucca-8843-200x300.jpg\"><img loading=\"lazy\" decoding=\"async\" width=\"200\" height=\"300\" data-id=\"8155\" src=\"https:\/\/www.latoscane.net\/wp-content\/uploads\/2017\/01\/museo-nazionale-di-villa-guinigi-lucca-8843-200x300.jpg\" alt=\"Photo dell'interno della Villa Guinigi a Lucca\" class=\"wp-image-8155\" srcset=\"https:\/\/www.latoscane.net\/wp-content\/uploads\/2017\/01\/museo-nazionale-di-villa-guinigi-lucca-8843-200x300.jpg 200w, https:\/\/www.latoscane.net\/wp-content\/uploads\/2017\/01\/museo-nazionale-di-villa-guinigi-lucca-8843-683x1024.jpg 683w, https:\/\/www.latoscane.net\/wp-content\/uploads\/2017\/01\/museo-nazionale-di-villa-guinigi-lucca-8843-768x1152.jpg 768w, https:\/\/www.latoscane.net\/wp-content\/uploads\/2017\/01\/museo-nazionale-di-villa-guinigi-lucca-8843.jpg 800w\" sizes=\"(max-width: 200px) 100vw, 200px\" \/><\/a><figcaption class=\"wp-element-caption\">Villa Guinigi<\/figcaption><\/figure>\n\n\n\n<figure class=\"wp-block-image size-medium\"><a href=\"https:\/\/www.latoscane.net\/wp-content\/uploads\/2017\/01\/pantera-lucchese-xii-sec-museo-nazionale-di-villa-guinigi-lucca-8884-200x300.jpg\"><img loading=\"lazy\" decoding=\"async\" width=\"200\" height=\"300\" data-id=\"8149\" src=\"https:\/\/www.latoscane.net\/wp-content\/uploads\/2017\/01\/pantera-lucchese-xii-sec-museo-nazionale-di-villa-guinigi-lucca-8884-200x300.jpg\" alt=\"Pantera Lucchese alla Villa Guinigi\" class=\"wp-image-8149\" srcset=\"https:\/\/www.latoscane.net\/wp-content\/uploads\/2017\/01\/pantera-lucchese-xii-sec-museo-nazionale-di-villa-guinigi-lucca-8884-200x300.jpg 200w, https:\/\/www.latoscane.net\/wp-content\/uploads\/2017\/01\/pantera-lucchese-xii-sec-museo-nazionale-di-villa-guinigi-lucca-8884-683x1024.jpg 683w, https:\/\/www.latoscane.net\/wp-content\/uploads\/2017\/01\/pantera-lucchese-xii-sec-museo-nazionale-di-villa-guinigi-lucca-8884-768x1152.jpg 768w, https:\/\/www.latoscane.net\/wp-content\/uploads\/2017\/01\/pantera-lucchese-xii-sec-museo-nazionale-di-villa-guinigi-lucca-8884.jpg 800w\" sizes=\"(max-width: 200px) 100vw, 200px\" \/><\/a><figcaption class=\"wp-element-caption\">Pantera lucchese (XII sec)<\/figcaption><\/figure>\n\n\n\n<figure class=\"wp-block-image size-medium\"><a href=\"https:\/\/www.latoscane.net\/wp-content\/uploads\/2017\/01\/crocifissione-spinello-aretino-xiv-sec-museo-nazionale-di-villa-guinigi-lucca-8898-300x200.jpg\"><img loading=\"lazy\" decoding=\"async\" width=\"300\" height=\"200\" data-id=\"8146\" src=\"https:\/\/www.latoscane.net\/wp-content\/uploads\/2017\/01\/crocifissione-spinello-aretino-xiv-sec-museo-nazionale-di-villa-guinigi-lucca-8898-300x200.jpg\" alt=\"Crocifissione di Aretino a la Villa Guinigi a Lucca\" class=\"wp-image-8146\" srcset=\"https:\/\/www.latoscane.net\/wp-content\/uploads\/2017\/01\/crocifissione-spinello-aretino-xiv-sec-museo-nazionale-di-villa-guinigi-lucca-8898-300x200.jpg 300w, https:\/\/www.latoscane.net\/wp-content\/uploads\/2017\/01\/crocifissione-spinello-aretino-xiv-sec-museo-nazionale-di-villa-guinigi-lucca-8898-1024x683.jpg 1024w, https:\/\/www.latoscane.net\/wp-content\/uploads\/2017\/01\/crocifissione-spinello-aretino-xiv-sec-museo-nazionale-di-villa-guinigi-lucca-8898-768x512.jpg 768w, https:\/\/www.latoscane.net\/wp-content\/uploads\/2017\/01\/crocifissione-spinello-aretino-xiv-sec-museo-nazionale-di-villa-guinigi-lucca-8898.jpg 1200w\" sizes=\"(max-width: 300px) 100vw, 300px\" \/><\/a><figcaption class=\"wp-element-caption\">Crocifissione di Aretino (XIVe)<\/figcaption><\/figure>\n\n\n\n<figure class=\"wp-block-image size-medium\"><a href=\"https:\/\/www.latoscane.net\/wp-content\/uploads\/2017\/01\/cristo-salvatore-matteo-civitali-xv-sec-museo-nazionale-di-villa-guinigi-lucca-8918-300x200.jpg\"><img loading=\"lazy\" decoding=\"async\" width=\"300\" height=\"200\" data-id=\"8143\" src=\"https:\/\/www.latoscane.net\/wp-content\/uploads\/2017\/01\/cristo-salvatore-matteo-civitali-xv-sec-museo-nazionale-di-villa-guinigi-lucca-8918-300x200.jpg\" alt=\"Cristo Salvatore di Matteo Civitali alla Villa Guinigi di Lucca\" class=\"wp-image-8143\" srcset=\"https:\/\/www.latoscane.net\/wp-content\/uploads\/2017\/01\/cristo-salvatore-matteo-civitali-xv-sec-museo-nazionale-di-villa-guinigi-lucca-8918-300x200.jpg 300w, https:\/\/www.latoscane.net\/wp-content\/uploads\/2017\/01\/cristo-salvatore-matteo-civitali-xv-sec-museo-nazionale-di-villa-guinigi-lucca-8918-1024x683.jpg 1024w, https:\/\/www.latoscane.net\/wp-content\/uploads\/2017\/01\/cristo-salvatore-matteo-civitali-xv-sec-museo-nazionale-di-villa-guinigi-lucca-8918-768x512.jpg 768w, https:\/\/www.latoscane.net\/wp-content\/uploads\/2017\/01\/cristo-salvatore-matteo-civitali-xv-sec-museo-nazionale-di-villa-guinigi-lucca-8918.jpg 1200w\" sizes=\"(max-width: 300px) 100vw, 300px\" \/><\/a><figcaption class=\"wp-element-caption\">Cristo Salvatore, Matteo Civitali (XVe)<\/figcaption><\/figure>\n<\/figure>\n\n\n<h2>Museo Nazionale del Palazzo Mansi<\/h2>\n<p>Il <strong>Palazzo Mansi<\/strong> \u00e8 un palazzo del XVII secolo, testimone della lussuria di Lucca all&#8217;epoca con i suoi ricchi mercanti, in questo caso i Mansi. Ospita il <strong>Museo Nazionale<\/strong>, con la pi\u00f9 ricca <strong>pinacoteca<\/strong> della citt\u00e0.<br \/>Il palazzo in s\u00e9 non manca di interesse, decorato per esempio con un affresco di Van Dick o mobili del XVIII secolo.<br \/>La galleria raccoglie circa un centinaio di opere, il cui nucleo fu donato alla citt\u00e0 nel 1847 dal granduca Pietro Leopoldo II quando Lucca venne annessa al Granducato di Toscana. Nelle sue quattro sale, si possono ammirare opere di Beccafumi e Tintoretto. Una sala \u00e8 dedicata ai ritratti della famiglia dei Medici, tra cui il celebre Ritratto del giovane del Pontormo raffigurante Alessandro de&#8217; Medici. La quarta conta alcune tele francesi e fiamminghe.<\/p>\n\n\n<figure class=\"wp-block-gallery has-nested-images columns-default is-cropped wp-block-gallery-13 is-layout-flex wp-block-gallery-is-layout-flex\">\n<figure class=\"wp-block-image size-medium\"><a href=\"https:\/\/www.latoscane.net\/wp-content\/uploads\/2017\/01\/palazzo-mansi-lucca-8807-300x200.jpg\"><img loading=\"lazy\" decoding=\"async\" width=\"300\" height=\"200\" data-id=\"8100\" src=\"https:\/\/www.latoscane.net\/wp-content\/uploads\/2017\/01\/palazzo-mansi-lucca-8807-300x200.jpg\" alt=\"Veduta degli appartamenti del Palazzo Mansi di Lucca\" class=\"wp-image-8100\" srcset=\"https:\/\/www.latoscane.net\/wp-content\/uploads\/2017\/01\/palazzo-mansi-lucca-8807-300x200.jpg 300w, https:\/\/www.latoscane.net\/wp-content\/uploads\/2017\/01\/palazzo-mansi-lucca-8807-1024x683.jpg 1024w, https:\/\/www.latoscane.net\/wp-content\/uploads\/2017\/01\/palazzo-mansi-lucca-8807-768x512.jpg 768w, https:\/\/www.latoscane.net\/wp-content\/uploads\/2017\/01\/palazzo-mansi-lucca-8807.jpg 1200w\" sizes=\"(max-width: 300px) 100vw, 300px\" \/><\/a><figcaption class=\"wp-element-caption\">Appartamenti del Palazzo Mansi<\/figcaption><\/figure>\n\n\n\n<figure class=\"wp-block-image size-medium\"><a href=\"https:\/\/www.latoscane.net\/wp-content\/uploads\/2017\/01\/pinacoteca-palazzo-mansi-lucca-8790-300x200.jpg\"><img loading=\"lazy\" decoding=\"async\" width=\"300\" height=\"200\" data-id=\"8103\" src=\"https:\/\/www.latoscane.net\/wp-content\/uploads\/2017\/01\/pinacoteca-palazzo-mansi-lucca-8790-300x200.jpg\" alt=\"Foto della pinacoteca del Palazzo Mansi a Lucca\" class=\"wp-image-8103\" srcset=\"https:\/\/www.latoscane.net\/wp-content\/uploads\/2017\/01\/pinacoteca-palazzo-mansi-lucca-8790-300x200.jpg 300w, https:\/\/www.latoscane.net\/wp-content\/uploads\/2017\/01\/pinacoteca-palazzo-mansi-lucca-8790-1024x683.jpg 1024w, https:\/\/www.latoscane.net\/wp-content\/uploads\/2017\/01\/pinacoteca-palazzo-mansi-lucca-8790-768x512.jpg 768w, https:\/\/www.latoscane.net\/wp-content\/uploads\/2017\/01\/pinacoteca-palazzo-mansi-lucca-8790.jpg 1200w\" sizes=\"(max-width: 300px) 100vw, 300px\" \/><\/a><figcaption class=\"wp-element-caption\">Pinacoteca del Palazzo Mansi a Lucca<\/figcaption><\/figure>\n<\/figure>\n\n\n<h2>Piazza Napoleone e Palazzo Ducale<\/h2>\n<p>La <strong>Piazza Napoleone<\/strong> \u00e8 la pi\u00f9 grande piazza di Lucca prende il nome da Elisa Bonaparte, sorellina di Napoleone, che govern\u00f2 il principato di Lucca dal 1806, e che commission\u00f2 la realizzazione di questo spazio all&#8217;architetto Lazzarini, distruggendo per farsi vari edifici tra cui una chiesa, al fine di valorizzare il palazzo ducale. Qui si trovava originariamente la fortezza di Augusta, divenuta la cittadella di Lucca. Originariamente la statua di Napoleone ornava probabilmente la piazza, sostituita da quella di Maria Luisa di Borbone, reggente del ducato di Toscana dopo la caduta dell&#8217;impero francese.<br \/>Il Palazzo Ducale ospita oggi la sede della provincia di Lucca.<\/p>\n<h2>Casa-Museo Giacomo Puccini<\/h2>\n<p>Questa casa-museo \u00e8 quella in cui nacque nel dicembre del 1858 il celebre compositore <strong>Giacomo Puccini<\/strong>. \u00c8 un elegante palazzo, dove sono raccolti foto, mobili, manifesti dell&#8217;epoca, partiture, oggetti, il pianoforte Steinway, ecc.<br \/>La storia di Lucca \u00e8 legata a quella dei Puccini, famiglia di compositori e musicisti. Giacomo Puccini stesso ha acquistato il palazzo che era stato venduto dai suoi genitori, dopo il successo della sua opera.<br \/>Si pu\u00f2 ripercorrere il percorso del compositore, autore di Tosca, della Turandot e di Madama Butterfly.<\/p>\n<h2>Palazzo Pfanner<\/h2>\n<p>Il <strong>Palazzo Pfanner<\/strong> \u00e8 una dimora storica in stile barocco del XVII secolo, con il suo incantevole giardino all&#8217;italiana realizzato da Filippo Juvarra.<br \/>La scalinata monumentale e il giardino sono stati l&#8217;ambientazione di diversi film di culto come <em>Il Marchese del Grillo<\/em> di Mario Monicelli e <em>Ritratto di Madame<\/em> di Jane Campion con Nicole Kidman.<br \/>Acquistato nel 1846 dai Pfanner, questi vi installarono una delle prime birrerie d&#8217;Italia.<\/p>\n<h2>Giardino botanico di Lucca<\/h2>\n<p>Situato a sud-est del centro storico, il <strong>giardino botanico di Lucca<\/strong> fu creato nel 1813 dalla Facolt\u00e0 di Medicina, conservando in particolare un cedro del Libano piantato nel 1822, alto 22 metri con una circonferenza di oltre 6 metri. L&#8217;arboreto conserva pi\u00f9 di 200 specie tra cui alberi, arbusti, rododendri e camelie, serre e Museo Botanico.<\/p>\n<h2>Galleria fotografica<\/h2>\n\n\n<figure class=\"wp-block-gallery has-nested-images columns-default is-cropped wp-block-gallery-14 is-layout-flex wp-block-gallery-is-layout-flex\">\n<figure class=\"wp-block-image size-medium\"><a href=\"https:\/\/www.latoscane.net\/wp-content\/uploads\/2017\/01\/orto-botanico-lucca-8952-200x300.jpg\"><img loading=\"lazy\" decoding=\"async\" width=\"200\" height=\"300\" data-id=\"8123\" src=\"https:\/\/www.latoscane.net\/wp-content\/uploads\/2017\/01\/orto-botanico-lucca-8952-200x300.jpg\" alt=\"Veduta del orto botanico di Lucca\" class=\"wp-image-8123\" srcset=\"https:\/\/www.latoscane.net\/wp-content\/uploads\/2017\/01\/orto-botanico-lucca-8952-200x300.jpg 200w, https:\/\/www.latoscane.net\/wp-content\/uploads\/2017\/01\/orto-botanico-lucca-8952-683x1024.jpg 683w, https:\/\/www.latoscane.net\/wp-content\/uploads\/2017\/01\/orto-botanico-lucca-8952-768x1152.jpg 768w, https:\/\/www.latoscane.net\/wp-content\/uploads\/2017\/01\/orto-botanico-lucca-8952.jpg 800w\" sizes=\"(max-width: 200px) 100vw, 200px\" \/><\/a><figcaption class=\"wp-element-caption\">Orto botanico di Lucca<\/figcaption><\/figure>\n\n\n\n<figure class=\"wp-block-image size-medium\"><a href=\"https:\/\/www.latoscane.net\/wp-content\/uploads\/2017\/01\/piazza-antelminelli-lucca-8683-300x200.jpg\"><img loading=\"lazy\" decoding=\"async\" width=\"300\" height=\"200\" data-id=\"8126\" src=\"https:\/\/www.latoscane.net\/wp-content\/uploads\/2017\/01\/piazza-antelminelli-lucca-8683-300x200.jpg\" alt=\"Foto della Piazza Antelminelli a Lucca\" class=\"wp-image-8126\" srcset=\"https:\/\/www.latoscane.net\/wp-content\/uploads\/2017\/01\/piazza-antelminelli-lucca-8683-300x200.jpg 300w, https:\/\/www.latoscane.net\/wp-content\/uploads\/2017\/01\/piazza-antelminelli-lucca-8683-1024x683.jpg 1024w, https:\/\/www.latoscane.net\/wp-content\/uploads\/2017\/01\/piazza-antelminelli-lucca-8683-768x512.jpg 768w, https:\/\/www.latoscane.net\/wp-content\/uploads\/2017\/01\/piazza-antelminelli-lucca-8683.jpg 1200w\" sizes=\"(max-width: 300px) 100vw, 300px\" \/><\/a><figcaption class=\"wp-element-caption\">Piazza Antelminelli a Lucca<\/figcaption><\/figure>\n\n\n\n<figure class=\"wp-block-image size-medium\"><a href=\"https:\/\/www.latoscane.net\/wp-content\/uploads\/2017\/01\/galleria-negozi-centro-storico-lucca-8826-300x200.jpg\"><img loading=\"lazy\" decoding=\"async\" width=\"300\" height=\"200\" data-id=\"8120\" src=\"https:\/\/www.latoscane.net\/wp-content\/uploads\/2017\/01\/galleria-negozi-centro-storico-lucca-8826-300x200.jpg\" alt=\"Foto della galleria commerciale nella Via Fillungo a Lucca\" class=\"wp-image-8120\" srcset=\"https:\/\/www.latoscane.net\/wp-content\/uploads\/2017\/01\/galleria-negozi-centro-storico-lucca-8826-300x200.jpg 300w, https:\/\/www.latoscane.net\/wp-content\/uploads\/2017\/01\/galleria-negozi-centro-storico-lucca-8826-1024x683.jpg 1024w, https:\/\/www.latoscane.net\/wp-content\/uploads\/2017\/01\/galleria-negozi-centro-storico-lucca-8826-768x512.jpg 768w, https:\/\/www.latoscane.net\/wp-content\/uploads\/2017\/01\/galleria-negozi-centro-storico-lucca-8826.jpg 1200w\" sizes=\"(max-width: 300px) 100vw, 300px\" \/><\/a><figcaption class=\"wp-element-caption\">Galleria commerciale nella Via Fillungo<\/figcaption><\/figure>\n\n\n\n<figure class=\"wp-block-image size-medium\"><a href=\"https:\/\/www.latoscane.net\/wp-content\/uploads\/2017\/01\/corte-biancalana-lucca-8680-1-300x200.jpg\"><img loading=\"lazy\" decoding=\"async\" width=\"300\" height=\"200\" data-id=\"8277\" src=\"https:\/\/www.latoscane.net\/wp-content\/uploads\/2017\/01\/corte-biancalana-lucca-8680-1-300x200.jpg\" alt=\"Foto della Corte Biancalana a Lucca\" class=\"wp-image-8277\" srcset=\"https:\/\/www.latoscane.net\/wp-content\/uploads\/2017\/01\/corte-biancalana-lucca-8680-1-300x200.jpg 300w, https:\/\/www.latoscane.net\/wp-content\/uploads\/2017\/01\/corte-biancalana-lucca-8680-1-1024x683.jpg 1024w, https:\/\/www.latoscane.net\/wp-content\/uploads\/2017\/01\/corte-biancalana-lucca-8680-1-768x512.jpg 768w, https:\/\/www.latoscane.net\/wp-content\/uploads\/2017\/01\/corte-biancalana-lucca-8680-1.jpg 1200w\" sizes=\"(max-width: 300px) 100vw, 300px\" \/><\/a><figcaption class=\"wp-element-caption\">Corte Biancalana<\/figcaption><\/figure>\n\n\n\n<figure class=\"wp-block-image size-medium\"><a href=\"https:\/\/www.latoscane.net\/wp-content\/uploads\/2017\/01\/piazza-cittadella-lucca-8739-300x200.jpg\"><img loading=\"lazy\" decoding=\"async\" width=\"300\" height=\"200\" data-id=\"8269\" src=\"https:\/\/www.latoscane.net\/wp-content\/uploads\/2017\/01\/piazza-cittadella-lucca-8739-300x200.jpg\" alt=\"Foto della Piazza Cittadella a Lucca\" class=\"wp-image-8269\" srcset=\"https:\/\/www.latoscane.net\/wp-content\/uploads\/2017\/01\/piazza-cittadella-lucca-8739-300x200.jpg 300w, https:\/\/www.latoscane.net\/wp-content\/uploads\/2017\/01\/piazza-cittadella-lucca-8739-1024x683.jpg 1024w, https:\/\/www.latoscane.net\/wp-content\/uploads\/2017\/01\/piazza-cittadella-lucca-8739-768x512.jpg 768w, https:\/\/www.latoscane.net\/wp-content\/uploads\/2017\/01\/piazza-cittadella-lucca-8739.jpg 1200w\" sizes=\"(max-width: 300px) 100vw, 300px\" \/><\/a><figcaption class=\"wp-element-caption\">Piazza Cittadella<\/figcaption><\/figure>\n\n\n\n<figure class=\"wp-block-image size-medium\"><a href=\"https:\/\/www.latoscane.net\/wp-content\/uploads\/2017\/01\/piazza-san-martino-chiesa-santi-giovanni-e-reparata-lucca-8735-300x200.jpg\"><img loading=\"lazy\" decoding=\"async\" width=\"300\" height=\"200\" data-id=\"8272\" src=\"https:\/\/www.latoscane.net\/wp-content\/uploads\/2017\/01\/piazza-san-martino-chiesa-santi-giovanni-e-reparata-lucca-8735-300x200.jpg\" alt=\"Foto della Piazza San Martino a Lucca\" class=\"wp-image-8272\" srcset=\"https:\/\/www.latoscane.net\/wp-content\/uploads\/2017\/01\/piazza-san-martino-chiesa-santi-giovanni-e-reparata-lucca-8735-300x200.jpg 300w, https:\/\/www.latoscane.net\/wp-content\/uploads\/2017\/01\/piazza-san-martino-chiesa-santi-giovanni-e-reparata-lucca-8735-1024x683.jpg 1024w, https:\/\/www.latoscane.net\/wp-content\/uploads\/2017\/01\/piazza-san-martino-chiesa-santi-giovanni-e-reparata-lucca-8735-768x512.jpg 768w, https:\/\/www.latoscane.net\/wp-content\/uploads\/2017\/01\/piazza-san-martino-chiesa-santi-giovanni-e-reparata-lucca-8735.jpg 1200w\" sizes=\"(max-width: 300px) 100vw, 300px\" \/><\/a><figcaption class=\"wp-element-caption\">Piazza San Martino<\/figcaption><\/figure>\n<\/figure>\n\n\n<h2>Villa Reale di Marlia<\/h2>\n<p>A 8 km a nord di Lucca, nel comune di Capannori, la <strong>Villa Reale di Marlia<\/strong> \u00e8 un notevole palazzo storico che vanta un parco eccezionale. La sorella di Napoleone Elisa Baciocchi vi si stabil\u00ec, come sovrana di Lucca, poi di tutta la Toscana. Ridona l&#8217;antico palazzo rinascimentale della famiglia Orsetti, conferendogli il suo attuale aspetto neoclassico e ampliando il parco.<br \/>La tenuta conta oggi 16 ettari, con la Villa Reale, la Palazzina dell&#8217;Orologio, la Villa del Vescovo e soprattutto il bellissimo parco che risale in gran parte al XVII secolo. Questo con vari ornamenti e costruzioni come il Teatro di Verzura con le sue siepi di ifs, il Giardino dei Limoni, il Giardino Italiano e il Teatro d&#8217;Acqua con il grande bacino e le sue statue e cascate, ecc.<\/p>\n<h2>Dintorni di Lucca<\/h2>\n<h3>Torre del Lago<\/h3>\n<p>Borgo del comune di Viareggio, a circa 30 minuti da Lucca, <strong>Torre del Lago<\/strong> fu frequentata in particolare da Giacomo Puccini con i suoi amici artisti, dove si tiene oggi il Festival Puccini, uno dei pi\u00f9 importanti festival lirici d&#8217;Italia in luglio e agosto.<br \/>Vi si trova la <strong>casa-museo Puccini<\/strong>, il <strong>lago di Massaciuccoli<\/strong> in un&#8217;area naturale, nonch\u00e9 una grande spiaggia sabbiosa con stabilimenti.<\/p>\n<h3>Altopascio<\/h3>\n<p>Grazioso borgo situato sul percorso della Via Francigena nella Piana di Lucca, <strong>Altopascio<\/strong> \u00e8 rinomata per il suo pane da secoli e frequentata dai pellegrini.<br \/>Il centro storico conserva notevoli edifici antichi, come sulla graziosa Piazza degli Ospitalieri con il suo antico pozzo, la chiesa di San Jacopo del XII secolo quando era sotto gli Ospedalieri, accompagnata dal possente campanile romanico della fine del XIII secolo. Accanto alla chiesa lo Spedale di Altopascio fondato dagli ospedalieri (i Cavalieri del Tau in questo caso) nell&#8217;XI secolo, assisteva i pellegrini.<\/p>\n<p>Nella vicina Piazza Garibaldi, il Loggiato quattrocentesco conserva una collezione storica che documenta la storia di Altopascio.<\/p>\n<h3>Porcari<\/h3>\n<p>Situato nella piana di Lucca sulla via Francigena, <strong>Porcari<\/strong> risale ad un castrum lombardo del XVIII secolo. \u00c8 un importante centro di produzione della carta.<br \/>La sua chiesa di marmo bianco San Giusto domina il paese, accompagnata dal suo potente campanile. Pi\u00f9 in alto sulla collina, la Torretta \u00e8 un sito con i resti di una torre di avvistamento che domina l&#8217;intero paesaggio sulla piana di Lucca.<br \/>Nel villaggio, la Fondazione Lazzareschi \u00e8 un edificio di architettura contemporanea dedicato a mostre ed eventi culturali.<br \/>Nella localit\u00e0 Piana delle cento fattorie il sito archeologico di Fossa Nera rivela resti di occupazioni dell&#8217;et\u00e0 del bronzo, oltre che etruschi e romani.<\/p>\n<h3>Nozzano<\/h3>\n<p><strong>Nozzano<\/strong> \u00e8 un piccolo borgo medievale della piana di Lucca (a ovest di Lucca), particolarmente suggestivo, in un grazioso sito dominato dal suo castello.<br \/>Il borgo fortificato ha una struttura ellittica protetta da un recinto del XII munito di torri con porta d&#8217;accesso. Il <strong>Castello di Nozzano<\/strong>, bella fortificazione triangolare, \u00e8 una ricostruzione della fine del XIV secolo.<br \/>Il sito vicino al territorio di Pisa difendeva quello di Lucca e controllava il fiume del Serchio.<\/p>\n<h3>Altri luoghi<\/h3>\n<ul>\n<li><strong>Lucchio<\/strong> \u00e8 un misterioso borgo arroccato, molto incastonato tra le pareti delle montagne.<\/li>\n<li>Nella <strong>Garfagnana<\/strong>: il Ponte del Diavolo nella valle dello Serchio, il Ponte delle Catene e la citt\u00e0 termale di Bagni di Lucca, il villaggio dei mulini in pietra di Fabbriche di Vergemoli, la Fortezza di Verrucole e il suo Archeopark medievale, ecc.<\/li>\n<li>L&#8217;<strong>Acquedotto Nottolini<\/strong>, lungo 3,2 km, con 459 archi e due cisterne.<\/li>\n<li>Il <strong>Val di Nievole<\/strong> tra cui <strong>Collodi<\/strong> la citt\u00e0 di Pinocchio, la <strong>Quercia di Pinocchio<\/strong>, o Quercia delle streghe, a Capannori, albero di oltre 4 metri di circonferenza, che sembra molto pi\u00f9 largo che alto.<\/li>\n<li><strong>Montecarlo<\/strong> \u00e8 un antico borgo medievale caratterizzato da una cinta muraria ben conservata e dalla sua fortezza.<\/li>\n<li>Le <strong>Ville della Piana di Lucca<\/strong><br \/>Molte ville prestigiose nei dintorni di Lucca hanno bellissimi giardini con in particolare giochi d&#8217;acqua.<br \/>&#8211; <strong>Villa Torrigiani<\/strong> a Camigliano che \u00e8 il pi\u00f9 bel esempio di villa barocca conservata nei dintorni di Lucca, con uno dei &#8220;giardini pi\u00f9 belli d&#8217;Italia&#8221;, una valle di cipressi lunga quasi un chilometro. Originariamente posseduta dai Buonvisi, fu acquistata nel XVII secolo da Nicolao Santini, ambasciatore di Lucca presso la corte di Luigi XIV in Francia<br \/>&#8211; La <strong>Villa Mansi<\/strong> a Segromigno acquistata nel 1675 dai Mansi.<br \/>&#8211; La <strong>Villa Reale di Marlia<\/strong> \u00e8 un notevole palazzo che fu residenza di Elisa Bonaparte Baciocchi che lo fece ristrutturare, con le sue forme neoclassiche.<br \/>&#8211; Altre ville: Villa Oliva e Villa Grabau a San Pancrazio di Marlia e Villa Bernardini a Vicopelago.<\/li>\n<\/ul>\n\n\n<figure class=\"wp-block-gallery has-nested-images columns-4 is-cropped wp-block-gallery-15 is-layout-flex wp-block-gallery-is-layout-flex\">\n<figure class=\"wp-block-image size-medium\"><a href=\"https:\/\/www.latoscane.net\/wp-content\/uploads\/2017\/01\/castello-di-nozzano-9211-300x200.jpg\"><img loading=\"lazy\" decoding=\"async\" width=\"300\" height=\"200\" data-id=\"9884\" src=\"https:\/\/www.latoscane.net\/wp-content\/uploads\/2017\/01\/castello-di-nozzano-9211-300x200.jpg\" alt=\"Foto del castello di Nozzano\" class=\"wp-image-9884\" srcset=\"https:\/\/www.latoscane.net\/wp-content\/uploads\/2017\/01\/castello-di-nozzano-9211-300x200.jpg 300w, https:\/\/www.latoscane.net\/wp-content\/uploads\/2017\/01\/castello-di-nozzano-9211-1024x683.jpg 1024w, https:\/\/www.latoscane.net\/wp-content\/uploads\/2017\/01\/castello-di-nozzano-9211-768x512.jpg 768w, https:\/\/www.latoscane.net\/wp-content\/uploads\/2017\/01\/castello-di-nozzano-9211.jpg 1200w\" sizes=\"(max-width: 300px) 100vw, 300px\" \/><\/a><figcaption class=\"wp-element-caption\">Castello di Nozzano<\/figcaption><\/figure>\n\n\n\n<figure class=\"wp-block-image size-medium\"><a href=\"https:\/\/www.latoscane.net\/wp-content\/uploads\/2017\/02\/villa-torrigiani-toscana-9079-300x200.jpg\"><img loading=\"lazy\" decoding=\"async\" width=\"300\" height=\"200\" data-id=\"9858\" src=\"https:\/\/www.latoscane.net\/wp-content\/uploads\/2017\/02\/villa-torrigiani-toscana-9079-300x200.jpg\" alt=\"Foto della facciata della Villa Torrigiani in Toscana\" class=\"wp-image-9858\" srcset=\"https:\/\/www.latoscane.net\/wp-content\/uploads\/2017\/02\/villa-torrigiani-toscana-9079-300x200.jpg 300w, https:\/\/www.latoscane.net\/wp-content\/uploads\/2017\/02\/villa-torrigiani-toscana-9079-1024x683.jpg 1024w, https:\/\/www.latoscane.net\/wp-content\/uploads\/2017\/02\/villa-torrigiani-toscana-9079-768x512.jpg 768w, https:\/\/www.latoscane.net\/wp-content\/uploads\/2017\/02\/villa-torrigiani-toscana-9079.jpg 1200w\" sizes=\"(max-width: 300px) 100vw, 300px\" \/><\/a><figcaption class=\"wp-element-caption\">Villa Torrigiani<\/figcaption><\/figure>\n\n\n\n<figure class=\"wp-block-image size-medium\"><a href=\"https:\/\/www.latoscane.net\/wp-content\/uploads\/2017\/02\/quercia-delle-streghe-capannori-8485-300x200.jpg\"><img loading=\"lazy\" decoding=\"async\" width=\"300\" height=\"200\" data-id=\"9745\" src=\"https:\/\/www.latoscane.net\/wp-content\/uploads\/2017\/02\/quercia-delle-streghe-capannori-8485-300x200.jpg\" alt=\"Foto della quercia delle streghe a Capannori\" class=\"wp-image-9745\" srcset=\"https:\/\/www.latoscane.net\/wp-content\/uploads\/2017\/02\/quercia-delle-streghe-capannori-8485-300x200.jpg 300w, https:\/\/www.latoscane.net\/wp-content\/uploads\/2017\/02\/quercia-delle-streghe-capannori-8485-1024x683.jpg 1024w, https:\/\/www.latoscane.net\/wp-content\/uploads\/2017\/02\/quercia-delle-streghe-capannori-8485-768x512.jpg 768w, https:\/\/www.latoscane.net\/wp-content\/uploads\/2017\/02\/quercia-delle-streghe-capannori-8485.jpg 1200w\" sizes=\"(max-width: 300px) 100vw, 300px\" \/><\/a><figcaption class=\"wp-element-caption\">Quercia di Pinocchio<\/figcaption><\/figure>\n<\/figure>\n\n\n<h2>Mappa turistica di Lucca<\/h2>\n<div id=\"travelersmap-container-69f2939bbc2f0\" class=\"travelersmap-container\" style=\"z-index: 1; min-height: 10px; min-width:10px; height:450px;width:100%; max-width:; max-height:; position:relative;\"><div style=\"position:absolute; z-index:-1;top: 50%;text-align: center;display: block;left: 50%;transform: translate(-50%,-50%);\">Travelers' Map is loading...<br>If you see this after your page is loaded completely, leafletJS files are missing.<\/div><\/div>\n<h2>Fonti e collegamenti<\/h2>\n<ul>\n<li>Portale turistico del municipio : <a href=\"https:\/\/www.turismo.lucca.it\/\" target=\"_blank\" rel=\"noopener\">www.turismo.lucca.it<\/a><\/li>\n<li>Portali turistici e blog : <a href=\"https:\/\/www.visittuscany.com\/it\/citta-e-borghi\/lucca\/\" target=\"_blank\" rel=\"noopener\">www.visittuscany.com<\/a>, <a href=\"https:\/\/mysocialwanderlust.com\/2022\/10\/11\/cosa-vedere-a-lucca-e-dintorni-in-3-giorni-con-guida-digitale\/\" target=\"_blank\" rel=\"noopener\">mysocialwanderlust.com<\/a><\/li>\n<\/ul>\n<h2>Articoli su Lucca<\/h2>\n<ul class=\"lcp_catlist2\" id=\"lcp_instance_0\"><li><a href=\"https:\/\/www.latoscane.net\/it\/lucca\/\">Lucca<\/a><a href=\"https:\/\/www.latoscane.net\/it\/lucca\/\" title=\"Lucca\"><img loading=\"lazy\" decoding=\"async\" width=\"150\" height=\"150\" src=\"https:\/\/www.latoscane.net\/wp-content\/uploads\/2017\/03\/lucques-toscane-8399-150x150.jpg\" class=\"lcp_thumbnail wp-post-image\" alt=\"Lucca\" srcset=\"https:\/\/www.latoscane.net\/wp-content\/uploads\/2017\/03\/lucques-toscane-8399-150x150.jpg 150w, https:\/\/www.latoscane.net\/wp-content\/uploads\/2017\/03\/lucques-toscane-8399-50x50.jpg 50w, https:\/\/www.latoscane.net\/wp-content\/uploads\/2017\/03\/lucques-toscane-8399-65x65.jpg 65w\" sizes=\"(max-width: 150px) 100vw, 150px\" \/><\/a><div class=\"lcp_excerpt\">\nLucca \u00e8 sicuramente una delle pi\u00f9 belle e piacevoli citt\u00e0 della Toscana, una tappa da non perdere durante un itinerario attraverso la regione.Anche se pu\u00f2 essere visitata in un giorno, ...<\/div><\/li><li><a href=\"https:\/\/www.latoscane.net\/it\/versilia\/\">Versilia<\/a><a href=\"https:\/\/www.latoscane.net\/it\/versilia\/\" title=\"Versilia\"><img loading=\"lazy\" decoding=\"async\" width=\"150\" height=\"150\" src=\"https:\/\/www.latoscane.net\/wp-content\/uploads\/2024\/10\/piazza-duomo-pietrasanta-9209-150x150.jpg\" class=\"lcp_thumbnail wp-post-image\" alt=\"Versilia\" srcset=\"https:\/\/www.latoscane.net\/wp-content\/uploads\/2024\/10\/piazza-duomo-pietrasanta-9209-150x150.jpg 150w, https:\/\/www.latoscane.net\/wp-content\/uploads\/2024\/10\/piazza-duomo-pietrasanta-9209-50x50.jpg 50w, https:\/\/www.latoscane.net\/wp-content\/uploads\/2024\/10\/piazza-duomo-pietrasanta-9209-80x80.jpg 80w, https:\/\/www.latoscane.net\/wp-content\/uploads\/2024\/10\/piazza-duomo-pietrasanta-9209-75x75.jpg 75w\" sizes=\"(max-width: 150px) 100vw, 150px\" \/><\/a><div class=\"lcp_excerpt\">\nLa Versilia \u00e8 una fascia del territorio della Toscana settentrionale, che si estende per quasi 20 km lungo la costa, tra le sue lunghe spiagge sabbiose a ovest e la ...<\/div><\/li><li><a href=\"https:\/\/www.latoscane.net\/it\/collodi-e-val-di-nievole\/\">Collodi e Val di Nievole<\/a><a href=\"https:\/\/www.latoscane.net\/it\/collodi-e-val-di-nievole\/\" title=\"Collodi e Val di Nievole\"><img loading=\"lazy\" decoding=\"async\" width=\"150\" height=\"150\" src=\"https:\/\/www.latoscane.net\/wp-content\/uploads\/2017\/02\/collodi-toscane-9215-150x150.jpg\" class=\"lcp_thumbnail wp-post-image\" alt=\"Collodi e Val di Nievole\" srcset=\"https:\/\/www.latoscane.net\/wp-content\/uploads\/2017\/02\/collodi-toscane-9215-150x150.jpg 150w, https:\/\/www.latoscane.net\/wp-content\/uploads\/2017\/02\/collodi-toscane-9215-50x50.jpg 50w, https:\/\/www.latoscane.net\/wp-content\/uploads\/2017\/02\/collodi-toscane-9215-80x80.jpg 80w, https:\/\/www.latoscane.net\/wp-content\/uploads\/2017\/02\/collodi-toscane-9215-75x75.jpg 75w\" sizes=\"(max-width: 150px) 100vw, 150px\" \/><\/a><div class=\"lcp_excerpt\">\nTra Lucca e Pistoia, la Val di Nievole (o Valdinievole) \u00e8 una dolce regione ricca di piccoli tesori e giardini, dalle terme alle aree naturali, con lussureggianti colline, boschi di ...<\/div><\/li><li><a href=\"https:\/\/www.latoscane.net\/it\/cattedrale-di-san-martino-di-lucca\/\">Cattedrale di San Martino di Lucca<\/a><a href=\"https:\/\/www.latoscane.net\/it\/cattedrale-di-san-martino-di-lucca\/\" title=\"Cattedrale di San Martino di Lucca\"><img loading=\"lazy\" decoding=\"async\" width=\"150\" height=\"150\" src=\"https:\/\/www.latoscane.net\/wp-content\/uploads\/2024\/09\/cathedrale-de-saint-martin-lucques-8646-150x150.jpg\" class=\"lcp_thumbnail wp-post-image\" alt=\"Cattedrale di San Martino di Lucca\" srcset=\"https:\/\/www.latoscane.net\/wp-content\/uploads\/2024\/09\/cathedrale-de-saint-martin-lucques-8646-150x150.jpg 150w, https:\/\/www.latoscane.net\/wp-content\/uploads\/2024\/09\/cathedrale-de-saint-martin-lucques-8646-50x50.jpg 50w, https:\/\/www.latoscane.net\/wp-content\/uploads\/2024\/09\/cathedrale-de-saint-martin-lucques-8646-80x80.jpg 80w, https:\/\/www.latoscane.net\/wp-content\/uploads\/2024\/09\/cathedrale-de-saint-martin-lucques-8646-75x75.jpg 75w\" sizes=\"(max-width: 150px) 100vw, 150px\" \/><\/a><div class=\"lcp_excerpt\">\nLa splendida Cattedrale di San Martino di Lucca \u00e8 un notevole esempio di architettura romanica rinascimentale. La sua costruzione risale alla fine del VI secolo d.C., e ricostruita alla fine ...<\/div><\/li><li><a href=\"http:\/\/www.booking.com\/city\/it\/lucca.it.html?aid=308562;do_availability_check=1\">Alberghi in Lucca<\/a><a href=\"http:\/\/www.booking.com\/city\/it\/lucca.it.html?aid=308562;do_availability_check=1\" title=\"Alberghi in Lucca\"><img loading=\"lazy\" decoding=\"async\" width=\"150\" height=\"115\" src=\"https:\/\/www.latoscane.net\/wp-content\/uploads\/2017\/02\/hotels-en-toscane-150x115.jpg\" class=\"lcp_thumbnail wp-post-image\" alt=\"Alberghi in Lucca\" \/><\/a><div class=\"lcp_excerpt\">Trovare e prenotare rapidamente un alloggio a Lucca e dintorni, tra alberghi, bed and breakfast, appartamenti, agriturismi, ecc \n<\/div><\/li><li><a href=\"https:\/\/www.latoscane.net\/it\/visite-guidate-e-tour-in-lucca-e-dintorni\/\">Visite guidate e tour in Lucca e dintorni<\/a><a href=\"https:\/\/www.latoscane.net\/it\/visite-guidate-e-tour-in-lucca-e-dintorni\/\" title=\"Visite guidate e tour in Lucca e dintorni\"><img loading=\"lazy\" decoding=\"async\" width=\"150\" height=\"150\" src=\"https:\/\/www.latoscane.net\/wp-content\/uploads\/2017\/03\/visites-guidees-tickets-sienne-150x150.jpg\" class=\"lcp_thumbnail wp-post-image\" alt=\"Visite guidate e tour in Lucca e dintorni\" srcset=\"https:\/\/www.latoscane.net\/wp-content\/uploads\/2017\/03\/visites-guidees-tickets-sienne-150x150.jpg 150w, https:\/\/www.latoscane.net\/wp-content\/uploads\/2017\/03\/visites-guidees-tickets-sienne-50x50.jpg 50w, https:\/\/www.latoscane.net\/wp-content\/uploads\/2017\/03\/visites-guidees-tickets-sienne-65x65.jpg 65w\" sizes=\"(max-width: 150px) 100vw, 150px\" \/><\/a><div class=\"lcp_excerpt\">Proposte di visite guidate e attivit\u00e0 a Lucca, in Toscana, ricca di belle piazze o chiese romaniche coperte da marmi policromi.\n\n\nNella stessa categoria\n<\/div><\/li><li><a href=\"https:\/\/www.latoscane.net\/it\/meteo-in-lucca\/\">Meteo in Lucca<\/a><a href=\"https:\/\/www.latoscane.net\/it\/meteo-in-lucca\/\" title=\"Meteo in Lucca\"><img loading=\"lazy\" decoding=\"async\" width=\"120\" height=\"120\" src=\"https:\/\/www.latoscane.net\/wp-content\/uploads\/2016\/12\/icone-meteo-toscane-1.jpg\" class=\"lcp_thumbnail wp-post-image\" alt=\"Meteo in Lucca\" srcset=\"https:\/\/www.latoscane.net\/wp-content\/uploads\/2016\/12\/icone-meteo-toscane-1.jpg 120w, https:\/\/www.latoscane.net\/wp-content\/uploads\/2016\/12\/icone-meteo-toscane-1-50x50.jpg 50w, https:\/\/www.latoscane.net\/wp-content\/uploads\/2016\/12\/icone-meteo-toscane-1-80x80.jpg 80w, https:\/\/www.latoscane.net\/wp-content\/uploads\/2016\/12\/icone-meteo-toscane-1-75x75.jpg 75w\" sizes=\"(max-width: 120px) 100vw, 120px\" \/><\/a><div class=\"lcp_excerpt\">Previsioni meteo a Lucca in Toscana, oggi e nei prossimi giorni, temperatura, piovosit\u00e0, ecc\nMeteo 5 giorni in Lucca\n\n\n\nMeteo dettagliata in Lucca\n\n\n\n&nbsp;\nNella stessa categoria\n<\/div><\/li><\/ul>","protected":false},"excerpt":{"rendered":"<p>Lucca \u00e8 una citt\u00e0 piacevole ed accogliente, il cui grazioso centro storico, pulito e ordinato, \u00e8 protetto da un&#8217;ampia cinta muraria cinquecentesca. Tra i suoi luoghi imperdibili, la Piazza dell&#8217;Anfiteatro ricorda il passato romano della citt\u00e0 che ha mantenuto la fisionomia dell&#8217;antico edificio. Altre belle piazze si trovano davanti alle notevoli chiese tra cui la [&hellip;]<\/p>\n","protected":false},"author":1,"featured_media":7934,"comment_status":"open","ping_status":"open","sticky":false,"template":"","format":"standard","meta":{"_acf_changed":false,"footnotes":"","_links_to":"","_links_to_target":""},"categories":[40],"tags":[219,211],"acf":[],"yoast_head":"<!-- This site is optimized with the Yoast SEO plugin v22.8 - https:\/\/yoast.com\/wordpress\/plugins\/seo\/ -->\n<title>Cosa vedere a Lucca, Guida di Toscana<\/title>\n<meta name=\"description\" content=\"I luoghi pi\u00f9 interessanti di Lucca, nel grazioso centro storico e fuori, dalle mura alla Piazza dell&#039;Anfiteatro o le chiese, musei, ville, ecc\" \/>\n<meta name=\"robots\" content=\"index, follow, max-snippet:-1, max-image-preview:large, max-video-preview:-1\" \/>\n<link rel=\"canonical\" href=\"https:\/\/www.latoscane.net\/it\/da-vedere-a-lucca\/\" \/>\n<meta property=\"og:locale\" content=\"it_IT\" \/>\n<meta property=\"og:type\" content=\"article\" \/>\n<meta property=\"og:title\" content=\"Cosa vedere a Lucca, Guida di Toscana\" \/>\n<meta property=\"og:description\" content=\"I luoghi pi\u00f9 interessanti di Lucca, nel grazioso centro storico e fuori, dalle mura alla Piazza dell&#039;Anfiteatro o le chiese, musei, ville, ecc\" \/>\n<meta property=\"og:url\" content=\"https:\/\/www.latoscane.net\/it\/da-vedere-a-lucca\/\" \/>\n<meta property=\"og:site_name\" content=\"LaToscane.net\" \/>\n<meta property=\"article:published_time\" content=\"2024-02-22T13:37:13+00:00\" \/>\n<meta property=\"article:modified_time\" content=\"2025-09-10T19:37:32+00:00\" \/>\n<meta property=\"og:image\" content=\"https:\/\/www.latoscane.net\/wp-content\/uploads\/2024\/09\/piazza-dell-anfiteatro-lucca-8553.jpg\" \/>\n\t<meta property=\"og:image:width\" content=\"1200\" \/>\n\t<meta property=\"og:image:height\" content=\"800\" \/>\n\t<meta property=\"og:image:type\" content=\"image\/jpeg\" \/>\n<meta name=\"author\" content=\"Galgano\" \/>\n<meta name=\"twitter:card\" content=\"summary_large_image\" \/>\n<meta name=\"twitter:label1\" content=\"Scritto da\" \/>\n\t<meta name=\"twitter:data1\" content=\"Galgano\" \/>\n\t<meta name=\"twitter:label2\" content=\"Tempo di lettura stimato\" \/>\n\t<meta name=\"twitter:data2\" content=\"29 minuti\" \/>\n<script type=\"application\/ld+json\" class=\"yoast-schema-graph\">{\"@context\":\"https:\/\/schema.org\",\"@graph\":[{\"@type\":\"WebPage\",\"@id\":\"https:\/\/www.latoscane.net\/it\/da-vedere-a-lucca\/\",\"url\":\"https:\/\/www.latoscane.net\/it\/da-vedere-a-lucca\/\",\"name\":\"Cosa vedere a Lucca, Guida di Toscana\",\"isPartOf\":{\"@id\":\"https:\/\/www.latoscane.net\/#website\"},\"primaryImageOfPage\":{\"@id\":\"https:\/\/www.latoscane.net\/it\/da-vedere-a-lucca\/#primaryimage\"},\"image\":{\"@id\":\"https:\/\/www.latoscane.net\/it\/da-vedere-a-lucca\/#primaryimage\"},\"thumbnailUrl\":\"https:\/\/www.latoscane.net\/wp-content\/uploads\/2024\/09\/piazza-dell-anfiteatro-lucca-8553.jpg\",\"datePublished\":\"2024-02-22T13:37:13+00:00\",\"dateModified\":\"2025-09-10T19:37:32+00:00\",\"author\":{\"@id\":\"https:\/\/www.latoscane.net\/#\/schema\/person\/dae56e679cb6d9bdaf2b0b54b1320d42\"},\"description\":\"I luoghi pi\u00f9 interessanti di Lucca, nel grazioso centro storico e fuori, dalle mura alla Piazza dell'Anfiteatro o le chiese, musei, ville, ecc\",\"breadcrumb\":{\"@id\":\"https:\/\/www.latoscane.net\/it\/da-vedere-a-lucca\/#breadcrumb\"},\"inLanguage\":\"it-IT\",\"potentialAction\":[{\"@type\":\"ReadAction\",\"target\":[\"https:\/\/www.latoscane.net\/it\/da-vedere-a-lucca\/\"]}]},{\"@type\":\"ImageObject\",\"inLanguage\":\"it-IT\",\"@id\":\"https:\/\/www.latoscane.net\/it\/da-vedere-a-lucca\/#primaryimage\",\"url\":\"https:\/\/www.latoscane.net\/wp-content\/uploads\/2024\/09\/piazza-dell-anfiteatro-lucca-8553.jpg\",\"contentUrl\":\"https:\/\/www.latoscane.net\/wp-content\/uploads\/2024\/09\/piazza-dell-anfiteatro-lucca-8553.jpg\",\"width\":1200,\"height\":800,\"caption\":\"Veduta della Piazza dell'Anfiteatro a Lucca\"},{\"@type\":\"BreadcrumbList\",\"@id\":\"https:\/\/www.latoscane.net\/it\/da-vedere-a-lucca\/#breadcrumb\",\"itemListElement\":[{\"@type\":\"ListItem\",\"position\":1,\"name\":\"Accueil\",\"item\":\"https:\/\/www.latoscane.net\/it\/\"},{\"@type\":\"ListItem\",\"position\":2,\"name\":\"Cosa vedere a Lucca\"}]},{\"@type\":\"WebSite\",\"@id\":\"https:\/\/www.latoscane.net\/#website\",\"url\":\"https:\/\/www.latoscane.net\/\",\"name\":\"LaToscane.net\",\"description\":\"Visita della regione Toscana\",\"potentialAction\":[{\"@type\":\"SearchAction\",\"target\":{\"@type\":\"EntryPoint\",\"urlTemplate\":\"https:\/\/www.latoscane.net\/?s={search_term_string}\"},\"query-input\":\"required name=search_term_string\"}],\"inLanguage\":\"it-IT\"},{\"@type\":\"Person\",\"@id\":\"https:\/\/www.latoscane.net\/#\/schema\/person\/dae56e679cb6d9bdaf2b0b54b1320d42\",\"name\":\"Galgano\",\"url\":\"https:\/\/www.latoscane.net\/it\/author\/will\/\"}]}<\/script>\n<!-- \/ Yoast SEO plugin. -->","yoast_head_json":{"title":"Cosa vedere a Lucca, Guida di Toscana","description":"I luoghi pi\u00f9 interessanti di Lucca, nel grazioso centro storico e fuori, dalle mura alla Piazza dell'Anfiteatro o le chiese, musei, ville, ecc","robots":{"index":"index","follow":"follow","max-snippet":"max-snippet:-1","max-image-preview":"max-image-preview:large","max-video-preview":"max-video-preview:-1"},"canonical":"https:\/\/www.latoscane.net\/it\/da-vedere-a-lucca\/","og_locale":"it_IT","og_type":"article","og_title":"Cosa vedere a Lucca, Guida di Toscana","og_description":"I luoghi pi\u00f9 interessanti di Lucca, nel grazioso centro storico e fuori, dalle mura alla Piazza dell'Anfiteatro o le chiese, musei, ville, ecc","og_url":"https:\/\/www.latoscane.net\/it\/da-vedere-a-lucca\/","og_site_name":"LaToscane.net","article_published_time":"2024-02-22T13:37:13+00:00","article_modified_time":"2025-09-10T19:37:32+00:00","og_image":[{"width":1200,"height":800,"url":"https:\/\/www.latoscane.net\/wp-content\/uploads\/2024\/09\/piazza-dell-anfiteatro-lucca-8553.jpg","type":"image\/jpeg"}],"author":"Galgano","twitter_card":"summary_large_image","twitter_misc":{"Scritto da":"Galgano","Tempo di lettura stimato":"29 minuti"},"schema":{"@context":"https:\/\/schema.org","@graph":[{"@type":"WebPage","@id":"https:\/\/www.latoscane.net\/it\/da-vedere-a-lucca\/","url":"https:\/\/www.latoscane.net\/it\/da-vedere-a-lucca\/","name":"Cosa vedere a Lucca, Guida di Toscana","isPartOf":{"@id":"https:\/\/www.latoscane.net\/#website"},"primaryImageOfPage":{"@id":"https:\/\/www.latoscane.net\/it\/da-vedere-a-lucca\/#primaryimage"},"image":{"@id":"https:\/\/www.latoscane.net\/it\/da-vedere-a-lucca\/#primaryimage"},"thumbnailUrl":"https:\/\/www.latoscane.net\/wp-content\/uploads\/2024\/09\/piazza-dell-anfiteatro-lucca-8553.jpg","datePublished":"2024-02-22T13:37:13+00:00","dateModified":"2025-09-10T19:37:32+00:00","author":{"@id":"https:\/\/www.latoscane.net\/#\/schema\/person\/dae56e679cb6d9bdaf2b0b54b1320d42"},"description":"I luoghi pi\u00f9 interessanti di Lucca, nel grazioso centro storico e fuori, dalle mura alla Piazza dell'Anfiteatro o le chiese, musei, ville, ecc","breadcrumb":{"@id":"https:\/\/www.latoscane.net\/it\/da-vedere-a-lucca\/#breadcrumb"},"inLanguage":"it-IT","potentialAction":[{"@type":"ReadAction","target":["https:\/\/www.latoscane.net\/it\/da-vedere-a-lucca\/"]}]},{"@type":"ImageObject","inLanguage":"it-IT","@id":"https:\/\/www.latoscane.net\/it\/da-vedere-a-lucca\/#primaryimage","url":"https:\/\/www.latoscane.net\/wp-content\/uploads\/2024\/09\/piazza-dell-anfiteatro-lucca-8553.jpg","contentUrl":"https:\/\/www.latoscane.net\/wp-content\/uploads\/2024\/09\/piazza-dell-anfiteatro-lucca-8553.jpg","width":1200,"height":800,"caption":"Veduta della Piazza dell'Anfiteatro a Lucca"},{"@type":"BreadcrumbList","@id":"https:\/\/www.latoscane.net\/it\/da-vedere-a-lucca\/#breadcrumb","itemListElement":[{"@type":"ListItem","position":1,"name":"Accueil","item":"https:\/\/www.latoscane.net\/it\/"},{"@type":"ListItem","position":2,"name":"Cosa vedere a Lucca"}]},{"@type":"WebSite","@id":"https:\/\/www.latoscane.net\/#website","url":"https:\/\/www.latoscane.net\/","name":"LaToscane.net","description":"Visita della regione Toscana","potentialAction":[{"@type":"SearchAction","target":{"@type":"EntryPoint","urlTemplate":"https:\/\/www.latoscane.net\/?s={search_term_string}"},"query-input":"required name=search_term_string"}],"inLanguage":"it-IT"},{"@type":"Person","@id":"https:\/\/www.latoscane.net\/#\/schema\/person\/dae56e679cb6d9bdaf2b0b54b1320d42","name":"Galgano","url":"https:\/\/www.latoscane.net\/it\/author\/will\/"}]}},"_links":{"self":[{"href":"https:\/\/www.latoscane.net\/it\/wp-json\/wp\/v2\/posts\/10396"}],"collection":[{"href":"https:\/\/www.latoscane.net\/it\/wp-json\/wp\/v2\/posts"}],"about":[{"href":"https:\/\/www.latoscane.net\/it\/wp-json\/wp\/v2\/types\/post"}],"author":[{"embeddable":true,"href":"https:\/\/www.latoscane.net\/it\/wp-json\/wp\/v2\/users\/1"}],"replies":[{"embeddable":true,"href":"https:\/\/www.latoscane.net\/it\/wp-json\/wp\/v2\/comments?post=10396"}],"version-history":[{"count":11,"href":"https:\/\/www.latoscane.net\/it\/wp-json\/wp\/v2\/posts\/10396\/revisions"}],"predecessor-version":[{"id":13917,"href":"https:\/\/www.latoscane.net\/it\/wp-json\/wp\/v2\/posts\/10396\/revisions\/13917"}],"wp:featuredmedia":[{"embeddable":true,"href":"https:\/\/www.latoscane.net\/it\/wp-json\/wp\/v2\/media\/7934"}],"wp:attachment":[{"href":"https:\/\/www.latoscane.net\/it\/wp-json\/wp\/v2\/media?parent=10396"}],"wp:term":[{"taxonomy":"category","embeddable":true,"href":"https:\/\/www.latoscane.net\/it\/wp-json\/wp\/v2\/categories?post=10396"},{"taxonomy":"post_tag","embeddable":true,"href":"https:\/\/www.latoscane.net\/it\/wp-json\/wp\/v2\/tags?post=10396"}],"curies":[{"name":"wp","href":"https:\/\/api.w.org\/{rel}","templated":true}]}}