{"id":10476,"date":"2024-10-24T12:40:51","date_gmt":"2024-10-24T10:40:51","guid":{"rendered":"https:\/\/www.latoscane.net\/da-vedere-a-pienza\/"},"modified":"2025-09-10T21:38:03","modified_gmt":"2025-09-10T19:38:03","slug":"da-vedere-a-pienza","status":"publish","type":"post","link":"https:\/\/www.latoscane.net\/it\/da-vedere-a-pienza\/","title":{"rendered":"Cosa vedere a Pienza"},"content":{"rendered":"\n<p>Il centro storico di <a href=\"https:\/\/www.latoscane.net\/it\/pienza\/\">Pienza<\/a> \u00e8 piuttosto piccolo e pianeggiante, in quanto si snoda lungo una bella passeggiata tra i suoi vicoli, seguendo anche la sua grande passeggiata che offre una splendida vista sulle colline dominate dal borgo.<\/p>\n<h2>Corso Rossellini di Pienza<\/h2>\n<p>Si entra a Pienza da ovest attraverso la Porta di Prato (o Porta al Murello) seguendo il <strong>Corso Rossellini<\/strong>, l&#8217;arteria centrale del centro storico, passando all&#8217;ingresso davanti alla chiesa gotica di San Francesco, di fronte al Palazzo Ammannati.<br \/>Riunisce la maggior parte dei negozi con i prodotti gastronomici locali rinomati.<br \/>Pi\u00f9 avanti si raggiunge il Palazzo Piccolomini, poi Piazza Pio II con il Duomo, il Palazzo Borgia e proseguiamo fino a Porta al Ciglio.<br \/>La via \u00e8 intitolata a <strong>Bernardo Rossellino<\/strong>, l&#8217;architetto fiorentino al quale papa Pio II affid\u00f2 il compito di trasformare il borgo di Corsignano in citt\u00e0 ideale del Rinascimento italiano.<\/p>\n\n\n<figure class=\"wp-block-gallery has-nested-images columns-default is-cropped wp-block-gallery-2 is-layout-flex wp-block-gallery-is-layout-flex\">\n<figure class=\"wp-block-image size-medium\"><a href=\"https:\/\/www.latoscane.net\/wp-content\/uploads\/2017\/02\/vue-sur-pienza-toscane-4130-300x200.jpg\"><img loading=\"lazy\" decoding=\"async\" width=\"300\" height=\"200\" data-id=\"6870\" src=\"https:\/\/www.latoscane.net\/wp-content\/uploads\/2017\/02\/vue-sur-pienza-toscane-4130-300x200.jpg\" alt=\"Panorama su Pienza\" class=\"wp-image-6870\" srcset=\"https:\/\/www.latoscane.net\/wp-content\/uploads\/2017\/02\/vue-sur-pienza-toscane-4130-300x200.jpg 300w, https:\/\/www.latoscane.net\/wp-content\/uploads\/2017\/02\/vue-sur-pienza-toscane-4130-1024x683.jpg 1024w, https:\/\/www.latoscane.net\/wp-content\/uploads\/2017\/02\/vue-sur-pienza-toscane-4130-768x512.jpg 768w, https:\/\/www.latoscane.net\/wp-content\/uploads\/2017\/02\/vue-sur-pienza-toscane-4130.jpg 1200w\" sizes=\"(max-width: 300px) 100vw, 300px\" \/><\/a><figcaption class=\"wp-element-caption\">Panorama su Pienza<\/figcaption><\/figure>\n\n\n\n<figure class=\"wp-block-image size-medium\"><a href=\"https:\/\/www.latoscane.net\/wp-content\/uploads\/2017\/02\/corso-il-rossellino-pienza-4102-300x200.jpg\"><img loading=\"lazy\" decoding=\"async\" width=\"300\" height=\"200\" data-id=\"6867\" src=\"https:\/\/www.latoscane.net\/wp-content\/uploads\/2017\/02\/corso-il-rossellino-pienza-4102-300x200.jpg\" alt=\"Veduta del Corso Rossellino a Pienza Porta al Ciglio\" class=\"wp-image-6867\" srcset=\"https:\/\/www.latoscane.net\/wp-content\/uploads\/2017\/02\/corso-il-rossellino-pienza-4102-300x200.jpg 300w, https:\/\/www.latoscane.net\/wp-content\/uploads\/2017\/02\/corso-il-rossellino-pienza-4102-1024x683.jpg 1024w, https:\/\/www.latoscane.net\/wp-content\/uploads\/2017\/02\/corso-il-rossellino-pienza-4102-768x512.jpg 768w, https:\/\/www.latoscane.net\/wp-content\/uploads\/2017\/02\/corso-il-rossellino-pienza-4102.jpg 1200w\" sizes=\"(max-width: 300px) 100vw, 300px\" \/><\/a><figcaption class=\"wp-element-caption\">Corso Rossellino di Pienza, verso la Porta al Ciglio<\/figcaption><\/figure>\n<\/figure>\n\n\n\n<div data-gyg-widget=\"auto\" data-gyg-partner-id=\"DLYVAO3\"><\/div>\n\n\n<h2>Piazza Pio II a Pienza<\/h2>\n<p>In forma di trapezio, la <strong>Piazza Pio II<\/strong> \u00e8 il cuore del centro storico, dove si trovano la cattedrale, il Palazzo Piccolomini, il Palazzo Borgia e il municipio.<br \/>In un angolo, il grazioso Pozzo dei Cani\u00a0 risale alla costruzione della piazza, l&#8217;iscrizione dell&#8217;architrave del 1462 ricorda l&#8217;intervento di papa Pio II.<\/p>\n\n\n<figure class=\"wp-block-gallery has-nested-images columns-default is-cropped wp-block-gallery-3 is-layout-flex wp-block-gallery-is-layout-flex\">\n<figure class=\"wp-block-image size-medium\"><a href=\"https:\/\/www.latoscane.net\/wp-content\/uploads\/2017\/02\/piazza-pio-ii-pienza-4079-300x200.jpg\"><img loading=\"lazy\" decoding=\"async\" width=\"300\" height=\"200\" data-id=\"6878\" src=\"https:\/\/www.latoscane.net\/wp-content\/uploads\/2017\/02\/piazza-pio-ii-pienza-4079-300x200.jpg\" alt=\"Foto della Piazza Pio II a Pienza\" class=\"wp-image-6878\" srcset=\"https:\/\/www.latoscane.net\/wp-content\/uploads\/2017\/02\/piazza-pio-ii-pienza-4079-300x200.jpg 300w, https:\/\/www.latoscane.net\/wp-content\/uploads\/2017\/02\/piazza-pio-ii-pienza-4079-1024x683.jpg 1024w, https:\/\/www.latoscane.net\/wp-content\/uploads\/2017\/02\/piazza-pio-ii-pienza-4079-768x512.jpg 768w, https:\/\/www.latoscane.net\/wp-content\/uploads\/2017\/02\/piazza-pio-ii-pienza-4079.jpg 1200w\" sizes=\"(max-width: 300px) 100vw, 300px\" \/><\/a><figcaption class=\"wp-element-caption\">Piazza Pio II<\/figcaption><\/figure>\n\n\n\n<figure class=\"wp-block-image size-medium\"><a href=\"https:\/\/www.latoscane.net\/wp-content\/uploads\/2017\/02\/pozzo-piazza-pio-ii-pienza-4036-200x300.jpg\"><img loading=\"lazy\" decoding=\"async\" width=\"200\" height=\"300\" data-id=\"6881\" src=\"https:\/\/www.latoscane.net\/wp-content\/uploads\/2017\/02\/pozzo-piazza-pio-ii-pienza-4036-200x300.jpg\" alt=\"Foto della Piazza Pio II a Pienza\" class=\"wp-image-6881\" srcset=\"https:\/\/www.latoscane.net\/wp-content\/uploads\/2017\/02\/pozzo-piazza-pio-ii-pienza-4036-200x300.jpg 200w, https:\/\/www.latoscane.net\/wp-content\/uploads\/2017\/02\/pozzo-piazza-pio-ii-pienza-4036-683x1024.jpg 683w, https:\/\/www.latoscane.net\/wp-content\/uploads\/2017\/02\/pozzo-piazza-pio-ii-pienza-4036-768x1152.jpg 768w, https:\/\/www.latoscane.net\/wp-content\/uploads\/2017\/02\/pozzo-piazza-pio-ii-pienza-4036.jpg 800w\" sizes=\"(max-width: 200px) 100vw, 200px\" \/><\/a><figcaption class=\"wp-element-caption\">Pozzo, Piazza Pio II<\/figcaption><\/figure>\n\n\n\n<figure class=\"wp-block-image size-medium\"><a href=\"https:\/\/www.latoscane.net\/wp-content\/uploads\/2017\/02\/piazza-pio-ii-pienza-4034-200x300.jpg\"><img loading=\"lazy\" decoding=\"async\" width=\"200\" height=\"300\" data-id=\"6875\" src=\"https:\/\/www.latoscane.net\/wp-content\/uploads\/2017\/02\/piazza-pio-ii-pienza-4034-200x300.jpg\" alt=\"Foto del pozzo, Piazza Pio II di Pienza\" class=\"wp-image-6875\" srcset=\"https:\/\/www.latoscane.net\/wp-content\/uploads\/2017\/02\/piazza-pio-ii-pienza-4034-200x300.jpg 200w, https:\/\/www.latoscane.net\/wp-content\/uploads\/2017\/02\/piazza-pio-ii-pienza-4034-683x1024.jpg 683w, https:\/\/www.latoscane.net\/wp-content\/uploads\/2017\/02\/piazza-pio-ii-pienza-4034-768x1152.jpg 768w, https:\/\/www.latoscane.net\/wp-content\/uploads\/2017\/02\/piazza-pio-ii-pienza-4034.jpg 800w\" sizes=\"(max-width: 200px) 100vw, 200px\" \/><\/a><figcaption class=\"wp-element-caption\">Pozzo, Piazza Pio II<\/figcaption><\/figure>\n<\/figure>\n\n\n<h2>Cattedrale di Pienza<\/h2>\n<p>In Piazza Pio II, il <strong>Duomo di Pienza<\/strong>, dedicata a Santa Maria Assunta, \u00e8 un importante edificio del Rinascimento italiano, il cui interno \u00e8 comunque di ispirazione gotica.<br \/>Questa cupola fu edificata con la citt\u00e0 nuova tra il 1459 e il 1462, dopo la distruzione dell&#8217;antica chiesa romanica, di cui si trovano i resti nella cripta di San Giovanni. Da quest&#8217;ultima si accede anche al &#8220;labirinto del Duomo&#8221;, insieme di gallerie che servono a consolidare la struttura per evitare il suo cedimento.<br \/>La finestra centrale della chiesa ricorda il gotico tedesco, mentre il resto \u00e8 in stile rinascimentale con le sue pilastri, timpani, ecc.<br \/>L&#8217;interno di ispirazione gotica conserva dipinti del XV secolo commissionati da Pio II ad artisti senesi, un bel coro ligneo del XV secolo o il tabernacolo del Santissimo Sacramento in travertino del XV secolo.<\/p>\n\n\n<figure class=\"wp-block-gallery has-nested-images columns-4 is-cropped wp-block-gallery-4 is-layout-flex wp-block-gallery-is-layout-flex\">\n<figure class=\"wp-block-image size-medium\"><a href=\"https:\/\/www.latoscane.net\/wp-content\/uploads\/2017\/02\/cattedrale-santa-maria-assunta-pienza-4032-300x200.jpg\"><img loading=\"lazy\" decoding=\"async\" width=\"300\" height=\"200\" data-id=\"6889\" src=\"https:\/\/www.latoscane.net\/wp-content\/uploads\/2017\/02\/cattedrale-santa-maria-assunta-pienza-4032-300x200.jpg\" alt=\"Foto della facciata della cattedrale di Pienza\" class=\"wp-image-6889\" srcset=\"https:\/\/www.latoscane.net\/wp-content\/uploads\/2017\/02\/cattedrale-santa-maria-assunta-pienza-4032-300x200.jpg 300w, https:\/\/www.latoscane.net\/wp-content\/uploads\/2017\/02\/cattedrale-santa-maria-assunta-pienza-4032-1024x683.jpg 1024w, https:\/\/www.latoscane.net\/wp-content\/uploads\/2017\/02\/cattedrale-santa-maria-assunta-pienza-4032-768x512.jpg 768w, https:\/\/www.latoscane.net\/wp-content\/uploads\/2017\/02\/cattedrale-santa-maria-assunta-pienza-4032.jpg 1200w\" sizes=\"(max-width: 300px) 100vw, 300px\" \/><\/a><figcaption class=\"wp-element-caption\">Facciata della cattedrale di Pienza<\/figcaption><\/figure>\n\n\n\n<figure class=\"wp-block-image size-medium\"><a href=\"https:\/\/www.latoscane.net\/wp-content\/uploads\/2017\/02\/duomo-di-pienza-4041-200x300.jpg\"><img loading=\"lazy\" decoding=\"async\" width=\"200\" height=\"300\" data-id=\"6892\" src=\"https:\/\/www.latoscane.net\/wp-content\/uploads\/2017\/02\/duomo-di-pienza-4041-200x300.jpg\" alt=\"Foto dell'interno della cattedrale di Pienza\" class=\"wp-image-6892\" srcset=\"https:\/\/www.latoscane.net\/wp-content\/uploads\/2017\/02\/duomo-di-pienza-4041-200x300.jpg 200w, https:\/\/www.latoscane.net\/wp-content\/uploads\/2017\/02\/duomo-di-pienza-4041-683x1024.jpg 683w, https:\/\/www.latoscane.net\/wp-content\/uploads\/2017\/02\/duomo-di-pienza-4041-768x1152.jpg 768w, https:\/\/www.latoscane.net\/wp-content\/uploads\/2017\/02\/duomo-di-pienza-4041.jpg 800w\" sizes=\"(max-width: 200px) 100vw, 200px\" \/><\/a><figcaption class=\"wp-element-caption\">Interno della cattedrale<\/figcaption><\/figure>\n\n\n\n<figure class=\"wp-block-image size-medium\"><a href=\"https:\/\/www.latoscane.net\/wp-content\/uploads\/2017\/02\/assunzione-vecchietta-duomo-di-pienza-4043-300x274.jpg\"><img loading=\"lazy\" decoding=\"async\" width=\"300\" height=\"274\" data-id=\"6886\" src=\"https:\/\/www.latoscane.net\/wp-content\/uploads\/2017\/02\/assunzione-vecchietta-duomo-di-pienza-4043-300x274.jpg\" alt=\"Foto dell'Assunzione della Vergine dal Vecchietta\" class=\"wp-image-6886\" srcset=\"https:\/\/www.latoscane.net\/wp-content\/uploads\/2017\/02\/assunzione-vecchietta-duomo-di-pienza-4043-300x274.jpg 300w, https:\/\/www.latoscane.net\/wp-content\/uploads\/2017\/02\/assunzione-vecchietta-duomo-di-pienza-4043-768x701.jpg 768w, https:\/\/www.latoscane.net\/wp-content\/uploads\/2017\/02\/assunzione-vecchietta-duomo-di-pienza-4043.jpg 876w\" sizes=\"(max-width: 300px) 100vw, 300px\" \/><\/a><figcaption class=\"wp-element-caption\">Assunzione dal Vecchietta<\/figcaption><\/figure>\n\n\n\n<figure class=\"wp-block-image size-medium\"><a href=\"https:\/\/www.latoscane.net\/wp-content\/uploads\/2017\/02\/tabernacolo-rossellino-duomo-di-pienza-4048-200x300.jpg\"><img loading=\"lazy\" decoding=\"async\" width=\"200\" height=\"300\" data-id=\"6895\" src=\"https:\/\/www.latoscane.net\/wp-content\/uploads\/2017\/02\/tabernacolo-rossellino-duomo-di-pienza-4048-200x300.jpg\" alt=\"Foto del Tabernacolo di Rosellino, Duomo di Pienza\" class=\"wp-image-6895\" srcset=\"https:\/\/www.latoscane.net\/wp-content\/uploads\/2017\/02\/tabernacolo-rossellino-duomo-di-pienza-4048-200x300.jpg 200w, https:\/\/www.latoscane.net\/wp-content\/uploads\/2017\/02\/tabernacolo-rossellino-duomo-di-pienza-4048-683x1024.jpg 683w, https:\/\/www.latoscane.net\/wp-content\/uploads\/2017\/02\/tabernacolo-rossellino-duomo-di-pienza-4048-768x1152.jpg 768w, https:\/\/www.latoscane.net\/wp-content\/uploads\/2017\/02\/tabernacolo-rossellino-duomo-di-pienza-4048.jpg 800w\" sizes=\"(max-width: 200px) 100vw, 200px\" \/><\/a><figcaption class=\"wp-element-caption\">Tabernacolo di Rosellino<\/figcaption><\/figure>\n<\/figure>\n\n\n<h2>Palazzo Borgia e Museo diocesano di Pienza<\/h2>\n<p>Dietro una sobria facciata, il <strong>Palazzo Borgia<\/strong> ospita il bellissimo museo diocesano. Conta infatti due edifici, uno dei quali fu la residenza del cardinale Rodrigo Borgia, divenuto poi papa Alessandro VI.<br \/>Era il palazzo episcopale. Nel cortile interno, si vede un antico pozzo ottagonale.<br \/>Le 11 sale del museo conservano una collezione d&#8217;arte che spazia dal medioevo all&#8217;epoca moderna, tra cui mobili, gioielli, trittici, pale d&#8217;altare, arazzi fiamminghi dei secoli XV-XVI, paramenti sacri, crocifissi, ecc. Ricordiamo in particolare i dipinti della scuola senese, con maestri come Lorenzetti (tra cui una famosa <em>Madonna col Bambino<\/em>), Fr\u00e0 Bartolomeo della Porta, Signorelli o Bartolo di Fredi. In particolare si vede il celebre <em>Piviale di Pio II<\/em> (paramento liturgico del papa) opera inglese con filigrana d&#8217;oro e 150 figure ricamate da 27 scene della storia della Vergine.<\/p>\n<h2>Passeggiata panoramica a Pienza<\/h2>\n<p>Dietro l&#8217;abside della cattedrale passa una strada pedonale che domina le antiche mura della citt\u00e0 che collegava le vecchie torri. Si tratta della <strong>Via del Casello<\/strong>, con il panorama sulle colline della campagna della Val d&#8217;Orcia. La vista porta fino al Monte Amiata a 30 km, passando per Bagno Vignoni e Castiglione d&#8217;Orcia.<br \/>Alcuni vicoli notevoli collegano questa passeggiata a Corso Rosselini: Via del Bacio, Via dell&#8217;Amore e Via della Fortuna.<\/p>\n\n\n<figure class=\"wp-block-gallery has-nested-images columns-default is-cropped wp-block-gallery-5 is-layout-flex wp-block-gallery-is-layout-flex\">\n<figure class=\"wp-block-image size-medium\"><a href=\"https:\/\/www.latoscane.net\/wp-content\/uploads\/2017\/02\/camminata-panoramica-via-del-casello-pienza-4089-300x200.jpg\"><img loading=\"lazy\" decoding=\"async\" width=\"300\" height=\"200\" data-id=\"6906\" src=\"https:\/\/www.latoscane.net\/wp-content\/uploads\/2017\/02\/camminata-panoramica-via-del-casello-pienza-4089-300x200.jpg\" alt=\"Veduta dalla passeggiata panoramica di Pienza\" class=\"wp-image-6906\" srcset=\"https:\/\/www.latoscane.net\/wp-content\/uploads\/2017\/02\/camminata-panoramica-via-del-casello-pienza-4089-300x200.jpg 300w, https:\/\/www.latoscane.net\/wp-content\/uploads\/2017\/02\/camminata-panoramica-via-del-casello-pienza-4089-1024x683.jpg 1024w, https:\/\/www.latoscane.net\/wp-content\/uploads\/2017\/02\/camminata-panoramica-via-del-casello-pienza-4089-768x512.jpg 768w, https:\/\/www.latoscane.net\/wp-content\/uploads\/2017\/02\/camminata-panoramica-via-del-casello-pienza-4089.jpg 1200w\" sizes=\"(max-width: 300px) 100vw, 300px\" \/><\/a><\/figure>\n\n\n\n<figure class=\"wp-block-image size-medium\"><a href=\"https:\/\/www.latoscane.net\/wp-content\/uploads\/2017\/02\/camminata-panoramica-via-del-casello-pienza-4084-200x300.jpg\"><img loading=\"lazy\" decoding=\"async\" width=\"200\" height=\"300\" data-id=\"6900\" src=\"https:\/\/www.latoscane.net\/wp-content\/uploads\/2017\/02\/camminata-panoramica-via-del-casello-pienza-4084-200x300.jpg\" alt=\"Veduta dalla passeggiata panoramica di Pienza\" class=\"wp-image-6900\" srcset=\"https:\/\/www.latoscane.net\/wp-content\/uploads\/2017\/02\/camminata-panoramica-via-del-casello-pienza-4084-200x300.jpg 200w, https:\/\/www.latoscane.net\/wp-content\/uploads\/2017\/02\/camminata-panoramica-via-del-casello-pienza-4084-683x1024.jpg 683w, https:\/\/www.latoscane.net\/wp-content\/uploads\/2017\/02\/camminata-panoramica-via-del-casello-pienza-4084-768x1152.jpg 768w, https:\/\/www.latoscane.net\/wp-content\/uploads\/2017\/02\/camminata-panoramica-via-del-casello-pienza-4084.jpg 800w\" sizes=\"(max-width: 200px) 100vw, 200px\" \/><\/a><\/figure>\n\n\n\n<figure class=\"wp-block-image size-medium\"><a href=\"https:\/\/www.latoscane.net\/wp-content\/uploads\/2017\/02\/promenade-conte-silvio-piccolomini-pienza-4075-300x200.jpg\"><img loading=\"lazy\" decoding=\"async\" width=\"300\" height=\"200\" data-id=\"6926\" src=\"https:\/\/www.latoscane.net\/wp-content\/uploads\/2017\/02\/promenade-conte-silvio-piccolomini-pienza-4075-300x200.jpg\" alt=\"Veduta dalla passeggiata panoramica di Pienza\" class=\"wp-image-6926\" srcset=\"https:\/\/www.latoscane.net\/wp-content\/uploads\/2017\/02\/promenade-conte-silvio-piccolomini-pienza-4075-300x200.jpg 300w, https:\/\/www.latoscane.net\/wp-content\/uploads\/2017\/02\/promenade-conte-silvio-piccolomini-pienza-4075-1024x683.jpg 1024w, https:\/\/www.latoscane.net\/wp-content\/uploads\/2017\/02\/promenade-conte-silvio-piccolomini-pienza-4075-768x512.jpg 768w, https:\/\/www.latoscane.net\/wp-content\/uploads\/2017\/02\/promenade-conte-silvio-piccolomini-pienza-4075.jpg 1200w\" sizes=\"(max-width: 300px) 100vw, 300px\" \/><\/a><\/figure>\n\n\n\n<figure class=\"wp-block-image size-medium\"><a href=\"https:\/\/www.latoscane.net\/wp-content\/uploads\/2017\/02\/camminata-panoramica-via-del-casello-pienza-4088-200x300.jpg\"><img loading=\"lazy\" decoding=\"async\" width=\"200\" height=\"300\" data-id=\"6903\" src=\"https:\/\/www.latoscane.net\/wp-content\/uploads\/2017\/02\/camminata-panoramica-via-del-casello-pienza-4088-200x300.jpg\" alt=\"Veduta dalla passeggiata panoramica di Pienza\" class=\"wp-image-6903\" srcset=\"https:\/\/www.latoscane.net\/wp-content\/uploads\/2017\/02\/camminata-panoramica-via-del-casello-pienza-4088-200x300.jpg 200w, https:\/\/www.latoscane.net\/wp-content\/uploads\/2017\/02\/camminata-panoramica-via-del-casello-pienza-4088-683x1024.jpg 683w, https:\/\/www.latoscane.net\/wp-content\/uploads\/2017\/02\/camminata-panoramica-via-del-casello-pienza-4088-768x1152.jpg 768w, https:\/\/www.latoscane.net\/wp-content\/uploads\/2017\/02\/camminata-panoramica-via-del-casello-pienza-4088.jpg 800w\" sizes=\"(max-width: 200px) 100vw, 200px\" \/><\/a><\/figure>\n\n\n\n<figure class=\"wp-block-image size-medium\"><a href=\"https:\/\/www.latoscane.net\/wp-content\/uploads\/2017\/02\/promenade-conte-silvio-piccolomini-pienza-4077-300x200.jpg\"><img loading=\"lazy\" decoding=\"async\" width=\"300\" height=\"200\" data-id=\"6929\" src=\"https:\/\/www.latoscane.net\/wp-content\/uploads\/2017\/02\/promenade-conte-silvio-piccolomini-pienza-4077-300x200.jpg\" alt=\"Veduta dalla passeggiata panoramica di Pienza\" class=\"wp-image-6929\" srcset=\"https:\/\/www.latoscane.net\/wp-content\/uploads\/2017\/02\/promenade-conte-silvio-piccolomini-pienza-4077-300x200.jpg 300w, https:\/\/www.latoscane.net\/wp-content\/uploads\/2017\/02\/promenade-conte-silvio-piccolomini-pienza-4077-1024x683.jpg 1024w, https:\/\/www.latoscane.net\/wp-content\/uploads\/2017\/02\/promenade-conte-silvio-piccolomini-pienza-4077-768x512.jpg 768w, https:\/\/www.latoscane.net\/wp-content\/uploads\/2017\/02\/promenade-conte-silvio-piccolomini-pienza-4077.jpg 1200w\" sizes=\"(max-width: 300px) 100vw, 300px\" \/><\/a><\/figure>\n\n\n\n<figure class=\"wp-block-image size-medium\"><a href=\"https:\/\/www.latoscane.net\/wp-content\/uploads\/2017\/02\/passeggiata-conte-silvio-piccolomini-pienza-4065-300x200.jpg\"><img loading=\"lazy\" decoding=\"async\" width=\"300\" height=\"200\" data-id=\"6918\" src=\"https:\/\/www.latoscane.net\/wp-content\/uploads\/2017\/02\/passeggiata-conte-silvio-piccolomini-pienza-4065-300x200.jpg\" alt=\"Panorama dalla passeggiata panoramica a Pienza\" class=\"wp-image-6918\" srcset=\"https:\/\/www.latoscane.net\/wp-content\/uploads\/2017\/02\/passeggiata-conte-silvio-piccolomini-pienza-4065-300x200.jpg 300w, https:\/\/www.latoscane.net\/wp-content\/uploads\/2017\/02\/passeggiata-conte-silvio-piccolomini-pienza-4065-1024x683.jpg 1024w, https:\/\/www.latoscane.net\/wp-content\/uploads\/2017\/02\/passeggiata-conte-silvio-piccolomini-pienza-4065-768x512.jpg 768w, https:\/\/www.latoscane.net\/wp-content\/uploads\/2017\/02\/passeggiata-conte-silvio-piccolomini-pienza-4065.jpg 1200w\" sizes=\"(max-width: 300px) 100vw, 300px\" \/><\/a><\/figure>\n\n\n\n<figure class=\"wp-block-image size-large\"><a href=\"https:\/\/www.latoscane.net\/wp-content\/uploads\/2017\/02\/passeggiata-conte-silvio-piccolomini-pienza-4057-1024x683.jpg\"><img loading=\"lazy\" decoding=\"async\" width=\"1024\" height=\"683\" data-id=\"6921\" src=\"https:\/\/www.latoscane.net\/wp-content\/uploads\/2017\/02\/passeggiata-conte-silvio-piccolomini-pienza-4057-1024x683.jpg\" alt=\"Panorama dalla passeggiata panoramica a Pienza\" class=\"wp-image-6921\" srcset=\"https:\/\/www.latoscane.net\/wp-content\/uploads\/2017\/02\/passeggiata-conte-silvio-piccolomini-pienza-4057-1024x683.jpg 1024w, https:\/\/www.latoscane.net\/wp-content\/uploads\/2017\/02\/passeggiata-conte-silvio-piccolomini-pienza-4057-300x200.jpg 300w, https:\/\/www.latoscane.net\/wp-content\/uploads\/2017\/02\/passeggiata-conte-silvio-piccolomini-pienza-4057-768x512.jpg 768w, https:\/\/www.latoscane.net\/wp-content\/uploads\/2017\/02\/passeggiata-conte-silvio-piccolomini-pienza-4057.jpg 1200w\" sizes=\"(max-width: 1024px) 100vw, 1024px\" \/><\/a><\/figure>\n<\/figure>\n\n\n<h2>Palazzo Civico di Pienza<\/h2>\n<p>Piazza Pio II di fronte al Duomo, il <strong>Palazzo Civico<\/strong> fu realizzato da Rossellino, con un ampio portico ad arcate. Era conosciuto come Palazzo Pubblico o Pretorio, antica residenza dei Podest\u00e0, gli amministratori della citt\u00e0, di cui si vede lo stemma passando verso il portico. Fu leggermente rielaborato nel XX secolo.<br \/>Al piano terra si trova un ampio portico le cui colonne portano capitelli ionici con archi a tutto sesto. Sul lato si erge una torre con orologio, pi\u00f9 bassa del campanile vicino.<br \/>All&#8217;interno conserva uno splendido affresco del XV secolo nella Sala del Consiglio di una Madonna col Bambino con i santi patroni della citt\u00e0 (Vito, Modesto e Matteo).<\/p>\n<h2>Palazzo Piccolomini a Pienza<\/h2>\n<p>Chiamato un tempo Palazzo Pontificio, il maestoso <strong>Palazzo Piccolomini<\/strong> risale anche al XV secolo, ispirato al Palazzo Rucellai di Firenze, eretto come residenza estiva di papa Pio II, progettato da Bernardo Rossellino.<br \/>Il suo cortile rettangolare \u00e8 circondato da una loggia a tre piani con colonnati. Lato sud un giardino panoramico sospeso si affaccia sulla Val d&#8217;Orcia, tipica del Rinascimento, con fontana e pozzo.<br \/>Conserva anche belle opere d&#8217;arte, mobili, oggetti e la preziosa biblioteca.<br \/>All&#8217;esterno del palazzo si notano due pozzi addossati alle pareti.<\/p>\n\n\n<figure class=\"wp-block-gallery has-nested-images columns-default is-cropped wp-block-gallery-6 is-layout-flex wp-block-gallery-is-layout-flex\">\n<figure class=\"wp-block-image size-medium\"><a href=\"https:\/\/www.latoscane.net\/wp-content\/uploads\/2017\/02\/palazzo-del-comune-di-pienza-4080-300x200.jpg\"><img loading=\"lazy\" decoding=\"async\" width=\"300\" height=\"200\" data-id=\"6935\" src=\"https:\/\/www.latoscane.net\/wp-content\/uploads\/2017\/02\/palazzo-del-comune-di-pienza-4080-300x200.jpg\" alt=\"Veduta della corte del Palazzo del Municipio di Pienza\" class=\"wp-image-6935\" srcset=\"https:\/\/www.latoscane.net\/wp-content\/uploads\/2017\/02\/palazzo-del-comune-di-pienza-4080-300x200.jpg 300w, https:\/\/www.latoscane.net\/wp-content\/uploads\/2017\/02\/palazzo-del-comune-di-pienza-4080-1024x683.jpg 1024w, https:\/\/www.latoscane.net\/wp-content\/uploads\/2017\/02\/palazzo-del-comune-di-pienza-4080-768x512.jpg 768w, https:\/\/www.latoscane.net\/wp-content\/uploads\/2017\/02\/palazzo-del-comune-di-pienza-4080.jpg 1200w\" sizes=\"(max-width: 300px) 100vw, 300px\" \/><\/a><figcaption class=\"wp-element-caption\">Palazzo del Municipio<\/figcaption><\/figure>\n\n\n\n<figure class=\"wp-block-image size-medium\"><a href=\"https:\/\/www.latoscane.net\/wp-content\/uploads\/2017\/02\/palazzo-piccolomini-piazza-pio-ii-pienza-4038-300x200.jpg\"><img loading=\"lazy\" decoding=\"async\" width=\"300\" height=\"200\" data-id=\"6938\" src=\"https:\/\/www.latoscane.net\/wp-content\/uploads\/2017\/02\/palazzo-piccolomini-piazza-pio-ii-pienza-4038-300x200.jpg\" alt=\"Veduta della corte del Palazzo Piccolomini di Pienza\" class=\"wp-image-6938\" srcset=\"https:\/\/www.latoscane.net\/wp-content\/uploads\/2017\/02\/palazzo-piccolomini-piazza-pio-ii-pienza-4038-300x200.jpg 300w, https:\/\/www.latoscane.net\/wp-content\/uploads\/2017\/02\/palazzo-piccolomini-piazza-pio-ii-pienza-4038-1024x683.jpg 1024w, https:\/\/www.latoscane.net\/wp-content\/uploads\/2017\/02\/palazzo-piccolomini-piazza-pio-ii-pienza-4038-768x512.jpg 768w, https:\/\/www.latoscane.net\/wp-content\/uploads\/2017\/02\/palazzo-piccolomini-piazza-pio-ii-pienza-4038.jpg 1200w\" sizes=\"(max-width: 300px) 100vw, 300px\" \/><\/a><figcaption class=\"wp-element-caption\">Palazzo Piccolomini<\/figcaption><\/figure>\n<\/figure>\n\n\n<h2>Chiesa di San Francesco a Pienza<\/h2>\n<p>Parte di un complesso monastico, la <strong>chiesa di San Francesco<\/strong> \u00e8 una delle pi\u00f9 antiche della citt\u00e0. Risalente al XIII secolo, \u00e8 gotico e tipicamente francescano con la sua navata unica e sobria.<br \/>La facciata conta solo il portale come elemento decorato.<br \/>L&#8217;interno \u00e8 affrescato con la storia di San Francesco e altri del XIV secolo, con un bel coro in legno nell&#8217;abside.<br \/>Il chiostro risale all&#8217;inizio del XIV secolo, con un antico pozzo circolare. Le sale del convento ospitano ora una locanda con 37 camere. Vi \u00e8 anche un giardino sospeso.<\/p>\n\n\n<figure class=\"wp-block-gallery has-nested-images columns-default is-cropped wp-block-gallery-7 is-layout-flex wp-block-gallery-is-layout-flex\">\n<figure class=\"wp-block-image size-medium\"><a href=\"https:\/\/www.latoscane.net\/wp-content\/uploads\/2017\/02\/facciata-san-francesco-pienza-4029-300x200.jpg\"><img loading=\"lazy\" decoding=\"async\" width=\"300\" height=\"200\" data-id=\"6949\" src=\"https:\/\/www.latoscane.net\/wp-content\/uploads\/2017\/02\/facciata-san-francesco-pienza-4029-300x200.jpg\" alt=\"Foto della Facciata di San Francesco di Pienza\" class=\"wp-image-6949\" srcset=\"https:\/\/www.latoscane.net\/wp-content\/uploads\/2017\/02\/facciata-san-francesco-pienza-4029-300x200.jpg 300w, https:\/\/www.latoscane.net\/wp-content\/uploads\/2017\/02\/facciata-san-francesco-pienza-4029-1024x683.jpg 1024w, https:\/\/www.latoscane.net\/wp-content\/uploads\/2017\/02\/facciata-san-francesco-pienza-4029-768x512.jpg 768w, https:\/\/www.latoscane.net\/wp-content\/uploads\/2017\/02\/facciata-san-francesco-pienza-4029.jpg 1200w\" sizes=\"(max-width: 300px) 100vw, 300px\" \/><\/a><figcaption class=\"wp-element-caption\">Facciata di San Francesco<\/figcaption><\/figure>\n\n\n\n<figure class=\"wp-block-image size-medium\"><a href=\"https:\/\/www.latoscane.net\/wp-content\/uploads\/2017\/02\/chiesa-san-francesco-pienza-4027-300x200.jpg\"><img loading=\"lazy\" decoding=\"async\" width=\"300\" height=\"200\" data-id=\"6943\" src=\"https:\/\/www.latoscane.net\/wp-content\/uploads\/2017\/02\/chiesa-san-francesco-pienza-4027-300x200.jpg\" alt=\"Foto dell'abside de San Francesco di Pienza\" class=\"wp-image-6943\" srcset=\"https:\/\/www.latoscane.net\/wp-content\/uploads\/2017\/02\/chiesa-san-francesco-pienza-4027-300x200.jpg 300w, https:\/\/www.latoscane.net\/wp-content\/uploads\/2017\/02\/chiesa-san-francesco-pienza-4027-1024x683.jpg 1024w, https:\/\/www.latoscane.net\/wp-content\/uploads\/2017\/02\/chiesa-san-francesco-pienza-4027-768x512.jpg 768w, https:\/\/www.latoscane.net\/wp-content\/uploads\/2017\/02\/chiesa-san-francesco-pienza-4027.jpg 1200w\" sizes=\"(max-width: 300px) 100vw, 300px\" \/><\/a><figcaption class=\"wp-element-caption\">Abside di San Francesco<\/figcaption><\/figure>\n\n\n\n<figure class=\"wp-block-image size-medium\"><a href=\"https:\/\/www.latoscane.net\/wp-content\/uploads\/2017\/02\/chiostro-san-francesco-pienza-4024-300x200.jpg\"><img loading=\"lazy\" decoding=\"async\" width=\"300\" height=\"200\" data-id=\"6946\" src=\"https:\/\/www.latoscane.net\/wp-content\/uploads\/2017\/02\/chiostro-san-francesco-pienza-4024-300x200.jpg\" alt=\"Foto del Chiostro di San Francesco di Pienza\" class=\"wp-image-6946\" srcset=\"https:\/\/www.latoscane.net\/wp-content\/uploads\/2017\/02\/chiostro-san-francesco-pienza-4024-300x200.jpg 300w, https:\/\/www.latoscane.net\/wp-content\/uploads\/2017\/02\/chiostro-san-francesco-pienza-4024-1024x683.jpg 1024w, https:\/\/www.latoscane.net\/wp-content\/uploads\/2017\/02\/chiostro-san-francesco-pienza-4024-768x512.jpg 768w, https:\/\/www.latoscane.net\/wp-content\/uploads\/2017\/02\/chiostro-san-francesco-pienza-4024.jpg 1200w\" sizes=\"(max-width: 300px) 100vw, 300px\" \/><\/a><figcaption class=\"wp-element-caption\">Chiostro di San Francesco<\/figcaption><\/figure>\n<\/figure>\n\n\n<h2>Pieve di Carignano<\/h2>\n<p>Fuori dalle mura di Pienza e sotto la citt\u00e0, risale al XIII secolo la <strong>Pieve Santi Vito e Modesto <\/strong>\u00e8 il risultato di una ristrutturazione di una chiesa del VII secolo. Il campanile di ispirazione bizantina \u00e8 l&#8217;elemento pi\u00f9 antico. La facciata risale al XI secolo.<br \/>Il portale laterale \u00e8 riccamente decorato con raffigurazioni dei Re Magi e della Nativit\u00e0.<br \/>Grandi pilastri sostengono l&#8217;interno e si trova una vecchia piccola cripta.<\/p>\n<h2>Campi Elisi<\/h2>\n<p>Dalla pieve di Carignano il sentiero prosegue per alcune centinaia di metri fino a attraversare i scenici <strong>Campi Elisi<\/strong>, sul bel sentiero dove fu girata la scena finale del film il Gladiatore.<\/p>\n<p>Un sentiero raggiunge anche la <strong>cappella della Madonna di Vitaleta<\/strong> a circa 4 km dal priorato, luoghi emblematici della Val d&#8217;Orcia con i suoi cipressi.<\/p>\n\n\n<figure class=\"wp-block-gallery has-nested-images columns-2 is-cropped wp-block-gallery-8 is-layout-flex wp-block-gallery-is-layout-flex\">\n<figure class=\"wp-block-image size-medium\"><a href=\"https:\/\/www.latoscane.net\/wp-content\/uploads\/2017\/02\/camminata-panoramica-via-del-casello-pienza-4092-300x200.jpg\"><img loading=\"lazy\" decoding=\"async\" width=\"300\" height=\"200\" data-id=\"6909\" src=\"https:\/\/www.latoscane.net\/wp-content\/uploads\/2017\/02\/camminata-panoramica-via-del-casello-pienza-4092-300x200.jpg\" alt=\"Panorama dalla passeggiata panoramica a Pienza\" class=\"wp-image-6909\" srcset=\"https:\/\/www.latoscane.net\/wp-content\/uploads\/2017\/02\/camminata-panoramica-via-del-casello-pienza-4092-300x200.jpg 300w, https:\/\/www.latoscane.net\/wp-content\/uploads\/2017\/02\/camminata-panoramica-via-del-casello-pienza-4092-1024x683.jpg 1024w, https:\/\/www.latoscane.net\/wp-content\/uploads\/2017\/02\/camminata-panoramica-via-del-casello-pienza-4092-768x512.jpg 768w, https:\/\/www.latoscane.net\/wp-content\/uploads\/2017\/02\/camminata-panoramica-via-del-casello-pienza-4092.jpg 1200w\" sizes=\"(max-width: 300px) 100vw, 300px\" \/><\/a><figcaption class=\"wp-element-caption\">Val d&#8217;Orcia<\/figcaption><\/figure>\n\n\n\n<figure class=\"wp-block-image size-medium\"><a href=\"https:\/\/www.latoscane.net\/wp-content\/uploads\/2017\/02\/environs-de-pienza-4120-300x200.jpg\"><img loading=\"lazy\" decoding=\"async\" width=\"300\" height=\"200\" data-id=\"6969\" src=\"https:\/\/www.latoscane.net\/wp-content\/uploads\/2017\/02\/environs-de-pienza-4120-300x200.jpg\" alt=\"Veduta sui Campi Elisi, Pienza\" class=\"wp-image-6969\" srcset=\"https:\/\/www.latoscane.net\/wp-content\/uploads\/2017\/02\/environs-de-pienza-4120-300x200.jpg 300w, https:\/\/www.latoscane.net\/wp-content\/uploads\/2017\/02\/environs-de-pienza-4120-1024x683.jpg 1024w, https:\/\/www.latoscane.net\/wp-content\/uploads\/2017\/02\/environs-de-pienza-4120-768x512.jpg 768w, https:\/\/www.latoscane.net\/wp-content\/uploads\/2017\/02\/environs-de-pienza-4120.jpg 1200w\" sizes=\"(max-width: 300px) 100vw, 300px\" \/><\/a><figcaption class=\"wp-element-caption\">Passeggiata dei Campi Elisi<\/figcaption><\/figure>\n\n\n\n<figure class=\"wp-block-image size-large\"><a href=\"https:\/\/www.latoscane.net\/wp-content\/uploads\/2017\/02\/environs-de-pienza-4123-1024x683.jpg\"><img loading=\"lazy\" decoding=\"async\" width=\"1024\" height=\"683\" data-id=\"6972\" src=\"https:\/\/www.latoscane.net\/wp-content\/uploads\/2017\/02\/environs-de-pienza-4123-1024x683.jpg\" alt=\"Veduta sui Campi Elisi, Pienza\" class=\"wp-image-6972\" srcset=\"https:\/\/www.latoscane.net\/wp-content\/uploads\/2017\/02\/environs-de-pienza-4123-1024x683.jpg 1024w, https:\/\/www.latoscane.net\/wp-content\/uploads\/2017\/02\/environs-de-pienza-4123-300x200.jpg 300w, https:\/\/www.latoscane.net\/wp-content\/uploads\/2017\/02\/environs-de-pienza-4123-768x512.jpg 768w, https:\/\/www.latoscane.net\/wp-content\/uploads\/2017\/02\/environs-de-pienza-4123.jpg 1200w\" sizes=\"(max-width: 1024px) 100vw, 1024px\" \/><\/a><\/figure>\n<\/figure>\n\n\n\n<h2>Altri luoghi di Pienza<\/h2>\n<h3>Case Nuove<\/h3>\n<p>Il <strong>quartiere delle Case Nuove<\/strong> conta dodici abitazioni nuove, la cui costruzione fu pianificata verso il 1463, in parte per accogliere i proprietari danneggiati dalle distruzioni per costruire Pienza, tipici con i loro due piani e le finestre arrotondate. Si trova anche un piccolo pozzo.<\/p>\n<h3>Porta al Murello<\/h3>\n<p>La <strong>Porta al Murello<\/strong> \u00e8 l&#8217;accesso nord della citt\u00e0, avendo mantenuto le sue forme medievali. Nell&#8217;arco \u00e8 presente un affresco con la citt\u00e0 rappresentata sotto due angeli che simboleggiano la protezione della Vergine su Pienza.<\/p>\n<h3>Porta al Ciglio<\/h3>\n<p>La <strong>Porta al Ciglio<\/strong> \u00e8 l&#8217;ingresso lato sud-est nelle mura di Pienza, verso Monticchiello, con il Corso Rossellino.<\/p>\n<h3>Piazza di Spagna<\/h3>\n<p>La piccola <strong>Piazza di Spagna<\/strong>, molto vicina a Piazza Pio II, era complementare ad essa, il mercato si svolgeva l\u00ec con le attivit\u00e0 economiche. Oggi si vedono alcune terrazze di bar-ristoranti, con un vecchio pozzo circolare al centro.<\/p>\n<h3>Chiesa di San Carlo Borromeo<\/h3>\n<p>La piccola <strong>chiesa di San Carlo Borromeo<\/strong> fa parte del complesso del monastero delle suore agostiniane, fondato nel XVII secolo, trasformato in conservatorio femminile alla fine del XVIII secolo.<\/p>\n<h3>Chiesa di Santa Caterina<\/h3>\n<p>Risalente alla fine del XVII secolo, la <strong>chiesa di Santa Caterina<\/strong> \u00e8 fuori da Pienza, verso ovest, sovrastante la Pieve di Carignano. Vi conduce una lunga passeggiata panoramica fiancheggiata da alberi.<br \/>La facciata \u00e8 sobria e l&#8217;interno ha una sola navata con un altare barocco, affresco del XIV secolo della Madonna col Bambino.<\/p>\n\n\n<figure class=\"wp-block-gallery has-nested-images columns-default is-cropped wp-block-gallery-9 is-layout-flex wp-block-gallery-is-layout-flex\">\n<figure class=\"wp-block-image size-large\"><a href=\"https:\/\/www.latoscane.net\/wp-content\/uploads\/2017\/02\/panorama-val-d-orchia-piazza-dante-alighieri-pienza-4118-1024x683.jpg\"><img loading=\"lazy\" decoding=\"async\" width=\"1024\" height=\"683\" data-id=\"6979\" src=\"https:\/\/www.latoscane.net\/wp-content\/uploads\/2017\/02\/panorama-val-d-orchia-piazza-dante-alighieri-pienza-4118-1024x683.jpg\" alt=\"Panorama sulla Val d'Orcia, Piazza Dante Alighieri, Pienza\" class=\"wp-image-6979\" srcset=\"https:\/\/www.latoscane.net\/wp-content\/uploads\/2017\/02\/panorama-val-d-orchia-piazza-dante-alighieri-pienza-4118-1024x683.jpg 1024w, https:\/\/www.latoscane.net\/wp-content\/uploads\/2017\/02\/panorama-val-d-orchia-piazza-dante-alighieri-pienza-4118-300x200.jpg 300w, https:\/\/www.latoscane.net\/wp-content\/uploads\/2017\/02\/panorama-val-d-orchia-piazza-dante-alighieri-pienza-4118-768x512.jpg 768w, https:\/\/www.latoscane.net\/wp-content\/uploads\/2017\/02\/panorama-val-d-orchia-piazza-dante-alighieri-pienza-4118.jpg 1200w\" sizes=\"(max-width: 1024px) 100vw, 1024px\" \/><\/a><figcaption class=\"wp-element-caption\">Veduta sul camino verso Santa Caterina a Pienza<\/figcaption><\/figure>\n<\/figure>\n\n\n<h3>Dintorni<\/h3>\n<ul>\n<li>Vedere anche l&#8217;articolo Val d&#8217;Orcia con i Campi Elisi e la Madonna di Vitaleta<\/li>\n<\/ul>\n<h2>Mappa turistica di Pienza<\/h2>\n<div id=\"travelersmap-container-69f286c3c066d\" class=\"travelersmap-container\" style=\"z-index: 1; min-height: 10px; min-width:10px; height:450px;width:100%; max-width:; max-height:; position:relative;\"><div style=\"position:absolute; z-index:-1;top: 50%;text-align: center;display: block;left: 50%;transform: translate(-50%,-50%);\">Travelers' Map is loading...<br>If you see this after your page is loaded completely, leafletJS files are missing.<\/div><\/div>\n<h2>Fonti e collegamenti<\/h2>\n<ul>\n<li>Sito ufficiale turismo : <a href=\"https:\/\/www.pienzacittadiluce.it\/\" target=\"_blank\" rel=\"noopener\">www.pienzacittadiluce.it<\/a><\/li>\n<li>Duomo di Pienza : <a href=\"http:\/\/www.duomopienza.it\" target=\"_blank\" rel=\"noopener\">www.duomopienza.it<\/a><\/li>\n<li>Portali turistici : <a href=\"https:\/\/visitvaldorcia.it\/comuni\/pienza\/\" target=\"_blank\" rel=\"noopener\">visitvaldorcia.it<\/a>, <a href=\"https:\/\/www.lorenzotaccioli.it\/pienza-cosa-vedere-in-mezza-giornata\/#chiesa-di-san-giovanni\" target=\"_blank\" rel=\"noopener\">www.lorenzotaccioli.it<\/a>, <a href=\"https:\/\/www.noncieromaistata.com\/2021\/10\/02\/cosa-vedere-a-pienza-10-cose-da-fare-assolutamente-nella-citta-ideale\/\" target=\"_blank\" rel=\"noopener\">www.noncieromaistata.com<\/a><\/li>\n<\/ul>\n<h2>Articoli sulla Val d&#8217;Orcia e Pienza<\/h2>\n<ul class=\"lcp_catlist2\" id=\"lcp_instance_0\"><li class=\"current\"><a href=\"https:\/\/www.latoscane.net\/it\/da-vedere-a-pienza\/\">Cosa vedere a Pienza<\/a><a href=\"https:\/\/www.latoscane.net\/it\/da-vedere-a-pienza\/\" title=\"Cosa vedere a Pienza\"><img loading=\"lazy\" decoding=\"async\" width=\"150\" height=\"150\" src=\"https:\/\/www.latoscane.net\/wp-content\/uploads\/2017\/02\/camminata-panoramica-via-del-casello-pienza-4089-150x150.jpg\" class=\"lcp_thumbnail wp-post-image\" alt=\"Cosa vedere a Pienza\" srcset=\"https:\/\/www.latoscane.net\/wp-content\/uploads\/2017\/02\/camminata-panoramica-via-del-casello-pienza-4089-150x150.jpg 150w, https:\/\/www.latoscane.net\/wp-content\/uploads\/2017\/02\/camminata-panoramica-via-del-casello-pienza-4089-50x50.jpg 50w, https:\/\/www.latoscane.net\/wp-content\/uploads\/2017\/02\/camminata-panoramica-via-del-casello-pienza-4089-80x80.jpg 80w, https:\/\/www.latoscane.net\/wp-content\/uploads\/2017\/02\/camminata-panoramica-via-del-casello-pienza-4089-75x75.jpg 75w\" sizes=\"(max-width: 150px) 100vw, 150px\" \/><\/a><div class=\"lcp_excerpt\">\nIl centro storico di Pienza \u00e8 piuttosto piccolo e pianeggiante, in quanto si snoda lungo una bella passeggiata tra i suoi vicoli, seguendo anche la sua grande passeggiata che offre ...<\/div><\/li><li><a href=\"https:\/\/www.latoscane.net\/it\/pienza\/\">Pienza<\/a><a href=\"https:\/\/www.latoscane.net\/it\/pienza\/\" title=\"Pienza\"><img loading=\"lazy\" decoding=\"async\" width=\"150\" height=\"150\" src=\"https:\/\/www.latoscane.net\/wp-content\/uploads\/2017\/03\/pienza-toscana-8705-150x150.jpg\" class=\"lcp_thumbnail wp-post-image\" alt=\"Pienza\" srcset=\"https:\/\/www.latoscane.net\/wp-content\/uploads\/2017\/03\/pienza-toscana-8705-150x150.jpg 150w, https:\/\/www.latoscane.net\/wp-content\/uploads\/2017\/03\/pienza-toscana-8705-50x50.jpg 50w, https:\/\/www.latoscane.net\/wp-content\/uploads\/2017\/03\/pienza-toscana-8705-65x65.jpg 65w\" sizes=\"(max-width: 150px) 100vw, 150px\" \/><\/a><div class=\"lcp_excerpt\">\nNel cuore della Val d&#8217;Orcia e dei suoi paesaggi unici si trova Pienza, uno dei borghi pi\u00f9 belli della Toscana, a sud della provincia di Siena, dove vivono poco pi\u00f9 ...<\/div><\/li><li><a href=\"https:\/\/www.booking.com\/city\/it\/pienza.it.html?aid=308562;do_availability_check=1\">Alberghi in Pienza<\/a><a href=\"https:\/\/www.booking.com\/city\/it\/pienza.it.html?aid=308562;do_availability_check=1\" title=\"Alberghi in Pienza\"><img loading=\"lazy\" decoding=\"async\" width=\"150\" height=\"115\" src=\"https:\/\/www.latoscane.net\/wp-content\/uploads\/2017\/02\/hotels-en-toscane-150x115.jpg\" class=\"lcp_thumbnail wp-post-image\" alt=\"Alberghi in Pienza\" \/><\/a><div class=\"lcp_excerpt\">Prenota adesso un alloggio a Pienza e dintorni, tra centinaia di strutture tra cui hotel, camere, agriturismi o appartamenti\n<\/div><\/li><li><a href=\"https:\/\/www.latoscane.net\/it\/visite-in-pienza-e-dintorni\/\">Visite in Pienza e dintorni<\/a><a href=\"https:\/\/www.latoscane.net\/it\/visite-in-pienza-e-dintorni\/\" title=\"Visite in Pienza e dintorni\"><img loading=\"lazy\" decoding=\"async\" width=\"150\" height=\"150\" src=\"https:\/\/www.latoscane.net\/wp-content\/uploads\/2017\/03\/visites-guidees-tickets-sienne-150x150.jpg\" class=\"lcp_thumbnail wp-post-image\" alt=\"Visite in Pienza e dintorni\" srcset=\"https:\/\/www.latoscane.net\/wp-content\/uploads\/2017\/03\/visites-guidees-tickets-sienne-150x150.jpg 150w, https:\/\/www.latoscane.net\/wp-content\/uploads\/2017\/03\/visites-guidees-tickets-sienne-50x50.jpg 50w, https:\/\/www.latoscane.net\/wp-content\/uploads\/2017\/03\/visites-guidees-tickets-sienne-65x65.jpg 65w\" sizes=\"(max-width: 150px) 100vw, 150px\" \/><\/a><div class=\"lcp_excerpt\">Proposte di visite e attivit\u00e0 a Pienza e dintorni nella Val d&#8217;Orcia, tra cui degustazioni, visite alle cantine, ecc.\n\n\n&nbsp;\nNella stessa categoria\n&nbsp;\n<\/div><\/li><li><a href=\"https:\/\/www.latoscane.net\/it\/meteo-in-pienza\/\">Meteo in Pienza<\/a><a href=\"https:\/\/www.latoscane.net\/it\/meteo-in-pienza\/\" title=\"Meteo in Pienza\"><img loading=\"lazy\" decoding=\"async\" width=\"120\" height=\"120\" src=\"https:\/\/www.latoscane.net\/wp-content\/uploads\/2016\/12\/icone-meteo-toscane-1.jpg\" class=\"lcp_thumbnail wp-post-image\" alt=\"Meteo in Pienza\" srcset=\"https:\/\/www.latoscane.net\/wp-content\/uploads\/2016\/12\/icone-meteo-toscane-1.jpg 120w, https:\/\/www.latoscane.net\/wp-content\/uploads\/2016\/12\/icone-meteo-toscane-1-50x50.jpg 50w, https:\/\/www.latoscane.net\/wp-content\/uploads\/2016\/12\/icone-meteo-toscane-1-80x80.jpg 80w, https:\/\/www.latoscane.net\/wp-content\/uploads\/2016\/12\/icone-meteo-toscane-1-75x75.jpg 75w\" sizes=\"(max-width: 120px) 100vw, 120px\" \/><\/a><div class=\"lcp_excerpt\">Previsioni meteo per Pienza in Toscana, tempo oggi e nei prossimi giorni, piovosit\u00e0 e temperature\nMeteo 5 giorni in Pienza\n\n\n\nMeteo dettagliata in Pienza\n\n\n\n&nbsp;\nNella stessa categoria\n&nbsp;\n<\/div><\/li><\/ul><ul class=\"lcp_catlist2\" id=\"lcp_instance_0\"><li><a href=\"https:\/\/www.latoscane.net\/it\/la-val-dorcia\/\">La Val d&#8217;Orcia<\/a><a href=\"https:\/\/www.latoscane.net\/it\/la-val-dorcia\/\" title=\"La Val d&#039;Orcia\"><img loading=\"lazy\" decoding=\"async\" width=\"150\" height=\"150\" src=\"https:\/\/www.latoscane.net\/wp-content\/uploads\/2017\/02\/toscane_toscana_9116-150x150.jpg\" class=\"lcp_thumbnail wp-post-image\" alt=\"La Val d&#039;Orcia\" srcset=\"https:\/\/www.latoscane.net\/wp-content\/uploads\/2017\/02\/toscane_toscana_9116-150x150.jpg 150w, https:\/\/www.latoscane.net\/wp-content\/uploads\/2017\/02\/toscane_toscana_9116-50x50.jpg 50w, https:\/\/www.latoscane.net\/wp-content\/uploads\/2017\/02\/toscane_toscana_9116-65x65.jpg 65w\" sizes=\"(max-width: 150px) 100vw, 150px\" \/><\/a><div class=\"lcp_excerpt\">\nNel sud del territorio di Siena, la Val d&#8217;Orcia \u00e8 una famosa destinazione turistica della Toscana, con i suoi paesaggi di cartoline emblematici della regione. La sua campagna armoniosa \u00e8 ...<\/div><\/li><li><a href=\"https:\/\/www.latoscane.net\/it\/montepulciano\/\">Montepulciano<\/a><a href=\"https:\/\/www.latoscane.net\/it\/montepulciano\/\" title=\"Montepulciano\"><img loading=\"lazy\" decoding=\"async\" width=\"150\" height=\"150\" src=\"https:\/\/www.latoscane.net\/wp-content\/uploads\/2017\/03\/montepulciano-toscana-8707-150x150.jpg\" class=\"lcp_thumbnail wp-post-image\" alt=\"Montepulciano\" srcset=\"https:\/\/www.latoscane.net\/wp-content\/uploads\/2017\/03\/montepulciano-toscana-8707-150x150.jpg 150w, https:\/\/www.latoscane.net\/wp-content\/uploads\/2017\/03\/montepulciano-toscana-8707-50x50.jpg 50w, https:\/\/www.latoscane.net\/wp-content\/uploads\/2017\/03\/montepulciano-toscana-8707-65x65.jpg 65w\" sizes=\"(max-width: 150px) 100vw, 150px\" \/><\/a><div class=\"lcp_excerpt\">\nMontepulciano \u00e8 una bella citt\u00e0 di circa 14.000 abitanti, visitata per il suo pittoresco centro medievale e dagli amanti dei buoni vini. Si trova a 605 metri di altitudine, tra ...<\/div><\/li><li><a href=\"https:\/\/www.latoscane.net\/it\/pienza\/\">Pienza<\/a><a href=\"https:\/\/www.latoscane.net\/it\/pienza\/\" title=\"Pienza\"><img loading=\"lazy\" decoding=\"async\" width=\"150\" height=\"150\" src=\"https:\/\/www.latoscane.net\/wp-content\/uploads\/2017\/03\/pienza-toscana-8705-150x150.jpg\" class=\"lcp_thumbnail wp-post-image\" alt=\"Pienza\" srcset=\"https:\/\/www.latoscane.net\/wp-content\/uploads\/2017\/03\/pienza-toscana-8705-150x150.jpg 150w, https:\/\/www.latoscane.net\/wp-content\/uploads\/2017\/03\/pienza-toscana-8705-50x50.jpg 50w, https:\/\/www.latoscane.net\/wp-content\/uploads\/2017\/03\/pienza-toscana-8705-65x65.jpg 65w\" sizes=\"(max-width: 150px) 100vw, 150px\" \/><\/a><div class=\"lcp_excerpt\">\nNel cuore della Val d&#8217;Orcia e dei suoi paesaggi unici si trova Pienza, uno dei borghi pi\u00f9 belli della Toscana, a sud della provincia di Siena, dove vivono poco pi\u00f9 ...<\/div><\/li><li><a href=\"https:\/\/www.latoscane.net\/it\/radicofani\/\">Radicofani in Toscana<\/a><a href=\"https:\/\/www.latoscane.net\/it\/radicofani\/\" title=\"Radicofani in Toscana\"><img loading=\"lazy\" decoding=\"async\" width=\"150\" height=\"150\" src=\"https:\/\/www.latoscane.net\/wp-content\/uploads\/2017\/03\/radicofani-toscana-8695-150x150.jpg\" class=\"lcp_thumbnail wp-post-image\" alt=\"Radicofani in Toscana\" srcset=\"https:\/\/www.latoscane.net\/wp-content\/uploads\/2017\/03\/radicofani-toscana-8695-150x150.jpg 150w, https:\/\/www.latoscane.net\/wp-content\/uploads\/2017\/03\/radicofani-toscana-8695-50x50.jpg 50w, https:\/\/www.latoscane.net\/wp-content\/uploads\/2017\/03\/radicofani-toscana-8695-65x65.jpg 65w\" sizes=\"(max-width: 150px) 100vw, 150px\" \/><\/a><div class=\"lcp_excerpt\">\nRadicofani si distingue per l&#8217;imponente rocca di origine medievale, una delle pi\u00f9 belle della Toscana che domina dalla sua bella eminenza della Val d&#8217;Orcia. Fu per lungo tempo una posizione ...<\/div><\/li><li><a href=\"https:\/\/www.latoscane.net\/it\/san-quirico-d-orcia\/\">San Quirico d&#8217;Orcia<\/a><a href=\"https:\/\/www.latoscane.net\/it\/san-quirico-d-orcia\/\" title=\"San Quirico d&#039;Orcia\"><img loading=\"lazy\" decoding=\"async\" width=\"150\" height=\"150\" src=\"https:\/\/www.latoscane.net\/wp-content\/uploads\/2024\/08\/collegiata-dei-santi-quirico-e-giulitta-san-quirico-d-orcia-4149-150x150.jpg\" class=\"lcp_thumbnail wp-post-image\" alt=\"San Quirico d&#039;Orcia\" srcset=\"https:\/\/www.latoscane.net\/wp-content\/uploads\/2024\/08\/collegiata-dei-santi-quirico-e-giulitta-san-quirico-d-orcia-4149-150x150.jpg 150w, https:\/\/www.latoscane.net\/wp-content\/uploads\/2024\/08\/collegiata-dei-santi-quirico-e-giulitta-san-quirico-d-orcia-4149-50x50.jpg 50w, https:\/\/www.latoscane.net\/wp-content\/uploads\/2024\/08\/collegiata-dei-santi-quirico-e-giulitta-san-quirico-d-orcia-4149-80x80.jpg 80w, https:\/\/www.latoscane.net\/wp-content\/uploads\/2024\/08\/collegiata-dei-santi-quirico-e-giulitta-san-quirico-d-orcia-4149-75x75.jpg 75w\" sizes=\"(max-width: 150px) 100vw, 150px\" \/><\/a><div class=\"lcp_excerpt\">\nNel cuore delle incantevoli colline della Val d&#8217;Orcia, San Quirico d&#8217;Orcia \u00e8 uno dei borghi pi\u00f9 belli della Toscana, situato lungo il camino di pellegrinaggio della Via Francigena, tappa tra ...<\/div><\/li><li><a href=\"https:\/\/www.latoscane.net\/it\/montalcino\/\">Montalcino<\/a><a href=\"https:\/\/www.latoscane.net\/it\/montalcino\/\" title=\"Montalcino\"><img loading=\"lazy\" decoding=\"async\" width=\"150\" height=\"150\" src=\"https:\/\/www.latoscane.net\/wp-content\/uploads\/2017\/02\/piazza-garibaldi-montalcino-4226-150x150.jpg\" class=\"lcp_thumbnail wp-post-image\" alt=\"Montalcino\" srcset=\"https:\/\/www.latoscane.net\/wp-content\/uploads\/2017\/02\/piazza-garibaldi-montalcino-4226-150x150.jpg 150w, https:\/\/www.latoscane.net\/wp-content\/uploads\/2017\/02\/piazza-garibaldi-montalcino-4226-50x50.jpg 50w, https:\/\/www.latoscane.net\/wp-content\/uploads\/2017\/02\/piazza-garibaldi-montalcino-4226-80x80.jpg 80w, https:\/\/www.latoscane.net\/wp-content\/uploads\/2017\/02\/piazza-garibaldi-montalcino-4226-75x75.jpg 75w\" sizes=\"(max-width: 150px) 100vw, 150px\" \/><\/a><div class=\"lcp_excerpt\">\nAd ovest della Val d&#8217;Orcia, Montalcino \u00e8 un comune toscano famoso per il Brunello, il suo ottimo vino apprezzato in tutto il mondo, elaborato dal XIX secolo in tutto il ...<\/div><\/li><li><a href=\"https:\/\/www.latoscane.net\/it\/castiglione-e-rocca-d-orcia\/\">Castiglione e Rocca d&#8217;Orcia<\/a><a href=\"https:\/\/www.latoscane.net\/it\/castiglione-e-rocca-d-orcia\/\" title=\"Castiglione e Rocca d&#039;Orcia\"><img loading=\"lazy\" decoding=\"async\" width=\"150\" height=\"150\" src=\"https:\/\/www.latoscane.net\/wp-content\/uploads\/2017\/01\/castiglione-d-orcia-toscana-4590-150x150.jpg\" class=\"lcp_thumbnail wp-post-image\" alt=\"Castiglione e Rocca d&#039;Orcia\" srcset=\"https:\/\/www.latoscane.net\/wp-content\/uploads\/2017\/01\/castiglione-d-orcia-toscana-4590-150x150.jpg 150w, https:\/\/www.latoscane.net\/wp-content\/uploads\/2017\/01\/castiglione-d-orcia-toscana-4590-50x50.jpg 50w, https:\/\/www.latoscane.net\/wp-content\/uploads\/2017\/01\/castiglione-d-orcia-toscana-4590-80x80.jpg 80w, https:\/\/www.latoscane.net\/wp-content\/uploads\/2017\/01\/castiglione-d-orcia-toscana-4590-75x75.jpg 75w\" sizes=\"(max-width: 150px) 100vw, 150px\" \/><\/a><div class=\"lcp_excerpt\">\nCastiglione d&#8217;Orcia\nCastiglione d&#8217;Orcia \u00e8 un fiero borgo della Val d&#8217;Orcia, borgo medievale ai piedi della potente Rocca Aldobrandeschi del XIV secolo che domina tutta la valle dalle falde del Monte ...<\/div><\/li><li><a href=\"https:\/\/www.latoscane.net\/it\/bagni-san-filippo-e-vivo-dorcia\/\">Bagni San Filippo e Vivo d&#8217;Orcia<\/a><a href=\"https:\/\/www.latoscane.net\/it\/bagni-san-filippo-e-vivo-dorcia\/\" title=\"Bagni San Filippo e Vivo d&#039;Orcia\"><img loading=\"lazy\" decoding=\"async\" width=\"150\" height=\"150\" src=\"https:\/\/www.latoscane.net\/wp-content\/uploads\/2024\/08\/bagni-san-filippo-5446-150x150.jpg\" class=\"lcp_thumbnail wp-post-image\" alt=\"Bagni San Filippo e Vivo d&#039;Orcia\" srcset=\"https:\/\/www.latoscane.net\/wp-content\/uploads\/2024\/08\/bagni-san-filippo-5446-150x150.jpg 150w, https:\/\/www.latoscane.net\/wp-content\/uploads\/2024\/08\/bagni-san-filippo-5446-50x50.jpg 50w, https:\/\/www.latoscane.net\/wp-content\/uploads\/2024\/08\/bagni-san-filippo-5446-80x80.jpg 80w, https:\/\/www.latoscane.net\/wp-content\/uploads\/2024\/08\/bagni-san-filippo-5446-75x75.jpg 75w\" sizes=\"(max-width: 150px) 100vw, 150px\" \/><\/a><div class=\"lcp_excerpt\">\nBagni San Filippo\nSulle pendici orientali del monte Amiata, ai margini della Val d&#8217;Orcia, Bagni San Filippo \u00e8 un borgo termale le cui acque sono conosciute fin dall&#8217;antichit\u00e0. Le sue acque ...<\/div><\/li><li><a href=\"https:\/\/www.latoscane.net\/it\/abbadia-san-salvatore\/\">Abbadia San Salvatore<\/a><a href=\"https:\/\/www.latoscane.net\/it\/abbadia-san-salvatore\/\" title=\"Abbadia San Salvatore\"><img loading=\"lazy\" decoding=\"async\" width=\"150\" height=\"150\" src=\"https:\/\/www.latoscane.net\/wp-content\/uploads\/2024\/08\/abbadia-san-salvatore-5454-150x150.jpg\" class=\"lcp_thumbnail wp-post-image\" alt=\"Abbadia San Salvatore\" srcset=\"https:\/\/www.latoscane.net\/wp-content\/uploads\/2024\/08\/abbadia-san-salvatore-5454-150x150.jpg 150w, https:\/\/www.latoscane.net\/wp-content\/uploads\/2024\/08\/abbadia-san-salvatore-5454-50x50.jpg 50w, https:\/\/www.latoscane.net\/wp-content\/uploads\/2024\/08\/abbadia-san-salvatore-5454-80x80.jpg 80w, https:\/\/www.latoscane.net\/wp-content\/uploads\/2024\/08\/abbadia-san-salvatore-5454-75x75.jpg 75w\" sizes=\"(max-width: 150px) 100vw, 150px\" \/><\/a><div class=\"lcp_excerpt\">\nAbbadia San Salvatore \u00e8 un caratteristico borgo del Monte Amiata, il pi\u00f9 alto, a 800 metri di altitudine sul versante orientale della montagna. \u00c8 una destinazione apprezzata in estate per ...<\/div><\/li><li><a href=\"https:\/\/www.latoscane.net\/it\/san-casciano-dei-bagni\/\">San Casciano dei Bagni<\/a><a href=\"https:\/\/www.latoscane.net\/it\/san-casciano-dei-bagni\/\" title=\"San Casciano dei Bagni\"><img loading=\"lazy\" decoding=\"async\" width=\"150\" height=\"150\" src=\"https:\/\/www.latoscane.net\/wp-content\/uploads\/2017\/02\/san-casciano-dei-bagni-5540-150x150.jpg\" class=\"lcp_thumbnail wp-post-image\" alt=\"San Casciano dei Bagni\" srcset=\"https:\/\/www.latoscane.net\/wp-content\/uploads\/2017\/02\/san-casciano-dei-bagni-5540-150x150.jpg 150w, https:\/\/www.latoscane.net\/wp-content\/uploads\/2017\/02\/san-casciano-dei-bagni-5540-50x50.jpg 50w, https:\/\/www.latoscane.net\/wp-content\/uploads\/2017\/02\/san-casciano-dei-bagni-5540-80x80.jpg 80w, https:\/\/www.latoscane.net\/wp-content\/uploads\/2017\/02\/san-casciano-dei-bagni-5540-75x75.jpg 75w\" sizes=\"(max-width: 150px) 100vw, 150px\" \/><\/a><div class=\"lcp_excerpt\">\nVicino alla sorgente dell&#8217;Orcia e geograficamente indicato nella Val di Chiana Senese, San Casciano dei Bagni \u00e8 un rinomato paese termale circondato da sorgenti sulfuree dalle propriet\u00e0 curative. I primi ...<\/div><\/li><li><a href=\"https:\/\/www.latoscane.net\/it\/abbazia-di-sant-antimo\/\">Abbazia di Sant&#8217;Antimo<\/a><a href=\"https:\/\/www.latoscane.net\/it\/abbazia-di-sant-antimo\/\" title=\"Abbazia di Sant&#039;Antimo\"><img loading=\"lazy\" decoding=\"async\" width=\"150\" height=\"150\" src=\"https:\/\/www.latoscane.net\/wp-content\/uploads\/2024\/08\/esterno-abbazia-di-sant-antimo-toscana-4634b-150x150.jpg\" class=\"lcp_thumbnail wp-post-image\" alt=\"Abbazia di Sant&#039;Antimo\" srcset=\"https:\/\/www.latoscane.net\/wp-content\/uploads\/2024\/08\/esterno-abbazia-di-sant-antimo-toscana-4634b-150x150.jpg 150w, https:\/\/www.latoscane.net\/wp-content\/uploads\/2024\/08\/esterno-abbazia-di-sant-antimo-toscana-4634b-50x50.jpg 50w, https:\/\/www.latoscane.net\/wp-content\/uploads\/2024\/08\/esterno-abbazia-di-sant-antimo-toscana-4634b-80x80.jpg 80w, https:\/\/www.latoscane.net\/wp-content\/uploads\/2024\/08\/esterno-abbazia-di-sant-antimo-toscana-4634b-75x75.jpg 75w\" sizes=\"(max-width: 150px) 100vw, 150px\" \/><\/a><div class=\"lcp_excerpt\">\nA 10 km a sud di Montalcino, l&#8217;Abbazia di Sant&#8217;Antimo ha una delle pi\u00f9 belle chiese romaniche della Toscana, ai piedi del borgo di Castelnuovo dell&#8217;Abate, nella valle della Starcia, ...<\/div><\/li><li><a href=\"https:\/\/www.latoscane.net\/it\/bagno-vignoni-in-toscana\/\">Bagno Vignoni in Toscana<\/a><a href=\"https:\/\/www.latoscane.net\/it\/bagno-vignoni-in-toscana\/\" title=\"Bagno Vignoni in Toscana\"><img loading=\"lazy\" decoding=\"async\" width=\"150\" height=\"150\" src=\"https:\/\/www.latoscane.net\/wp-content\/uploads\/2024\/08\/bagno-vignoni-parco-dei-mulini-4585-150x150.jpg\" class=\"lcp_thumbnail wp-post-image\" alt=\"Bagno Vignoni in Toscana\" srcset=\"https:\/\/www.latoscane.net\/wp-content\/uploads\/2024\/08\/bagno-vignoni-parco-dei-mulini-4585-150x150.jpg 150w, https:\/\/www.latoscane.net\/wp-content\/uploads\/2024\/08\/bagno-vignoni-parco-dei-mulini-4585-50x50.jpg 50w, https:\/\/www.latoscane.net\/wp-content\/uploads\/2024\/08\/bagno-vignoni-parco-dei-mulini-4585-80x80.jpg 80w, https:\/\/www.latoscane.net\/wp-content\/uploads\/2024\/08\/bagno-vignoni-parco-dei-mulini-4585-75x75.jpg 75w\" sizes=\"(max-width: 150px) 100vw, 150px\" \/><\/a><div class=\"lcp_excerpt\">\nSituato vicino alla via Francigena, tra Castiglione e San Quirico, Bagno Vignoni \u00e8 un piccolo borgo bagnato da acque termali utilizzate almeno fin dall&#8217;epoca romana.\nPresentazione\nIl nome del paese deriva dal ...<\/div><\/li><li><a href=\"https:\/\/www.latoscane.net\/it\/cetona-e-dintorni\/\">Cetona e dintorni<\/a><a href=\"https:\/\/www.latoscane.net\/it\/cetona-e-dintorni\/\" title=\"Cetona e dintorni\"><img loading=\"lazy\" decoding=\"async\" width=\"150\" height=\"150\" src=\"https:\/\/www.latoscane.net\/wp-content\/uploads\/2017\/01\/cetona-150x150.png\" class=\"lcp_thumbnail wp-post-image\" alt=\"Cetona e dintorni\" srcset=\"https:\/\/www.latoscane.net\/wp-content\/uploads\/2017\/01\/cetona-150x150.png 150w, https:\/\/www.latoscane.net\/wp-content\/uploads\/2017\/01\/cetona-50x50.png 50w, https:\/\/www.latoscane.net\/wp-content\/uploads\/2017\/01\/cetona-80x80.png 80w, https:\/\/www.latoscane.net\/wp-content\/uploads\/2017\/01\/cetona-75x75.png 75w\" sizes=\"(max-width: 150px) 100vw, 150px\" \/><\/a><div class=\"lcp_excerpt\">\nVillaggio di Cetona\nSituato sulle pendici dell&#8217;omonima montagna, Cetona \u00e8 un borgo di origine medievale. Per le sue diverse qualit\u00e0, gode della bandiera arancione del Touring Club italiano. Entrando nel borgo, ...<\/div><\/li><li><a href=\"https:\/\/www.latoscane.net\/it\/sarteano-in-toscana\/\">Sarteano in Toscana<\/a><a href=\"https:\/\/www.latoscane.net\/it\/sarteano-in-toscana\/\" title=\"Sarteano in Toscana\"><img loading=\"lazy\" decoding=\"async\" width=\"150\" height=\"150\" src=\"https:\/\/www.latoscane.net\/wp-content\/uploads\/2024\/08\/chateau-de-sarteano-3989-150x150.jpg\" class=\"lcp_thumbnail wp-post-image\" alt=\"Sarteano in Toscana\" srcset=\"https:\/\/www.latoscane.net\/wp-content\/uploads\/2024\/08\/chateau-de-sarteano-3989-150x150.jpg 150w, https:\/\/www.latoscane.net\/wp-content\/uploads\/2024\/08\/chateau-de-sarteano-3989-50x50.jpg 50w, https:\/\/www.latoscane.net\/wp-content\/uploads\/2024\/08\/chateau-de-sarteano-3989-80x80.jpg 80w, https:\/\/www.latoscane.net\/wp-content\/uploads\/2024\/08\/chateau-de-sarteano-3989-75x75.jpg 75w\" sizes=\"(max-width: 150px) 100vw, 150px\" \/><\/a><div class=\"lcp_excerpt\">\nSarteano \u00e8 un paese situato tra la Val d&#8217;Orcia e la Val di Chiana, poco frequentato dai turisti. Il suo castello \u00e8 la principale attrazione, con il museo archeologico anche ...<\/div><\/li><\/ul>","protected":false},"excerpt":{"rendered":"<p>Il centro storico di Pienza \u00e8 piuttosto piccolo e pianeggiante, in quanto si snoda lungo una bella passeggiata tra i suoi vicoli, seguendo anche la sua grande passeggiata che offre una splendida vista sulle colline dominate dal borgo. Corso Rossellini di Pienza Si entra a Pienza da ovest attraverso la Porta di Prato (o Porta [&hellip;]<\/p>\n","protected":false},"author":1,"featured_media":6908,"comment_status":"open","ping_status":"open","sticky":false,"template":"","format":"standard","meta":{"_acf_changed":false,"footnotes":"","_links_to":"","_links_to_target":""},"categories":[128],"tags":[219],"acf":[],"yoast_head":"<!-- This site is optimized with the Yoast SEO plugin v22.8 - https:\/\/yoast.com\/wordpress\/plugins\/seo\/ -->\n<title>Cosa vedere a Pienza, Guida di Toscana<\/title>\n<meta name=\"description\" content=\"Cosa vedere a Pienza in Toscana, paese il cui centro storico \u00e8 piuttosto piccolo e pianeggiante, tra cui Piazza Pio II, palazzi, chiese e passeggiate\" \/>\n<meta name=\"robots\" content=\"index, follow, max-snippet:-1, max-image-preview:large, max-video-preview:-1\" \/>\n<link rel=\"canonical\" href=\"https:\/\/www.latoscane.net\/it\/da-vedere-a-pienza\/\" \/>\n<meta property=\"og:locale\" content=\"it_IT\" \/>\n<meta property=\"og:type\" content=\"article\" \/>\n<meta property=\"og:title\" content=\"Cosa vedere a Pienza, Guida di Toscana\" \/>\n<meta property=\"og:description\" content=\"Cosa vedere a Pienza in Toscana, paese il cui centro storico \u00e8 piuttosto piccolo e pianeggiante, tra cui Piazza Pio II, palazzi, chiese e passeggiate\" \/>\n<meta property=\"og:url\" content=\"https:\/\/www.latoscane.net\/it\/da-vedere-a-pienza\/\" \/>\n<meta property=\"og:site_name\" content=\"LaToscane.net\" \/>\n<meta property=\"article:published_time\" content=\"2024-10-24T10:40:51+00:00\" \/>\n<meta property=\"article:modified_time\" content=\"2025-09-10T19:38:03+00:00\" \/>\n<meta property=\"og:image\" content=\"https:\/\/www.latoscane.net\/wp-content\/uploads\/2017\/02\/camminata-panoramica-via-del-casello-pienza-4089.jpg\" \/>\n\t<meta property=\"og:image:width\" content=\"1200\" \/>\n\t<meta property=\"og:image:height\" content=\"800\" \/>\n\t<meta property=\"og:image:type\" content=\"image\/jpeg\" \/>\n<meta name=\"author\" content=\"Galgano\" \/>\n<meta name=\"twitter:card\" content=\"summary_large_image\" \/>\n<meta name=\"twitter:label1\" content=\"Scritto da\" \/>\n\t<meta name=\"twitter:data1\" content=\"Galgano\" \/>\n\t<meta name=\"twitter:label2\" content=\"Tempo di lettura stimato\" \/>\n\t<meta name=\"twitter:data2\" content=\"13 minuti\" \/>\n<script type=\"application\/ld+json\" class=\"yoast-schema-graph\">{\"@context\":\"https:\/\/schema.org\",\"@graph\":[{\"@type\":\"WebPage\",\"@id\":\"https:\/\/www.latoscane.net\/it\/da-vedere-a-pienza\/\",\"url\":\"https:\/\/www.latoscane.net\/it\/da-vedere-a-pienza\/\",\"name\":\"Cosa vedere a Pienza, Guida di Toscana\",\"isPartOf\":{\"@id\":\"https:\/\/www.latoscane.net\/#website\"},\"primaryImageOfPage\":{\"@id\":\"https:\/\/www.latoscane.net\/it\/da-vedere-a-pienza\/#primaryimage\"},\"image\":{\"@id\":\"https:\/\/www.latoscane.net\/it\/da-vedere-a-pienza\/#primaryimage\"},\"thumbnailUrl\":\"https:\/\/www.latoscane.net\/wp-content\/uploads\/2017\/02\/camminata-panoramica-via-del-casello-pienza-4089.jpg\",\"datePublished\":\"2024-10-24T10:40:51+00:00\",\"dateModified\":\"2025-09-10T19:38:03+00:00\",\"author\":{\"@id\":\"https:\/\/www.latoscane.net\/#\/schema\/person\/dae56e679cb6d9bdaf2b0b54b1320d42\"},\"description\":\"Cosa vedere a Pienza in Toscana, paese il cui centro storico \u00e8 piuttosto piccolo e pianeggiante, tra cui Piazza Pio II, palazzi, chiese e passeggiate\",\"breadcrumb\":{\"@id\":\"https:\/\/www.latoscane.net\/it\/da-vedere-a-pienza\/#breadcrumb\"},\"inLanguage\":\"it-IT\",\"potentialAction\":[{\"@type\":\"ReadAction\",\"target\":[\"https:\/\/www.latoscane.net\/it\/da-vedere-a-pienza\/\"]}]},{\"@type\":\"ImageObject\",\"inLanguage\":\"it-IT\",\"@id\":\"https:\/\/www.latoscane.net\/it\/da-vedere-a-pienza\/#primaryimage\",\"url\":\"https:\/\/www.latoscane.net\/wp-content\/uploads\/2017\/02\/camminata-panoramica-via-del-casello-pienza-4089.jpg\",\"contentUrl\":\"https:\/\/www.latoscane.net\/wp-content\/uploads\/2017\/02\/camminata-panoramica-via-del-casello-pienza-4089.jpg\",\"width\":1200,\"height\":800,\"caption\":\"Veduta dalla camminata panoramica di Pienza\"},{\"@type\":\"BreadcrumbList\",\"@id\":\"https:\/\/www.latoscane.net\/it\/da-vedere-a-pienza\/#breadcrumb\",\"itemListElement\":[{\"@type\":\"ListItem\",\"position\":1,\"name\":\"Accueil\",\"item\":\"https:\/\/www.latoscane.net\/it\/\"},{\"@type\":\"ListItem\",\"position\":2,\"name\":\"Cosa vedere a Pienza\"}]},{\"@type\":\"WebSite\",\"@id\":\"https:\/\/www.latoscane.net\/#website\",\"url\":\"https:\/\/www.latoscane.net\/\",\"name\":\"LaToscane.net\",\"description\":\"Visita della regione Toscana\",\"potentialAction\":[{\"@type\":\"SearchAction\",\"target\":{\"@type\":\"EntryPoint\",\"urlTemplate\":\"https:\/\/www.latoscane.net\/?s={search_term_string}\"},\"query-input\":\"required name=search_term_string\"}],\"inLanguage\":\"it-IT\"},{\"@type\":\"Person\",\"@id\":\"https:\/\/www.latoscane.net\/#\/schema\/person\/dae56e679cb6d9bdaf2b0b54b1320d42\",\"name\":\"Galgano\",\"url\":\"https:\/\/www.latoscane.net\/it\/author\/will\/\"}]}<\/script>\n<!-- \/ Yoast SEO plugin. -->","yoast_head_json":{"title":"Cosa vedere a Pienza, Guida di Toscana","description":"Cosa vedere a Pienza in Toscana, paese il cui centro storico \u00e8 piuttosto piccolo e pianeggiante, tra cui Piazza Pio II, palazzi, chiese e passeggiate","robots":{"index":"index","follow":"follow","max-snippet":"max-snippet:-1","max-image-preview":"max-image-preview:large","max-video-preview":"max-video-preview:-1"},"canonical":"https:\/\/www.latoscane.net\/it\/da-vedere-a-pienza\/","og_locale":"it_IT","og_type":"article","og_title":"Cosa vedere a Pienza, Guida di Toscana","og_description":"Cosa vedere a Pienza in Toscana, paese il cui centro storico \u00e8 piuttosto piccolo e pianeggiante, tra cui Piazza Pio II, palazzi, chiese e passeggiate","og_url":"https:\/\/www.latoscane.net\/it\/da-vedere-a-pienza\/","og_site_name":"LaToscane.net","article_published_time":"2024-10-24T10:40:51+00:00","article_modified_time":"2025-09-10T19:38:03+00:00","og_image":[{"width":1200,"height":800,"url":"https:\/\/www.latoscane.net\/wp-content\/uploads\/2017\/02\/camminata-panoramica-via-del-casello-pienza-4089.jpg","type":"image\/jpeg"}],"author":"Galgano","twitter_card":"summary_large_image","twitter_misc":{"Scritto da":"Galgano","Tempo di lettura stimato":"13 minuti"},"schema":{"@context":"https:\/\/schema.org","@graph":[{"@type":"WebPage","@id":"https:\/\/www.latoscane.net\/it\/da-vedere-a-pienza\/","url":"https:\/\/www.latoscane.net\/it\/da-vedere-a-pienza\/","name":"Cosa vedere a Pienza, Guida di Toscana","isPartOf":{"@id":"https:\/\/www.latoscane.net\/#website"},"primaryImageOfPage":{"@id":"https:\/\/www.latoscane.net\/it\/da-vedere-a-pienza\/#primaryimage"},"image":{"@id":"https:\/\/www.latoscane.net\/it\/da-vedere-a-pienza\/#primaryimage"},"thumbnailUrl":"https:\/\/www.latoscane.net\/wp-content\/uploads\/2017\/02\/camminata-panoramica-via-del-casello-pienza-4089.jpg","datePublished":"2024-10-24T10:40:51+00:00","dateModified":"2025-09-10T19:38:03+00:00","author":{"@id":"https:\/\/www.latoscane.net\/#\/schema\/person\/dae56e679cb6d9bdaf2b0b54b1320d42"},"description":"Cosa vedere a Pienza in Toscana, paese il cui centro storico \u00e8 piuttosto piccolo e pianeggiante, tra cui Piazza Pio II, palazzi, chiese e passeggiate","breadcrumb":{"@id":"https:\/\/www.latoscane.net\/it\/da-vedere-a-pienza\/#breadcrumb"},"inLanguage":"it-IT","potentialAction":[{"@type":"ReadAction","target":["https:\/\/www.latoscane.net\/it\/da-vedere-a-pienza\/"]}]},{"@type":"ImageObject","inLanguage":"it-IT","@id":"https:\/\/www.latoscane.net\/it\/da-vedere-a-pienza\/#primaryimage","url":"https:\/\/www.latoscane.net\/wp-content\/uploads\/2017\/02\/camminata-panoramica-via-del-casello-pienza-4089.jpg","contentUrl":"https:\/\/www.latoscane.net\/wp-content\/uploads\/2017\/02\/camminata-panoramica-via-del-casello-pienza-4089.jpg","width":1200,"height":800,"caption":"Veduta dalla camminata panoramica di Pienza"},{"@type":"BreadcrumbList","@id":"https:\/\/www.latoscane.net\/it\/da-vedere-a-pienza\/#breadcrumb","itemListElement":[{"@type":"ListItem","position":1,"name":"Accueil","item":"https:\/\/www.latoscane.net\/it\/"},{"@type":"ListItem","position":2,"name":"Cosa vedere a Pienza"}]},{"@type":"WebSite","@id":"https:\/\/www.latoscane.net\/#website","url":"https:\/\/www.latoscane.net\/","name":"LaToscane.net","description":"Visita della regione Toscana","potentialAction":[{"@type":"SearchAction","target":{"@type":"EntryPoint","urlTemplate":"https:\/\/www.latoscane.net\/?s={search_term_string}"},"query-input":"required name=search_term_string"}],"inLanguage":"it-IT"},{"@type":"Person","@id":"https:\/\/www.latoscane.net\/#\/schema\/person\/dae56e679cb6d9bdaf2b0b54b1320d42","name":"Galgano","url":"https:\/\/www.latoscane.net\/it\/author\/will\/"}]}},"_links":{"self":[{"href":"https:\/\/www.latoscane.net\/it\/wp-json\/wp\/v2\/posts\/10476"}],"collection":[{"href":"https:\/\/www.latoscane.net\/it\/wp-json\/wp\/v2\/posts"}],"about":[{"href":"https:\/\/www.latoscane.net\/it\/wp-json\/wp\/v2\/types\/post"}],"author":[{"embeddable":true,"href":"https:\/\/www.latoscane.net\/it\/wp-json\/wp\/v2\/users\/1"}],"replies":[{"embeddable":true,"href":"https:\/\/www.latoscane.net\/it\/wp-json\/wp\/v2\/comments?post=10476"}],"version-history":[{"count":6,"href":"https:\/\/www.latoscane.net\/it\/wp-json\/wp\/v2\/posts\/10476\/revisions"}],"predecessor-version":[{"id":13919,"href":"https:\/\/www.latoscane.net\/it\/wp-json\/wp\/v2\/posts\/10476\/revisions\/13919"}],"wp:featuredmedia":[{"embeddable":true,"href":"https:\/\/www.latoscane.net\/it\/wp-json\/wp\/v2\/media\/6908"}],"wp:attachment":[{"href":"https:\/\/www.latoscane.net\/it\/wp-json\/wp\/v2\/media?parent=10476"}],"wp:term":[{"taxonomy":"category","embeddable":true,"href":"https:\/\/www.latoscane.net\/it\/wp-json\/wp\/v2\/categories?post=10476"},{"taxonomy":"post_tag","embeddable":true,"href":"https:\/\/www.latoscane.net\/it\/wp-json\/wp\/v2\/tags?post=10476"}],"curies":[{"name":"wp","href":"https:\/\/api.w.org\/{rel}","templated":true}]}}