{"id":10653,"date":"2023-10-22T12:57:07","date_gmt":"2023-10-22T10:57:07","guid":{"rendered":"https:\/\/www.latoscane.net\/palazzo-comunale-di-san-gimignano-e-musei\/"},"modified":"2025-09-09T10:32:40","modified_gmt":"2025-09-09T08:32:40","slug":"palazzo-comunale-di-san-gimignano-e-musei","status":"publish","type":"post","link":"https:\/\/www.latoscane.net\/it\/palazzo-comunale-di-san-gimignano-e-musei\/","title":{"rendered":"Palazzo Comunale di San Gimignano e musei"},"content":{"rendered":"\n<p lang=\"it-IT\">In Piazza del Duomo al centro di San Gimignani, il <strong>Palazzo Comunale<\/strong> (noto anche come Palazzo del Popolo o Palazzo del Podest\u00e0) fu il cuore del potere civile. Prima del XIV secolo il Podest\u00e0 della citt\u00e0 abitava nel Palazzo vecchio del Podest\u00e0 di fronte alla cattedrale.<br \/>\u00c8 anche la sede principale dei Musei Comunali con splendide opere d&#8217;arte delle scuole senese e fiorentine. Comprende in particolare la Sala Dante, decorata con cicli di affreschi importanti sui temi cortesi e cavallereschi, e la pinacoteca, con opere che vanno dal XIII al XVII secolo.<\/p>\n<h2 lang=\"it-IT\">Palazzo del Comune<\/h2>\n<p>Questo palazzo \u00e8 uno dei monumenti pi\u00f9 interessanti di San Gimignano, costruito tra il 1289 e il 1298 sulle rovine di un antico edificio. La sua facciata \u00e8 caratteristica tra la Torre Grossa e la Loggia del Comune<br \/>Ampliamenti hanno avuto luogo nel XIV e XV, formando lo spazio del cortile interno. Successivamente, sono stati dipinti affreschi che rappresentano gli emblemi di personaggi pubblici della citt\u00e0.<br \/>Dal palazzo si accede alla <strong>Torre Grossa<\/strong>, la torre pi\u00f9 alta della citt\u00e0, da dove si gode di una bellissima vista (dopo oltre 200 gradini).<\/p>\n<p lang=\"it-IT\">Nella <strong>Sala di Dante<\/strong> (dove questo fu ospitato, come ambasciatore di Firenze) per negoziare un trattato di pace), si pu\u00f2 vedere la bella Madonna col Bambino di Lippo Memmi (1317) e altri affreschi ispirati a scene di cavalleria di Azzo di Masetto (fine XIII), e scene di caccia dedicate a Carlo d&#8217;Angi\u00f2.<br \/>L&#8217;altra sala importante \u00e8 la <strong>Sala del Podest\u00e0<\/strong>, con famosi affreschi sul tema dell&#8217;amore cortese, di Memmo Filippuccio (inizio XIV secolo). Si scoprono anche la Sala dell&#8217;Assemblee Segrete.<\/p>\n\n\n<figure class=\"wp-block-gallery has-nested-images columns-default is-cropped wp-block-gallery-2 is-layout-flex wp-block-gallery-is-layout-flex\">\n<figure class=\"wp-block-image size-medium\"><img loading=\"lazy\" decoding=\"async\" width=\"300\" height=\"200\" data-id=\"3700\" src=\"https:\/\/www.latoscane.net\/wp-content\/uploads\/2017\/03\/palazzo-comunale-san-gimignano-2081-300x200.jpg\" alt=\"Foto del Palazzo Comunale, San Gimignano\" class=\"wp-image-3700\" srcset=\"https:\/\/www.latoscane.net\/wp-content\/uploads\/2017\/03\/palazzo-comunale-san-gimignano-2081-300x200.jpg 300w, https:\/\/www.latoscane.net\/wp-content\/uploads\/2017\/03\/palazzo-comunale-san-gimignano-2081-1024x683.jpg 1024w, https:\/\/www.latoscane.net\/wp-content\/uploads\/2017\/03\/palazzo-comunale-san-gimignano-2081-768x512.jpg 768w, https:\/\/www.latoscane.net\/wp-content\/uploads\/2017\/03\/palazzo-comunale-san-gimignano-2081.jpg 1200w\" sizes=\"(max-width: 300px) 100vw, 300px\" \/><\/figure>\n\n\n\n<figure class=\"wp-block-image size-medium\"><img loading=\"lazy\" decoding=\"async\" width=\"200\" height=\"300\" data-id=\"3694\" src=\"https:\/\/www.latoscane.net\/wp-content\/uploads\/2017\/03\/torre-grossa-san-gimignano-2078-200x300.jpg\" alt=\"Foto Torre Grossa, San Gimignano\" class=\"wp-image-3694\" srcset=\"https:\/\/www.latoscane.net\/wp-content\/uploads\/2017\/03\/torre-grossa-san-gimignano-2078-200x300.jpg 200w, https:\/\/www.latoscane.net\/wp-content\/uploads\/2017\/03\/torre-grossa-san-gimignano-2078-683x1024.jpg 683w, https:\/\/www.latoscane.net\/wp-content\/uploads\/2017\/03\/torre-grossa-san-gimignano-2078-768x1152.jpg 768w, https:\/\/www.latoscane.net\/wp-content\/uploads\/2017\/03\/torre-grossa-san-gimignano-2078.jpg 800w\" sizes=\"(max-width: 200px) 100vw, 200px\" \/><\/figure>\n\n\n\n<figure class=\"wp-block-image size-medium\"><img loading=\"lazy\" decoding=\"async\" width=\"200\" height=\"300\" data-id=\"3697\" src=\"https:\/\/www.latoscane.net\/wp-content\/uploads\/2017\/03\/torre-grossa-san-gimignano-2080-200x300.jpg\" alt=\"Foto Torre Grossa, San Gimignano\" class=\"wp-image-3697\" srcset=\"https:\/\/www.latoscane.net\/wp-content\/uploads\/2017\/03\/torre-grossa-san-gimignano-2080-200x300.jpg 200w, https:\/\/www.latoscane.net\/wp-content\/uploads\/2017\/03\/torre-grossa-san-gimignano-2080-683x1024.jpg 683w, https:\/\/www.latoscane.net\/wp-content\/uploads\/2017\/03\/torre-grossa-san-gimignano-2080-768x1152.jpg 768w, https:\/\/www.latoscane.net\/wp-content\/uploads\/2017\/03\/torre-grossa-san-gimignano-2080.jpg 800w\" sizes=\"(max-width: 200px) 100vw, 200px\" \/><\/figure>\n<\/figure>\n\n\n<h2 lang=\"it-IT\">Pinacoteca<\/h2>\n<p lang=\"it-IT\">La visita del palazzo prosegue con la <strong>pinacoteca<\/strong>. Ci si scoprono momenti storici dell&#8217;arte a San Gimignano : artisti del XIII secolo dalla frequentazione dei fiorentini (Coppo di Marcovaldo, Azzo di Masetto) e dei senesi. Seguono artisti senesi della fine del XIV secolo (Memmo di Filippuccio, Lippo Memmi), poi dalla fine del XIV al XV secolo, fiorentini e senesi (Taddeo di Bartolo, Lorenzo di Niccolo), e finisce dei fiorentini del Rinascimento (Filippino Lippi, Benozzo Gozzoli, Benedetto da Maiano).<br \/>Si nota una grande tela del Pinturicchio che conclude il percorso e nel cortile dove si trova la cisterna c&#8217;\u00e8 un affresco di Sodoma (inizio XVI).<\/p>\n<h2>Articoli su San Gimignano<\/h2>\n<ul class=\"lcp_catlist2\" id=\"lcp_instance_0\"><li><a href=\"https:\/\/www.latoscane.net\/it\/san-gimignano\/\">San Gimignano<\/a><a href=\"https:\/\/www.latoscane.net\/it\/san-gimignano\/\" title=\"San Gimignano\"><img loading=\"lazy\" decoding=\"async\" width=\"150\" height=\"150\" src=\"https:\/\/www.latoscane.net\/wp-content\/uploads\/2017\/03\/panorama-san-gimignano-2025-150x150.jpg\" class=\"lcp_thumbnail wp-post-image\" alt=\"San Gimignano\" srcset=\"https:\/\/www.latoscane.net\/wp-content\/uploads\/2017\/03\/panorama-san-gimignano-2025-150x150.jpg 150w, https:\/\/www.latoscane.net\/wp-content\/uploads\/2017\/03\/panorama-san-gimignano-2025-50x50.jpg 50w, https:\/\/www.latoscane.net\/wp-content\/uploads\/2017\/03\/panorama-san-gimignano-2025-80x80.jpg 80w, https:\/\/www.latoscane.net\/wp-content\/uploads\/2017\/03\/panorama-san-gimignano-2025-75x75.jpg 75w\" sizes=\"(max-width: 150px) 100vw, 150px\" \/><\/a><div class=\"lcp_excerpt\">\nScorgendo da lontano le sue torri in pietra che dominano fieramente le colline, non ci si pu\u00f2 sbagliare, \u00e8 San Gimignano, borgo emblematico della Toscana medievale.Questa piccola citt\u00e0 turistica di ...<\/div><\/li><li><a href=\"https:\/\/www.latoscane.net\/it\/duomo-di-san-gimignano\/\">Duomo di San Gimignano<\/a><a href=\"https:\/\/www.latoscane.net\/it\/duomo-di-san-gimignano\/\" title=\"Duomo di San Gimignano\"><img loading=\"lazy\" decoding=\"async\" width=\"150\" height=\"150\" src=\"https:\/\/www.latoscane.net\/wp-content\/uploads\/2017\/03\/palazzo-del-duomo-san-gimignano-2082-150x150.jpg\" class=\"lcp_thumbnail wp-post-image\" alt=\"Duomo di San Gimignano\" srcset=\"https:\/\/www.latoscane.net\/wp-content\/uploads\/2017\/03\/palazzo-del-duomo-san-gimignano-2082-150x150.jpg 150w, https:\/\/www.latoscane.net\/wp-content\/uploads\/2017\/03\/palazzo-del-duomo-san-gimignano-2082-50x50.jpg 50w, https:\/\/www.latoscane.net\/wp-content\/uploads\/2017\/03\/palazzo-del-duomo-san-gimignano-2082-80x80.jpg 80w, https:\/\/www.latoscane.net\/wp-content\/uploads\/2017\/03\/palazzo-del-duomo-san-gimignano-2082-75x75.jpg 75w\" sizes=\"(max-width: 150px) 100vw, 150px\" \/><\/a><div class=\"lcp_excerpt\">\nIl Duomo o la Collegiata di Santa Maria Assunta di San Gimignano si trova sul lato ovest dell&#8217;omonima piazza. \u00c8 un monumento notevole dell&#8217;architettura romanica in Toscana.L&#8217;origine della chiesa viene ...<\/div><\/li><li class=\"current\"><a href=\"https:\/\/www.latoscane.net\/it\/palazzo-comunale-di-san-gimignano-e-musei\/\">Palazzo Comunale di San Gimignano e musei<\/a><a href=\"https:\/\/www.latoscane.net\/it\/palazzo-comunale-di-san-gimignano-e-musei\/\" title=\"Palazzo Comunale di San Gimignano e musei\"><img loading=\"lazy\" decoding=\"async\" width=\"150\" height=\"150\" src=\"https:\/\/www.latoscane.net\/wp-content\/uploads\/2017\/03\/palazzo-comunale-san-gimignano-2081-150x150.jpg\" class=\"lcp_thumbnail wp-post-image\" alt=\"Palazzo Comunale di San Gimignano e musei\" srcset=\"https:\/\/www.latoscane.net\/wp-content\/uploads\/2017\/03\/palazzo-comunale-san-gimignano-2081-150x150.jpg 150w, https:\/\/www.latoscane.net\/wp-content\/uploads\/2017\/03\/palazzo-comunale-san-gimignano-2081-50x50.jpg 50w, https:\/\/www.latoscane.net\/wp-content\/uploads\/2017\/03\/palazzo-comunale-san-gimignano-2081-80x80.jpg 80w, https:\/\/www.latoscane.net\/wp-content\/uploads\/2017\/03\/palazzo-comunale-san-gimignano-2081-75x75.jpg 75w\" sizes=\"(max-width: 150px) 100vw, 150px\" \/><\/a><div class=\"lcp_excerpt\">\nIn Piazza del Duomo al centro di San Gimignani, il Palazzo Comunale (noto anche come Palazzo del Popolo o Palazzo del Podest\u00e0) fu il cuore del potere civile. Prima del ...<\/div><\/li><li><a href=\"https:\/\/www.booking.com\/city\/it\/san-gimignano.it.html?aid=308562;do_availability_check=1\">Alberghi in San Gimignano<\/a><a href=\"https:\/\/www.booking.com\/city\/it\/san-gimignano.it.html?aid=308562;do_availability_check=1\" title=\"Alberghi in San Gimignano\"><img loading=\"lazy\" decoding=\"async\" width=\"150\" height=\"115\" src=\"https:\/\/www.latoscane.net\/wp-content\/uploads\/2017\/02\/hotels-en-toscane-150x115.jpg\" class=\"lcp_thumbnail wp-post-image\" alt=\"Alberghi in San Gimignano\" \/><\/a><div class=\"lcp_excerpt\">Prenota ora un alloggio a San Gimignano e dintorni in Toscana, tra centinaia di hotel, appartamenti, camere o agriturismi\n<\/div><\/li><li><a href=\"https:\/\/www.latoscane.net\/it\/visite-e-tour-in-san-gimignano-e-dintorni\/\">Visite e tour in San Gimignano e dintorni<\/a><a href=\"https:\/\/www.latoscane.net\/it\/visite-e-tour-in-san-gimignano-e-dintorni\/\" title=\"Visite e tour in San Gimignano e dintorni\"><img loading=\"lazy\" decoding=\"async\" width=\"150\" height=\"150\" src=\"https:\/\/www.latoscane.net\/wp-content\/uploads\/2017\/03\/visites-guidees-tickets-sienne-150x150.jpg\" class=\"lcp_thumbnail wp-post-image\" alt=\"Visite e tour in San Gimignano e dintorni\" srcset=\"https:\/\/www.latoscane.net\/wp-content\/uploads\/2017\/03\/visites-guidees-tickets-sienne-150x150.jpg 150w, https:\/\/www.latoscane.net\/wp-content\/uploads\/2017\/03\/visites-guidees-tickets-sienne-50x50.jpg 50w, https:\/\/www.latoscane.net\/wp-content\/uploads\/2017\/03\/visites-guidees-tickets-sienne-65x65.jpg 65w\" sizes=\"(max-width: 150px) 100vw, 150px\" \/><\/a><div class=\"lcp_excerpt\">Proposte di visite guidate e attivit\u00e0 a San Gimignano e dintorni, tra cui escursioni, degustazioni, corsi di cucina, visite di citt\u00e0 e villaggi.\n\n\nNella stessa categoria\n&nbsp;\n<\/div><\/li><li><a href=\"https:\/\/www.latoscane.net\/it\/mappa-di-san-gimignano\/\">Mappa di San Gimignano<\/a><a href=\"https:\/\/www.latoscane.net\/it\/mappa-di-san-gimignano\/\" title=\"Mappa di San Gimignano\"><img loading=\"lazy\" decoding=\"async\" width=\"150\" height=\"150\" src=\"https:\/\/www.latoscane.net\/wp-content\/uploads\/2017\/03\/carte-interactive-toscane-150x150.jpg\" class=\"lcp_thumbnail wp-post-image\" alt=\"Mappa di San Gimignano\" srcset=\"https:\/\/www.latoscane.net\/wp-content\/uploads\/2017\/03\/carte-interactive-toscane-150x150.jpg 150w, https:\/\/www.latoscane.net\/wp-content\/uploads\/2017\/03\/carte-interactive-toscane-50x50.jpg 50w, https:\/\/www.latoscane.net\/wp-content\/uploads\/2017\/03\/carte-interactive-toscane-65x65.jpg 65w\" sizes=\"(max-width: 150px) 100vw, 150px\" \/><\/a><div class=\"lcp_excerpt\">\nNella stessa categoria\n<\/div><\/li><li><a href=\"https:\/\/www.latoscane.net\/it\/meteo-in-san-gimignano\/\">Meteo in San Gimignano<\/a><a href=\"https:\/\/www.latoscane.net\/it\/meteo-in-san-gimignano\/\" title=\"Meteo in San Gimignano\"><img loading=\"lazy\" decoding=\"async\" width=\"150\" height=\"120\" src=\"https:\/\/www.latoscane.net\/wp-content\/uploads\/2017\/01\/icone-meteo-toscane2-150x120.jpg\" class=\"lcp_thumbnail wp-post-image\" alt=\"Meteo in San Gimignano\" \/><\/a><div class=\"lcp_excerpt\">Il tempo attuale a San Gimignano e le previsioni per i prossimi giorni, tra cui piovosit\u00e0, temperatura o qualit\u00e0 dell&#8217;aria\nMeteo 5 giorni in San Gimignano\n\n\n\nMeteo dettagliata in San Gimignano\n\n\n\n&nbsp;\nNella stessa ...<\/div><\/li><\/ul>","protected":false},"excerpt":{"rendered":"<p>In Piazza del Duomo al centro di San Gimignani, il Palazzo Comunale (noto anche come Palazzo del Popolo o Palazzo del Podest\u00e0) fu il cuore del potere civile. Prima del XIV secolo il Podest\u00e0 della citt\u00e0 abitava nel Palazzo vecchio del Podest\u00e0 di fronte alla cattedrale.\u00c8 anche la sede principale dei Musei Comunali con splendide [&hellip;]<\/p>\n","protected":false},"author":1,"featured_media":3702,"comment_status":"open","ping_status":"open","sticky":false,"template":"","format":"standard","meta":{"_acf_changed":false,"footnotes":"","_links_to":"","_links_to_target":""},"categories":[124],"tags":[],"acf":[],"yoast_head":"<!-- This site is optimized with the Yoast SEO plugin v22.8 - https:\/\/yoast.com\/wordpress\/plugins\/seo\/ -->\n<title>Palazzo Comunale di San Gimignano e musei - Turismo<\/title>\n<meta name=\"description\" content=\"Il Palazzo Comunale di San Gimignano conta la sala Dante con i suoi cicli di affreschi sui temi cortesi e cavallereschi, e la pinacoteca\" \/>\n<meta name=\"robots\" content=\"index, follow, max-snippet:-1, max-image-preview:large, max-video-preview:-1\" \/>\n<link rel=\"canonical\" href=\"https:\/\/www.latoscane.net\/palazzo-comunale-de-san-gimignano\/\" \/>\n<meta property=\"og:locale\" content=\"it_IT\" \/>\n<meta property=\"og:type\" content=\"article\" \/>\n<meta property=\"og:title\" content=\"Palazzo Comunale di San Gimignano e musei - Turismo\" \/>\n<meta property=\"og:description\" content=\"Il Palazzo Comunale di San Gimignano conta la sala Dante con i suoi cicli di affreschi sui temi cortesi e cavallereschi, e la pinacoteca\" \/>\n<meta property=\"og:url\" content=\"https:\/\/www.latoscane.net\/palazzo-comunale-de-san-gimignano\/\" \/>\n<meta property=\"og:site_name\" content=\"LaToscane.net\" \/>\n<meta property=\"article:published_time\" content=\"2023-10-22T10:57:07+00:00\" \/>\n<meta property=\"article:modified_time\" content=\"2025-09-09T08:32:40+00:00\" \/>\n<meta property=\"og:image\" content=\"https:\/\/www.latoscane.net\/wp-content\/uploads\/2017\/03\/palazzo-comunale-san-gimignano-2081.jpg\" \/>\n\t<meta property=\"og:image:width\" content=\"1200\" \/>\n\t<meta property=\"og:image:height\" content=\"800\" \/>\n\t<meta property=\"og:image:type\" content=\"image\/jpeg\" \/>\n<meta name=\"author\" content=\"Galgano\" \/>\n<meta name=\"twitter:card\" content=\"summary_large_image\" \/>\n<meta name=\"twitter:label1\" content=\"Scritto da\" \/>\n\t<meta name=\"twitter:data1\" content=\"Galgano\" \/>\n\t<meta name=\"twitter:label2\" content=\"Tempo di lettura stimato\" \/>\n\t<meta name=\"twitter:data2\" content=\"3 minuti\" \/>\n<script type=\"application\/ld+json\" class=\"yoast-schema-graph\">{\"@context\":\"https:\/\/schema.org\",\"@graph\":[{\"@type\":\"WebPage\",\"@id\":\"https:\/\/www.latoscane.net\/palazzo-comunale-de-san-gimignano\/\",\"url\":\"https:\/\/www.latoscane.net\/palazzo-comunale-de-san-gimignano\/\",\"name\":\"Palazzo Comunale di San Gimignano e musei - Turismo\",\"isPartOf\":{\"@id\":\"https:\/\/www.latoscane.net\/#website\"},\"primaryImageOfPage\":{\"@id\":\"https:\/\/www.latoscane.net\/palazzo-comunale-de-san-gimignano\/#primaryimage\"},\"image\":{\"@id\":\"https:\/\/www.latoscane.net\/palazzo-comunale-de-san-gimignano\/#primaryimage\"},\"thumbnailUrl\":\"https:\/\/www.latoscane.net\/wp-content\/uploads\/2017\/03\/palazzo-comunale-san-gimignano-2081.jpg\",\"datePublished\":\"2023-10-22T10:57:07+00:00\",\"dateModified\":\"2025-09-09T08:32:40+00:00\",\"author\":{\"@id\":\"https:\/\/www.latoscane.net\/#\/schema\/person\/dae56e679cb6d9bdaf2b0b54b1320d42\"},\"description\":\"Il Palazzo Comunale di San Gimignano conta la sala Dante con i suoi cicli di affreschi sui temi cortesi e cavallereschi, e la pinacoteca\",\"breadcrumb\":{\"@id\":\"https:\/\/www.latoscane.net\/palazzo-comunale-de-san-gimignano\/#breadcrumb\"},\"inLanguage\":\"it-IT\",\"potentialAction\":[{\"@type\":\"ReadAction\",\"target\":[\"https:\/\/www.latoscane.net\/palazzo-comunale-de-san-gimignano\/\"]}]},{\"@type\":\"ImageObject\",\"inLanguage\":\"it-IT\",\"@id\":\"https:\/\/www.latoscane.net\/palazzo-comunale-de-san-gimignano\/#primaryimage\",\"url\":\"https:\/\/www.latoscane.net\/wp-content\/uploads\/2017\/03\/palazzo-comunale-san-gimignano-2081.jpg\",\"contentUrl\":\"https:\/\/www.latoscane.net\/wp-content\/uploads\/2017\/03\/palazzo-comunale-san-gimignano-2081.jpg\",\"width\":1200,\"height\":800,\"caption\":\"Foto del Palazzo Comunale, San Gimignano\"},{\"@type\":\"BreadcrumbList\",\"@id\":\"https:\/\/www.latoscane.net\/palazzo-comunale-de-san-gimignano\/#breadcrumb\",\"itemListElement\":[{\"@type\":\"ListItem\",\"position\":1,\"name\":\"Accueil\",\"item\":\"https:\/\/www.latoscane.net\/it\/\"},{\"@type\":\"ListItem\",\"position\":2,\"name\":\"Palazzo Comunale di San Gimignano e musei\"}]},{\"@type\":\"WebSite\",\"@id\":\"https:\/\/www.latoscane.net\/#website\",\"url\":\"https:\/\/www.latoscane.net\/\",\"name\":\"LaToscane.net\",\"description\":\"Visita della regione Toscana\",\"potentialAction\":[{\"@type\":\"SearchAction\",\"target\":{\"@type\":\"EntryPoint\",\"urlTemplate\":\"https:\/\/www.latoscane.net\/?s={search_term_string}\"},\"query-input\":\"required name=search_term_string\"}],\"inLanguage\":\"it-IT\"},{\"@type\":\"Person\",\"@id\":\"https:\/\/www.latoscane.net\/#\/schema\/person\/dae56e679cb6d9bdaf2b0b54b1320d42\",\"name\":\"Galgano\",\"url\":\"https:\/\/www.latoscane.net\/it\/author\/will\/\"}]}<\/script>\n<!-- \/ Yoast SEO plugin. -->","yoast_head_json":{"title":"Palazzo Comunale di San Gimignano e musei - Turismo","description":"Il Palazzo Comunale di San Gimignano conta la sala Dante con i suoi cicli di affreschi sui temi cortesi e cavallereschi, e la pinacoteca","robots":{"index":"index","follow":"follow","max-snippet":"max-snippet:-1","max-image-preview":"max-image-preview:large","max-video-preview":"max-video-preview:-1"},"canonical":"https:\/\/www.latoscane.net\/palazzo-comunale-de-san-gimignano\/","og_locale":"it_IT","og_type":"article","og_title":"Palazzo Comunale di San Gimignano e musei - Turismo","og_description":"Il Palazzo Comunale di San Gimignano conta la sala Dante con i suoi cicli di affreschi sui temi cortesi e cavallereschi, e la pinacoteca","og_url":"https:\/\/www.latoscane.net\/palazzo-comunale-de-san-gimignano\/","og_site_name":"LaToscane.net","article_published_time":"2023-10-22T10:57:07+00:00","article_modified_time":"2025-09-09T08:32:40+00:00","og_image":[{"width":1200,"height":800,"url":"https:\/\/www.latoscane.net\/wp-content\/uploads\/2017\/03\/palazzo-comunale-san-gimignano-2081.jpg","type":"image\/jpeg"}],"author":"Galgano","twitter_card":"summary_large_image","twitter_misc":{"Scritto da":"Galgano","Tempo di lettura stimato":"3 minuti"},"schema":{"@context":"https:\/\/schema.org","@graph":[{"@type":"WebPage","@id":"https:\/\/www.latoscane.net\/palazzo-comunale-de-san-gimignano\/","url":"https:\/\/www.latoscane.net\/palazzo-comunale-de-san-gimignano\/","name":"Palazzo Comunale di San Gimignano e musei - Turismo","isPartOf":{"@id":"https:\/\/www.latoscane.net\/#website"},"primaryImageOfPage":{"@id":"https:\/\/www.latoscane.net\/palazzo-comunale-de-san-gimignano\/#primaryimage"},"image":{"@id":"https:\/\/www.latoscane.net\/palazzo-comunale-de-san-gimignano\/#primaryimage"},"thumbnailUrl":"https:\/\/www.latoscane.net\/wp-content\/uploads\/2017\/03\/palazzo-comunale-san-gimignano-2081.jpg","datePublished":"2023-10-22T10:57:07+00:00","dateModified":"2025-09-09T08:32:40+00:00","author":{"@id":"https:\/\/www.latoscane.net\/#\/schema\/person\/dae56e679cb6d9bdaf2b0b54b1320d42"},"description":"Il Palazzo Comunale di San Gimignano conta la sala Dante con i suoi cicli di affreschi sui temi cortesi e cavallereschi, e la pinacoteca","breadcrumb":{"@id":"https:\/\/www.latoscane.net\/palazzo-comunale-de-san-gimignano\/#breadcrumb"},"inLanguage":"it-IT","potentialAction":[{"@type":"ReadAction","target":["https:\/\/www.latoscane.net\/palazzo-comunale-de-san-gimignano\/"]}]},{"@type":"ImageObject","inLanguage":"it-IT","@id":"https:\/\/www.latoscane.net\/palazzo-comunale-de-san-gimignano\/#primaryimage","url":"https:\/\/www.latoscane.net\/wp-content\/uploads\/2017\/03\/palazzo-comunale-san-gimignano-2081.jpg","contentUrl":"https:\/\/www.latoscane.net\/wp-content\/uploads\/2017\/03\/palazzo-comunale-san-gimignano-2081.jpg","width":1200,"height":800,"caption":"Foto del Palazzo Comunale, San Gimignano"},{"@type":"BreadcrumbList","@id":"https:\/\/www.latoscane.net\/palazzo-comunale-de-san-gimignano\/#breadcrumb","itemListElement":[{"@type":"ListItem","position":1,"name":"Accueil","item":"https:\/\/www.latoscane.net\/it\/"},{"@type":"ListItem","position":2,"name":"Palazzo Comunale di San Gimignano e musei"}]},{"@type":"WebSite","@id":"https:\/\/www.latoscane.net\/#website","url":"https:\/\/www.latoscane.net\/","name":"LaToscane.net","description":"Visita della regione Toscana","potentialAction":[{"@type":"SearchAction","target":{"@type":"EntryPoint","urlTemplate":"https:\/\/www.latoscane.net\/?s={search_term_string}"},"query-input":"required name=search_term_string"}],"inLanguage":"it-IT"},{"@type":"Person","@id":"https:\/\/www.latoscane.net\/#\/schema\/person\/dae56e679cb6d9bdaf2b0b54b1320d42","name":"Galgano","url":"https:\/\/www.latoscane.net\/it\/author\/will\/"}]}},"_links":{"self":[{"href":"https:\/\/www.latoscane.net\/it\/wp-json\/wp\/v2\/posts\/10653"}],"collection":[{"href":"https:\/\/www.latoscane.net\/it\/wp-json\/wp\/v2\/posts"}],"about":[{"href":"https:\/\/www.latoscane.net\/it\/wp-json\/wp\/v2\/types\/post"}],"author":[{"embeddable":true,"href":"https:\/\/www.latoscane.net\/it\/wp-json\/wp\/v2\/users\/1"}],"replies":[{"embeddable":true,"href":"https:\/\/www.latoscane.net\/it\/wp-json\/wp\/v2\/comments?post=10653"}],"version-history":[{"count":3,"href":"https:\/\/www.latoscane.net\/it\/wp-json\/wp\/v2\/posts\/10653\/revisions"}],"predecessor-version":[{"id":13895,"href":"https:\/\/www.latoscane.net\/it\/wp-json\/wp\/v2\/posts\/10653\/revisions\/13895"}],"wp:featuredmedia":[{"embeddable":true,"href":"https:\/\/www.latoscane.net\/it\/wp-json\/wp\/v2\/media\/3702"}],"wp:attachment":[{"href":"https:\/\/www.latoscane.net\/it\/wp-json\/wp\/v2\/media?parent=10653"}],"wp:term":[{"taxonomy":"category","embeddable":true,"href":"https:\/\/www.latoscane.net\/it\/wp-json\/wp\/v2\/categories?post=10653"},{"taxonomy":"post_tag","embeddable":true,"href":"https:\/\/www.latoscane.net\/it\/wp-json\/wp\/v2\/tags?post=10653"}],"curies":[{"name":"wp","href":"https:\/\/api.w.org\/{rel}","templated":true}]}}