{"id":10716,"date":"2023-01-05T09:36:09","date_gmt":"2023-01-05T08:36:09","guid":{"rendered":"https:\/\/www.latoscane.net\/santa-maria-della-scala-di-siena\/"},"modified":"2025-09-09T10:38:06","modified_gmt":"2025-09-09T08:38:06","slug":"santa-maria-della-scala-di-siena","status":"publish","type":"post","link":"https:\/\/www.latoscane.net\/it\/santa-maria-della-scala-di-siena\/","title":{"rendered":"Santa Maria della Scala di Siena"},"content":{"rendered":"\n<p>L&#8217;antico ospedale per pellegrini,<strong> Santa Maria della Scala<\/strong>, ospita un vasto e ricco complesso museale di Siena che si estende su 19.000 mq. \u00c8 una tappa essenziale per scoprire appieno la citt\u00e0, situata di fronte alla cattedrale. \u00c8 considerato il terzo polo artistico della citt\u00e0 dopo il <a href=\"https:\/\/www.latoscane.net\/it\/duomo-di-siena\/\">Duomo<\/a> e il <a href=\"https:\/\/www.latoscane.net\/it\/palazzo-pubblico-di-siena\/\">Palazzo Pubblico<\/a>.<br \/>La costruzione di questo ospedale si svolse dal XII al XV secolo, diventando il pi\u00f9 vasto e importante ospedale situato lungo la via Francigena che offriva ospitalit\u00e0 e cura ai pellegrini sulla strada per Roma. Accoglieva anche i poveri e i bambini abbandonati.<br \/>L&#8217;attivit\u00e0 ospedaliera vi \u00e8 proseguita fino al 1995, prima di essere riabilitata (il restauro \u00e8 ancora in corso) e convertita in spazio museale.<br \/>Si scoprono splendidi spazi, tra cui la spettacolare Sala dei Pellegrini (<strong>Pellegrinaio<\/strong>) con i suoi affreschi del XV secolo, diverse chiese, oratori, il favoloso tesoro dell&#8217;ospedale, cos\u00ec come il Museo Archeologico che documenta l&#8217;occupazione del territorio da parte degli etruschi e dei romani, fino al Rinascimento passando per l&#8217;importante medioevo con la dependance del Museo della storia di Siena.<\/p>\n\n\n<figure class=\"wp-block-gallery has-nested-images columns-default is-cropped wp-block-gallery-2 is-layout-flex wp-block-gallery-is-layout-flex\">\n<figure class=\"wp-block-image size-medium\"><a href=\"https:\/\/www.latoscane.net\/wp-content\/uploads\/2024\/07\/santa-maria-della-scala-2189-300x200.jpg\"><img loading=\"lazy\" decoding=\"async\" width=\"300\" height=\"200\" data-id=\"4368\" src=\"https:\/\/www.latoscane.net\/wp-content\/uploads\/2024\/07\/santa-maria-della-scala-2189-300x200.jpg\" alt=\"Foto dell'esterno di Santa Maria della Scala, Piazza del Duomo, Siena\" class=\"wp-image-4368\" srcset=\"https:\/\/www.latoscane.net\/wp-content\/uploads\/2024\/07\/santa-maria-della-scala-2189-300x200.jpg 300w, https:\/\/www.latoscane.net\/wp-content\/uploads\/2024\/07\/santa-maria-della-scala-2189-1024x683.jpg 1024w, https:\/\/www.latoscane.net\/wp-content\/uploads\/2024\/07\/santa-maria-della-scala-2189-768x512.jpg 768w, https:\/\/www.latoscane.net\/wp-content\/uploads\/2024\/07\/santa-maria-della-scala-2189.jpg 1200w\" sizes=\"(max-width: 300px) 100vw, 300px\" \/><\/a><figcaption class=\"wp-element-caption\">L&#8217;Ospedale dalla Piazza Duomo<\/figcaption><\/figure>\n\n\n\n<figure class=\"wp-block-image size-medium\"><a href=\"https:\/\/www.latoscane.net\/wp-content\/uploads\/2024\/07\/stemma-santa-maria-della-scala-2270-300x200.jpg\"><img loading=\"lazy\" decoding=\"async\" width=\"300\" height=\"200\" data-id=\"4371\" src=\"https:\/\/www.latoscane.net\/wp-content\/uploads\/2024\/07\/stemma-santa-maria-della-scala-2270-300x200.jpg\" alt=\"Foto della stemma di Santa Maria della Scala, Siena\" class=\"wp-image-4371\" srcset=\"https:\/\/www.latoscane.net\/wp-content\/uploads\/2024\/07\/stemma-santa-maria-della-scala-2270-300x200.jpg 300w, https:\/\/www.latoscane.net\/wp-content\/uploads\/2024\/07\/stemma-santa-maria-della-scala-2270-1024x683.jpg 1024w, https:\/\/www.latoscane.net\/wp-content\/uploads\/2024\/07\/stemma-santa-maria-della-scala-2270-768x512.jpg 768w, https:\/\/www.latoscane.net\/wp-content\/uploads\/2024\/07\/stemma-santa-maria-della-scala-2270.jpg 1200w\" sizes=\"(max-width: 300px) 100vw, 300px\" \/><\/a><figcaption class=\"wp-element-caption\">Stemma<\/figcaption><\/figure>\n\n\n\n<figure class=\"wp-block-image size-medium\"><a href=\"https:\/\/www.latoscane.net\/wp-content\/uploads\/2024\/07\/esterno-santa-maria-della-scala-2383-300x200.jpg\"><img loading=\"lazy\" decoding=\"async\" width=\"300\" height=\"200\" data-id=\"4374\" src=\"https:\/\/www.latoscane.net\/wp-content\/uploads\/2024\/07\/esterno-santa-maria-della-scala-2383-300x200.jpg\" alt=\"Foto dell'esterno di Santa Maria della Scala\" class=\"wp-image-4374\" srcset=\"https:\/\/www.latoscane.net\/wp-content\/uploads\/2024\/07\/esterno-santa-maria-della-scala-2383-300x200.jpg 300w, https:\/\/www.latoscane.net\/wp-content\/uploads\/2024\/07\/esterno-santa-maria-della-scala-2383-1024x683.jpg 1024w, https:\/\/www.latoscane.net\/wp-content\/uploads\/2024\/07\/esterno-santa-maria-della-scala-2383-768x512.jpg 768w, https:\/\/www.latoscane.net\/wp-content\/uploads\/2024\/07\/esterno-santa-maria-della-scala-2383.jpg 1200w\" sizes=\"(max-width: 300px) 100vw, 300px\" \/><\/a><figcaption class=\"wp-element-caption\">Veduta dal Fosso Sant&#8217;Ansano<\/figcaption><\/figure>\n<\/figure>\n\n\n<p>L&#8217;ospedale \u00e8 organizzato su pi\u00f9 livelli, il pi\u00f9 alto corrispondente al piano terra che si affaccia su Piazza Duomo lato est, mentre il pi\u00f9 basso sul lato ovest si affaccia su via del Fosso Sant&#8217;Ansano.<\/p>\n<ul>\n<li>4o livello (sagrato del Duomo): Cappella delle Donne, Chiesa Santissima Annunziata, Antica Sagrestia, Palazzo Squarcialupi, Cappella della Madonna, Cappella del Manto<\/li>\n<li>3o livello: Corticella e i suoi magazzini, il Fienile dove \u00e8 conservata la Fonte Gaia di Jacopo della Quercia, le sedi di due confraternite laiche (ancora attive): la Compagnia dei disciplinati sotto il volte e la Compagnia di Santa Caterina della Notte, il Tesoro di Santa Maria della Scala<\/li>\n<li>secondo livello: non accessibile<\/li>\n<li>1o livello: il Museo Archeologico e Museo di Siena, l&#8217;oratorio della Compagnia di Santa Maria sotto le Volte, la via coperta del Chiasso di Sant&#8217;Ansano.<\/li>\n<\/ul>\n<h2>Cappella delle Donne e Cappella della Vergine<\/h2>\n<p>Il <strong>Pellegrinaio delle Donne<\/strong>, o Cappella delle Donne, fu costruita nel 1338 come infermeria dell&#8217;ospedale per le pellegrine. Conserva elementi dell&#8217;affresco della prima quindicesima Trinit\u00e0 dei Santi Filippo e Lorenzo di Martino di Bartolomeo, nonch\u00e9 elementi di una <em>Madonna della Misericordia di Andrea di Bartolo<\/em>.<\/p>\n<p>Edificata intorno al 1680, la <strong>Cappella della Madonna<\/strong> conserva un ciclo settecentesco dedicato alla Vergine dipinta da Giuseppe Nicola Nasini; sull&#8217;altare maggiore una tela del primo Quattrocento del pittore senese Paolo di Giovanni Fei che rappresenta la Madonna col Bambino circondata da sette angeli; la pala d&#8217;altare con il <em>Massacro degli Innocenti<\/em> di Matteo di Giovanni (1482), ecc.<\/p>\n<h2>Antica Sagrestia e tesoro<\/h2>\n<p>Adiacente alla chiesa, questa sacrestia doveva ospitare le preziose reliquie acquistate dall&#8217;ospedale di Venezia nel 1359, tra cui un Santo Chiodo della Croce, opere in metalli e pietre preziose di grande valore storico-artistico.<br \/>La volta e le pareti sono state affrescate a met\u00e0 del XV secolo da Lorenzo Vecchietta, sulle volte di cui il Cristo tra quattro evangelisti e profeti, sulle pareti riferimenti al Credo, o riferimenti al Nuovo e Vecchio Testamento.<br \/>Ospita anche il famoso affresco di Domenico di Bartolo del 1444 che rappresenta la Madonna della Misericordia o Madonna del Manto, trasferita qui nel 1610.<\/p>\n\n\n<figure class=\"wp-block-gallery has-nested-images columns-3 is-cropped wp-block-gallery-3 is-layout-flex wp-block-gallery-is-layout-flex\">\n<figure class=\"wp-block-image size-medium\"><a href=\"https:\/\/www.latoscane.net\/wp-content\/uploads\/2017\/02\/crocifissione-e-madonna-della-misericordia-andrea-di-bartolo-2272-300x200.jpg\"><img loading=\"lazy\" decoding=\"async\" width=\"300\" height=\"200\" data-id=\"4514\" src=\"https:\/\/www.latoscane.net\/wp-content\/uploads\/2017\/02\/crocifissione-e-madonna-della-misericordia-andrea-di-bartolo-2272-300x200.jpg\" alt=\"Crocifissione e Madonna della Misericordia di Andrea di Bartolo, Cappella delle Donne, Santa Maria della Scala\" class=\"wp-image-4514\" srcset=\"https:\/\/www.latoscane.net\/wp-content\/uploads\/2017\/02\/crocifissione-e-madonna-della-misericordia-andrea-di-bartolo-2272-300x200.jpg 300w, https:\/\/www.latoscane.net\/wp-content\/uploads\/2017\/02\/crocifissione-e-madonna-della-misericordia-andrea-di-bartolo-2272-1024x683.jpg 1024w, https:\/\/www.latoscane.net\/wp-content\/uploads\/2017\/02\/crocifissione-e-madonna-della-misericordia-andrea-di-bartolo-2272-768x512.jpg 768w, https:\/\/www.latoscane.net\/wp-content\/uploads\/2017\/02\/crocifissione-e-madonna-della-misericordia-andrea-di-bartolo-2272.jpg 1200w\" sizes=\"(max-width: 300px) 100vw, 300px\" \/><\/a><figcaption class=\"wp-element-caption\">Crocifissione e Madonna della Misericordia (A. di Bartolo), Cappella delle Donne<\/figcaption><\/figure>\n\n\n\n<figure class=\"wp-block-image size-medium\"><a href=\"https:\/\/www.latoscane.net\/wp-content\/uploads\/2017\/02\/cappella-della-madonna-santa-maria-della-scala-2290-200x300.jpg\"><img loading=\"lazy\" decoding=\"async\" width=\"200\" height=\"300\" data-id=\"4510\" src=\"https:\/\/www.latoscane.net\/wp-content\/uploads\/2017\/02\/cappella-della-madonna-santa-maria-della-scala-2290-200x300.jpg\" alt=\"Foto della Madonna col bambino con sei angeli di Paolo di Giovanni Fei, Cappella della Madonna, Santa Maria della Scala\" class=\"wp-image-4510\" srcset=\"https:\/\/www.latoscane.net\/wp-content\/uploads\/2017\/02\/cappella-della-madonna-santa-maria-della-scala-2290-200x300.jpg 200w, https:\/\/www.latoscane.net\/wp-content\/uploads\/2017\/02\/cappella-della-madonna-santa-maria-della-scala-2290-683x1024.jpg 683w, https:\/\/www.latoscane.net\/wp-content\/uploads\/2017\/02\/cappella-della-madonna-santa-maria-della-scala-2290-768x1152.jpg 768w, https:\/\/www.latoscane.net\/wp-content\/uploads\/2017\/02\/cappella-della-madonna-santa-maria-della-scala-2290.jpg 800w\" sizes=\"(max-width: 200px) 100vw, 200px\" \/><\/a><figcaption class=\"wp-element-caption\">Madonna col bambino (Paolo di Giovanni Fei), Cappella della Madonna<\/figcaption><\/figure>\n\n\n\n<figure class=\"wp-block-image size-medium\"><a href=\"https:\/\/www.latoscane.net\/wp-content\/uploads\/2024\/07\/vecchia-sagrestia-santa-maria-della-scala-2274-200x300.jpg\"><img loading=\"lazy\" decoding=\"async\" width=\"200\" height=\"300\" data-id=\"4383\" src=\"https:\/\/www.latoscane.net\/wp-content\/uploads\/2024\/07\/vecchia-sagrestia-santa-maria-della-scala-2274-200x300.jpg\" alt=\"Foto dell'antica sagrestia, santa maria della scala, Sienne\" class=\"wp-image-4383\" srcset=\"https:\/\/www.latoscane.net\/wp-content\/uploads\/2024\/07\/vecchia-sagrestia-santa-maria-della-scala-2274-200x300.jpg 200w, https:\/\/www.latoscane.net\/wp-content\/uploads\/2024\/07\/vecchia-sagrestia-santa-maria-della-scala-2274-683x1024.jpg 683w, https:\/\/www.latoscane.net\/wp-content\/uploads\/2024\/07\/vecchia-sagrestia-santa-maria-della-scala-2274-768x1152.jpg 768w, https:\/\/www.latoscane.net\/wp-content\/uploads\/2024\/07\/vecchia-sagrestia-santa-maria-della-scala-2274.jpg 800w\" sizes=\"(max-width: 200px) 100vw, 200px\" \/><\/a><figcaption class=\"wp-element-caption\">Antica sagrestia<\/figcaption><\/figure>\n\n\n\n<figure class=\"wp-block-image size-medium\"><a href=\"https:\/\/www.latoscane.net\/wp-content\/uploads\/2024\/07\/di-bartolo-madonna-della-misericordia-vecchia-sagrestia-santa-maria-scala-2277-300x200.jpg\"><img loading=\"lazy\" decoding=\"async\" width=\"300\" height=\"200\" data-id=\"4380\" src=\"https:\/\/www.latoscane.net\/wp-content\/uploads\/2024\/07\/di-bartolo-madonna-della-misericordia-vecchia-sagrestia-santa-maria-scala-2277-300x200.jpg\" alt=\"Foto dell'affresco della Madonna della Misericordia, di Bartolo, antica sagrestia, santa maria della scala, Siena\" class=\"wp-image-4380\" srcset=\"https:\/\/www.latoscane.net\/wp-content\/uploads\/2024\/07\/di-bartolo-madonna-della-misericordia-vecchia-sagrestia-santa-maria-scala-2277-300x200.jpg 300w, https:\/\/www.latoscane.net\/wp-content\/uploads\/2024\/07\/di-bartolo-madonna-della-misericordia-vecchia-sagrestia-santa-maria-scala-2277-1024x683.jpg 1024w, https:\/\/www.latoscane.net\/wp-content\/uploads\/2024\/07\/di-bartolo-madonna-della-misericordia-vecchia-sagrestia-santa-maria-scala-2277-768x512.jpg 768w, https:\/\/www.latoscane.net\/wp-content\/uploads\/2024\/07\/di-bartolo-madonna-della-misericordia-vecchia-sagrestia-santa-maria-scala-2277.jpg 1200w\" sizes=\"(max-width: 300px) 100vw, 300px\" \/><\/a><figcaption class=\"wp-element-caption\">Madonna del Manto (di Bartolo), Antica sagrestia<\/figcaption><\/figure>\n\n\n\n<figure class=\"wp-block-image size-medium\"><a href=\"https:\/\/www.latoscane.net\/wp-content\/uploads\/2024\/07\/vecchietta-dottori-della-chiesa-vecchia-sagrestia-siena-2273-200x300.jpg\"><img loading=\"lazy\" decoding=\"async\" width=\"200\" height=\"300\" data-id=\"4386\" src=\"https:\/\/www.latoscane.net\/wp-content\/uploads\/2024\/07\/vecchietta-dottori-della-chiesa-vecchia-sagrestia-siena-2273-200x300.jpg\" alt=\"Foto degli affreschi dei Dottori della Chiesa (le Vecchietta), Antica sagrestia, Santa Maria della Scala, Siena\" class=\"wp-image-4386\" srcset=\"https:\/\/www.latoscane.net\/wp-content\/uploads\/2024\/07\/vecchietta-dottori-della-chiesa-vecchia-sagrestia-siena-2273-200x300.jpg 200w, https:\/\/www.latoscane.net\/wp-content\/uploads\/2024\/07\/vecchietta-dottori-della-chiesa-vecchia-sagrestia-siena-2273-683x1024.jpg 683w, https:\/\/www.latoscane.net\/wp-content\/uploads\/2024\/07\/vecchietta-dottori-della-chiesa-vecchia-sagrestia-siena-2273-768x1152.jpg 768w, https:\/\/www.latoscane.net\/wp-content\/uploads\/2024\/07\/vecchietta-dottori-della-chiesa-vecchia-sagrestia-siena-2273.jpg 800w\" sizes=\"(max-width: 200px) 100vw, 200px\" \/><\/a><figcaption class=\"wp-element-caption\">Dottori della Chiesa (le Vecchietta), Antica sagrestia<\/figcaption><\/figure>\n\n\n\n<figure class=\"wp-block-image size-medium\"><a href=\"https:\/\/www.latoscane.net\/wp-content\/uploads\/2024\/07\/affreschi-vecchia-sagrestia-santa-maria-della-scala-2280-300x200.jpg\"><img loading=\"lazy\" decoding=\"async\" width=\"300\" height=\"200\" data-id=\"4377\" src=\"https:\/\/www.latoscane.net\/wp-content\/uploads\/2024\/07\/affreschi-vecchia-sagrestia-santa-maria-della-scala-2280-300x200.jpg\" alt=\"Foto di affresco nell'antica sagrestia, santa maria della scala, Siena\" class=\"wp-image-4377\" srcset=\"https:\/\/www.latoscane.net\/wp-content\/uploads\/2024\/07\/affreschi-vecchia-sagrestia-santa-maria-della-scala-2280-300x200.jpg 300w, https:\/\/www.latoscane.net\/wp-content\/uploads\/2024\/07\/affreschi-vecchia-sagrestia-santa-maria-della-scala-2280-1024x683.jpg 1024w, https:\/\/www.latoscane.net\/wp-content\/uploads\/2024\/07\/affreschi-vecchia-sagrestia-santa-maria-della-scala-2280-768x512.jpg 768w, https:\/\/www.latoscane.net\/wp-content\/uploads\/2024\/07\/affreschi-vecchia-sagrestia-santa-maria-della-scala-2280.jpg 1200w\" sizes=\"(max-width: 300px) 100vw, 300px\" \/><\/a><figcaption class=\"wp-element-caption\">Antica sagrestia<\/figcaption><\/figure>\n<\/figure>\n\n\n<p>Il <strong>Tesoro di Santa Maria della Scala<\/strong> \u00e8 stato spostato nell&#8217;Antica Sagrestia recentemente dai magazzini della Corticella, con importanti reliquie in oro, argento e pietre preziose provenienti dalla cappella imperiale di Costantinopoli, acquistato nel 1359 dal mercante fiorentino Pietro di Giunta Torrigiani, poi dall&#8217;ospedale per 3.000 fiorini (di cui costruire un palazzo nel centro di Siena all&#8217;epoca). Citiamo ad esempio il reliquiario con il sacro chiodo della croce appartenuto all&#8217;imperatore Costantino, rimaneggiato alla fine del XIV secolo da un orafo senese. Figura anche un Evangelico monumentale, composto da 318 fogli di pergamena decorati, con miniature del fine XI secolo realizzate a Costantinopoli, il Reliquiario di Santa Cristina del XV, ecc.<\/p>\n\n\n<figure class=\"wp-block-gallery has-nested-images columns-4 is-cropped wp-block-gallery-4 is-layout-flex wp-block-gallery-is-layout-flex\">\n<figure class=\"wp-block-image size-medium\"><a href=\"https:\/\/www.latoscane.net\/wp-content\/uploads\/2017\/03\/monumentale-evangelario-tesoro-santa-maria-della-scala-2277-300x200.jpg\"><img loading=\"lazy\" decoding=\"async\" width=\"300\" height=\"200\" data-id=\"4391\" src=\"https:\/\/www.latoscane.net\/wp-content\/uploads\/2017\/03\/monumentale-evangelario-tesoro-santa-maria-della-scala-2277-300x200.jpg\" alt=\"Foto dell'evangelario, tesoro, santa maria della scala, Siena\" class=\"wp-image-4391\" srcset=\"https:\/\/www.latoscane.net\/wp-content\/uploads\/2017\/03\/monumentale-evangelario-tesoro-santa-maria-della-scala-2277-300x200.jpg 300w, https:\/\/www.latoscane.net\/wp-content\/uploads\/2017\/03\/monumentale-evangelario-tesoro-santa-maria-della-scala-2277-1024x683.jpg 1024w, https:\/\/www.latoscane.net\/wp-content\/uploads\/2017\/03\/monumentale-evangelario-tesoro-santa-maria-della-scala-2277-768x512.jpg 768w, https:\/\/www.latoscane.net\/wp-content\/uploads\/2017\/03\/monumentale-evangelario-tesoro-santa-maria-della-scala-2277.jpg 1200w\" sizes=\"(max-width: 300px) 100vw, 300px\" \/><\/a><figcaption class=\"wp-element-caption\">Evangelario del tesoro<\/figcaption><\/figure>\n\n\n\n<figure class=\"wp-block-image size-medium\"><a href=\"https:\/\/www.latoscane.net\/wp-content\/uploads\/2017\/03\/reliquiario-di-santa-cristina-inizio-xv-tesoro-2279-300x200.jpg\"><img loading=\"lazy\" decoding=\"async\" width=\"300\" height=\"200\" data-id=\"4394\" src=\"https:\/\/www.latoscane.net\/wp-content\/uploads\/2017\/03\/reliquiario-di-santa-cristina-inizio-xv-tesoro-2279-300x200.jpg\" alt=\"Foto del reliquario di Santa Cristina, inizio XV, tesoro, santa maria della scala, Siena\" class=\"wp-image-4394\" srcset=\"https:\/\/www.latoscane.net\/wp-content\/uploads\/2017\/03\/reliquiario-di-santa-cristina-inizio-xv-tesoro-2279-300x200.jpg 300w, https:\/\/www.latoscane.net\/wp-content\/uploads\/2017\/03\/reliquiario-di-santa-cristina-inizio-xv-tesoro-2279-1024x683.jpg 1024w, https:\/\/www.latoscane.net\/wp-content\/uploads\/2017\/03\/reliquiario-di-santa-cristina-inizio-xv-tesoro-2279-768x512.jpg 768w, https:\/\/www.latoscane.net\/wp-content\/uploads\/2017\/03\/reliquiario-di-santa-cristina-inizio-xv-tesoro-2279.jpg 1200w\" sizes=\"(max-width: 300px) 100vw, 300px\" \/><\/a><figcaption class=\"wp-element-caption\">Reliquario di Santa Cristina<\/figcaption><\/figure>\n\n\n\n<figure class=\"wp-block-image size-medium\"><a href=\"https:\/\/www.latoscane.net\/wp-content\/uploads\/2017\/03\/tesoro-santa-maria-della-scala-2283-300x200.jpg\"><img loading=\"lazy\" decoding=\"async\" width=\"300\" height=\"200\" data-id=\"4397\" src=\"https:\/\/www.latoscane.net\/wp-content\/uploads\/2017\/03\/tesoro-santa-maria-della-scala-2283-300x200.jpg\" alt=\"Foto del tesoro, santa maria della scala, Siena\" class=\"wp-image-4397\" srcset=\"https:\/\/www.latoscane.net\/wp-content\/uploads\/2017\/03\/tesoro-santa-maria-della-scala-2283-300x200.jpg 300w, https:\/\/www.latoscane.net\/wp-content\/uploads\/2017\/03\/tesoro-santa-maria-della-scala-2283-1024x683.jpg 1024w, https:\/\/www.latoscane.net\/wp-content\/uploads\/2017\/03\/tesoro-santa-maria-della-scala-2283-768x512.jpg 768w, https:\/\/www.latoscane.net\/wp-content\/uploads\/2017\/03\/tesoro-santa-maria-della-scala-2283.jpg 1200w\" sizes=\"(max-width: 300px) 100vw, 300px\" \/><\/a><\/figure>\n<\/figure>\n\n\n<h2>Santissima Annunziata e Cappella delle reliquie<\/h2>\n<p>Prima cappella risalente almeno all&#8217;XI secolo, la <strong>chiesa della Santissima Annunziata<\/strong> fu costruita nel 1257, trasformata nel XV secolo da Guidoccio di Andrea. L&#8217;altare maggiore in marmo risale alla fine del Seicento, con il bellissimo Cristo in bronzo di Lorenzo Vecchietta (1476). L&#8217;abside fu decorata nel XVIII secolo da Sebastiano Conca con la Piscina di Bethesda del vangelo di Giovanni.<br \/>Uscendo dalla chiesa, si trova l&#8217;atrio con ingresso principale fino all&#8217;Ottocento, un soffitto rinascimentale e numerose lapidi, il grande sepolcro dei rettori voluto da Agostino Chigi con 44 pannelli rectoristici con nomi e armi dei rettori.<\/p>\n<p>Chiamata anche Cappella del Manto, la <strong>Cappella delle Reliquie<\/strong> risale alla seconda met\u00e0 del XIV secolo. Prima della Sacrestia antica, essa accolse le reliquie acquistate nel 1359. I travetti della cappella sono divisi da archi incrociati. Conserva opere del XIV-XVI secolo tra cui due importanti opere di Domenico Beccafumi come in una lunetta l&#8217;affresco dell&#8217;<em>Incontro alla Porta d&#8217;Oro<\/em>. Di fronte si trova una panoramica della citt\u00e0 di Roma.<\/p>\n<h2>Sala dei Pellegrini o Pellegrinaio<\/h2>\n<p>Il <strong>Pellegrinaio<\/strong>, la Sala dei Pellegrini, \u00e8 probabilmente la pi\u00f9 interessante del museo. Questa sala fu costruita nel 1320-30 con una volta incrociata all&#8217;inizio del XV secolo e soprattutto uno straordinario ciclo di grandi affreschi del 1440-44, ai quali contribu\u00ec principalmente <strong>Domenico di Bartolo<\/strong>. Esaltano la missione dell&#8217;ospedale, tra cui la distribuzione di elemosine o l&#8217;accoglienza degli orfani. Oltre alla loro qualit\u00e0 e originalit\u00e0, costituiscono una testimonianza iconografica unica in Europa sulla vita ospedaliera e quotidiana dell&#8217;epoca, con descrizioni di costumi, oggetti comuni, ecc.<\/p>\n<ul>\n<li>Lorenzo Vecchietta,\u00a0<em>Storia del Beato Sorore<\/em> (1441)<\/li>\n<li>Dominique de Bartolo,\u00a0<em>Elemosina del vescovo<\/em> (1442-1443)<\/li>\n<li>Priamo della Quercia,\u00a0<em>Investitura del rettore dell&#8217;ospedale<\/em> (1442)<\/li>\n<li>Dominique de Bartolo,\u00a0<em>Celestino III concede privilegi di autonomia all&#8217;ospedale<\/em> (1442)<\/li>\n<li>Pierre d\u2019Achille Crogi et Jean de Raffaele Navesi,\u00a0<em>Pagamento dei baliatici con il denaro<\/em> (1575-1577)<\/li>\n<li>Dominique de Bartolo,\u00a0<em>Governo e cura degli infermi<\/em> (1440-1441)<\/li>\n<li>Dominique de Bartolo,\u00a0<em>Distribuzione delle elemosine<\/em> (1441)<\/li>\n<li>Dominique de Bartolo,\u00a0<em>Accoglienza, educazione e matrimonio di una figlia dello spedale<\/em> (1441-1442)<\/li>\n<li>Dominique de Bartolo,\u00a0<em>Pranzo dei poveri<\/em> (1443-1444)<\/li>\n<\/ul>\n\n\n<figure class=\"wp-block-gallery has-nested-images columns-default is-cropped wp-block-gallery-5 is-layout-flex wp-block-gallery-is-layout-flex\">\n<figure class=\"wp-block-image size-medium\"><a href=\"https:\/\/www.latoscane.net\/wp-content\/uploads\/2017\/03\/di-bartolo-costruzione-delle-mura-dello-spedale-pellegrinaio-santa-maria-della-scala-siena-2297-300x200.jpg\"><img loading=\"lazy\" decoding=\"async\" width=\"300\" height=\"200\" data-id=\"4404\" src=\"https:\/\/www.latoscane.net\/wp-content\/uploads\/2017\/03\/di-bartolo-costruzione-delle-mura-dello-spedale-pellegrinaio-santa-maria-della-scala-siena-2297-300x200.jpg\" alt=\"Foto degli affreschi di di Bartolo, Pellegrinaio, Santa Maria della Scala, Siena\" class=\"wp-image-4404\" srcset=\"https:\/\/www.latoscane.net\/wp-content\/uploads\/2017\/03\/di-bartolo-costruzione-delle-mura-dello-spedale-pellegrinaio-santa-maria-della-scala-siena-2297-300x200.jpg 300w, https:\/\/www.latoscane.net\/wp-content\/uploads\/2017\/03\/di-bartolo-costruzione-delle-mura-dello-spedale-pellegrinaio-santa-maria-della-scala-siena-2297-1024x683.jpg 1024w, https:\/\/www.latoscane.net\/wp-content\/uploads\/2017\/03\/di-bartolo-costruzione-delle-mura-dello-spedale-pellegrinaio-santa-maria-della-scala-siena-2297-768x512.jpg 768w, https:\/\/www.latoscane.net\/wp-content\/uploads\/2017\/03\/di-bartolo-costruzione-delle-mura-dello-spedale-pellegrinaio-santa-maria-della-scala-siena-2297.jpg 1200w\" sizes=\"(max-width: 300px) 100vw, 300px\" \/><\/a><figcaption class=\"wp-element-caption\"><em>Costruzione delle mura dell&#8217;ospedale<\/em> (di Bartolo)<\/figcaption><\/figure>\n\n\n\n<figure class=\"wp-block-image size-medium\"><a href=\"https:\/\/www.latoscane.net\/wp-content\/uploads\/2017\/03\/di-bartolo-distribuzione-delle-elemosine-pellegrinaio-santa-maria-della-scala-siena-2298-300x200.jpg\"><img loading=\"lazy\" decoding=\"async\" width=\"300\" height=\"200\" data-id=\"4408\" src=\"https:\/\/www.latoscane.net\/wp-content\/uploads\/2017\/03\/di-bartolo-distribuzione-delle-elemosine-pellegrinaio-santa-maria-della-scala-siena-2298-300x200.jpg\" alt=\"Foto degli affreschi di di Bartolo, Pellegrinaio, Santa Maria della Scala, Siena\" class=\"wp-image-4408\" srcset=\"https:\/\/www.latoscane.net\/wp-content\/uploads\/2017\/03\/di-bartolo-distribuzione-delle-elemosine-pellegrinaio-santa-maria-della-scala-siena-2298-300x200.jpg 300w, https:\/\/www.latoscane.net\/wp-content\/uploads\/2017\/03\/di-bartolo-distribuzione-delle-elemosine-pellegrinaio-santa-maria-della-scala-siena-2298-1024x683.jpg 1024w, https:\/\/www.latoscane.net\/wp-content\/uploads\/2017\/03\/di-bartolo-distribuzione-delle-elemosine-pellegrinaio-santa-maria-della-scala-siena-2298-768x512.jpg 768w, https:\/\/www.latoscane.net\/wp-content\/uploads\/2017\/03\/di-bartolo-distribuzione-delle-elemosine-pellegrinaio-santa-maria-della-scala-siena-2298.jpg 1200w\" sizes=\"(max-width: 300px) 100vw, 300px\" \/><\/a><figcaption class=\"wp-element-caption\"><em>Distribuzione delle elemosine <\/em> (di Bartolo)<\/figcaption><\/figure>\n\n\n\n<figure class=\"wp-block-image size-medium\"><a href=\"https:\/\/www.latoscane.net\/wp-content\/uploads\/2017\/03\/domenico-di-bartolo-cura-degli-infermi-pellegrinaio-santa-maria-della-scala-siena-2299-300x200.jpg\"><img loading=\"lazy\" decoding=\"async\" width=\"300\" height=\"200\" data-id=\"4411\" src=\"https:\/\/www.latoscane.net\/wp-content\/uploads\/2017\/03\/domenico-di-bartolo-cura-degli-infermi-pellegrinaio-santa-maria-della-scala-siena-2299-300x200.jpg\" alt=\"Foto degli affreschi di di Bartolo, Pellegrinaio, Santa Maria della Scala, Siena\" class=\"wp-image-4411\" srcset=\"https:\/\/www.latoscane.net\/wp-content\/uploads\/2017\/03\/domenico-di-bartolo-cura-degli-infermi-pellegrinaio-santa-maria-della-scala-siena-2299-300x200.jpg 300w, https:\/\/www.latoscane.net\/wp-content\/uploads\/2017\/03\/domenico-di-bartolo-cura-degli-infermi-pellegrinaio-santa-maria-della-scala-siena-2299-1024x683.jpg 1024w, https:\/\/www.latoscane.net\/wp-content\/uploads\/2017\/03\/domenico-di-bartolo-cura-degli-infermi-pellegrinaio-santa-maria-della-scala-siena-2299-768x512.jpg 768w, https:\/\/www.latoscane.net\/wp-content\/uploads\/2017\/03\/domenico-di-bartolo-cura-degli-infermi-pellegrinaio-santa-maria-della-scala-siena-2299.jpg 1200w\" sizes=\"(max-width: 300px) 100vw, 300px\" \/><\/a><figcaption class=\"wp-element-caption\"><em>Governo e cura degli infermi <\/em> (di Bartolo)<\/figcaption><\/figure>\n\n\n\n<figure class=\"wp-block-image size-medium\"><a href=\"https:\/\/www.latoscane.net\/wp-content\/uploads\/2017\/03\/salle-des-pelerins-santa-maria-della-scala-sienne-2294.jpg\"><img loading=\"lazy\" decoding=\"async\" width=\"1200\" height=\"800\" data-id=\"4417\" src=\"https:\/\/www.latoscane.net\/wp-content\/uploads\/2017\/03\/salle-des-pelerins-santa-maria-della-scala-sienne-2294.jpg\" alt=\"Foto del Pellegrinaio, Santa Maria della Scala, Siena\" class=\"wp-image-4417\" srcset=\"https:\/\/www.latoscane.net\/wp-content\/uploads\/2017\/03\/salle-des-pelerins-santa-maria-della-scala-sienne-2294.jpg 1200w, https:\/\/www.latoscane.net\/wp-content\/uploads\/2017\/03\/salle-des-pelerins-santa-maria-della-scala-sienne-2294-300x200.jpg 300w, https:\/\/www.latoscane.net\/wp-content\/uploads\/2017\/03\/salle-des-pelerins-santa-maria-della-scala-sienne-2294-1024x683.jpg 1024w, https:\/\/www.latoscane.net\/wp-content\/uploads\/2017\/03\/salle-des-pelerins-santa-maria-della-scala-sienne-2294-768x512.jpg 768w\" sizes=\"(max-width: 1200px) 100vw, 1200px\" \/><\/a><figcaption class=\"wp-element-caption\">Pellegrinaio<\/figcaption><\/figure>\n\n\n\n<figure class=\"wp-block-image size-medium\"><a href=\"https:\/\/www.latoscane.net\/wp-content\/uploads\/2017\/03\/pellegrinaio-santa-maria-della-scala-siena-2300-300x200.jpg\"><img loading=\"lazy\" decoding=\"async\" width=\"300\" height=\"200\" data-id=\"4414\" src=\"https:\/\/www.latoscane.net\/wp-content\/uploads\/2017\/03\/pellegrinaio-santa-maria-della-scala-siena-2300-300x200.jpg\" alt=\"Foto del Pellegrinaio, Santa Maria della Scala, Siena\" class=\"wp-image-4414\" srcset=\"https:\/\/www.latoscane.net\/wp-content\/uploads\/2017\/03\/pellegrinaio-santa-maria-della-scala-siena-2300-300x200.jpg 300w, https:\/\/www.latoscane.net\/wp-content\/uploads\/2017\/03\/pellegrinaio-santa-maria-della-scala-siena-2300-1024x683.jpg 1024w, https:\/\/www.latoscane.net\/wp-content\/uploads\/2017\/03\/pellegrinaio-santa-maria-della-scala-siena-2300-768x512.jpg 768w, https:\/\/www.latoscane.net\/wp-content\/uploads\/2017\/03\/pellegrinaio-santa-maria-della-scala-siena-2300.jpg 1200w\" sizes=\"(max-width: 300px) 100vw, 300px\" \/><\/a><figcaption class=\"wp-element-caption\">Pellegrinaio<\/figcaption><\/figure>\n<\/figure>\n\n\n<h2>Passaggio e sale<\/h2>\n<p>Ampio spazio di incontro dell&#8217;ospedale, il &#8220;<strong>Passeggio<\/strong>&#8221; ha volte a crociera del primo Cinquecento. Conserva gruppi scultorei, due bellissimi stemmi, uno dell&#8217;ospedale e l&#8217;altro della casa di Savoia.<br \/>Si affaccia su tre grandi sale, tra cui la <strong>Sala San Pio<\/strong>, con sulla parete di destra un affresco del XV secolo attribuito a Priamo della Quercia che rappresenta due episodi della vita del beato senese Giovanni Colombini. Presenta varie tele, tra cui due del tardo XIX secolo del pittore senese Pietro Aldi.<br \/>La <strong>Sala San Giuseppe<\/strong> ospita una serie di intonaci realizzati alla fine del XIX secolo dallo scultore senese Tito Sarrocchi.<\/p>\n<h2>Livello inferiore e Corticella<\/h2>\n<p>Al livello inferiore, la <strong>Corticella<\/strong> risale al XIV secolo. Era uno spazio aperto all&#8217;origine, che conduce in particolare ai negozi medievali, alla <strong>Fienile<\/strong> medievale con gli originali della Fonte Gaia, all&#8217;oratorio della Compagnia di Santa Caterina della Notte, alla sede storica della Societ\u00e0 degli Esecutori di Pio Disposizioni.<\/p>\n<h2>Statue di Jacopo della Quercia<\/h2>\n<p>Nella Fienile, la stalla medievale, sono conservate le statue originali scolpite da <strong>Jacopo della Quercia<\/strong> per la Fonte Gaia, la fontana situata in Piazza del Campo. Furono commissionate nel 1409, scolpite in marmo della Montagnola Senese. Rappresentano in particolare la Vergine, le Virt\u00f9, la Sapienza, la Carit\u00e0 Pubblica o l&#8217;Acca Larenzia. Sono accompagnate da gessi e calchi che servirono per le loro rifacimenti nel XIX secolo da <strong>Sarrocchi<\/strong>, al fine di ricreare la fontana.<\/p>\n\n\n<figure class=\"wp-block-gallery has-nested-images columns-default is-cropped wp-block-gallery-6 is-layout-flex wp-block-gallery-is-layout-flex\">\n<figure class=\"wp-block-image size-medium\"><a href=\"https:\/\/www.latoscane.net\/wp-content\/uploads\/2017\/03\/corticella-santa-maria-della-scala-2322-200x300.jpg\"><img loading=\"lazy\" decoding=\"async\" width=\"200\" height=\"300\" data-id=\"4420\" src=\"https:\/\/www.latoscane.net\/wp-content\/uploads\/2017\/03\/corticella-santa-maria-della-scala-2322-200x300.jpg\" alt=\"Foto della Corticella, Santa Maria della Scala, Siena\" class=\"wp-image-4420\" srcset=\"https:\/\/www.latoscane.net\/wp-content\/uploads\/2017\/03\/corticella-santa-maria-della-scala-2322-200x300.jpg 200w, https:\/\/www.latoscane.net\/wp-content\/uploads\/2017\/03\/corticella-santa-maria-della-scala-2322-683x1024.jpg 683w, https:\/\/www.latoscane.net\/wp-content\/uploads\/2017\/03\/corticella-santa-maria-della-scala-2322-768x1152.jpg 768w, https:\/\/www.latoscane.net\/wp-content\/uploads\/2017\/03\/corticella-santa-maria-della-scala-2322.jpg 800w\" sizes=\"(max-width: 200px) 100vw, 200px\" \/><\/a><figcaption class=\"wp-element-caption\">Corticella<\/figcaption><\/figure>\n\n\n\n<figure class=\"wp-block-image size-medium\"><a href=\"https:\/\/www.latoscane.net\/wp-content\/uploads\/2017\/03\/jacopo-della-quercia-fienile-santa-maria-della-scala-2320-300x200.jpg\"><img loading=\"lazy\" decoding=\"async\" width=\"300\" height=\"200\" data-id=\"4423\" src=\"https:\/\/www.latoscane.net\/wp-content\/uploads\/2017\/03\/jacopo-della-quercia-fienile-santa-maria-della-scala-2320-300x200.jpg\" alt=\"Foto della Prudenza, scultura di Jacopo della Quercia, Fienile, Santa Maria della Scala\" class=\"wp-image-4423\" srcset=\"https:\/\/www.latoscane.net\/wp-content\/uploads\/2017\/03\/jacopo-della-quercia-fienile-santa-maria-della-scala-2320-300x200.jpg 300w, https:\/\/www.latoscane.net\/wp-content\/uploads\/2017\/03\/jacopo-della-quercia-fienile-santa-maria-della-scala-2320-1024x683.jpg 1024w, https:\/\/www.latoscane.net\/wp-content\/uploads\/2017\/03\/jacopo-della-quercia-fienile-santa-maria-della-scala-2320-768x512.jpg 768w, https:\/\/www.latoscane.net\/wp-content\/uploads\/2017\/03\/jacopo-della-quercia-fienile-santa-maria-della-scala-2320.jpg 1200w\" sizes=\"(max-width: 300px) 100vw, 300px\" \/><\/a><figcaption class=\"wp-element-caption\">La Prudenza<\/figcaption><\/figure>\n\n\n\n<figure class=\"wp-block-image size-medium\"><a href=\"https:\/\/www.latoscane.net\/wp-content\/uploads\/2017\/03\/madonna-col-bambino-jacopo-della-quercia-fienile-santa-maria-della-scala-2317-200x300.jpg\"><img loading=\"lazy\" decoding=\"async\" width=\"200\" height=\"300\" data-id=\"4429\" src=\"https:\/\/www.latoscane.net\/wp-content\/uploads\/2017\/03\/madonna-col-bambino-jacopo-della-quercia-fienile-santa-maria-della-scala-2317-200x300.jpg\" alt=\"Foto dell sculture di Jacopo della Quercia, Fienile, Santa Maria della Scala\" class=\"wp-image-4429\" srcset=\"https:\/\/www.latoscane.net\/wp-content\/uploads\/2017\/03\/madonna-col-bambino-jacopo-della-quercia-fienile-santa-maria-della-scala-2317-200x300.jpg 200w, https:\/\/www.latoscane.net\/wp-content\/uploads\/2017\/03\/madonna-col-bambino-jacopo-della-quercia-fienile-santa-maria-della-scala-2317-683x1024.jpg 683w, https:\/\/www.latoscane.net\/wp-content\/uploads\/2017\/03\/madonna-col-bambino-jacopo-della-quercia-fienile-santa-maria-della-scala-2317-768x1152.jpg 768w, https:\/\/www.latoscane.net\/wp-content\/uploads\/2017\/03\/madonna-col-bambino-jacopo-della-quercia-fienile-santa-maria-della-scala-2317.jpg 800w\" sizes=\"(max-width: 200px) 100vw, 200px\" \/><\/a><figcaption class=\"wp-element-caption\">Madonna col bambino<\/figcaption><\/figure>\n<\/figure>\n\n\n<h2>Santa Caterina della Notte e Santa Maria sotto le Volte<\/h2>\n<p>L&#8217;<strong>oratorio della Confraternita di Santa Caterina della Notte<\/strong> fu edificato dove santa Caterina da Siena si fermava a pregare. Dal XIV secolo, era diretto dalla confraternita dell&#8217;Arcangelo San Michele vicino al cimitero dell&#8217;ospedale. Nel XVII secolo fu decorato con numerosi stucchi e dipinti, tra cui quattro tele raffiguranti la vita di santa Caterina, sull&#8217;altare una Madonna in marmo del XIV secolo, un dipinto di Taddeo di Bartolo del XV, ecc.<\/p>\n<p>L&#8217;<strong>oratorio della Compagnia di Santa Maria sotto le Volte<\/strong> \u00e8 la sede di un&#8217;antica confraternita laica. Del loro vasto patrimonio \u00e8 conservato qui un bel crocifisso in legno, figure in terracotta di san Bernardino e santa Caterina, tele, interessanti affreschi nella sagrestia. Durante i lavori fu scoperto un vasto ciclo di affreschi del primo Trecento.<\/p>\n<h2>Chiasso vecchio di Sant&#8217;Ansano<\/h2>\n<p>Scendendo fino al livello pi\u00f9 basso si raggiunge l&#8217;altezza di via dei Fossi di Sant&#8217;Ansano.<br \/>Il <strong>Chiasso vecchio di Sant&#8217;Ansano<\/strong> \u00e8 una grande strada coperta che portava all&#8217;ospedale. Questa strada \u00e8 stata coperta progressivamente da un soffitto a volta, che dal XV secolo ha servito come asse di circolazione interna del grande complesso ospedaliero.<\/p>\n\n\n<figure class=\"wp-block-gallery has-nested-images columns-default is-cropped wp-block-gallery-7 is-layout-flex wp-block-gallery-is-layout-flex\">\n<figure class=\"wp-block-image size-medium\"><a href=\"https:\/\/www.latoscane.net\/wp-content\/uploads\/2017\/03\/santa-caterina-della-notte-santa-maria-della-scala-2310-300x200.jpg\"><img loading=\"lazy\" decoding=\"async\" width=\"300\" height=\"200\" data-id=\"4435\" src=\"https:\/\/www.latoscane.net\/wp-content\/uploads\/2017\/03\/santa-caterina-della-notte-santa-maria-della-scala-2310-300x200.jpg\" alt=\"Foto dell'oratorio di Santa Caterina della Notte, Santa Maria della Scala, Siena\" class=\"wp-image-4435\" srcset=\"https:\/\/www.latoscane.net\/wp-content\/uploads\/2017\/03\/santa-caterina-della-notte-santa-maria-della-scala-2310-300x200.jpg 300w, https:\/\/www.latoscane.net\/wp-content\/uploads\/2017\/03\/santa-caterina-della-notte-santa-maria-della-scala-2310-1024x683.jpg 1024w, https:\/\/www.latoscane.net\/wp-content\/uploads\/2017\/03\/santa-caterina-della-notte-santa-maria-della-scala-2310-768x512.jpg 768w, https:\/\/www.latoscane.net\/wp-content\/uploads\/2017\/03\/santa-caterina-della-notte-santa-maria-della-scala-2310.jpg 1200w\" sizes=\"(max-width: 300px) 100vw, 300px\" \/><\/a><figcaption class=\"wp-element-caption\">Santa Caterina della Notte<\/figcaption><\/figure>\n\n\n\n<figure class=\"wp-block-image size-medium\"><a href=\"https:\/\/www.latoscane.net\/wp-content\/uploads\/2017\/03\/santa-caterina-della-notte-santa-maria-della-scala-2311-300x200.jpg\"><img loading=\"lazy\" decoding=\"async\" width=\"300\" height=\"200\" data-id=\"4438\" src=\"https:\/\/www.latoscane.net\/wp-content\/uploads\/2017\/03\/santa-caterina-della-notte-santa-maria-della-scala-2311-300x200.jpg\" alt=\"Foto dell'oratorio di Santa Caterina della Notte, Santa Maria della Scala, Siena\" class=\"wp-image-4438\" srcset=\"https:\/\/www.latoscane.net\/wp-content\/uploads\/2017\/03\/santa-caterina-della-notte-santa-maria-della-scala-2311-300x200.jpg 300w, https:\/\/www.latoscane.net\/wp-content\/uploads\/2017\/03\/santa-caterina-della-notte-santa-maria-della-scala-2311-1024x683.jpg 1024w, https:\/\/www.latoscane.net\/wp-content\/uploads\/2017\/03\/santa-caterina-della-notte-santa-maria-della-scala-2311-768x512.jpg 768w, https:\/\/www.latoscane.net\/wp-content\/uploads\/2017\/03\/santa-caterina-della-notte-santa-maria-della-scala-2311.jpg 1200w\" sizes=\"(max-width: 300px) 100vw, 300px\" \/><\/a><figcaption class=\"wp-element-caption\">Santa Caterina della Notte<\/figcaption><\/figure>\n\n\n\n<figure class=\"wp-block-image size-medium\"><a href=\"https:\/\/www.latoscane.net\/wp-content\/uploads\/2017\/03\/santa-caterina-della-notte-santa-maria-della-scala-2316-200x300.jpg\"><img loading=\"lazy\" decoding=\"async\" width=\"200\" height=\"300\" data-id=\"4441\" src=\"https:\/\/www.latoscane.net\/wp-content\/uploads\/2017\/03\/santa-caterina-della-notte-santa-maria-della-scala-2316-200x300.jpg\" alt=\"Foto dell'oratorio di Santa Caterina della Notte, Santa Maria della Scala, Siena\" class=\"wp-image-4441\" srcset=\"https:\/\/www.latoscane.net\/wp-content\/uploads\/2017\/03\/santa-caterina-della-notte-santa-maria-della-scala-2316-200x300.jpg 200w, https:\/\/www.latoscane.net\/wp-content\/uploads\/2017\/03\/santa-caterina-della-notte-santa-maria-della-scala-2316-683x1024.jpg 683w, https:\/\/www.latoscane.net\/wp-content\/uploads\/2017\/03\/santa-caterina-della-notte-santa-maria-della-scala-2316-768x1152.jpg 768w, https:\/\/www.latoscane.net\/wp-content\/uploads\/2017\/03\/santa-caterina-della-notte-santa-maria-della-scala-2316.jpg 800w\" sizes=\"(max-width: 200px) 100vw, 200px\" \/><\/a><\/figure>\n\n\n\n<figure class=\"wp-block-image size-large\"><a href=\"https:\/\/www.latoscane.net\/wp-content\/uploads\/2017\/03\/chiasso-di-sant-ansano-santa-maria-della-scala-2323-1024x683.jpg\"><img loading=\"lazy\" decoding=\"async\" width=\"1024\" height=\"683\" data-id=\"4432\" src=\"https:\/\/www.latoscane.net\/wp-content\/uploads\/2017\/03\/chiasso-di-sant-ansano-santa-maria-della-scala-2323-1024x683.jpg\" alt=\"Foto del Chiasso di Sant'Ansano, Santa Maria della Scala, Siena\" class=\"wp-image-4432\" srcset=\"https:\/\/www.latoscane.net\/wp-content\/uploads\/2017\/03\/chiasso-di-sant-ansano-santa-maria-della-scala-2323-1024x683.jpg 1024w, https:\/\/www.latoscane.net\/wp-content\/uploads\/2017\/03\/chiasso-di-sant-ansano-santa-maria-della-scala-2323-300x200.jpg 300w, https:\/\/www.latoscane.net\/wp-content\/uploads\/2017\/03\/chiasso-di-sant-ansano-santa-maria-della-scala-2323-768x512.jpg 768w, https:\/\/www.latoscane.net\/wp-content\/uploads\/2017\/03\/chiasso-di-sant-ansano-santa-maria-della-scala-2323.jpg 1200w\" sizes=\"(max-width: 1024px) 100vw, 1024px\" \/><\/a><figcaption class=\"wp-element-caption\">Chiasso di Sant&#8217;Ansano<\/figcaption><\/figure>\n<\/figure>\n\n\n<h2>Museo Archeologico e Museo della Storia di Siena<\/h2>\n<p>Al livello del Chiasso, si trovano antichi magazzini con gallerie scavate nella pietra arenaria e rivestite in mattoni. Qui si trova il <strong>Museo Archeologico Nazionale<\/strong> e la sezione dedicata alla <strong>storia di Siena<\/strong> dalle sue origini nel medioevo.<br \/>La sezione etrusca conta ceramiche, urne, ceramiche a figure nere o rosse, materiale di tombe provenienti da siti etruschi della zona, come Chiusi, Montepulciano, Monteroni d&#8217;Arbia, Sarteano, Monteriggioni, Murlo, Castelnuovo Berardenga (territorio da Siena alla Val d&#8217;Elsa e al Chianti).<\/p>\n\n\n<figure class=\"wp-block-gallery has-nested-images columns-4 is-cropped wp-block-gallery-8 is-layout-flex wp-block-gallery-is-layout-flex\">\n<figure class=\"wp-block-image size-medium\"><a href=\"https:\/\/www.latoscane.net\/wp-content\/uploads\/2017\/03\/urne-etrusche-museo-archeologico-siena-santa-maria-della-scala-2339-300x200.jpg\"><img loading=\"lazy\" decoding=\"async\" width=\"300\" height=\"200\" data-id=\"4468\" src=\"https:\/\/www.latoscane.net\/wp-content\/uploads\/2017\/03\/urne-etrusche-museo-archeologico-siena-santa-maria-della-scala-2339-300x200.jpg\" alt=\"Foto di urne etrusche, museo archeologico di Siena\" class=\"wp-image-4468\" srcset=\"https:\/\/www.latoscane.net\/wp-content\/uploads\/2017\/03\/urne-etrusche-museo-archeologico-siena-santa-maria-della-scala-2339-300x200.jpg 300w, https:\/\/www.latoscane.net\/wp-content\/uploads\/2017\/03\/urne-etrusche-museo-archeologico-siena-santa-maria-della-scala-2339-1024x683.jpg 1024w, https:\/\/www.latoscane.net\/wp-content\/uploads\/2017\/03\/urne-etrusche-museo-archeologico-siena-santa-maria-della-scala-2339-768x512.jpg 768w, https:\/\/www.latoscane.net\/wp-content\/uploads\/2017\/03\/urne-etrusche-museo-archeologico-siena-santa-maria-della-scala-2339.jpg 1200w\" sizes=\"(max-width: 300px) 100vw, 300px\" \/><\/a><figcaption class=\"wp-element-caption\">Urne etrusche<\/figcaption><\/figure>\n\n\n\n<figure class=\"wp-block-image size-medium\"><a href=\"https:\/\/www.latoscane.net\/wp-content\/uploads\/2017\/03\/urnes-etrusques-musee-archeologique-sienne-santa-maria-della-scala-2354.jpg\"><img loading=\"lazy\" decoding=\"async\" width=\"1200\" height=\"800\" data-id=\"4471\" src=\"https:\/\/www.latoscane.net\/wp-content\/uploads\/2017\/03\/urnes-etrusques-musee-archeologique-sienne-santa-maria-della-scala-2354.jpg\" alt=\"Foto di urne etrusche, museo archeologico di Siena\" class=\"wp-image-4471\" srcset=\"https:\/\/www.latoscane.net\/wp-content\/uploads\/2017\/03\/urnes-etrusques-musee-archeologique-sienne-santa-maria-della-scala-2354.jpg 1200w, https:\/\/www.latoscane.net\/wp-content\/uploads\/2017\/03\/urnes-etrusques-musee-archeologique-sienne-santa-maria-della-scala-2354-300x200.jpg 300w, https:\/\/www.latoscane.net\/wp-content\/uploads\/2017\/03\/urnes-etrusques-musee-archeologique-sienne-santa-maria-della-scala-2354-1024x683.jpg 1024w, https:\/\/www.latoscane.net\/wp-content\/uploads\/2017\/03\/urnes-etrusques-musee-archeologique-sienne-santa-maria-della-scala-2354-768x512.jpg 768w\" sizes=\"(max-width: 1200px) 100vw, 1200px\" \/><\/a><figcaption class=\"wp-element-caption\">Urne etrusche<\/figcaption><\/figure>\n\n\n\n<figure class=\"wp-block-image size-medium\"><a href=\"https:\/\/www.latoscane.net\/wp-content\/uploads\/2017\/03\/urna-etrusca-museo-archeologico-siena-santa-maria-della-scala-2351-300x200.jpg\"><img loading=\"lazy\" decoding=\"async\" width=\"300\" height=\"200\" data-id=\"4462\" src=\"https:\/\/www.latoscane.net\/wp-content\/uploads\/2017\/03\/urna-etrusca-museo-archeologico-siena-santa-maria-della-scala-2351-300x200.jpg\" alt=\"Foto di un urna etrusca, museo archeologico di Siena\" class=\"wp-image-4462\" srcset=\"https:\/\/www.latoscane.net\/wp-content\/uploads\/2017\/03\/urna-etrusca-museo-archeologico-siena-santa-maria-della-scala-2351-300x200.jpg 300w, https:\/\/www.latoscane.net\/wp-content\/uploads\/2017\/03\/urna-etrusca-museo-archeologico-siena-santa-maria-della-scala-2351-1024x683.jpg 1024w, https:\/\/www.latoscane.net\/wp-content\/uploads\/2017\/03\/urna-etrusca-museo-archeologico-siena-santa-maria-della-scala-2351-768x512.jpg 768w, https:\/\/www.latoscane.net\/wp-content\/uploads\/2017\/03\/urna-etrusca-museo-archeologico-siena-santa-maria-della-scala-2351.jpg 1200w\" sizes=\"(max-width: 300px) 100vw, 300px\" \/><\/a><figcaption class=\"wp-element-caption\">Urne etrusche<\/figcaption><\/figure>\n\n\n\n<figure class=\"wp-block-image size-medium\"><a href=\"https:\/\/www.latoscane.net\/wp-content\/uploads\/2017\/03\/urna-in-alabastro-sartaeno-museo-archeologico-siena-santa-maria-della-scala-2349-300x200.jpg\"><img loading=\"lazy\" decoding=\"async\" width=\"300\" height=\"200\" data-id=\"4465\" src=\"https:\/\/www.latoscane.net\/wp-content\/uploads\/2017\/03\/urna-in-alabastro-sartaeno-museo-archeologico-siena-santa-maria-della-scala-2349-300x200.jpg\" alt=\"Foto di un urna etrusca, museo archeologico di Siena\" class=\"wp-image-4465\" srcset=\"https:\/\/www.latoscane.net\/wp-content\/uploads\/2017\/03\/urna-in-alabastro-sartaeno-museo-archeologico-siena-santa-maria-della-scala-2349-300x200.jpg 300w, https:\/\/www.latoscane.net\/wp-content\/uploads\/2017\/03\/urna-in-alabastro-sartaeno-museo-archeologico-siena-santa-maria-della-scala-2349-1024x683.jpg 1024w, https:\/\/www.latoscane.net\/wp-content\/uploads\/2017\/03\/urna-in-alabastro-sartaeno-museo-archeologico-siena-santa-maria-della-scala-2349-768x512.jpg 768w, https:\/\/www.latoscane.net\/wp-content\/uploads\/2017\/03\/urna-in-alabastro-sartaeno-museo-archeologico-siena-santa-maria-della-scala-2349.jpg 1200w\" sizes=\"(max-width: 300px) 100vw, 300px\" \/><\/a><figcaption class=\"wp-element-caption\">Urna etrusca, con Oreste ed Ifigenia (III a.C.)<\/figcaption><\/figure>\n\n\n\n<figure class=\"wp-block-image size-medium\"><a href=\"https:\/\/www.latoscane.net\/wp-content\/uploads\/2017\/03\/ornements-visages-etrusques-musee-archeologique-sienne-santa-maria-della-scala-2375.jpg\"><img loading=\"lazy\" decoding=\"async\" width=\"1200\" height=\"800\" data-id=\"4447\" src=\"https:\/\/www.latoscane.net\/wp-content\/uploads\/2017\/03\/ornements-visages-etrusques-musee-archeologique-sienne-santa-maria-della-scala-2375.jpg\" alt=\"Foto di ornamenti etruschi, museo archeologico di Siena\" class=\"wp-image-4447\" srcset=\"https:\/\/www.latoscane.net\/wp-content\/uploads\/2017\/03\/ornements-visages-etrusques-musee-archeologique-sienne-santa-maria-della-scala-2375.jpg 1200w, https:\/\/www.latoscane.net\/wp-content\/uploads\/2017\/03\/ornements-visages-etrusques-musee-archeologique-sienne-santa-maria-della-scala-2375-300x200.jpg 300w, https:\/\/www.latoscane.net\/wp-content\/uploads\/2017\/03\/ornements-visages-etrusques-musee-archeologique-sienne-santa-maria-della-scala-2375-1024x683.jpg 1024w, https:\/\/www.latoscane.net\/wp-content\/uploads\/2017\/03\/ornements-visages-etrusques-musee-archeologique-sienne-santa-maria-della-scala-2375-768x512.jpg 768w\" sizes=\"(max-width: 1200px) 100vw, 1200px\" \/><\/a><figcaption class=\"wp-element-caption\">Terracotta etrusca<\/figcaption><\/figure>\n\n\n\n<figure class=\"wp-block-image size-medium\"><a href=\"https:\/\/www.latoscane.net\/wp-content\/uploads\/2017\/03\/tomba-del-sarcofago-poggio-alla-fornace-museo-archeologico-siena-santa-maria-della-scala-2366-300x200.jpg\"><img loading=\"lazy\" decoding=\"async\" width=\"300\" height=\"200\" data-id=\"4459\" src=\"https:\/\/www.latoscane.net\/wp-content\/uploads\/2017\/03\/tomba-del-sarcofago-poggio-alla-fornace-museo-archeologico-siena-santa-maria-della-scala-2366-300x200.jpg\" alt=\"Foto di elementi di una tomba etrusca, museo archeologico di Siena\" class=\"wp-image-4459\" srcset=\"https:\/\/www.latoscane.net\/wp-content\/uploads\/2017\/03\/tomba-del-sarcofago-poggio-alla-fornace-museo-archeologico-siena-santa-maria-della-scala-2366-300x200.jpg 300w, https:\/\/www.latoscane.net\/wp-content\/uploads\/2017\/03\/tomba-del-sarcofago-poggio-alla-fornace-museo-archeologico-siena-santa-maria-della-scala-2366-1024x683.jpg 1024w, https:\/\/www.latoscane.net\/wp-content\/uploads\/2017\/03\/tomba-del-sarcofago-poggio-alla-fornace-museo-archeologico-siena-santa-maria-della-scala-2366-768x512.jpg 768w, https:\/\/www.latoscane.net\/wp-content\/uploads\/2017\/03\/tomba-del-sarcofago-poggio-alla-fornace-museo-archeologico-siena-santa-maria-della-scala-2366.jpg 1200w\" sizes=\"(max-width: 300px) 100vw, 300px\" \/><\/a><figcaption class=\"wp-element-caption\">Elementi di una tomba etrusca (VI a.C.)<\/figcaption><\/figure>\n\n\n\n<figure class=\"wp-block-image size-medium\"><a href=\"https:\/\/www.latoscane.net\/wp-content\/uploads\/2017\/03\/ossuario-viiac-museo-archeologico-siena-santa-maria-della-scala-2362-200x300.jpg\"><img loading=\"lazy\" decoding=\"async\" width=\"200\" height=\"300\" data-id=\"4450\" src=\"https:\/\/www.latoscane.net\/wp-content\/uploads\/2017\/03\/ossuario-viiac-museo-archeologico-siena-santa-maria-della-scala-2362-200x300.jpg\" alt=\"Foto di un Ossuario del VII a.C., museo archeologico di Siena\" class=\"wp-image-4450\" srcset=\"https:\/\/www.latoscane.net\/wp-content\/uploads\/2017\/03\/ossuario-viiac-museo-archeologico-siena-santa-maria-della-scala-2362-200x300.jpg 200w, https:\/\/www.latoscane.net\/wp-content\/uploads\/2017\/03\/ossuario-viiac-museo-archeologico-siena-santa-maria-della-scala-2362-683x1024.jpg 683w, https:\/\/www.latoscane.net\/wp-content\/uploads\/2017\/03\/ossuario-viiac-museo-archeologico-siena-santa-maria-della-scala-2362-768x1152.jpg 768w, https:\/\/www.latoscane.net\/wp-content\/uploads\/2017\/03\/ossuario-viiac-museo-archeologico-siena-santa-maria-della-scala-2362.jpg 800w\" sizes=\"(max-width: 200px) 100vw, 200px\" \/><\/a><figcaption class=\"wp-element-caption\">Ossuario del VII a.C.<\/figcaption><\/figure>\n\n\n\n<figure class=\"wp-block-image size-medium\"><a href=\"https:\/\/www.latoscane.net\/wp-content\/uploads\/2017\/03\/testa-a-trono-di-canapo-vi-ac-museo-archeologico-siena-santa-maria-della-scala-2369-300x200.jpg\"><img loading=\"lazy\" decoding=\"async\" width=\"300\" height=\"200\" data-id=\"4456\" src=\"https:\/\/www.latoscane.net\/wp-content\/uploads\/2017\/03\/testa-a-trono-di-canapo-vi-ac-museo-archeologico-siena-santa-maria-della-scala-2369-300x200.jpg\" alt=\"Testa di un Canopo (VI a.C.), museo archeologico di Siena\" class=\"wp-image-4456\" srcset=\"https:\/\/www.latoscane.net\/wp-content\/uploads\/2017\/03\/testa-a-trono-di-canapo-vi-ac-museo-archeologico-siena-santa-maria-della-scala-2369-300x200.jpg 300w, https:\/\/www.latoscane.net\/wp-content\/uploads\/2017\/03\/testa-a-trono-di-canapo-vi-ac-museo-archeologico-siena-santa-maria-della-scala-2369-1024x683.jpg 1024w, https:\/\/www.latoscane.net\/wp-content\/uploads\/2017\/03\/testa-a-trono-di-canapo-vi-ac-museo-archeologico-siena-santa-maria-della-scala-2369-768x512.jpg 768w, https:\/\/www.latoscane.net\/wp-content\/uploads\/2017\/03\/testa-a-trono-di-canapo-vi-ac-museo-archeologico-siena-santa-maria-della-scala-2369.jpg 1200w\" sizes=\"(max-width: 300px) 100vw, 300px\" \/><\/a><figcaption class=\"wp-element-caption\">Testa di un Canopo (VI a.C.)<\/figcaption><\/figure>\n\n\n\n<figure class=\"wp-block-image size-medium\"><a href=\"https:\/\/www.latoscane.net\/wp-content\/uploads\/2017\/03\/biccherna-xiiie-museo-citta-di-siena-santa-maria-della-scala-2379-200x300.jpg\"><img loading=\"lazy\" decoding=\"async\" width=\"200\" height=\"300\" data-id=\"4444\" src=\"https:\/\/www.latoscane.net\/wp-content\/uploads\/2017\/03\/biccherna-xiiie-museo-citta-di-siena-santa-maria-della-scala-2379-200x300.jpg\" alt=\"Copertura di Biccherna del XIII secolo, museo storico di Siena\" class=\"wp-image-4444\" srcset=\"https:\/\/www.latoscane.net\/wp-content\/uploads\/2017\/03\/biccherna-xiiie-museo-citta-di-siena-santa-maria-della-scala-2379-200x300.jpg 200w, https:\/\/www.latoscane.net\/wp-content\/uploads\/2017\/03\/biccherna-xiiie-museo-citta-di-siena-santa-maria-della-scala-2379-683x1024.jpg 683w, https:\/\/www.latoscane.net\/wp-content\/uploads\/2017\/03\/biccherna-xiiie-museo-citta-di-siena-santa-maria-della-scala-2379-768x1152.jpg 768w, https:\/\/www.latoscane.net\/wp-content\/uploads\/2017\/03\/biccherna-xiiie-museo-citta-di-siena-santa-maria-della-scala-2379.jpg 800w\" sizes=\"(max-width: 200px) 100vw, 200px\" \/><\/a><figcaption class=\"wp-element-caption\">Copertura di Biccherna del XIII secolo<\/figcaption><\/figure>\n\n\n\n<figure class=\"wp-block-image size-medium\"><a href=\"https:\/\/www.latoscane.net\/wp-content\/uploads\/2017\/03\/rappresentazione-cattedrale-di-siena-xiiie-museo-citta-di-siena-santa-maria-della-scala-2377-300x200.jpg\"><img loading=\"lazy\" decoding=\"async\" width=\"300\" height=\"200\" data-id=\"4453\" src=\"https:\/\/www.latoscane.net\/wp-content\/uploads\/2017\/03\/rappresentazione-cattedrale-di-siena-xiiie-museo-citta-di-siena-santa-maria-della-scala-2377-300x200.jpg\" alt=\"Foto di una Rappresentazione della cattedrale di Siena del XIII secolo\" class=\"wp-image-4453\" srcset=\"https:\/\/www.latoscane.net\/wp-content\/uploads\/2017\/03\/rappresentazione-cattedrale-di-siena-xiiie-museo-citta-di-siena-santa-maria-della-scala-2377-300x200.jpg 300w, https:\/\/www.latoscane.net\/wp-content\/uploads\/2017\/03\/rappresentazione-cattedrale-di-siena-xiiie-museo-citta-di-siena-santa-maria-della-scala-2377-1024x683.jpg 1024w, https:\/\/www.latoscane.net\/wp-content\/uploads\/2017\/03\/rappresentazione-cattedrale-di-siena-xiiie-museo-citta-di-siena-santa-maria-della-scala-2377-768x512.jpg 768w, https:\/\/www.latoscane.net\/wp-content\/uploads\/2017\/03\/rappresentazione-cattedrale-di-siena-xiiie-museo-citta-di-siena-santa-maria-della-scala-2377.jpg 1200w\" sizes=\"(max-width: 300px) 100vw, 300px\" \/><\/a><figcaption class=\"wp-element-caption\">Rappresentazione della cattedrale di Siena del XIII secolo<\/figcaption><\/figure>\n<\/figure>\n\n\n<h2>Dov&#8217;\u00e8 Santa Maria della Scala di Siena<\/h2>\n<div id=\"travelersmap-container-69f260db0d59d\" class=\"travelersmap-container\" style=\"z-index: 1; min-height: 10px; min-width:10px; height:450px;width:100%; max-width:; max-height:; position:relative;\"><div style=\"position:absolute; z-index:-1;top: 50%;text-align: center;display: block;left: 50%;transform: translate(-50%,-50%);\">Travelers' Map is loading...<br>If you see this after your page is loaded completely, leafletJS files are missing.<\/div><\/div>\n<h2>Fonti e collegamenti<\/h2>\n<ul>\n<li>Sito ufficiale : <a href=\"https:\/\/www.santamariadellascala.com\/\" target=\"_blank\" rel=\"noopener\">www.santamariadellascala.com<\/a><\/li>\n<li>Informazioni : <a href=\"https:\/\/it.wikipedia.org\/wiki\/Complesso_museale_di_Santa_Maria_della_Scala\" target=\"_blank\" rel=\"noopener\">it.wikipedia.org<\/a><\/li>\n<\/ul>\n<h2>Articoli su Siena<\/h2>\n<ul class=\"lcp_catlist2\" id=\"lcp_instance_0\"><li><a href=\"https:\/\/www.latoscane.net\/it\/siena\/\">Siena<\/a><a href=\"https:\/\/www.latoscane.net\/it\/siena\/\" title=\"Siena\"><img loading=\"lazy\" decoding=\"async\" width=\"150\" height=\"150\" src=\"https:\/\/www.latoscane.net\/wp-content\/uploads\/2017\/03\/torre-dell-mangia-panorama-sienne-3062-150x150.jpg\" class=\"lcp_thumbnail wp-post-image\" alt=\"Siena\" srcset=\"https:\/\/www.latoscane.net\/wp-content\/uploads\/2017\/03\/torre-dell-mangia-panorama-sienne-3062-150x150.jpg 150w, https:\/\/www.latoscane.net\/wp-content\/uploads\/2017\/03\/torre-dell-mangia-panorama-sienne-3062-50x50.jpg 50w, https:\/\/www.latoscane.net\/wp-content\/uploads\/2017\/03\/torre-dell-mangia-panorama-sienne-3062-80x80.jpg 80w, https:\/\/www.latoscane.net\/wp-content\/uploads\/2017\/03\/torre-dell-mangia-panorama-sienne-3062-75x75.jpg 75w\" sizes=\"(max-width: 150px) 100vw, 150px\" \/><\/a><div class=\"lcp_excerpt\">\nSiena \u00e8 con Firenze una delle destinazioni pi\u00f9 attraenti della regione. Citt\u00e0 del famoso palio, una corsa equestre, \u00e8 un&#8217;unica cittadina medievale situata nel cuore delle terre toscane, tra le ...<\/div><\/li><li><a href=\"https:\/\/www.latoscane.net\/it\/da-vedere-a-siena\/\">Cosa vedere a Siena<\/a><a href=\"https:\/\/www.latoscane.net\/it\/da-vedere-a-siena\/\" title=\"Cosa vedere a Siena\"><img loading=\"lazy\" decoding=\"async\" width=\"150\" height=\"150\" src=\"https:\/\/www.latoscane.net\/wp-content\/uploads\/2024\/07\/corte-palazzo-chigi-saracini-siena-8812-150x150.jpg\" class=\"lcp_thumbnail wp-post-image\" alt=\"Cosa vedere a Siena\" srcset=\"https:\/\/www.latoscane.net\/wp-content\/uploads\/2024\/07\/corte-palazzo-chigi-saracini-siena-8812-150x150.jpg 150w, https:\/\/www.latoscane.net\/wp-content\/uploads\/2024\/07\/corte-palazzo-chigi-saracini-siena-8812-50x50.jpg 50w, https:\/\/www.latoscane.net\/wp-content\/uploads\/2024\/07\/corte-palazzo-chigi-saracini-siena-8812-80x80.jpg 80w, https:\/\/www.latoscane.net\/wp-content\/uploads\/2024\/07\/corte-palazzo-chigi-saracini-siena-8812-75x75.jpg 75w\" sizes=\"(max-width: 150px) 100vw, 150px\" \/><\/a><div class=\"lcp_excerpt\">Siena merita pi\u00f9 giorni per prendere la misura del suo fascino. Tuttavia, non \u00e8 una citt\u00e0 molto grande e due giorni possono essere sufficienti per portare con s\u00e9 dei bei ...<\/div><\/li><li><a href=\"https:\/\/www.latoscane.net\/it\/piazza-del-campo-di-siena\/\">Piazza del Campo di Siena<\/a><a href=\"https:\/\/www.latoscane.net\/it\/piazza-del-campo-di-siena\/\" title=\"Piazza del Campo di Siena\"><img loading=\"lazy\" decoding=\"async\" width=\"150\" height=\"150\" src=\"https:\/\/www.latoscane.net\/wp-content\/uploads\/2017\/02\/piazza-del-campo-palazzo-pubblico-siena-2486-150x150.jpg\" class=\"lcp_thumbnail wp-post-image\" alt=\"Piazza del Campo di Siena\" srcset=\"https:\/\/www.latoscane.net\/wp-content\/uploads\/2017\/02\/piazza-del-campo-palazzo-pubblico-siena-2486-150x150.jpg 150w, https:\/\/www.latoscane.net\/wp-content\/uploads\/2017\/02\/piazza-del-campo-palazzo-pubblico-siena-2486-50x50.jpg 50w, https:\/\/www.latoscane.net\/wp-content\/uploads\/2017\/02\/piazza-del-campo-palazzo-pubblico-siena-2486-80x80.jpg 80w, https:\/\/www.latoscane.net\/wp-content\/uploads\/2017\/02\/piazza-del-campo-palazzo-pubblico-siena-2486-75x75.jpg 75w\" sizes=\"(max-width: 150px) 100vw, 150px\" \/><\/a><div class=\"lcp_excerpt\">\nLa Piazza del Campo \u00e8 senza dubbio una delle piazze pi\u00f9 belle ed eleganti del mondo, costruita tra il 1293 e il 1349. \u00c8 il cuore della citt\u00e0 di Siena, ...<\/div><\/li><li><a href=\"https:\/\/www.latoscane.net\/it\/duomo-di-siena\/\">Duomo di Siena<\/a><a href=\"https:\/\/www.latoscane.net\/it\/duomo-di-siena\/\" title=\"Duomo di Siena\"><img loading=\"lazy\" decoding=\"async\" width=\"150\" height=\"150\" src=\"https:\/\/www.latoscane.net\/wp-content\/uploads\/2017\/02\/foto-duomo-di-siena-3098-150x150.jpg\" class=\"lcp_thumbnail wp-post-image\" alt=\"Duomo di Siena\" srcset=\"https:\/\/www.latoscane.net\/wp-content\/uploads\/2017\/02\/foto-duomo-di-siena-3098-150x150.jpg 150w, https:\/\/www.latoscane.net\/wp-content\/uploads\/2017\/02\/foto-duomo-di-siena-3098-50x50.jpg 50w, https:\/\/www.latoscane.net\/wp-content\/uploads\/2017\/02\/foto-duomo-di-siena-3098-80x80.jpg 80w, https:\/\/www.latoscane.net\/wp-content\/uploads\/2017\/02\/foto-duomo-di-siena-3098-75x75.jpg 75w\" sizes=\"(max-width: 150px) 100vw, 150px\" \/><\/a><div class=\"lcp_excerpt\">\nRisaltando subito per le sue pietre e marmo bianchi e neri, la Cattedrale di Santa Maria Assunta di Siena \u00e8 sicuramente una delle pi\u00f9 sorprendenti e belle chiese d&#8217;Italia.Fu costruita ...<\/div><\/li><li><a href=\"https:\/\/www.latoscane.net\/it\/palazzo-pubblico-di-siena\/\">Palazzo Pubblico di Siena<\/a><a href=\"https:\/\/www.latoscane.net\/it\/palazzo-pubblico-di-siena\/\" title=\"Palazzo Pubblico di Siena\"><img loading=\"lazy\" decoding=\"async\" width=\"150\" height=\"150\" src=\"https:\/\/www.latoscane.net\/wp-content\/uploads\/2017\/03\/siena-cortile-del-podesta-palazzo-pubblico-8865-150x150.jpg\" class=\"lcp_thumbnail wp-post-image\" alt=\"Palazzo Pubblico di Siena\" srcset=\"https:\/\/www.latoscane.net\/wp-content\/uploads\/2017\/03\/siena-cortile-del-podesta-palazzo-pubblico-8865-150x150.jpg 150w, https:\/\/www.latoscane.net\/wp-content\/uploads\/2017\/03\/siena-cortile-del-podesta-palazzo-pubblico-8865-50x50.jpg 50w, https:\/\/www.latoscane.net\/wp-content\/uploads\/2017\/03\/siena-cortile-del-podesta-palazzo-pubblico-8865-65x65.jpg 65w\" sizes=\"(max-width: 150px) 100vw, 150px\" \/><\/a><div class=\"lcp_excerpt\">\nL&#8217;edificio pi\u00f9 imponente in Piazza del Campo \u00e8 il Palazzo Pubblico con la torre molto grande adiacente alla Torre della Mangia. Chiamato anche Palazzo Comunale, fu costruito tra il 1297 ...<\/div><\/li><li><a href=\"https:\/\/www.latoscane.net\/it\/museo-civico-di-siena\/\">Museo Civico di Siena<\/a><a href=\"https:\/\/www.latoscane.net\/it\/museo-civico-di-siena\/\" title=\"Museo Civico di Siena\"><img loading=\"lazy\" decoding=\"async\" width=\"150\" height=\"150\" src=\"https:\/\/www.latoscane.net\/wp-content\/uploads\/2017\/02\/allegorie-et-effets-du-bon-et-du-mauvais-gouvernement-salle-des-neuf-palazzo-pubblico-siena-8897-150x150.jpg\" class=\"lcp_thumbnail wp-post-image\" alt=\"Museo Civico di Siena\" srcset=\"https:\/\/www.latoscane.net\/wp-content\/uploads\/2017\/02\/allegorie-et-effets-du-bon-et-du-mauvais-gouvernement-salle-des-neuf-palazzo-pubblico-siena-8897-150x150.jpg 150w, https:\/\/www.latoscane.net\/wp-content\/uploads\/2017\/02\/allegorie-et-effets-du-bon-et-du-mauvais-gouvernement-salle-des-neuf-palazzo-pubblico-siena-8897-50x50.jpg 50w, https:\/\/www.latoscane.net\/wp-content\/uploads\/2017\/02\/allegorie-et-effets-du-bon-et-du-mauvais-gouvernement-salle-des-neuf-palazzo-pubblico-siena-8897-80x80.jpg 80w, https:\/\/www.latoscane.net\/wp-content\/uploads\/2017\/02\/allegorie-et-effets-du-bon-et-du-mauvais-gouvernement-salle-des-neuf-palazzo-pubblico-siena-8897-75x75.jpg 75w\" sizes=\"(max-width: 150px) 100vw, 150px\" \/><\/a><div class=\"lcp_excerpt\">\nIl Museo Civico di Siena fu allestito negli anni &#8217;30, al primo e secondo piano del Palazzo Pubblico. La sua visita, che chiede circa un&#8217;ora, \u00e8 altamente consigliata, come il ...<\/div><\/li><li class=\"current\"><a href=\"https:\/\/www.latoscane.net\/it\/santa-maria-della-scala-di-siena\/\">Santa Maria della Scala di Siena<\/a><a href=\"https:\/\/www.latoscane.net\/it\/santa-maria-della-scala-di-siena\/\" title=\"Santa Maria della Scala di Siena\"><img loading=\"lazy\" decoding=\"async\" width=\"150\" height=\"150\" src=\"https:\/\/www.latoscane.net\/wp-content\/uploads\/2017\/03\/pellegrinaio-santa-maria-della-scala-siena-2300-150x150.jpg\" class=\"lcp_thumbnail wp-post-image\" alt=\"Santa Maria della Scala di Siena\" srcset=\"https:\/\/www.latoscane.net\/wp-content\/uploads\/2017\/03\/pellegrinaio-santa-maria-della-scala-siena-2300-150x150.jpg 150w, https:\/\/www.latoscane.net\/wp-content\/uploads\/2017\/03\/pellegrinaio-santa-maria-della-scala-siena-2300-50x50.jpg 50w, https:\/\/www.latoscane.net\/wp-content\/uploads\/2017\/03\/pellegrinaio-santa-maria-della-scala-siena-2300-80x80.jpg 80w, https:\/\/www.latoscane.net\/wp-content\/uploads\/2017\/03\/pellegrinaio-santa-maria-della-scala-siena-2300-75x75.jpg 75w\" sizes=\"(max-width: 150px) 100vw, 150px\" \/><\/a><div class=\"lcp_excerpt\">\nL&#8217;antico ospedale per pellegrini, Santa Maria della Scala, ospita un vasto e ricco complesso museale di Siena che si estende su 19.000 mq. \u00c8 una tappa essenziale per scoprire appieno ...<\/div><\/li><li><a href=\"https:\/\/www.latoscane.net\/it\/santuario-di-santa-caterina-di-siena\/\">Santuario di Santa Caterina di Siena<\/a><a href=\"https:\/\/www.latoscane.net\/it\/santuario-di-santa-caterina-di-siena\/\" title=\"Santuario di Santa Caterina di Siena\"><img loading=\"lazy\" decoding=\"async\" width=\"150\" height=\"150\" src=\"https:\/\/www.latoscane.net\/wp-content\/uploads\/2024\/07\/loggia-santuario-casa-di-santa-caterina-siena-3026-150x150.jpg\" class=\"lcp_thumbnail wp-post-image\" alt=\"Santuario di Santa Caterina di Siena\" srcset=\"https:\/\/www.latoscane.net\/wp-content\/uploads\/2024\/07\/loggia-santuario-casa-di-santa-caterina-siena-3026-150x150.jpg 150w, https:\/\/www.latoscane.net\/wp-content\/uploads\/2024\/07\/loggia-santuario-casa-di-santa-caterina-siena-3026-50x50.jpg 50w, https:\/\/www.latoscane.net\/wp-content\/uploads\/2024\/07\/loggia-santuario-casa-di-santa-caterina-siena-3026-80x80.jpg 80w, https:\/\/www.latoscane.net\/wp-content\/uploads\/2024\/07\/loggia-santuario-casa-di-santa-caterina-siena-3026-75x75.jpg 75w\" sizes=\"(max-width: 150px) 100vw, 150px\" \/><\/a><div class=\"lcp_excerpt\">\nIl Santuario-Casa di Santa Caterina \u00e8 situato sulla Collina di Sant&#8217;Antonio a Siena, composto dalla vecchia casa dei Benincasa, la famiglia di Caterina e la sua casa natale, con vari ...<\/div><\/li><li><a href=\"https:\/\/www.latoscane.net\/it\/basilica-di-san-domenico-di-siena\/\">Basilica di San Domenico di Siena<\/a><a href=\"https:\/\/www.latoscane.net\/it\/basilica-di-san-domenico-di-siena\/\" title=\"Basilica di San Domenico di Siena\"><img loading=\"lazy\" decoding=\"async\" width=\"150\" height=\"150\" src=\"https:\/\/www.latoscane.net\/wp-content\/uploads\/2024\/07\/basilique-saint-dominique-sienne-2251-150x150.jpg\" class=\"lcp_thumbnail wp-post-image\" alt=\"Basilica di San Domenico di Siena\" srcset=\"https:\/\/www.latoscane.net\/wp-content\/uploads\/2024\/07\/basilique-saint-dominique-sienne-2251-150x150.jpg 150w, https:\/\/www.latoscane.net\/wp-content\/uploads\/2024\/07\/basilique-saint-dominique-sienne-2251-50x50.jpg 50w, https:\/\/www.latoscane.net\/wp-content\/uploads\/2024\/07\/basilique-saint-dominique-sienne-2251-80x80.jpg 80w, https:\/\/www.latoscane.net\/wp-content\/uploads\/2024\/07\/basilique-saint-dominique-sienne-2251-75x75.jpg 75w\" sizes=\"(max-width: 150px) 100vw, 150px\" \/><\/a><div class=\"lcp_excerpt\">\nLa Basilica di San Domenico di Siena \u00e8 una delle pi\u00f9 importanti chiese della citt\u00e0, con la sua imponente architettura gotica e le sue opere rinascimentali. \u00c8 dedicata a Domenico ...<\/div><\/li><li><a href=\"https:\/\/www.latoscane.net\/it\/palazzi-di-siena\/\">Palazzi di Siena<\/a><a href=\"https:\/\/www.latoscane.net\/it\/palazzi-di-siena\/\" title=\"Palazzi di Siena\"><img loading=\"lazy\" decoding=\"async\" width=\"150\" height=\"150\" src=\"https:\/\/www.latoscane.net\/wp-content\/uploads\/2024\/07\/palazzo-chigi-saracini-siena-8815-150x150.jpg\" class=\"lcp_thumbnail wp-post-image\" alt=\"Palazzi di Siena\" srcset=\"https:\/\/www.latoscane.net\/wp-content\/uploads\/2024\/07\/palazzo-chigi-saracini-siena-8815-150x150.jpg 150w, https:\/\/www.latoscane.net\/wp-content\/uploads\/2024\/07\/palazzo-chigi-saracini-siena-8815-50x50.jpg 50w, https:\/\/www.latoscane.net\/wp-content\/uploads\/2024\/07\/palazzo-chigi-saracini-siena-8815-80x80.jpg 80w, https:\/\/www.latoscane.net\/wp-content\/uploads\/2024\/07\/palazzo-chigi-saracini-siena-8815-75x75.jpg 75w\" sizes=\"(max-width: 150px) 100vw, 150px\" \/><\/a><div class=\"lcp_excerpt\">\nLe strade di Siena incantano con i loro splendidi palazzi, per la maggior parte del medioevo, alcuni risalenti al Rinascimento. Non mancano di eleganza con la loro sobriet\u00e0, senza fasti ...<\/div><\/li><li><a href=\"https:\/\/www.latoscane.net\/it\/fontane-e-bottini-di-siena\/\">Fontane e bottini di Siena<\/a><a href=\"https:\/\/www.latoscane.net\/it\/fontane-e-bottini-di-siena\/\" title=\"Fontane e bottini di Siena\"><img loading=\"lazy\" decoding=\"async\" width=\"150\" height=\"150\" src=\"https:\/\/www.latoscane.net\/wp-content\/uploads\/2024\/07\/fontebranda-siena-2559-150x150.jpg\" class=\"lcp_thumbnail wp-post-image\" alt=\"Fontane e bottini di Siena\" srcset=\"https:\/\/www.latoscane.net\/wp-content\/uploads\/2024\/07\/fontebranda-siena-2559-150x150.jpg 150w, https:\/\/www.latoscane.net\/wp-content\/uploads\/2024\/07\/fontebranda-siena-2559-50x50.jpg 50w, https:\/\/www.latoscane.net\/wp-content\/uploads\/2024\/07\/fontebranda-siena-2559-80x80.jpg 80w, https:\/\/www.latoscane.net\/wp-content\/uploads\/2024\/07\/fontebranda-siena-2559-75x75.jpg 75w\" sizes=\"(max-width: 150px) 100vw, 150px\" \/><\/a><div class=\"lcp_excerpt\">\nA Siena si trovano un certo numero di fontane, alimentate dai bottini, le gallerie di un acquedotto medievale sotterraneo costruito a partire dal XII secolo. Queste gallerie hanno un totale ...<\/div><\/li><li><a href=\"https:\/\/www.latoscane.net\/it\/porte-ed-altri-luoghi-di-siena\/\">Porte ed altri luoghi di Siena<\/a><a href=\"https:\/\/www.latoscane.net\/it\/porte-ed-altri-luoghi-di-siena\/\" title=\"Porte ed altri luoghi di Siena\"><img loading=\"lazy\" decoding=\"async\" width=\"150\" height=\"150\" src=\"https:\/\/www.latoscane.net\/wp-content\/uploads\/2017\/01\/porta-tufi-siena-2576-150x150.jpg\" class=\"lcp_thumbnail wp-post-image\" alt=\"Porte ed altri luoghi di Siena\" srcset=\"https:\/\/www.latoscane.net\/wp-content\/uploads\/2017\/01\/porta-tufi-siena-2576-150x150.jpg 150w, https:\/\/www.latoscane.net\/wp-content\/uploads\/2017\/01\/porta-tufi-siena-2576-50x50.jpg 50w, https:\/\/www.latoscane.net\/wp-content\/uploads\/2017\/01\/porta-tufi-siena-2576-80x80.jpg 80w, https:\/\/www.latoscane.net\/wp-content\/uploads\/2017\/01\/porta-tufi-siena-2576-75x75.jpg 75w\" sizes=\"(max-width: 150px) 100vw, 150px\" \/><\/a><div class=\"lcp_excerpt\">\nQuesta pagina \u00e8 dedicata ad altri luoghi interessanti di Siena, tra cui le sue mura e porte, logge, la Fortezza Medicea, alcune piazze e vie del centro.\nMura e porte di ...<\/div><\/li><li><a href=\"https:\/\/www.latoscane.net\/it\/altre-chiese-di-siena\/\">Altre chiese di Siena<\/a><a href=\"https:\/\/www.latoscane.net\/it\/altre-chiese-di-siena\/\" title=\"Altre chiese di Siena\"><img loading=\"lazy\" decoding=\"async\" width=\"150\" height=\"150\" src=\"https:\/\/www.latoscane.net\/wp-content\/uploads\/2024\/07\/basilica-di-san-francesco-siena-2412-150x150.jpg\" class=\"lcp_thumbnail wp-post-image\" alt=\"Altre chiese di Siena\" srcset=\"https:\/\/www.latoscane.net\/wp-content\/uploads\/2024\/07\/basilica-di-san-francesco-siena-2412-150x150.jpg 150w, https:\/\/www.latoscane.net\/wp-content\/uploads\/2024\/07\/basilica-di-san-francesco-siena-2412-50x50.jpg 50w, https:\/\/www.latoscane.net\/wp-content\/uploads\/2024\/07\/basilica-di-san-francesco-siena-2412-80x80.jpg 80w, https:\/\/www.latoscane.net\/wp-content\/uploads\/2024\/07\/basilica-di-san-francesco-siena-2412-75x75.jpg 75w\" sizes=\"(max-width: 150px) 100vw, 150px\" \/><\/a><div class=\"lcp_excerpt\">\nBasilica di San Francesco di Siena\nLa Basilica di San Francesco di Siena \u00e8 una delle pi\u00f9 importanti chiese di Siena, situata nella piazza omonima.Tra il 1228 e il 1255, su ...<\/div><\/li><li><a href=\"https:\/\/www.latoscane.net\/it\/biglietti-e-tour-in-siena\/\">Biglietti e tour in Siena<\/a><a href=\"https:\/\/www.latoscane.net\/it\/biglietti-e-tour-in-siena\/\" title=\"Biglietti e tour in Siena\"><img loading=\"lazy\" decoding=\"async\" width=\"150\" height=\"150\" src=\"https:\/\/www.latoscane.net\/wp-content\/uploads\/2017\/03\/visites-guidees-tickets-sienne-150x150.jpg\" class=\"lcp_thumbnail wp-post-image\" alt=\"Biglietti e tour in Siena\" srcset=\"https:\/\/www.latoscane.net\/wp-content\/uploads\/2017\/03\/visites-guidees-tickets-sienne-150x150.jpg 150w, https:\/\/www.latoscane.net\/wp-content\/uploads\/2017\/03\/visites-guidees-tickets-sienne-50x50.jpg 50w, https:\/\/www.latoscane.net\/wp-content\/uploads\/2017\/03\/visites-guidees-tickets-sienne-65x65.jpg 65w\" sizes=\"(max-width: 150px) 100vw, 150px\" \/><\/a><div class=\"lcp_excerpt\">Biglietti e proposte di visite guidate a Siena, biglietti d&#8217;ingresso, percorsi della citt\u00e0, con il complesso del Duomo, Piazza del Campo, escursioni nei dintorni, attivit\u00e0, ecc\n\n\n\nNella stessa categoria\n&nbsp;\n<\/div><\/li><li><a href=\"https:\/\/www.latoscane.net\/it\/mappa-di-siena\/\">Mappa di Siena<\/a><a href=\"https:\/\/www.latoscane.net\/it\/mappa-di-siena\/\" title=\"Mappa di Siena\"><img loading=\"lazy\" decoding=\"async\" width=\"150\" height=\"150\" src=\"https:\/\/www.latoscane.net\/wp-content\/uploads\/2017\/03\/carte-interactive-toscane-150x150.jpg\" class=\"lcp_thumbnail wp-post-image\" alt=\"Mappa di Siena\" srcset=\"https:\/\/www.latoscane.net\/wp-content\/uploads\/2017\/03\/carte-interactive-toscane-150x150.jpg 150w, https:\/\/www.latoscane.net\/wp-content\/uploads\/2017\/03\/carte-interactive-toscane-50x50.jpg 50w, https:\/\/www.latoscane.net\/wp-content\/uploads\/2017\/03\/carte-interactive-toscane-65x65.jpg 65w\" sizes=\"(max-width: 150px) 100vw, 150px\" \/><\/a><div class=\"lcp_excerpt\">Mappa interattiva di Siena con i principali monumenti, siti turistici e luoghi secondari, chiese, palazzi, piazze o musei\nI siti principali sono indicati con un&#8217;immagine a colori vivaci, mentre i luoghi ...<\/div><\/li><li><a href=\"https:\/\/www.booking.com\/city\/it\/siena.it.html?aid=308562;do_availability_check=1\">Alberghi in Siena<\/a><a href=\"https:\/\/www.booking.com\/city\/it\/siena.it.html?aid=308562;do_availability_check=1\" title=\"Alberghi in Siena\"><img loading=\"lazy\" decoding=\"async\" width=\"150\" height=\"115\" src=\"https:\/\/www.latoscane.net\/wp-content\/uploads\/2017\/02\/hotels-en-toscane-150x115.jpg\" class=\"lcp_thumbnail wp-post-image\" alt=\"Alberghi in Siena\" \/><\/a><div class=\"lcp_excerpt\">Prenota ora un alloggio a Siena, tra hotel, camere, appartamenti e agriturismi. Centinaia di scelte con valutazioni dei clienti, cancellazioni possibili\n<\/div><\/li><li><a href=\"https:\/\/www.latoscane.net\/it\/palio-di-siena\/\">Palio di Siena<\/a><a href=\"https:\/\/www.latoscane.net\/it\/palio-di-siena\/\" title=\"Palio di Siena\"><img loading=\"lazy\" decoding=\"async\" width=\"150\" height=\"150\" src=\"https:\/\/www.latoscane.net\/wp-content\/uploads\/2017\/03\/palio-di-siena-150x150.gif\" class=\"lcp_thumbnail wp-post-image\" alt=\"Palio di Siena\" srcset=\"https:\/\/www.latoscane.net\/wp-content\/uploads\/2017\/03\/palio-di-siena-150x150.gif 150w, https:\/\/www.latoscane.net\/wp-content\/uploads\/2017\/03\/palio-di-siena-50x50.gif 50w, https:\/\/www.latoscane.net\/wp-content\/uploads\/2017\/03\/palio-di-siena-65x65.gif 65w\" sizes=\"(max-width: 150px) 100vw, 150px\" \/><\/a><div class=\"lcp_excerpt\">\nIl Palio di Siena \u00e8 una famosa corsa equestre che vede contrapposti i vari quartieri della citt\u00e0, chiamati contrade, le cui origini risalgono ai giochi del medioevo, che si tiene ...<\/div><\/li><li><a href=\"https:\/\/www.latoscane.net\/it\/meteo-in-siena\/\">Meteo in Siena<\/a><a href=\"https:\/\/www.latoscane.net\/it\/meteo-in-siena\/\" title=\"Meteo in Siena\"><img loading=\"lazy\" decoding=\"async\" width=\"150\" height=\"120\" src=\"https:\/\/www.latoscane.net\/wp-content\/uploads\/2017\/01\/icone-meteo-toscane2-150x120.jpg\" class=\"lcp_thumbnail wp-post-image\" alt=\"Meteo in Siena\" \/><\/a><div class=\"lcp_excerpt\">Il tempo attuale a Siena e le previsioni per i prossimi giorni, con la pluviometria, le temperature o la qualit\u00e0 dell&#8217;aria\nMeteo 5 giorni in Siena\n\n\n\nMeteo dettagliata in Siena\n\n\n\nNella stessa categoria\n<\/div><\/li><\/ul>","protected":false},"excerpt":{"rendered":"<p>L&#8217;antico ospedale per pellegrini, Santa Maria della Scala, ospita un vasto e ricco complesso museale di Siena che si estende su 19.000 mq. \u00c8 una tappa essenziale per scoprire appieno la citt\u00e0, situata di fronte alla cattedrale. \u00c8 considerato il terzo polo artistico della citt\u00e0 dopo il Duomo e il Palazzo Pubblico.La costruzione di questo [&hellip;]<\/p>\n","protected":false},"author":1,"featured_media":4416,"comment_status":"open","ping_status":"open","sticky":false,"template":"","format":"standard","meta":{"_acf_changed":false,"footnotes":"","_links_to":"","_links_to_target":""},"categories":[126],"tags":[127],"acf":[],"yoast_head":"<!-- This site is optimized with the Yoast SEO plugin v22.8 - https:\/\/yoast.com\/wordpress\/plugins\/seo\/ -->\n<title>Santa Maria della Scala di Siena - Turismo<\/title>\n<meta name=\"description\" content=\"L&#039;ex ospedale per pellegrini, Santa Maria della Scala, \u00e8 il terzo polo artistico di Siena, un complesso museale di 19.000 mq da scoprire senza esitazione\" \/>\n<meta name=\"robots\" content=\"index, follow, max-snippet:-1, max-image-preview:large, max-video-preview:-1\" \/>\n<link rel=\"canonical\" href=\"https:\/\/www.latoscane.net\/santa-maria-della-scala\/\" \/>\n<meta property=\"og:locale\" content=\"it_IT\" \/>\n<meta property=\"og:type\" content=\"article\" \/>\n<meta property=\"og:title\" content=\"Santa Maria della Scala di Siena - Turismo\" \/>\n<meta property=\"og:description\" content=\"L&#039;ex ospedale per pellegrini, Santa Maria della Scala, \u00e8 il terzo polo artistico di Siena, un complesso museale di 19.000 mq da scoprire senza esitazione\" \/>\n<meta property=\"og:url\" content=\"https:\/\/www.latoscane.net\/santa-maria-della-scala\/\" \/>\n<meta property=\"og:site_name\" content=\"LaToscane.net\" \/>\n<meta property=\"article:published_time\" content=\"2023-01-05T08:36:09+00:00\" \/>\n<meta property=\"article:modified_time\" content=\"2025-09-09T08:38:06+00:00\" \/>\n<meta property=\"og:image\" content=\"https:\/\/www.latoscane.net\/wp-content\/uploads\/2017\/03\/pellegrinaio-santa-maria-della-scala-siena-2300.jpg\" \/>\n\t<meta property=\"og:image:width\" content=\"1200\" \/>\n\t<meta property=\"og:image:height\" content=\"800\" \/>\n\t<meta property=\"og:image:type\" content=\"image\/jpeg\" \/>\n<meta name=\"author\" content=\"Galgano\" \/>\n<meta name=\"twitter:card\" content=\"summary_large_image\" \/>\n<meta name=\"twitter:label1\" content=\"Scritto da\" \/>\n\t<meta name=\"twitter:data1\" content=\"Galgano\" \/>\n\t<meta name=\"twitter:label2\" content=\"Tempo di lettura stimato\" \/>\n\t<meta name=\"twitter:data2\" content=\"16 minuti\" \/>\n<script type=\"application\/ld+json\" class=\"yoast-schema-graph\">{\"@context\":\"https:\/\/schema.org\",\"@graph\":[{\"@type\":\"WebPage\",\"@id\":\"https:\/\/www.latoscane.net\/santa-maria-della-scala\/\",\"url\":\"https:\/\/www.latoscane.net\/santa-maria-della-scala\/\",\"name\":\"Santa Maria della Scala di Siena - Turismo\",\"isPartOf\":{\"@id\":\"https:\/\/www.latoscane.net\/#website\"},\"primaryImageOfPage\":{\"@id\":\"https:\/\/www.latoscane.net\/santa-maria-della-scala\/#primaryimage\"},\"image\":{\"@id\":\"https:\/\/www.latoscane.net\/santa-maria-della-scala\/#primaryimage\"},\"thumbnailUrl\":\"https:\/\/www.latoscane.net\/wp-content\/uploads\/2017\/03\/pellegrinaio-santa-maria-della-scala-siena-2300.jpg\",\"datePublished\":\"2023-01-05T08:36:09+00:00\",\"dateModified\":\"2025-09-09T08:38:06+00:00\",\"author\":{\"@id\":\"https:\/\/www.latoscane.net\/#\/schema\/person\/dae56e679cb6d9bdaf2b0b54b1320d42\"},\"description\":\"L'ex ospedale per pellegrini, Santa Maria della Scala, \u00e8 il terzo polo artistico di Siena, un complesso museale di 19.000 mq da scoprire senza esitazione\",\"breadcrumb\":{\"@id\":\"https:\/\/www.latoscane.net\/santa-maria-della-scala\/#breadcrumb\"},\"inLanguage\":\"it-IT\",\"potentialAction\":[{\"@type\":\"ReadAction\",\"target\":[\"https:\/\/www.latoscane.net\/santa-maria-della-scala\/\"]}]},{\"@type\":\"ImageObject\",\"inLanguage\":\"it-IT\",\"@id\":\"https:\/\/www.latoscane.net\/santa-maria-della-scala\/#primaryimage\",\"url\":\"https:\/\/www.latoscane.net\/wp-content\/uploads\/2017\/03\/pellegrinaio-santa-maria-della-scala-siena-2300.jpg\",\"contentUrl\":\"https:\/\/www.latoscane.net\/wp-content\/uploads\/2017\/03\/pellegrinaio-santa-maria-della-scala-siena-2300.jpg\",\"width\":1200,\"height\":800},{\"@type\":\"BreadcrumbList\",\"@id\":\"https:\/\/www.latoscane.net\/santa-maria-della-scala\/#breadcrumb\",\"itemListElement\":[{\"@type\":\"ListItem\",\"position\":1,\"name\":\"Accueil\",\"item\":\"https:\/\/www.latoscane.net\/it\/\"},{\"@type\":\"ListItem\",\"position\":2,\"name\":\"Santa Maria della Scala di Siena\"}]},{\"@type\":\"WebSite\",\"@id\":\"https:\/\/www.latoscane.net\/#website\",\"url\":\"https:\/\/www.latoscane.net\/\",\"name\":\"LaToscane.net\",\"description\":\"Visita della regione Toscana\",\"potentialAction\":[{\"@type\":\"SearchAction\",\"target\":{\"@type\":\"EntryPoint\",\"urlTemplate\":\"https:\/\/www.latoscane.net\/?s={search_term_string}\"},\"query-input\":\"required name=search_term_string\"}],\"inLanguage\":\"it-IT\"},{\"@type\":\"Person\",\"@id\":\"https:\/\/www.latoscane.net\/#\/schema\/person\/dae56e679cb6d9bdaf2b0b54b1320d42\",\"name\":\"Galgano\",\"url\":\"https:\/\/www.latoscane.net\/it\/author\/will\/\"}]}<\/script>\n<!-- \/ Yoast SEO plugin. -->","yoast_head_json":{"title":"Santa Maria della Scala di Siena - Turismo","description":"L'ex ospedale per pellegrini, Santa Maria della Scala, \u00e8 il terzo polo artistico di Siena, un complesso museale di 19.000 mq da scoprire senza esitazione","robots":{"index":"index","follow":"follow","max-snippet":"max-snippet:-1","max-image-preview":"max-image-preview:large","max-video-preview":"max-video-preview:-1"},"canonical":"https:\/\/www.latoscane.net\/santa-maria-della-scala\/","og_locale":"it_IT","og_type":"article","og_title":"Santa Maria della Scala di Siena - Turismo","og_description":"L'ex ospedale per pellegrini, Santa Maria della Scala, \u00e8 il terzo polo artistico di Siena, un complesso museale di 19.000 mq da scoprire senza esitazione","og_url":"https:\/\/www.latoscane.net\/santa-maria-della-scala\/","og_site_name":"LaToscane.net","article_published_time":"2023-01-05T08:36:09+00:00","article_modified_time":"2025-09-09T08:38:06+00:00","og_image":[{"width":1200,"height":800,"url":"https:\/\/www.latoscane.net\/wp-content\/uploads\/2017\/03\/pellegrinaio-santa-maria-della-scala-siena-2300.jpg","type":"image\/jpeg"}],"author":"Galgano","twitter_card":"summary_large_image","twitter_misc":{"Scritto da":"Galgano","Tempo di lettura stimato":"16 minuti"},"schema":{"@context":"https:\/\/schema.org","@graph":[{"@type":"WebPage","@id":"https:\/\/www.latoscane.net\/santa-maria-della-scala\/","url":"https:\/\/www.latoscane.net\/santa-maria-della-scala\/","name":"Santa Maria della Scala di Siena - Turismo","isPartOf":{"@id":"https:\/\/www.latoscane.net\/#website"},"primaryImageOfPage":{"@id":"https:\/\/www.latoscane.net\/santa-maria-della-scala\/#primaryimage"},"image":{"@id":"https:\/\/www.latoscane.net\/santa-maria-della-scala\/#primaryimage"},"thumbnailUrl":"https:\/\/www.latoscane.net\/wp-content\/uploads\/2017\/03\/pellegrinaio-santa-maria-della-scala-siena-2300.jpg","datePublished":"2023-01-05T08:36:09+00:00","dateModified":"2025-09-09T08:38:06+00:00","author":{"@id":"https:\/\/www.latoscane.net\/#\/schema\/person\/dae56e679cb6d9bdaf2b0b54b1320d42"},"description":"L'ex ospedale per pellegrini, Santa Maria della Scala, \u00e8 il terzo polo artistico di Siena, un complesso museale di 19.000 mq da scoprire senza esitazione","breadcrumb":{"@id":"https:\/\/www.latoscane.net\/santa-maria-della-scala\/#breadcrumb"},"inLanguage":"it-IT","potentialAction":[{"@type":"ReadAction","target":["https:\/\/www.latoscane.net\/santa-maria-della-scala\/"]}]},{"@type":"ImageObject","inLanguage":"it-IT","@id":"https:\/\/www.latoscane.net\/santa-maria-della-scala\/#primaryimage","url":"https:\/\/www.latoscane.net\/wp-content\/uploads\/2017\/03\/pellegrinaio-santa-maria-della-scala-siena-2300.jpg","contentUrl":"https:\/\/www.latoscane.net\/wp-content\/uploads\/2017\/03\/pellegrinaio-santa-maria-della-scala-siena-2300.jpg","width":1200,"height":800},{"@type":"BreadcrumbList","@id":"https:\/\/www.latoscane.net\/santa-maria-della-scala\/#breadcrumb","itemListElement":[{"@type":"ListItem","position":1,"name":"Accueil","item":"https:\/\/www.latoscane.net\/it\/"},{"@type":"ListItem","position":2,"name":"Santa Maria della Scala di Siena"}]},{"@type":"WebSite","@id":"https:\/\/www.latoscane.net\/#website","url":"https:\/\/www.latoscane.net\/","name":"LaToscane.net","description":"Visita della regione Toscana","potentialAction":[{"@type":"SearchAction","target":{"@type":"EntryPoint","urlTemplate":"https:\/\/www.latoscane.net\/?s={search_term_string}"},"query-input":"required name=search_term_string"}],"inLanguage":"it-IT"},{"@type":"Person","@id":"https:\/\/www.latoscane.net\/#\/schema\/person\/dae56e679cb6d9bdaf2b0b54b1320d42","name":"Galgano","url":"https:\/\/www.latoscane.net\/it\/author\/will\/"}]}},"_links":{"self":[{"href":"https:\/\/www.latoscane.net\/it\/wp-json\/wp\/v2\/posts\/10716"}],"collection":[{"href":"https:\/\/www.latoscane.net\/it\/wp-json\/wp\/v2\/posts"}],"about":[{"href":"https:\/\/www.latoscane.net\/it\/wp-json\/wp\/v2\/types\/post"}],"author":[{"embeddable":true,"href":"https:\/\/www.latoscane.net\/it\/wp-json\/wp\/v2\/users\/1"}],"replies":[{"embeddable":true,"href":"https:\/\/www.latoscane.net\/it\/wp-json\/wp\/v2\/comments?post=10716"}],"version-history":[{"count":13,"href":"https:\/\/www.latoscane.net\/it\/wp-json\/wp\/v2\/posts\/10716\/revisions"}],"predecessor-version":[{"id":13902,"href":"https:\/\/www.latoscane.net\/it\/wp-json\/wp\/v2\/posts\/10716\/revisions\/13902"}],"wp:featuredmedia":[{"embeddable":true,"href":"https:\/\/www.latoscane.net\/it\/wp-json\/wp\/v2\/media\/4416"}],"wp:attachment":[{"href":"https:\/\/www.latoscane.net\/it\/wp-json\/wp\/v2\/media?parent=10716"}],"wp:term":[{"taxonomy":"category","embeddable":true,"href":"https:\/\/www.latoscane.net\/it\/wp-json\/wp\/v2\/categories?post=10716"},{"taxonomy":"post_tag","embeddable":true,"href":"https:\/\/www.latoscane.net\/it\/wp-json\/wp\/v2\/tags?post=10716"}],"curies":[{"name":"wp","href":"https:\/\/api.w.org\/{rel}","templated":true}]}}