{"id":10732,"date":"2023-01-02T11:06:22","date_gmt":"2023-01-02T10:06:22","guid":{"rendered":"https:\/\/www.latoscane.net\/palazzi-di-siena\/"},"modified":"2024-11-26T10:20:26","modified_gmt":"2024-11-26T09:20:26","slug":"palazzi-di-siena","status":"publish","type":"post","link":"https:\/\/www.latoscane.net\/it\/palazzi-di-siena\/","title":{"rendered":"Palazzi di Siena"},"content":{"rendered":"\n<p>Le strade di Siena incantano con i loro splendidi <strong>palazzi<\/strong>, per la maggior parte del medioevo, alcuni risalenti al Rinascimento. Non mancano di eleganza con la loro sobriet\u00e0, senza fasti barocchi.<br \/>Il pi\u00f9 emblematico dei palazzi \u00e8 proprio sul <a href=\"https:\/\/www.latoscane.net\/it\/palazzo-pubblico-di-siena\/\">Palazzo Pubblico<\/a>, situato in <a href=\"https:\/\/www.latoscane.net\/it\/piazza-del-campo-di-siena\/\">Piazza del Campo<\/a>, accompagnato dalla splendida Torre della Mangia.<br \/>Scopriamo in pochi, a volte ospitando musei, possono visitarsi o rimanere privati e aperti solo in alcune occasioni per altri.<\/p>\n<h2>Palazzo Chigi-Saracini<\/h2>\n<p>In via di Citt\u00e0, il <strong>Palazzo Chigi-Saracini<\/strong> \u00e8 una delle pi\u00f9 belle testimonianze del XII secolo a Siena. Originariamente apparteneva al Palazzo Marescotti, di propriet\u00e0 di una famiglia ghibellina.<br \/>Fu ampliato nel corso del XIV secolo, quando venne acquistato dalla famiglia Piccolomini. Fu poi dotato dei suoi elementi di stile gotico senese, in particolare visibili nella facciata o nel porticato rinascimentale. Ha ospitato il Consiglio dei Sovrani della Repubblica tra il XIII e il XIV secolo.<br \/>Nella galleria esterna le volte sono state affrescate da Giorgio di Giovanni.<br \/>Dal 1776 ospita una galleria con la preziosa collezione d&#8217;arte di Bernardo Saracini, e dal 1932 \u00e8 sede dell&#8217;<strong>Accademia Musicale Chigiana<\/strong>, prestigioso centro di studi musicali.<\/p>\n<p>L&#8217;imponente facciata in stile gotico \u00e8 curvo per seguire il tracciato della strada. \u00c8 coperta di pietre fino al primo piano, poi di mattoni. La torre in pietra \u00e8 troncata.<br \/>L&#8217;interno \u00e8 stato progettato nel Rinascimento.<br \/>Nella sala si erge una statua di Giulio III inizio XVII secolo (Fulvio Signorini, 1609).<br \/>Al primo piano, la sala concerti in sobrio stile XVIII ha una volta decorata con un affresco di Vigilardi.<\/p>\n<p>La galleria ospita bellissimi esempi dell&#8217;arte senese, come una madona del primo duecento del Maestro di Tressa; un retablo di Sano di Pietro; una <em>Vergine e due angeli<\/em> di Matteo di Giovanni; la<em> Madonna con due santi<\/em> di Neroccio; opere attribuite a Sodoma e alla sua scuola; una <em>Piet\u00e0<\/em> del Riccio; tele di Andrea del Brescianino; il <em>Matrimonio mistico di santa Caterina da Siena<\/em> di Beccafumi; ecc.<br \/>Espone anche opere non senesi, tra cui una croce di Arezzo del XIII secolo, tele di Mariotto di Nardo, ecc.; oltre a sculture di grande qualit\u00e0.<\/p>\n<p>Aperto al pubblico in occasione di eventi e visite guidate. Altrimenti si pu\u00f2 scoprire il grazioso cortile interno.<\/p>\n\n\n<figure class=\"wp-block-gallery has-nested-images columns-default is-cropped wp-block-gallery-2 is-layout-flex wp-block-gallery-is-layout-flex\">\n<figure class=\"wp-block-image size-medium\"><a href=\"https:\/\/www.latoscane.net\/wp-content\/uploads\/2024\/07\/palazzo-chigi-saracini-siena-2746-200x300.jpg\"><img loading=\"lazy\" decoding=\"async\" width=\"200\" height=\"300\" data-id=\"4267\" src=\"https:\/\/www.latoscane.net\/wp-content\/uploads\/2024\/07\/palazzo-chigi-saracini-siena-2746-200x300.jpg\" alt=\"Foto del Palazzo Chigi-Saracini a Siena\" class=\"wp-image-4267\" srcset=\"https:\/\/www.latoscane.net\/wp-content\/uploads\/2024\/07\/palazzo-chigi-saracini-siena-2746-200x300.jpg 200w, https:\/\/www.latoscane.net\/wp-content\/uploads\/2024\/07\/palazzo-chigi-saracini-siena-2746-683x1024.jpg 683w, https:\/\/www.latoscane.net\/wp-content\/uploads\/2024\/07\/palazzo-chigi-saracini-siena-2746-768x1152.jpg 768w, https:\/\/www.latoscane.net\/wp-content\/uploads\/2024\/07\/palazzo-chigi-saracini-siena-2746.jpg 800w\" sizes=\"(max-width: 200px) 100vw, 200px\" \/><\/a><figcaption class=\"wp-element-caption\">Palazzo Chigi-Saracini<\/figcaption><\/figure>\n\n\n\n<figure class=\"wp-block-image size-medium\"><a href=\"https:\/\/www.latoscane.net\/wp-content\/uploads\/2024\/07\/pozzo-corte-palazzo-chigi-saracini-siena-8808-200x300.jpg\"><img loading=\"lazy\" decoding=\"async\" width=\"200\" height=\"300\" data-id=\"4273\" src=\"https:\/\/www.latoscane.net\/wp-content\/uploads\/2024\/07\/pozzo-corte-palazzo-chigi-saracini-siena-8808-200x300.jpg\" alt=\"Foto del Pozzo nella corte del Palazzo Chigi-Saracini\" class=\"wp-image-4273\" srcset=\"https:\/\/www.latoscane.net\/wp-content\/uploads\/2024\/07\/pozzo-corte-palazzo-chigi-saracini-siena-8808-200x300.jpg 200w, https:\/\/www.latoscane.net\/wp-content\/uploads\/2024\/07\/pozzo-corte-palazzo-chigi-saracini-siena-8808-683x1024.jpg 683w, https:\/\/www.latoscane.net\/wp-content\/uploads\/2024\/07\/pozzo-corte-palazzo-chigi-saracini-siena-8808-768x1152.jpg 768w, https:\/\/www.latoscane.net\/wp-content\/uploads\/2024\/07\/pozzo-corte-palazzo-chigi-saracini-siena-8808.jpg 800w\" sizes=\"(max-width: 200px) 100vw, 200px\" \/><\/a><figcaption class=\"wp-element-caption\">Pozzo nella corte del Palazzo Chigi-Saracini<\/figcaption><\/figure>\n\n\n\n<figure class=\"wp-block-image size-medium\"><a href=\"https:\/\/www.latoscane.net\/wp-content\/uploads\/2024\/07\/affreschi-corte-palazzo-chigi-saracini-siena-8811-200x300.jpg\"><img loading=\"lazy\" decoding=\"async\" width=\"200\" height=\"300\" data-id=\"4258\" src=\"https:\/\/www.latoscane.net\/wp-content\/uploads\/2024\/07\/affreschi-corte-palazzo-chigi-saracini-siena-8811-200x300.jpg\" alt=\"Foto degli affreschi nella corte del Palazzo Chigi-Saracini a Siena\" class=\"wp-image-4258\" srcset=\"https:\/\/www.latoscane.net\/wp-content\/uploads\/2024\/07\/affreschi-corte-palazzo-chigi-saracini-siena-8811-200x300.jpg 200w, https:\/\/www.latoscane.net\/wp-content\/uploads\/2024\/07\/affreschi-corte-palazzo-chigi-saracini-siena-8811-683x1024.jpg 683w, https:\/\/www.latoscane.net\/wp-content\/uploads\/2024\/07\/affreschi-corte-palazzo-chigi-saracini-siena-8811-768x1152.jpg 768w, https:\/\/www.latoscane.net\/wp-content\/uploads\/2024\/07\/affreschi-corte-palazzo-chigi-saracini-siena-8811.jpg 800w\" sizes=\"(max-width: 200px) 100vw, 200px\" \/><\/a><figcaption class=\"wp-element-caption\">Corte del Palazzo Chigi-Saracini<\/figcaption><\/figure>\n\n\n\n<figure class=\"wp-block-image size-medium\"><a href=\"https:\/\/www.latoscane.net\/wp-content\/uploads\/2024\/07\/corte-palazzo-chigi-saracini-siena-8812-200x300.jpg\"><img loading=\"lazy\" decoding=\"async\" width=\"200\" height=\"300\" data-id=\"4261\" src=\"https:\/\/www.latoscane.net\/wp-content\/uploads\/2024\/07\/corte-palazzo-chigi-saracini-siena-8812-200x300.jpg\" alt=\"Foto della Corte del Palazzo Chigi-Saracini a Siena\" class=\"wp-image-4261\" srcset=\"https:\/\/www.latoscane.net\/wp-content\/uploads\/2024\/07\/corte-palazzo-chigi-saracini-siena-8812-200x300.jpg 200w, https:\/\/www.latoscane.net\/wp-content\/uploads\/2024\/07\/corte-palazzo-chigi-saracini-siena-8812-683x1024.jpg 683w, https:\/\/www.latoscane.net\/wp-content\/uploads\/2024\/07\/corte-palazzo-chigi-saracini-siena-8812-768x1152.jpg 768w, https:\/\/www.latoscane.net\/wp-content\/uploads\/2024\/07\/corte-palazzo-chigi-saracini-siena-8812.jpg 800w\" sizes=\"(max-width: 200px) 100vw, 200px\" \/><\/a><figcaption class=\"wp-element-caption\">Corte del Palazzo Chigi-Saracini<\/figcaption><\/figure>\n\n\n\n<figure class=\"wp-block-image size-medium\"><a href=\"https:\/\/www.latoscane.net\/wp-content\/uploads\/2024\/07\/palazzo-chigi-saracini-siena-8815-200x300.jpg\"><img loading=\"lazy\" decoding=\"async\" width=\"200\" height=\"300\" data-id=\"4270\" src=\"https:\/\/www.latoscane.net\/wp-content\/uploads\/2024\/07\/palazzo-chigi-saracini-siena-8815-200x300.jpg\" alt=\"Foto del Palazzo Chigi-Saracini a Siena\" class=\"wp-image-4270\" srcset=\"https:\/\/www.latoscane.net\/wp-content\/uploads\/2024\/07\/palazzo-chigi-saracini-siena-8815-200x300.jpg 200w, https:\/\/www.latoscane.net\/wp-content\/uploads\/2024\/07\/palazzo-chigi-saracini-siena-8815-683x1024.jpg 683w, https:\/\/www.latoscane.net\/wp-content\/uploads\/2024\/07\/palazzo-chigi-saracini-siena-8815-768x1152.jpg 768w, https:\/\/www.latoscane.net\/wp-content\/uploads\/2024\/07\/palazzo-chigi-saracini-siena-8815.jpg 800w\" sizes=\"(max-width: 200px) 100vw, 200px\" \/><\/a><figcaption class=\"wp-element-caption\">Palazzo Chigi-Saracini<\/figcaption><\/figure>\n\n\n\n<figure class=\"wp-block-image size-medium\"><a href=\"https:\/\/www.latoscane.net\/wp-content\/uploads\/2024\/07\/palais-chigi-saracini-sienne-8820.jpg\"><img loading=\"lazy\" decoding=\"async\" width=\"800\" height=\"1200\" data-id=\"4264\" src=\"https:\/\/www.latoscane.net\/wp-content\/uploads\/2024\/07\/palais-chigi-saracini-sienne-8820.jpg\" alt=\"Foto del Palazzo Chigi-Saracini a Siena\" class=\"wp-image-4264\" srcset=\"https:\/\/www.latoscane.net\/wp-content\/uploads\/2024\/07\/palais-chigi-saracini-sienne-8820.jpg 800w, https:\/\/www.latoscane.net\/wp-content\/uploads\/2024\/07\/palais-chigi-saracini-sienne-8820-200x300.jpg 200w, https:\/\/www.latoscane.net\/wp-content\/uploads\/2024\/07\/palais-chigi-saracini-sienne-8820-683x1024.jpg 683w, https:\/\/www.latoscane.net\/wp-content\/uploads\/2024\/07\/palais-chigi-saracini-sienne-8820-768x1152.jpg 768w\" sizes=\"(max-width: 800px) 100vw, 800px\" \/><\/a><figcaption class=\"wp-element-caption\">Palazzo Chigi-Saracini<\/figcaption><\/figure>\n<\/figure>\n\n\n<h2>Palazzo Tolomei a Siena<\/h2>\n<p>Sulla piazza omonima, il <strong>Palazzo Tolomei<\/strong> era il palazzo della famiglia <strong>Tolomei<\/strong>, arrivata in Italia con Carlo Magno. Fu una delle prime famiglie a praticare il cambio monetario, diventando una potente famiglia di banchieri, con numerose propriet\u00e0 dalla Montagnola senese alla Maremma.<br \/>La sua costruzione risale almeno all&#8217;inizio del XIII secolo ed \u00e8 stata la pi\u00f9 antica residenza privata di Siena, ricostruita dopo il 1267 quando i ghibellini la distrussero. La facciata in pietra \u00e8 tipica del XIII secolo.<\/p>\n<h2>Palazzo Sansedoni a Siena<\/h2>\n<p>Il <strong>Palazzo Sansedoni<\/strong> \u00e8 spesso il pi\u00f9 noto in Piazza del Campo, dopo il Palazzo Pubblico. \u00c8 uno dei migliori esempi di architettura del tardo XIII-XIV secolo. Fu edificato alla fine del XIII secolo dai <strong>Sansedoni<\/strong> riunendo 5 case, con una facciata curvilinea che segue la forma della piazza.<br \/>L&#8217;interno ha affreschi e decorazioni del XVIII secolo. Oggi ospita la Fondazione Monte dei Paschi di Siena, fondazione della prestigiosa banca storica senese, la pi\u00f9 antica al mondo.<br \/>La sua cappella \u00e8 un raro e grandioso esempio di barocco a Siena.<br \/>Le visite sono guidate, su prenotazione, per gruppi di almeno 15 persone.<\/p>\n<h2>Palazzo Piccolomini e Museo delle Biccherne<\/h2>\n<p>Il <strong>Palazzo Piccolomini<\/strong>, situato in via Banchi di Sotto \u00e8 uno dei pi\u00f9 bei esempi rinascimentali a Siena con la sua elegante facciata in pietra. Fu progettato da Bernardo Rossellino, anche lui l&#8217;architetto del magnifico Palazzo Piccolomini di Pienza.<br \/>Ospita l&#8217;Archivio di Stato e il <strong>Museo delle Tavolette di Biccherna<\/strong>. La Biccherna fu la principale magistratura finanziaria della citt\u00e0 dal 1257 al 1786. Le <em>tavolette<\/em> sono le copertine dipinte in copertina dei loro registri contabili. Semplici all&#8217;inizio, sono diventate vere e proprie opere d&#8217;arte. Queste opere sono rare e notevoli, con scene religiose e civili che testimoniano l&#8217;evoluzione sociale di Siena.<br \/>La collezione conta circa cento tavolette dipinte che vanno dal Medioevo agli inizi del XVIII secolo.<\/p>\n\n\n<figure class=\"wp-block-gallery has-nested-images columns-default is-cropped wp-block-gallery-3 is-layout-flex wp-block-gallery-is-layout-flex\">\n<figure class=\"wp-block-image size-medium\"><a href=\"https:\/\/www.latoscane.net\/wp-content\/uploads\/2017\/02\/palazzo-piccolomini-siena_9094-300x200.jpg\"><img loading=\"lazy\" decoding=\"async\" width=\"300\" height=\"200\" data-id=\"4280\" src=\"https:\/\/www.latoscane.net\/wp-content\/uploads\/2017\/02\/palazzo-piccolomini-siena_9094-300x200.jpg\" alt=\"Foto del Palazzo Piccolomini a Siena\" class=\"wp-image-4280\" srcset=\"https:\/\/www.latoscane.net\/wp-content\/uploads\/2017\/02\/palazzo-piccolomini-siena_9094-300x200.jpg 300w, https:\/\/www.latoscane.net\/wp-content\/uploads\/2017\/02\/palazzo-piccolomini-siena_9094-1024x683.jpg 1024w, https:\/\/www.latoscane.net\/wp-content\/uploads\/2017\/02\/palazzo-piccolomini-siena_9094-768x512.jpg 768w, https:\/\/www.latoscane.net\/wp-content\/uploads\/2017\/02\/palazzo-piccolomini-siena_9094.jpg 1200w\" sizes=\"(max-width: 300px) 100vw, 300px\" \/><\/a><figcaption class=\"wp-element-caption\">Palazzo Piccolomini<\/figcaption><\/figure>\n\n\n\n<figure class=\"wp-block-image size-medium\"><a href=\"https:\/\/www.latoscane.net\/wp-content\/uploads\/2017\/02\/palazzo-tolomei-siena_2208-300x200.jpg\"><img loading=\"lazy\" decoding=\"async\" width=\"300\" height=\"200\" data-id=\"4283\" src=\"https:\/\/www.latoscane.net\/wp-content\/uploads\/2017\/02\/palazzo-tolomei-siena_2208-300x200.jpg\" alt=\"Foto del Palazzo Tolomei a Siena\" class=\"wp-image-4283\" srcset=\"https:\/\/www.latoscane.net\/wp-content\/uploads\/2017\/02\/palazzo-tolomei-siena_2208-300x200.jpg 300w, https:\/\/www.latoscane.net\/wp-content\/uploads\/2017\/02\/palazzo-tolomei-siena_2208-1024x683.jpg 1024w, https:\/\/www.latoscane.net\/wp-content\/uploads\/2017\/02\/palazzo-tolomei-siena_2208-768x512.jpg 768w, https:\/\/www.latoscane.net\/wp-content\/uploads\/2017\/02\/palazzo-tolomei-siena_2208.jpg 1200w\" sizes=\"(max-width: 300px) 100vw, 300px\" \/><\/a><figcaption class=\"wp-element-caption\">Palazzo Tolomei<\/figcaption><\/figure>\n\n\n\n<figure class=\"wp-block-image size-medium\"><a href=\"https:\/\/www.latoscane.net\/wp-content\/uploads\/2017\/02\/palazzo-sansedoni-siena-8757-300x200.jpg\"><img loading=\"lazy\" decoding=\"async\" width=\"300\" height=\"200\" data-id=\"4286\" src=\"https:\/\/www.latoscane.net\/wp-content\/uploads\/2017\/02\/palazzo-sansedoni-siena-8757-300x200.jpg\" alt=\"Foto del Palazzo Sansedoni a Siena\" class=\"wp-image-4286\" srcset=\"https:\/\/www.latoscane.net\/wp-content\/uploads\/2017\/02\/palazzo-sansedoni-siena-8757-300x200.jpg 300w, https:\/\/www.latoscane.net\/wp-content\/uploads\/2017\/02\/palazzo-sansedoni-siena-8757-1024x683.jpg 1024w, https:\/\/www.latoscane.net\/wp-content\/uploads\/2017\/02\/palazzo-sansedoni-siena-8757-768x512.jpg 768w, https:\/\/www.latoscane.net\/wp-content\/uploads\/2017\/02\/palazzo-sansedoni-siena-8757.jpg 1200w\" sizes=\"(max-width: 300px) 100vw, 300px\" \/><\/a><figcaption class=\"wp-element-caption\">Palazzo Sansedoni<\/figcaption><\/figure>\n<\/figure>\n\n\n<h2>Palazzo Buonsignori a Siena<\/h2>\n<p>Situato in via San Pietro, il <strong>Palazzo Buonsignori<\/strong> ospita insieme al Palazzo Brigidi la <strong>Pinacoteca Nazionale di Siena<\/strong>.<br \/>Fu costruito nel XV secolo dal banchiere Giovanni Bichi di Guccio. Si tratta di un grande edificio tardo gotico, uno dei pi\u00f9 bei palazzi della citt\u00e0. Nel 1459 fu venduto a Tegliacci e poi nel 1476 a Buonsignori.<\/p>\n<h2>Palazzo Salimbeni a Siena<\/h2>\n<p>Il <strong>Palazzo Salimbeni<\/strong> \u00e8 un palazzo in stile neogotico, sede del <strong>Monte dei Paschi di Siena<\/strong>, la pi\u00f9 antica banca del mondo.<br \/>Fu costruito nel XIV secolo ampliando un palazzo della <strong>famiglia Salimbeni<\/strong>, importante famiglia della fazione ghibellina, opposta ai Tolomei, che divenne la pi\u00f9 ricca della citt\u00e0, grazie al commercio dell&#8217;agricoltura maremmana e alle loro attivit\u00e0 di prestito. I Salimberi dominarono la Valdorcia, parte della Maremma e della Valdichiana. Chiamato in quel tempo il <strong>Castellare<\/strong>, questo palazzo accolse Carlo IV nel 1355 e la moglie del fratello del re di Francia Carlo di Valois partor\u00ec qui.<br \/>Nel XV secolo la Repubblica di Siena lo impieg\u00f2 come Ufficio del Sale e della Gabella (le imposte) e vi si install\u00f2 anche nel 1472 il Monte Pio (il Monte di Piet\u00e0) il cui ruolo era quello di contrastare la pratica dell&#8217;usura. Nel 1866 il Monte Pio fu integrato nel Monte dei Paschi, che concedeva prestiti guadagnando le entrate annuali pubbliche dei pascoli della Maremma. Monte dei Paschi fece di questo palazzo la sua sede nel 1866. Fu ricostruito in stile neogotico nel 1877.<\/p>\n<p>L&#8217;interno ha una spettacolare scala restaurata nel 1972. Conserva anche una straordinaria collezione di dipinti dal XIV al XIX secolo.<br \/>Il palazzo apre solo tre volte all&#8217;anno: la mattina del 2 luglio, in occasione del Palio, la mattina del 15 agosto, il primo sabato di ottobre. Il resto del tempo si pu\u00f2 vedere un cortile interno e alcune sale.<\/p>\n\n\n<figure class=\"wp-block-gallery has-nested-images columns-4 is-cropped wp-block-gallery-4 is-layout-flex wp-block-gallery-is-layout-flex\">\n<figure class=\"wp-block-image size-medium\"><a href=\"https:\/\/www.latoscane.net\/wp-content\/uploads\/2017\/02\/palazzo-buonsignori-siena-2616-200x300.jpg\"><img loading=\"lazy\" decoding=\"async\" width=\"200\" height=\"300\" data-id=\"4310\" src=\"https:\/\/www.latoscane.net\/wp-content\/uploads\/2017\/02\/palazzo-buonsignori-siena-2616-200x300.jpg\" alt=\"Foto del Palazzo Buonsignori a Siena\" class=\"wp-image-4310\" srcset=\"https:\/\/www.latoscane.net\/wp-content\/uploads\/2017\/02\/palazzo-buonsignori-siena-2616-200x300.jpg 200w, https:\/\/www.latoscane.net\/wp-content\/uploads\/2017\/02\/palazzo-buonsignori-siena-2616-683x1024.jpg 683w, https:\/\/www.latoscane.net\/wp-content\/uploads\/2017\/02\/palazzo-buonsignori-siena-2616-768x1152.jpg 768w, https:\/\/www.latoscane.net\/wp-content\/uploads\/2017\/02\/palazzo-buonsignori-siena-2616.jpg 800w\" sizes=\"(max-width: 200px) 100vw, 200px\" \/><\/a><figcaption class=\"wp-element-caption\">Palazzo Buonsignori<\/figcaption><\/figure>\n\n\n\n<figure class=\"wp-block-image size-medium\"><a href=\"https:\/\/www.latoscane.net\/wp-content\/uploads\/2017\/02\/palazzo-buonsignori-siena-pinacoteca-8844-300x200.jpg\"><img loading=\"lazy\" decoding=\"async\" width=\"300\" height=\"200\" data-id=\"4304\" src=\"https:\/\/www.latoscane.net\/wp-content\/uploads\/2017\/02\/palazzo-buonsignori-siena-pinacoteca-8844-300x200.jpg\" alt=\"Foto del Palazzo Buonsignori a Siena\" class=\"wp-image-4304\" srcset=\"https:\/\/www.latoscane.net\/wp-content\/uploads\/2017\/02\/palazzo-buonsignori-siena-pinacoteca-8844-300x200.jpg 300w, https:\/\/www.latoscane.net\/wp-content\/uploads\/2017\/02\/palazzo-buonsignori-siena-pinacoteca-8844-1024x683.jpg 1024w, https:\/\/www.latoscane.net\/wp-content\/uploads\/2017\/02\/palazzo-buonsignori-siena-pinacoteca-8844-768x512.jpg 768w, https:\/\/www.latoscane.net\/wp-content\/uploads\/2017\/02\/palazzo-buonsignori-siena-pinacoteca-8844.jpg 1200w\" sizes=\"(max-width: 300px) 100vw, 300px\" \/><\/a><figcaption class=\"wp-element-caption\">Palazzo Buonsignori<\/figcaption><\/figure>\n\n\n\n<figure class=\"wp-block-image size-medium\"><a href=\"https:\/\/www.latoscane.net\/wp-content\/uploads\/2017\/02\/palazzo-salimbeni-siena-2212-300x200.jpg\"><img loading=\"lazy\" decoding=\"async\" width=\"300\" height=\"200\" data-id=\"4307\" src=\"https:\/\/www.latoscane.net\/wp-content\/uploads\/2017\/02\/palazzo-salimbeni-siena-2212-300x200.jpg\" alt=\"Foto del Palazzo Salimbeni a Siena\" class=\"wp-image-4307\" srcset=\"https:\/\/www.latoscane.net\/wp-content\/uploads\/2017\/02\/palazzo-salimbeni-siena-2212-300x200.jpg 300w, https:\/\/www.latoscane.net\/wp-content\/uploads\/2017\/02\/palazzo-salimbeni-siena-2212-1024x683.jpg 1024w, https:\/\/www.latoscane.net\/wp-content\/uploads\/2017\/02\/palazzo-salimbeni-siena-2212-768x512.jpg 768w, https:\/\/www.latoscane.net\/wp-content\/uploads\/2017\/02\/palazzo-salimbeni-siena-2212.jpg 1200w\" sizes=\"(max-width: 300px) 100vw, 300px\" \/><\/a><figcaption class=\"wp-element-caption\">Palazzo Salimbeni<\/figcaption><\/figure>\n\n\n\n<figure class=\"wp-block-image size-medium\"><a href=\"https:\/\/www.latoscane.net\/wp-content\/uploads\/2017\/02\/palais-salimbeni-sienne-8919.jpg\"><img loading=\"lazy\" decoding=\"async\" width=\"800\" height=\"1200\" data-id=\"4313\" src=\"https:\/\/www.latoscane.net\/wp-content\/uploads\/2017\/02\/palais-salimbeni-sienne-8919.jpg\" alt=\"Foto del Palazzo Salimbeni a Siena\" class=\"wp-image-4313\" srcset=\"https:\/\/www.latoscane.net\/wp-content\/uploads\/2017\/02\/palais-salimbeni-sienne-8919.jpg 800w, https:\/\/www.latoscane.net\/wp-content\/uploads\/2017\/02\/palais-salimbeni-sienne-8919-200x300.jpg 200w, https:\/\/www.latoscane.net\/wp-content\/uploads\/2017\/02\/palais-salimbeni-sienne-8919-683x1024.jpg 683w, https:\/\/www.latoscane.net\/wp-content\/uploads\/2017\/02\/palais-salimbeni-sienne-8919-768x1152.jpg 768w\" sizes=\"(max-width: 800px) 100vw, 800px\" \/><\/a><figcaption class=\"wp-element-caption\">Palazzo Salimbeni<\/figcaption><\/figure>\n\n\n\n<figure class=\"wp-block-image size-large\"><a href=\"https:\/\/www.latoscane.net\/wp-content\/uploads\/2017\/02\/palazzo-salimbeni-siena-2773-1024x683.jpg\"><img loading=\"lazy\" decoding=\"async\" width=\"1024\" height=\"683\" data-id=\"4317\" src=\"https:\/\/www.latoscane.net\/wp-content\/uploads\/2017\/02\/palazzo-salimbeni-siena-2773-1024x683.jpg\" alt=\"Foto del Palazzo Salimbeni a Siena\" class=\"wp-image-4317\" srcset=\"https:\/\/www.latoscane.net\/wp-content\/uploads\/2017\/02\/palazzo-salimbeni-siena-2773-1024x683.jpg 1024w, https:\/\/www.latoscane.net\/wp-content\/uploads\/2017\/02\/palazzo-salimbeni-siena-2773-300x200.jpg 300w, https:\/\/www.latoscane.net\/wp-content\/uploads\/2017\/02\/palazzo-salimbeni-siena-2773-768x512.jpg 768w, https:\/\/www.latoscane.net\/wp-content\/uploads\/2017\/02\/palazzo-salimbeni-siena-2773.jpg 1200w\" sizes=\"(max-width: 1024px) 100vw, 1024px\" \/><\/a><figcaption class=\"wp-element-caption\">Palazzo Salimbeni, Piazza Tolomei<\/figcaption><\/figure>\n<\/figure>\n\n\n<h2>Palazzo delle Papesse<\/h2>\n<p>Il <strong>Palazzo delle Papesse<\/strong> si trova in Via di Citt\u00e0, di origine papale, e oggi ospita il <strong>Centro per l&#8217;Arte Contemporanea senese<\/strong>.<br \/>Costruito tra il 1460 e il 1495, \u00e8 un altro <strong>Palazzo Piccolomini<\/strong>. Mostra un&#8217;architettura rinascimentale in stile fiorentino con la sua tipica facciata in pietra a bossaggio<br \/>Prende il soprannome di \u00abPalazzo delle Papesse\u00bb da Caterina e Laudomia Piccolomini, sorelle del Papa Pio II, il Papa senese che nacque a Pienza e ricostru\u00ec il centro storico di quest&#8217;ultima. Caterina diresse la costruzione del palazzo, eseguita da Bernardo Rossellino, l&#8217;architetto preferito di Papa Pio II.<br \/>Nel 1633, il palazzo ha avuto come ospite Galileo, che era in arresto domiciliare dopo la sua condanna da parte dell&#8217;Inquisizione.<br \/>Dopo la scomparsa dei Piccolomini, il palazzo fu affittato ai Tolomei nel XVII secolo. Nel XIX secolo vi si install\u00f2 l&#8217;Ufficio delle Manifatture Reali e degli uffici di stato. Fu acquistato da una banca fine del XIX secolo, ristrutturato in occasione con affreschi in stile neo-rinascimentale. Dal 1998 ospita il Centro d&#8217;Arte Contemporanea.<\/p>\n<h2>Palazzo Chigi Zondadari<\/h2>\n<p>Il bellissimo <strong>Palazzo Chigi Zondadari<\/strong> si trova in Piazza del Campo, costruita nel 1724 al posto di edifici del XIV e XVI secolo che erano di propriet\u00e0 delle famiglie di commercianti e artigiani Mezolombardi e Rinaldini, poi nel XVI secolo dai Cennini e alla fine del XVII secolo dai Chigi.<br \/>\u00c8 stato costruito dall&#8217;architetto romano Antonio Valeri, ultimo allievo di Gian Lorenzo Bernini.<br \/>\u00c8 quindi tipico dell&#8217;architettura romana del XVIII secolo, con il suo stile lineare, un interno con grandi saloni affrescati da famosi pittori.<br \/>Nel 2022, la Casa Museo Palazzo Chigi Zondadari \u00e8 stata aperta al pubblico per scoprire il palazzo e le sue opere.<\/p>\n<h2>Palazzo Reale di Siena<\/h2>\n<p>Il <strong>Palazzo Reale<\/strong> si trova di fronte alla Cattedrale di Siena, in piazza Jacopo della Quercia. Fu costruito nella seconda met\u00e0 del XV secolo, allora chiamato <strong>Palazzo Petrucci<\/strong>.<br \/>Fu ricostruito alla fine del XVI secolo dai Medici che ne fecero uno dei simboli della loro dominazione su Siena. Oggi \u00e8 sede della prefettura della provincia senese.<\/p>\n<h2>Palazzo Arcivescovile di Siena<\/h2>\n<p>Il <strong>Palazzo Arcivescovile di Siena<\/strong> si trova in Piazza del Duomo a sinistra della Cattedrale di Santa Maria Assunta. La facciata \u00e8 del XVIII secolo ma ha mantenuto lo stile gotico senese del XIV secolo, con un livello inferiore a strisce bianche e nere, e sopra un livello in mattoni.<\/p>\n<h2>Palazzo dei Diavoli<\/h2>\n<p>Oltre la Porta Camollia, questo <strong>Palazzo dei Diavoli<\/strong> ha un nome di origine misteriosa. Una ipotesi lo associa a riti satanici che si sarebbero svolti, un&#8217;altra alla vittoria senese del 1526 sugli eserciti del papa e di Firenze dove forze diaboliche li avrebbero sostenuti.<br \/>Fu residenza dei Buonsignori e avrebbe ospitato artigiani e taverna.<\/p>\n\n\n<figure class=\"wp-block-gallery has-nested-images columns-4 is-cropped wp-block-gallery-5 is-layout-flex wp-block-gallery-is-layout-flex\">\n<figure class=\"wp-block-image size-medium\"><a href=\"https:\/\/www.latoscane.net\/wp-content\/uploads\/2017\/02\/palazzo-arcivescovile-siena-8834-300x200.jpg\"><img loading=\"lazy\" decoding=\"async\" width=\"300\" height=\"200\" data-id=\"4321\" src=\"https:\/\/www.latoscane.net\/wp-content\/uploads\/2017\/02\/palazzo-arcivescovile-siena-8834-300x200.jpg\" alt=\"Foto del Palazzo arcivescovile a Siena\" class=\"wp-image-4321\" srcset=\"https:\/\/www.latoscane.net\/wp-content\/uploads\/2017\/02\/palazzo-arcivescovile-siena-8834-300x200.jpg 300w, https:\/\/www.latoscane.net\/wp-content\/uploads\/2017\/02\/palazzo-arcivescovile-siena-8834-1024x683.jpg 1024w, https:\/\/www.latoscane.net\/wp-content\/uploads\/2017\/02\/palazzo-arcivescovile-siena-8834-768x512.jpg 768w, https:\/\/www.latoscane.net\/wp-content\/uploads\/2017\/02\/palazzo-arcivescovile-siena-8834.jpg 1200w\" sizes=\"(max-width: 300px) 100vw, 300px\" \/><\/a><figcaption class=\"wp-element-caption\">Palazzo arcivescovile<\/figcaption><\/figure>\n\n\n\n<figure class=\"wp-block-image size-medium\"><a href=\"https:\/\/www.latoscane.net\/wp-content\/uploads\/2017\/02\/palazzo-chigi-zondadari-siena-3050-300x200.jpg\"><img loading=\"lazy\" decoding=\"async\" width=\"300\" height=\"200\" data-id=\"4324\" src=\"https:\/\/www.latoscane.net\/wp-content\/uploads\/2017\/02\/palazzo-chigi-zondadari-siena-3050-300x200.jpg\" alt=\"Foto del Palazzo Chigi-Zondadari a Siena\" class=\"wp-image-4324\" srcset=\"https:\/\/www.latoscane.net\/wp-content\/uploads\/2017\/02\/palazzo-chigi-zondadari-siena-3050-300x200.jpg 300w, https:\/\/www.latoscane.net\/wp-content\/uploads\/2017\/02\/palazzo-chigi-zondadari-siena-3050-1024x683.jpg 1024w, https:\/\/www.latoscane.net\/wp-content\/uploads\/2017\/02\/palazzo-chigi-zondadari-siena-3050-768x512.jpg 768w, https:\/\/www.latoscane.net\/wp-content\/uploads\/2017\/02\/palazzo-chigi-zondadari-siena-3050.jpg 1200w\" sizes=\"(max-width: 300px) 100vw, 300px\" \/><\/a><figcaption class=\"wp-element-caption\">Palazzo Chigi-Zondadari<\/figcaption><\/figure>\n\n\n\n<figure class=\"wp-block-image size-medium\"><a href=\"https:\/\/www.latoscane.net\/wp-content\/uploads\/2017\/02\/palazzo-reale-siena-2185-300x200.jpg\"><img loading=\"lazy\" decoding=\"async\" width=\"300\" height=\"200\" data-id=\"4327\" src=\"https:\/\/www.latoscane.net\/wp-content\/uploads\/2017\/02\/palazzo-reale-siena-2185-300x200.jpg\" alt=\"Foto del Palazzo Reale di Siena\" class=\"wp-image-4327\" srcset=\"https:\/\/www.latoscane.net\/wp-content\/uploads\/2017\/02\/palazzo-reale-siena-2185-300x200.jpg 300w, https:\/\/www.latoscane.net\/wp-content\/uploads\/2017\/02\/palazzo-reale-siena-2185-1024x683.jpg 1024w, https:\/\/www.latoscane.net\/wp-content\/uploads\/2017\/02\/palazzo-reale-siena-2185-768x512.jpg 768w, https:\/\/www.latoscane.net\/wp-content\/uploads\/2017\/02\/palazzo-reale-siena-2185.jpg 1200w\" sizes=\"(max-width: 300px) 100vw, 300px\" \/><\/a><figcaption class=\"wp-element-caption\">Palazzo Reale<\/figcaption><\/figure>\n<\/figure>\n\n\n<h2>Mappa con i palazzi di Siena<\/h2>\n<div id=\"travelersmap-container-69f264a04f789\" class=\"travelersmap-container\" style=\"z-index: 1; min-height: 10px; min-width:10px; height:450px;width:100%; max-width:; max-height:; position:relative;\"><div style=\"position:absolute; z-index:-1;top: 50%;text-align: center;display: block;left: 50%;transform: translate(-50%,-50%);\">Travelers' Map is loading...<br>If you see this after your page is loaded completely, leafletJS files are missing.<\/div><\/div>\n<h2>Fonti e collegamenti<\/h2>\n<ul>\n<li>Portali turistici : <a href=\"https:\/\/palazzoravizza.it\/news-itinerari\/alla-scoperta-dei-palazzi-storici-di-siena\/\" target=\"_blank\" rel=\"noopener\">palazzoravizza.it<\/a>, <a href=\"https:\/\/visitsienaofficial.it\/?s=palazzi&amp;lang=it\" target=\"_blank\" rel=\"noopener\">visitsienaofficial.it<\/a><\/li>\n<li>Informazioni : <a href=\"https:\/\/it.wikipedia.org\/wiki\/Categoria:Palazzi_di_Siena\" target=\"_blank\" rel=\"noopener\">it.wikipedia.org<\/a><\/li>\n<\/ul>\n<h2>Articoli legati a Siena<\/h2>\n<ul class=\"lcp_catlist2\" id=\"lcp_instance_0\"><li><a href=\"https:\/\/www.latoscane.net\/it\/siena\/\">Siena<\/a><a href=\"https:\/\/www.latoscane.net\/it\/siena\/\" title=\"Siena\"><img loading=\"lazy\" decoding=\"async\" width=\"150\" height=\"150\" src=\"https:\/\/www.latoscane.net\/wp-content\/uploads\/2017\/03\/torre-dell-mangia-panorama-sienne-3062-150x150.jpg\" class=\"lcp_thumbnail wp-post-image\" alt=\"Siena\" srcset=\"https:\/\/www.latoscane.net\/wp-content\/uploads\/2017\/03\/torre-dell-mangia-panorama-sienne-3062-150x150.jpg 150w, https:\/\/www.latoscane.net\/wp-content\/uploads\/2017\/03\/torre-dell-mangia-panorama-sienne-3062-50x50.jpg 50w, https:\/\/www.latoscane.net\/wp-content\/uploads\/2017\/03\/torre-dell-mangia-panorama-sienne-3062-80x80.jpg 80w, https:\/\/www.latoscane.net\/wp-content\/uploads\/2017\/03\/torre-dell-mangia-panorama-sienne-3062-75x75.jpg 75w\" sizes=\"(max-width: 150px) 100vw, 150px\" \/><\/a><div class=\"lcp_excerpt\">\nSiena \u00e8 con Firenze una delle destinazioni pi\u00f9 attraenti della regione. Citt\u00e0 del famoso palio, una corsa equestre, \u00e8 un&#8217;unica cittadina medievale situata nel cuore delle terre toscane, tra le ...<\/div><\/li><li><a href=\"https:\/\/www.latoscane.net\/it\/da-vedere-a-siena\/\">Cosa vedere a Siena<\/a><a href=\"https:\/\/www.latoscane.net\/it\/da-vedere-a-siena\/\" title=\"Cosa vedere a Siena\"><img loading=\"lazy\" decoding=\"async\" width=\"150\" height=\"150\" src=\"https:\/\/www.latoscane.net\/wp-content\/uploads\/2024\/07\/corte-palazzo-chigi-saracini-siena-8812-150x150.jpg\" class=\"lcp_thumbnail wp-post-image\" alt=\"Cosa vedere a Siena\" srcset=\"https:\/\/www.latoscane.net\/wp-content\/uploads\/2024\/07\/corte-palazzo-chigi-saracini-siena-8812-150x150.jpg 150w, https:\/\/www.latoscane.net\/wp-content\/uploads\/2024\/07\/corte-palazzo-chigi-saracini-siena-8812-50x50.jpg 50w, https:\/\/www.latoscane.net\/wp-content\/uploads\/2024\/07\/corte-palazzo-chigi-saracini-siena-8812-80x80.jpg 80w, https:\/\/www.latoscane.net\/wp-content\/uploads\/2024\/07\/corte-palazzo-chigi-saracini-siena-8812-75x75.jpg 75w\" sizes=\"(max-width: 150px) 100vw, 150px\" \/><\/a><div class=\"lcp_excerpt\">Siena merita pi\u00f9 giorni per prendere la misura del suo fascino. Tuttavia, non \u00e8 una citt\u00e0 molto grande e due giorni possono essere sufficienti per portare con s\u00e9 dei bei ...<\/div><\/li><li><a href=\"https:\/\/www.latoscane.net\/it\/piazza-del-campo-di-siena\/\">Piazza del Campo di Siena<\/a><a href=\"https:\/\/www.latoscane.net\/it\/piazza-del-campo-di-siena\/\" title=\"Piazza del Campo di Siena\"><img loading=\"lazy\" decoding=\"async\" width=\"150\" height=\"150\" src=\"https:\/\/www.latoscane.net\/wp-content\/uploads\/2017\/02\/piazza-del-campo-palazzo-pubblico-siena-2486-150x150.jpg\" class=\"lcp_thumbnail wp-post-image\" alt=\"Piazza del Campo di Siena\" srcset=\"https:\/\/www.latoscane.net\/wp-content\/uploads\/2017\/02\/piazza-del-campo-palazzo-pubblico-siena-2486-150x150.jpg 150w, https:\/\/www.latoscane.net\/wp-content\/uploads\/2017\/02\/piazza-del-campo-palazzo-pubblico-siena-2486-50x50.jpg 50w, https:\/\/www.latoscane.net\/wp-content\/uploads\/2017\/02\/piazza-del-campo-palazzo-pubblico-siena-2486-80x80.jpg 80w, https:\/\/www.latoscane.net\/wp-content\/uploads\/2017\/02\/piazza-del-campo-palazzo-pubblico-siena-2486-75x75.jpg 75w\" sizes=\"(max-width: 150px) 100vw, 150px\" \/><\/a><div class=\"lcp_excerpt\">\nLa Piazza del Campo \u00e8 senza dubbio una delle piazze pi\u00f9 belle ed eleganti del mondo, costruita tra il 1293 e il 1349. \u00c8 il cuore della citt\u00e0 di Siena, ...<\/div><\/li><li><a href=\"https:\/\/www.latoscane.net\/it\/duomo-di-siena\/\">Duomo di Siena<\/a><a href=\"https:\/\/www.latoscane.net\/it\/duomo-di-siena\/\" title=\"Duomo di Siena\"><img loading=\"lazy\" decoding=\"async\" width=\"150\" height=\"150\" src=\"https:\/\/www.latoscane.net\/wp-content\/uploads\/2017\/02\/foto-duomo-di-siena-3098-150x150.jpg\" class=\"lcp_thumbnail wp-post-image\" alt=\"Duomo di Siena\" srcset=\"https:\/\/www.latoscane.net\/wp-content\/uploads\/2017\/02\/foto-duomo-di-siena-3098-150x150.jpg 150w, https:\/\/www.latoscane.net\/wp-content\/uploads\/2017\/02\/foto-duomo-di-siena-3098-50x50.jpg 50w, https:\/\/www.latoscane.net\/wp-content\/uploads\/2017\/02\/foto-duomo-di-siena-3098-80x80.jpg 80w, https:\/\/www.latoscane.net\/wp-content\/uploads\/2017\/02\/foto-duomo-di-siena-3098-75x75.jpg 75w\" sizes=\"(max-width: 150px) 100vw, 150px\" \/><\/a><div class=\"lcp_excerpt\">\nRisaltando subito per le sue pietre e marmo bianchi e neri, la Cattedrale di Santa Maria Assunta di Siena \u00e8 sicuramente una delle pi\u00f9 sorprendenti e belle chiese d&#8217;Italia.Fu costruita ...<\/div><\/li><li><a href=\"https:\/\/www.latoscane.net\/it\/palazzo-pubblico-di-siena\/\">Palazzo Pubblico di Siena<\/a><a href=\"https:\/\/www.latoscane.net\/it\/palazzo-pubblico-di-siena\/\" title=\"Palazzo Pubblico di Siena\"><img loading=\"lazy\" decoding=\"async\" width=\"150\" height=\"150\" src=\"https:\/\/www.latoscane.net\/wp-content\/uploads\/2017\/03\/siena-cortile-del-podesta-palazzo-pubblico-8865-150x150.jpg\" class=\"lcp_thumbnail wp-post-image\" alt=\"Palazzo Pubblico di Siena\" srcset=\"https:\/\/www.latoscane.net\/wp-content\/uploads\/2017\/03\/siena-cortile-del-podesta-palazzo-pubblico-8865-150x150.jpg 150w, https:\/\/www.latoscane.net\/wp-content\/uploads\/2017\/03\/siena-cortile-del-podesta-palazzo-pubblico-8865-50x50.jpg 50w, https:\/\/www.latoscane.net\/wp-content\/uploads\/2017\/03\/siena-cortile-del-podesta-palazzo-pubblico-8865-65x65.jpg 65w\" sizes=\"(max-width: 150px) 100vw, 150px\" \/><\/a><div class=\"lcp_excerpt\">\nL&#8217;edificio pi\u00f9 imponente in Piazza del Campo \u00e8 il Palazzo Pubblico con la torre molto grande adiacente alla Torre della Mangia. Chiamato anche Palazzo Comunale, fu costruito tra il 1297 ...<\/div><\/li><li><a href=\"https:\/\/www.latoscane.net\/it\/museo-civico-di-siena\/\">Museo Civico di Siena<\/a><a href=\"https:\/\/www.latoscane.net\/it\/museo-civico-di-siena\/\" title=\"Museo Civico di Siena\"><img loading=\"lazy\" decoding=\"async\" width=\"150\" height=\"150\" src=\"https:\/\/www.latoscane.net\/wp-content\/uploads\/2017\/02\/allegorie-et-effets-du-bon-et-du-mauvais-gouvernement-salle-des-neuf-palazzo-pubblico-siena-8897-150x150.jpg\" class=\"lcp_thumbnail wp-post-image\" alt=\"Museo Civico di Siena\" srcset=\"https:\/\/www.latoscane.net\/wp-content\/uploads\/2017\/02\/allegorie-et-effets-du-bon-et-du-mauvais-gouvernement-salle-des-neuf-palazzo-pubblico-siena-8897-150x150.jpg 150w, https:\/\/www.latoscane.net\/wp-content\/uploads\/2017\/02\/allegorie-et-effets-du-bon-et-du-mauvais-gouvernement-salle-des-neuf-palazzo-pubblico-siena-8897-50x50.jpg 50w, https:\/\/www.latoscane.net\/wp-content\/uploads\/2017\/02\/allegorie-et-effets-du-bon-et-du-mauvais-gouvernement-salle-des-neuf-palazzo-pubblico-siena-8897-80x80.jpg 80w, https:\/\/www.latoscane.net\/wp-content\/uploads\/2017\/02\/allegorie-et-effets-du-bon-et-du-mauvais-gouvernement-salle-des-neuf-palazzo-pubblico-siena-8897-75x75.jpg 75w\" sizes=\"(max-width: 150px) 100vw, 150px\" \/><\/a><div class=\"lcp_excerpt\">\nIl Museo Civico di Siena fu allestito negli anni &#8217;30, al primo e secondo piano del Palazzo Pubblico. La sua visita, che chiede circa un&#8217;ora, \u00e8 altamente consigliata, come il ...<\/div><\/li><li><a href=\"https:\/\/www.latoscane.net\/it\/santa-maria-della-scala-di-siena\/\">Santa Maria della Scala di Siena<\/a><a href=\"https:\/\/www.latoscane.net\/it\/santa-maria-della-scala-di-siena\/\" title=\"Santa Maria della Scala di Siena\"><img loading=\"lazy\" decoding=\"async\" width=\"150\" height=\"150\" src=\"https:\/\/www.latoscane.net\/wp-content\/uploads\/2017\/03\/pellegrinaio-santa-maria-della-scala-siena-2300-150x150.jpg\" class=\"lcp_thumbnail wp-post-image\" alt=\"Santa Maria della Scala di Siena\" srcset=\"https:\/\/www.latoscane.net\/wp-content\/uploads\/2017\/03\/pellegrinaio-santa-maria-della-scala-siena-2300-150x150.jpg 150w, https:\/\/www.latoscane.net\/wp-content\/uploads\/2017\/03\/pellegrinaio-santa-maria-della-scala-siena-2300-50x50.jpg 50w, https:\/\/www.latoscane.net\/wp-content\/uploads\/2017\/03\/pellegrinaio-santa-maria-della-scala-siena-2300-80x80.jpg 80w, https:\/\/www.latoscane.net\/wp-content\/uploads\/2017\/03\/pellegrinaio-santa-maria-della-scala-siena-2300-75x75.jpg 75w\" sizes=\"(max-width: 150px) 100vw, 150px\" \/><\/a><div class=\"lcp_excerpt\">\nL&#8217;antico ospedale per pellegrini, Santa Maria della Scala, ospita un vasto e ricco complesso museale di Siena che si estende su 19.000 mq. \u00c8 una tappa essenziale per scoprire appieno ...<\/div><\/li><li><a href=\"https:\/\/www.latoscane.net\/it\/santuario-di-santa-caterina-di-siena\/\">Santuario di Santa Caterina di Siena<\/a><a href=\"https:\/\/www.latoscane.net\/it\/santuario-di-santa-caterina-di-siena\/\" title=\"Santuario di Santa Caterina di Siena\"><img loading=\"lazy\" decoding=\"async\" width=\"150\" height=\"150\" src=\"https:\/\/www.latoscane.net\/wp-content\/uploads\/2024\/07\/loggia-santuario-casa-di-santa-caterina-siena-3026-150x150.jpg\" class=\"lcp_thumbnail wp-post-image\" alt=\"Santuario di Santa Caterina di Siena\" srcset=\"https:\/\/www.latoscane.net\/wp-content\/uploads\/2024\/07\/loggia-santuario-casa-di-santa-caterina-siena-3026-150x150.jpg 150w, https:\/\/www.latoscane.net\/wp-content\/uploads\/2024\/07\/loggia-santuario-casa-di-santa-caterina-siena-3026-50x50.jpg 50w, https:\/\/www.latoscane.net\/wp-content\/uploads\/2024\/07\/loggia-santuario-casa-di-santa-caterina-siena-3026-80x80.jpg 80w, https:\/\/www.latoscane.net\/wp-content\/uploads\/2024\/07\/loggia-santuario-casa-di-santa-caterina-siena-3026-75x75.jpg 75w\" sizes=\"(max-width: 150px) 100vw, 150px\" \/><\/a><div class=\"lcp_excerpt\">\nIl Santuario-Casa di Santa Caterina \u00e8 situato sulla Collina di Sant&#8217;Antonio a Siena, composto dalla vecchia casa dei Benincasa, la famiglia di Caterina e la sua casa natale, con vari ...<\/div><\/li><li><a href=\"https:\/\/www.latoscane.net\/it\/basilica-di-san-domenico-di-siena\/\">Basilica di San Domenico di Siena<\/a><a href=\"https:\/\/www.latoscane.net\/it\/basilica-di-san-domenico-di-siena\/\" title=\"Basilica di San Domenico di Siena\"><img loading=\"lazy\" decoding=\"async\" width=\"150\" height=\"150\" src=\"https:\/\/www.latoscane.net\/wp-content\/uploads\/2024\/07\/basilique-saint-dominique-sienne-2251-150x150.jpg\" class=\"lcp_thumbnail wp-post-image\" alt=\"Basilica di San Domenico di Siena\" srcset=\"https:\/\/www.latoscane.net\/wp-content\/uploads\/2024\/07\/basilique-saint-dominique-sienne-2251-150x150.jpg 150w, https:\/\/www.latoscane.net\/wp-content\/uploads\/2024\/07\/basilique-saint-dominique-sienne-2251-50x50.jpg 50w, https:\/\/www.latoscane.net\/wp-content\/uploads\/2024\/07\/basilique-saint-dominique-sienne-2251-80x80.jpg 80w, https:\/\/www.latoscane.net\/wp-content\/uploads\/2024\/07\/basilique-saint-dominique-sienne-2251-75x75.jpg 75w\" sizes=\"(max-width: 150px) 100vw, 150px\" \/><\/a><div class=\"lcp_excerpt\">\nLa Basilica di San Domenico di Siena \u00e8 una delle pi\u00f9 importanti chiese della citt\u00e0, con la sua imponente architettura gotica e le sue opere rinascimentali. \u00c8 dedicata a Domenico ...<\/div><\/li><li class=\"current\"><a href=\"https:\/\/www.latoscane.net\/it\/palazzi-di-siena\/\">Palazzi di Siena<\/a><a href=\"https:\/\/www.latoscane.net\/it\/palazzi-di-siena\/\" title=\"Palazzi di Siena\"><img loading=\"lazy\" decoding=\"async\" width=\"150\" height=\"150\" src=\"https:\/\/www.latoscane.net\/wp-content\/uploads\/2024\/07\/palazzo-chigi-saracini-siena-8815-150x150.jpg\" class=\"lcp_thumbnail wp-post-image\" alt=\"Palazzi di Siena\" srcset=\"https:\/\/www.latoscane.net\/wp-content\/uploads\/2024\/07\/palazzo-chigi-saracini-siena-8815-150x150.jpg 150w, https:\/\/www.latoscane.net\/wp-content\/uploads\/2024\/07\/palazzo-chigi-saracini-siena-8815-50x50.jpg 50w, https:\/\/www.latoscane.net\/wp-content\/uploads\/2024\/07\/palazzo-chigi-saracini-siena-8815-80x80.jpg 80w, https:\/\/www.latoscane.net\/wp-content\/uploads\/2024\/07\/palazzo-chigi-saracini-siena-8815-75x75.jpg 75w\" sizes=\"(max-width: 150px) 100vw, 150px\" \/><\/a><div class=\"lcp_excerpt\">\nLe strade di Siena incantano con i loro splendidi palazzi, per la maggior parte del medioevo, alcuni risalenti al Rinascimento. Non mancano di eleganza con la loro sobriet\u00e0, senza fasti ...<\/div><\/li><li><a href=\"https:\/\/www.latoscane.net\/it\/fontane-e-bottini-di-siena\/\">Fontane e bottini di Siena<\/a><a href=\"https:\/\/www.latoscane.net\/it\/fontane-e-bottini-di-siena\/\" title=\"Fontane e bottini di Siena\"><img loading=\"lazy\" decoding=\"async\" width=\"150\" height=\"150\" src=\"https:\/\/www.latoscane.net\/wp-content\/uploads\/2024\/07\/fontebranda-siena-2559-150x150.jpg\" class=\"lcp_thumbnail wp-post-image\" alt=\"Fontane e bottini di Siena\" srcset=\"https:\/\/www.latoscane.net\/wp-content\/uploads\/2024\/07\/fontebranda-siena-2559-150x150.jpg 150w, https:\/\/www.latoscane.net\/wp-content\/uploads\/2024\/07\/fontebranda-siena-2559-50x50.jpg 50w, https:\/\/www.latoscane.net\/wp-content\/uploads\/2024\/07\/fontebranda-siena-2559-80x80.jpg 80w, https:\/\/www.latoscane.net\/wp-content\/uploads\/2024\/07\/fontebranda-siena-2559-75x75.jpg 75w\" sizes=\"(max-width: 150px) 100vw, 150px\" \/><\/a><div class=\"lcp_excerpt\">\nA Siena si trovano un certo numero di fontane, alimentate dai bottini, le gallerie di un acquedotto medievale sotterraneo costruito a partire dal XII secolo. Queste gallerie hanno un totale ...<\/div><\/li><li><a href=\"https:\/\/www.latoscane.net\/it\/porte-ed-altri-luoghi-di-siena\/\">Porte ed altri luoghi di Siena<\/a><a href=\"https:\/\/www.latoscane.net\/it\/porte-ed-altri-luoghi-di-siena\/\" title=\"Porte ed altri luoghi di Siena\"><img loading=\"lazy\" decoding=\"async\" width=\"150\" height=\"150\" src=\"https:\/\/www.latoscane.net\/wp-content\/uploads\/2017\/01\/porta-tufi-siena-2576-150x150.jpg\" class=\"lcp_thumbnail wp-post-image\" alt=\"Porte ed altri luoghi di Siena\" srcset=\"https:\/\/www.latoscane.net\/wp-content\/uploads\/2017\/01\/porta-tufi-siena-2576-150x150.jpg 150w, https:\/\/www.latoscane.net\/wp-content\/uploads\/2017\/01\/porta-tufi-siena-2576-50x50.jpg 50w, https:\/\/www.latoscane.net\/wp-content\/uploads\/2017\/01\/porta-tufi-siena-2576-80x80.jpg 80w, https:\/\/www.latoscane.net\/wp-content\/uploads\/2017\/01\/porta-tufi-siena-2576-75x75.jpg 75w\" sizes=\"(max-width: 150px) 100vw, 150px\" \/><\/a><div class=\"lcp_excerpt\">\nQuesta pagina \u00e8 dedicata ad altri luoghi interessanti di Siena, tra cui le sue mura e porte, logge, la Fortezza Medicea, alcune piazze e vie del centro.\nMura e porte di ...<\/div><\/li><li><a href=\"https:\/\/www.latoscane.net\/it\/altre-chiese-di-siena\/\">Altre chiese di Siena<\/a><a href=\"https:\/\/www.latoscane.net\/it\/altre-chiese-di-siena\/\" title=\"Altre chiese di Siena\"><img loading=\"lazy\" decoding=\"async\" width=\"150\" height=\"150\" src=\"https:\/\/www.latoscane.net\/wp-content\/uploads\/2024\/07\/basilica-di-san-francesco-siena-2412-150x150.jpg\" class=\"lcp_thumbnail wp-post-image\" alt=\"Altre chiese di Siena\" srcset=\"https:\/\/www.latoscane.net\/wp-content\/uploads\/2024\/07\/basilica-di-san-francesco-siena-2412-150x150.jpg 150w, https:\/\/www.latoscane.net\/wp-content\/uploads\/2024\/07\/basilica-di-san-francesco-siena-2412-50x50.jpg 50w, https:\/\/www.latoscane.net\/wp-content\/uploads\/2024\/07\/basilica-di-san-francesco-siena-2412-80x80.jpg 80w, https:\/\/www.latoscane.net\/wp-content\/uploads\/2024\/07\/basilica-di-san-francesco-siena-2412-75x75.jpg 75w\" sizes=\"(max-width: 150px) 100vw, 150px\" \/><\/a><div class=\"lcp_excerpt\">\nBasilica di San Francesco di Siena\nLa Basilica di San Francesco di Siena \u00e8 una delle pi\u00f9 importanti chiese di Siena, situata nella piazza omonima.Tra il 1228 e il 1255, su ...<\/div><\/li><li><a href=\"https:\/\/www.latoscane.net\/it\/biglietti-e-tour-in-siena\/\">Biglietti e tour in Siena<\/a><a href=\"https:\/\/www.latoscane.net\/it\/biglietti-e-tour-in-siena\/\" title=\"Biglietti e tour in Siena\"><img loading=\"lazy\" decoding=\"async\" width=\"150\" height=\"150\" src=\"https:\/\/www.latoscane.net\/wp-content\/uploads\/2017\/03\/visites-guidees-tickets-sienne-150x150.jpg\" class=\"lcp_thumbnail wp-post-image\" alt=\"Biglietti e tour in Siena\" srcset=\"https:\/\/www.latoscane.net\/wp-content\/uploads\/2017\/03\/visites-guidees-tickets-sienne-150x150.jpg 150w, https:\/\/www.latoscane.net\/wp-content\/uploads\/2017\/03\/visites-guidees-tickets-sienne-50x50.jpg 50w, https:\/\/www.latoscane.net\/wp-content\/uploads\/2017\/03\/visites-guidees-tickets-sienne-65x65.jpg 65w\" sizes=\"(max-width: 150px) 100vw, 150px\" \/><\/a><div class=\"lcp_excerpt\">Biglietti e proposte di visite guidate a Siena, biglietti d&#8217;ingresso, percorsi della citt\u00e0, con il complesso del Duomo, Piazza del Campo, escursioni nei dintorni, attivit\u00e0, ecc\n\n\n\nNella stessa categoria\n&nbsp;\n<\/div><\/li><li><a href=\"https:\/\/www.latoscane.net\/it\/mappa-di-siena\/\">Mappa di Siena<\/a><a href=\"https:\/\/www.latoscane.net\/it\/mappa-di-siena\/\" title=\"Mappa di Siena\"><img loading=\"lazy\" decoding=\"async\" width=\"150\" height=\"150\" src=\"https:\/\/www.latoscane.net\/wp-content\/uploads\/2017\/03\/carte-interactive-toscane-150x150.jpg\" class=\"lcp_thumbnail wp-post-image\" alt=\"Mappa di Siena\" srcset=\"https:\/\/www.latoscane.net\/wp-content\/uploads\/2017\/03\/carte-interactive-toscane-150x150.jpg 150w, https:\/\/www.latoscane.net\/wp-content\/uploads\/2017\/03\/carte-interactive-toscane-50x50.jpg 50w, https:\/\/www.latoscane.net\/wp-content\/uploads\/2017\/03\/carte-interactive-toscane-65x65.jpg 65w\" sizes=\"(max-width: 150px) 100vw, 150px\" \/><\/a><div class=\"lcp_excerpt\">Mappa interattiva di Siena con i principali monumenti, siti turistici e luoghi secondari, chiese, palazzi, piazze o musei\nI siti principali sono indicati con un&#8217;immagine a colori vivaci, mentre i luoghi ...<\/div><\/li><li><a href=\"https:\/\/www.booking.com\/city\/it\/siena.it.html?aid=308562;do_availability_check=1\">Alberghi in Siena<\/a><a href=\"https:\/\/www.booking.com\/city\/it\/siena.it.html?aid=308562;do_availability_check=1\" title=\"Alberghi in Siena\"><img loading=\"lazy\" decoding=\"async\" width=\"150\" height=\"115\" src=\"https:\/\/www.latoscane.net\/wp-content\/uploads\/2017\/02\/hotels-en-toscane-150x115.jpg\" class=\"lcp_thumbnail wp-post-image\" alt=\"Alberghi in Siena\" \/><\/a><div class=\"lcp_excerpt\">Prenota ora un alloggio a Siena, tra hotel, camere, appartamenti e agriturismi. Centinaia di scelte con valutazioni dei clienti, cancellazioni possibili\n<\/div><\/li><li><a href=\"https:\/\/www.latoscane.net\/it\/palio-di-siena\/\">Palio di Siena<\/a><a href=\"https:\/\/www.latoscane.net\/it\/palio-di-siena\/\" title=\"Palio di Siena\"><img loading=\"lazy\" decoding=\"async\" width=\"150\" height=\"150\" src=\"https:\/\/www.latoscane.net\/wp-content\/uploads\/2017\/03\/palio-di-siena-150x150.gif\" class=\"lcp_thumbnail wp-post-image\" alt=\"Palio di Siena\" srcset=\"https:\/\/www.latoscane.net\/wp-content\/uploads\/2017\/03\/palio-di-siena-150x150.gif 150w, https:\/\/www.latoscane.net\/wp-content\/uploads\/2017\/03\/palio-di-siena-50x50.gif 50w, https:\/\/www.latoscane.net\/wp-content\/uploads\/2017\/03\/palio-di-siena-65x65.gif 65w\" sizes=\"(max-width: 150px) 100vw, 150px\" \/><\/a><div class=\"lcp_excerpt\">\nIl Palio di Siena \u00e8 una famosa corsa equestre che vede contrapposti i vari quartieri della citt\u00e0, chiamati contrade, le cui origini risalgono ai giochi del medioevo, che si tiene ...<\/div><\/li><li><a href=\"https:\/\/www.latoscane.net\/it\/meteo-in-siena\/\">Meteo in Siena<\/a><a href=\"https:\/\/www.latoscane.net\/it\/meteo-in-siena\/\" title=\"Meteo in Siena\"><img loading=\"lazy\" decoding=\"async\" width=\"150\" height=\"120\" src=\"https:\/\/www.latoscane.net\/wp-content\/uploads\/2017\/01\/icone-meteo-toscane2-150x120.jpg\" class=\"lcp_thumbnail wp-post-image\" alt=\"Meteo in Siena\" \/><\/a><div class=\"lcp_excerpt\">Il tempo attuale a Siena e le previsioni per i prossimi giorni, con la pluviometria, le temperature o la qualit\u00e0 dell&#8217;aria\nMeteo 5 giorni in Siena\n\n\n\nMeteo dettagliata in Siena\n\n\n\nNella stessa categoria\n<\/div><\/li><\/ul>","protected":false},"excerpt":{"rendered":"<p>Le strade di Siena incantano con i loro splendidi palazzi, per la maggior parte del medioevo, alcuni risalenti al Rinascimento. Non mancano di eleganza con la loro sobriet\u00e0, senza fasti barocchi.Il pi\u00f9 emblematico dei palazzi \u00e8 proprio sul Palazzo Pubblico, situato in Piazza del Campo, accompagnato dalla splendida Torre della Mangia.Scopriamo in pochi, a volte [&hellip;]<\/p>\n","protected":false},"author":1,"featured_media":4272,"comment_status":"open","ping_status":"open","sticky":false,"template":"","format":"standard","meta":{"_acf_changed":false,"footnotes":"","_links_to":"","_links_to_target":""},"categories":[8,126],"tags":[127],"acf":[],"yoast_head":"<!-- This site is optimized with the Yoast SEO plugin v22.8 - https:\/\/yoast.com\/wordpress\/plugins\/seo\/ -->\n<title>Palazzi di Siena - Turismo<\/title>\n<meta name=\"description\" content=\"Scoperta di alcuni dei palazzi che si incrociano nelle vie medievali di Siena, a volte rinascimentali, aperti al pubblico o no\" \/>\n<meta name=\"robots\" content=\"index, follow, max-snippet:-1, max-image-preview:large, max-video-preview:-1\" \/>\n<link rel=\"canonical\" href=\"https:\/\/www.latoscane.net\/it\/palazzi-di-siena\/\" \/>\n<meta property=\"og:locale\" content=\"it_IT\" \/>\n<meta property=\"og:type\" content=\"article\" \/>\n<meta property=\"og:title\" content=\"Palazzi di Siena - Turismo\" \/>\n<meta property=\"og:description\" content=\"Scoperta di alcuni dei palazzi che si incrociano nelle vie medievali di Siena, a volte rinascimentali, aperti al pubblico o no\" \/>\n<meta property=\"og:url\" content=\"https:\/\/www.latoscane.net\/it\/palazzi-di-siena\/\" \/>\n<meta property=\"og:site_name\" content=\"LaToscane.net\" \/>\n<meta property=\"article:published_time\" content=\"2023-01-02T10:06:22+00:00\" \/>\n<meta property=\"article:modified_time\" content=\"2024-11-26T09:20:26+00:00\" \/>\n<meta property=\"og:image\" content=\"https:\/\/www.latoscane.net\/wp-content\/uploads\/2024\/07\/palazzo-chigi-saracini-siena_8815.jpg\" \/>\n\t<meta property=\"og:image:width\" content=\"800\" \/>\n\t<meta property=\"og:image:height\" content=\"1200\" \/>\n\t<meta property=\"og:image:type\" content=\"image\/jpeg\" \/>\n<meta name=\"author\" content=\"Galgano\" \/>\n<meta name=\"twitter:card\" content=\"summary_large_image\" \/>\n<meta name=\"twitter:label1\" content=\"Scritto da\" \/>\n\t<meta name=\"twitter:data1\" content=\"Galgano\" \/>\n\t<meta name=\"twitter:label2\" content=\"Tempo di lettura stimato\" \/>\n\t<meta name=\"twitter:data2\" content=\"12 minuti\" \/>\n<script type=\"application\/ld+json\" class=\"yoast-schema-graph\">{\"@context\":\"https:\/\/schema.org\",\"@graph\":[{\"@type\":\"WebPage\",\"@id\":\"https:\/\/www.latoscane.net\/it\/palazzi-di-siena\/\",\"url\":\"https:\/\/www.latoscane.net\/it\/palazzi-di-siena\/\",\"name\":\"Palazzi di Siena - Turismo\",\"isPartOf\":{\"@id\":\"https:\/\/www.latoscane.net\/#website\"},\"primaryImageOfPage\":{\"@id\":\"https:\/\/www.latoscane.net\/it\/palazzi-di-siena\/#primaryimage\"},\"image\":{\"@id\":\"https:\/\/www.latoscane.net\/it\/palazzi-di-siena\/#primaryimage\"},\"thumbnailUrl\":\"https:\/\/www.latoscane.net\/wp-content\/uploads\/2024\/07\/palazzo-chigi-saracini-siena-8815.jpg\",\"datePublished\":\"2023-01-02T10:06:22+00:00\",\"dateModified\":\"2024-11-26T09:20:26+00:00\",\"author\":{\"@id\":\"https:\/\/www.latoscane.net\/#\/schema\/person\/dae56e679cb6d9bdaf2b0b54b1320d42\"},\"description\":\"Scoperta di alcuni dei palazzi che si incrociano nelle vie medievali di Siena, a volte rinascimentali, aperti al pubblico o no\",\"breadcrumb\":{\"@id\":\"https:\/\/www.latoscane.net\/it\/palazzi-di-siena\/#breadcrumb\"},\"inLanguage\":\"it-IT\",\"potentialAction\":[{\"@type\":\"ReadAction\",\"target\":[\"https:\/\/www.latoscane.net\/it\/palazzi-di-siena\/\"]}]},{\"@type\":\"ImageObject\",\"inLanguage\":\"it-IT\",\"@id\":\"https:\/\/www.latoscane.net\/it\/palazzi-di-siena\/#primaryimage\",\"url\":\"https:\/\/www.latoscane.net\/wp-content\/uploads\/2024\/07\/palazzo-chigi-saracini-siena-8815.jpg\",\"contentUrl\":\"https:\/\/www.latoscane.net\/wp-content\/uploads\/2024\/07\/palazzo-chigi-saracini-siena-8815.jpg\",\"width\":800,\"height\":1200,\"caption\":\"Foto del Palazzo Chigi-Saracini a Siena\"},{\"@type\":\"BreadcrumbList\",\"@id\":\"https:\/\/www.latoscane.net\/it\/palazzi-di-siena\/#breadcrumb\",\"itemListElement\":[{\"@type\":\"ListItem\",\"position\":1,\"name\":\"Accueil\",\"item\":\"https:\/\/www.latoscane.net\/it\/\"},{\"@type\":\"ListItem\",\"position\":2,\"name\":\"Palazzi di Siena\"}]},{\"@type\":\"WebSite\",\"@id\":\"https:\/\/www.latoscane.net\/#website\",\"url\":\"https:\/\/www.latoscane.net\/\",\"name\":\"LaToscane.net\",\"description\":\"Visita della regione Toscana\",\"potentialAction\":[{\"@type\":\"SearchAction\",\"target\":{\"@type\":\"EntryPoint\",\"urlTemplate\":\"https:\/\/www.latoscane.net\/?s={search_term_string}\"},\"query-input\":\"required name=search_term_string\"}],\"inLanguage\":\"it-IT\"},{\"@type\":\"Person\",\"@id\":\"https:\/\/www.latoscane.net\/#\/schema\/person\/dae56e679cb6d9bdaf2b0b54b1320d42\",\"name\":\"Galgano\",\"url\":\"https:\/\/www.latoscane.net\/it\/author\/will\/\"}]}<\/script>\n<!-- \/ Yoast SEO plugin. -->","yoast_head_json":{"title":"Palazzi di Siena - Turismo","description":"Scoperta di alcuni dei palazzi che si incrociano nelle vie medievali di Siena, a volte rinascimentali, aperti al pubblico o no","robots":{"index":"index","follow":"follow","max-snippet":"max-snippet:-1","max-image-preview":"max-image-preview:large","max-video-preview":"max-video-preview:-1"},"canonical":"https:\/\/www.latoscane.net\/it\/palazzi-di-siena\/","og_locale":"it_IT","og_type":"article","og_title":"Palazzi di Siena - Turismo","og_description":"Scoperta di alcuni dei palazzi che si incrociano nelle vie medievali di Siena, a volte rinascimentali, aperti al pubblico o no","og_url":"https:\/\/www.latoscane.net\/it\/palazzi-di-siena\/","og_site_name":"LaToscane.net","article_published_time":"2023-01-02T10:06:22+00:00","article_modified_time":"2024-11-26T09:20:26+00:00","og_image":[{"width":800,"height":1200,"url":"https:\/\/www.latoscane.net\/wp-content\/uploads\/2024\/07\/palazzo-chigi-saracini-siena_8815.jpg","type":"image\/jpeg"}],"author":"Galgano","twitter_card":"summary_large_image","twitter_misc":{"Scritto da":"Galgano","Tempo di lettura stimato":"12 minuti"},"schema":{"@context":"https:\/\/schema.org","@graph":[{"@type":"WebPage","@id":"https:\/\/www.latoscane.net\/it\/palazzi-di-siena\/","url":"https:\/\/www.latoscane.net\/it\/palazzi-di-siena\/","name":"Palazzi di Siena - Turismo","isPartOf":{"@id":"https:\/\/www.latoscane.net\/#website"},"primaryImageOfPage":{"@id":"https:\/\/www.latoscane.net\/it\/palazzi-di-siena\/#primaryimage"},"image":{"@id":"https:\/\/www.latoscane.net\/it\/palazzi-di-siena\/#primaryimage"},"thumbnailUrl":"https:\/\/www.latoscane.net\/wp-content\/uploads\/2024\/07\/palazzo-chigi-saracini-siena-8815.jpg","datePublished":"2023-01-02T10:06:22+00:00","dateModified":"2024-11-26T09:20:26+00:00","author":{"@id":"https:\/\/www.latoscane.net\/#\/schema\/person\/dae56e679cb6d9bdaf2b0b54b1320d42"},"description":"Scoperta di alcuni dei palazzi che si incrociano nelle vie medievali di Siena, a volte rinascimentali, aperti al pubblico o no","breadcrumb":{"@id":"https:\/\/www.latoscane.net\/it\/palazzi-di-siena\/#breadcrumb"},"inLanguage":"it-IT","potentialAction":[{"@type":"ReadAction","target":["https:\/\/www.latoscane.net\/it\/palazzi-di-siena\/"]}]},{"@type":"ImageObject","inLanguage":"it-IT","@id":"https:\/\/www.latoscane.net\/it\/palazzi-di-siena\/#primaryimage","url":"https:\/\/www.latoscane.net\/wp-content\/uploads\/2024\/07\/palazzo-chigi-saracini-siena-8815.jpg","contentUrl":"https:\/\/www.latoscane.net\/wp-content\/uploads\/2024\/07\/palazzo-chigi-saracini-siena-8815.jpg","width":800,"height":1200,"caption":"Foto del Palazzo Chigi-Saracini a Siena"},{"@type":"BreadcrumbList","@id":"https:\/\/www.latoscane.net\/it\/palazzi-di-siena\/#breadcrumb","itemListElement":[{"@type":"ListItem","position":1,"name":"Accueil","item":"https:\/\/www.latoscane.net\/it\/"},{"@type":"ListItem","position":2,"name":"Palazzi di Siena"}]},{"@type":"WebSite","@id":"https:\/\/www.latoscane.net\/#website","url":"https:\/\/www.latoscane.net\/","name":"LaToscane.net","description":"Visita della regione Toscana","potentialAction":[{"@type":"SearchAction","target":{"@type":"EntryPoint","urlTemplate":"https:\/\/www.latoscane.net\/?s={search_term_string}"},"query-input":"required name=search_term_string"}],"inLanguage":"it-IT"},{"@type":"Person","@id":"https:\/\/www.latoscane.net\/#\/schema\/person\/dae56e679cb6d9bdaf2b0b54b1320d42","name":"Galgano","url":"https:\/\/www.latoscane.net\/it\/author\/will\/"}]}},"_links":{"self":[{"href":"https:\/\/www.latoscane.net\/it\/wp-json\/wp\/v2\/posts\/10732"}],"collection":[{"href":"https:\/\/www.latoscane.net\/it\/wp-json\/wp\/v2\/posts"}],"about":[{"href":"https:\/\/www.latoscane.net\/it\/wp-json\/wp\/v2\/types\/post"}],"author":[{"embeddable":true,"href":"https:\/\/www.latoscane.net\/it\/wp-json\/wp\/v2\/users\/1"}],"replies":[{"embeddable":true,"href":"https:\/\/www.latoscane.net\/it\/wp-json\/wp\/v2\/comments?post=10732"}],"version-history":[{"count":9,"href":"https:\/\/www.latoscane.net\/it\/wp-json\/wp\/v2\/posts\/10732\/revisions"}],"predecessor-version":[{"id":13133,"href":"https:\/\/www.latoscane.net\/it\/wp-json\/wp\/v2\/posts\/10732\/revisions\/13133"}],"wp:featuredmedia":[{"embeddable":true,"href":"https:\/\/www.latoscane.net\/it\/wp-json\/wp\/v2\/media\/4272"}],"wp:attachment":[{"href":"https:\/\/www.latoscane.net\/it\/wp-json\/wp\/v2\/media?parent=10732"}],"wp:term":[{"taxonomy":"category","embeddable":true,"href":"https:\/\/www.latoscane.net\/it\/wp-json\/wp\/v2\/categories?post=10732"},{"taxonomy":"post_tag","embeddable":true,"href":"https:\/\/www.latoscane.net\/it\/wp-json\/wp\/v2\/tags?post=10732"}],"curies":[{"name":"wp","href":"https:\/\/api.w.org\/{rel}","templated":true}]}}