{"id":10739,"date":"2023-01-04T11:30:14","date_gmt":"2023-01-04T10:30:14","guid":{"rendered":"https:\/\/www.latoscane.net\/pinacoteca-nazionale-di-siena\/"},"modified":"2025-09-09T10:39:18","modified_gmt":"2025-09-09T08:39:18","slug":"pinacoteca-nazionale-di-siena","status":"publish","type":"post","link":"https:\/\/www.latoscane.net\/it\/pinacoteca-nazionale-di-siena\/","title":{"rendered":"Pinacoteca Nazionale di Siena"},"content":{"rendered":"\n<p>La <strong>Pinacoteca Nazionale di Siena<\/strong> \u00e8 un importante museo italiano, in particolare per la sua collezione di dipinti su fondali d&#8217;oro del XIV e XV secolo senese. Si trova nei Palazzi Buonsignori e Brigidi, inaugurato nel 1932.<br \/>Le opere testimoniano l&#8217;arte pittorica a Siena dal XII al XVII secolo. Gli artisti senesi sono: Duccio di Buoninsegna, Piero e Ambrogio Lorenzetti, Simone Martini, Sassetta, Francesco di Giorgio, Matteo di Giovanni, Sodoma e Beccafumi.<\/p>\n<h2>Visita<\/h2>\n<p>La visita \u00e8 cronologica, con prima al secondo piano le origini della pittura senese fino alla seconda met\u00e0 del XV secolo, tra cui famosi pittori come Duccio di Buoninsegna, Simone Martini, Sano di Pietro, Giovanni di Paolo, Sassetta, Pietro e Ambrogio Lorenzetti (XIV), Matteo di Giovanni e Francesco di Giorgio (XV).<\/p>\n\n\n<figure class=\"wp-block-gallery has-nested-images columns-default is-cropped wp-block-gallery-2 is-layout-flex wp-block-gallery-is-layout-flex\">\n<figure class=\"wp-block-image size-medium\"><a href=\"https:\/\/www.latoscane.net\/wp-content\/uploads\/2017\/02\/fuga-in-egitto-giovanni-di-paolo-2665-300x287.jpg\"><img loading=\"lazy\" decoding=\"async\" width=\"300\" height=\"287\" data-id=\"4584\" src=\"https:\/\/www.latoscane.net\/wp-content\/uploads\/2017\/02\/fuga-in-egitto-giovanni-di-paolo-2665-300x287.jpg\" alt=\"Foto della Fugo in Egitto, Giovanni di Paolo\" class=\"wp-image-4584\" srcset=\"https:\/\/www.latoscane.net\/wp-content\/uploads\/2017\/02\/fuga-in-egitto-giovanni-di-paolo-2665-300x287.jpg 300w, https:\/\/www.latoscane.net\/wp-content\/uploads\/2017\/02\/fuga-in-egitto-giovanni-di-paolo-2665-768x734.jpg 768w, https:\/\/www.latoscane.net\/wp-content\/uploads\/2017\/02\/fuga-in-egitto-giovanni-di-paolo-2665.jpg 837w\" sizes=\"(max-width: 300px) 100vw, 300px\" \/><\/a><figcaption class=\"wp-element-caption\">Fugo in Egitto, Giovanni di Paolo<\/figcaption><\/figure>\n\n\n\n<figure class=\"wp-block-image size-medium\"><a href=\"https:\/\/www.latoscane.net\/wp-content\/uploads\/2017\/02\/madonna-col-bambino-il-beccafumi-2717-300x282.jpg\"><img loading=\"lazy\" decoding=\"async\" width=\"300\" height=\"282\" data-id=\"4587\" src=\"https:\/\/www.latoscane.net\/wp-content\/uploads\/2017\/02\/madonna-col-bambino-il-beccafumi-2717-300x282.jpg\" alt=\"Foto della Madonna col bambino, il Beccafumi\" class=\"wp-image-4587\" srcset=\"https:\/\/www.latoscane.net\/wp-content\/uploads\/2017\/02\/madonna-col-bambino-il-beccafumi-2717-300x282.jpg 300w, https:\/\/www.latoscane.net\/wp-content\/uploads\/2017\/02\/madonna-col-bambino-il-beccafumi-2717-768x723.jpg 768w, https:\/\/www.latoscane.net\/wp-content\/uploads\/2017\/02\/madonna-col-bambino-il-beccafumi-2717.jpg 850w\" sizes=\"(max-width: 300px) 100vw, 300px\" \/><\/a><figcaption class=\"wp-element-caption\">Madonna col bambino, il Beccafumi<\/figcaption><\/figure>\n\n\n\n<figure class=\"wp-block-image size-medium\"><a href=\"https:\/\/www.latoscane.net\/wp-content\/uploads\/2017\/02\/cristo-alla-colonna-il-sodoma-2725-250x300.jpg\"><img loading=\"lazy\" decoding=\"async\" width=\"250\" height=\"300\" data-id=\"4581\" src=\"https:\/\/www.latoscane.net\/wp-content\/uploads\/2017\/02\/cristo-alla-colonna-il-sodoma-2725-250x300.jpg\" alt=\"Foto del Cristo alla Colonna, il Sodoma\" class=\"wp-image-4581\" srcset=\"https:\/\/www.latoscane.net\/wp-content\/uploads\/2017\/02\/cristo-alla-colonna-il-sodoma-2725-250x300.jpg 250w, https:\/\/www.latoscane.net\/wp-content\/uploads\/2017\/02\/cristo-alla-colonna-il-sodoma-2725-768x921.jpg 768w, https:\/\/www.latoscane.net\/wp-content\/uploads\/2017\/02\/cristo-alla-colonna-il-sodoma-2725.jpg 800w\" sizes=\"(max-width: 250px) 100vw, 250px\" \/><\/a><figcaption class=\"wp-element-caption\">Cristo alla Colonna, il Sodoma<\/figcaption><\/figure>\n<\/figure>\n\n\n<p>Il primo piano espone opere del XVI secolo, tra cui Beccafumi e Sodoma, i pi\u00f9 importanti rappresentanti del manierismo senese. Una sezione recente mostra una collezione di opere di artisti senesi attivi tra la fine del XVI secolo e il XV secolo: Francesco Vanni, Alessandro Casolari, Rutilio Manetti.<\/p>\n<p>Il terzo piano ospita le opere della Collezione Spannocchi &#8211; Piccolomini, con dipinti di artisti del XV e XVI secolo dell&#8217;Italia settentrionale, fiamminghi, olandesi e tedeschi, tra cui quelli di Lorenzo Lotto e Albrecht Durer.<\/p>\n<h2>Galleria<\/h2>\n\n\n<figure class=\"wp-block-gallery has-nested-images columns-4 is-cropped wp-block-gallery-3 is-layout-flex wp-block-gallery-is-layout-flex\">\n<figure class=\"wp-block-image\"><img loading=\"lazy\" decoding=\"async\" width=\"1200\" height=\"800\" data-id=\"4599\" src=\"https:\/\/www.latoscane.net\/wp-content\/uploads\/2017\/02\/palazzo-pinacoteca-di-siena-2742.jpg\" alt=\"Corte del palazzo della pinacoteca\" class=\"wp-image-4599\" srcset=\"https:\/\/www.latoscane.net\/wp-content\/uploads\/2017\/02\/palazzo-pinacoteca-di-siena-2742.jpg 1200w, https:\/\/www.latoscane.net\/wp-content\/uploads\/2017\/02\/palazzo-pinacoteca-di-siena-2742-300x200.jpg 300w, https:\/\/www.latoscane.net\/wp-content\/uploads\/2017\/02\/palazzo-pinacoteca-di-siena-2742-1024x683.jpg 1024w, https:\/\/www.latoscane.net\/wp-content\/uploads\/2017\/02\/palazzo-pinacoteca-di-siena-2742-768x512.jpg 768w\" sizes=\"(max-width: 1200px) 100vw, 1200px\" \/><figcaption class=\"wp-element-caption\">Corte del palazzo<\/figcaption><\/figure>\n\n\n\n<figure class=\"wp-block-image\"><img loading=\"lazy\" decoding=\"async\" width=\"1200\" height=\"614\" data-id=\"4611\" src=\"https:\/\/www.latoscane.net\/wp-content\/uploads\/2017\/02\/trasfigurazione-entrata-in-gerusalemme-resurezzione-di-lazzaro-guido-da-siena-2638.jpg\" alt=\"Trasfigurazione, Entrata in gerusalemme, Resurezzione di Lazzaro, di Guido da Siena\" class=\"wp-image-4611\" srcset=\"https:\/\/www.latoscane.net\/wp-content\/uploads\/2017\/02\/trasfigurazione-entrata-in-gerusalemme-resurezzione-di-lazzaro-guido-da-siena-2638.jpg 1200w, https:\/\/www.latoscane.net\/wp-content\/uploads\/2017\/02\/trasfigurazione-entrata-in-gerusalemme-resurezzione-di-lazzaro-guido-da-siena-2638-300x154.jpg 300w, https:\/\/www.latoscane.net\/wp-content\/uploads\/2017\/02\/trasfigurazione-entrata-in-gerusalemme-resurezzione-di-lazzaro-guido-da-siena-2638-1024x524.jpg 1024w, https:\/\/www.latoscane.net\/wp-content\/uploads\/2017\/02\/trasfigurazione-entrata-in-gerusalemme-resurezzione-di-lazzaro-guido-da-siena-2638-768x393.jpg 768w\" sizes=\"(max-width: 1200px) 100vw, 1200px\" \/><figcaption class=\"wp-element-caption\">Trasfigurazione, Entrata in gerusalemme, Resurezzione di Lazzaro, di Guido da Siena<\/figcaption><\/figure>\n\n\n\n<figure class=\"wp-block-image\"><img loading=\"lazy\" decoding=\"async\" width=\"1200\" height=\"755\" data-id=\"4605\" src=\"https:\/\/www.latoscane.net\/wp-content\/uploads\/2017\/02\/sant-antonio-battuto-dai-diavoli-il-sassetta-2669.jpg\" alt=\"Sant'Antonio battuto dai diavoli, il Sassetta\" class=\"wp-image-4605\" srcset=\"https:\/\/www.latoscane.net\/wp-content\/uploads\/2017\/02\/sant-antonio-battuto-dai-diavoli-il-sassetta-2669.jpg 1200w, https:\/\/www.latoscane.net\/wp-content\/uploads\/2017\/02\/sant-antonio-battuto-dai-diavoli-il-sassetta-2669-300x189.jpg 300w, https:\/\/www.latoscane.net\/wp-content\/uploads\/2017\/02\/sant-antonio-battuto-dai-diavoli-il-sassetta-2669-1024x644.jpg 1024w, https:\/\/www.latoscane.net\/wp-content\/uploads\/2017\/02\/sant-antonio-battuto-dai-diavoli-il-sassetta-2669-768x483.jpg 768w\" sizes=\"(max-width: 1200px) 100vw, 1200px\" \/><figcaption class=\"wp-element-caption\">Sant&#8217;Antonio battuto dai diavoli, il Sassetta<\/figcaption><\/figure>\n\n\n\n<figure class=\"wp-block-image\"><img loading=\"lazy\" decoding=\"async\" width=\"761\" height=\"1200\" data-id=\"4593\" src=\"https:\/\/www.latoscane.net\/wp-content\/uploads\/2017\/02\/adorazione-dei-pastori-pietro-di-domenico-2683.jpg\" alt=\"Adorazione dei pastori, Pietro di Domenico\" class=\"wp-image-4593\" srcset=\"https:\/\/www.latoscane.net\/wp-content\/uploads\/2017\/02\/adorazione-dei-pastori-pietro-di-domenico-2683.jpg 761w, https:\/\/www.latoscane.net\/wp-content\/uploads\/2017\/02\/adorazione-dei-pastori-pietro-di-domenico-2683-190x300.jpg 190w, https:\/\/www.latoscane.net\/wp-content\/uploads\/2017\/02\/adorazione-dei-pastori-pietro-di-domenico-2683-649x1024.jpg 649w\" sizes=\"(max-width: 761px) 100vw, 761px\" \/><figcaption class=\"wp-element-caption\">Adorazione dei pastori, Pietro di Domenico<\/figcaption><\/figure>\n\n\n\n<figure class=\"wp-block-image\"><img loading=\"lazy\" decoding=\"async\" width=\"672\" height=\"1200\" data-id=\"4596\" src=\"https:\/\/www.latoscane.net\/wp-content\/uploads\/2017\/02\/adorazione-di-gesu-nell-orto-il-sodoma-2736.jpg\" alt=\"Adorazione di Ges\u00f9 nel giardino, il Sodoma\" class=\"wp-image-4596\" srcset=\"https:\/\/www.latoscane.net\/wp-content\/uploads\/2017\/02\/adorazione-di-gesu-nell-orto-il-sodoma-2736.jpg 672w, https:\/\/www.latoscane.net\/wp-content\/uploads\/2017\/02\/adorazione-di-gesu-nell-orto-il-sodoma-2736-168x300.jpg 168w, https:\/\/www.latoscane.net\/wp-content\/uploads\/2017\/02\/adorazione-di-gesu-nell-orto-il-sodoma-2736-573x1024.jpg 573w\" sizes=\"(max-width: 672px) 100vw, 672px\" \/><figcaption class=\"wp-element-caption\">Adorazione di Ges\u00f9 nel giardino, il Sodoma<\/figcaption><\/figure>\n\n\n\n<figure class=\"wp-block-image\"><img loading=\"lazy\" decoding=\"async\" width=\"800\" height=\"1064\" data-id=\"4608\" src=\"https:\/\/www.latoscane.net\/wp-content\/uploads\/2017\/02\/visitazione-della-madonna-piero-di-francesco-degli-orioli-2706.jpg\" alt=\"Visitazione di Maria, di Francesco degli Orioli\" class=\"wp-image-4608\" srcset=\"https:\/\/www.latoscane.net\/wp-content\/uploads\/2017\/02\/visitazione-della-madonna-piero-di-francesco-degli-orioli-2706.jpg 800w, https:\/\/www.latoscane.net\/wp-content\/uploads\/2017\/02\/visitazione-della-madonna-piero-di-francesco-degli-orioli-2706-226x300.jpg 226w, https:\/\/www.latoscane.net\/wp-content\/uploads\/2017\/02\/visitazione-della-madonna-piero-di-francesco-degli-orioli-2706-770x1024.jpg 770w, https:\/\/www.latoscane.net\/wp-content\/uploads\/2017\/02\/visitazione-della-madonna-piero-di-francesco-degli-orioli-2706-768x1021.jpg 768w\" sizes=\"(max-width: 800px) 100vw, 800px\" \/><figcaption class=\"wp-element-caption\">Visitazione di Maria, di Francesco degli Orioli<\/figcaption><\/figure>\n\n\n\n<figure class=\"wp-block-image\"><img loading=\"lazy\" decoding=\"async\" width=\"800\" height=\"1200\" data-id=\"4602\" src=\"https:\/\/www.latoscane.net\/wp-content\/uploads\/2017\/02\/paradiso-bartolomeo-neroni-il-riccio-2704.jpg\" alt=\"Il Paradiso, Bartolomeo Neroni detto il Riccio\" class=\"wp-image-4602\" srcset=\"https:\/\/www.latoscane.net\/wp-content\/uploads\/2017\/02\/paradiso-bartolomeo-neroni-il-riccio-2704.jpg 800w, https:\/\/www.latoscane.net\/wp-content\/uploads\/2017\/02\/paradiso-bartolomeo-neroni-il-riccio-2704-200x300.jpg 200w, https:\/\/www.latoscane.net\/wp-content\/uploads\/2017\/02\/paradiso-bartolomeo-neroni-il-riccio-2704-683x1024.jpg 683w, https:\/\/www.latoscane.net\/wp-content\/uploads\/2017\/02\/paradiso-bartolomeo-neroni-il-riccio-2704-768x1152.jpg 768w\" sizes=\"(max-width: 800px) 100vw, 800px\" \/><figcaption class=\"wp-element-caption\">Il Paradiso, Bartolomeo Neroni detto il Riccio<\/figcaption><\/figure>\n<\/figure>\n\n\n<h2>Dov&#8217;\u00e8 la pinacoteca di Siena, mappa<\/h2>\n<div id=\"travelersmap-container-69f27285f0147\" class=\"travelersmap-container\" style=\"z-index: 1; min-height: 10px; min-width:10px; height:450px;width:100%; max-width:; max-height:; position:relative;\"><div style=\"position:absolute; z-index:-1;top: 50%;text-align: center;display: block;left: 50%;transform: translate(-50%,-50%);\">Travelers' Map is loading...<br>If you see this after your page is loaded completely, leafletJS files are missing.<\/div><\/div>\n<h2>Fonti e collegamenti<\/h2>\n<ul>\n<li>Sito ufficiale : <a href=\"https:\/\/www.pinacotecanazionalesiena.it\/\" target=\"_blank\" rel=\"noopener\">www.pinacotecanazionalesiena.it<\/a><\/li>\n<li>Informazioni : <a href=\"https:\/\/it.wikipedia.org\/wiki\/Pinacoteca_nazionale_(Siena)\" target=\"_blank\" rel=\"noopener\">it.wikipedia.org<\/a><\/li>\n<\/ul>\n<h2>Articoli legati a Siena<\/h2>\n<ul class=\"lcp_catlist2\" id=\"lcp_instance_0\"><li><a href=\"https:\/\/www.latoscane.net\/it\/siena\/\">Siena<\/a><a href=\"https:\/\/www.latoscane.net\/it\/siena\/\" title=\"Siena\"><img loading=\"lazy\" decoding=\"async\" width=\"150\" height=\"150\" src=\"https:\/\/www.latoscane.net\/wp-content\/uploads\/2017\/03\/torre-dell-mangia-panorama-sienne-3062-150x150.jpg\" class=\"lcp_thumbnail wp-post-image\" alt=\"Siena\" srcset=\"https:\/\/www.latoscane.net\/wp-content\/uploads\/2017\/03\/torre-dell-mangia-panorama-sienne-3062-150x150.jpg 150w, https:\/\/www.latoscane.net\/wp-content\/uploads\/2017\/03\/torre-dell-mangia-panorama-sienne-3062-50x50.jpg 50w, https:\/\/www.latoscane.net\/wp-content\/uploads\/2017\/03\/torre-dell-mangia-panorama-sienne-3062-80x80.jpg 80w, https:\/\/www.latoscane.net\/wp-content\/uploads\/2017\/03\/torre-dell-mangia-panorama-sienne-3062-75x75.jpg 75w\" sizes=\"(max-width: 150px) 100vw, 150px\" \/><\/a><div class=\"lcp_excerpt\">\nSiena \u00e8 con Firenze una delle destinazioni pi\u00f9 attraenti della regione. Citt\u00e0 del famoso palio, una corsa equestre, \u00e8 un&#8217;unica cittadina medievale situata nel cuore delle terre toscane, tra le ...<\/div><\/li><li><a href=\"https:\/\/www.latoscane.net\/it\/da-vedere-a-siena\/\">Cosa vedere a Siena<\/a><a href=\"https:\/\/www.latoscane.net\/it\/da-vedere-a-siena\/\" title=\"Cosa vedere a Siena\"><img loading=\"lazy\" decoding=\"async\" width=\"150\" height=\"150\" src=\"https:\/\/www.latoscane.net\/wp-content\/uploads\/2024\/07\/corte-palazzo-chigi-saracini-siena-8812-150x150.jpg\" class=\"lcp_thumbnail wp-post-image\" alt=\"Cosa vedere a Siena\" srcset=\"https:\/\/www.latoscane.net\/wp-content\/uploads\/2024\/07\/corte-palazzo-chigi-saracini-siena-8812-150x150.jpg 150w, https:\/\/www.latoscane.net\/wp-content\/uploads\/2024\/07\/corte-palazzo-chigi-saracini-siena-8812-50x50.jpg 50w, https:\/\/www.latoscane.net\/wp-content\/uploads\/2024\/07\/corte-palazzo-chigi-saracini-siena-8812-80x80.jpg 80w, https:\/\/www.latoscane.net\/wp-content\/uploads\/2024\/07\/corte-palazzo-chigi-saracini-siena-8812-75x75.jpg 75w\" sizes=\"(max-width: 150px) 100vw, 150px\" \/><\/a><div class=\"lcp_excerpt\">Siena merita pi\u00f9 giorni per prendere la misura del suo fascino. Tuttavia, non \u00e8 una citt\u00e0 molto grande e due giorni possono essere sufficienti per portare con s\u00e9 dei bei ...<\/div><\/li><li><a href=\"https:\/\/www.latoscane.net\/it\/piazza-del-campo-di-siena\/\">Piazza del Campo di Siena<\/a><a href=\"https:\/\/www.latoscane.net\/it\/piazza-del-campo-di-siena\/\" title=\"Piazza del Campo di Siena\"><img loading=\"lazy\" decoding=\"async\" width=\"150\" height=\"150\" src=\"https:\/\/www.latoscane.net\/wp-content\/uploads\/2017\/02\/piazza-del-campo-palazzo-pubblico-siena-2486-150x150.jpg\" class=\"lcp_thumbnail wp-post-image\" alt=\"Piazza del Campo di Siena\" srcset=\"https:\/\/www.latoscane.net\/wp-content\/uploads\/2017\/02\/piazza-del-campo-palazzo-pubblico-siena-2486-150x150.jpg 150w, https:\/\/www.latoscane.net\/wp-content\/uploads\/2017\/02\/piazza-del-campo-palazzo-pubblico-siena-2486-50x50.jpg 50w, https:\/\/www.latoscane.net\/wp-content\/uploads\/2017\/02\/piazza-del-campo-palazzo-pubblico-siena-2486-80x80.jpg 80w, https:\/\/www.latoscane.net\/wp-content\/uploads\/2017\/02\/piazza-del-campo-palazzo-pubblico-siena-2486-75x75.jpg 75w\" sizes=\"(max-width: 150px) 100vw, 150px\" \/><\/a><div class=\"lcp_excerpt\">\nLa Piazza del Campo \u00e8 senza dubbio una delle piazze pi\u00f9 belle ed eleganti del mondo, costruita tra il 1293 e il 1349. \u00c8 il cuore della citt\u00e0 di Siena, ...<\/div><\/li><li><a href=\"https:\/\/www.latoscane.net\/it\/duomo-di-siena\/\">Duomo di Siena<\/a><a href=\"https:\/\/www.latoscane.net\/it\/duomo-di-siena\/\" title=\"Duomo di Siena\"><img loading=\"lazy\" decoding=\"async\" width=\"150\" height=\"150\" src=\"https:\/\/www.latoscane.net\/wp-content\/uploads\/2017\/02\/foto-duomo-di-siena-3098-150x150.jpg\" class=\"lcp_thumbnail wp-post-image\" alt=\"Duomo di Siena\" srcset=\"https:\/\/www.latoscane.net\/wp-content\/uploads\/2017\/02\/foto-duomo-di-siena-3098-150x150.jpg 150w, https:\/\/www.latoscane.net\/wp-content\/uploads\/2017\/02\/foto-duomo-di-siena-3098-50x50.jpg 50w, https:\/\/www.latoscane.net\/wp-content\/uploads\/2017\/02\/foto-duomo-di-siena-3098-80x80.jpg 80w, https:\/\/www.latoscane.net\/wp-content\/uploads\/2017\/02\/foto-duomo-di-siena-3098-75x75.jpg 75w\" sizes=\"(max-width: 150px) 100vw, 150px\" \/><\/a><div class=\"lcp_excerpt\">\nRisaltando subito per le sue pietre e marmo bianchi e neri, la Cattedrale di Santa Maria Assunta di Siena \u00e8 sicuramente una delle pi\u00f9 sorprendenti e belle chiese d&#8217;Italia.Fu costruita ...<\/div><\/li><li><a href=\"https:\/\/www.latoscane.net\/it\/palazzo-pubblico-di-siena\/\">Palazzo Pubblico di Siena<\/a><a href=\"https:\/\/www.latoscane.net\/it\/palazzo-pubblico-di-siena\/\" title=\"Palazzo Pubblico di Siena\"><img loading=\"lazy\" decoding=\"async\" width=\"150\" height=\"150\" src=\"https:\/\/www.latoscane.net\/wp-content\/uploads\/2017\/03\/siena-cortile-del-podesta-palazzo-pubblico-8865-150x150.jpg\" class=\"lcp_thumbnail wp-post-image\" alt=\"Palazzo Pubblico di Siena\" srcset=\"https:\/\/www.latoscane.net\/wp-content\/uploads\/2017\/03\/siena-cortile-del-podesta-palazzo-pubblico-8865-150x150.jpg 150w, https:\/\/www.latoscane.net\/wp-content\/uploads\/2017\/03\/siena-cortile-del-podesta-palazzo-pubblico-8865-50x50.jpg 50w, https:\/\/www.latoscane.net\/wp-content\/uploads\/2017\/03\/siena-cortile-del-podesta-palazzo-pubblico-8865-65x65.jpg 65w\" sizes=\"(max-width: 150px) 100vw, 150px\" \/><\/a><div class=\"lcp_excerpt\">\nL&#8217;edificio pi\u00f9 imponente in Piazza del Campo \u00e8 il Palazzo Pubblico con la torre molto grande adiacente alla Torre della Mangia. Chiamato anche Palazzo Comunale, fu costruito tra il 1297 ...<\/div><\/li><li><a href=\"https:\/\/www.latoscane.net\/it\/museo-civico-di-siena\/\">Museo Civico di Siena<\/a><a href=\"https:\/\/www.latoscane.net\/it\/museo-civico-di-siena\/\" title=\"Museo Civico di Siena\"><img loading=\"lazy\" decoding=\"async\" width=\"150\" height=\"150\" src=\"https:\/\/www.latoscane.net\/wp-content\/uploads\/2017\/02\/allegorie-et-effets-du-bon-et-du-mauvais-gouvernement-salle-des-neuf-palazzo-pubblico-siena-8897-150x150.jpg\" class=\"lcp_thumbnail wp-post-image\" alt=\"Museo Civico di Siena\" srcset=\"https:\/\/www.latoscane.net\/wp-content\/uploads\/2017\/02\/allegorie-et-effets-du-bon-et-du-mauvais-gouvernement-salle-des-neuf-palazzo-pubblico-siena-8897-150x150.jpg 150w, https:\/\/www.latoscane.net\/wp-content\/uploads\/2017\/02\/allegorie-et-effets-du-bon-et-du-mauvais-gouvernement-salle-des-neuf-palazzo-pubblico-siena-8897-50x50.jpg 50w, https:\/\/www.latoscane.net\/wp-content\/uploads\/2017\/02\/allegorie-et-effets-du-bon-et-du-mauvais-gouvernement-salle-des-neuf-palazzo-pubblico-siena-8897-80x80.jpg 80w, https:\/\/www.latoscane.net\/wp-content\/uploads\/2017\/02\/allegorie-et-effets-du-bon-et-du-mauvais-gouvernement-salle-des-neuf-palazzo-pubblico-siena-8897-75x75.jpg 75w\" sizes=\"(max-width: 150px) 100vw, 150px\" \/><\/a><div class=\"lcp_excerpt\">\nIl Museo Civico di Siena fu allestito negli anni &#8217;30, al primo e secondo piano del Palazzo Pubblico. La sua visita, che chiede circa un&#8217;ora, \u00e8 altamente consigliata, come il ...<\/div><\/li><li><a href=\"https:\/\/www.latoscane.net\/it\/santa-maria-della-scala-di-siena\/\">Santa Maria della Scala di Siena<\/a><a href=\"https:\/\/www.latoscane.net\/it\/santa-maria-della-scala-di-siena\/\" title=\"Santa Maria della Scala di Siena\"><img loading=\"lazy\" decoding=\"async\" width=\"150\" height=\"150\" src=\"https:\/\/www.latoscane.net\/wp-content\/uploads\/2017\/03\/pellegrinaio-santa-maria-della-scala-siena-2300-150x150.jpg\" class=\"lcp_thumbnail wp-post-image\" alt=\"Santa Maria della Scala di Siena\" srcset=\"https:\/\/www.latoscane.net\/wp-content\/uploads\/2017\/03\/pellegrinaio-santa-maria-della-scala-siena-2300-150x150.jpg 150w, https:\/\/www.latoscane.net\/wp-content\/uploads\/2017\/03\/pellegrinaio-santa-maria-della-scala-siena-2300-50x50.jpg 50w, https:\/\/www.latoscane.net\/wp-content\/uploads\/2017\/03\/pellegrinaio-santa-maria-della-scala-siena-2300-80x80.jpg 80w, https:\/\/www.latoscane.net\/wp-content\/uploads\/2017\/03\/pellegrinaio-santa-maria-della-scala-siena-2300-75x75.jpg 75w\" sizes=\"(max-width: 150px) 100vw, 150px\" \/><\/a><div class=\"lcp_excerpt\">\nL&#8217;antico ospedale per pellegrini, Santa Maria della Scala, ospita un vasto e ricco complesso museale di Siena che si estende su 19.000 mq. \u00c8 una tappa essenziale per scoprire appieno ...<\/div><\/li><li><a href=\"https:\/\/www.latoscane.net\/it\/santuario-di-santa-caterina-di-siena\/\">Santuario di Santa Caterina di Siena<\/a><a href=\"https:\/\/www.latoscane.net\/it\/santuario-di-santa-caterina-di-siena\/\" title=\"Santuario di Santa Caterina di Siena\"><img loading=\"lazy\" decoding=\"async\" width=\"150\" height=\"150\" src=\"https:\/\/www.latoscane.net\/wp-content\/uploads\/2024\/07\/loggia-santuario-casa-di-santa-caterina-siena-3026-150x150.jpg\" class=\"lcp_thumbnail wp-post-image\" alt=\"Santuario di Santa Caterina di Siena\" srcset=\"https:\/\/www.latoscane.net\/wp-content\/uploads\/2024\/07\/loggia-santuario-casa-di-santa-caterina-siena-3026-150x150.jpg 150w, https:\/\/www.latoscane.net\/wp-content\/uploads\/2024\/07\/loggia-santuario-casa-di-santa-caterina-siena-3026-50x50.jpg 50w, https:\/\/www.latoscane.net\/wp-content\/uploads\/2024\/07\/loggia-santuario-casa-di-santa-caterina-siena-3026-80x80.jpg 80w, https:\/\/www.latoscane.net\/wp-content\/uploads\/2024\/07\/loggia-santuario-casa-di-santa-caterina-siena-3026-75x75.jpg 75w\" sizes=\"(max-width: 150px) 100vw, 150px\" \/><\/a><div class=\"lcp_excerpt\">\nIl Santuario-Casa di Santa Caterina \u00e8 situato sulla Collina di Sant&#8217;Antonio a Siena, composto dalla vecchia casa dei Benincasa, la famiglia di Caterina e la sua casa natale, con vari ...<\/div><\/li><li><a href=\"https:\/\/www.latoscane.net\/it\/basilica-di-san-domenico-di-siena\/\">Basilica di San Domenico di Siena<\/a><a href=\"https:\/\/www.latoscane.net\/it\/basilica-di-san-domenico-di-siena\/\" title=\"Basilica di San Domenico di Siena\"><img loading=\"lazy\" decoding=\"async\" width=\"150\" height=\"150\" src=\"https:\/\/www.latoscane.net\/wp-content\/uploads\/2024\/07\/basilique-saint-dominique-sienne-2251-150x150.jpg\" class=\"lcp_thumbnail wp-post-image\" alt=\"Basilica di San Domenico di Siena\" srcset=\"https:\/\/www.latoscane.net\/wp-content\/uploads\/2024\/07\/basilique-saint-dominique-sienne-2251-150x150.jpg 150w, https:\/\/www.latoscane.net\/wp-content\/uploads\/2024\/07\/basilique-saint-dominique-sienne-2251-50x50.jpg 50w, https:\/\/www.latoscane.net\/wp-content\/uploads\/2024\/07\/basilique-saint-dominique-sienne-2251-80x80.jpg 80w, https:\/\/www.latoscane.net\/wp-content\/uploads\/2024\/07\/basilique-saint-dominique-sienne-2251-75x75.jpg 75w\" sizes=\"(max-width: 150px) 100vw, 150px\" \/><\/a><div class=\"lcp_excerpt\">\nLa Basilica di San Domenico di Siena \u00e8 una delle pi\u00f9 importanti chiese della citt\u00e0, con la sua imponente architettura gotica e le sue opere rinascimentali. \u00c8 dedicata a Domenico ...<\/div><\/li><li><a href=\"https:\/\/www.latoscane.net\/it\/palazzi-di-siena\/\">Palazzi di Siena<\/a><a href=\"https:\/\/www.latoscane.net\/it\/palazzi-di-siena\/\" title=\"Palazzi di Siena\"><img loading=\"lazy\" decoding=\"async\" width=\"150\" height=\"150\" src=\"https:\/\/www.latoscane.net\/wp-content\/uploads\/2024\/07\/palazzo-chigi-saracini-siena-8815-150x150.jpg\" class=\"lcp_thumbnail wp-post-image\" alt=\"Palazzi di Siena\" srcset=\"https:\/\/www.latoscane.net\/wp-content\/uploads\/2024\/07\/palazzo-chigi-saracini-siena-8815-150x150.jpg 150w, https:\/\/www.latoscane.net\/wp-content\/uploads\/2024\/07\/palazzo-chigi-saracini-siena-8815-50x50.jpg 50w, https:\/\/www.latoscane.net\/wp-content\/uploads\/2024\/07\/palazzo-chigi-saracini-siena-8815-80x80.jpg 80w, https:\/\/www.latoscane.net\/wp-content\/uploads\/2024\/07\/palazzo-chigi-saracini-siena-8815-75x75.jpg 75w\" sizes=\"(max-width: 150px) 100vw, 150px\" \/><\/a><div class=\"lcp_excerpt\">\nLe strade di Siena incantano con i loro splendidi palazzi, per la maggior parte del medioevo, alcuni risalenti al Rinascimento. Non mancano di eleganza con la loro sobriet\u00e0, senza fasti ...<\/div><\/li><li><a href=\"https:\/\/www.latoscane.net\/it\/fontane-e-bottini-di-siena\/\">Fontane e bottini di Siena<\/a><a href=\"https:\/\/www.latoscane.net\/it\/fontane-e-bottini-di-siena\/\" title=\"Fontane e bottini di Siena\"><img loading=\"lazy\" decoding=\"async\" width=\"150\" height=\"150\" src=\"https:\/\/www.latoscane.net\/wp-content\/uploads\/2024\/07\/fontebranda-siena-2559-150x150.jpg\" class=\"lcp_thumbnail wp-post-image\" alt=\"Fontane e bottini di Siena\" srcset=\"https:\/\/www.latoscane.net\/wp-content\/uploads\/2024\/07\/fontebranda-siena-2559-150x150.jpg 150w, https:\/\/www.latoscane.net\/wp-content\/uploads\/2024\/07\/fontebranda-siena-2559-50x50.jpg 50w, https:\/\/www.latoscane.net\/wp-content\/uploads\/2024\/07\/fontebranda-siena-2559-80x80.jpg 80w, https:\/\/www.latoscane.net\/wp-content\/uploads\/2024\/07\/fontebranda-siena-2559-75x75.jpg 75w\" sizes=\"(max-width: 150px) 100vw, 150px\" \/><\/a><div class=\"lcp_excerpt\">\nA Siena si trovano un certo numero di fontane, alimentate dai bottini, le gallerie di un acquedotto medievale sotterraneo costruito a partire dal XII secolo. Queste gallerie hanno un totale ...<\/div><\/li><li><a href=\"https:\/\/www.latoscane.net\/it\/porte-ed-altri-luoghi-di-siena\/\">Porte ed altri luoghi di Siena<\/a><a href=\"https:\/\/www.latoscane.net\/it\/porte-ed-altri-luoghi-di-siena\/\" title=\"Porte ed altri luoghi di Siena\"><img loading=\"lazy\" decoding=\"async\" width=\"150\" height=\"150\" src=\"https:\/\/www.latoscane.net\/wp-content\/uploads\/2017\/01\/porta-tufi-siena-2576-150x150.jpg\" class=\"lcp_thumbnail wp-post-image\" alt=\"Porte ed altri luoghi di Siena\" srcset=\"https:\/\/www.latoscane.net\/wp-content\/uploads\/2017\/01\/porta-tufi-siena-2576-150x150.jpg 150w, https:\/\/www.latoscane.net\/wp-content\/uploads\/2017\/01\/porta-tufi-siena-2576-50x50.jpg 50w, https:\/\/www.latoscane.net\/wp-content\/uploads\/2017\/01\/porta-tufi-siena-2576-80x80.jpg 80w, https:\/\/www.latoscane.net\/wp-content\/uploads\/2017\/01\/porta-tufi-siena-2576-75x75.jpg 75w\" sizes=\"(max-width: 150px) 100vw, 150px\" \/><\/a><div class=\"lcp_excerpt\">\nQuesta pagina \u00e8 dedicata ad altri luoghi interessanti di Siena, tra cui le sue mura e porte, logge, la Fortezza Medicea, alcune piazze e vie del centro.\nMura e porte di ...<\/div><\/li><li><a href=\"https:\/\/www.latoscane.net\/it\/altre-chiese-di-siena\/\">Altre chiese di Siena<\/a><a href=\"https:\/\/www.latoscane.net\/it\/altre-chiese-di-siena\/\" title=\"Altre chiese di Siena\"><img loading=\"lazy\" decoding=\"async\" width=\"150\" height=\"150\" src=\"https:\/\/www.latoscane.net\/wp-content\/uploads\/2024\/07\/basilica-di-san-francesco-siena-2412-150x150.jpg\" class=\"lcp_thumbnail wp-post-image\" alt=\"Altre chiese di Siena\" srcset=\"https:\/\/www.latoscane.net\/wp-content\/uploads\/2024\/07\/basilica-di-san-francesco-siena-2412-150x150.jpg 150w, https:\/\/www.latoscane.net\/wp-content\/uploads\/2024\/07\/basilica-di-san-francesco-siena-2412-50x50.jpg 50w, https:\/\/www.latoscane.net\/wp-content\/uploads\/2024\/07\/basilica-di-san-francesco-siena-2412-80x80.jpg 80w, https:\/\/www.latoscane.net\/wp-content\/uploads\/2024\/07\/basilica-di-san-francesco-siena-2412-75x75.jpg 75w\" sizes=\"(max-width: 150px) 100vw, 150px\" \/><\/a><div class=\"lcp_excerpt\">\nBasilica di San Francesco di Siena\nLa Basilica di San Francesco di Siena \u00e8 una delle pi\u00f9 importanti chiese di Siena, situata nella piazza omonima.Tra il 1228 e il 1255, su ...<\/div><\/li><li><a href=\"https:\/\/www.latoscane.net\/it\/biglietti-e-tour-in-siena\/\">Biglietti e tour in Siena<\/a><a href=\"https:\/\/www.latoscane.net\/it\/biglietti-e-tour-in-siena\/\" title=\"Biglietti e tour in Siena\"><img loading=\"lazy\" decoding=\"async\" width=\"150\" height=\"150\" src=\"https:\/\/www.latoscane.net\/wp-content\/uploads\/2017\/03\/visites-guidees-tickets-sienne-150x150.jpg\" class=\"lcp_thumbnail wp-post-image\" alt=\"Biglietti e tour in Siena\" srcset=\"https:\/\/www.latoscane.net\/wp-content\/uploads\/2017\/03\/visites-guidees-tickets-sienne-150x150.jpg 150w, https:\/\/www.latoscane.net\/wp-content\/uploads\/2017\/03\/visites-guidees-tickets-sienne-50x50.jpg 50w, https:\/\/www.latoscane.net\/wp-content\/uploads\/2017\/03\/visites-guidees-tickets-sienne-65x65.jpg 65w\" sizes=\"(max-width: 150px) 100vw, 150px\" \/><\/a><div class=\"lcp_excerpt\">Biglietti e proposte di visite guidate a Siena, biglietti d&#8217;ingresso, percorsi della citt\u00e0, con il complesso del Duomo, Piazza del Campo, escursioni nei dintorni, attivit\u00e0, ecc\n\n\n\nNella stessa categoria\n&nbsp;\n<\/div><\/li><li><a href=\"https:\/\/www.latoscane.net\/it\/mappa-di-siena\/\">Mappa di Siena<\/a><a href=\"https:\/\/www.latoscane.net\/it\/mappa-di-siena\/\" title=\"Mappa di Siena\"><img loading=\"lazy\" decoding=\"async\" width=\"150\" height=\"150\" src=\"https:\/\/www.latoscane.net\/wp-content\/uploads\/2017\/03\/carte-interactive-toscane-150x150.jpg\" class=\"lcp_thumbnail wp-post-image\" alt=\"Mappa di Siena\" srcset=\"https:\/\/www.latoscane.net\/wp-content\/uploads\/2017\/03\/carte-interactive-toscane-150x150.jpg 150w, https:\/\/www.latoscane.net\/wp-content\/uploads\/2017\/03\/carte-interactive-toscane-50x50.jpg 50w, https:\/\/www.latoscane.net\/wp-content\/uploads\/2017\/03\/carte-interactive-toscane-65x65.jpg 65w\" sizes=\"(max-width: 150px) 100vw, 150px\" \/><\/a><div class=\"lcp_excerpt\">Mappa interattiva di Siena con i principali monumenti, siti turistici e luoghi secondari, chiese, palazzi, piazze o musei\nI siti principali sono indicati con un&#8217;immagine a colori vivaci, mentre i luoghi ...<\/div><\/li><li><a href=\"https:\/\/www.booking.com\/city\/it\/siena.it.html?aid=308562;do_availability_check=1\">Alberghi in Siena<\/a><a href=\"https:\/\/www.booking.com\/city\/it\/siena.it.html?aid=308562;do_availability_check=1\" title=\"Alberghi in Siena\"><img loading=\"lazy\" decoding=\"async\" width=\"150\" height=\"115\" src=\"https:\/\/www.latoscane.net\/wp-content\/uploads\/2017\/02\/hotels-en-toscane-150x115.jpg\" class=\"lcp_thumbnail wp-post-image\" alt=\"Alberghi in Siena\" \/><\/a><div class=\"lcp_excerpt\">Prenota ora un alloggio a Siena, tra hotel, camere, appartamenti e agriturismi. Centinaia di scelte con valutazioni dei clienti, cancellazioni possibili\n<\/div><\/li><li><a href=\"https:\/\/www.latoscane.net\/it\/palio-di-siena\/\">Palio di Siena<\/a><a href=\"https:\/\/www.latoscane.net\/it\/palio-di-siena\/\" title=\"Palio di Siena\"><img loading=\"lazy\" decoding=\"async\" width=\"150\" height=\"150\" src=\"https:\/\/www.latoscane.net\/wp-content\/uploads\/2017\/03\/palio-di-siena-150x150.gif\" class=\"lcp_thumbnail wp-post-image\" alt=\"Palio di Siena\" srcset=\"https:\/\/www.latoscane.net\/wp-content\/uploads\/2017\/03\/palio-di-siena-150x150.gif 150w, https:\/\/www.latoscane.net\/wp-content\/uploads\/2017\/03\/palio-di-siena-50x50.gif 50w, https:\/\/www.latoscane.net\/wp-content\/uploads\/2017\/03\/palio-di-siena-65x65.gif 65w\" sizes=\"(max-width: 150px) 100vw, 150px\" \/><\/a><div class=\"lcp_excerpt\">\nIl Palio di Siena \u00e8 una famosa corsa equestre che vede contrapposti i vari quartieri della citt\u00e0, chiamati contrade, le cui origini risalgono ai giochi del medioevo, che si tiene ...<\/div><\/li><li><a href=\"https:\/\/www.latoscane.net\/it\/meteo-in-siena\/\">Meteo in Siena<\/a><a href=\"https:\/\/www.latoscane.net\/it\/meteo-in-siena\/\" title=\"Meteo in Siena\"><img loading=\"lazy\" decoding=\"async\" width=\"150\" height=\"120\" src=\"https:\/\/www.latoscane.net\/wp-content\/uploads\/2017\/01\/icone-meteo-toscane2-150x120.jpg\" class=\"lcp_thumbnail wp-post-image\" alt=\"Meteo in Siena\" \/><\/a><div class=\"lcp_excerpt\">Il tempo attuale a Siena e le previsioni per i prossimi giorni, con la pluviometria, le temperature o la qualit\u00e0 dell&#8217;aria\nMeteo 5 giorni in Siena\n\n\n\nMeteo dettagliata in Siena\n\n\n\nNella stessa categoria\n<\/div><\/li><\/ul>","protected":false},"excerpt":{"rendered":"<p>La Pinacoteca Nazionale di Siena \u00e8 un importante museo italiano, in particolare per la sua collezione di dipinti su fondali d&#8217;oro del XIV e XV secolo senese. Si trova nei Palazzi Buonsignori e Brigidi, inaugurato nel 1932.Le opere testimoniano l&#8217;arte pittorica a Siena dal XII al XVII secolo. Gli artisti senesi sono: Duccio di Buoninsegna, [&hellip;]<\/p>\n","protected":false},"author":1,"featured_media":4589,"comment_status":"open","ping_status":"open","sticky":false,"template":"","format":"standard","meta":{"_acf_changed":false,"footnotes":"","_links_to":"","_links_to_target":""},"categories":[],"tags":[209],"acf":[],"yoast_head":"<!-- This site is optimized with the Yoast SEO plugin v22.8 - https:\/\/yoast.com\/wordpress\/plugins\/seo\/ -->\n<title>Pinacoteca Nazionale di Siena - Turismo<\/title>\n<meta name=\"description\" content=\"La pinacoteca di Siena conserva opere della pittura toscana, dal XII al XVII secolo, con grandi maestri come Lorenzetti, Sassetta, Sodoma o Beccafumi\" \/>\n<meta name=\"robots\" content=\"index, follow, max-snippet:-1, max-image-preview:large, max-video-preview:-1\" \/>\n<link rel=\"canonical\" href=\"https:\/\/www.latoscane.net\/pinacotheque-nationale-de-sienne\/\" \/>\n<meta property=\"og:locale\" content=\"it_IT\" \/>\n<meta property=\"og:type\" content=\"article\" \/>\n<meta property=\"og:title\" content=\"Pinacoteca Nazionale di Siena - Turismo\" \/>\n<meta property=\"og:description\" content=\"La pinacoteca di Siena conserva opere della pittura toscana, dal XII al XVII secolo, con grandi maestri come Lorenzetti, Sassetta, Sodoma o Beccafumi\" \/>\n<meta property=\"og:url\" content=\"https:\/\/www.latoscane.net\/pinacotheque-nationale-de-sienne\/\" \/>\n<meta property=\"og:site_name\" content=\"LaToscane.net\" \/>\n<meta property=\"article:published_time\" content=\"2023-01-04T10:30:14+00:00\" \/>\n<meta property=\"article:modified_time\" content=\"2025-09-09T08:39:18+00:00\" \/>\n<meta property=\"og:image\" content=\"https:\/\/www.latoscane.net\/wp-content\/uploads\/2017\/02\/madonna-col-bambino-il-beccafumi-2717.jpg\" \/>\n\t<meta property=\"og:image:width\" content=\"850\" \/>\n\t<meta property=\"og:image:height\" content=\"800\" \/>\n\t<meta property=\"og:image:type\" content=\"image\/jpeg\" \/>\n<meta name=\"author\" content=\"Galgano\" \/>\n<meta name=\"twitter:card\" content=\"summary_large_image\" \/>\n<meta name=\"twitter:label1\" content=\"Scritto da\" \/>\n\t<meta name=\"twitter:data1\" content=\"Galgano\" \/>\n\t<meta name=\"twitter:label2\" content=\"Tempo di lettura stimato\" \/>\n\t<meta name=\"twitter:data2\" content=\"4 minuti\" \/>\n<script type=\"application\/ld+json\" class=\"yoast-schema-graph\">{\"@context\":\"https:\/\/schema.org\",\"@graph\":[{\"@type\":\"WebPage\",\"@id\":\"https:\/\/www.latoscane.net\/pinacotheque-nationale-de-sienne\/\",\"url\":\"https:\/\/www.latoscane.net\/pinacotheque-nationale-de-sienne\/\",\"name\":\"Pinacoteca Nazionale di Siena - Turismo\",\"isPartOf\":{\"@id\":\"https:\/\/www.latoscane.net\/#website\"},\"primaryImageOfPage\":{\"@id\":\"https:\/\/www.latoscane.net\/pinacotheque-nationale-de-sienne\/#primaryimage\"},\"image\":{\"@id\":\"https:\/\/www.latoscane.net\/pinacotheque-nationale-de-sienne\/#primaryimage\"},\"thumbnailUrl\":\"https:\/\/www.latoscane.net\/wp-content\/uploads\/2017\/02\/madonna-col-bambino-il-beccafumi-2717.jpg\",\"datePublished\":\"2023-01-04T10:30:14+00:00\",\"dateModified\":\"2025-09-09T08:39:18+00:00\",\"author\":{\"@id\":\"https:\/\/www.latoscane.net\/#\/schema\/person\/dae56e679cb6d9bdaf2b0b54b1320d42\"},\"description\":\"La pinacoteca di Siena conserva opere della pittura toscana, dal XII al XVII secolo, con grandi maestri come Lorenzetti, Sassetta, Sodoma o Beccafumi\",\"breadcrumb\":{\"@id\":\"https:\/\/www.latoscane.net\/pinacotheque-nationale-de-sienne\/#breadcrumb\"},\"inLanguage\":\"it-IT\",\"potentialAction\":[{\"@type\":\"ReadAction\",\"target\":[\"https:\/\/www.latoscane.net\/pinacotheque-nationale-de-sienne\/\"]}]},{\"@type\":\"ImageObject\",\"inLanguage\":\"it-IT\",\"@id\":\"https:\/\/www.latoscane.net\/pinacotheque-nationale-de-sienne\/#primaryimage\",\"url\":\"https:\/\/www.latoscane.net\/wp-content\/uploads\/2017\/02\/madonna-col-bambino-il-beccafumi-2717.jpg\",\"contentUrl\":\"https:\/\/www.latoscane.net\/wp-content\/uploads\/2017\/02\/madonna-col-bambino-il-beccafumi-2717.jpg\",\"width\":850,\"height\":800,\"caption\":\"Foto della Madonna col bambino, il Beccafumi\"},{\"@type\":\"BreadcrumbList\",\"@id\":\"https:\/\/www.latoscane.net\/pinacotheque-nationale-de-sienne\/#breadcrumb\",\"itemListElement\":[{\"@type\":\"ListItem\",\"position\":1,\"name\":\"Accueil\",\"item\":\"https:\/\/www.latoscane.net\/it\/\"},{\"@type\":\"ListItem\",\"position\":2,\"name\":\"Pinacoteca Nazionale di Siena\"}]},{\"@type\":\"WebSite\",\"@id\":\"https:\/\/www.latoscane.net\/#website\",\"url\":\"https:\/\/www.latoscane.net\/\",\"name\":\"LaToscane.net\",\"description\":\"Visita della regione Toscana\",\"potentialAction\":[{\"@type\":\"SearchAction\",\"target\":{\"@type\":\"EntryPoint\",\"urlTemplate\":\"https:\/\/www.latoscane.net\/?s={search_term_string}\"},\"query-input\":\"required name=search_term_string\"}],\"inLanguage\":\"it-IT\"},{\"@type\":\"Person\",\"@id\":\"https:\/\/www.latoscane.net\/#\/schema\/person\/dae56e679cb6d9bdaf2b0b54b1320d42\",\"name\":\"Galgano\",\"url\":\"https:\/\/www.latoscane.net\/it\/author\/will\/\"}]}<\/script>\n<!-- \/ Yoast SEO plugin. -->","yoast_head_json":{"title":"Pinacoteca Nazionale di Siena - Turismo","description":"La pinacoteca di Siena conserva opere della pittura toscana, dal XII al XVII secolo, con grandi maestri come Lorenzetti, Sassetta, Sodoma o Beccafumi","robots":{"index":"index","follow":"follow","max-snippet":"max-snippet:-1","max-image-preview":"max-image-preview:large","max-video-preview":"max-video-preview:-1"},"canonical":"https:\/\/www.latoscane.net\/pinacotheque-nationale-de-sienne\/","og_locale":"it_IT","og_type":"article","og_title":"Pinacoteca Nazionale di Siena - Turismo","og_description":"La pinacoteca di Siena conserva opere della pittura toscana, dal XII al XVII secolo, con grandi maestri come Lorenzetti, Sassetta, Sodoma o Beccafumi","og_url":"https:\/\/www.latoscane.net\/pinacotheque-nationale-de-sienne\/","og_site_name":"LaToscane.net","article_published_time":"2023-01-04T10:30:14+00:00","article_modified_time":"2025-09-09T08:39:18+00:00","og_image":[{"width":850,"height":800,"url":"https:\/\/www.latoscane.net\/wp-content\/uploads\/2017\/02\/madonna-col-bambino-il-beccafumi-2717.jpg","type":"image\/jpeg"}],"author":"Galgano","twitter_card":"summary_large_image","twitter_misc":{"Scritto da":"Galgano","Tempo di lettura stimato":"4 minuti"},"schema":{"@context":"https:\/\/schema.org","@graph":[{"@type":"WebPage","@id":"https:\/\/www.latoscane.net\/pinacotheque-nationale-de-sienne\/","url":"https:\/\/www.latoscane.net\/pinacotheque-nationale-de-sienne\/","name":"Pinacoteca Nazionale di Siena - Turismo","isPartOf":{"@id":"https:\/\/www.latoscane.net\/#website"},"primaryImageOfPage":{"@id":"https:\/\/www.latoscane.net\/pinacotheque-nationale-de-sienne\/#primaryimage"},"image":{"@id":"https:\/\/www.latoscane.net\/pinacotheque-nationale-de-sienne\/#primaryimage"},"thumbnailUrl":"https:\/\/www.latoscane.net\/wp-content\/uploads\/2017\/02\/madonna-col-bambino-il-beccafumi-2717.jpg","datePublished":"2023-01-04T10:30:14+00:00","dateModified":"2025-09-09T08:39:18+00:00","author":{"@id":"https:\/\/www.latoscane.net\/#\/schema\/person\/dae56e679cb6d9bdaf2b0b54b1320d42"},"description":"La pinacoteca di Siena conserva opere della pittura toscana, dal XII al XVII secolo, con grandi maestri come Lorenzetti, Sassetta, Sodoma o Beccafumi","breadcrumb":{"@id":"https:\/\/www.latoscane.net\/pinacotheque-nationale-de-sienne\/#breadcrumb"},"inLanguage":"it-IT","potentialAction":[{"@type":"ReadAction","target":["https:\/\/www.latoscane.net\/pinacotheque-nationale-de-sienne\/"]}]},{"@type":"ImageObject","inLanguage":"it-IT","@id":"https:\/\/www.latoscane.net\/pinacotheque-nationale-de-sienne\/#primaryimage","url":"https:\/\/www.latoscane.net\/wp-content\/uploads\/2017\/02\/madonna-col-bambino-il-beccafumi-2717.jpg","contentUrl":"https:\/\/www.latoscane.net\/wp-content\/uploads\/2017\/02\/madonna-col-bambino-il-beccafumi-2717.jpg","width":850,"height":800,"caption":"Foto della Madonna col bambino, il Beccafumi"},{"@type":"BreadcrumbList","@id":"https:\/\/www.latoscane.net\/pinacotheque-nationale-de-sienne\/#breadcrumb","itemListElement":[{"@type":"ListItem","position":1,"name":"Accueil","item":"https:\/\/www.latoscane.net\/it\/"},{"@type":"ListItem","position":2,"name":"Pinacoteca Nazionale di Siena"}]},{"@type":"WebSite","@id":"https:\/\/www.latoscane.net\/#website","url":"https:\/\/www.latoscane.net\/","name":"LaToscane.net","description":"Visita della regione Toscana","potentialAction":[{"@type":"SearchAction","target":{"@type":"EntryPoint","urlTemplate":"https:\/\/www.latoscane.net\/?s={search_term_string}"},"query-input":"required name=search_term_string"}],"inLanguage":"it-IT"},{"@type":"Person","@id":"https:\/\/www.latoscane.net\/#\/schema\/person\/dae56e679cb6d9bdaf2b0b54b1320d42","name":"Galgano","url":"https:\/\/www.latoscane.net\/it\/author\/will\/"}]}},"_links":{"self":[{"href":"https:\/\/www.latoscane.net\/it\/wp-json\/wp\/v2\/posts\/10739"}],"collection":[{"href":"https:\/\/www.latoscane.net\/it\/wp-json\/wp\/v2\/posts"}],"about":[{"href":"https:\/\/www.latoscane.net\/it\/wp-json\/wp\/v2\/types\/post"}],"author":[{"embeddable":true,"href":"https:\/\/www.latoscane.net\/it\/wp-json\/wp\/v2\/users\/1"}],"replies":[{"embeddable":true,"href":"https:\/\/www.latoscane.net\/it\/wp-json\/wp\/v2\/comments?post=10739"}],"version-history":[{"count":4,"href":"https:\/\/www.latoscane.net\/it\/wp-json\/wp\/v2\/posts\/10739\/revisions"}],"predecessor-version":[{"id":13903,"href":"https:\/\/www.latoscane.net\/it\/wp-json\/wp\/v2\/posts\/10739\/revisions\/13903"}],"wp:featuredmedia":[{"embeddable":true,"href":"https:\/\/www.latoscane.net\/it\/wp-json\/wp\/v2\/media\/4589"}],"wp:attachment":[{"href":"https:\/\/www.latoscane.net\/it\/wp-json\/wp\/v2\/media?parent=10739"}],"wp:term":[{"taxonomy":"category","embeddable":true,"href":"https:\/\/www.latoscane.net\/it\/wp-json\/wp\/v2\/categories?post=10739"},{"taxonomy":"post_tag","embeddable":true,"href":"https:\/\/www.latoscane.net\/it\/wp-json\/wp\/v2\/tags?post=10739"}],"curies":[{"name":"wp","href":"https:\/\/api.w.org\/{rel}","templated":true}]}}