{"id":10764,"date":"2023-01-01T12:50:55","date_gmt":"2023-01-01T11:50:55","guid":{"rendered":"https:\/\/www.latoscane.net\/porte-ed-altri-luoghi-di-siena\/"},"modified":"2024-11-26T10:25:50","modified_gmt":"2024-11-26T09:25:50","slug":"porte-ed-altri-luoghi-di-siena","status":"publish","type":"post","link":"https:\/\/www.latoscane.net\/it\/porte-ed-altri-luoghi-di-siena\/","title":{"rendered":"Porte ed altri luoghi di Siena"},"content":{"rendered":"\n<p>Questa pagina \u00e8 dedicata ad altri <strong>luoghi interessanti di Siena<\/strong>, tra cui le sue mura e porte, logge, la Fortezza Medicea, alcune piazze e vie del centro.<\/p>\n<h2>Mura e porte di Siena<\/h2>\n<p>Siena conserva gran parte delle sue mura medievali, con antiche porte, spesso ignorate dai turisti nonostante il loro fascino. Il perimetro del recinto \u00e8 di 7 chilometri.<br \/>La citt\u00e0 ha conosciuto sette o otto cerchi di mura, dalla fine dell&#8217;antichit\u00e0 fino al XVI secolo. Ogni tracciato si appoggiava in parte sul precedente. Prima intorno al duomo, la prima estensione si fece attorno al Mercatale con Piazza del Campo e Piazza del Mercato; poi verso est e sud; e nel XV secolo inglob\u00f2 la Basilica di San Francesco.<br \/>Con la dominazione fiorentina a partire dal XVI secolo, le mura ebbero una funzione pi\u00f9 amministrativa come i pedaggi.<br \/>Ecco le porte ancora visibili : Porta Camollia (inizio XVII), l&#8217;avamposto Camollia (XIII-XVII), Porta Ovile (XIII-XV), Porta Pispini (XIV), Porta Romana (la pi\u00f9 bella, XIV-XVI), Porta Tufi (XIV), Porta San Marco (XIII-XV), Porta Laterina (XIV), Porta Fontebranda (XIII).<\/p>\n\n\n<figure class=\"wp-block-gallery has-nested-images columns-default is-cropped wp-block-gallery-2 is-layout-flex wp-block-gallery-is-layout-flex\">\n<figure class=\"wp-block-image size-medium\"><a href=\"https:\/\/www.latoscane.net\/wp-content\/uploads\/2017\/01\/porta-tufi-siena-2576-300x200.jpg\"><img loading=\"lazy\" decoding=\"async\" width=\"300\" height=\"200\" data-id=\"4650\" src=\"https:\/\/www.latoscane.net\/wp-content\/uploads\/2017\/01\/porta-tufi-siena-2576-300x200.jpg\" alt=\"Veduta della Porta Tufi a Siena\" class=\"wp-image-4650\" srcset=\"https:\/\/www.latoscane.net\/wp-content\/uploads\/2017\/01\/porta-tufi-siena-2576-300x200.jpg 300w, https:\/\/www.latoscane.net\/wp-content\/uploads\/2017\/01\/porta-tufi-siena-2576-1024x683.jpg 1024w, https:\/\/www.latoscane.net\/wp-content\/uploads\/2017\/01\/porta-tufi-siena-2576-768x512.jpg 768w, https:\/\/www.latoscane.net\/wp-content\/uploads\/2017\/01\/porta-tufi-siena-2576.jpg 1200w\" sizes=\"(max-width: 300px) 100vw, 300px\" \/><\/a><figcaption class=\"wp-element-caption\">Porta Tufi<\/figcaption><\/figure>\n\n\n\n<figure class=\"wp-block-image size-medium\"><a href=\"https:\/\/www.latoscane.net\/wp-content\/uploads\/2017\/01\/porta-camollia-siena-2472-300x200.jpg\"><img loading=\"lazy\" decoding=\"async\" width=\"300\" height=\"200\" data-id=\"4644\" src=\"https:\/\/www.latoscane.net\/wp-content\/uploads\/2017\/01\/porta-camollia-siena-2472-300x200.jpg\" alt=\"Veduta della Porta Camollia a Siena\" class=\"wp-image-4644\" srcset=\"https:\/\/www.latoscane.net\/wp-content\/uploads\/2017\/01\/porta-camollia-siena-2472-300x200.jpg 300w, https:\/\/www.latoscane.net\/wp-content\/uploads\/2017\/01\/porta-camollia-siena-2472-1024x683.jpg 1024w, https:\/\/www.latoscane.net\/wp-content\/uploads\/2017\/01\/porta-camollia-siena-2472-768x512.jpg 768w, https:\/\/www.latoscane.net\/wp-content\/uploads\/2017\/01\/porta-camollia-siena-2472.jpg 1200w\" sizes=\"(max-width: 300px) 100vw, 300px\" \/><\/a><figcaption class=\"wp-element-caption\">Porta Camollia<\/figcaption><\/figure>\n\n\n\n<figure class=\"wp-block-image size-medium\"><a href=\"https:\/\/www.latoscane.net\/wp-content\/uploads\/2017\/01\/porta-romana-siena-2244-300x200.jpg\"><img loading=\"lazy\" decoding=\"async\" width=\"300\" height=\"200\" data-id=\"4647\" src=\"https:\/\/www.latoscane.net\/wp-content\/uploads\/2017\/01\/porta-romana-siena-2244-300x200.jpg\" alt=\"Veduta della Porta Romana a Siena\" class=\"wp-image-4647\" srcset=\"https:\/\/www.latoscane.net\/wp-content\/uploads\/2017\/01\/porta-romana-siena-2244-300x200.jpg 300w, https:\/\/www.latoscane.net\/wp-content\/uploads\/2017\/01\/porta-romana-siena-2244-1024x683.jpg 1024w, https:\/\/www.latoscane.net\/wp-content\/uploads\/2017\/01\/porta-romana-siena-2244-768x512.jpg 768w, https:\/\/www.latoscane.net\/wp-content\/uploads\/2017\/01\/porta-romana-siena-2244.jpg 1200w\" sizes=\"(max-width: 300px) 100vw, 300px\" \/><\/a><figcaption class=\"wp-element-caption\">Porta Romana<\/figcaption><\/figure>\n<\/figure>\n\n\n<h2>Fortezza Medicea di Siena<\/h2>\n<p>La <strong>Fortezza medicea<\/strong>, chiamata anche Forte di Santa Barbara, ha subito diverse distruzioni e ricostruzioni dalla sua edificazione nel XVI secolo. Con quattro bastioni, il suo perimetro esterno raggiunge i 1500 metri.<br \/>Sostitu\u00ec un&#8217;antica fortificazione, quando Carlo V d&#8217;Asburgo fece costruire una cittadella dall&#8217;esercito spagnolo a met\u00e0 del XVI secolo per stabilire il suo dominio sui senesi. Fu distrutta dagli abitanti nel 1552. Ma pi\u00f9 tardi, questa volta fu Cosimo I de&#8217; Medici che la ricostru\u00ec nel 1561-63 per affermare il suo dominio su Siena che non voleva il potere dei Medici.<br \/>Dal XVIII secolo inizi\u00f2 ad essere smilitarizzata, ospitando eventi culturali, come oggi la &#8220;Siena Jazz&#8221;, o la sede della &#8220;Enoteca Italiana di Siena&#8221;. \u00c8 decorato con un giardino in basso con la sua fontana. Intorno si pu\u00f2 parcheggiare facilmente, e anche trovare &#8220;posti bianchi&#8221;, senza pagamento.<\/p>\n<h2>Logge del Papa<\/h2>\n<p>Le <strong>Logge del Papa<\/strong>, in via Banchi di Sotto, \u00e8 una loggia monumentale, con i suoi graziosi portici rinascimentali, che fu offerta dal <strong>Papa Pio II<\/strong> alla sua famiglia <strong>Piccolomini<\/strong> davanti al suo palazzo. Furono costruite nel 1462 dall&#8217;architetto senese Antonio Federighi, con una facciata in travertino, tre arcate e capitelli corinzi.<\/p>\n<h2>Loggia della Mercanzia<\/h2>\n<p>Un mercato \u00e8 attestato in questo luogo nel 1169, vicino alla chiesa di San Paolo che fu poi demolita per costruire la <strong>Loggia della Mercanzia<\/strong>, sul retro della Piazza del Campo, all&#8217;incrocio delle Via Banchi di Sopra, Via Banchi di Sotto e Via di Citt\u00e0.<br \/>La parte inferiore rinascimentale fu costruita nel XV secolo, mentre quella superiore nel XVIII. La chiesa \u00e8 decorata con statue di santi: San Pietro e San Paolo di Lorenzo di Pietro (detto Il Vecchietta, XV secolo), e tre antichi santi protettori della citt\u00e0: San Savino, Sant&#8217;Ansano e San Vittore di Antonio Federighi (XV). Le sue decorazioni risalgono principalmente agli anni 1458-1462.<\/p>\n\n\n<figure class=\"wp-block-gallery has-nested-images columns-default is-cropped wp-block-gallery-3 is-layout-flex wp-block-gallery-is-layout-flex\">\n<figure class=\"wp-block-image size-medium\"><a href=\"https:\/\/www.latoscane.net\/wp-content\/uploads\/2017\/01\/logge-del-papa-siena-2152-300x200.jpg\"><img loading=\"lazy\" decoding=\"async\" width=\"300\" height=\"200\" data-id=\"4667\" src=\"https:\/\/www.latoscane.net\/wp-content\/uploads\/2017\/01\/logge-del-papa-siena-2152-300x200.jpg\" alt=\"Foto della Logge del Papa a Siena\" class=\"wp-image-4667\" srcset=\"https:\/\/www.latoscane.net\/wp-content\/uploads\/2017\/01\/logge-del-papa-siena-2152-300x200.jpg 300w, https:\/\/www.latoscane.net\/wp-content\/uploads\/2017\/01\/logge-del-papa-siena-2152-1024x683.jpg 1024w, https:\/\/www.latoscane.net\/wp-content\/uploads\/2017\/01\/logge-del-papa-siena-2152-768x512.jpg 768w, https:\/\/www.latoscane.net\/wp-content\/uploads\/2017\/01\/logge-del-papa-siena-2152.jpg 1200w\" sizes=\"(max-width: 300px) 100vw, 300px\" \/><\/a><figcaption class=\"wp-element-caption\">Logge del Papa<\/figcaption><\/figure>\n\n\n\n<figure class=\"wp-block-image size-medium\"><a href=\"https:\/\/www.latoscane.net\/wp-content\/uploads\/2017\/01\/loggia-della-mercanzia-siena-2476-200x300.jpg\"><img loading=\"lazy\" decoding=\"async\" width=\"200\" height=\"300\" data-id=\"4661\" src=\"https:\/\/www.latoscane.net\/wp-content\/uploads\/2017\/01\/loggia-della-mercanzia-siena-2476-200x300.jpg\" alt=\"Foto della loggia della Mercanza a Siena\" class=\"wp-image-4661\" srcset=\"https:\/\/www.latoscane.net\/wp-content\/uploads\/2017\/01\/loggia-della-mercanzia-siena-2476-200x300.jpg 200w, https:\/\/www.latoscane.net\/wp-content\/uploads\/2017\/01\/loggia-della-mercanzia-siena-2476-683x1024.jpg 683w, https:\/\/www.latoscane.net\/wp-content\/uploads\/2017\/01\/loggia-della-mercanzia-siena-2476-768x1152.jpg 768w, https:\/\/www.latoscane.net\/wp-content\/uploads\/2017\/01\/loggia-della-mercanzia-siena-2476.jpg 800w\" sizes=\"(max-width: 200px) 100vw, 200px\" \/><\/a><figcaption class=\"wp-element-caption\">Loggia della Mercanza<\/figcaption><\/figure>\n\n\n\n<figure class=\"wp-block-image size-medium\"><a href=\"https:\/\/www.latoscane.net\/wp-content\/uploads\/2017\/01\/san-savino-e-san-pietro-loggia-della-mercanzia-siena-9092-200x300.jpg\"><img loading=\"lazy\" decoding=\"async\" width=\"200\" height=\"300\" data-id=\"4664\" src=\"https:\/\/www.latoscane.net\/wp-content\/uploads\/2017\/01\/san-savino-e-san-pietro-loggia-della-mercanzia-siena-9092-200x300.jpg\" alt=\"Foto della loggia della Mercanza a Siena\" class=\"wp-image-4664\" srcset=\"https:\/\/www.latoscane.net\/wp-content\/uploads\/2017\/01\/san-savino-e-san-pietro-loggia-della-mercanzia-siena-9092-200x300.jpg 200w, https:\/\/www.latoscane.net\/wp-content\/uploads\/2017\/01\/san-savino-e-san-pietro-loggia-della-mercanzia-siena-9092-683x1024.jpg 683w, https:\/\/www.latoscane.net\/wp-content\/uploads\/2017\/01\/san-savino-e-san-pietro-loggia-della-mercanzia-siena-9092-768x1152.jpg 768w, https:\/\/www.latoscane.net\/wp-content\/uploads\/2017\/01\/san-savino-e-san-pietro-loggia-della-mercanzia-siena-9092.jpg 800w\" sizes=\"(max-width: 200px) 100vw, 200px\" \/><\/a><figcaption class=\"wp-element-caption\">San Sabino e San Pietro, Loggia della Mercanza<\/figcaption><\/figure>\n<\/figure>\n\n\n<h2>Alcune piazze senese<\/h2>\n<h3>Piazza del Mercato<\/h3>\n<p>Lato sud del Palazzo Pubblico, che lo separa da Piazza del Campo, il mercato \u00e8 allestito qui nel XIX secolo, prima situato verso la Loggia della Mercanzia. Da questo tempo si chiama da <strong>Piazza del Mercato<\/strong>.<\/p>\n<h3>Piazza dell&#8217;Indipendenza<\/h3>\n<p>Piazza formata nel XIX secolo, con una loggia del 1887 e dietro il palazzo medievale Ballati con la sua torre rettangolare, dove si trova la sede dell&#8217;Accademia dei Rozzi, fondata nel 1531, e dotata di un teatro.<\/p>\n\n\n<figure class=\"wp-block-gallery has-nested-images columns-default is-cropped wp-block-gallery-4 is-layout-flex wp-block-gallery-is-layout-flex\">\n<figure class=\"wp-block-image size-medium\"><a href=\"https:\/\/www.latoscane.net\/wp-content\/uploads\/2017\/01\/piazza-del-mercato-palazzo-pubblico-siena-2605-300x200.jpg\"><img loading=\"lazy\" decoding=\"async\" width=\"300\" height=\"200\" data-id=\"4677\" src=\"https:\/\/www.latoscane.net\/wp-content\/uploads\/2017\/01\/piazza-del-mercato-palazzo-pubblico-siena-2605-300x200.jpg\" alt=\"Veduta della Piazza del Mercato a Siena\" class=\"wp-image-4677\" srcset=\"https:\/\/www.latoscane.net\/wp-content\/uploads\/2017\/01\/piazza-del-mercato-palazzo-pubblico-siena-2605-300x200.jpg 300w, https:\/\/www.latoscane.net\/wp-content\/uploads\/2017\/01\/piazza-del-mercato-palazzo-pubblico-siena-2605-1024x683.jpg 1024w, https:\/\/www.latoscane.net\/wp-content\/uploads\/2017\/01\/piazza-del-mercato-palazzo-pubblico-siena-2605-768x512.jpg 768w, https:\/\/www.latoscane.net\/wp-content\/uploads\/2017\/01\/piazza-del-mercato-palazzo-pubblico-siena-2605.jpg 1200w\" sizes=\"(max-width: 300px) 100vw, 300px\" \/><\/a><figcaption class=\"wp-element-caption\">Piazza del Mercato<\/figcaption><\/figure>\n\n\n\n<figure class=\"wp-block-image size-medium\"><a href=\"https:\/\/www.latoscane.net\/wp-content\/uploads\/2017\/01\/piazza-indipendenza-siena-2220-300x200.jpg\"><img loading=\"lazy\" decoding=\"async\" width=\"300\" height=\"200\" data-id=\"4674\" src=\"https:\/\/www.latoscane.net\/wp-content\/uploads\/2017\/01\/piazza-indipendenza-siena-2220-300x200.jpg\" alt=\"Veduta della Piazza Indipendenza a Siena\" class=\"wp-image-4674\" srcset=\"https:\/\/www.latoscane.net\/wp-content\/uploads\/2017\/01\/piazza-indipendenza-siena-2220-300x200.jpg 300w, https:\/\/www.latoscane.net\/wp-content\/uploads\/2017\/01\/piazza-indipendenza-siena-2220-1024x683.jpg 1024w, https:\/\/www.latoscane.net\/wp-content\/uploads\/2017\/01\/piazza-indipendenza-siena-2220-768x512.jpg 768w, https:\/\/www.latoscane.net\/wp-content\/uploads\/2017\/01\/piazza-indipendenza-siena-2220.jpg 1200w\" sizes=\"(max-width: 300px) 100vw, 300px\" \/><\/a><figcaption class=\"wp-element-caption\">Piazza dell&#8217;Indipendenza<\/figcaption><\/figure>\n<\/figure>\n\n\n<h2>Vie del centro storico<\/h2>\n\n\n<figure class=\"wp-block-gallery has-nested-images columns-5 is-cropped wp-block-gallery-5 is-layout-flex wp-block-gallery-is-layout-flex\">\n<figure class=\"wp-block-image\"><img loading=\"lazy\" decoding=\"async\" width=\"800\" height=\"1200\" data-id=\"4684\" src=\"https:\/\/www.latoscane.net\/wp-content\/uploads\/2017\/01\/bandiera-contrada-selva-centro-storico-siena-3112.jpg\" alt=\"Foto della bandiera della Contrada Selva a Siena\" class=\"wp-image-4684\" srcset=\"https:\/\/www.latoscane.net\/wp-content\/uploads\/2017\/01\/bandiera-contrada-selva-centro-storico-siena-3112.jpg 800w, https:\/\/www.latoscane.net\/wp-content\/uploads\/2017\/01\/bandiera-contrada-selva-centro-storico-siena-3112-200x300.jpg 200w, https:\/\/www.latoscane.net\/wp-content\/uploads\/2017\/01\/bandiera-contrada-selva-centro-storico-siena-3112-683x1024.jpg 683w, https:\/\/www.latoscane.net\/wp-content\/uploads\/2017\/01\/bandiera-contrada-selva-centro-storico-siena-3112-768x1152.jpg 768w\" sizes=\"(max-width: 800px) 100vw, 800px\" \/><\/figure>\n\n\n\n<figure class=\"wp-block-image\"><img loading=\"lazy\" decoding=\"async\" width=\"800\" height=\"1200\" data-id=\"4687\" src=\"https:\/\/www.latoscane.net\/wp-content\/uploads\/2017\/01\/contrada-girafa-centro-storico-siena-2399.jpg\" alt=\"Foto della Bandiera della Contrada Girafa a Siena\" class=\"wp-image-4687\" srcset=\"https:\/\/www.latoscane.net\/wp-content\/uploads\/2017\/01\/contrada-girafa-centro-storico-siena-2399.jpg 800w, https:\/\/www.latoscane.net\/wp-content\/uploads\/2017\/01\/contrada-girafa-centro-storico-siena-2399-200x300.jpg 200w, https:\/\/www.latoscane.net\/wp-content\/uploads\/2017\/01\/contrada-girafa-centro-storico-siena-2399-683x1024.jpg 683w, https:\/\/www.latoscane.net\/wp-content\/uploads\/2017\/01\/contrada-girafa-centro-storico-siena-2399-768x1152.jpg 768w\" sizes=\"(max-width: 800px) 100vw, 800px\" \/><figcaption class=\"wp-element-caption\">Bandiera della Contrada Girafa<\/figcaption><\/figure>\n\n\n\n<figure class=\"wp-block-image\"><img loading=\"lazy\" decoding=\"async\" width=\"1200\" height=\"800\" data-id=\"4690\" src=\"https:\/\/www.latoscane.net\/wp-content\/uploads\/2017\/01\/piazza-di-san-domenico-centro-storico-siena-3023.jpg\" alt=\"Veduta della Piazza di San Domenico a Siena\" class=\"wp-image-4690\" srcset=\"https:\/\/www.latoscane.net\/wp-content\/uploads\/2017\/01\/piazza-di-san-domenico-centro-storico-siena-3023.jpg 1200w, https:\/\/www.latoscane.net\/wp-content\/uploads\/2017\/01\/piazza-di-san-domenico-centro-storico-siena-3023-300x200.jpg 300w, https:\/\/www.latoscane.net\/wp-content\/uploads\/2017\/01\/piazza-di-san-domenico-centro-storico-siena-3023-1024x683.jpg 1024w, https:\/\/www.latoscane.net\/wp-content\/uploads\/2017\/01\/piazza-di-san-domenico-centro-storico-siena-3023-768x512.jpg 768w\" sizes=\"(max-width: 1200px) 100vw, 1200px\" \/><figcaption class=\"wp-element-caption\">Piazza di San Domenico<\/figcaption><\/figure>\n\n\n\n<figure class=\"wp-block-image\"><img loading=\"lazy\" decoding=\"async\" width=\"1200\" height=\"800\" data-id=\"4693\" src=\"https:\/\/www.latoscane.net\/wp-content\/uploads\/2017\/01\/targa-con-sirena-bicaudata-palazzetto-in-via-dei-rossi-centro-storico-siena-2429.jpg\" alt=\"Foto di ina Targa con una sirena a Siena\" class=\"wp-image-4693\" srcset=\"https:\/\/www.latoscane.net\/wp-content\/uploads\/2017\/01\/targa-con-sirena-bicaudata-palazzetto-in-via-dei-rossi-centro-storico-siena-2429.jpg 1200w, https:\/\/www.latoscane.net\/wp-content\/uploads\/2017\/01\/targa-con-sirena-bicaudata-palazzetto-in-via-dei-rossi-centro-storico-siena-2429-300x200.jpg 300w, https:\/\/www.latoscane.net\/wp-content\/uploads\/2017\/01\/targa-con-sirena-bicaudata-palazzetto-in-via-dei-rossi-centro-storico-siena-2429-1024x683.jpg 1024w, https:\/\/www.latoscane.net\/wp-content\/uploads\/2017\/01\/targa-con-sirena-bicaudata-palazzetto-in-via-dei-rossi-centro-storico-siena-2429-768x512.jpg 768w\" sizes=\"(max-width: 1200px) 100vw, 1200px\" \/><figcaption class=\"wp-element-caption\">Targa con una sirena<\/figcaption><\/figure>\n\n\n\n<figure class=\"wp-block-image\"><img loading=\"lazy\" decoding=\"async\" width=\"800\" height=\"1200\" data-id=\"4696\" src=\"https:\/\/www.latoscane.net\/wp-content\/uploads\/2017\/01\/via-camollia-siena-2465.jpg\" alt=\"Veduta della Via Camollia a Siena\" class=\"wp-image-4696\" srcset=\"https:\/\/www.latoscane.net\/wp-content\/uploads\/2017\/01\/via-camollia-siena-2465.jpg 800w, https:\/\/www.latoscane.net\/wp-content\/uploads\/2017\/01\/via-camollia-siena-2465-200x300.jpg 200w, https:\/\/www.latoscane.net\/wp-content\/uploads\/2017\/01\/via-camollia-siena-2465-683x1024.jpg 683w, https:\/\/www.latoscane.net\/wp-content\/uploads\/2017\/01\/via-camollia-siena-2465-768x1152.jpg 768w\" sizes=\"(max-width: 800px) 100vw, 800px\" \/><figcaption class=\"wp-element-caption\">Via Camollia<\/figcaption><\/figure>\n\n\n\n<figure class=\"wp-block-image\"><img loading=\"lazy\" decoding=\"async\" width=\"800\" height=\"1200\" data-id=\"4699\" src=\"https:\/\/www.latoscane.net\/wp-content\/uploads\/2017\/01\/via-coltellinaio-siena_8912.jpg\" alt=\"Foto della Via Coltellinaio a Siena\" class=\"wp-image-4699\" srcset=\"https:\/\/www.latoscane.net\/wp-content\/uploads\/2017\/01\/via-coltellinaio-siena_8912.jpg 800w, https:\/\/www.latoscane.net\/wp-content\/uploads\/2017\/01\/via-coltellinaio-siena_8912-200x300.jpg 200w, https:\/\/www.latoscane.net\/wp-content\/uploads\/2017\/01\/via-coltellinaio-siena_8912-683x1024.jpg 683w, https:\/\/www.latoscane.net\/wp-content\/uploads\/2017\/01\/via-coltellinaio-siena_8912-768x1152.jpg 768w\" sizes=\"(max-width: 800px) 100vw, 800px\" \/><figcaption class=\"wp-element-caption\">Via Coltellinaio<\/figcaption><\/figure>\n\n\n\n<figure class=\"wp-block-image\"><img loading=\"lazy\" decoding=\"async\" width=\"1200\" height=\"800\" data-id=\"4702\" src=\"https:\/\/www.latoscane.net\/wp-content\/uploads\/2017\/01\/via-dei-pellegrini-centro-storico-siena-2205.jpg\" alt=\"Foto della via dei Pellegrini a Siena\" class=\"wp-image-4702\" srcset=\"https:\/\/www.latoscane.net\/wp-content\/uploads\/2017\/01\/via-dei-pellegrini-centro-storico-siena-2205.jpg 1200w, https:\/\/www.latoscane.net\/wp-content\/uploads\/2017\/01\/via-dei-pellegrini-centro-storico-siena-2205-300x200.jpg 300w, https:\/\/www.latoscane.net\/wp-content\/uploads\/2017\/01\/via-dei-pellegrini-centro-storico-siena-2205-1024x683.jpg 1024w, https:\/\/www.latoscane.net\/wp-content\/uploads\/2017\/01\/via-dei-pellegrini-centro-storico-siena-2205-768x512.jpg 768w\" sizes=\"(max-width: 1200px) 100vw, 1200px\" \/><figcaption class=\"wp-element-caption\">Via dei Pellegrini<\/figcaption><\/figure>\n\n\n\n<figure class=\"wp-block-image\"><img loading=\"lazy\" decoding=\"async\" width=\"800\" height=\"1200\" data-id=\"4705\" src=\"https:\/\/www.latoscane.net\/wp-content\/uploads\/2017\/01\/via-dei-pellegrini-centro-storico-siena-9090.jpg\" alt=\"Foto della via dei Pellegrini a Siena\" class=\"wp-image-4705\" srcset=\"https:\/\/www.latoscane.net\/wp-content\/uploads\/2017\/01\/via-dei-pellegrini-centro-storico-siena-9090.jpg 800w, https:\/\/www.latoscane.net\/wp-content\/uploads\/2017\/01\/via-dei-pellegrini-centro-storico-siena-9090-200x300.jpg 200w, https:\/\/www.latoscane.net\/wp-content\/uploads\/2017\/01\/via-dei-pellegrini-centro-storico-siena-9090-683x1024.jpg 683w, https:\/\/www.latoscane.net\/wp-content\/uploads\/2017\/01\/via-dei-pellegrini-centro-storico-siena-9090-768x1152.jpg 768w\" sizes=\"(max-width: 800px) 100vw, 800px\" \/><figcaption class=\"wp-element-caption\">Via dei Pellegrini<\/figcaption><\/figure>\n\n\n\n<figure class=\"wp-block-image\"><img loading=\"lazy\" decoding=\"async\" width=\"800\" height=\"1200\" data-id=\"4708\" src=\"https:\/\/www.latoscane.net\/wp-content\/uploads\/2017\/01\/via-dei-rossi-centro-storico-siena-8941.jpg\" alt=\"Veduta della via Rossi, centro storico di Siena\" class=\"wp-image-4708\" srcset=\"https:\/\/www.latoscane.net\/wp-content\/uploads\/2017\/01\/via-dei-rossi-centro-storico-siena-8941.jpg 800w, https:\/\/www.latoscane.net\/wp-content\/uploads\/2017\/01\/via-dei-rossi-centro-storico-siena-8941-200x300.jpg 200w, https:\/\/www.latoscane.net\/wp-content\/uploads\/2017\/01\/via-dei-rossi-centro-storico-siena-8941-683x1024.jpg 683w, https:\/\/www.latoscane.net\/wp-content\/uploads\/2017\/01\/via-dei-rossi-centro-storico-siena-8941-768x1152.jpg 768w\" sizes=\"(max-width: 800px) 100vw, 800px\" \/><figcaption class=\"wp-element-caption\">Via Rossi<\/figcaption><\/figure>\n\n\n\n<figure class=\"wp-block-image\"><img loading=\"lazy\" decoding=\"async\" width=\"800\" height=\"1200\" data-id=\"4711\" src=\"https:\/\/www.latoscane.net\/wp-content\/uploads\/2017\/01\/via-dei-termini-siena-2215.jpg\" alt=\"Veduta della Via dei Termini, centro storico di Siena\" class=\"wp-image-4711\" srcset=\"https:\/\/www.latoscane.net\/wp-content\/uploads\/2017\/01\/via-dei-termini-siena-2215.jpg 800w, https:\/\/www.latoscane.net\/wp-content\/uploads\/2017\/01\/via-dei-termini-siena-2215-200x300.jpg 200w, https:\/\/www.latoscane.net\/wp-content\/uploads\/2017\/01\/via-dei-termini-siena-2215-683x1024.jpg 683w, https:\/\/www.latoscane.net\/wp-content\/uploads\/2017\/01\/via-dei-termini-siena-2215-768x1152.jpg 768w\" sizes=\"(max-width: 800px) 100vw, 800px\" \/><figcaption class=\"wp-element-caption\">Via dei Termini<\/figcaption><\/figure>\n\n\n\n<figure class=\"wp-block-image\"><img loading=\"lazy\" decoding=\"async\" width=\"800\" height=\"1200\" data-id=\"4714\" src=\"https:\/\/www.latoscane.net\/wp-content\/uploads\/2017\/01\/via-della-galluzza-centro-storico-siena-2261.jpg\" alt=\"Veduta della via della Galluzza, centro storico di Siena\" class=\"wp-image-4714\" srcset=\"https:\/\/www.latoscane.net\/wp-content\/uploads\/2017\/01\/via-della-galluzza-centro-storico-siena-2261.jpg 800w, https:\/\/www.latoscane.net\/wp-content\/uploads\/2017\/01\/via-della-galluzza-centro-storico-siena-2261-200x300.jpg 200w, https:\/\/www.latoscane.net\/wp-content\/uploads\/2017\/01\/via-della-galluzza-centro-storico-siena-2261-683x1024.jpg 683w, https:\/\/www.latoscane.net\/wp-content\/uploads\/2017\/01\/via-della-galluzza-centro-storico-siena-2261-768x1152.jpg 768w\" sizes=\"(max-width: 800px) 100vw, 800px\" \/><figcaption class=\"wp-element-caption\">Via della Galluzza<\/figcaption><\/figure>\n\n\n\n<figure class=\"wp-block-image\"><img loading=\"lazy\" decoding=\"async\" width=\"800\" height=\"1200\" data-id=\"4717\" src=\"https:\/\/www.latoscane.net\/wp-content\/uploads\/2017\/01\/via-del-paradiso-centro-storico-siena-2822.jpg\" alt=\"Veduta della via del Paradiso, centro storico di Siena\" class=\"wp-image-4717\" srcset=\"https:\/\/www.latoscane.net\/wp-content\/uploads\/2017\/01\/via-del-paradiso-centro-storico-siena-2822.jpg 800w, https:\/\/www.latoscane.net\/wp-content\/uploads\/2017\/01\/via-del-paradiso-centro-storico-siena-2822-200x300.jpg 200w, https:\/\/www.latoscane.net\/wp-content\/uploads\/2017\/01\/via-del-paradiso-centro-storico-siena-2822-683x1024.jpg 683w, https:\/\/www.latoscane.net\/wp-content\/uploads\/2017\/01\/via-del-paradiso-centro-storico-siena-2822-768x1152.jpg 768w\" sizes=\"(max-width: 800px) 100vw, 800px\" \/><figcaption class=\"wp-element-caption\">Via del Paradiso<\/figcaption><\/figure>\n\n\n\n<figure class=\"wp-block-image\"><img loading=\"lazy\" decoding=\"async\" width=\"800\" height=\"1200\" data-id=\"4720\" src=\"https:\/\/www.latoscane.net\/wp-content\/uploads\/2017\/01\/via-di-beccheria-centro-storico-siena-3033.jpg\" alt=\"Veduta della via di Beccheria, centro storico di Siena\" class=\"wp-image-4720\" srcset=\"https:\/\/www.latoscane.net\/wp-content\/uploads\/2017\/01\/via-di-beccheria-centro-storico-siena-3033.jpg 800w, https:\/\/www.latoscane.net\/wp-content\/uploads\/2017\/01\/via-di-beccheria-centro-storico-siena-3033-200x300.jpg 200w, https:\/\/www.latoscane.net\/wp-content\/uploads\/2017\/01\/via-di-beccheria-centro-storico-siena-3033-683x1024.jpg 683w, https:\/\/www.latoscane.net\/wp-content\/uploads\/2017\/01\/via-di-beccheria-centro-storico-siena-3033-768x1152.jpg 768w\" sizes=\"(max-width: 800px) 100vw, 800px\" \/><figcaption class=\"wp-element-caption\">Via di Beccheria<\/figcaption><\/figure>\n\n\n\n<figure class=\"wp-block-image\"><img loading=\"lazy\" decoding=\"async\" width=\"800\" height=\"1200\" data-id=\"4723\" src=\"https:\/\/www.latoscane.net\/wp-content\/uploads\/2017\/01\/via-di-san-pietro-centro-storico-siena-2618.jpg\" alt=\"Veduta della via di San Pietro, centro storico di Siena\" class=\"wp-image-4723\" srcset=\"https:\/\/www.latoscane.net\/wp-content\/uploads\/2017\/01\/via-di-san-pietro-centro-storico-siena-2618.jpg 800w, https:\/\/www.latoscane.net\/wp-content\/uploads\/2017\/01\/via-di-san-pietro-centro-storico-siena-2618-200x300.jpg 200w, https:\/\/www.latoscane.net\/wp-content\/uploads\/2017\/01\/via-di-san-pietro-centro-storico-siena-2618-683x1024.jpg 683w, https:\/\/www.latoscane.net\/wp-content\/uploads\/2017\/01\/via-di-san-pietro-centro-storico-siena-2618-768x1152.jpg 768w\" sizes=\"(max-width: 800px) 100vw, 800px\" \/><figcaption class=\"wp-element-caption\">Via di San Pietro<\/figcaption><\/figure>\n\n\n\n<figure class=\"wp-block-image\"><img loading=\"lazy\" decoding=\"async\" width=\"800\" height=\"1200\" data-id=\"4726\" src=\"https:\/\/www.latoscane.net\/wp-content\/uploads\/2017\/01\/vicolo-dei-pontani-centro-storico-siena-8916.jpg\" alt=\"Veduta del vicolo dei Pontani, centro storico di Siena\" class=\"wp-image-4726\" srcset=\"https:\/\/www.latoscane.net\/wp-content\/uploads\/2017\/01\/vicolo-dei-pontani-centro-storico-siena-8916.jpg 800w, https:\/\/www.latoscane.net\/wp-content\/uploads\/2017\/01\/vicolo-dei-pontani-centro-storico-siena-8916-200x300.jpg 200w, https:\/\/www.latoscane.net\/wp-content\/uploads\/2017\/01\/vicolo-dei-pontani-centro-storico-siena-8916-683x1024.jpg 683w, https:\/\/www.latoscane.net\/wp-content\/uploads\/2017\/01\/vicolo-dei-pontani-centro-storico-siena-8916-768x1152.jpg 768w\" sizes=\"(max-width: 800px) 100vw, 800px\" \/><figcaption class=\"wp-element-caption\">Vicolo dei Pontani<\/figcaption><\/figure>\n<\/figure>\n\n\n<h2>Mappa con i luoghi<\/h2>\n<div id=\"travelersmap-container-69f2717adf6d6\" class=\"travelersmap-container\" style=\"z-index: 1; min-height: 10px; min-width:10px; height:450px;width:100%; max-width:; max-height:; position:relative;\"><div style=\"position:absolute; z-index:-1;top: 50%;text-align: center;display: block;left: 50%;transform: translate(-50%,-50%);\">Travelers' Map is loading...<br>If you see this after your page is loaded completely, leafletJS files are missing.<\/div><\/div>\n<h2>Fonti e collegamenti<\/h2>\n<ul>\n<li>Mura e porte di Siena : <a href=\"http:\/\/www.lemuradisiena.it\/le-mura-di-siena\/le-porte\/\" target=\"_blank\" rel=\"noopener\">www.lemuradisiena.it<\/a>, <a href=\"https:\/\/visitsienaofficial.it\/84-le-mura-di-siena\/\" target=\"_blank\" rel=\"noopener\">visitsienaofficial.it<\/a><\/li>\n<\/ul>\n<h2>Articoli legati a Siena<\/h2>\n<ul class=\"lcp_catlist2\" id=\"lcp_instance_0\"><li><a href=\"https:\/\/www.latoscane.net\/it\/siena\/\">Siena<\/a><a href=\"https:\/\/www.latoscane.net\/it\/siena\/\" title=\"Siena\"><img loading=\"lazy\" decoding=\"async\" width=\"150\" height=\"150\" src=\"https:\/\/www.latoscane.net\/wp-content\/uploads\/2017\/03\/torre-dell-mangia-panorama-sienne-3062-150x150.jpg\" class=\"lcp_thumbnail wp-post-image\" alt=\"Siena\" srcset=\"https:\/\/www.latoscane.net\/wp-content\/uploads\/2017\/03\/torre-dell-mangia-panorama-sienne-3062-150x150.jpg 150w, https:\/\/www.latoscane.net\/wp-content\/uploads\/2017\/03\/torre-dell-mangia-panorama-sienne-3062-50x50.jpg 50w, https:\/\/www.latoscane.net\/wp-content\/uploads\/2017\/03\/torre-dell-mangia-panorama-sienne-3062-80x80.jpg 80w, https:\/\/www.latoscane.net\/wp-content\/uploads\/2017\/03\/torre-dell-mangia-panorama-sienne-3062-75x75.jpg 75w\" sizes=\"(max-width: 150px) 100vw, 150px\" \/><\/a><div class=\"lcp_excerpt\">\nSiena \u00e8 con Firenze una delle destinazioni pi\u00f9 attraenti della regione. Citt\u00e0 del famoso palio, una corsa equestre, \u00e8 un&#8217;unica cittadina medievale situata nel cuore delle terre toscane, tra le ...<\/div><\/li><li><a href=\"https:\/\/www.latoscane.net\/it\/da-vedere-a-siena\/\">Cosa vedere a Siena<\/a><a href=\"https:\/\/www.latoscane.net\/it\/da-vedere-a-siena\/\" title=\"Cosa vedere a Siena\"><img loading=\"lazy\" decoding=\"async\" width=\"150\" height=\"150\" src=\"https:\/\/www.latoscane.net\/wp-content\/uploads\/2024\/07\/corte-palazzo-chigi-saracini-siena-8812-150x150.jpg\" class=\"lcp_thumbnail wp-post-image\" alt=\"Cosa vedere a Siena\" srcset=\"https:\/\/www.latoscane.net\/wp-content\/uploads\/2024\/07\/corte-palazzo-chigi-saracini-siena-8812-150x150.jpg 150w, https:\/\/www.latoscane.net\/wp-content\/uploads\/2024\/07\/corte-palazzo-chigi-saracini-siena-8812-50x50.jpg 50w, https:\/\/www.latoscane.net\/wp-content\/uploads\/2024\/07\/corte-palazzo-chigi-saracini-siena-8812-80x80.jpg 80w, https:\/\/www.latoscane.net\/wp-content\/uploads\/2024\/07\/corte-palazzo-chigi-saracini-siena-8812-75x75.jpg 75w\" sizes=\"(max-width: 150px) 100vw, 150px\" \/><\/a><div class=\"lcp_excerpt\">Siena merita pi\u00f9 giorni per prendere la misura del suo fascino. Tuttavia, non \u00e8 una citt\u00e0 molto grande e due giorni possono essere sufficienti per portare con s\u00e9 dei bei ...<\/div><\/li><li><a href=\"https:\/\/www.latoscane.net\/it\/piazza-del-campo-di-siena\/\">Piazza del Campo di Siena<\/a><a href=\"https:\/\/www.latoscane.net\/it\/piazza-del-campo-di-siena\/\" title=\"Piazza del Campo di Siena\"><img loading=\"lazy\" decoding=\"async\" width=\"150\" height=\"150\" src=\"https:\/\/www.latoscane.net\/wp-content\/uploads\/2017\/02\/piazza-del-campo-palazzo-pubblico-siena-2486-150x150.jpg\" class=\"lcp_thumbnail wp-post-image\" alt=\"Piazza del Campo di Siena\" srcset=\"https:\/\/www.latoscane.net\/wp-content\/uploads\/2017\/02\/piazza-del-campo-palazzo-pubblico-siena-2486-150x150.jpg 150w, https:\/\/www.latoscane.net\/wp-content\/uploads\/2017\/02\/piazza-del-campo-palazzo-pubblico-siena-2486-50x50.jpg 50w, https:\/\/www.latoscane.net\/wp-content\/uploads\/2017\/02\/piazza-del-campo-palazzo-pubblico-siena-2486-80x80.jpg 80w, https:\/\/www.latoscane.net\/wp-content\/uploads\/2017\/02\/piazza-del-campo-palazzo-pubblico-siena-2486-75x75.jpg 75w\" sizes=\"(max-width: 150px) 100vw, 150px\" \/><\/a><div class=\"lcp_excerpt\">\nLa Piazza del Campo \u00e8 senza dubbio una delle piazze pi\u00f9 belle ed eleganti del mondo, costruita tra il 1293 e il 1349. \u00c8 il cuore della citt\u00e0 di Siena, ...<\/div><\/li><li><a href=\"https:\/\/www.latoscane.net\/it\/duomo-di-siena\/\">Duomo di Siena<\/a><a href=\"https:\/\/www.latoscane.net\/it\/duomo-di-siena\/\" title=\"Duomo di Siena\"><img loading=\"lazy\" decoding=\"async\" width=\"150\" height=\"150\" src=\"https:\/\/www.latoscane.net\/wp-content\/uploads\/2017\/02\/foto-duomo-di-siena-3098-150x150.jpg\" class=\"lcp_thumbnail wp-post-image\" alt=\"Duomo di Siena\" srcset=\"https:\/\/www.latoscane.net\/wp-content\/uploads\/2017\/02\/foto-duomo-di-siena-3098-150x150.jpg 150w, https:\/\/www.latoscane.net\/wp-content\/uploads\/2017\/02\/foto-duomo-di-siena-3098-50x50.jpg 50w, https:\/\/www.latoscane.net\/wp-content\/uploads\/2017\/02\/foto-duomo-di-siena-3098-80x80.jpg 80w, https:\/\/www.latoscane.net\/wp-content\/uploads\/2017\/02\/foto-duomo-di-siena-3098-75x75.jpg 75w\" sizes=\"(max-width: 150px) 100vw, 150px\" \/><\/a><div class=\"lcp_excerpt\">\nRisaltando subito per le sue pietre e marmo bianchi e neri, la Cattedrale di Santa Maria Assunta di Siena \u00e8 sicuramente una delle pi\u00f9 sorprendenti e belle chiese d&#8217;Italia.Fu costruita ...<\/div><\/li><li><a href=\"https:\/\/www.latoscane.net\/it\/palazzo-pubblico-di-siena\/\">Palazzo Pubblico di Siena<\/a><a href=\"https:\/\/www.latoscane.net\/it\/palazzo-pubblico-di-siena\/\" title=\"Palazzo Pubblico di Siena\"><img loading=\"lazy\" decoding=\"async\" width=\"150\" height=\"150\" src=\"https:\/\/www.latoscane.net\/wp-content\/uploads\/2017\/03\/siena-cortile-del-podesta-palazzo-pubblico-8865-150x150.jpg\" class=\"lcp_thumbnail wp-post-image\" alt=\"Palazzo Pubblico di Siena\" srcset=\"https:\/\/www.latoscane.net\/wp-content\/uploads\/2017\/03\/siena-cortile-del-podesta-palazzo-pubblico-8865-150x150.jpg 150w, https:\/\/www.latoscane.net\/wp-content\/uploads\/2017\/03\/siena-cortile-del-podesta-palazzo-pubblico-8865-50x50.jpg 50w, https:\/\/www.latoscane.net\/wp-content\/uploads\/2017\/03\/siena-cortile-del-podesta-palazzo-pubblico-8865-65x65.jpg 65w\" sizes=\"(max-width: 150px) 100vw, 150px\" \/><\/a><div class=\"lcp_excerpt\">\nL&#8217;edificio pi\u00f9 imponente in Piazza del Campo \u00e8 il Palazzo Pubblico con la torre molto grande adiacente alla Torre della Mangia. Chiamato anche Palazzo Comunale, fu costruito tra il 1297 ...<\/div><\/li><li><a href=\"https:\/\/www.latoscane.net\/it\/museo-civico-di-siena\/\">Museo Civico di Siena<\/a><a href=\"https:\/\/www.latoscane.net\/it\/museo-civico-di-siena\/\" title=\"Museo Civico di Siena\"><img loading=\"lazy\" decoding=\"async\" width=\"150\" height=\"150\" src=\"https:\/\/www.latoscane.net\/wp-content\/uploads\/2017\/02\/allegorie-et-effets-du-bon-et-du-mauvais-gouvernement-salle-des-neuf-palazzo-pubblico-siena-8897-150x150.jpg\" class=\"lcp_thumbnail wp-post-image\" alt=\"Museo Civico di Siena\" srcset=\"https:\/\/www.latoscane.net\/wp-content\/uploads\/2017\/02\/allegorie-et-effets-du-bon-et-du-mauvais-gouvernement-salle-des-neuf-palazzo-pubblico-siena-8897-150x150.jpg 150w, https:\/\/www.latoscane.net\/wp-content\/uploads\/2017\/02\/allegorie-et-effets-du-bon-et-du-mauvais-gouvernement-salle-des-neuf-palazzo-pubblico-siena-8897-50x50.jpg 50w, https:\/\/www.latoscane.net\/wp-content\/uploads\/2017\/02\/allegorie-et-effets-du-bon-et-du-mauvais-gouvernement-salle-des-neuf-palazzo-pubblico-siena-8897-80x80.jpg 80w, https:\/\/www.latoscane.net\/wp-content\/uploads\/2017\/02\/allegorie-et-effets-du-bon-et-du-mauvais-gouvernement-salle-des-neuf-palazzo-pubblico-siena-8897-75x75.jpg 75w\" sizes=\"(max-width: 150px) 100vw, 150px\" \/><\/a><div class=\"lcp_excerpt\">\nIl Museo Civico di Siena fu allestito negli anni &#8217;30, al primo e secondo piano del Palazzo Pubblico. La sua visita, che chiede circa un&#8217;ora, \u00e8 altamente consigliata, come il ...<\/div><\/li><li><a href=\"https:\/\/www.latoscane.net\/it\/santa-maria-della-scala-di-siena\/\">Santa Maria della Scala di Siena<\/a><a href=\"https:\/\/www.latoscane.net\/it\/santa-maria-della-scala-di-siena\/\" title=\"Santa Maria della Scala di Siena\"><img loading=\"lazy\" decoding=\"async\" width=\"150\" height=\"150\" src=\"https:\/\/www.latoscane.net\/wp-content\/uploads\/2017\/03\/pellegrinaio-santa-maria-della-scala-siena-2300-150x150.jpg\" class=\"lcp_thumbnail wp-post-image\" alt=\"Santa Maria della Scala di Siena\" srcset=\"https:\/\/www.latoscane.net\/wp-content\/uploads\/2017\/03\/pellegrinaio-santa-maria-della-scala-siena-2300-150x150.jpg 150w, https:\/\/www.latoscane.net\/wp-content\/uploads\/2017\/03\/pellegrinaio-santa-maria-della-scala-siena-2300-50x50.jpg 50w, https:\/\/www.latoscane.net\/wp-content\/uploads\/2017\/03\/pellegrinaio-santa-maria-della-scala-siena-2300-80x80.jpg 80w, https:\/\/www.latoscane.net\/wp-content\/uploads\/2017\/03\/pellegrinaio-santa-maria-della-scala-siena-2300-75x75.jpg 75w\" sizes=\"(max-width: 150px) 100vw, 150px\" \/><\/a><div class=\"lcp_excerpt\">\nL&#8217;antico ospedale per pellegrini, Santa Maria della Scala, ospita un vasto e ricco complesso museale di Siena che si estende su 19.000 mq. \u00c8 una tappa essenziale per scoprire appieno ...<\/div><\/li><li><a href=\"https:\/\/www.latoscane.net\/it\/santuario-di-santa-caterina-di-siena\/\">Santuario di Santa Caterina di Siena<\/a><a href=\"https:\/\/www.latoscane.net\/it\/santuario-di-santa-caterina-di-siena\/\" title=\"Santuario di Santa Caterina di Siena\"><img loading=\"lazy\" decoding=\"async\" width=\"150\" height=\"150\" src=\"https:\/\/www.latoscane.net\/wp-content\/uploads\/2024\/07\/loggia-santuario-casa-di-santa-caterina-siena-3026-150x150.jpg\" class=\"lcp_thumbnail wp-post-image\" alt=\"Santuario di Santa Caterina di Siena\" srcset=\"https:\/\/www.latoscane.net\/wp-content\/uploads\/2024\/07\/loggia-santuario-casa-di-santa-caterina-siena-3026-150x150.jpg 150w, https:\/\/www.latoscane.net\/wp-content\/uploads\/2024\/07\/loggia-santuario-casa-di-santa-caterina-siena-3026-50x50.jpg 50w, https:\/\/www.latoscane.net\/wp-content\/uploads\/2024\/07\/loggia-santuario-casa-di-santa-caterina-siena-3026-80x80.jpg 80w, https:\/\/www.latoscane.net\/wp-content\/uploads\/2024\/07\/loggia-santuario-casa-di-santa-caterina-siena-3026-75x75.jpg 75w\" sizes=\"(max-width: 150px) 100vw, 150px\" \/><\/a><div class=\"lcp_excerpt\">\nIl Santuario-Casa di Santa Caterina \u00e8 situato sulla Collina di Sant&#8217;Antonio a Siena, composto dalla vecchia casa dei Benincasa, la famiglia di Caterina e la sua casa natale, con vari ...<\/div><\/li><li><a href=\"https:\/\/www.latoscane.net\/it\/basilica-di-san-domenico-di-siena\/\">Basilica di San Domenico di Siena<\/a><a href=\"https:\/\/www.latoscane.net\/it\/basilica-di-san-domenico-di-siena\/\" title=\"Basilica di San Domenico di Siena\"><img loading=\"lazy\" decoding=\"async\" width=\"150\" height=\"150\" src=\"https:\/\/www.latoscane.net\/wp-content\/uploads\/2024\/07\/basilique-saint-dominique-sienne-2251-150x150.jpg\" class=\"lcp_thumbnail wp-post-image\" alt=\"Basilica di San Domenico di Siena\" srcset=\"https:\/\/www.latoscane.net\/wp-content\/uploads\/2024\/07\/basilique-saint-dominique-sienne-2251-150x150.jpg 150w, https:\/\/www.latoscane.net\/wp-content\/uploads\/2024\/07\/basilique-saint-dominique-sienne-2251-50x50.jpg 50w, https:\/\/www.latoscane.net\/wp-content\/uploads\/2024\/07\/basilique-saint-dominique-sienne-2251-80x80.jpg 80w, https:\/\/www.latoscane.net\/wp-content\/uploads\/2024\/07\/basilique-saint-dominique-sienne-2251-75x75.jpg 75w\" sizes=\"(max-width: 150px) 100vw, 150px\" \/><\/a><div class=\"lcp_excerpt\">\nLa Basilica di San Domenico di Siena \u00e8 una delle pi\u00f9 importanti chiese della citt\u00e0, con la sua imponente architettura gotica e le sue opere rinascimentali. \u00c8 dedicata a Domenico ...<\/div><\/li><li><a href=\"https:\/\/www.latoscane.net\/it\/palazzi-di-siena\/\">Palazzi di Siena<\/a><a href=\"https:\/\/www.latoscane.net\/it\/palazzi-di-siena\/\" title=\"Palazzi di Siena\"><img loading=\"lazy\" decoding=\"async\" width=\"150\" height=\"150\" src=\"https:\/\/www.latoscane.net\/wp-content\/uploads\/2024\/07\/palazzo-chigi-saracini-siena-8815-150x150.jpg\" class=\"lcp_thumbnail wp-post-image\" alt=\"Palazzi di Siena\" srcset=\"https:\/\/www.latoscane.net\/wp-content\/uploads\/2024\/07\/palazzo-chigi-saracini-siena-8815-150x150.jpg 150w, https:\/\/www.latoscane.net\/wp-content\/uploads\/2024\/07\/palazzo-chigi-saracini-siena-8815-50x50.jpg 50w, https:\/\/www.latoscane.net\/wp-content\/uploads\/2024\/07\/palazzo-chigi-saracini-siena-8815-80x80.jpg 80w, https:\/\/www.latoscane.net\/wp-content\/uploads\/2024\/07\/palazzo-chigi-saracini-siena-8815-75x75.jpg 75w\" sizes=\"(max-width: 150px) 100vw, 150px\" \/><\/a><div class=\"lcp_excerpt\">\nLe strade di Siena incantano con i loro splendidi palazzi, per la maggior parte del medioevo, alcuni risalenti al Rinascimento. Non mancano di eleganza con la loro sobriet\u00e0, senza fasti ...<\/div><\/li><li><a href=\"https:\/\/www.latoscane.net\/it\/fontane-e-bottini-di-siena\/\">Fontane e bottini di Siena<\/a><a href=\"https:\/\/www.latoscane.net\/it\/fontane-e-bottini-di-siena\/\" title=\"Fontane e bottini di Siena\"><img loading=\"lazy\" decoding=\"async\" width=\"150\" height=\"150\" src=\"https:\/\/www.latoscane.net\/wp-content\/uploads\/2024\/07\/fontebranda-siena-2559-150x150.jpg\" class=\"lcp_thumbnail wp-post-image\" alt=\"Fontane e bottini di Siena\" srcset=\"https:\/\/www.latoscane.net\/wp-content\/uploads\/2024\/07\/fontebranda-siena-2559-150x150.jpg 150w, https:\/\/www.latoscane.net\/wp-content\/uploads\/2024\/07\/fontebranda-siena-2559-50x50.jpg 50w, https:\/\/www.latoscane.net\/wp-content\/uploads\/2024\/07\/fontebranda-siena-2559-80x80.jpg 80w, https:\/\/www.latoscane.net\/wp-content\/uploads\/2024\/07\/fontebranda-siena-2559-75x75.jpg 75w\" sizes=\"(max-width: 150px) 100vw, 150px\" \/><\/a><div class=\"lcp_excerpt\">\nA Siena si trovano un certo numero di fontane, alimentate dai bottini, le gallerie di un acquedotto medievale sotterraneo costruito a partire dal XII secolo. Queste gallerie hanno un totale ...<\/div><\/li><li class=\"current\"><a href=\"https:\/\/www.latoscane.net\/it\/porte-ed-altri-luoghi-di-siena\/\">Porte ed altri luoghi di Siena<\/a><a href=\"https:\/\/www.latoscane.net\/it\/porte-ed-altri-luoghi-di-siena\/\" title=\"Porte ed altri luoghi di Siena\"><img loading=\"lazy\" decoding=\"async\" width=\"150\" height=\"150\" src=\"https:\/\/www.latoscane.net\/wp-content\/uploads\/2017\/01\/porta-tufi-siena-2576-150x150.jpg\" class=\"lcp_thumbnail wp-post-image\" alt=\"Porte ed altri luoghi di Siena\" srcset=\"https:\/\/www.latoscane.net\/wp-content\/uploads\/2017\/01\/porta-tufi-siena-2576-150x150.jpg 150w, https:\/\/www.latoscane.net\/wp-content\/uploads\/2017\/01\/porta-tufi-siena-2576-50x50.jpg 50w, https:\/\/www.latoscane.net\/wp-content\/uploads\/2017\/01\/porta-tufi-siena-2576-80x80.jpg 80w, https:\/\/www.latoscane.net\/wp-content\/uploads\/2017\/01\/porta-tufi-siena-2576-75x75.jpg 75w\" sizes=\"(max-width: 150px) 100vw, 150px\" \/><\/a><div class=\"lcp_excerpt\">\nQuesta pagina \u00e8 dedicata ad altri luoghi interessanti di Siena, tra cui le sue mura e porte, logge, la Fortezza Medicea, alcune piazze e vie del centro.\nMura e porte di ...<\/div><\/li><li><a href=\"https:\/\/www.latoscane.net\/it\/altre-chiese-di-siena\/\">Altre chiese di Siena<\/a><a href=\"https:\/\/www.latoscane.net\/it\/altre-chiese-di-siena\/\" title=\"Altre chiese di Siena\"><img loading=\"lazy\" decoding=\"async\" width=\"150\" height=\"150\" src=\"https:\/\/www.latoscane.net\/wp-content\/uploads\/2024\/07\/basilica-di-san-francesco-siena-2412-150x150.jpg\" class=\"lcp_thumbnail wp-post-image\" alt=\"Altre chiese di Siena\" srcset=\"https:\/\/www.latoscane.net\/wp-content\/uploads\/2024\/07\/basilica-di-san-francesco-siena-2412-150x150.jpg 150w, https:\/\/www.latoscane.net\/wp-content\/uploads\/2024\/07\/basilica-di-san-francesco-siena-2412-50x50.jpg 50w, https:\/\/www.latoscane.net\/wp-content\/uploads\/2024\/07\/basilica-di-san-francesco-siena-2412-80x80.jpg 80w, https:\/\/www.latoscane.net\/wp-content\/uploads\/2024\/07\/basilica-di-san-francesco-siena-2412-75x75.jpg 75w\" sizes=\"(max-width: 150px) 100vw, 150px\" \/><\/a><div class=\"lcp_excerpt\">\nBasilica di San Francesco di Siena\nLa Basilica di San Francesco di Siena \u00e8 una delle pi\u00f9 importanti chiese di Siena, situata nella piazza omonima.Tra il 1228 e il 1255, su ...<\/div><\/li><li><a href=\"https:\/\/www.latoscane.net\/it\/biglietti-e-tour-in-siena\/\">Biglietti e tour in Siena<\/a><a href=\"https:\/\/www.latoscane.net\/it\/biglietti-e-tour-in-siena\/\" title=\"Biglietti e tour in Siena\"><img loading=\"lazy\" decoding=\"async\" width=\"150\" height=\"150\" src=\"https:\/\/www.latoscane.net\/wp-content\/uploads\/2017\/03\/visites-guidees-tickets-sienne-150x150.jpg\" class=\"lcp_thumbnail wp-post-image\" alt=\"Biglietti e tour in Siena\" srcset=\"https:\/\/www.latoscane.net\/wp-content\/uploads\/2017\/03\/visites-guidees-tickets-sienne-150x150.jpg 150w, https:\/\/www.latoscane.net\/wp-content\/uploads\/2017\/03\/visites-guidees-tickets-sienne-50x50.jpg 50w, https:\/\/www.latoscane.net\/wp-content\/uploads\/2017\/03\/visites-guidees-tickets-sienne-65x65.jpg 65w\" sizes=\"(max-width: 150px) 100vw, 150px\" \/><\/a><div class=\"lcp_excerpt\">Biglietti e proposte di visite guidate a Siena, biglietti d&#8217;ingresso, percorsi della citt\u00e0, con il complesso del Duomo, Piazza del Campo, escursioni nei dintorni, attivit\u00e0, ecc\n\n\n\nNella stessa categoria\n&nbsp;\n<\/div><\/li><li><a href=\"https:\/\/www.latoscane.net\/it\/mappa-di-siena\/\">Mappa di Siena<\/a><a href=\"https:\/\/www.latoscane.net\/it\/mappa-di-siena\/\" title=\"Mappa di Siena\"><img loading=\"lazy\" decoding=\"async\" width=\"150\" height=\"150\" src=\"https:\/\/www.latoscane.net\/wp-content\/uploads\/2017\/03\/carte-interactive-toscane-150x150.jpg\" class=\"lcp_thumbnail wp-post-image\" alt=\"Mappa di Siena\" srcset=\"https:\/\/www.latoscane.net\/wp-content\/uploads\/2017\/03\/carte-interactive-toscane-150x150.jpg 150w, https:\/\/www.latoscane.net\/wp-content\/uploads\/2017\/03\/carte-interactive-toscane-50x50.jpg 50w, https:\/\/www.latoscane.net\/wp-content\/uploads\/2017\/03\/carte-interactive-toscane-65x65.jpg 65w\" sizes=\"(max-width: 150px) 100vw, 150px\" \/><\/a><div class=\"lcp_excerpt\">Mappa interattiva di Siena con i principali monumenti, siti turistici e luoghi secondari, chiese, palazzi, piazze o musei\nI siti principali sono indicati con un&#8217;immagine a colori vivaci, mentre i luoghi ...<\/div><\/li><li><a href=\"https:\/\/www.booking.com\/city\/it\/siena.it.html?aid=308562;do_availability_check=1\">Alberghi in Siena<\/a><a href=\"https:\/\/www.booking.com\/city\/it\/siena.it.html?aid=308562;do_availability_check=1\" title=\"Alberghi in Siena\"><img loading=\"lazy\" decoding=\"async\" width=\"150\" height=\"115\" src=\"https:\/\/www.latoscane.net\/wp-content\/uploads\/2017\/02\/hotels-en-toscane-150x115.jpg\" class=\"lcp_thumbnail wp-post-image\" alt=\"Alberghi in Siena\" \/><\/a><div class=\"lcp_excerpt\">Prenota ora un alloggio a Siena, tra hotel, camere, appartamenti e agriturismi. Centinaia di scelte con valutazioni dei clienti, cancellazioni possibili\n<\/div><\/li><li><a href=\"https:\/\/www.latoscane.net\/it\/palio-di-siena\/\">Palio di Siena<\/a><a href=\"https:\/\/www.latoscane.net\/it\/palio-di-siena\/\" title=\"Palio di Siena\"><img loading=\"lazy\" decoding=\"async\" width=\"150\" height=\"150\" src=\"https:\/\/www.latoscane.net\/wp-content\/uploads\/2017\/03\/palio-di-siena-150x150.gif\" class=\"lcp_thumbnail wp-post-image\" alt=\"Palio di Siena\" srcset=\"https:\/\/www.latoscane.net\/wp-content\/uploads\/2017\/03\/palio-di-siena-150x150.gif 150w, https:\/\/www.latoscane.net\/wp-content\/uploads\/2017\/03\/palio-di-siena-50x50.gif 50w, https:\/\/www.latoscane.net\/wp-content\/uploads\/2017\/03\/palio-di-siena-65x65.gif 65w\" sizes=\"(max-width: 150px) 100vw, 150px\" \/><\/a><div class=\"lcp_excerpt\">\nIl Palio di Siena \u00e8 una famosa corsa equestre che vede contrapposti i vari quartieri della citt\u00e0, chiamati contrade, le cui origini risalgono ai giochi del medioevo, che si tiene ...<\/div><\/li><li><a href=\"https:\/\/www.latoscane.net\/it\/meteo-in-siena\/\">Meteo in Siena<\/a><a href=\"https:\/\/www.latoscane.net\/it\/meteo-in-siena\/\" title=\"Meteo in Siena\"><img loading=\"lazy\" decoding=\"async\" width=\"150\" height=\"120\" src=\"https:\/\/www.latoscane.net\/wp-content\/uploads\/2017\/01\/icone-meteo-toscane2-150x120.jpg\" class=\"lcp_thumbnail wp-post-image\" alt=\"Meteo in Siena\" \/><\/a><div class=\"lcp_excerpt\">Il tempo attuale a Siena e le previsioni per i prossimi giorni, con la pluviometria, le temperature o la qualit\u00e0 dell&#8217;aria\nMeteo 5 giorni in Siena\n\n\n\nMeteo dettagliata in Siena\n\n\n\nNella stessa categoria\n<\/div><\/li><\/ul>","protected":false},"excerpt":{"rendered":"<p>Questa pagina \u00e8 dedicata ad altri luoghi interessanti di Siena, tra cui le sue mura e porte, logge, la Fortezza Medicea, alcune piazze e vie del centro. Mura e porte di Siena Siena conserva gran parte delle sue mura medievali, con antiche porte, spesso ignorate dai turisti nonostante il loro fascino. Il perimetro del recinto [&hellip;]<\/p>\n","protected":false},"author":1,"featured_media":4652,"comment_status":"open","ping_status":"open","sticky":false,"template":"","format":"standard","meta":{"_acf_changed":false,"footnotes":"","_links_to":"","_links_to_target":""},"categories":[8,126],"tags":[127],"acf":[],"yoast_head":"<!-- This site is optimized with the Yoast SEO plugin v22.8 - https:\/\/yoast.com\/wordpress\/plugins\/seo\/ -->\n<title>Porte ed altri luoghi di Siena - Turismo<\/title>\n<meta name=\"description\" content=\"Alla scoperta di luoghi meno conosciuti di Siena, tra cui le sue mura e porte, logge, la Fortezza Medicea, alcune piazze e strade del centro\" \/>\n<meta name=\"robots\" content=\"index, follow, max-snippet:-1, max-image-preview:large, max-video-preview:-1\" \/>\n<link rel=\"canonical\" href=\"https:\/\/www.latoscane.net\/it\/porte-ed-altri-luoghi-di-siena\/\" \/>\n<meta property=\"og:locale\" content=\"it_IT\" \/>\n<meta property=\"og:type\" content=\"article\" \/>\n<meta property=\"og:title\" content=\"Porte ed altri luoghi di Siena - Turismo\" \/>\n<meta property=\"og:description\" content=\"Alla scoperta di luoghi meno conosciuti di Siena, tra cui le sue mura e porte, logge, la Fortezza Medicea, alcune piazze e strade del centro\" \/>\n<meta property=\"og:url\" content=\"https:\/\/www.latoscane.net\/it\/porte-ed-altri-luoghi-di-siena\/\" \/>\n<meta property=\"og:site_name\" content=\"LaToscane.net\" \/>\n<meta property=\"article:published_time\" content=\"2023-01-01T11:50:55+00:00\" \/>\n<meta property=\"article:modified_time\" content=\"2024-11-26T09:25:50+00:00\" \/>\n<meta property=\"og:image\" content=\"https:\/\/www.latoscane.net\/wp-content\/uploads\/2017\/01\/porta-tufi-siena_2576.jpg\" \/>\n\t<meta property=\"og:image:width\" content=\"1200\" \/>\n\t<meta property=\"og:image:height\" content=\"800\" \/>\n\t<meta property=\"og:image:type\" content=\"image\/jpeg\" \/>\n<meta name=\"author\" content=\"Galgano\" \/>\n<meta name=\"twitter:card\" content=\"summary_large_image\" \/>\n<meta name=\"twitter:label1\" content=\"Scritto da\" \/>\n\t<meta name=\"twitter:data1\" content=\"Galgano\" \/>\n\t<meta name=\"twitter:label2\" content=\"Tempo di lettura stimato\" \/>\n\t<meta name=\"twitter:data2\" content=\"9 minuti\" \/>\n<script type=\"application\/ld+json\" class=\"yoast-schema-graph\">{\"@context\":\"https:\/\/schema.org\",\"@graph\":[{\"@type\":\"WebPage\",\"@id\":\"https:\/\/www.latoscane.net\/it\/porte-ed-altri-luoghi-di-siena\/\",\"url\":\"https:\/\/www.latoscane.net\/it\/porte-ed-altri-luoghi-di-siena\/\",\"name\":\"Porte ed altri luoghi di Siena - Turismo\",\"isPartOf\":{\"@id\":\"https:\/\/www.latoscane.net\/#website\"},\"primaryImageOfPage\":{\"@id\":\"https:\/\/www.latoscane.net\/it\/porte-ed-altri-luoghi-di-siena\/#primaryimage\"},\"image\":{\"@id\":\"https:\/\/www.latoscane.net\/it\/porte-ed-altri-luoghi-di-siena\/#primaryimage\"},\"thumbnailUrl\":\"https:\/\/www.latoscane.net\/wp-content\/uploads\/2017\/01\/porta-tufi-siena-2576.jpg\",\"datePublished\":\"2023-01-01T11:50:55+00:00\",\"dateModified\":\"2024-11-26T09:25:50+00:00\",\"author\":{\"@id\":\"https:\/\/www.latoscane.net\/#\/schema\/person\/dae56e679cb6d9bdaf2b0b54b1320d42\"},\"description\":\"Alla scoperta di luoghi meno conosciuti di Siena, tra cui le sue mura e porte, logge, la Fortezza Medicea, alcune piazze e strade del centro\",\"breadcrumb\":{\"@id\":\"https:\/\/www.latoscane.net\/it\/porte-ed-altri-luoghi-di-siena\/#breadcrumb\"},\"inLanguage\":\"it-IT\",\"potentialAction\":[{\"@type\":\"ReadAction\",\"target\":[\"https:\/\/www.latoscane.net\/it\/porte-ed-altri-luoghi-di-siena\/\"]}]},{\"@type\":\"ImageObject\",\"inLanguage\":\"it-IT\",\"@id\":\"https:\/\/www.latoscane.net\/it\/porte-ed-altri-luoghi-di-siena\/#primaryimage\",\"url\":\"https:\/\/www.latoscane.net\/wp-content\/uploads\/2017\/01\/porta-tufi-siena-2576.jpg\",\"contentUrl\":\"https:\/\/www.latoscane.net\/wp-content\/uploads\/2017\/01\/porta-tufi-siena-2576.jpg\",\"width\":1200,\"height\":800,\"caption\":\"Veduta della Porta Tufi a Siena\"},{\"@type\":\"BreadcrumbList\",\"@id\":\"https:\/\/www.latoscane.net\/it\/porte-ed-altri-luoghi-di-siena\/#breadcrumb\",\"itemListElement\":[{\"@type\":\"ListItem\",\"position\":1,\"name\":\"Accueil\",\"item\":\"https:\/\/www.latoscane.net\/it\/\"},{\"@type\":\"ListItem\",\"position\":2,\"name\":\"Porte ed altri luoghi di Siena\"}]},{\"@type\":\"WebSite\",\"@id\":\"https:\/\/www.latoscane.net\/#website\",\"url\":\"https:\/\/www.latoscane.net\/\",\"name\":\"LaToscane.net\",\"description\":\"Visita della regione Toscana\",\"potentialAction\":[{\"@type\":\"SearchAction\",\"target\":{\"@type\":\"EntryPoint\",\"urlTemplate\":\"https:\/\/www.latoscane.net\/?s={search_term_string}\"},\"query-input\":\"required name=search_term_string\"}],\"inLanguage\":\"it-IT\"},{\"@type\":\"Person\",\"@id\":\"https:\/\/www.latoscane.net\/#\/schema\/person\/dae56e679cb6d9bdaf2b0b54b1320d42\",\"name\":\"Galgano\",\"url\":\"https:\/\/www.latoscane.net\/it\/author\/will\/\"}]}<\/script>\n<!-- \/ Yoast SEO plugin. -->","yoast_head_json":{"title":"Porte ed altri luoghi di Siena - Turismo","description":"Alla scoperta di luoghi meno conosciuti di Siena, tra cui le sue mura e porte, logge, la Fortezza Medicea, alcune piazze e strade del centro","robots":{"index":"index","follow":"follow","max-snippet":"max-snippet:-1","max-image-preview":"max-image-preview:large","max-video-preview":"max-video-preview:-1"},"canonical":"https:\/\/www.latoscane.net\/it\/porte-ed-altri-luoghi-di-siena\/","og_locale":"it_IT","og_type":"article","og_title":"Porte ed altri luoghi di Siena - Turismo","og_description":"Alla scoperta di luoghi meno conosciuti di Siena, tra cui le sue mura e porte, logge, la Fortezza Medicea, alcune piazze e strade del centro","og_url":"https:\/\/www.latoscane.net\/it\/porte-ed-altri-luoghi-di-siena\/","og_site_name":"LaToscane.net","article_published_time":"2023-01-01T11:50:55+00:00","article_modified_time":"2024-11-26T09:25:50+00:00","og_image":[{"width":1200,"height":800,"url":"https:\/\/www.latoscane.net\/wp-content\/uploads\/2017\/01\/porta-tufi-siena_2576.jpg","type":"image\/jpeg"}],"author":"Galgano","twitter_card":"summary_large_image","twitter_misc":{"Scritto da":"Galgano","Tempo di lettura stimato":"9 minuti"},"schema":{"@context":"https:\/\/schema.org","@graph":[{"@type":"WebPage","@id":"https:\/\/www.latoscane.net\/it\/porte-ed-altri-luoghi-di-siena\/","url":"https:\/\/www.latoscane.net\/it\/porte-ed-altri-luoghi-di-siena\/","name":"Porte ed altri luoghi di Siena - Turismo","isPartOf":{"@id":"https:\/\/www.latoscane.net\/#website"},"primaryImageOfPage":{"@id":"https:\/\/www.latoscane.net\/it\/porte-ed-altri-luoghi-di-siena\/#primaryimage"},"image":{"@id":"https:\/\/www.latoscane.net\/it\/porte-ed-altri-luoghi-di-siena\/#primaryimage"},"thumbnailUrl":"https:\/\/www.latoscane.net\/wp-content\/uploads\/2017\/01\/porta-tufi-siena-2576.jpg","datePublished":"2023-01-01T11:50:55+00:00","dateModified":"2024-11-26T09:25:50+00:00","author":{"@id":"https:\/\/www.latoscane.net\/#\/schema\/person\/dae56e679cb6d9bdaf2b0b54b1320d42"},"description":"Alla scoperta di luoghi meno conosciuti di Siena, tra cui le sue mura e porte, logge, la Fortezza Medicea, alcune piazze e strade del centro","breadcrumb":{"@id":"https:\/\/www.latoscane.net\/it\/porte-ed-altri-luoghi-di-siena\/#breadcrumb"},"inLanguage":"it-IT","potentialAction":[{"@type":"ReadAction","target":["https:\/\/www.latoscane.net\/it\/porte-ed-altri-luoghi-di-siena\/"]}]},{"@type":"ImageObject","inLanguage":"it-IT","@id":"https:\/\/www.latoscane.net\/it\/porte-ed-altri-luoghi-di-siena\/#primaryimage","url":"https:\/\/www.latoscane.net\/wp-content\/uploads\/2017\/01\/porta-tufi-siena-2576.jpg","contentUrl":"https:\/\/www.latoscane.net\/wp-content\/uploads\/2017\/01\/porta-tufi-siena-2576.jpg","width":1200,"height":800,"caption":"Veduta della Porta Tufi a Siena"},{"@type":"BreadcrumbList","@id":"https:\/\/www.latoscane.net\/it\/porte-ed-altri-luoghi-di-siena\/#breadcrumb","itemListElement":[{"@type":"ListItem","position":1,"name":"Accueil","item":"https:\/\/www.latoscane.net\/it\/"},{"@type":"ListItem","position":2,"name":"Porte ed altri luoghi di Siena"}]},{"@type":"WebSite","@id":"https:\/\/www.latoscane.net\/#website","url":"https:\/\/www.latoscane.net\/","name":"LaToscane.net","description":"Visita della regione Toscana","potentialAction":[{"@type":"SearchAction","target":{"@type":"EntryPoint","urlTemplate":"https:\/\/www.latoscane.net\/?s={search_term_string}"},"query-input":"required name=search_term_string"}],"inLanguage":"it-IT"},{"@type":"Person","@id":"https:\/\/www.latoscane.net\/#\/schema\/person\/dae56e679cb6d9bdaf2b0b54b1320d42","name":"Galgano","url":"https:\/\/www.latoscane.net\/it\/author\/will\/"}]}},"_links":{"self":[{"href":"https:\/\/www.latoscane.net\/it\/wp-json\/wp\/v2\/posts\/10764"}],"collection":[{"href":"https:\/\/www.latoscane.net\/it\/wp-json\/wp\/v2\/posts"}],"about":[{"href":"https:\/\/www.latoscane.net\/it\/wp-json\/wp\/v2\/types\/post"}],"author":[{"embeddable":true,"href":"https:\/\/www.latoscane.net\/it\/wp-json\/wp\/v2\/users\/1"}],"replies":[{"embeddable":true,"href":"https:\/\/www.latoscane.net\/it\/wp-json\/wp\/v2\/comments?post=10764"}],"version-history":[{"count":8,"href":"https:\/\/www.latoscane.net\/it\/wp-json\/wp\/v2\/posts\/10764\/revisions"}],"predecessor-version":[{"id":12822,"href":"https:\/\/www.latoscane.net\/it\/wp-json\/wp\/v2\/posts\/10764\/revisions\/12822"}],"wp:featuredmedia":[{"embeddable":true,"href":"https:\/\/www.latoscane.net\/it\/wp-json\/wp\/v2\/media\/4652"}],"wp:attachment":[{"href":"https:\/\/www.latoscane.net\/it\/wp-json\/wp\/v2\/media?parent=10764"}],"wp:term":[{"taxonomy":"category","embeddable":true,"href":"https:\/\/www.latoscane.net\/it\/wp-json\/wp\/v2\/categories?post=10764"},{"taxonomy":"post_tag","embeddable":true,"href":"https:\/\/www.latoscane.net\/it\/wp-json\/wp\/v2\/tags?post=10764"}],"curies":[{"name":"wp","href":"https:\/\/api.w.org\/{rel}","templated":true}]}}