{"id":10973,"date":"2024-06-30T09:29:29","date_gmt":"2024-06-30T07:29:29","guid":{"rendered":"https:\/\/www.latoscane.net\/parco-naturale-della-maremma\/"},"modified":"2025-09-09T09:29:18","modified_gmt":"2025-09-09T07:29:18","slug":"parco-naturale-della-maremma","status":"publish","type":"post","link":"https:\/\/www.latoscane.net\/it\/parco-naturale-della-maremma\/","title":{"rendered":"Parco naturale della Maremma"},"content":{"rendered":"\n<p>Il <strong>Parco Naturale della Maremma<\/strong>, detto anche <strong>Parco dell&#8217;Uccellina<\/strong>, si estende su quasi 10 mila ettari lungo la costa, con circa 25 km di litorale da Principina a Mare a nord fino a Talamone verso sud e fino a 3,5 km nell&#8217;entroterra. <br \/>Questa zona protetta conserva una natura e fauna ricca, formata da una piana umida, paludi e pineta a nord, e soprattutto una lunga dorsale costiera di colline molto verdi dei Monti dell&#8217;Uccelina, che culminano a 471 metri. Scendono verso il mare con scogliere e insenature. Da questo paesaggio emergono varie vestigia etrusche, romane e medievali come torri di avvistamento e i resti dell&#8217;<strong>Abbazia di San Rabano<\/strong>. <\/p>\n<h2>Presentazione e visita<\/h2>\n<p>La pianura settentrionale \u00e8 attraversata dall&#8217;Ombrone con la sua foce e dalle paludi della Trappola. Lato sud del fiume si estendono oltre le paludi, bacini d&#8217;acqua, dune, prati e una grande pineta, attraversata da canali artificiali risalenti all&#8217;epoca delle bonifiche effettuate dai Lorena. La vita selvatica \u00e8 fiorente, con importanti colonie di uccelli palustri e alcuni rapaci. <br \/>Si vedono mandrie di bovini della razza Maremma e cavalli che vivono allo stato selvatico. <\/p>\n\n<figure class=\"wp-block-gallery has-nested-images columns-default is-cropped wp-block-gallery-2 is-layout-flex wp-block-gallery-is-layout-flex\">\n<figure class=\"wp-block-image size-full\"><img loading=\"lazy\" decoding=\"async\" width=\"600\" height=\"393\" data-id=\"8661\" src=\"https:\/\/www.latoscane.net\/wp-content\/uploads\/2024\/09\/maremma-parco-torre-di-collelungo.jpg\" alt=\"Foto del Parco della Maremma\" class=\"wp-image-8661\" srcset=\"https:\/\/www.latoscane.net\/wp-content\/uploads\/2024\/09\/maremma-parco-torre-di-collelungo.jpg 600w, https:\/\/www.latoscane.net\/wp-content\/uploads\/2024\/09\/maremma-parco-torre-di-collelungo-300x197.jpg 300w\" sizes=\"(max-width: 600px) 100vw, 600px\" \/><figcaption class=\"wp-element-caption\">Parco della Maremma<\/figcaption><\/figure>\n\n\n<figure class=\"wp-block-image size-full\"><img loading=\"lazy\" decoding=\"async\" width=\"500\" height=\"750\" data-id=\"8658\" src=\"https:\/\/www.latoscane.net\/wp-content\/uploads\/2024\/09\/abbazia-san-rabano-maremma.jpg\" alt=\"Abbazia di San Rabano, parco della Maremma\" class=\"wp-image-8658\" srcset=\"https:\/\/www.latoscane.net\/wp-content\/uploads\/2024\/09\/abbazia-san-rabano-maremma.jpg 500w, https:\/\/www.latoscane.net\/wp-content\/uploads\/2024\/09\/abbazia-san-rabano-maremma-200x300.jpg 200w\" sizes=\"(max-width: 500px) 100vw, 500px\" \/><figcaption class=\"wp-element-caption\">Abbazia di San Rabano<\/figcaption><\/figure><\/figure>\n<p>La parte centrale e meridionale \u00e8 formata dai verdissimi Monti dell&#8217;Uccellina, con una fitta vegetazione di tipo macchia mediterranea. <br \/>Torri coronano rilievi come quelli di Castelmartino, Collelungo, Torre Bassa, Cala di Forno, Bella Marsilia, Torre Rivolta, Torre delle Cannelle e Torre di Capo d&#8217;uomo. Vi si trova anche la notevole abbazia di San Rabano. <br \/>Questa macchia mediterranea piace a molti animali, come cinghiali, daini, volpi, capre, vari rettili e una moltitudine di uccelli. <\/p>\n<p>La porzione costiera \u00e8 una delle poche coste incontaminate d&#8217;Italia, e anche una delle pi\u00f9 belle. Sulla costa si trova la splendida Cala di Forno, la \u00abspiaggia del parco\u00bb e belle calette come quella delle Cannelle.<\/p>\n<h2>Accesso al parco della Maremma<\/h2>\n<h3>Orari e accessi<\/h3>\n<p>Il parco \u00e8 aperto dalle 8:30 alle ore prima del tramonto. L&#8217;ingresso al parco \u00e8 a pagamento, nel 2024 la tariffa piena \u00e8 di 10 \u20ac, la tariffa ridotta di 5 \u20ac.<br \/>Un comodo accesso si fa dal <em>Centro Visite<\/em> del parco ad Alberese da dove partono gli autobus per raggiungere ad esempio la spiaggia principale del parco. <br \/>Il parco pu\u00f2 essere visitato a piedi, i sentieri sono segnalati per le escursioni, ma anche in bicicletta, a cavallo, in canoa e persino in sella ad un asino per i bambini. <br \/>Diversi itinerari sono segnalati. I pi\u00f9 brevi richiedono solo l&#8217;ingresso a 5 \u20ac.<\/p>\n<h3>Biglietti<\/h3>\n<p>I biglietti si possono acquistare ad Alberese in primavera e in estate, online il resto dell&#8217;anno. <\/p>\n<p>Per percorrere gli itinerari del parco \u00e8 necessario munirsi di un biglietto, acquistabile presso il centro turistico di Alberese o online. La vendita dei biglietti viene reinvestita nella manutenzione del parco, nella protezione e nella ricerca. <br \/>La maggior parte dei sentieri sono interessati dal prezzo pieno (10 \u20ac, tariffa ridotta 5 \u20ac per bambini, gruppi, ecc), quelli della pianura a nord (A5, A6, A7, A8) e il piccolo T1 a sud dalla tariffa di 5 \u20ac (2 \u20ac per la tariffa ridotta). <\/p>\n<h2>Abbazia di San Rabano<\/h2>\n<p>Le vestigia dell&#8217;abbazia di <strong>San Rabano<\/strong> sono ancora imponenti, resti del monastero di S. Maria ad Alberese. Questo complesso fu costruito dai benedettini nell&#8217;XI secolo, attivo fino al 1475 quando Siena trasfer\u00ec la sede del priorato ad Alberese. <br \/>La chiesa risale all&#8217;XI-XII secolo, la cupola al XIV secolo, come la torre di vedetta Torre dell&#8217;Uccellina.<\/p>\n<h2>Proposte di visite guidate nella regione<\/h2>\n\n<div data-gyg-href=\"https:\/\/widget.getyourguide.com\/default\/activities.frame\" data-gyg-locale-code=\"it-IT\" data-gyg-widget=\"activities\" data-gyg-number-of-items=\"3\" data-gyg-partner-id=\"DLYVAO3\" data-gyg-q=\"maremme\"><span>Powered by <a target=\"_blank\" rel=\"sponsored noopener\" href=\"https:\/\/www.getyourguide.com\/maremme-l192009\/\">GetYourGuide<\/a><\/span><\/div>\r\n<h2>Mappa del Parco della Maremma<\/h2>\n\n<figure class=\"wp-block-gallery has-nested-images columns-default is-cropped wp-block-gallery-3 is-layout-flex wp-block-gallery-is-layout-flex\">\n<figure class=\"wp-block-image size-large\"><a href=\"https:\/\/www.latoscane.net\/wp-content\/uploads\/2017\/02\/mappa-parco-maremma-1600-731x1024.jpg\"><img loading=\"lazy\" decoding=\"async\" width=\"731\" height=\"1024\" data-id=\"8669\" src=\"https:\/\/www.latoscane.net\/wp-content\/uploads\/2017\/02\/mappa-parco-maremma-1600-731x1024.jpg\" alt=\"Mappa del Parco Naturale della Maremma\" class=\"wp-image-8669\" srcset=\"https:\/\/www.latoscane.net\/wp-content\/uploads\/2017\/02\/mappa-parco-maremma-1600-731x1024.jpg 731w, https:\/\/www.latoscane.net\/wp-content\/uploads\/2017\/02\/mappa-parco-maremma-1600-214x300.jpg 214w, https:\/\/www.latoscane.net\/wp-content\/uploads\/2017\/02\/mappa-parco-maremma-1600-768x1076.jpg 768w, https:\/\/www.latoscane.net\/wp-content\/uploads\/2017\/02\/mappa-parco-maremma-1600-1097x1536.jpg 1097w, https:\/\/www.latoscane.net\/wp-content\/uploads\/2017\/02\/mappa-parco-maremma-1600-1462x2048.jpg 1462w, https:\/\/www.latoscane.net\/wp-content\/uploads\/2017\/02\/mappa-parco-maremma-1600.jpg 1600w\" sizes=\"(max-width: 731px) 100vw, 731px\" \/><\/a><figcaption class=\"wp-element-caption\">Mappa del Parco della Maremma : vedere <a href=\"https:\/\/parco-maremma.it\/\" target=\"_blank\" rel=\"noopener\">https:\/\/parco-maremma.it\/<\/a><\/figcaption><\/figure><\/figure>\n<h2>Dove si trova il parco della Maremma<\/h2>\n<div id=\"travelersmap-container-69f0e7ecddefd\" class=\"travelersmap-container\" style=\"z-index: 1; min-height: 10px; min-width:10px; height:450px;width:100%; max-width:; max-height:; position:relative;\"><div style=\"position:absolute; z-index:-1;top: 50%;text-align: center;display: block;left: 50%;transform: translate(-50%,-50%);\">Travelers' Map is loading...<br>If you see this after your page is loaded completely, leafletJS files are missing.<\/div><\/div>\n<h2>Link e fonti<\/h2>\n<ul>\n<li>Informazioni generali: <a href=\"https:\/\/it.wikipedia.org\/wiki\/Parco_naturale_della_Maremma\" target=\"_blank\" rel=\"noopener\">it.wikipedia.org<\/a><\/li>\n<li>Sito ufficiale: <a href=\"https:\/\/parco-maremma.it\/\" target=\"_blank\" rel=\"noopener\">parco-maremma.it<\/a><\/li>\n<li>Portali turistici e blog: <a href=\"https:\/\/www.visittuscany.com\/it\/attrazioni\/parco-regionale-della-maremma\/\" target=\"_blank\" rel=\"noopener\">www.visittuscany.com<\/a><\/li>\n<\/ul>\n<h2>Articoli sulla Maremma<\/h2>\n<ul class=\"lcp_catlist2\" id=\"lcp_instance_0\"><li><a href=\"https:\/\/www.latoscane.net\/it\/argentario\/\">Argentario<\/a><a href=\"https:\/\/www.latoscane.net\/it\/argentario\/\" title=\"Argentario\"><img loading=\"lazy\" decoding=\"async\" width=\"150\" height=\"150\" src=\"https:\/\/www.latoscane.net\/wp-content\/uploads\/2017\/02\/panorama-marina-porto-ercole-argentario-7833-150x150.jpg\" class=\"lcp_thumbnail wp-post-image\" alt=\"Argentario\" srcset=\"https:\/\/www.latoscane.net\/wp-content\/uploads\/2017\/02\/panorama-marina-porto-ercole-argentario-7833-150x150.jpg 150w, https:\/\/www.latoscane.net\/wp-content\/uploads\/2017\/02\/panorama-marina-porto-ercole-argentario-7833-50x50.jpg 50w, https:\/\/www.latoscane.net\/wp-content\/uploads\/2017\/02\/panorama-marina-porto-ercole-argentario-7833-80x80.jpg 80w, https:\/\/www.latoscane.net\/wp-content\/uploads\/2017\/02\/panorama-marina-porto-ercole-argentario-7833-75x75.jpg 75w\" sizes=\"(max-width: 150px) 100vw, 150px\" \/><\/a><div class=\"lcp_excerpt\">\nIl Promontorio dell&#8217;Argentario \u00e8 un bellissimo sito a sud della costa toscana, in provincia di Grosseto. Attira i visitatori per le sue varie attrazioni: l&#8217;ambiente marino, il clima mite, la ...<\/div><\/li><li class=\"current\"><a href=\"https:\/\/www.latoscane.net\/it\/parco-naturale-della-maremma\/\">Parco naturale della Maremma<\/a><a href=\"https:\/\/www.latoscane.net\/it\/parco-naturale-della-maremma\/\" title=\"Parco naturale della Maremma\"><img loading=\"lazy\" decoding=\"async\" width=\"150\" height=\"118\" src=\"https:\/\/www.latoscane.net\/wp-content\/uploads\/2017\/03\/maremme-150x118.jpg\" class=\"lcp_thumbnail wp-post-image\" alt=\"Parco naturale della Maremma\" \/><\/a><div class=\"lcp_excerpt\">\nIl Parco Naturale della Maremma, detto anche Parco dell&#8217;Uccellina, si estende su quasi 10 mila ettari lungo la costa, con circa 25 km di litorale da Principina a Mare a ...<\/div><\/li><li><a href=\"https:\/\/www.latoscane.net\/it\/maremma\/\">La Maremma<\/a><a href=\"https:\/\/www.latoscane.net\/it\/maremma\/\" title=\"La Maremma\"><img loading=\"lazy\" decoding=\"async\" width=\"150\" height=\"150\" src=\"https:\/\/www.latoscane.net\/wp-content\/uploads\/2024\/09\/castiglione-della-pescaia-8055-150x150.jpg\" class=\"lcp_thumbnail wp-post-image\" alt=\"La Maremma\" srcset=\"https:\/\/www.latoscane.net\/wp-content\/uploads\/2024\/09\/castiglione-della-pescaia-8055-150x150.jpg 150w, https:\/\/www.latoscane.net\/wp-content\/uploads\/2024\/09\/castiglione-della-pescaia-8055-50x50.jpg 50w, https:\/\/www.latoscane.net\/wp-content\/uploads\/2024\/09\/castiglione-della-pescaia-8055-80x80.jpg 80w, https:\/\/www.latoscane.net\/wp-content\/uploads\/2024\/09\/castiglione-della-pescaia-8055-75x75.jpg 75w\" sizes=\"(max-width: 150px) 100vw, 150px\" \/><\/a><div class=\"lcp_excerpt\">\nLa Maremma \u00e8 una vasta area storica della Toscana, un territorio affascinante dall&#8217;atmosfera piacevole e accogliente. Gran parte di questa regione si estende lungo la costa toscana per circa 100 ...<\/div><\/li><li><a href=\"https:\/\/www.latoscane.net\/it\/massa-marittima-in-toscana\/\">Massa Marittima<\/a><a href=\"https:\/\/www.latoscane.net\/it\/massa-marittima-in-toscana\/\" title=\"Massa Marittima\"><img loading=\"lazy\" decoding=\"async\" width=\"150\" height=\"150\" src=\"https:\/\/www.latoscane.net\/wp-content\/uploads\/2017\/06\/piazza-garibaldi-massa-marittima-1950-150x150.jpg\" class=\"lcp_thumbnail wp-post-image\" alt=\"Massa Marittima\" srcset=\"https:\/\/www.latoscane.net\/wp-content\/uploads\/2017\/06\/piazza-garibaldi-massa-marittima-1950-150x150.jpg 150w, https:\/\/www.latoscane.net\/wp-content\/uploads\/2017\/06\/piazza-garibaldi-massa-marittima-1950-50x50.jpg 50w, https:\/\/www.latoscane.net\/wp-content\/uploads\/2017\/06\/piazza-garibaldi-massa-marittima-1950-80x80.jpg 80w, https:\/\/www.latoscane.net\/wp-content\/uploads\/2017\/06\/piazza-garibaldi-massa-marittima-1950-75x75.jpg 75w\" sizes=\"(max-width: 150px) 100vw, 150px\" \/><\/a><div class=\"lcp_excerpt\">\nMassa Marittima \u00e8 un borgo storico situato nel cuore della Maremma in provincia di Grosseto, nell&#8217;entroterra contrariamente a quanto il suo nome lascerebbe pensare, a 20 minuti dalla costa di ...<\/div><\/li><li><a href=\"https:\/\/www.latoscane.net\/it\/area-del-tufo\/\">Area del Tufo<\/a><a href=\"https:\/\/www.latoscane.net\/it\/area-del-tufo\/\" title=\"Area del Tufo\"><img loading=\"lazy\" decoding=\"async\" width=\"150\" height=\"150\" src=\"https:\/\/www.latoscane.net\/wp-content\/uploads\/2017\/02\/via-cava-di-san-giuseppe-pitigliano-toscana-8173-150x150.jpg\" class=\"lcp_thumbnail wp-post-image\" alt=\"Area del Tufo\" srcset=\"https:\/\/www.latoscane.net\/wp-content\/uploads\/2017\/02\/via-cava-di-san-giuseppe-pitigliano-toscana-8173-150x150.jpg 150w, https:\/\/www.latoscane.net\/wp-content\/uploads\/2017\/02\/via-cava-di-san-giuseppe-pitigliano-toscana-8173-50x50.jpg 50w, https:\/\/www.latoscane.net\/wp-content\/uploads\/2017\/02\/via-cava-di-san-giuseppe-pitigliano-toscana-8173-80x80.jpg 80w, https:\/\/www.latoscane.net\/wp-content\/uploads\/2017\/02\/via-cava-di-san-giuseppe-pitigliano-toscana-8173-75x75.jpg 75w\" sizes=\"(max-width: 150px) 100vw, 150px\" \/><\/a><div class=\"lcp_excerpt\">\nNel sud-est della Maremma, le colline della Fiora sono ai confini della Toscana e molto vicino al Lazio. Sono attraversate dall&#8217;Area del Tufo, una regione singolare segnata dai suoi promontori ...<\/div><\/li><li><a href=\"https:\/\/www.latoscane.net\/it\/terme-di-saturnia\/\">Terme di Saturnia<\/a><a href=\"https:\/\/www.latoscane.net\/it\/terme-di-saturnia\/\" title=\"Terme di Saturnia\"><img loading=\"lazy\" decoding=\"async\" width=\"150\" height=\"150\" src=\"https:\/\/www.latoscane.net\/wp-content\/uploads\/2024\/09\/cascate-del-mulino-terme-di-saturnia-toscana-8458-150x150.jpg\" class=\"lcp_thumbnail wp-post-image\" alt=\"Terme di Saturnia\" srcset=\"https:\/\/www.latoscane.net\/wp-content\/uploads\/2024\/09\/cascate-del-mulino-terme-di-saturnia-toscana-8458-150x150.jpg 150w, https:\/\/www.latoscane.net\/wp-content\/uploads\/2024\/09\/cascate-del-mulino-terme-di-saturnia-toscana-8458-50x50.jpg 50w, https:\/\/www.latoscane.net\/wp-content\/uploads\/2024\/09\/cascate-del-mulino-terme-di-saturnia-toscana-8458-80x80.jpg 80w, https:\/\/www.latoscane.net\/wp-content\/uploads\/2024\/09\/cascate-del-mulino-terme-di-saturnia-toscana-8458-75x75.jpg 75w\" sizes=\"(max-width: 150px) 100vw, 150px\" \/><\/a><div class=\"lcp_excerpt\">\nLe Terme di Saturnia sono uno dei siti pi\u00f9 famosi della Toscana, con le sue terme naturali di acqua calda, formata da bellissime vasche calcaree di cui una parte \u00e8 ...<\/div><\/li><li><a href=\"https:\/\/www.latoscane.net\/it\/orbetello-e-sua-laguna\/\">Orbetello e sua laguna<\/a><a href=\"https:\/\/www.latoscane.net\/it\/orbetello-e-sua-laguna\/\" title=\"Orbetello e sua laguna\"><img loading=\"lazy\" decoding=\"async\" width=\"150\" height=\"150\" src=\"https:\/\/www.latoscane.net\/wp-content\/uploads\/2024\/09\/moulin-espagnol-orbetello-7817-150x150.jpg\" class=\"lcp_thumbnail wp-post-image\" alt=\"Orbetello e sua laguna\" srcset=\"https:\/\/www.latoscane.net\/wp-content\/uploads\/2024\/09\/moulin-espagnol-orbetello-7817-150x150.jpg 150w, https:\/\/www.latoscane.net\/wp-content\/uploads\/2024\/09\/moulin-espagnol-orbetello-7817-50x50.jpg 50w, https:\/\/www.latoscane.net\/wp-content\/uploads\/2024\/09\/moulin-espagnol-orbetello-7817-80x80.jpg 80w, https:\/\/www.latoscane.net\/wp-content\/uploads\/2024\/09\/moulin-espagnol-orbetello-7817-75x75.jpg 75w\" sizes=\"(max-width: 150px) 100vw, 150px\" \/><\/a><div class=\"lcp_excerpt\">\nOrbetello \u00e8 una piccola citt\u00e0 tranquilla che gode di una posizione particolare, su un lembo di terra che si snoda in mezzo alla bella laguna di 26 km\u00b2, dove la ...<\/div><\/li><li><a href=\"https:\/\/www.latoscane.net\/it\/pitigliano\/\">Pitigliano<\/a><a href=\"https:\/\/www.latoscane.net\/it\/pitigliano\/\" title=\"Pitigliano\"><img loading=\"lazy\" decoding=\"async\" width=\"150\" height=\"150\" src=\"https:\/\/www.latoscane.net\/wp-content\/uploads\/2017\/03\/pitigliano-9105-150x150.jpg\" class=\"lcp_thumbnail wp-post-image\" alt=\"Pitigliano\" srcset=\"https:\/\/www.latoscane.net\/wp-content\/uploads\/2017\/03\/pitigliano-9105-150x150.jpg 150w, https:\/\/www.latoscane.net\/wp-content\/uploads\/2017\/03\/pitigliano-9105-50x50.jpg 50w, https:\/\/www.latoscane.net\/wp-content\/uploads\/2017\/03\/pitigliano-9105-65x65.jpg 65w\" sizes=\"(max-width: 150px) 100vw, 150px\" \/><\/a><div class=\"lcp_excerpt\">\nPitigliano \u00e8 uno dei siti pi\u00f9 impressionanti della Maremma, nella Valle del Tufo a sud della Toscana. Questo villaggio corona in modo sorprendente una roccia di tufo che domina le ...<\/div><\/li><li><a href=\"https:\/\/www.latoscane.net\/it\/magliano-in-toscana\/\">Magliano in Toscana<\/a><a href=\"https:\/\/www.latoscane.net\/it\/magliano-in-toscana\/\" title=\"Magliano in Toscana\"><img loading=\"lazy\" decoding=\"async\" width=\"150\" height=\"150\" src=\"https:\/\/www.latoscane.net\/wp-content\/uploads\/2024\/09\/enceinte-murs-de-magliano-in-toscana-8094-150x150.jpg\" class=\"lcp_thumbnail wp-post-image\" alt=\"Magliano in Toscana\" srcset=\"https:\/\/www.latoscane.net\/wp-content\/uploads\/2024\/09\/enceinte-murs-de-magliano-in-toscana-8094-150x150.jpg 150w, https:\/\/www.latoscane.net\/wp-content\/uploads\/2024\/09\/enceinte-murs-de-magliano-in-toscana-8094-50x50.jpg 50w, https:\/\/www.latoscane.net\/wp-content\/uploads\/2024\/09\/enceinte-murs-de-magliano-in-toscana-8094-80x80.jpg 80w, https:\/\/www.latoscane.net\/wp-content\/uploads\/2024\/09\/enceinte-murs-de-magliano-in-toscana-8094-75x75.jpg 75w\" sizes=\"(max-width: 150px) 100vw, 150px\" \/><\/a><div class=\"lcp_excerpt\">\nMagliano in Toscana \u00e8 un grazioso borgo della Maremma, che conserva mura medievali, un suggestivo centro storico e rinomati ristoranti in tutta la regione. Quello che pi\u00f9 impressiona sono le ...<\/div><\/li><li><a href=\"https:\/\/www.latoscane.net\/it\/castiglione-della-pescaia\/\">Castiglione della Pescaia<\/a><a href=\"https:\/\/www.latoscane.net\/it\/castiglione-della-pescaia\/\" title=\"Castiglione della Pescaia\"><img loading=\"lazy\" decoding=\"async\" width=\"150\" height=\"150\" src=\"https:\/\/www.latoscane.net\/wp-content\/uploads\/2024\/09\/castiglione-della-pescaia-8054-150x150.jpg\" class=\"lcp_thumbnail wp-post-image\" alt=\"Castiglione della Pescaia\" srcset=\"https:\/\/www.latoscane.net\/wp-content\/uploads\/2024\/09\/castiglione-della-pescaia-8054-150x150.jpg 150w, https:\/\/www.latoscane.net\/wp-content\/uploads\/2024\/09\/castiglione-della-pescaia-8054-50x50.jpg 50w, https:\/\/www.latoscane.net\/wp-content\/uploads\/2024\/09\/castiglione-della-pescaia-8054-80x80.jpg 80w, https:\/\/www.latoscane.net\/wp-content\/uploads\/2024\/09\/castiglione-della-pescaia-8054-75x75.jpg 75w\" sizes=\"(max-width: 150px) 100vw, 150px\" \/><\/a><div class=\"lcp_excerpt\">\nCastiglione della Pescaia \u00e8 uno dei borghi pi\u00f9 belli della Toscana e gode di una posizione privilegiata sulla costa tra grandi spiagge sabbiose precedute da belle pinete. Il centro storico ...<\/div><\/li><li><a href=\"https:\/\/www.latoscane.net\/it\/talamone-in-toscana\/\">Talamone in Toscana<\/a><a href=\"https:\/\/www.latoscane.net\/it\/talamone-in-toscana\/\" title=\"Talamone in Toscana\"><img loading=\"lazy\" decoding=\"async\" width=\"150\" height=\"150\" src=\"https:\/\/www.latoscane.net\/wp-content\/uploads\/2024\/09\/costa-bagno-delle-donne-talamone-7997-150x150.jpg\" class=\"lcp_thumbnail wp-post-image\" alt=\"Talamone in Toscana\" srcset=\"https:\/\/www.latoscane.net\/wp-content\/uploads\/2024\/09\/costa-bagno-delle-donne-talamone-7997-150x150.jpg 150w, https:\/\/www.latoscane.net\/wp-content\/uploads\/2024\/09\/costa-bagno-delle-donne-talamone-7997-50x50.jpg 50w, https:\/\/www.latoscane.net\/wp-content\/uploads\/2024\/09\/costa-bagno-delle-donne-talamone-7997-80x80.jpg 80w, https:\/\/www.latoscane.net\/wp-content\/uploads\/2024\/09\/costa-bagno-delle-donne-talamone-7997-75x75.jpg 75w\" sizes=\"(max-width: 150px) 100vw, 150px\" \/><\/a><div class=\"lcp_excerpt\">\nAll&#8217;estremit\u00e0 meridionale del Parco della Maremma, Talamone \u00e8 un piccolo borgo arroccato su un promontorio che domina l&#8217;estremit\u00e0 occidentale del piccolo golfo omonimo, anche localit\u00e0 turistica con le sue spiagge ...<\/div><\/li><li><a href=\"https:\/\/www.latoscane.net\/it\/piombino\/\">Piombino, la citt\u00e0 ed il promontorio<\/a><a href=\"https:\/\/www.latoscane.net\/it\/piombino\/\" title=\"Piombino, la citt\u00e0 ed il promontorio\"><img loading=\"lazy\" decoding=\"async\" width=\"150\" height=\"150\" src=\"https:\/\/www.latoscane.net\/wp-content\/uploads\/2017\/02\/sant-anna-citadella-piombino-9280-150x150.jpg\" class=\"lcp_thumbnail wp-post-image\" alt=\"Piombino, la citt\u00e0 ed il promontorio\" srcset=\"https:\/\/www.latoscane.net\/wp-content\/uploads\/2017\/02\/sant-anna-citadella-piombino-9280-150x150.jpg 150w, https:\/\/www.latoscane.net\/wp-content\/uploads\/2017\/02\/sant-anna-citadella-piombino-9280-50x50.jpg 50w, https:\/\/www.latoscane.net\/wp-content\/uploads\/2017\/02\/sant-anna-citadella-piombino-9280-80x80.jpg 80w, https:\/\/www.latoscane.net\/wp-content\/uploads\/2017\/02\/sant-anna-citadella-piombino-9280-75x75.jpg 75w\" sizes=\"(max-width: 150px) 100vw, 150px\" \/><\/a><div class=\"lcp_excerpt\">\nPiombino \u00e8 una piccola citt\u00e0 di circa 34.000 abitanti ai piedi dell&#8217;omonimo promontorio e vicino all&#8217;antica Populonia etrusca, di fronte alle isole dell&#8217;Arcipelago Toscano, all&#8217;Isola d&#8217;Elba in particolare per la ...<\/div><\/li><li><a href=\"https:\/\/www.latoscane.net\/it\/maremma\/#Giardino_dei_Tarocchi\">Giardino dei Tarocchi<\/a><a href=\"https:\/\/www.latoscane.net\/it\/maremma\/#Giardino_dei_Tarocchi\" title=\"Giardino dei Tarocchi\"><img loading=\"lazy\" decoding=\"async\" width=\"150\" height=\"150\" src=\"https:\/\/www.latoscane.net\/wp-content\/uploads\/2017\/04\/jardin-des-tarots-giardino-dei-tarocchi_1560-150x150.jpg\" class=\"lcp_thumbnail wp-post-image\" alt=\"Giardino dei Tarocchi\" srcset=\"https:\/\/www.latoscane.net\/wp-content\/uploads\/2017\/04\/jardin-des-tarots-giardino-dei-tarocchi_1560-150x150.jpg 150w, https:\/\/www.latoscane.net\/wp-content\/uploads\/2017\/04\/jardin-des-tarots-giardino-dei-tarocchi_1560-50x50.jpg 50w, https:\/\/www.latoscane.net\/wp-content\/uploads\/2017\/04\/jardin-des-tarots-giardino-dei-tarocchi_1560-80x80.jpg 80w, https:\/\/www.latoscane.net\/wp-content\/uploads\/2017\/04\/jardin-des-tarots-giardino-dei-tarocchi_1560-75x75.jpg 75w\" sizes=\"(max-width: 150px) 100vw, 150px\" \/><\/a><div class=\"lcp_excerpt\">Ai piedi del villaggio di Capalbiole, il Giardino dei Tarocchi \u00e8 un luogo stravagante creato dall&#8217;artista franco-americano Niki de Saint Phalle ispirato al Parc G\u00fcell di Gaud\u00ed a Barcellona e ...<\/div><\/li><li><a href=\"https:\/\/www.latoscane.net\/it\/ansedonia-e-cosa-romana\/\">Ansedonia e Cosa romana<\/a><a href=\"https:\/\/www.latoscane.net\/it\/ansedonia-e-cosa-romana\/\" title=\"Ansedonia e Cosa romana\"><img loading=\"lazy\" decoding=\"async\" width=\"150\" height=\"150\" src=\"https:\/\/www.latoscane.net\/wp-content\/uploads\/2017\/04\/cosa-antica_1480-150x150.jpg\" class=\"lcp_thumbnail wp-post-image\" alt=\"Ansedonia e Cosa romana\" srcset=\"https:\/\/www.latoscane.net\/wp-content\/uploads\/2017\/04\/cosa-antica_1480-150x150.jpg 150w, https:\/\/www.latoscane.net\/wp-content\/uploads\/2017\/04\/cosa-antica_1480-50x50.jpg 50w, https:\/\/www.latoscane.net\/wp-content\/uploads\/2017\/04\/cosa-antica_1480-80x80.jpg 80w, https:\/\/www.latoscane.net\/wp-content\/uploads\/2017\/04\/cosa-antica_1480-75x75.jpg 75w\" sizes=\"(max-width: 150px) 100vw, 150px\" \/><\/a><div class=\"lcp_excerpt\">\nA sud della laguna di Orbetello, Ansedonia \u00e8 una localit\u00e0 balneare con le sue due spiagge di sabbia, ai piedi di un rilievo dove fu costruita la colonia romana di ...<\/div><\/li><\/ul>\n","protected":false},"excerpt":{"rendered":"<p>Il Parco Naturale della Maremma, detto anche Parco dell&#8217;Uccellina, si estende su quasi 10 mila ettari lungo la costa, con circa 25 km di litorale da Principina a Mare a nord fino a Talamone verso sud e fino a 3,5 km nell&#8217;entroterra. Questa zona protetta conserva una natura e fauna ricca, formata da una piana [&hellip;]<\/p>\n","protected":false},"author":1,"featured_media":1244,"comment_status":"open","ping_status":"open","sticky":false,"template":"","format":"standard","meta":{"_acf_changed":false,"footnotes":"","_links_to":"","_links_to_target":""},"categories":[114],"tags":[],"acf":[],"yoast_head":"<!-- This site is optimized with the Yoast SEO plugin v22.8 - https:\/\/yoast.com\/wordpress\/plugins\/seo\/ -->\n<title>Parco naturale della Maremma - Turismo<\/title>\n<meta name=\"description\" content=\"Il parco naturale della Maremma si estende lungo la costa toscana, tra colline boscose, resti archeologici, spiagge deserte e insenature, o la pianura a nord\" \/>\n<meta name=\"robots\" content=\"index, follow, max-snippet:-1, max-image-preview:large, max-video-preview:-1\" \/>\n<link rel=\"canonical\" href=\"https:\/\/www.latoscane.net\/it\/parco-naturale-della-maremma\/\" \/>\n<meta property=\"og:locale\" content=\"it_IT\" \/>\n<meta property=\"og:type\" content=\"article\" \/>\n<meta property=\"og:title\" content=\"Parco naturale della Maremma - Turismo\" \/>\n<meta property=\"og:description\" content=\"Il parco naturale della Maremma si estende lungo la costa toscana, tra colline boscose, resti archeologici, spiagge deserte e insenature, o la pianura a nord\" \/>\n<meta property=\"og:url\" content=\"https:\/\/www.latoscane.net\/it\/parco-naturale-della-maremma\/\" \/>\n<meta property=\"og:site_name\" content=\"LaToscane.net\" \/>\n<meta property=\"article:published_time\" content=\"2024-06-30T07:29:29+00:00\" \/>\n<meta property=\"article:modified_time\" content=\"2025-09-09T07:29:18+00:00\" \/>\n<meta property=\"og:image\" content=\"https:\/\/www.latoscane.net\/wp-content\/uploads\/2017\/03\/maremme.jpg\" \/>\n\t<meta property=\"og:image:width\" content=\"154\" \/>\n\t<meta property=\"og:image:height\" content=\"118\" \/>\n\t<meta property=\"og:image:type\" content=\"image\/jpeg\" \/>\n<meta name=\"author\" content=\"Galgano\" \/>\n<meta name=\"twitter:card\" content=\"summary_large_image\" \/>\n<meta name=\"twitter:label1\" content=\"Scritto da\" \/>\n\t<meta name=\"twitter:data1\" content=\"Galgano\" \/>\n\t<meta name=\"twitter:label2\" content=\"Tempo di lettura stimato\" \/>\n\t<meta name=\"twitter:data2\" content=\"3 minuti\" \/>\n<script type=\"application\/ld+json\" class=\"yoast-schema-graph\">{\"@context\":\"https:\/\/schema.org\",\"@graph\":[{\"@type\":\"WebPage\",\"@id\":\"https:\/\/www.latoscane.net\/it\/parco-naturale-della-maremma\/\",\"url\":\"https:\/\/www.latoscane.net\/it\/parco-naturale-della-maremma\/\",\"name\":\"Parco naturale della Maremma - Turismo\",\"isPartOf\":{\"@id\":\"https:\/\/www.latoscane.net\/#website\"},\"primaryImageOfPage\":{\"@id\":\"https:\/\/www.latoscane.net\/it\/parco-naturale-della-maremma\/#primaryimage\"},\"image\":{\"@id\":\"https:\/\/www.latoscane.net\/it\/parco-naturale-della-maremma\/#primaryimage\"},\"thumbnailUrl\":\"https:\/\/www.latoscane.net\/wp-content\/uploads\/2017\/03\/maremme.jpg\",\"datePublished\":\"2024-06-30T07:29:29+00:00\",\"dateModified\":\"2025-09-09T07:29:18+00:00\",\"author\":{\"@id\":\"https:\/\/www.latoscane.net\/#\/schema\/person\/dae56e679cb6d9bdaf2b0b54b1320d42\"},\"description\":\"Il parco naturale della Maremma si estende lungo la costa toscana, tra colline boscose, resti archeologici, spiagge deserte e insenature, o la pianura a nord\",\"breadcrumb\":{\"@id\":\"https:\/\/www.latoscane.net\/it\/parco-naturale-della-maremma\/#breadcrumb\"},\"inLanguage\":\"it-IT\",\"potentialAction\":[{\"@type\":\"ReadAction\",\"target\":[\"https:\/\/www.latoscane.net\/it\/parco-naturale-della-maremma\/\"]}]},{\"@type\":\"ImageObject\",\"inLanguage\":\"it-IT\",\"@id\":\"https:\/\/www.latoscane.net\/it\/parco-naturale-della-maremma\/#primaryimage\",\"url\":\"https:\/\/www.latoscane.net\/wp-content\/uploads\/2017\/03\/maremme.jpg\",\"contentUrl\":\"https:\/\/www.latoscane.net\/wp-content\/uploads\/2017\/03\/maremme.jpg\",\"width\":154,\"height\":118,\"caption\":\"La Maremma\"},{\"@type\":\"BreadcrumbList\",\"@id\":\"https:\/\/www.latoscane.net\/it\/parco-naturale-della-maremma\/#breadcrumb\",\"itemListElement\":[{\"@type\":\"ListItem\",\"position\":1,\"name\":\"Accueil\",\"item\":\"https:\/\/www.latoscane.net\/it\/\"},{\"@type\":\"ListItem\",\"position\":2,\"name\":\"Parco naturale della Maremma\"}]},{\"@type\":\"WebSite\",\"@id\":\"https:\/\/www.latoscane.net\/#website\",\"url\":\"https:\/\/www.latoscane.net\/\",\"name\":\"LaToscane.net\",\"description\":\"Visita della regione Toscana\",\"potentialAction\":[{\"@type\":\"SearchAction\",\"target\":{\"@type\":\"EntryPoint\",\"urlTemplate\":\"https:\/\/www.latoscane.net\/?s={search_term_string}\"},\"query-input\":\"required name=search_term_string\"}],\"inLanguage\":\"it-IT\"},{\"@type\":\"Person\",\"@id\":\"https:\/\/www.latoscane.net\/#\/schema\/person\/dae56e679cb6d9bdaf2b0b54b1320d42\",\"name\":\"Galgano\",\"url\":\"https:\/\/www.latoscane.net\/it\/author\/will\/\"}]}<\/script>\n<!-- \/ Yoast SEO plugin. -->","yoast_head_json":{"title":"Parco naturale della Maremma - Turismo","description":"Il parco naturale della Maremma si estende lungo la costa toscana, tra colline boscose, resti archeologici, spiagge deserte e insenature, o la pianura a nord","robots":{"index":"index","follow":"follow","max-snippet":"max-snippet:-1","max-image-preview":"max-image-preview:large","max-video-preview":"max-video-preview:-1"},"canonical":"https:\/\/www.latoscane.net\/it\/parco-naturale-della-maremma\/","og_locale":"it_IT","og_type":"article","og_title":"Parco naturale della Maremma - Turismo","og_description":"Il parco naturale della Maremma si estende lungo la costa toscana, tra colline boscose, resti archeologici, spiagge deserte e insenature, o la pianura a nord","og_url":"https:\/\/www.latoscane.net\/it\/parco-naturale-della-maremma\/","og_site_name":"LaToscane.net","article_published_time":"2024-06-30T07:29:29+00:00","article_modified_time":"2025-09-09T07:29:18+00:00","og_image":[{"width":154,"height":118,"url":"https:\/\/www.latoscane.net\/wp-content\/uploads\/2017\/03\/maremme.jpg","type":"image\/jpeg"}],"author":"Galgano","twitter_card":"summary_large_image","twitter_misc":{"Scritto da":"Galgano","Tempo di lettura stimato":"3 minuti"},"schema":{"@context":"https:\/\/schema.org","@graph":[{"@type":"WebPage","@id":"https:\/\/www.latoscane.net\/it\/parco-naturale-della-maremma\/","url":"https:\/\/www.latoscane.net\/it\/parco-naturale-della-maremma\/","name":"Parco naturale della Maremma - Turismo","isPartOf":{"@id":"https:\/\/www.latoscane.net\/#website"},"primaryImageOfPage":{"@id":"https:\/\/www.latoscane.net\/it\/parco-naturale-della-maremma\/#primaryimage"},"image":{"@id":"https:\/\/www.latoscane.net\/it\/parco-naturale-della-maremma\/#primaryimage"},"thumbnailUrl":"https:\/\/www.latoscane.net\/wp-content\/uploads\/2017\/03\/maremme.jpg","datePublished":"2024-06-30T07:29:29+00:00","dateModified":"2025-09-09T07:29:18+00:00","author":{"@id":"https:\/\/www.latoscane.net\/#\/schema\/person\/dae56e679cb6d9bdaf2b0b54b1320d42"},"description":"Il parco naturale della Maremma si estende lungo la costa toscana, tra colline boscose, resti archeologici, spiagge deserte e insenature, o la pianura a nord","breadcrumb":{"@id":"https:\/\/www.latoscane.net\/it\/parco-naturale-della-maremma\/#breadcrumb"},"inLanguage":"it-IT","potentialAction":[{"@type":"ReadAction","target":["https:\/\/www.latoscane.net\/it\/parco-naturale-della-maremma\/"]}]},{"@type":"ImageObject","inLanguage":"it-IT","@id":"https:\/\/www.latoscane.net\/it\/parco-naturale-della-maremma\/#primaryimage","url":"https:\/\/www.latoscane.net\/wp-content\/uploads\/2017\/03\/maremme.jpg","contentUrl":"https:\/\/www.latoscane.net\/wp-content\/uploads\/2017\/03\/maremme.jpg","width":154,"height":118,"caption":"La Maremma"},{"@type":"BreadcrumbList","@id":"https:\/\/www.latoscane.net\/it\/parco-naturale-della-maremma\/#breadcrumb","itemListElement":[{"@type":"ListItem","position":1,"name":"Accueil","item":"https:\/\/www.latoscane.net\/it\/"},{"@type":"ListItem","position":2,"name":"Parco naturale della Maremma"}]},{"@type":"WebSite","@id":"https:\/\/www.latoscane.net\/#website","url":"https:\/\/www.latoscane.net\/","name":"LaToscane.net","description":"Visita della regione Toscana","potentialAction":[{"@type":"SearchAction","target":{"@type":"EntryPoint","urlTemplate":"https:\/\/www.latoscane.net\/?s={search_term_string}"},"query-input":"required name=search_term_string"}],"inLanguage":"it-IT"},{"@type":"Person","@id":"https:\/\/www.latoscane.net\/#\/schema\/person\/dae56e679cb6d9bdaf2b0b54b1320d42","name":"Galgano","url":"https:\/\/www.latoscane.net\/it\/author\/will\/"}]}},"_links":{"self":[{"href":"https:\/\/www.latoscane.net\/it\/wp-json\/wp\/v2\/posts\/10973"}],"collection":[{"href":"https:\/\/www.latoscane.net\/it\/wp-json\/wp\/v2\/posts"}],"about":[{"href":"https:\/\/www.latoscane.net\/it\/wp-json\/wp\/v2\/types\/post"}],"author":[{"embeddable":true,"href":"https:\/\/www.latoscane.net\/it\/wp-json\/wp\/v2\/users\/1"}],"replies":[{"embeddable":true,"href":"https:\/\/www.latoscane.net\/it\/wp-json\/wp\/v2\/comments?post=10973"}],"version-history":[{"count":2,"href":"https:\/\/www.latoscane.net\/it\/wp-json\/wp\/v2\/posts\/10973\/revisions"}],"predecessor-version":[{"id":11004,"href":"https:\/\/www.latoscane.net\/it\/wp-json\/wp\/v2\/posts\/10973\/revisions\/11004"}],"wp:featuredmedia":[{"embeddable":true,"href":"https:\/\/www.latoscane.net\/it\/wp-json\/wp\/v2\/media\/1244"}],"wp:attachment":[{"href":"https:\/\/www.latoscane.net\/it\/wp-json\/wp\/v2\/media?parent=10973"}],"wp:term":[{"taxonomy":"category","embeddable":true,"href":"https:\/\/www.latoscane.net\/it\/wp-json\/wp\/v2\/categories?post=10973"},{"taxonomy":"post_tag","embeddable":true,"href":"https:\/\/www.latoscane.net\/it\/wp-json\/wp\/v2\/tags?post=10973"}],"curies":[{"name":"wp","href":"https:\/\/api.w.org\/{rel}","templated":true}]}}