{"id":10976,"date":"2024-06-20T09:45:41","date_gmt":"2024-06-20T07:45:41","guid":{"rendered":"https:\/\/www.latoscane.net\/massa-marittima\/"},"modified":"2025-09-10T21:36:29","modified_gmt":"2025-09-10T19:36:29","slug":"massa-marittima-in-toscana","status":"publish","type":"post","link":"https:\/\/www.latoscane.net\/it\/massa-marittima-in-toscana\/","title":{"rendered":"Massa Marittima"},"content":{"rendered":"\n<p><strong>Massa Marittima<\/strong> \u00e8 un borgo storico situato nel cuore della <strong>Maremma<\/strong> in provincia di Grosseto, nell&#8217;entroterra contrariamente a quanto il suo nome lascerebbe pensare, a 20 minuti dalla costa di Follonica, nelle <strong>Colline Metallifere<\/strong> di cui \u00e8 il principale centro urbano. <br \/>Conserva un molto bello centro medievale con una bella cattedrale romanica su una piazza armoniosa, un interessante museo, bei palazzi e antiche mura. <br \/>Due volte all&#8217;anno, la domenica successiva al 20 maggio e la seconda domenica di agosto, si svolge a Massa il Balestro del Grifalco, una sfida secolare di tiro con l&#8217;arco, preceduta da un corteo storico. <br \/>Massa Marittima \u00e8 anche il cuore della produzione del <strong>Monteregio DOC<\/strong>, un ottimo vino.<\/p>\n<h2>Cosa vedere a Massa Marittima<\/h2>\n<h3>Cattedrale di San Cerbone<\/h3>\n<p>Il cuore di Massa Marittima \u00e8 la piazza Garibaldi con il suo principale monumento che \u00e8 la <strong>Cattedrale di San Cerbone<\/strong>. <br \/>Questa chiesa romanica fu costruita tra l&#8217;XI e il XIV secolo, poi rielaborata in tempi successivi. La torre campanaria raggiunge i 40 metri. I bassorilievi dei pannelli duecenteschi del portale principale raccontano episodi della storia di San Cerbone.<br \/>L&#8217;interno con le sue navate separate da grandi colonne conserva il fonte battesimale del XIII secolo, la vetrata trecentesca della rosaccia centrale, un crocifisso ligneo di Giovanni Pisano, oppure la Maest\u00e0 della vergine di Duccio di Buoninsegna del 1316.<\/p>\n\n\n<figure class=\"wp-block-gallery has-nested-images columns-default is-cropped wp-block-gallery-2 is-layout-flex wp-block-gallery-is-layout-flex\">\n<figure class=\"wp-block-image size-medium\"><a href=\"https:\/\/www.latoscane.net\/wp-content\/uploads\/2017\/06\/cattedrale-de-massa-marittima-1936-300x200.jpg\"><img loading=\"lazy\" decoding=\"async\" width=\"300\" height=\"200\" data-id=\"3501\" src=\"https:\/\/www.latoscane.net\/wp-content\/uploads\/2017\/06\/cattedrale-de-massa-marittima-1936-300x200.jpg\" alt=\"Foto dell'interno della cattedrale di Massa Marritima\" class=\"wp-image-3501\" srcset=\"https:\/\/www.latoscane.net\/wp-content\/uploads\/2017\/06\/cattedrale-de-massa-marittima-1936-300x200.jpg 300w, https:\/\/www.latoscane.net\/wp-content\/uploads\/2017\/06\/cattedrale-de-massa-marittima-1936-1024x683.jpg 1024w, https:\/\/www.latoscane.net\/wp-content\/uploads\/2017\/06\/cattedrale-de-massa-marittima-1936-768x512.jpg 768w, https:\/\/www.latoscane.net\/wp-content\/uploads\/2017\/06\/cattedrale-de-massa-marittima-1936.jpg 1200w\" sizes=\"(max-width: 300px) 100vw, 300px\" \/><\/a><figcaption class=\"wp-element-caption\">Duomo<\/figcaption><\/figure>\n\n\n\n<figure class=\"wp-block-image size-medium\"><a href=\"https:\/\/www.latoscane.net\/wp-content\/uploads\/2017\/06\/piazza-garibaldi-massa-marittima-1950-300x200.jpg\"><img loading=\"lazy\" decoding=\"async\" width=\"300\" height=\"200\" data-id=\"3504\" src=\"https:\/\/www.latoscane.net\/wp-content\/uploads\/2017\/06\/piazza-garibaldi-massa-marittima-1950-300x200.jpg\" alt=\"Foto della Piazza Garibaldi a Massa Marittima\" class=\"wp-image-3504\" srcset=\"https:\/\/www.latoscane.net\/wp-content\/uploads\/2017\/06\/piazza-garibaldi-massa-marittima-1950-300x200.jpg 300w, https:\/\/www.latoscane.net\/wp-content\/uploads\/2017\/06\/piazza-garibaldi-massa-marittima-1950-1024x683.jpg 1024w, https:\/\/www.latoscane.net\/wp-content\/uploads\/2017\/06\/piazza-garibaldi-massa-marittima-1950-768x512.jpg 768w, https:\/\/www.latoscane.net\/wp-content\/uploads\/2017\/06\/piazza-garibaldi-massa-marittima-1950.jpg 1200w\" sizes=\"(max-width: 300px) 100vw, 300px\" \/><\/a><figcaption class=\"wp-element-caption\">Piazza Garibaldi<\/figcaption><\/figure>\n<\/figure>\n\n\n<h3>Piazza Garibaldi<\/h3>\n<p>Si tratta della piazza principale con i suoi splendidi edifici medievali, circondata dalla cattedrale, dal Palazzo del Podest\u00e0, dal Palazzo Vescovile, ecc.<\/p>\n<h3>Fonte dell&#8217;abbondanza<\/h3>\n<p>Sotto la Piazza Garibaldi si pu\u00f2 scoprire la graziosa <strong>Fonte dell&#8217;Abbondanza<\/strong>. Si trova sotto le arcate del Palazzo dell&#8217;Abbondanza, le cui vasche sono attualmente vuote, ornata soprattutto da un sorprendente affresco profano chiamato &#8220;Albero della fecondit\u00e0&#8221;, sopravvissuto sotto un sottile strato di gesso, datato intorno all&#8217;inizio del XIV secolo. Rappresenta un grande albero con frutti a forma di fallo, e donne che raccolgono questi frutti. <\/p>\n<h3>Palazzo del Podest\u00e0 e museo archeologico<\/h3>\n<p>In piazza Garibaldi, il bellissimo palazzo del Podest\u00e0 risale agli inizi del XIII secolo e fu sede del Podest\u00e0 che governava la citt\u00e0. Porta in facciata gli stemmi di questi diversi podest\u00e0. <br \/>Il Palazzo del Podest\u00e0 ospita il museo archeologico di Massa Marittima, con le sue sale sulla preistoria tra cui una grotta ricostruita, una sezione dedicata agli Etruschi della regione con ricostruzioni di oggetti e un quartiere. <\/p>\n<h3>Museo di arte sacra<\/h3>\n<p>Il museo d&#8217;arte sacra conserva opere provenienti dalla cattedrale in cinque sale, tra cui bassorilievi, sculture, capitelli, crocifissi e una sezione sull&#8217;arte del XIV secolo, con particolare attenzione alla Maest\u00e0 di Antonio Lorenzetti. Una sala \u00e8 dedicata alle ceramiche italiane, un&#8217;altra all&#8217;arte del XV secolo e si scoprono mobili di altre chiese. <\/p>\n<h3>Municipio<\/h3>\n<p>Il bellissimo municipio situato in Piazza Giuseppe Garibaldi \u00e8 composto da due palazzi del XIII e XIV secolo, collegati tra loro da un corpo centrale. <br \/>Sulla facciata si vede lo stemma della famiglia Medici installato nel 1555 quando la regione fu inglobata nel Granducato di Toscana. L&#8217;ufficio del sindaco era una notevole cappella del XVI secolo. <\/p>\n<h3>Convento di Santa Chiara<\/h3>\n<p>Il convento delle Clarisse Santa Chiara fu costruito con San Bernardino da Siena. Ospita la biblioteca comunale e il suo fondo antico. <\/p>\n<h3>Recinto di Massa e Fortezza dei Senesi<\/h3>\n<p>Il centro storico \u00e8 ancora circondato dalla cinta muraria medievale di Massa Marittima, iniziata nel XII secolo e poi rafforzata dai senesi, con alcune torri e porte che sono sopravvissute. Degradati nel XIX secolo, sono stati recentemente restaurati, tra cui la Torre dell&#8217;Orologio (o Torre del Candeliere), e la Fortezza dei Senesi.<\/p>\n<h2>Galleria<\/h2>\n\n\n<figure class=\"wp-block-gallery has-nested-images columns-default is-cropped wp-block-gallery-3 is-layout-flex wp-block-gallery-is-layout-flex\">\n<figure class=\"wp-block-image size-medium\"><a href=\"https:\/\/www.latoscane.net\/wp-content\/uploads\/2017\/06\/centro-storico-massa-marittima-3737-200x300.jpg\"><img loading=\"lazy\" decoding=\"async\" width=\"200\" height=\"300\" data-id=\"3509\" src=\"https:\/\/www.latoscane.net\/wp-content\/uploads\/2017\/06\/centro-storico-massa-marittima-3737-200x300.jpg\" alt=\"Foto delle vie di Massa Marittima\" class=\"wp-image-3509\" srcset=\"https:\/\/www.latoscane.net\/wp-content\/uploads\/2017\/06\/centro-storico-massa-marittima-3737-200x300.jpg 200w, https:\/\/www.latoscane.net\/wp-content\/uploads\/2017\/06\/centro-storico-massa-marittima-3737-683x1024.jpg 683w, https:\/\/www.latoscane.net\/wp-content\/uploads\/2017\/06\/centro-storico-massa-marittima-3737-768x1152.jpg 768w, https:\/\/www.latoscane.net\/wp-content\/uploads\/2017\/06\/centro-storico-massa-marittima-3737.jpg 800w\" sizes=\"(max-width: 200px) 100vw, 200px\" \/><\/a><\/figure>\n\n\n\n<figure class=\"wp-block-image size-medium\"><a href=\"https:\/\/www.latoscane.net\/wp-content\/uploads\/2017\/06\/fonti-dell-abbondanza-massa-marittima-1951-300x200.jpg\"><img loading=\"lazy\" decoding=\"async\" width=\"300\" height=\"200\" data-id=\"3512\" src=\"https:\/\/www.latoscane.net\/wp-content\/uploads\/2017\/06\/fonti-dell-abbondanza-massa-marittima-1951-300x200.jpg\" alt=\"Foto della Fonte dell'Abbondanza di Massa Marittima\" class=\"wp-image-3512\" srcset=\"https:\/\/www.latoscane.net\/wp-content\/uploads\/2017\/06\/fonti-dell-abbondanza-massa-marittima-1951-300x200.jpg 300w, https:\/\/www.latoscane.net\/wp-content\/uploads\/2017\/06\/fonti-dell-abbondanza-massa-marittima-1951-1024x683.jpg 1024w, https:\/\/www.latoscane.net\/wp-content\/uploads\/2017\/06\/fonti-dell-abbondanza-massa-marittima-1951-768x512.jpg 768w, https:\/\/www.latoscane.net\/wp-content\/uploads\/2017\/06\/fonti-dell-abbondanza-massa-marittima-1951.jpg 1200w\" sizes=\"(max-width: 300px) 100vw, 300px\" \/><\/a><figcaption class=\"wp-element-caption\">Fonte dell&#8217;Abbondanza<\/figcaption><\/figure>\n\n\n\n<figure class=\"wp-block-image size-medium\"><a href=\"https:\/\/www.latoscane.net\/wp-content\/uploads\/2017\/06\/interno-cattedrale-massa-marittima-1945-300x200.jpg\"><img loading=\"lazy\" decoding=\"async\" width=\"300\" height=\"200\" data-id=\"3515\" src=\"https:\/\/www.latoscane.net\/wp-content\/uploads\/2017\/06\/interno-cattedrale-massa-marittima-1945-300x200.jpg\" alt=\"Foto dell'interno della cattedrale di Massa Marritima\" class=\"wp-image-3515\" srcset=\"https:\/\/www.latoscane.net\/wp-content\/uploads\/2017\/06\/interno-cattedrale-massa-marittima-1945-300x200.jpg 300w, https:\/\/www.latoscane.net\/wp-content\/uploads\/2017\/06\/interno-cattedrale-massa-marittima-1945-1024x683.jpg 1024w, https:\/\/www.latoscane.net\/wp-content\/uploads\/2017\/06\/interno-cattedrale-massa-marittima-1945-768x512.jpg 768w, https:\/\/www.latoscane.net\/wp-content\/uploads\/2017\/06\/interno-cattedrale-massa-marittima-1945.jpg 1200w\" sizes=\"(max-width: 300px) 100vw, 300px\" \/><\/a><figcaption class=\"wp-element-caption\">Interno della cattedrale<\/figcaption><\/figure>\n\n\n\n<figure class=\"wp-block-image size-medium\"><a href=\"https:\/\/www.latoscane.net\/wp-content\/uploads\/2017\/06\/murs-et-portes-massa-marittima-3765-200x300.jpg\"><img loading=\"lazy\" decoding=\"async\" width=\"200\" height=\"300\" data-id=\"3521\" src=\"https:\/\/www.latoscane.net\/wp-content\/uploads\/2017\/06\/murs-et-portes-massa-marittima-3765-200x300.jpg\" alt=\"Foto delle porte di Massa Marittima\" class=\"wp-image-3521\" srcset=\"https:\/\/www.latoscane.net\/wp-content\/uploads\/2017\/06\/murs-et-portes-massa-marittima-3765-200x300.jpg 200w, https:\/\/www.latoscane.net\/wp-content\/uploads\/2017\/06\/murs-et-portes-massa-marittima-3765-683x1024.jpg 683w, https:\/\/www.latoscane.net\/wp-content\/uploads\/2017\/06\/murs-et-portes-massa-marittima-3765-768x1152.jpg 768w, https:\/\/www.latoscane.net\/wp-content\/uploads\/2017\/06\/murs-et-portes-massa-marittima-3765.jpg 800w\" sizes=\"(max-width: 200px) 100vw, 200px\" \/><\/a><figcaption class=\"wp-element-caption\">Porte et mura<\/figcaption><\/figure>\n\n\n\n<figure class=\"wp-block-image size-medium\"><a href=\"https:\/\/www.latoscane.net\/wp-content\/uploads\/2017\/06\/palazzo-del-podesta-massa-marittima-3727-300x200.jpg\"><img loading=\"lazy\" decoding=\"async\" width=\"300\" height=\"200\" data-id=\"3524\" src=\"https:\/\/www.latoscane.net\/wp-content\/uploads\/2017\/06\/palazzo-del-podesta-massa-marittima-3727-300x200.jpg\" alt=\"Foto del Palazzo del Podesta di Massa Marittima\" class=\"wp-image-3524\" srcset=\"https:\/\/www.latoscane.net\/wp-content\/uploads\/2017\/06\/palazzo-del-podesta-massa-marittima-3727-300x200.jpg 300w, https:\/\/www.latoscane.net\/wp-content\/uploads\/2017\/06\/palazzo-del-podesta-massa-marittima-3727-1024x683.jpg 1024w, https:\/\/www.latoscane.net\/wp-content\/uploads\/2017\/06\/palazzo-del-podesta-massa-marittima-3727-768x512.jpg 768w, https:\/\/www.latoscane.net\/wp-content\/uploads\/2017\/06\/palazzo-del-podesta-massa-marittima-3727.jpg 1200w\" sizes=\"(max-width: 300px) 100vw, 300px\" \/><\/a><figcaption class=\"wp-element-caption\">Palazzo del Podesta<\/figcaption><\/figure>\n\n\n\n<figure class=\"wp-block-image size-medium\"><a href=\"https:\/\/www.latoscane.net\/wp-content\/uploads\/2017\/06\/piazza-garibaldi-massa-marittima-3729-200x300.jpg\"><img loading=\"lazy\" decoding=\"async\" width=\"200\" height=\"300\" data-id=\"3527\" src=\"https:\/\/www.latoscane.net\/wp-content\/uploads\/2017\/06\/piazza-garibaldi-massa-marittima-3729-200x300.jpg\" alt=\"Foto di Piazza Garibaldi a Massa Marittima\" class=\"wp-image-3527\" srcset=\"https:\/\/www.latoscane.net\/wp-content\/uploads\/2017\/06\/piazza-garibaldi-massa-marittima-3729-200x300.jpg 200w, https:\/\/www.latoscane.net\/wp-content\/uploads\/2017\/06\/piazza-garibaldi-massa-marittima-3729-683x1024.jpg 683w, https:\/\/www.latoscane.net\/wp-content\/uploads\/2017\/06\/piazza-garibaldi-massa-marittima-3729-768x1152.jpg 768w, https:\/\/www.latoscane.net\/wp-content\/uploads\/2017\/06\/piazza-garibaldi-massa-marittima-3729.jpg 800w\" sizes=\"(max-width: 200px) 100vw, 200px\" \/><\/a><figcaption class=\"wp-element-caption\">Piazza Garibaldi<\/figcaption><\/figure>\n\n\n\n<figure class=\"wp-block-image size-large\"><a href=\"https:\/\/www.latoscane.net\/wp-content\/uploads\/2017\/06\/massa-marittima-3768-1024x683.jpg\"><img loading=\"lazy\" decoding=\"async\" width=\"1024\" height=\"683\" data-id=\"3518\" src=\"https:\/\/www.latoscane.net\/wp-content\/uploads\/2017\/06\/massa-marittima-3768-1024x683.jpg\" alt=\"Foto di Massa Marittima\" class=\"wp-image-3518\" srcset=\"https:\/\/www.latoscane.net\/wp-content\/uploads\/2017\/06\/massa-marittima-3768-1024x683.jpg 1024w, https:\/\/www.latoscane.net\/wp-content\/uploads\/2017\/06\/massa-marittima-3768-300x200.jpg 300w, https:\/\/www.latoscane.net\/wp-content\/uploads\/2017\/06\/massa-marittima-3768-768x512.jpg 768w, https:\/\/www.latoscane.net\/wp-content\/uploads\/2017\/06\/massa-marittima-3768.jpg 1200w\" sizes=\"(max-width: 1024px) 100vw, 1024px\" \/><\/a><\/figure>\n<\/figure>\n\n\n<h2>Dov&#8217;\u00e8 Massa Marittima, mappa<\/h2>\n<div id=\"travelersmap-container-69f0d77b2a785\" class=\"travelersmap-container\" style=\"z-index: 1; min-height: 10px; min-width:10px; height:450px;width:100%; max-width:; max-height:; position:relative;\"><div style=\"position:absolute; z-index:-1;top: 50%;text-align: center;display: block;left: 50%;transform: translate(-50%,-50%);\">Travelers' Map is loading...<br>If you see this after your page is loaded completely, leafletJS files are missing.<\/div><\/div>\n<h2>Articoli sulla Maremma<\/h2>\n<ul class=\"lcp_catlist2\" id=\"lcp_instance_0\"><li><a href=\"https:\/\/www.latoscane.net\/it\/argentario\/\">Argentario<\/a><a href=\"https:\/\/www.latoscane.net\/it\/argentario\/\" title=\"Argentario\"><img loading=\"lazy\" decoding=\"async\" width=\"150\" height=\"150\" src=\"https:\/\/www.latoscane.net\/wp-content\/uploads\/2017\/02\/panorama-marina-porto-ercole-argentario-7833-150x150.jpg\" class=\"lcp_thumbnail wp-post-image\" alt=\"Argentario\" srcset=\"https:\/\/www.latoscane.net\/wp-content\/uploads\/2017\/02\/panorama-marina-porto-ercole-argentario-7833-150x150.jpg 150w, https:\/\/www.latoscane.net\/wp-content\/uploads\/2017\/02\/panorama-marina-porto-ercole-argentario-7833-50x50.jpg 50w, https:\/\/www.latoscane.net\/wp-content\/uploads\/2017\/02\/panorama-marina-porto-ercole-argentario-7833-80x80.jpg 80w, https:\/\/www.latoscane.net\/wp-content\/uploads\/2017\/02\/panorama-marina-porto-ercole-argentario-7833-75x75.jpg 75w\" sizes=\"(max-width: 150px) 100vw, 150px\" \/><\/a><div class=\"lcp_excerpt\">\nIl Promontorio dell&#8217;Argentario \u00e8 un bellissimo sito a sud della costa toscana, in provincia di Grosseto. Attira i visitatori per le sue varie attrazioni: l&#8217;ambiente marino, il clima mite, la ...<\/div><\/li><li><a href=\"https:\/\/www.latoscane.net\/it\/parco-naturale-della-maremma\/\">Parco naturale della Maremma<\/a><a href=\"https:\/\/www.latoscane.net\/it\/parco-naturale-della-maremma\/\" title=\"Parco naturale della Maremma\"><img loading=\"lazy\" decoding=\"async\" width=\"150\" height=\"118\" src=\"https:\/\/www.latoscane.net\/wp-content\/uploads\/2017\/03\/maremme-150x118.jpg\" class=\"lcp_thumbnail wp-post-image\" alt=\"Parco naturale della Maremma\" \/><\/a><div class=\"lcp_excerpt\">\nIl Parco Naturale della Maremma, detto anche Parco dell&#8217;Uccellina, si estende su quasi 10 mila ettari lungo la costa, con circa 25 km di litorale da Principina a Mare a ...<\/div><\/li><li><a href=\"https:\/\/www.latoscane.net\/it\/maremma\/\">La Maremma<\/a><a href=\"https:\/\/www.latoscane.net\/it\/maremma\/\" title=\"La Maremma\"><img loading=\"lazy\" decoding=\"async\" width=\"150\" height=\"150\" src=\"https:\/\/www.latoscane.net\/wp-content\/uploads\/2024\/09\/castiglione-della-pescaia-8055-150x150.jpg\" class=\"lcp_thumbnail wp-post-image\" alt=\"La Maremma\" srcset=\"https:\/\/www.latoscane.net\/wp-content\/uploads\/2024\/09\/castiglione-della-pescaia-8055-150x150.jpg 150w, https:\/\/www.latoscane.net\/wp-content\/uploads\/2024\/09\/castiglione-della-pescaia-8055-50x50.jpg 50w, https:\/\/www.latoscane.net\/wp-content\/uploads\/2024\/09\/castiglione-della-pescaia-8055-80x80.jpg 80w, https:\/\/www.latoscane.net\/wp-content\/uploads\/2024\/09\/castiglione-della-pescaia-8055-75x75.jpg 75w\" sizes=\"(max-width: 150px) 100vw, 150px\" \/><\/a><div class=\"lcp_excerpt\">\nLa Maremma \u00e8 una vasta area storica della Toscana, un territorio affascinante dall&#8217;atmosfera piacevole e accogliente. Gran parte di questa regione si estende lungo la costa toscana per circa 100 ...<\/div><\/li><li class=\"current\"><a href=\"https:\/\/www.latoscane.net\/it\/massa-marittima-in-toscana\/\">Massa Marittima<\/a><a href=\"https:\/\/www.latoscane.net\/it\/massa-marittima-in-toscana\/\" title=\"Massa Marittima\"><img loading=\"lazy\" decoding=\"async\" width=\"150\" height=\"150\" src=\"https:\/\/www.latoscane.net\/wp-content\/uploads\/2017\/06\/piazza-garibaldi-massa-marittima-1950-150x150.jpg\" class=\"lcp_thumbnail wp-post-image\" alt=\"Massa Marittima\" srcset=\"https:\/\/www.latoscane.net\/wp-content\/uploads\/2017\/06\/piazza-garibaldi-massa-marittima-1950-150x150.jpg 150w, https:\/\/www.latoscane.net\/wp-content\/uploads\/2017\/06\/piazza-garibaldi-massa-marittima-1950-50x50.jpg 50w, https:\/\/www.latoscane.net\/wp-content\/uploads\/2017\/06\/piazza-garibaldi-massa-marittima-1950-80x80.jpg 80w, https:\/\/www.latoscane.net\/wp-content\/uploads\/2017\/06\/piazza-garibaldi-massa-marittima-1950-75x75.jpg 75w\" sizes=\"(max-width: 150px) 100vw, 150px\" \/><\/a><div class=\"lcp_excerpt\">\nMassa Marittima \u00e8 un borgo storico situato nel cuore della Maremma in provincia di Grosseto, nell&#8217;entroterra contrariamente a quanto il suo nome lascerebbe pensare, a 20 minuti dalla costa di ...<\/div><\/li><li><a href=\"https:\/\/www.latoscane.net\/it\/area-del-tufo\/\">Area del Tufo<\/a><a href=\"https:\/\/www.latoscane.net\/it\/area-del-tufo\/\" title=\"Area del Tufo\"><img loading=\"lazy\" decoding=\"async\" width=\"150\" height=\"150\" src=\"https:\/\/www.latoscane.net\/wp-content\/uploads\/2017\/02\/via-cava-di-san-giuseppe-pitigliano-toscana-8173-150x150.jpg\" class=\"lcp_thumbnail wp-post-image\" alt=\"Area del Tufo\" srcset=\"https:\/\/www.latoscane.net\/wp-content\/uploads\/2017\/02\/via-cava-di-san-giuseppe-pitigliano-toscana-8173-150x150.jpg 150w, https:\/\/www.latoscane.net\/wp-content\/uploads\/2017\/02\/via-cava-di-san-giuseppe-pitigliano-toscana-8173-50x50.jpg 50w, https:\/\/www.latoscane.net\/wp-content\/uploads\/2017\/02\/via-cava-di-san-giuseppe-pitigliano-toscana-8173-80x80.jpg 80w, https:\/\/www.latoscane.net\/wp-content\/uploads\/2017\/02\/via-cava-di-san-giuseppe-pitigliano-toscana-8173-75x75.jpg 75w\" sizes=\"(max-width: 150px) 100vw, 150px\" \/><\/a><div class=\"lcp_excerpt\">\nNel sud-est della Maremma, le colline della Fiora sono ai confini della Toscana e molto vicino al Lazio. Sono attraversate dall&#8217;Area del Tufo, una regione singolare segnata dai suoi promontori ...<\/div><\/li><li><a href=\"https:\/\/www.latoscane.net\/it\/terme-di-saturnia\/\">Terme di Saturnia<\/a><a href=\"https:\/\/www.latoscane.net\/it\/terme-di-saturnia\/\" title=\"Terme di Saturnia\"><img loading=\"lazy\" decoding=\"async\" width=\"150\" height=\"150\" src=\"https:\/\/www.latoscane.net\/wp-content\/uploads\/2024\/09\/cascate-del-mulino-terme-di-saturnia-toscana-8458-150x150.jpg\" class=\"lcp_thumbnail wp-post-image\" alt=\"Terme di Saturnia\" srcset=\"https:\/\/www.latoscane.net\/wp-content\/uploads\/2024\/09\/cascate-del-mulino-terme-di-saturnia-toscana-8458-150x150.jpg 150w, https:\/\/www.latoscane.net\/wp-content\/uploads\/2024\/09\/cascate-del-mulino-terme-di-saturnia-toscana-8458-50x50.jpg 50w, https:\/\/www.latoscane.net\/wp-content\/uploads\/2024\/09\/cascate-del-mulino-terme-di-saturnia-toscana-8458-80x80.jpg 80w, https:\/\/www.latoscane.net\/wp-content\/uploads\/2024\/09\/cascate-del-mulino-terme-di-saturnia-toscana-8458-75x75.jpg 75w\" sizes=\"(max-width: 150px) 100vw, 150px\" \/><\/a><div class=\"lcp_excerpt\">\nLe Terme di Saturnia sono uno dei siti pi\u00f9 famosi della Toscana, con le sue terme naturali di acqua calda, formata da bellissime vasche calcaree di cui una parte \u00e8 ...<\/div><\/li><li><a href=\"https:\/\/www.latoscane.net\/it\/orbetello-e-sua-laguna\/\">Orbetello e sua laguna<\/a><a href=\"https:\/\/www.latoscane.net\/it\/orbetello-e-sua-laguna\/\" title=\"Orbetello e sua laguna\"><img loading=\"lazy\" decoding=\"async\" width=\"150\" height=\"150\" src=\"https:\/\/www.latoscane.net\/wp-content\/uploads\/2024\/09\/moulin-espagnol-orbetello-7817-150x150.jpg\" class=\"lcp_thumbnail wp-post-image\" alt=\"Orbetello e sua laguna\" srcset=\"https:\/\/www.latoscane.net\/wp-content\/uploads\/2024\/09\/moulin-espagnol-orbetello-7817-150x150.jpg 150w, https:\/\/www.latoscane.net\/wp-content\/uploads\/2024\/09\/moulin-espagnol-orbetello-7817-50x50.jpg 50w, https:\/\/www.latoscane.net\/wp-content\/uploads\/2024\/09\/moulin-espagnol-orbetello-7817-80x80.jpg 80w, https:\/\/www.latoscane.net\/wp-content\/uploads\/2024\/09\/moulin-espagnol-orbetello-7817-75x75.jpg 75w\" sizes=\"(max-width: 150px) 100vw, 150px\" \/><\/a><div class=\"lcp_excerpt\">\nOrbetello \u00e8 una piccola citt\u00e0 tranquilla che gode di una posizione particolare, su un lembo di terra che si snoda in mezzo alla bella laguna di 26 km\u00b2, dove la ...<\/div><\/li><li><a href=\"https:\/\/www.latoscane.net\/it\/pitigliano\/\">Pitigliano<\/a><a href=\"https:\/\/www.latoscane.net\/it\/pitigliano\/\" title=\"Pitigliano\"><img loading=\"lazy\" decoding=\"async\" width=\"150\" height=\"150\" src=\"https:\/\/www.latoscane.net\/wp-content\/uploads\/2017\/03\/pitigliano-9105-150x150.jpg\" class=\"lcp_thumbnail wp-post-image\" alt=\"Pitigliano\" srcset=\"https:\/\/www.latoscane.net\/wp-content\/uploads\/2017\/03\/pitigliano-9105-150x150.jpg 150w, https:\/\/www.latoscane.net\/wp-content\/uploads\/2017\/03\/pitigliano-9105-50x50.jpg 50w, https:\/\/www.latoscane.net\/wp-content\/uploads\/2017\/03\/pitigliano-9105-65x65.jpg 65w\" sizes=\"(max-width: 150px) 100vw, 150px\" \/><\/a><div class=\"lcp_excerpt\">\nPitigliano \u00e8 uno dei siti pi\u00f9 impressionanti della Maremma, nella Valle del Tufo a sud della Toscana. Questo villaggio corona in modo sorprendente una roccia di tufo che domina le ...<\/div><\/li><li><a href=\"https:\/\/www.latoscane.net\/it\/magliano-in-toscana\/\">Magliano in Toscana<\/a><a href=\"https:\/\/www.latoscane.net\/it\/magliano-in-toscana\/\" title=\"Magliano in Toscana\"><img loading=\"lazy\" decoding=\"async\" width=\"150\" height=\"150\" src=\"https:\/\/www.latoscane.net\/wp-content\/uploads\/2024\/09\/enceinte-murs-de-magliano-in-toscana-8094-150x150.jpg\" class=\"lcp_thumbnail wp-post-image\" alt=\"Magliano in Toscana\" srcset=\"https:\/\/www.latoscane.net\/wp-content\/uploads\/2024\/09\/enceinte-murs-de-magliano-in-toscana-8094-150x150.jpg 150w, https:\/\/www.latoscane.net\/wp-content\/uploads\/2024\/09\/enceinte-murs-de-magliano-in-toscana-8094-50x50.jpg 50w, https:\/\/www.latoscane.net\/wp-content\/uploads\/2024\/09\/enceinte-murs-de-magliano-in-toscana-8094-80x80.jpg 80w, https:\/\/www.latoscane.net\/wp-content\/uploads\/2024\/09\/enceinte-murs-de-magliano-in-toscana-8094-75x75.jpg 75w\" sizes=\"(max-width: 150px) 100vw, 150px\" \/><\/a><div class=\"lcp_excerpt\">\nMagliano in Toscana \u00e8 un grazioso borgo della Maremma, che conserva mura medievali, un suggestivo centro storico e rinomati ristoranti in tutta la regione. Quello che pi\u00f9 impressiona sono le ...<\/div><\/li><li><a href=\"https:\/\/www.latoscane.net\/it\/castiglione-della-pescaia\/\">Castiglione della Pescaia<\/a><a href=\"https:\/\/www.latoscane.net\/it\/castiglione-della-pescaia\/\" title=\"Castiglione della Pescaia\"><img loading=\"lazy\" decoding=\"async\" width=\"150\" height=\"150\" src=\"https:\/\/www.latoscane.net\/wp-content\/uploads\/2024\/09\/castiglione-della-pescaia-8054-150x150.jpg\" class=\"lcp_thumbnail wp-post-image\" alt=\"Castiglione della Pescaia\" srcset=\"https:\/\/www.latoscane.net\/wp-content\/uploads\/2024\/09\/castiglione-della-pescaia-8054-150x150.jpg 150w, https:\/\/www.latoscane.net\/wp-content\/uploads\/2024\/09\/castiglione-della-pescaia-8054-50x50.jpg 50w, https:\/\/www.latoscane.net\/wp-content\/uploads\/2024\/09\/castiglione-della-pescaia-8054-80x80.jpg 80w, https:\/\/www.latoscane.net\/wp-content\/uploads\/2024\/09\/castiglione-della-pescaia-8054-75x75.jpg 75w\" sizes=\"(max-width: 150px) 100vw, 150px\" \/><\/a><div class=\"lcp_excerpt\">\nCastiglione della Pescaia \u00e8 uno dei borghi pi\u00f9 belli della Toscana e gode di una posizione privilegiata sulla costa tra grandi spiagge sabbiose precedute da belle pinete. Il centro storico ...<\/div><\/li><li><a href=\"https:\/\/www.latoscane.net\/it\/talamone-in-toscana\/\">Talamone in Toscana<\/a><a href=\"https:\/\/www.latoscane.net\/it\/talamone-in-toscana\/\" title=\"Talamone in Toscana\"><img loading=\"lazy\" decoding=\"async\" width=\"150\" height=\"150\" src=\"https:\/\/www.latoscane.net\/wp-content\/uploads\/2024\/09\/costa-bagno-delle-donne-talamone-7997-150x150.jpg\" class=\"lcp_thumbnail wp-post-image\" alt=\"Talamone in Toscana\" srcset=\"https:\/\/www.latoscane.net\/wp-content\/uploads\/2024\/09\/costa-bagno-delle-donne-talamone-7997-150x150.jpg 150w, https:\/\/www.latoscane.net\/wp-content\/uploads\/2024\/09\/costa-bagno-delle-donne-talamone-7997-50x50.jpg 50w, https:\/\/www.latoscane.net\/wp-content\/uploads\/2024\/09\/costa-bagno-delle-donne-talamone-7997-80x80.jpg 80w, https:\/\/www.latoscane.net\/wp-content\/uploads\/2024\/09\/costa-bagno-delle-donne-talamone-7997-75x75.jpg 75w\" sizes=\"(max-width: 150px) 100vw, 150px\" \/><\/a><div class=\"lcp_excerpt\">\nAll&#8217;estremit\u00e0 meridionale del Parco della Maremma, Talamone \u00e8 un piccolo borgo arroccato su un promontorio che domina l&#8217;estremit\u00e0 occidentale del piccolo golfo omonimo, anche localit\u00e0 turistica con le sue spiagge ...<\/div><\/li><li><a href=\"https:\/\/www.latoscane.net\/it\/piombino\/\">Piombino, la citt\u00e0 ed il promontorio<\/a><a href=\"https:\/\/www.latoscane.net\/it\/piombino\/\" title=\"Piombino, la citt\u00e0 ed il promontorio\"><img loading=\"lazy\" decoding=\"async\" width=\"150\" height=\"150\" src=\"https:\/\/www.latoscane.net\/wp-content\/uploads\/2017\/02\/sant-anna-citadella-piombino-9280-150x150.jpg\" class=\"lcp_thumbnail wp-post-image\" alt=\"Piombino, la citt\u00e0 ed il promontorio\" srcset=\"https:\/\/www.latoscane.net\/wp-content\/uploads\/2017\/02\/sant-anna-citadella-piombino-9280-150x150.jpg 150w, https:\/\/www.latoscane.net\/wp-content\/uploads\/2017\/02\/sant-anna-citadella-piombino-9280-50x50.jpg 50w, https:\/\/www.latoscane.net\/wp-content\/uploads\/2017\/02\/sant-anna-citadella-piombino-9280-80x80.jpg 80w, https:\/\/www.latoscane.net\/wp-content\/uploads\/2017\/02\/sant-anna-citadella-piombino-9280-75x75.jpg 75w\" sizes=\"(max-width: 150px) 100vw, 150px\" \/><\/a><div class=\"lcp_excerpt\">\nPiombino \u00e8 una piccola citt\u00e0 di circa 34.000 abitanti ai piedi dell&#8217;omonimo promontorio e vicino all&#8217;antica Populonia etrusca, di fronte alle isole dell&#8217;Arcipelago Toscano, all&#8217;Isola d&#8217;Elba in particolare per la ...<\/div><\/li><li><a href=\"https:\/\/www.latoscane.net\/it\/maremma\/#Giardino_dei_Tarocchi\">Giardino dei Tarocchi<\/a><a href=\"https:\/\/www.latoscane.net\/it\/maremma\/#Giardino_dei_Tarocchi\" title=\"Giardino dei Tarocchi\"><img loading=\"lazy\" decoding=\"async\" width=\"150\" height=\"150\" src=\"https:\/\/www.latoscane.net\/wp-content\/uploads\/2017\/04\/jardin-des-tarots-giardino-dei-tarocchi_1560-150x150.jpg\" class=\"lcp_thumbnail wp-post-image\" alt=\"Giardino dei Tarocchi\" srcset=\"https:\/\/www.latoscane.net\/wp-content\/uploads\/2017\/04\/jardin-des-tarots-giardino-dei-tarocchi_1560-150x150.jpg 150w, https:\/\/www.latoscane.net\/wp-content\/uploads\/2017\/04\/jardin-des-tarots-giardino-dei-tarocchi_1560-50x50.jpg 50w, https:\/\/www.latoscane.net\/wp-content\/uploads\/2017\/04\/jardin-des-tarots-giardino-dei-tarocchi_1560-80x80.jpg 80w, https:\/\/www.latoscane.net\/wp-content\/uploads\/2017\/04\/jardin-des-tarots-giardino-dei-tarocchi_1560-75x75.jpg 75w\" sizes=\"(max-width: 150px) 100vw, 150px\" \/><\/a><div class=\"lcp_excerpt\">Ai piedi del villaggio di Capalbiole, il Giardino dei Tarocchi \u00e8 un luogo stravagante creato dall&#8217;artista franco-americano Niki de Saint Phalle ispirato al Parc G\u00fcell di Gaud\u00ed a Barcellona e ...<\/div><\/li><li><a href=\"https:\/\/www.latoscane.net\/it\/ansedonia-e-cosa-romana\/\">Ansedonia e Cosa romana<\/a><a href=\"https:\/\/www.latoscane.net\/it\/ansedonia-e-cosa-romana\/\" title=\"Ansedonia e Cosa romana\"><img loading=\"lazy\" decoding=\"async\" width=\"150\" height=\"150\" src=\"https:\/\/www.latoscane.net\/wp-content\/uploads\/2017\/04\/cosa-antica_1480-150x150.jpg\" class=\"lcp_thumbnail wp-post-image\" alt=\"Ansedonia e Cosa romana\" srcset=\"https:\/\/www.latoscane.net\/wp-content\/uploads\/2017\/04\/cosa-antica_1480-150x150.jpg 150w, https:\/\/www.latoscane.net\/wp-content\/uploads\/2017\/04\/cosa-antica_1480-50x50.jpg 50w, https:\/\/www.latoscane.net\/wp-content\/uploads\/2017\/04\/cosa-antica_1480-80x80.jpg 80w, https:\/\/www.latoscane.net\/wp-content\/uploads\/2017\/04\/cosa-antica_1480-75x75.jpg 75w\" sizes=\"(max-width: 150px) 100vw, 150px\" \/><\/a><div class=\"lcp_excerpt\">\nA sud della laguna di Orbetello, Ansedonia \u00e8 una localit\u00e0 balneare con le sue due spiagge di sabbia, ai piedi di un rilievo dove fu costruita la colonia romana di ...<\/div><\/li><\/ul>","protected":false},"excerpt":{"rendered":"<p>Massa Marittima \u00e8 un borgo storico situato nel cuore della Maremma in provincia di Grosseto, nell&#8217;entroterra contrariamente a quanto il suo nome lascerebbe pensare, a 20 minuti dalla costa di Follonica, nelle Colline Metallifere di cui \u00e8 il principale centro urbano. Conserva un molto bello centro medievale con una bella cattedrale romanica su una piazza [&hellip;]<\/p>\n","protected":false},"author":1,"featured_media":3506,"comment_status":"open","ping_status":"open","sticky":false,"template":"","format":"standard","meta":{"_acf_changed":false,"footnotes":"","_links_to":"","_links_to_target":""},"categories":[114,196,101],"tags":[219,213],"acf":[],"yoast_head":"<!-- This site is optimized with the Yoast SEO plugin v22.8 - https:\/\/yoast.com\/wordpress\/plugins\/seo\/ -->\n<title>Massa Marittima - Turismo<\/title>\n<meta name=\"description\" content=\"Massa Marittima \u00e8 una piccola citt\u00e0 storica nel cuore della Maremma in Toscana che conserva un bel centro medievale che merita sicuramente la visita\" \/>\n<meta name=\"robots\" content=\"index, follow, max-snippet:-1, max-image-preview:large, max-video-preview:-1\" \/>\n<link rel=\"canonical\" href=\"https:\/\/www.latoscane.net\/it\/massa-marittima-in-toscana\/\" \/>\n<meta property=\"og:locale\" content=\"it_IT\" \/>\n<meta property=\"og:type\" content=\"article\" \/>\n<meta property=\"og:title\" content=\"Massa Marittima - Turismo\" \/>\n<meta property=\"og:description\" content=\"Massa Marittima \u00e8 una piccola citt\u00e0 storica nel cuore della Maremma in Toscana che conserva un bel centro medievale che merita sicuramente la visita\" \/>\n<meta property=\"og:url\" content=\"https:\/\/www.latoscane.net\/it\/massa-marittima-in-toscana\/\" \/>\n<meta property=\"og:site_name\" content=\"LaToscane.net\" \/>\n<meta property=\"article:published_time\" content=\"2024-06-20T07:45:41+00:00\" \/>\n<meta property=\"article:modified_time\" content=\"2025-09-10T19:36:29+00:00\" \/>\n<meta property=\"og:image\" content=\"https:\/\/www.latoscane.net\/wp-content\/uploads\/2017\/06\/piazza-garibaldi-massa-marittima-1950.jpg\" \/>\n\t<meta property=\"og:image:width\" content=\"1200\" \/>\n\t<meta property=\"og:image:height\" content=\"800\" \/>\n\t<meta property=\"og:image:type\" content=\"image\/jpeg\" \/>\n<meta name=\"author\" content=\"Galgano\" \/>\n<meta name=\"twitter:card\" content=\"summary_large_image\" \/>\n<meta name=\"twitter:label1\" content=\"Scritto da\" \/>\n\t<meta name=\"twitter:data1\" content=\"Galgano\" \/>\n\t<meta name=\"twitter:label2\" content=\"Tempo di lettura stimato\" \/>\n\t<meta name=\"twitter:data2\" content=\"6 minuti\" \/>\n<script type=\"application\/ld+json\" class=\"yoast-schema-graph\">{\"@context\":\"https:\/\/schema.org\",\"@graph\":[{\"@type\":\"WebPage\",\"@id\":\"https:\/\/www.latoscane.net\/it\/massa-marittima-in-toscana\/\",\"url\":\"https:\/\/www.latoscane.net\/it\/massa-marittima-in-toscana\/\",\"name\":\"Massa Marittima - Turismo\",\"isPartOf\":{\"@id\":\"https:\/\/www.latoscane.net\/#website\"},\"primaryImageOfPage\":{\"@id\":\"https:\/\/www.latoscane.net\/it\/massa-marittima-in-toscana\/#primaryimage\"},\"image\":{\"@id\":\"https:\/\/www.latoscane.net\/it\/massa-marittima-in-toscana\/#primaryimage\"},\"thumbnailUrl\":\"https:\/\/www.latoscane.net\/wp-content\/uploads\/2017\/06\/piazza-garibaldi-massa-marittima-1950.jpg\",\"datePublished\":\"2024-06-20T07:45:41+00:00\",\"dateModified\":\"2025-09-10T19:36:29+00:00\",\"author\":{\"@id\":\"https:\/\/www.latoscane.net\/#\/schema\/person\/dae56e679cb6d9bdaf2b0b54b1320d42\"},\"description\":\"Massa Marittima \u00e8 una piccola citt\u00e0 storica nel cuore della Maremma in Toscana che conserva un bel centro medievale che merita sicuramente la visita\",\"breadcrumb\":{\"@id\":\"https:\/\/www.latoscane.net\/it\/massa-marittima-in-toscana\/#breadcrumb\"},\"inLanguage\":\"it-IT\",\"potentialAction\":[{\"@type\":\"ReadAction\",\"target\":[\"https:\/\/www.latoscane.net\/it\/massa-marittima-in-toscana\/\"]}]},{\"@type\":\"ImageObject\",\"inLanguage\":\"it-IT\",\"@id\":\"https:\/\/www.latoscane.net\/it\/massa-marittima-in-toscana\/#primaryimage\",\"url\":\"https:\/\/www.latoscane.net\/wp-content\/uploads\/2017\/06\/piazza-garibaldi-massa-marittima-1950.jpg\",\"contentUrl\":\"https:\/\/www.latoscane.net\/wp-content\/uploads\/2017\/06\/piazza-garibaldi-massa-marittima-1950.jpg\",\"width\":1200,\"height\":800,\"caption\":\"Piazza Garibaldi\"},{\"@type\":\"BreadcrumbList\",\"@id\":\"https:\/\/www.latoscane.net\/it\/massa-marittima-in-toscana\/#breadcrumb\",\"itemListElement\":[{\"@type\":\"ListItem\",\"position\":1,\"name\":\"Accueil\",\"item\":\"https:\/\/www.latoscane.net\/it\/\"},{\"@type\":\"ListItem\",\"position\":2,\"name\":\"Massa Marittima\"}]},{\"@type\":\"WebSite\",\"@id\":\"https:\/\/www.latoscane.net\/#website\",\"url\":\"https:\/\/www.latoscane.net\/\",\"name\":\"LaToscane.net\",\"description\":\"Visita della regione Toscana\",\"potentialAction\":[{\"@type\":\"SearchAction\",\"target\":{\"@type\":\"EntryPoint\",\"urlTemplate\":\"https:\/\/www.latoscane.net\/?s={search_term_string}\"},\"query-input\":\"required name=search_term_string\"}],\"inLanguage\":\"it-IT\"},{\"@type\":\"Person\",\"@id\":\"https:\/\/www.latoscane.net\/#\/schema\/person\/dae56e679cb6d9bdaf2b0b54b1320d42\",\"name\":\"Galgano\",\"url\":\"https:\/\/www.latoscane.net\/it\/author\/will\/\"}]}<\/script>\n<!-- \/ Yoast SEO plugin. -->","yoast_head_json":{"title":"Massa Marittima - Turismo","description":"Massa Marittima \u00e8 una piccola citt\u00e0 storica nel cuore della Maremma in Toscana che conserva un bel centro medievale che merita sicuramente la visita","robots":{"index":"index","follow":"follow","max-snippet":"max-snippet:-1","max-image-preview":"max-image-preview:large","max-video-preview":"max-video-preview:-1"},"canonical":"https:\/\/www.latoscane.net\/it\/massa-marittima-in-toscana\/","og_locale":"it_IT","og_type":"article","og_title":"Massa Marittima - Turismo","og_description":"Massa Marittima \u00e8 una piccola citt\u00e0 storica nel cuore della Maremma in Toscana che conserva un bel centro medievale che merita sicuramente la visita","og_url":"https:\/\/www.latoscane.net\/it\/massa-marittima-in-toscana\/","og_site_name":"LaToscane.net","article_published_time":"2024-06-20T07:45:41+00:00","article_modified_time":"2025-09-10T19:36:29+00:00","og_image":[{"width":1200,"height":800,"url":"https:\/\/www.latoscane.net\/wp-content\/uploads\/2017\/06\/piazza-garibaldi-massa-marittima-1950.jpg","type":"image\/jpeg"}],"author":"Galgano","twitter_card":"summary_large_image","twitter_misc":{"Scritto da":"Galgano","Tempo di lettura stimato":"6 minuti"},"schema":{"@context":"https:\/\/schema.org","@graph":[{"@type":"WebPage","@id":"https:\/\/www.latoscane.net\/it\/massa-marittima-in-toscana\/","url":"https:\/\/www.latoscane.net\/it\/massa-marittima-in-toscana\/","name":"Massa Marittima - Turismo","isPartOf":{"@id":"https:\/\/www.latoscane.net\/#website"},"primaryImageOfPage":{"@id":"https:\/\/www.latoscane.net\/it\/massa-marittima-in-toscana\/#primaryimage"},"image":{"@id":"https:\/\/www.latoscane.net\/it\/massa-marittima-in-toscana\/#primaryimage"},"thumbnailUrl":"https:\/\/www.latoscane.net\/wp-content\/uploads\/2017\/06\/piazza-garibaldi-massa-marittima-1950.jpg","datePublished":"2024-06-20T07:45:41+00:00","dateModified":"2025-09-10T19:36:29+00:00","author":{"@id":"https:\/\/www.latoscane.net\/#\/schema\/person\/dae56e679cb6d9bdaf2b0b54b1320d42"},"description":"Massa Marittima \u00e8 una piccola citt\u00e0 storica nel cuore della Maremma in Toscana che conserva un bel centro medievale che merita sicuramente la visita","breadcrumb":{"@id":"https:\/\/www.latoscane.net\/it\/massa-marittima-in-toscana\/#breadcrumb"},"inLanguage":"it-IT","potentialAction":[{"@type":"ReadAction","target":["https:\/\/www.latoscane.net\/it\/massa-marittima-in-toscana\/"]}]},{"@type":"ImageObject","inLanguage":"it-IT","@id":"https:\/\/www.latoscane.net\/it\/massa-marittima-in-toscana\/#primaryimage","url":"https:\/\/www.latoscane.net\/wp-content\/uploads\/2017\/06\/piazza-garibaldi-massa-marittima-1950.jpg","contentUrl":"https:\/\/www.latoscane.net\/wp-content\/uploads\/2017\/06\/piazza-garibaldi-massa-marittima-1950.jpg","width":1200,"height":800,"caption":"Piazza Garibaldi"},{"@type":"BreadcrumbList","@id":"https:\/\/www.latoscane.net\/it\/massa-marittima-in-toscana\/#breadcrumb","itemListElement":[{"@type":"ListItem","position":1,"name":"Accueil","item":"https:\/\/www.latoscane.net\/it\/"},{"@type":"ListItem","position":2,"name":"Massa Marittima"}]},{"@type":"WebSite","@id":"https:\/\/www.latoscane.net\/#website","url":"https:\/\/www.latoscane.net\/","name":"LaToscane.net","description":"Visita della regione Toscana","potentialAction":[{"@type":"SearchAction","target":{"@type":"EntryPoint","urlTemplate":"https:\/\/www.latoscane.net\/?s={search_term_string}"},"query-input":"required name=search_term_string"}],"inLanguage":"it-IT"},{"@type":"Person","@id":"https:\/\/www.latoscane.net\/#\/schema\/person\/dae56e679cb6d9bdaf2b0b54b1320d42","name":"Galgano","url":"https:\/\/www.latoscane.net\/it\/author\/will\/"}]}},"_links":{"self":[{"href":"https:\/\/www.latoscane.net\/it\/wp-json\/wp\/v2\/posts\/10976"}],"collection":[{"href":"https:\/\/www.latoscane.net\/it\/wp-json\/wp\/v2\/posts"}],"about":[{"href":"https:\/\/www.latoscane.net\/it\/wp-json\/wp\/v2\/types\/post"}],"author":[{"embeddable":true,"href":"https:\/\/www.latoscane.net\/it\/wp-json\/wp\/v2\/users\/1"}],"replies":[{"embeddable":true,"href":"https:\/\/www.latoscane.net\/it\/wp-json\/wp\/v2\/comments?post=10976"}],"version-history":[{"count":4,"href":"https:\/\/www.latoscane.net\/it\/wp-json\/wp\/v2\/posts\/10976\/revisions"}],"predecessor-version":[{"id":13842,"href":"https:\/\/www.latoscane.net\/it\/wp-json\/wp\/v2\/posts\/10976\/revisions\/13842"}],"wp:featuredmedia":[{"embeddable":true,"href":"https:\/\/www.latoscane.net\/it\/wp-json\/wp\/v2\/media\/3506"}],"wp:attachment":[{"href":"https:\/\/www.latoscane.net\/it\/wp-json\/wp\/v2\/media?parent=10976"}],"wp:term":[{"taxonomy":"category","embeddable":true,"href":"https:\/\/www.latoscane.net\/it\/wp-json\/wp\/v2\/categories?post=10976"},{"taxonomy":"post_tag","embeddable":true,"href":"https:\/\/www.latoscane.net\/it\/wp-json\/wp\/v2\/tags?post=10976"}],"curies":[{"name":"wp","href":"https:\/\/api.w.org\/{rel}","templated":true}]}}