{"id":11012,"date":"2024-02-12T15:00:49","date_gmt":"2024-02-12T14:00:49","guid":{"rendered":"https:\/\/www.latoscane.net\/colle-val-delsa\/"},"modified":"2025-09-09T11:36:40","modified_gmt":"2025-09-09T09:36:40","slug":"colle-val-delsa","status":"publish","type":"post","link":"https:\/\/www.latoscane.net\/it\/colle-val-delsa\/","title":{"rendered":"Colle Val d&#8217;Elsa"},"content":{"rendered":"\n<p><strong>Colle Val d&#8217;Elsa<\/strong> est une petite ville de plus de 20.000 habitants au c\u0153ur de la Toscane, entre Sienne et Florence, le long du Val d&#8217;Elsa, et sur la Via Francigena, entre de belles collines.<br \/>Elle est situ\u00e9e dans le triangle fait de Sienne \u00e0 30 km, Volterra \u00e0 35 km, et Florence \u00e0 50 km. Elle se pr\u00eate ainsi au r\u00f4le de base pour explorer cette r\u00e9gion. De surcro\u00eet, elle n&#8217;est pas envahi par le tourisme, bien qu&#8217;elle a de nombreux charmes.<br \/>La ville moderne est domin\u00e9e par une colline o\u00f9 se trouve l&#8217;ancienne ville et son joli centre historique, conservant des monuments et mus\u00e9es int\u00e9ressants, et le tradition du travail pluris\u00e9culaire du cristal. Un mus\u00e9e t\u00e9moigne de cette activit\u00e9s, et de plus c&#8217;est la ville natale d\u2019Arnolfo di Cambio (fin XIIIe), c\u00e9l\u00e8bre sculpteur et architecte toscan. <br \/>Un funiculaire libre d&#8217;acc\u00e8s relie les villes haute et basse.<\/p>\n\n<figure class=\"wp-block-gallery has-nested-images columns-default is-cropped wp-block-gallery-2 is-layout-flex wp-block-gallery-is-layout-flex\">\n<figure class=\"wp-block-image size-medium\"><a href=\"https:\/\/www.latoscane.net\/wp-content\/uploads\/2017\/07\/centro-storico-colle-val-d-elsa-2000-300x200.jpg\"><img loading=\"lazy\" decoding=\"async\" width=\"300\" height=\"200\" data-id=\"3576\" src=\"https:\/\/www.latoscane.net\/wp-content\/uploads\/2017\/07\/centro-storico-colle-val-d-elsa-2000-300x200.jpg\" alt=\"Foto di una via coperta di Colle Val d'Elsa\" class=\"wp-image-3576\" srcset=\"https:\/\/www.latoscane.net\/wp-content\/uploads\/2017\/07\/centro-storico-colle-val-d-elsa-2000-300x200.jpg 300w, https:\/\/www.latoscane.net\/wp-content\/uploads\/2017\/07\/centro-storico-colle-val-d-elsa-2000-1024x683.jpg 1024w, https:\/\/www.latoscane.net\/wp-content\/uploads\/2017\/07\/centro-storico-colle-val-d-elsa-2000-768x512.jpg 768w, https:\/\/www.latoscane.net\/wp-content\/uploads\/2017\/07\/centro-storico-colle-val-d-elsa-2000.jpg 1200w\" sizes=\"(max-width: 300px) 100vw, 300px\" \/><\/a><figcaption class=\"wp-element-caption\">Via delle Volte, Colle Val d&#8217;Elsa<\/figcaption><\/figure>\n\n\n<figure class=\"wp-block-image size-medium\"><a href=\"https:\/\/www.latoscane.net\/wp-content\/uploads\/2017\/07\/colle-val-d-elsa-citta-alta-1993-300x200.jpg\"><img loading=\"lazy\" decoding=\"async\" width=\"300\" height=\"200\" data-id=\"3579\" src=\"https:\/\/www.latoscane.net\/wp-content\/uploads\/2017\/07\/colle-val-d-elsa-citta-alta-1993-300x200.jpg\" alt=\"Foto del centro storico di Colle Val d'Elsa\" class=\"wp-image-3579\" srcset=\"https:\/\/www.latoscane.net\/wp-content\/uploads\/2017\/07\/colle-val-d-elsa-citta-alta-1993-300x200.jpg 300w, https:\/\/www.latoscane.net\/wp-content\/uploads\/2017\/07\/colle-val-d-elsa-citta-alta-1993-1024x683.jpg 1024w, https:\/\/www.latoscane.net\/wp-content\/uploads\/2017\/07\/colle-val-d-elsa-citta-alta-1993-768x512.jpg 768w, https:\/\/www.latoscane.net\/wp-content\/uploads\/2017\/07\/colle-val-d-elsa-citta-alta-1993.jpg 1200w\" sizes=\"(max-width: 300px) 100vw, 300px\" \/><\/a><figcaption class=\"wp-element-caption\">Citt\u00e0 Alta, Colle Val d&#8217;Elsa<\/figcaption><\/figure><\/figure>\n<h2>Cosa vedere a Colle Val d&#8217;Elsa e dintorni<\/h2>\n<ul>\n<li>Il <strong>centro storico<\/strong> \u00e8 una bella scoperta, dalla forma allungata su un lungo sperone, con strade particolari come la via che collega le citt\u00e0 alte e basse, la Via del Muro Lungo che attraversa quest&#8217;ultima e la parallela Via delle Volte con le sue volte. <\/li>\n<li>La <strong>cattedrale dei santi Alberto e Marziale<\/strong> \u00e8 un edificio con facciata neoclassica in mattoni, fortemente rielaborata dalla sua fondazione nel Medioevo, ricostruita nel 1592. <\/li>\n<li>Il <strong>Palazzo del Podest\u00e0<\/strong> o Palazzo Pretorio, risale al XIV secolo, situato anche in Piazza Duomo. Una recente ristrutturazione ha rivelato affreschi del Rinascimento. Ospita anche il museo archeologico, tra cui l&#8217;antiquario etrusco. <\/li>\n<li>La <strong>Porta Nova<\/strong> o Volterrana \u00e8 l&#8217;accesso occidentale, fortificazione medicea del 1479 ed esempio di architettura militare rinascimentale, con le sue due potenti torri circolari. <\/li>\n<li>\n<p>La <strong>Casa Torre di Arnolfo di Cambio<\/strong> \u00e8 una casa-torre medievale, una delle poche rimanenti nel centro, che sarebbe anche il luogo di nascita di Arnolfo di Cambio (1245-1302 circa), un famoso scultore e architetto toscano. All&#8217;interno degli affreschi si trovano scene di battaglie medievali. <\/p>\n<\/li>\n<li>\n<p>Il <strong>Convento di San Francesco<\/strong>, del XIII secolo, collegato al villaggio da un ponte nel 1338. <\/p>\n<\/li>\n<li>\n<p>La <strong>Chiesa di Santa Caterina d&#8217;Alessandria<\/strong> del XIII secolo, trasformata nel XVIII secolo, della quale rimane solo un portale laterale dalla struttura romanica originale. Conserva un gruppo scultoreo in terracotta policroma che rappresenta il Rimpianto su Cristo morto di Zaccaria Zachchi, inizio XVI.<\/p>\n<\/li>\n<li>\n<p>La <strong>Piazza Santa Caterina<\/strong>, un luogo di relax e di vita nel centro storico. <\/p>\n<\/li>\n<li>\n<p>Il <strong>Palazzo Campana<\/strong>, inizio XVI secolo, esempio di architettura manierista del XVI secolo toscano, tra il Borgo di Santa Caterina e il Castello.<\/p>\n<\/li>\n<li>\n<p>Il <strong>Bastione di Sapia<\/strong> \u00e8 un&#8217;antica fortificazione, rinforzata da una torre, con una bella vista verso Borgo, il convento di San Francesco e la cattedrale<\/p>\n<\/li>\n<li>\n<p>La <strong>Cripta della Misericordia<\/strong>, del XVII secolo si trova a destra della cattedrale, decorata con affreschi. <\/p>\n<\/li>\n<li>\n<p>LA <strong>Chiesa di Santa Maria in Canonica<\/strong> risalente al XII secolo, nel centro storico si trova una sala unica con i suoi elementi antichi di varie epoche, tra cui il portale, la rosette a ruota di carro, la torre trasformata in campanile nel XIII secolo. <\/p>\n<\/li>\n<li>La <strong>Piazza Arnolfo di Cambio<\/strong>, cuore della citt\u00e0 bassa, con in particolare i portici della vecchia stazione<\/li>\n<li>Il <strong>Museo San Pietro Civico e Diocesano d&#8217;Arte Sacra<\/strong>, situato nel Conservatorio di San Pietro, espone dipinti del XVII e XVIII secolo, o oggetti sacri come il Tesoro di Galognano che testimonia una comunit\u00e0 cristiana del VI secolo d.C. <\/li>\n<li>Il <strong>Museo del Cristallo<\/strong><br \/>Per secoli il cristallo ha fatto la fama di Colle Val d&#8217;Elsa. Il museo illustra questa tradizione dal XIV secolo fino alle fabbriche del XIX secolo. <\/li>\n<\/ul>\n<h3>Galleria<\/h3>\n\n<figure class=\"wp-block-gallery has-nested-images columns-default is-cropped wp-block-gallery-3 is-layout-flex wp-block-gallery-is-layout-flex\">\n<figure class=\"wp-block-image size-medium\"><a href=\"https:\/\/www.latoscane.net\/wp-content\/uploads\/2017\/07\/panorama-citta-alta-colle-val-d-elsa-2004-300x200.jpg\"><img loading=\"lazy\" decoding=\"async\" width=\"300\" height=\"200\" data-id=\"3596\" src=\"https:\/\/www.latoscane.net\/wp-content\/uploads\/2017\/07\/panorama-citta-alta-colle-val-d-elsa-2004-300x200.jpg\" alt=\"Panorama su Colle val d'Elsa\" class=\"wp-image-3596\" srcset=\"https:\/\/www.latoscane.net\/wp-content\/uploads\/2017\/07\/panorama-citta-alta-colle-val-d-elsa-2004-300x200.jpg 300w, https:\/\/www.latoscane.net\/wp-content\/uploads\/2017\/07\/panorama-citta-alta-colle-val-d-elsa-2004-1024x683.jpg 1024w, https:\/\/www.latoscane.net\/wp-content\/uploads\/2017\/07\/panorama-citta-alta-colle-val-d-elsa-2004-768x512.jpg 768w, https:\/\/www.latoscane.net\/wp-content\/uploads\/2017\/07\/panorama-citta-alta-colle-val-d-elsa-2004.jpg 1200w\" sizes=\"(max-width: 300px) 100vw, 300px\" \/><\/a><figcaption class=\"wp-element-caption\">Panorama<\/figcaption><\/figure>\n\n\n<figure class=\"wp-block-image size-medium\"><a href=\"https:\/\/www.latoscane.net\/wp-content\/uploads\/2017\/07\/panorama-colle-val-d-elsa-citta-bassa-1995-300x200.jpg\"><img loading=\"lazy\" decoding=\"async\" width=\"300\" height=\"200\" data-id=\"3599\" src=\"https:\/\/www.latoscane.net\/wp-content\/uploads\/2017\/07\/panorama-colle-val-d-elsa-citta-bassa-1995-300x200.jpg\" alt=\"Panorama su Colle val d'Elsa, citt&#xE0; bassa\" class=\"wp-image-3599\" srcset=\"https:\/\/www.latoscane.net\/wp-content\/uploads\/2017\/07\/panorama-colle-val-d-elsa-citta-bassa-1995-300x200.jpg 300w, https:\/\/www.latoscane.net\/wp-content\/uploads\/2017\/07\/panorama-colle-val-d-elsa-citta-bassa-1995-1024x683.jpg 1024w, https:\/\/www.latoscane.net\/wp-content\/uploads\/2017\/07\/panorama-colle-val-d-elsa-citta-bassa-1995-768x512.jpg 768w, https:\/\/www.latoscane.net\/wp-content\/uploads\/2017\/07\/panorama-colle-val-d-elsa-citta-bassa-1995.jpg 1200w\" sizes=\"(max-width: 300px) 100vw, 300px\" \/><\/a><figcaption class=\"wp-element-caption\">Citt\u00e0 bassa<\/figcaption><\/figure>\n\n\n<figure class=\"wp-block-image size-medium\"><a href=\"https:\/\/www.latoscane.net\/wp-content\/uploads\/2017\/07\/colle-val-d-elsa-palazzi-1992-300x200.jpg\"><img loading=\"lazy\" decoding=\"async\" width=\"300\" height=\"200\" data-id=\"3593\" src=\"https:\/\/www.latoscane.net\/wp-content\/uploads\/2017\/07\/colle-val-d-elsa-palazzi-1992-300x200.jpg\" alt=\"Foto dellla Citt&#xE0; Alta do Colle Val d'Elsa\" class=\"wp-image-3593\" srcset=\"https:\/\/www.latoscane.net\/wp-content\/uploads\/2017\/07\/colle-val-d-elsa-palazzi-1992-300x200.jpg 300w, https:\/\/www.latoscane.net\/wp-content\/uploads\/2017\/07\/colle-val-d-elsa-palazzi-1992-1024x683.jpg 1024w, https:\/\/www.latoscane.net\/wp-content\/uploads\/2017\/07\/colle-val-d-elsa-palazzi-1992-768x512.jpg 768w, https:\/\/www.latoscane.net\/wp-content\/uploads\/2017\/07\/colle-val-d-elsa-palazzi-1992.jpg 1200w\" sizes=\"(max-width: 300px) 100vw, 300px\" \/><\/a><figcaption class=\"wp-element-caption\">Palazzo Citt\u00e0 Alta<\/figcaption><\/figure>\n\n\n<figure class=\"wp-block-image size-medium\"><a href=\"https:\/\/www.latoscane.net\/wp-content\/uploads\/2017\/07\/centro-storico-colle-val-d-elsa-2001-300x200.jpg\"><img loading=\"lazy\" decoding=\"async\" width=\"300\" height=\"200\" data-id=\"3584\" src=\"https:\/\/www.latoscane.net\/wp-content\/uploads\/2017\/07\/centro-storico-colle-val-d-elsa-2001-300x200.jpg\" alt=\"Foto della Via delle Volte, Colle Val d'Elsa\" class=\"wp-image-3584\" srcset=\"https:\/\/www.latoscane.net\/wp-content\/uploads\/2017\/07\/centro-storico-colle-val-d-elsa-2001-300x200.jpg 300w, https:\/\/www.latoscane.net\/wp-content\/uploads\/2017\/07\/centro-storico-colle-val-d-elsa-2001-1024x683.jpg 1024w, https:\/\/www.latoscane.net\/wp-content\/uploads\/2017\/07\/centro-storico-colle-val-d-elsa-2001-768x512.jpg 768w, https:\/\/www.latoscane.net\/wp-content\/uploads\/2017\/07\/centro-storico-colle-val-d-elsa-2001.jpg 1200w\" sizes=\"(max-width: 300px) 100vw, 300px\" \/><\/a><figcaption class=\"wp-element-caption\">Via delle Volte<\/figcaption><\/figure>\n\n\n<figure class=\"wp-block-image size-medium\"><a href=\"https:\/\/www.latoscane.net\/wp-content\/uploads\/2017\/07\/colle-val-d-elsa-citta-alta-1994-200x300.jpg\"><img loading=\"lazy\" decoding=\"async\" width=\"200\" height=\"300\" data-id=\"3587\" src=\"https:\/\/www.latoscane.net\/wp-content\/uploads\/2017\/07\/colle-val-d-elsa-citta-alta-1994-200x300.jpg\" alt=\"Foto dellla Citt&#xE0; Alta do Colle Val d'Elsa\" class=\"wp-image-3587\" srcset=\"https:\/\/www.latoscane.net\/wp-content\/uploads\/2017\/07\/colle-val-d-elsa-citta-alta-1994-200x300.jpg 200w, https:\/\/www.latoscane.net\/wp-content\/uploads\/2017\/07\/colle-val-d-elsa-citta-alta-1994-683x1024.jpg 683w, https:\/\/www.latoscane.net\/wp-content\/uploads\/2017\/07\/colle-val-d-elsa-citta-alta-1994-768x1152.jpg 768w, https:\/\/www.latoscane.net\/wp-content\/uploads\/2017\/07\/colle-val-d-elsa-citta-alta-1994.jpg 800w\" sizes=\"(max-width: 200px) 100vw, 200px\" \/><\/a><figcaption class=\"wp-element-caption\">Citt\u00e0 Alta<\/figcaption><\/figure>\n\n\n<figure class=\"wp-block-image size-medium\"><a href=\"https:\/\/www.latoscane.net\/wp-content\/uploads\/2017\/07\/colle-val-d-elsa-palazzi-1989-200x300.jpg\"><img loading=\"lazy\" decoding=\"async\" width=\"200\" height=\"300\" data-id=\"3590\" src=\"https:\/\/www.latoscane.net\/wp-content\/uploads\/2017\/07\/colle-val-d-elsa-palazzi-1989-200x300.jpg\" alt=\"Foto dellla Citt&#xE0; Alta do Colle Val d'Elsa\" class=\"wp-image-3590\" srcset=\"https:\/\/www.latoscane.net\/wp-content\/uploads\/2017\/07\/colle-val-d-elsa-palazzi-1989-200x300.jpg 200w, https:\/\/www.latoscane.net\/wp-content\/uploads\/2017\/07\/colle-val-d-elsa-palazzi-1989-683x1024.jpg 683w, https:\/\/www.latoscane.net\/wp-content\/uploads\/2017\/07\/colle-val-d-elsa-palazzi-1989-768x1152.jpg 768w, https:\/\/www.latoscane.net\/wp-content\/uploads\/2017\/07\/colle-val-d-elsa-palazzi-1989.jpg 800w\" sizes=\"(max-width: 200px) 100vw, 200px\" \/><\/a><figcaption class=\"wp-element-caption\">Citt\u00e0 Alta<\/figcaption><\/figure><\/figure>\n<h3>Dans les environs<\/h3>\n<ul>\n<li><strong>Parc fluvial de l&#8217;Elsa et Sentier Elsa<\/strong><br \/>Long d\u2019environ 4 km, ce beau parcours naturel commence avec la &#8220;Steccaia&#8221; et le &#8220;Callone Reale&#8221;, deux ouvrages d\u2019ing\u00e9nierie hydraulique originaires du XIe si\u00e8cle pour canaliser les eaux de la rivi\u00e8re, pour alimenter moulins, papeteries, forges, restaur\u00e9s au cours du XVIIe si\u00e8cle. Il se poursuit par le &#8220;Diborrato&#8221;, avec la cascade etle petit lac, la &#8220;Grotte de l\u2019Ours&#8221;, la &#8220;Conchina&#8221;, le &#8220;Rocher Blanc&#8221;, la &#8220;Niche&#8221; et la &#8220;Esplanade des Faucons&#8221;.<br \/>La rivi\u00e8re est propice \u00e0 la baignade, surtout l&#8217;\u00e9t\u00e9.<\/li>\n<li><strong>Cascade du Diborrato<\/strong> (2 km)<br \/>La cascade du Diborrato est un tr\u00e8s beau site en pleine nature, o\u00f9 la jolie cascade de pr\u00e8s de 15 m\u00e8tres de hauteur alimente un grand bassin de pr\u00e8s de 10 m\u00e8tres de profondeur.<\/li>\n<li><strong>Rocca di Staggia<\/strong> (5 km)<br \/>Se visite uniquement avec une visite guid\u00e9e \u00e0 r\u00e9server. C&#8217;est un imposant bastion d\u00e9fensif m\u00e9di\u00e9val de plus de 1000 ans, dont l&#8217;aspect actuel est des XIVe-XVe si\u00e8cles.<\/li>\n<li><strong>Thermes \u00e9trusques &#8211; romains des Caldane<\/strong> (4 km)<br \/>Beaux bassins avec ses eaux ti\u00e8des min\u00e9rales, libres d&#8217;acc\u00e8s en plein air. Il se trouvait ici des thermes antiques qui ont disparu depuis longtemps.<\/li>\n<li><strong>Santa Maria Assunta a Coneo<\/strong> (7 km)<br \/>Jolie petite abbaye romane qui remonte au XIe si\u00e8cle.<\/li>\n<li>\n<p><strong>Parc arch\u00e9ologique de Dometaia<\/strong> (10 km)<br \/>N\u00e9cropole \u00e9trusque avec 56 tombes, du milieu du VIe si\u00e8cle av. J.-C. au d\u00e9but IIe de notre \u00e8re.<\/p>\n<\/li>\n<\/ul>\n\n<figure class=\"wp-block-gallery has-nested-images columns-default is-cropped wp-block-gallery-4 is-layout-flex wp-block-gallery-is-layout-flex\">\n<figure class=\"wp-block-image size-medium\"><a href=\"https:\/\/www.latoscane.net\/wp-content\/uploads\/2017\/07\/abbazia-di-santa-maria-assunta-a-coneo-2005-300x200.jpg\"><img loading=\"lazy\" decoding=\"async\" width=\"300\" height=\"200\" data-id=\"3784\" src=\"https:\/\/www.latoscane.net\/wp-content\/uploads\/2017\/07\/abbazia-di-santa-maria-assunta-a-coneo-2005-300x200.jpg\" alt=\"Foto di Abbazia di Santa Maria Assunta a Coneo, Colle Val d'Elsa\" class=\"wp-image-3784\" srcset=\"https:\/\/www.latoscane.net\/wp-content\/uploads\/2017\/07\/abbazia-di-santa-maria-assunta-a-coneo-2005-300x200.jpg 300w, https:\/\/www.latoscane.net\/wp-content\/uploads\/2017\/07\/abbazia-di-santa-maria-assunta-a-coneo-2005-1024x683.jpg 1024w, https:\/\/www.latoscane.net\/wp-content\/uploads\/2017\/07\/abbazia-di-santa-maria-assunta-a-coneo-2005-768x512.jpg 768w, https:\/\/www.latoscane.net\/wp-content\/uploads\/2017\/07\/abbazia-di-santa-maria-assunta-a-coneo-2005.jpg 1200w\" sizes=\"(max-width: 300px) 100vw, 300px\" \/><\/a><figcaption class=\"wp-element-caption\">Abbazia di Santa Maria Assunta<\/figcaption><\/figure>\n\n\n<figure class=\"wp-block-image size-medium\"><a href=\"https:\/\/www.latoscane.net\/wp-content\/uploads\/2017\/07\/abbazia-di-santa-maria-assunta-a-coneo-2007-300x200.jpg\"><img loading=\"lazy\" decoding=\"async\" width=\"300\" height=\"200\" data-id=\"3787\" src=\"https:\/\/www.latoscane.net\/wp-content\/uploads\/2017\/07\/abbazia-di-santa-maria-assunta-a-coneo-2007-300x200.jpg\" alt=\"Foto di Abbazia di Santa Maria Assunta a Coneo, Colle Val d'Elsa\" class=\"wp-image-3787\" srcset=\"https:\/\/www.latoscane.net\/wp-content\/uploads\/2017\/07\/abbazia-di-santa-maria-assunta-a-coneo-2007-300x200.jpg 300w, https:\/\/www.latoscane.net\/wp-content\/uploads\/2017\/07\/abbazia-di-santa-maria-assunta-a-coneo-2007-1024x683.jpg 1024w, https:\/\/www.latoscane.net\/wp-content\/uploads\/2017\/07\/abbazia-di-santa-maria-assunta-a-coneo-2007-768x512.jpg 768w, https:\/\/www.latoscane.net\/wp-content\/uploads\/2017\/07\/abbazia-di-santa-maria-assunta-a-coneo-2007.jpg 1200w\" sizes=\"(max-width: 300px) 100vw, 300px\" \/><\/a><figcaption class=\"wp-element-caption\">Abbazia di Santa Maria Assunta<\/figcaption><\/figure>\n\n\n<figure class=\"wp-block-image size-medium\"><a href=\"https:\/\/www.latoscane.net\/wp-content\/uploads\/2017\/07\/abbaye-santa-maria-assunta-a-coneo-colle-val-d-elsa-2010-300x200.jpg\"><img loading=\"lazy\" decoding=\"async\" width=\"300\" height=\"200\" data-id=\"3781\" src=\"https:\/\/www.latoscane.net\/wp-content\/uploads\/2017\/07\/abbaye-santa-maria-assunta-a-coneo-colle-val-d-elsa-2010-300x200.jpg\" alt=\"Foto di Abbazia di Santa Maria Assunta a Coneo, Colle Val d'Elsa\" class=\"wp-image-3781\" srcset=\"https:\/\/www.latoscane.net\/wp-content\/uploads\/2017\/07\/abbaye-santa-maria-assunta-a-coneo-colle-val-d-elsa-2010-300x200.jpg 300w, https:\/\/www.latoscane.net\/wp-content\/uploads\/2017\/07\/abbaye-santa-maria-assunta-a-coneo-colle-val-d-elsa-2010-1024x683.jpg 1024w, https:\/\/www.latoscane.net\/wp-content\/uploads\/2017\/07\/abbaye-santa-maria-assunta-a-coneo-colle-val-d-elsa-2010-768x512.jpg 768w, https:\/\/www.latoscane.net\/wp-content\/uploads\/2017\/07\/abbaye-santa-maria-assunta-a-coneo-colle-val-d-elsa-2010.jpg 1200w\" sizes=\"(max-width: 300px) 100vw, 300px\" \/><\/a><figcaption class=\"wp-element-caption\">Abbazia di Santa Maria Assunta<\/figcaption><\/figure>\n\n\n<figure class=\"wp-block-image size-medium\"><a href=\"https:\/\/www.latoscane.net\/wp-content\/uploads\/2017\/07\/abbazia-di-santa-maria-assunta-a-coneo-2008-300x200.jpg\"><img loading=\"lazy\" decoding=\"async\" width=\"300\" height=\"200\" data-id=\"3790\" src=\"https:\/\/www.latoscane.net\/wp-content\/uploads\/2017\/07\/abbazia-di-santa-maria-assunta-a-coneo-2008-300x200.jpg\" alt=\"Foto di Abbazia di Santa Maria Assunta a Coneo, Colle Val d'Elsa\" class=\"wp-image-3790\" srcset=\"https:\/\/www.latoscane.net\/wp-content\/uploads\/2017\/07\/abbazia-di-santa-maria-assunta-a-coneo-2008-300x200.jpg 300w, https:\/\/www.latoscane.net\/wp-content\/uploads\/2017\/07\/abbazia-di-santa-maria-assunta-a-coneo-2008-1024x683.jpg 1024w, https:\/\/www.latoscane.net\/wp-content\/uploads\/2017\/07\/abbazia-di-santa-maria-assunta-a-coneo-2008-768x512.jpg 768w, https:\/\/www.latoscane.net\/wp-content\/uploads\/2017\/07\/abbazia-di-santa-maria-assunta-a-coneo-2008.jpg 1200w\" sizes=\"(max-width: 300px) 100vw, 300px\" \/><\/a><figcaption class=\"wp-element-caption\">Abbazia di Santa Maria Assunta<\/figcaption><\/figure>\n\n\n<figure class=\"wp-block-image size-medium\"><a href=\"https:\/\/www.latoscane.net\/wp-content\/uploads\/2017\/07\/necropoli-etrusca-di-dometaia-2018-200x300.jpg\"><img loading=\"lazy\" decoding=\"async\" width=\"200\" height=\"300\" data-id=\"3664\" src=\"https:\/\/www.latoscane.net\/wp-content\/uploads\/2017\/07\/necropoli-etrusca-di-dometaia-2018-200x300.jpg\" alt=\"\" class=\"wp-image-3664\" srcset=\"https:\/\/www.latoscane.net\/wp-content\/uploads\/2017\/07\/necropoli-etrusca-di-dometaia-2018-200x300.jpg 200w, https:\/\/www.latoscane.net\/wp-content\/uploads\/2017\/07\/necropoli-etrusca-di-dometaia-2018-683x1024.jpg 683w, https:\/\/www.latoscane.net\/wp-content\/uploads\/2017\/07\/necropoli-etrusca-di-dometaia-2018-768x1152.jpg 768w, https:\/\/www.latoscane.net\/wp-content\/uploads\/2017\/07\/necropoli-etrusca-di-dometaia-2018.jpg 800w\" sizes=\"(max-width: 200px) 100vw, 200px\" \/><\/a><figcaption class=\"wp-element-caption\">Necropoli etrusca di Dometaia<\/figcaption><\/figure>\n\n\n<figure class=\"wp-block-image size-medium\"><a href=\"https:\/\/www.latoscane.net\/wp-content\/uploads\/2017\/07\/necropoli-etrusca-di-dometaia-2014-300x200.jpg\"><img loading=\"lazy\" decoding=\"async\" width=\"300\" height=\"200\" data-id=\"3661\" src=\"https:\/\/www.latoscane.net\/wp-content\/uploads\/2017\/07\/necropoli-etrusca-di-dometaia-2014-300x200.jpg\" alt=\"Foto della Necropoli etrusca di Dometaia\" class=\"wp-image-3661\" srcset=\"https:\/\/www.latoscane.net\/wp-content\/uploads\/2017\/07\/necropoli-etrusca-di-dometaia-2014-300x200.jpg 300w, https:\/\/www.latoscane.net\/wp-content\/uploads\/2017\/07\/necropoli-etrusca-di-dometaia-2014-1024x683.jpg 1024w, https:\/\/www.latoscane.net\/wp-content\/uploads\/2017\/07\/necropoli-etrusca-di-dometaia-2014-768x512.jpg 768w, https:\/\/www.latoscane.net\/wp-content\/uploads\/2017\/07\/necropoli-etrusca-di-dometaia-2014.jpg 1200w\" sizes=\"(max-width: 300px) 100vw, 300px\" \/><\/a><figcaption class=\"wp-element-caption\">Necropoli etrusca di Dometaia<\/figcaption><\/figure><\/figure>\n<h2>Dov&#8217;\u00e8 Colle Val d&#8217;Elsa, carte<\/h2>\n<div id=\"travelersmap-container-69f2935a9e2a5\" class=\"travelersmap-container\" style=\"z-index: 1; min-height: 10px; min-width:10px; height:450px;width:100%; max-width:; max-height:; position:relative;\"><div style=\"position:absolute; z-index:-1;top: 50%;text-align: center;display: block;left: 50%;transform: translate(-50%,-50%);\">Travelers' Map is loading...<br>If you see this after your page is loaded completely, leafletJS files are missing.<\/div><\/div>\n<h2>Articoli sulla Val d&#8217;Elsa<\/h2>\n<ul class=\"lcp_catlist2\" id=\"lcp_instance_0\"><li><a href=\"https:\/\/www.latoscane.net\/it\/san-gimignano\/\">San Gimignano<\/a><a href=\"https:\/\/www.latoscane.net\/it\/san-gimignano\/\" title=\"San Gimignano\"><img loading=\"lazy\" decoding=\"async\" width=\"150\" height=\"150\" src=\"https:\/\/www.latoscane.net\/wp-content\/uploads\/2017\/03\/panorama-san-gimignano-2025-150x150.jpg\" class=\"lcp_thumbnail wp-post-image\" alt=\"San Gimignano\" srcset=\"https:\/\/www.latoscane.net\/wp-content\/uploads\/2017\/03\/panorama-san-gimignano-2025-150x150.jpg 150w, https:\/\/www.latoscane.net\/wp-content\/uploads\/2017\/03\/panorama-san-gimignano-2025-50x50.jpg 50w, https:\/\/www.latoscane.net\/wp-content\/uploads\/2017\/03\/panorama-san-gimignano-2025-80x80.jpg 80w, https:\/\/www.latoscane.net\/wp-content\/uploads\/2017\/03\/panorama-san-gimignano-2025-75x75.jpg 75w\" sizes=\"(max-width: 150px) 100vw, 150px\" \/><\/a><div class=\"lcp_excerpt\">\nScorgendo da lontano le sue torri in pietra che dominano fieramente le colline, non ci si pu\u00f2 sbagliare, \u00e8 San Gimignano, borgo emblematico della Toscana medievale.Questa piccola citt\u00e0 turistica di ...<\/div><\/li><li><a href=\"https:\/\/www.latoscane.net\/it\/la-valdelsa\/\">La Valdelsa<\/a><a href=\"https:\/\/www.latoscane.net\/it\/la-valdelsa\/\" title=\"La Valdelsa\"><img loading=\"lazy\" decoding=\"async\" width=\"150\" height=\"150\" src=\"https:\/\/www.latoscane.net\/wp-content\/uploads\/2017\/08\/paesaggi-bassa-val-d-elsa-3460-150x150.jpg\" class=\"lcp_thumbnail wp-post-image\" alt=\"La Valdelsa\" srcset=\"https:\/\/www.latoscane.net\/wp-content\/uploads\/2017\/08\/paesaggi-bassa-val-d-elsa-3460-150x150.jpg 150w, https:\/\/www.latoscane.net\/wp-content\/uploads\/2017\/08\/paesaggi-bassa-val-d-elsa-3460-50x50.jpg 50w, https:\/\/www.latoscane.net\/wp-content\/uploads\/2017\/08\/paesaggi-bassa-val-d-elsa-3460-80x80.jpg 80w, https:\/\/www.latoscane.net\/wp-content\/uploads\/2017\/08\/paesaggi-bassa-val-d-elsa-3460-75x75.jpg 75w\" sizes=\"(max-width: 150px) 100vw, 150px\" \/><\/a><div class=\"lcp_excerpt\">\nLa Val d&#8217;Elsa, pi\u00f9 semplicemente chiamata Valdelsa, costeggia il fiume Elsa tra Firenze e Siena, affluente dell&#8217;Arno. Si divide tra la sua parte alta, detta \u00abAlta Valdelsa\u00bb dalla parte di ...<\/div><\/li><li><a href=\"https:\/\/www.latoscane.net\/it\/monteriggioni-in-toscana\/\">Monteriggioni<\/a><a href=\"https:\/\/www.latoscane.net\/it\/monteriggioni-in-toscana\/\" title=\"Monteriggioni\"><img loading=\"lazy\" decoding=\"async\" width=\"150\" height=\"150\" src=\"https:\/\/www.latoscane.net\/wp-content\/uploads\/2017\/02\/monteriggioni-toscane-1973-150x150.jpg\" class=\"lcp_thumbnail wp-post-image\" alt=\"Monteriggioni\" srcset=\"https:\/\/www.latoscane.net\/wp-content\/uploads\/2017\/02\/monteriggioni-toscane-1973-150x150.jpg 150w, https:\/\/www.latoscane.net\/wp-content\/uploads\/2017\/02\/monteriggioni-toscane-1973-50x50.jpg 50w, https:\/\/www.latoscane.net\/wp-content\/uploads\/2017\/02\/monteriggioni-toscane-1973-80x80.jpg 80w, https:\/\/www.latoscane.net\/wp-content\/uploads\/2017\/02\/monteriggioni-toscane-1973-75x75.jpg 75w\" sizes=\"(max-width: 150px) 100vw, 150px\" \/><\/a><div class=\"lcp_excerpt\">\nIn cima a una collina, il borgo medievale fortificato di Monteriggioni \u00e8 un piccolo gioiello che ha attraversato i secoli. Incanta il visitatore immergendolo nel medioevo. Il suo piccolo centro ...<\/div><\/li><li><a href=\"https:\/\/www.latoscane.net\/it\/san-miniato-in-toscana\/\">San Miniato<\/a><a href=\"https:\/\/www.latoscane.net\/it\/san-miniato-in-toscana\/\" title=\"San Miniato\"><img loading=\"lazy\" decoding=\"async\" width=\"150\" height=\"150\" src=\"https:\/\/www.latoscane.net\/wp-content\/uploads\/2017\/03\/duomo-san-miniato-8510-150x150.jpg\" class=\"lcp_thumbnail wp-post-image\" alt=\"San Miniato\" srcset=\"https:\/\/www.latoscane.net\/wp-content\/uploads\/2017\/03\/duomo-san-miniato-8510-150x150.jpg 150w, https:\/\/www.latoscane.net\/wp-content\/uploads\/2017\/03\/duomo-san-miniato-8510-50x50.jpg 50w, https:\/\/www.latoscane.net\/wp-content\/uploads\/2017\/03\/duomo-san-miniato-8510-80x80.jpg 80w, https:\/\/www.latoscane.net\/wp-content\/uploads\/2017\/03\/duomo-san-miniato-8510-75x75.jpg 75w\" sizes=\"(max-width: 150px) 100vw, 150px\" \/><\/a><div class=\"lcp_excerpt\">\nSan Miniato \u00e8 un borgo di carattere arroccato su una collina, situato nella Val dell&#8217;Arno, in fondo alla Val d&#8217;Elsa, tra Firenze e Pisa, sulla Via Francigena. \u00c8 noto per ...<\/div><\/li><li><a href=\"https:\/\/www.latoscane.net\/it\/certaldo\/\">Certaldo<\/a><a href=\"https:\/\/www.latoscane.net\/it\/certaldo\/\" title=\"Certaldo\"><img loading=\"lazy\" decoding=\"async\" width=\"150\" height=\"150\" src=\"https:\/\/www.latoscane.net\/wp-content\/uploads\/2024\/07\/certaldo-via-rivellino-3391-150x150.jpg\" class=\"lcp_thumbnail wp-post-image\" alt=\"Certaldo\" srcset=\"https:\/\/www.latoscane.net\/wp-content\/uploads\/2024\/07\/certaldo-via-rivellino-3391-150x150.jpg 150w, https:\/\/www.latoscane.net\/wp-content\/uploads\/2024\/07\/certaldo-via-rivellino-3391-50x50.jpg 50w, https:\/\/www.latoscane.net\/wp-content\/uploads\/2024\/07\/certaldo-via-rivellino-3391-80x80.jpg 80w, https:\/\/www.latoscane.net\/wp-content\/uploads\/2024\/07\/certaldo-via-rivellino-3391-75x75.jpg 75w\" sizes=\"(max-width: 150px) 100vw, 150px\" \/><\/a><div class=\"lcp_excerpt\">Certaldo \u00e8 uno dei borghi pi\u00f9 caratteristici della Valdelsa, situata lungo la Via Francigena, conosciuta anche come il villaggio di Boccaccio, scrittore italiano del XIV secolo considerato uno dei padri ...<\/div><\/li><li class=\"current\"><a href=\"https:\/\/www.latoscane.net\/it\/colle-val-delsa\/\">Colle Val d&#8217;Elsa<\/a><a href=\"https:\/\/www.latoscane.net\/it\/colle-val-delsa\/\" title=\"Colle Val d&#039;Elsa\"><img loading=\"lazy\" decoding=\"async\" width=\"150\" height=\"150\" src=\"https:\/\/www.latoscane.net\/wp-content\/uploads\/2017\/07\/centro-storico-colle-val-d-elsa-2000-150x150.jpg\" class=\"lcp_thumbnail wp-post-image\" alt=\"Colle Val d&#039;Elsa\" srcset=\"https:\/\/www.latoscane.net\/wp-content\/uploads\/2017\/07\/centro-storico-colle-val-d-elsa-2000-150x150.jpg 150w, https:\/\/www.latoscane.net\/wp-content\/uploads\/2017\/07\/centro-storico-colle-val-d-elsa-2000-50x50.jpg 50w, https:\/\/www.latoscane.net\/wp-content\/uploads\/2017\/07\/centro-storico-colle-val-d-elsa-2000-80x80.jpg 80w, https:\/\/www.latoscane.net\/wp-content\/uploads\/2017\/07\/centro-storico-colle-val-d-elsa-2000-75x75.jpg 75w\" sizes=\"(max-width: 150px) 100vw, 150px\" \/><\/a><div class=\"lcp_excerpt\">\nColle Val d&#8217;Elsa est une petite ville de plus de 20.000 habitants au c\u0153ur de la Toscane, entre Sienne et Florence, le long du Val d&#8217;Elsa, et sur la Via ...<\/div><\/li><li><a href=\"https:\/\/www.latoscane.net\/it\/casole-d-elsa-toscana\/\">Casole d&#8217;Elsa in Toscana<\/a><a href=\"https:\/\/www.latoscane.net\/it\/casole-d-elsa-toscana\/\" title=\"Casole d&#039;Elsa in Toscana\"><img loading=\"lazy\" decoding=\"async\" width=\"150\" height=\"150\" src=\"https:\/\/www.latoscane.net\/wp-content\/uploads\/2024\/07\/casole-d-elsa-3418-150x150.jpg\" class=\"lcp_thumbnail wp-post-image\" alt=\"Casole d&#039;Elsa in Toscana\" srcset=\"https:\/\/www.latoscane.net\/wp-content\/uploads\/2024\/07\/casole-d-elsa-3418-150x150.jpg 150w, https:\/\/www.latoscane.net\/wp-content\/uploads\/2024\/07\/casole-d-elsa-3418-50x50.jpg 50w, https:\/\/www.latoscane.net\/wp-content\/uploads\/2024\/07\/casole-d-elsa-3418-80x80.jpg 80w, https:\/\/www.latoscane.net\/wp-content\/uploads\/2024\/07\/casole-d-elsa-3418-75x75.jpg 75w\" sizes=\"(max-width: 150px) 100vw, 150px\" \/><\/a><div class=\"lcp_excerpt\">Antica citt\u00e0 etrusca, Casole d&#8217;Elsa \u00e8 un incantevole villaggio costruito su un altopiano collinare, vicino all&#8217;alta Valdelsa. Le colline circostanti sono coltivate con vigneti, uliveti e cereali. C&#8217;\u00e8 anche il ...<\/div><\/li><li><a href=\"https:\/\/www.latoscane.net\/it\/bassa-valdelsa\/\">Bassa Valdelsa<\/a><a href=\"https:\/\/www.latoscane.net\/it\/bassa-valdelsa\/\" title=\"Bassa Valdelsa\"><img loading=\"lazy\" decoding=\"async\" width=\"150\" height=\"150\" src=\"https:\/\/www.latoscane.net\/wp-content\/uploads\/2017\/02\/paysage-du-val-d-elsa-2947-150x150.jpg\" class=\"lcp_thumbnail wp-post-image\" alt=\"Bassa Valdelsa\" srcset=\"https:\/\/www.latoscane.net\/wp-content\/uploads\/2017\/02\/paysage-du-val-d-elsa-2947-150x150.jpg 150w, https:\/\/www.latoscane.net\/wp-content\/uploads\/2017\/02\/paysage-du-val-d-elsa-2947-50x50.jpg 50w, https:\/\/www.latoscane.net\/wp-content\/uploads\/2017\/02\/paysage-du-val-d-elsa-2947-80x80.jpg 80w, https:\/\/www.latoscane.net\/wp-content\/uploads\/2017\/02\/paysage-du-val-d-elsa-2947-75x75.jpg 75w\" sizes=\"(max-width: 150px) 100vw, 150px\" \/><\/a><div class=\"lcp_excerpt\">\nLa parte bassa della Valdelsa si trova in provincia di Firenze, mentre la parte alta \u00e8 in quella di Siena. Il paesaggio \u00e8 caratterizzato da bellissime colline, spesso coltivate a ...<\/div><\/li><\/ul>\n<h2>Fonti e link<\/h2>\n<ul>\n<li>Portali turistici : <a href=\"https:\/\/www.visitcolledivaldelsa.com\/\" target=\"_blank\" rel=\"noopener\">www.visitcolledivaldelsa.com<\/a><\/li>\n<li>Informazioni generali : <a href=\"https:\/\/it.wikipedia.org\/wiki\/Colle_di_Val_d%27Elsa\" target=\"_blank\" rel=\"noopener\">it.wikipedia.org<\/a><\/li>\n<\/ul>\n","protected":false},"excerpt":{"rendered":"<p>Colle Val d&#8217;Elsa est une petite ville de plus de 20.000 habitants au c\u0153ur de la Toscane, entre Sienne et Florence, le long du Val d&#8217;Elsa, et sur la Via Francigena, entre de belles collines.Elle est situ\u00e9e dans le triangle fait de Sienne \u00e0 30 km, Volterra \u00e0 35 km, et Florence \u00e0 50 km. [&hellip;]<\/p>\n","protected":false},"author":1,"featured_media":3578,"comment_status":"open","ping_status":"open","sticky":false,"template":"","format":"standard","meta":{"_acf_changed":false,"footnotes":"","_links_to":"","_links_to_target":""},"categories":[115,190,193],"tags":[],"acf":[],"yoast_head":"<!-- This site is optimized with the Yoast SEO plugin v22.8 - https:\/\/yoast.com\/wordpress\/plugins\/seo\/ -->\n<title>Colle Val d\u2019Elsa : paese di carattere in Toscana<\/title>\n<meta name=\"description\" content=\"Colle Val d&#039;Elsa \u00e8 una piccola citt\u00e0 nel cuore della Toscana tra Siena e Firenze, risparmiata dal turismo di massa e tuttavia carina con il suo centro storico\" \/>\n<meta name=\"robots\" content=\"index, follow, max-snippet:-1, max-image-preview:large, max-video-preview:-1\" \/>\n<link rel=\"canonical\" href=\"https:\/\/www.latoscane.net\/colle-val-delsa\/\" \/>\n<meta property=\"og:locale\" content=\"it_IT\" \/>\n<meta property=\"og:type\" content=\"article\" \/>\n<meta property=\"og:title\" content=\"Colle Val d\u2019Elsa : paese di carattere in Toscana\" \/>\n<meta property=\"og:description\" content=\"Colle Val d&#039;Elsa \u00e8 una piccola citt\u00e0 nel cuore della Toscana tra Siena e Firenze, risparmiata dal turismo di massa e tuttavia carina con il suo centro storico\" \/>\n<meta property=\"og:url\" content=\"https:\/\/www.latoscane.net\/colle-val-delsa\/\" \/>\n<meta property=\"og:site_name\" content=\"LaToscane.net\" \/>\n<meta property=\"article:published_time\" content=\"2024-02-12T14:00:49+00:00\" \/>\n<meta property=\"article:modified_time\" content=\"2025-09-09T09:36:40+00:00\" \/>\n<meta property=\"og:image\" content=\"https:\/\/www.latoscane.net\/wp-content\/uploads\/2017\/07\/centro-storico-colle-val-d-elsa-2000.jpg\" \/>\n\t<meta property=\"og:image:width\" content=\"1200\" \/>\n\t<meta property=\"og:image:height\" content=\"800\" \/>\n\t<meta property=\"og:image:type\" content=\"image\/jpeg\" \/>\n<meta name=\"author\" content=\"Galgano\" \/>\n<meta name=\"twitter:card\" content=\"summary_large_image\" \/>\n<meta name=\"twitter:label1\" content=\"Scritto da\" \/>\n\t<meta name=\"twitter:data1\" content=\"Galgano\" \/>\n\t<meta name=\"twitter:label2\" content=\"Tempo di lettura stimato\" \/>\n\t<meta name=\"twitter:data2\" content=\"5 minuti\" \/>\n<script type=\"application\/ld+json\" class=\"yoast-schema-graph\">{\"@context\":\"https:\/\/schema.org\",\"@graph\":[{\"@type\":\"WebPage\",\"@id\":\"https:\/\/www.latoscane.net\/colle-val-delsa\/\",\"url\":\"https:\/\/www.latoscane.net\/colle-val-delsa\/\",\"name\":\"Colle Val d\u2019Elsa : paese di carattere in Toscana\",\"isPartOf\":{\"@id\":\"https:\/\/www.latoscane.net\/#website\"},\"primaryImageOfPage\":{\"@id\":\"https:\/\/www.latoscane.net\/colle-val-delsa\/#primaryimage\"},\"image\":{\"@id\":\"https:\/\/www.latoscane.net\/colle-val-delsa\/#primaryimage\"},\"thumbnailUrl\":\"https:\/\/www.latoscane.net\/wp-content\/uploads\/2017\/07\/centro-storico-colle-val-d-elsa-2000.jpg\",\"datePublished\":\"2024-02-12T14:00:49+00:00\",\"dateModified\":\"2025-09-09T09:36:40+00:00\",\"author\":{\"@id\":\"https:\/\/www.latoscane.net\/#\/schema\/person\/dae56e679cb6d9bdaf2b0b54b1320d42\"},\"description\":\"Colle Val d'Elsa \u00e8 una piccola citt\u00e0 nel cuore della Toscana tra Siena e Firenze, risparmiata dal turismo di massa e tuttavia carina con il suo centro storico\",\"breadcrumb\":{\"@id\":\"https:\/\/www.latoscane.net\/colle-val-delsa\/#breadcrumb\"},\"inLanguage\":\"it-IT\",\"potentialAction\":[{\"@type\":\"ReadAction\",\"target\":[\"https:\/\/www.latoscane.net\/colle-val-delsa\/\"]}]},{\"@type\":\"ImageObject\",\"inLanguage\":\"it-IT\",\"@id\":\"https:\/\/www.latoscane.net\/colle-val-delsa\/#primaryimage\",\"url\":\"https:\/\/www.latoscane.net\/wp-content\/uploads\/2017\/07\/centro-storico-colle-val-d-elsa-2000.jpg\",\"contentUrl\":\"https:\/\/www.latoscane.net\/wp-content\/uploads\/2017\/07\/centro-storico-colle-val-d-elsa-2000.jpg\",\"width\":1200,\"height\":800,\"caption\":\"Foto di una via coperta di Colle Val d'Elsa\"},{\"@type\":\"BreadcrumbList\",\"@id\":\"https:\/\/www.latoscane.net\/colle-val-delsa\/#breadcrumb\",\"itemListElement\":[{\"@type\":\"ListItem\",\"position\":1,\"name\":\"Accueil\",\"item\":\"https:\/\/www.latoscane.net\/it\/\"},{\"@type\":\"ListItem\",\"position\":2,\"name\":\"Colle Val d&rsquo;Elsa\"}]},{\"@type\":\"WebSite\",\"@id\":\"https:\/\/www.latoscane.net\/#website\",\"url\":\"https:\/\/www.latoscane.net\/\",\"name\":\"LaToscane.net\",\"description\":\"Visita della regione Toscana\",\"potentialAction\":[{\"@type\":\"SearchAction\",\"target\":{\"@type\":\"EntryPoint\",\"urlTemplate\":\"https:\/\/www.latoscane.net\/?s={search_term_string}\"},\"query-input\":\"required name=search_term_string\"}],\"inLanguage\":\"it-IT\"},{\"@type\":\"Person\",\"@id\":\"https:\/\/www.latoscane.net\/#\/schema\/person\/dae56e679cb6d9bdaf2b0b54b1320d42\",\"name\":\"Galgano\",\"url\":\"https:\/\/www.latoscane.net\/it\/author\/will\/\"}]}<\/script>\n<!-- \/ Yoast SEO plugin. -->","yoast_head_json":{"title":"Colle Val d\u2019Elsa : paese di carattere in Toscana","description":"Colle Val d'Elsa \u00e8 una piccola citt\u00e0 nel cuore della Toscana tra Siena e Firenze, risparmiata dal turismo di massa e tuttavia carina con il suo centro storico","robots":{"index":"index","follow":"follow","max-snippet":"max-snippet:-1","max-image-preview":"max-image-preview:large","max-video-preview":"max-video-preview:-1"},"canonical":"https:\/\/www.latoscane.net\/colle-val-delsa\/","og_locale":"it_IT","og_type":"article","og_title":"Colle Val d\u2019Elsa : paese di carattere in Toscana","og_description":"Colle Val d'Elsa \u00e8 una piccola citt\u00e0 nel cuore della Toscana tra Siena e Firenze, risparmiata dal turismo di massa e tuttavia carina con il suo centro storico","og_url":"https:\/\/www.latoscane.net\/colle-val-delsa\/","og_site_name":"LaToscane.net","article_published_time":"2024-02-12T14:00:49+00:00","article_modified_time":"2025-09-09T09:36:40+00:00","og_image":[{"width":1200,"height":800,"url":"https:\/\/www.latoscane.net\/wp-content\/uploads\/2017\/07\/centro-storico-colle-val-d-elsa-2000.jpg","type":"image\/jpeg"}],"author":"Galgano","twitter_card":"summary_large_image","twitter_misc":{"Scritto da":"Galgano","Tempo di lettura stimato":"5 minuti"},"schema":{"@context":"https:\/\/schema.org","@graph":[{"@type":"WebPage","@id":"https:\/\/www.latoscane.net\/colle-val-delsa\/","url":"https:\/\/www.latoscane.net\/colle-val-delsa\/","name":"Colle Val d\u2019Elsa : paese di carattere in Toscana","isPartOf":{"@id":"https:\/\/www.latoscane.net\/#website"},"primaryImageOfPage":{"@id":"https:\/\/www.latoscane.net\/colle-val-delsa\/#primaryimage"},"image":{"@id":"https:\/\/www.latoscane.net\/colle-val-delsa\/#primaryimage"},"thumbnailUrl":"https:\/\/www.latoscane.net\/wp-content\/uploads\/2017\/07\/centro-storico-colle-val-d-elsa-2000.jpg","datePublished":"2024-02-12T14:00:49+00:00","dateModified":"2025-09-09T09:36:40+00:00","author":{"@id":"https:\/\/www.latoscane.net\/#\/schema\/person\/dae56e679cb6d9bdaf2b0b54b1320d42"},"description":"Colle Val d'Elsa \u00e8 una piccola citt\u00e0 nel cuore della Toscana tra Siena e Firenze, risparmiata dal turismo di massa e tuttavia carina con il suo centro storico","breadcrumb":{"@id":"https:\/\/www.latoscane.net\/colle-val-delsa\/#breadcrumb"},"inLanguage":"it-IT","potentialAction":[{"@type":"ReadAction","target":["https:\/\/www.latoscane.net\/colle-val-delsa\/"]}]},{"@type":"ImageObject","inLanguage":"it-IT","@id":"https:\/\/www.latoscane.net\/colle-val-delsa\/#primaryimage","url":"https:\/\/www.latoscane.net\/wp-content\/uploads\/2017\/07\/centro-storico-colle-val-d-elsa-2000.jpg","contentUrl":"https:\/\/www.latoscane.net\/wp-content\/uploads\/2017\/07\/centro-storico-colle-val-d-elsa-2000.jpg","width":1200,"height":800,"caption":"Foto di una via coperta di Colle Val d'Elsa"},{"@type":"BreadcrumbList","@id":"https:\/\/www.latoscane.net\/colle-val-delsa\/#breadcrumb","itemListElement":[{"@type":"ListItem","position":1,"name":"Accueil","item":"https:\/\/www.latoscane.net\/it\/"},{"@type":"ListItem","position":2,"name":"Colle Val d&rsquo;Elsa"}]},{"@type":"WebSite","@id":"https:\/\/www.latoscane.net\/#website","url":"https:\/\/www.latoscane.net\/","name":"LaToscane.net","description":"Visita della regione Toscana","potentialAction":[{"@type":"SearchAction","target":{"@type":"EntryPoint","urlTemplate":"https:\/\/www.latoscane.net\/?s={search_term_string}"},"query-input":"required name=search_term_string"}],"inLanguage":"it-IT"},{"@type":"Person","@id":"https:\/\/www.latoscane.net\/#\/schema\/person\/dae56e679cb6d9bdaf2b0b54b1320d42","name":"Galgano","url":"https:\/\/www.latoscane.net\/it\/author\/will\/"}]}},"_links":{"self":[{"href":"https:\/\/www.latoscane.net\/it\/wp-json\/wp\/v2\/posts\/11012"}],"collection":[{"href":"https:\/\/www.latoscane.net\/it\/wp-json\/wp\/v2\/posts"}],"about":[{"href":"https:\/\/www.latoscane.net\/it\/wp-json\/wp\/v2\/types\/post"}],"author":[{"embeddable":true,"href":"https:\/\/www.latoscane.net\/it\/wp-json\/wp\/v2\/users\/1"}],"replies":[{"embeddable":true,"href":"https:\/\/www.latoscane.net\/it\/wp-json\/wp\/v2\/comments?post=11012"}],"version-history":[{"count":4,"href":"https:\/\/www.latoscane.net\/it\/wp-json\/wp\/v2\/posts\/11012\/revisions"}],"predecessor-version":[{"id":13877,"href":"https:\/\/www.latoscane.net\/it\/wp-json\/wp\/v2\/posts\/11012\/revisions\/13877"}],"wp:featuredmedia":[{"embeddable":true,"href":"https:\/\/www.latoscane.net\/it\/wp-json\/wp\/v2\/media\/3578"}],"wp:attachment":[{"href":"https:\/\/www.latoscane.net\/it\/wp-json\/wp\/v2\/media?parent=11012"}],"wp:term":[{"taxonomy":"category","embeddable":true,"href":"https:\/\/www.latoscane.net\/it\/wp-json\/wp\/v2\/categories?post=11012"},{"taxonomy":"post_tag","embeddable":true,"href":"https:\/\/www.latoscane.net\/it\/wp-json\/wp\/v2\/tags?post=11012"}],"curies":[{"name":"wp","href":"https:\/\/api.w.org\/{rel}","templated":true}]}}