{"id":11111,"date":"2024-02-02T14:25:33","date_gmt":"2024-02-02T13:25:33","guid":{"rendered":"https:\/\/www.latoscane.net\/abbadia-san-salvatore\/"},"modified":"2025-09-09T11:21:40","modified_gmt":"2025-09-09T09:21:40","slug":"abbadia-san-salvatore","status":"publish","type":"post","link":"https:\/\/www.latoscane.net\/it\/abbadia-san-salvatore\/","title":{"rendered":"Abbadia San Salvatore"},"content":{"rendered":"\n<p><strong>Abbadia San Salvatore<\/strong> \u00e8 un caratteristico borgo del Monte Amiata, il pi\u00f9 alto, a 800 metri di altitudine sul versante orientale della montagna. \u00c8 una destinazione apprezzata in estate per la sua freschezza e l&#8217;accesso alla natura. <br \/>Il suo patrimonio \u00e8 interessante con l&#8217;abbazia di San Salvatore, il centro storico antico ben mantenuto e il Museo della miniera. <br \/>Il villaggio ha vissuto a lungo della presenza dell&#8217;abbazia, prima di declinare e ritrovare una fiorente attivit\u00e0 nel XX secolo con le sue miniere, prima di declinare dopo la sua chiusura intorno al 1970. <\/p>\n<h2>Il villaggio<\/h2>\n<p>Si raggiunge l&#8217;incantevole centro storico, ben riabilitato di origine medievale, attraversando i quartieri moderni di Abbadia.<br \/>Nel borgo si scoprono le affascinanti strade con le case medievali, la Chiesa di Santa Croce del XIII secolo, quella di Sant&#8217;Angelo del XIV secolo (diventata una residenza privata), il Palazzo del Podest\u00e0 o il Palazzo del Popolo.<\/p>\n\n<figure class=\"wp-block-gallery has-nested-images columns-4 is-cropped wp-block-gallery-2 is-layout-flex wp-block-gallery-is-layout-flex\">\n<figure class=\"wp-block-image size-medium\"><a href=\"https:\/\/www.latoscane.net\/wp-content\/uploads\/2024\/08\/abbadia-san-salvatore-5462-200x300.jpg\"><img loading=\"lazy\" decoding=\"async\" width=\"200\" height=\"300\" data-id=\"7609\" src=\"https:\/\/www.latoscane.net\/wp-content\/uploads\/2024\/08\/abbadia-san-salvatore-5462-200x300.jpg\" alt=\"Foto delle vie medievali d'Abbadia San Salvatore\" class=\"wp-image-7609\" srcset=\"https:\/\/www.latoscane.net\/wp-content\/uploads\/2024\/08\/abbadia-san-salvatore-5462-200x300.jpg 200w, https:\/\/www.latoscane.net\/wp-content\/uploads\/2024\/08\/abbadia-san-salvatore-5462-683x1024.jpg 683w, https:\/\/www.latoscane.net\/wp-content\/uploads\/2024\/08\/abbadia-san-salvatore-5462-768x1152.jpg 768w, https:\/\/www.latoscane.net\/wp-content\/uploads\/2024\/08\/abbadia-san-salvatore-5462.jpg 800w\" sizes=\"(max-width: 200px) 100vw, 200px\" \/><\/a><figcaption class=\"wp-element-caption\">Centro medievale di Abbadia<\/figcaption><\/figure>\n\n\n<figure class=\"wp-block-image size-medium\"><a href=\"https:\/\/www.latoscane.net\/wp-content\/uploads\/2024\/08\/santa-croce-abbadia-san-salvatore-5459-300x200.jpg\"><img loading=\"lazy\" decoding=\"async\" width=\"300\" height=\"200\" data-id=\"7612\" src=\"https:\/\/www.latoscane.net\/wp-content\/uploads\/2024\/08\/santa-croce-abbadia-san-salvatore-5459-300x200.jpg\" alt=\"Foto di Santa Croce in Abbadia San Salvatore\" class=\"wp-image-7612\" srcset=\"https:\/\/www.latoscane.net\/wp-content\/uploads\/2024\/08\/santa-croce-abbadia-san-salvatore-5459-300x200.jpg 300w, https:\/\/www.latoscane.net\/wp-content\/uploads\/2024\/08\/santa-croce-abbadia-san-salvatore-5459-1024x683.jpg 1024w, https:\/\/www.latoscane.net\/wp-content\/uploads\/2024\/08\/santa-croce-abbadia-san-salvatore-5459-768x512.jpg 768w, https:\/\/www.latoscane.net\/wp-content\/uploads\/2024\/08\/santa-croce-abbadia-san-salvatore-5459.jpg 1200w\" sizes=\"(max-width: 300px) 100vw, 300px\" \/><\/a><figcaption class=\"wp-element-caption\">Santa Croce<\/figcaption><\/figure>\n\n\n<figure class=\"wp-block-image size-medium\"><a href=\"https:\/\/www.latoscane.net\/wp-content\/uploads\/2024\/08\/abbadia-san-salvatore-5454-300x200.jpg\"><img loading=\"lazy\" decoding=\"async\" width=\"300\" height=\"200\" data-id=\"7603\" src=\"https:\/\/www.latoscane.net\/wp-content\/uploads\/2024\/08\/abbadia-san-salvatore-5454-300x200.jpg\" alt=\"Foto delle vie medievali d'Abbadia San Salvatore\" class=\"wp-image-7603\" srcset=\"https:\/\/www.latoscane.net\/wp-content\/uploads\/2024\/08\/abbadia-san-salvatore-5454-300x200.jpg 300w, https:\/\/www.latoscane.net\/wp-content\/uploads\/2024\/08\/abbadia-san-salvatore-5454-1024x683.jpg 1024w, https:\/\/www.latoscane.net\/wp-content\/uploads\/2024\/08\/abbadia-san-salvatore-5454-768x512.jpg 768w, https:\/\/www.latoscane.net\/wp-content\/uploads\/2024\/08\/abbadia-san-salvatore-5454.jpg 1200w\" sizes=\"(max-width: 300px) 100vw, 300px\" \/><\/a><figcaption class=\"wp-element-caption\">Centro medievale di Abbadia<\/figcaption><\/figure>\n\n\n<figure class=\"wp-block-image size-medium\"><a href=\"https:\/\/www.latoscane.net\/wp-content\/uploads\/2024\/08\/abbadia-san-salvatore-5458-200x300.jpg\"><img loading=\"lazy\" decoding=\"async\" width=\"200\" height=\"300\" data-id=\"7606\" src=\"https:\/\/www.latoscane.net\/wp-content\/uploads\/2024\/08\/abbadia-san-salvatore-5458-200x300.jpg\" alt=\"Foto delle vie medievali d'Abbadia San Salvatore\" class=\"wp-image-7606\" srcset=\"https:\/\/www.latoscane.net\/wp-content\/uploads\/2024\/08\/abbadia-san-salvatore-5458-200x300.jpg 200w, https:\/\/www.latoscane.net\/wp-content\/uploads\/2024\/08\/abbadia-san-salvatore-5458-683x1024.jpg 683w, https:\/\/www.latoscane.net\/wp-content\/uploads\/2024\/08\/abbadia-san-salvatore-5458-768x1152.jpg 768w, https:\/\/www.latoscane.net\/wp-content\/uploads\/2024\/08\/abbadia-san-salvatore-5458.jpg 800w\" sizes=\"(max-width: 200px) 100vw, 200px\" \/><\/a><figcaption class=\"wp-element-caption\">Centro medievale di Abbadia<\/figcaption><\/figure><\/figure>\n<h2>Abbazia di San Salvatore<\/h2>\n<p>A nord del centro storico si trova l&#8217;<strong>Abbazia di San Salvatore<\/strong>, fondata secondo la tradizione nel 762 dal duca longobardo Rachis.<br \/>Da questa abbazia benedettina fu ristrutturata nel XVII secolo la chiesa del 1035. Dietro la sua imponente facciata fiancheggiata da due torri (una delle quali incompiuta), l&#8217;interno \u00e8 romanico e semplice. La splendida cripta fu riscoperta nel 1925, con 35 colonne e altrettanti capitelli distinti. <\/p>\n<div class=\"su-note\"  style=\"border-color:#e1e0db;border-radius:3px;-moz-border-radius:3px;-webkit-border-radius:3px;\"><div class=\"su-note-inner su-u-clearfix su-u-trim\" style=\"background-color:#fbfaf5;border-color:#ffffff;color:#333333;border-radius:3px;-moz-border-radius:3px;-webkit-border-radius:3px;\">L&#8217;abbazia di San Salvatore conserva per quasi mille anni il famoso <strong>Codex Amiatinus<\/strong> che risale al VII secolo, la copia manoscritta integrale della bibbia pi\u00f9 antica conosciuta, attualmente conservato a Firenze.<br \/>Un altro importante documento ne \u00e8 derivato, la <strong>Postilla Amiatina<\/strong>, datata 1087, notevole e rara testimonianza del passaggio dal latino alla lingua vernacolare in Italia in quel periodo. Consiste in poche righe di un&#8217;apostilla a un atto notarile, che riporta la donazione del coniuge al \u00ab monastero di Abbadia San Salvatore sul Monte Amiata \u00bb. <\/div><\/div>\n<div id=\"attachment_7624\" style=\"width: 310px\" class=\"wp-caption alignright\"><a href=\"https:\/\/www.latoscane.net\/wp-content\/uploads\/2017\/02\/abbazia-di-san-salvatore.jpg\" rel=\"attachment wp-att-7622\"><img loading=\"lazy\" decoding=\"async\" aria-describedby=\"caption-attachment-7624\" class=\"wp-image-7622-size\" src=\"https:\/\/www.latoscane.net\/wp-content\/uploads\/2017\/02\/abbazia-di-san-salvatore.jpg\" alt=\"Foto dell'Abbazia di San Salvatore a Abbadia\" width=\"300\" height=\"200\" srcset=\"https:\/\/www.latoscane.net\/wp-content\/uploads\/2017\/02\/abbazia-di-san-salvatore.jpg 900w, https:\/\/www.latoscane.net\/wp-content\/uploads\/2017\/02\/abbazia-di-san-salvatore-300x200.jpg 300w, https:\/\/www.latoscane.net\/wp-content\/uploads\/2017\/02\/abbazia-di-san-salvatore-768x512.jpg 768w\" sizes=\"(max-width: 300px) 100vw, 300px\" \/><\/a><p id=\"caption-attachment-7624\" class=\"wp-caption-text\">Esterno dell&#8217;Abbazia di San Salvatore (Fonte: <a href=\"https:\/\/commons.wikimedia.org\/wiki\/File:Abbazia_di_s.salvatore.jpg\" target=\"_blank\" rel=\"noopener\">commons.wikimedia.org<\/a>)<\/p><\/div>\n<p>Attraversando il chiostro si accede al Museo d&#8217;arte sacra dell&#8217;abbazia, con oggetti preziosi, tra cui il reliquiario irlandese del VII secolo. <\/p>\n<h2>Museo e parco della miniera<\/h2>\n<p>Al confine del villaggio si trova il complesso minerario, sfruttato dal 1897 al 1970 per estrarre il cinabro, fonte di mercurio. <br \/>\u00c8 stato convertito in un museo della miniera. Documenta la geologia regionale, la storia dell&#8217;estrazione mineraria, la produzione di mercurio, le gallerie, l&#8217;impianto metallurgico e la vita dei minatori, compresi i luoghi in cui vivono. <\/p>\n<h2>Dintorni<\/h2>\n<p>Fuori dalle mura di Abbadia si trovano la chiesa di San Leonardo del XIII secolo, la Chiesa della Madonna dei Remedi del XVII secolo con affreschi di Nasini, e la Chiesa della Madonna del Castagno del XVI secolo. <br \/>Il sentiero che sale verso la cima attraversa i boschi e passa per la piccola chiesa di Ermeta.<br \/>immerso nel verde del bosco. <\/p>\n\n<figure class=\"wp-block-gallery has-nested-images columns-default is-cropped wp-block-gallery-3 is-layout-flex wp-block-gallery-is-layout-flex\"><\/figure><h2>Dov&#8217;\u00e8 Abbadia San Salvatore, mappa<\/h2>\n<div id=\"travelersmap-container-69f293593dd9e\" class=\"travelersmap-container\" style=\"z-index: 1; min-height: 10px; min-width:10px; height:450px;width:100%; max-width:; max-height:; position:relative;\"><div style=\"position:absolute; z-index:-1;top: 50%;text-align: center;display: block;left: 50%;transform: translate(-50%,-50%);\">Travelers' Map is loading...<br>If you see this after your page is loaded completely, leafletJS files are missing.<\/div><\/div>\n<h2>Fonti e link<\/h2>\n<ul>\n<li>Informazioni generali : <a href=\"https:\/\/it.wikipedia.org\/wiki\/Abbadia_San_Salvatore\" target=\"_blank\" rel=\"noopener\">it.wikipedia.org<\/a><\/li>\n<li>Portali turistici : <a href=\"https:\/\/www.visittuscany.com\/it\/citta-e-borghi\/abbadia-san-salvatore\/\" target=\"_blank\" rel=\"noopener\">www.visittuscany.com<\/a><\/li>\n<\/ul>\n<h2>Articoli sul Monte Amiata<\/h2>\n<ul class=\"lcp_catlist2\" id=\"lcp_instance_0\"><li><a href=\"https:\/\/www.latoscane.net\/it\/monte-amiata\/\">Monte Amiata<\/a><a href=\"https:\/\/www.latoscane.net\/it\/monte-amiata\/\" title=\"Monte Amiata\"><img loading=\"lazy\" decoding=\"async\" width=\"150\" height=\"150\" src=\"https:\/\/www.latoscane.net\/wp-content\/uploads\/2017\/02\/passeggiata-conte-silvio-piccolomini-pienza-4061-150x150.jpg\" class=\"lcp_thumbnail wp-post-image\" alt=\"Monte Amiata\" srcset=\"https:\/\/www.latoscane.net\/wp-content\/uploads\/2017\/02\/passeggiata-conte-silvio-piccolomini-pienza-4061-150x150.jpg 150w, https:\/\/www.latoscane.net\/wp-content\/uploads\/2017\/02\/passeggiata-conte-silvio-piccolomini-pienza-4061-50x50.jpg 50w, https:\/\/www.latoscane.net\/wp-content\/uploads\/2017\/02\/passeggiata-conte-silvio-piccolomini-pienza-4061-80x80.jpg 80w, https:\/\/www.latoscane.net\/wp-content\/uploads\/2017\/02\/passeggiata-conte-silvio-piccolomini-pienza-4061-75x75.jpg 75w\" sizes=\"(max-width: 150px) 100vw, 150px\" \/><\/a><div class=\"lcp_excerpt\">\nIl Monte Amiata \u00e8 un vulcano spento dell&#8217;Appennino, che culmina nella Toscana meridionale a 1.733 metri di altitudine, tra la Maremma ad ovest e le valli della Val d&#8217;Orcia e ...<\/div><\/li><li><a href=\"https:\/\/www.latoscane.net\/it\/bagni-san-filippo-e-vivo-dorcia\/\">Bagni San Filippo e Vivo d&#8217;Orcia<\/a><a href=\"https:\/\/www.latoscane.net\/it\/bagni-san-filippo-e-vivo-dorcia\/\" title=\"Bagni San Filippo e Vivo d&#039;Orcia\"><img loading=\"lazy\" decoding=\"async\" width=\"150\" height=\"150\" src=\"https:\/\/www.latoscane.net\/wp-content\/uploads\/2024\/08\/bagni-san-filippo-5446-150x150.jpg\" class=\"lcp_thumbnail wp-post-image\" alt=\"Bagni San Filippo e Vivo d&#039;Orcia\" srcset=\"https:\/\/www.latoscane.net\/wp-content\/uploads\/2024\/08\/bagni-san-filippo-5446-150x150.jpg 150w, https:\/\/www.latoscane.net\/wp-content\/uploads\/2024\/08\/bagni-san-filippo-5446-50x50.jpg 50w, https:\/\/www.latoscane.net\/wp-content\/uploads\/2024\/08\/bagni-san-filippo-5446-80x80.jpg 80w, https:\/\/www.latoscane.net\/wp-content\/uploads\/2024\/08\/bagni-san-filippo-5446-75x75.jpg 75w\" sizes=\"(max-width: 150px) 100vw, 150px\" \/><\/a><div class=\"lcp_excerpt\">\nBagni San Filippo\nSulle pendici orientali del monte Amiata, ai margini della Val d&#8217;Orcia, Bagni San Filippo \u00e8 un borgo termale le cui acque sono conosciute fin dall&#8217;antichit\u00e0. Le sue acque ...<\/div><\/li><li class=\"current\"><a href=\"https:\/\/www.latoscane.net\/it\/abbadia-san-salvatore\/\">Abbadia San Salvatore<\/a><a href=\"https:\/\/www.latoscane.net\/it\/abbadia-san-salvatore\/\" title=\"Abbadia San Salvatore\"><img loading=\"lazy\" decoding=\"async\" width=\"150\" height=\"150\" src=\"https:\/\/www.latoscane.net\/wp-content\/uploads\/2024\/08\/abbadia-san-salvatore-5454-150x150.jpg\" class=\"lcp_thumbnail wp-post-image\" alt=\"Abbadia San Salvatore\" srcset=\"https:\/\/www.latoscane.net\/wp-content\/uploads\/2024\/08\/abbadia-san-salvatore-5454-150x150.jpg 150w, https:\/\/www.latoscane.net\/wp-content\/uploads\/2024\/08\/abbadia-san-salvatore-5454-50x50.jpg 50w, https:\/\/www.latoscane.net\/wp-content\/uploads\/2024\/08\/abbadia-san-salvatore-5454-80x80.jpg 80w, https:\/\/www.latoscane.net\/wp-content\/uploads\/2024\/08\/abbadia-san-salvatore-5454-75x75.jpg 75w\" sizes=\"(max-width: 150px) 100vw, 150px\" \/><\/a><div class=\"lcp_excerpt\">\nAbbadia San Salvatore \u00e8 un caratteristico borgo del Monte Amiata, il pi\u00f9 alto, a 800 metri di altitudine sul versante orientale della montagna. \u00c8 una destinazione apprezzata in estate per ...<\/div><\/li><li><a href=\"https:\/\/www.latoscane.net\/it\/santa-fiora\/\">Santa Fiora<\/a><a href=\"https:\/\/www.latoscane.net\/it\/santa-fiora\/\" title=\"Santa Fiora\"><img loading=\"lazy\" decoding=\"async\" width=\"150\" height=\"150\" src=\"https:\/\/www.latoscane.net\/wp-content\/uploads\/2024\/08\/peschiera-santa-fiora-5491-150x150.jpg\" class=\"lcp_thumbnail wp-post-image\" alt=\"Santa Fiora\" srcset=\"https:\/\/www.latoscane.net\/wp-content\/uploads\/2024\/08\/peschiera-santa-fiora-5491-150x150.jpg 150w, https:\/\/www.latoscane.net\/wp-content\/uploads\/2024\/08\/peschiera-santa-fiora-5491-50x50.jpg 50w, https:\/\/www.latoscane.net\/wp-content\/uploads\/2024\/08\/peschiera-santa-fiora-5491-80x80.jpg 80w, https:\/\/www.latoscane.net\/wp-content\/uploads\/2024\/08\/peschiera-santa-fiora-5491-75x75.jpg 75w\" sizes=\"(max-width: 150px) 100vw, 150px\" \/><\/a><div class=\"lcp_excerpt\">\nSulle pendici meridionali del Monte Amiata, Santa Fiora domina la sorgente del fiume Fiora. Questo borgo \u00e8 un po&#8217; particolare per la sua storia, essendo stato un importante possedimento degli ...<\/div><\/li><li><a href=\"https:\/\/www.latoscane.net\/it\/piancastagnaio\/\">Piancastagnaio<\/a><a href=\"https:\/\/www.latoscane.net\/it\/piancastagnaio\/\" title=\"Piancastagnaio\"><img loading=\"lazy\" decoding=\"async\" width=\"150\" height=\"150\" src=\"https:\/\/www.latoscane.net\/wp-content\/uploads\/2024\/08\/rocca-di-piancastagnaio-5516-150x150.jpg\" class=\"lcp_thumbnail wp-post-image\" alt=\"Piancastagnaio\" srcset=\"https:\/\/www.latoscane.net\/wp-content\/uploads\/2024\/08\/rocca-di-piancastagnaio-5516-150x150.jpg 150w, https:\/\/www.latoscane.net\/wp-content\/uploads\/2024\/08\/rocca-di-piancastagnaio-5516-50x50.jpg 50w, https:\/\/www.latoscane.net\/wp-content\/uploads\/2024\/08\/rocca-di-piancastagnaio-5516-80x80.jpg 80w, https:\/\/www.latoscane.net\/wp-content\/uploads\/2024\/08\/rocca-di-piancastagnaio-5516-75x75.jpg 75w\" sizes=\"(max-width: 150px) 100vw, 150px\" \/><\/a><div class=\"lcp_excerpt\">\nPiancastagno \u00e8 un antico borgo di origine medievale sulle pendici del Monte Amiata, arroccato su una cornice che domina la valle della Paglia e la Cassia.La sua origine risale al ...<\/div><\/li><\/ul>\n","protected":false},"excerpt":{"rendered":"<p>Abbadia San Salvatore \u00e8 un caratteristico borgo del Monte Amiata, il pi\u00f9 alto, a 800 metri di altitudine sul versante orientale della montagna. \u00c8 una destinazione apprezzata in estate per la sua freschezza e l&#8217;accesso alla natura. Il suo patrimonio \u00e8 interessante con l&#8217;abbazia di San Salvatore, il centro storico antico ben mantenuto e il [&hellip;]<\/p>\n","protected":false},"author":1,"featured_media":7605,"comment_status":"open","ping_status":"open","sticky":false,"template":"","format":"standard","meta":{"_acf_changed":false,"footnotes":"","_links_to":"","_links_to_target":""},"categories":[192,116],"tags":[],"acf":[],"yoast_head":"<!-- This site is optimized with the Yoast SEO plugin v22.8 - https:\/\/yoast.com\/wordpress\/plugins\/seo\/ -->\n<title>Abbadia san Salvatore, borgo sul Monte Amiata<\/title>\n<meta name=\"description\" content=\"Abbadia San Salvatore \u00e8 un caratteristico borgo del Monte Amiata, interessante prima con la sua abbazia, poi il suo antico centro storico e il Museo delle Miniere\" \/>\n<meta name=\"robots\" content=\"index, follow, max-snippet:-1, max-image-preview:large, max-video-preview:-1\" \/>\n<link rel=\"canonical\" href=\"https:\/\/www.latoscane.net\/it\/abbadia-san-salvatore\/\" \/>\n<meta property=\"og:locale\" content=\"it_IT\" \/>\n<meta property=\"og:type\" content=\"article\" \/>\n<meta property=\"og:title\" content=\"Abbadia san Salvatore, borgo sul Monte Amiata\" \/>\n<meta property=\"og:description\" content=\"Abbadia San Salvatore \u00e8 un caratteristico borgo del Monte Amiata, interessante prima con la sua abbazia, poi il suo antico centro storico e il Museo delle Miniere\" \/>\n<meta property=\"og:url\" content=\"https:\/\/www.latoscane.net\/it\/abbadia-san-salvatore\/\" \/>\n<meta property=\"og:site_name\" content=\"LaToscane.net\" \/>\n<meta property=\"article:published_time\" content=\"2024-02-02T13:25:33+00:00\" \/>\n<meta property=\"article:modified_time\" content=\"2025-09-09T09:21:40+00:00\" \/>\n<meta property=\"og:image\" content=\"https:\/\/www.latoscane.net\/wp-content\/uploads\/2024\/08\/abbadia-san-salvatore-5454.jpg\" \/>\n\t<meta property=\"og:image:width\" content=\"1200\" \/>\n\t<meta property=\"og:image:height\" content=\"800\" \/>\n\t<meta property=\"og:image:type\" content=\"image\/jpeg\" \/>\n<meta name=\"author\" content=\"Galgano\" \/>\n<meta name=\"twitter:card\" content=\"summary_large_image\" \/>\n<meta name=\"twitter:label1\" content=\"Scritto da\" \/>\n\t<meta name=\"twitter:data1\" content=\"Galgano\" \/>\n\t<meta name=\"twitter:label2\" content=\"Tempo di lettura stimato\" \/>\n\t<meta name=\"twitter:data2\" content=\"4 minuti\" \/>\n<script type=\"application\/ld+json\" class=\"yoast-schema-graph\">{\"@context\":\"https:\/\/schema.org\",\"@graph\":[{\"@type\":\"WebPage\",\"@id\":\"https:\/\/www.latoscane.net\/it\/abbadia-san-salvatore\/\",\"url\":\"https:\/\/www.latoscane.net\/it\/abbadia-san-salvatore\/\",\"name\":\"Abbadia san Salvatore, borgo sul Monte Amiata\",\"isPartOf\":{\"@id\":\"https:\/\/www.latoscane.net\/#website\"},\"primaryImageOfPage\":{\"@id\":\"https:\/\/www.latoscane.net\/it\/abbadia-san-salvatore\/#primaryimage\"},\"image\":{\"@id\":\"https:\/\/www.latoscane.net\/it\/abbadia-san-salvatore\/#primaryimage\"},\"thumbnailUrl\":\"https:\/\/www.latoscane.net\/wp-content\/uploads\/2024\/08\/abbadia-san-salvatore-5454.jpg\",\"datePublished\":\"2024-02-02T13:25:33+00:00\",\"dateModified\":\"2025-09-09T09:21:40+00:00\",\"author\":{\"@id\":\"https:\/\/www.latoscane.net\/#\/schema\/person\/dae56e679cb6d9bdaf2b0b54b1320d42\"},\"description\":\"Abbadia San Salvatore \u00e8 un caratteristico borgo del Monte Amiata, interessante prima con la sua abbazia, poi il suo antico centro storico e il Museo delle Miniere\",\"breadcrumb\":{\"@id\":\"https:\/\/www.latoscane.net\/it\/abbadia-san-salvatore\/#breadcrumb\"},\"inLanguage\":\"it-IT\",\"potentialAction\":[{\"@type\":\"ReadAction\",\"target\":[\"https:\/\/www.latoscane.net\/it\/abbadia-san-salvatore\/\"]}]},{\"@type\":\"ImageObject\",\"inLanguage\":\"it-IT\",\"@id\":\"https:\/\/www.latoscane.net\/it\/abbadia-san-salvatore\/#primaryimage\",\"url\":\"https:\/\/www.latoscane.net\/wp-content\/uploads\/2024\/08\/abbadia-san-salvatore-5454.jpg\",\"contentUrl\":\"https:\/\/www.latoscane.net\/wp-content\/uploads\/2024\/08\/abbadia-san-salvatore-5454.jpg\",\"width\":1200,\"height\":800,\"caption\":\"Foto delle vie medievali in Abbadia San Salvatore\"},{\"@type\":\"BreadcrumbList\",\"@id\":\"https:\/\/www.latoscane.net\/it\/abbadia-san-salvatore\/#breadcrumb\",\"itemListElement\":[{\"@type\":\"ListItem\",\"position\":1,\"name\":\"Accueil\",\"item\":\"https:\/\/www.latoscane.net\/it\/\"},{\"@type\":\"ListItem\",\"position\":2,\"name\":\"Abbadia San Salvatore\"}]},{\"@type\":\"WebSite\",\"@id\":\"https:\/\/www.latoscane.net\/#website\",\"url\":\"https:\/\/www.latoscane.net\/\",\"name\":\"LaToscane.net\",\"description\":\"Visita della regione Toscana\",\"potentialAction\":[{\"@type\":\"SearchAction\",\"target\":{\"@type\":\"EntryPoint\",\"urlTemplate\":\"https:\/\/www.latoscane.net\/?s={search_term_string}\"},\"query-input\":\"required name=search_term_string\"}],\"inLanguage\":\"it-IT\"},{\"@type\":\"Person\",\"@id\":\"https:\/\/www.latoscane.net\/#\/schema\/person\/dae56e679cb6d9bdaf2b0b54b1320d42\",\"name\":\"Galgano\",\"url\":\"https:\/\/www.latoscane.net\/it\/author\/will\/\"}]}<\/script>\n<!-- \/ Yoast SEO plugin. -->","yoast_head_json":{"title":"Abbadia san Salvatore, borgo sul Monte Amiata","description":"Abbadia San Salvatore \u00e8 un caratteristico borgo del Monte Amiata, interessante prima con la sua abbazia, poi il suo antico centro storico e il Museo delle Miniere","robots":{"index":"index","follow":"follow","max-snippet":"max-snippet:-1","max-image-preview":"max-image-preview:large","max-video-preview":"max-video-preview:-1"},"canonical":"https:\/\/www.latoscane.net\/it\/abbadia-san-salvatore\/","og_locale":"it_IT","og_type":"article","og_title":"Abbadia san Salvatore, borgo sul Monte Amiata","og_description":"Abbadia San Salvatore \u00e8 un caratteristico borgo del Monte Amiata, interessante prima con la sua abbazia, poi il suo antico centro storico e il Museo delle Miniere","og_url":"https:\/\/www.latoscane.net\/it\/abbadia-san-salvatore\/","og_site_name":"LaToscane.net","article_published_time":"2024-02-02T13:25:33+00:00","article_modified_time":"2025-09-09T09:21:40+00:00","og_image":[{"width":1200,"height":800,"url":"https:\/\/www.latoscane.net\/wp-content\/uploads\/2024\/08\/abbadia-san-salvatore-5454.jpg","type":"image\/jpeg"}],"author":"Galgano","twitter_card":"summary_large_image","twitter_misc":{"Scritto da":"Galgano","Tempo di lettura stimato":"4 minuti"},"schema":{"@context":"https:\/\/schema.org","@graph":[{"@type":"WebPage","@id":"https:\/\/www.latoscane.net\/it\/abbadia-san-salvatore\/","url":"https:\/\/www.latoscane.net\/it\/abbadia-san-salvatore\/","name":"Abbadia san Salvatore, borgo sul Monte Amiata","isPartOf":{"@id":"https:\/\/www.latoscane.net\/#website"},"primaryImageOfPage":{"@id":"https:\/\/www.latoscane.net\/it\/abbadia-san-salvatore\/#primaryimage"},"image":{"@id":"https:\/\/www.latoscane.net\/it\/abbadia-san-salvatore\/#primaryimage"},"thumbnailUrl":"https:\/\/www.latoscane.net\/wp-content\/uploads\/2024\/08\/abbadia-san-salvatore-5454.jpg","datePublished":"2024-02-02T13:25:33+00:00","dateModified":"2025-09-09T09:21:40+00:00","author":{"@id":"https:\/\/www.latoscane.net\/#\/schema\/person\/dae56e679cb6d9bdaf2b0b54b1320d42"},"description":"Abbadia San Salvatore \u00e8 un caratteristico borgo del Monte Amiata, interessante prima con la sua abbazia, poi il suo antico centro storico e il Museo delle Miniere","breadcrumb":{"@id":"https:\/\/www.latoscane.net\/it\/abbadia-san-salvatore\/#breadcrumb"},"inLanguage":"it-IT","potentialAction":[{"@type":"ReadAction","target":["https:\/\/www.latoscane.net\/it\/abbadia-san-salvatore\/"]}]},{"@type":"ImageObject","inLanguage":"it-IT","@id":"https:\/\/www.latoscane.net\/it\/abbadia-san-salvatore\/#primaryimage","url":"https:\/\/www.latoscane.net\/wp-content\/uploads\/2024\/08\/abbadia-san-salvatore-5454.jpg","contentUrl":"https:\/\/www.latoscane.net\/wp-content\/uploads\/2024\/08\/abbadia-san-salvatore-5454.jpg","width":1200,"height":800,"caption":"Foto delle vie medievali in Abbadia San Salvatore"},{"@type":"BreadcrumbList","@id":"https:\/\/www.latoscane.net\/it\/abbadia-san-salvatore\/#breadcrumb","itemListElement":[{"@type":"ListItem","position":1,"name":"Accueil","item":"https:\/\/www.latoscane.net\/it\/"},{"@type":"ListItem","position":2,"name":"Abbadia San Salvatore"}]},{"@type":"WebSite","@id":"https:\/\/www.latoscane.net\/#website","url":"https:\/\/www.latoscane.net\/","name":"LaToscane.net","description":"Visita della regione Toscana","potentialAction":[{"@type":"SearchAction","target":{"@type":"EntryPoint","urlTemplate":"https:\/\/www.latoscane.net\/?s={search_term_string}"},"query-input":"required name=search_term_string"}],"inLanguage":"it-IT"},{"@type":"Person","@id":"https:\/\/www.latoscane.net\/#\/schema\/person\/dae56e679cb6d9bdaf2b0b54b1320d42","name":"Galgano","url":"https:\/\/www.latoscane.net\/it\/author\/will\/"}]}},"_links":{"self":[{"href":"https:\/\/www.latoscane.net\/it\/wp-json\/wp\/v2\/posts\/11111"}],"collection":[{"href":"https:\/\/www.latoscane.net\/it\/wp-json\/wp\/v2\/posts"}],"about":[{"href":"https:\/\/www.latoscane.net\/it\/wp-json\/wp\/v2\/types\/post"}],"author":[{"embeddable":true,"href":"https:\/\/www.latoscane.net\/it\/wp-json\/wp\/v2\/users\/1"}],"replies":[{"embeddable":true,"href":"https:\/\/www.latoscane.net\/it\/wp-json\/wp\/v2\/comments?post=11111"}],"version-history":[{"count":3,"href":"https:\/\/www.latoscane.net\/it\/wp-json\/wp\/v2\/posts\/11111\/revisions"}],"predecessor-version":[{"id":13880,"href":"https:\/\/www.latoscane.net\/it\/wp-json\/wp\/v2\/posts\/11111\/revisions\/13880"}],"wp:featuredmedia":[{"embeddable":true,"href":"https:\/\/www.latoscane.net\/it\/wp-json\/wp\/v2\/media\/7605"}],"wp:attachment":[{"href":"https:\/\/www.latoscane.net\/it\/wp-json\/wp\/v2\/media?parent=11111"}],"wp:term":[{"taxonomy":"category","embeddable":true,"href":"https:\/\/www.latoscane.net\/it\/wp-json\/wp\/v2\/categories?post=11111"},{"taxonomy":"post_tag","embeddable":true,"href":"https:\/\/www.latoscane.net\/it\/wp-json\/wp\/v2\/tags?post=11111"}],"curies":[{"name":"wp","href":"https:\/\/api.w.org\/{rel}","templated":true}]}}