{"id":11115,"date":"2024-03-05T16:10:55","date_gmt":"2024-03-05T15:10:55","guid":{"rendered":"https:\/\/www.latoscane.net\/bagni-san-filippo-e-vivo-dorcia\/"},"modified":"2025-09-09T11:20:24","modified_gmt":"2025-09-09T09:20:24","slug":"bagni-san-filippo-e-vivo-dorcia","status":"publish","type":"post","link":"https:\/\/www.latoscane.net\/it\/bagni-san-filippo-e-vivo-dorcia\/","title":{"rendered":"Bagni San Filippo e Vivo d&#8217;Orcia"},"content":{"rendered":"\n<h2>Bagni San Filippo<\/h2>\n<p>Sulle pendici orientali del monte Amiata, ai margini della Val d&#8217;Orcia, <strong>Bagni San Filippo<\/strong> \u00e8 un borgo termale le cui acque sono conosciute fin dall&#8217;antichit\u00e0. Le sue acque sulfuree calde e terapeutiche scorrono a 48\u00b0 in mezzo ad un bosco, in uno scenario fiabesco chiamato Fosso Bianco, riempiendo piscine naturali di calcare bianco con piccole cascate. La pi\u00f9 importante \u00e8 chiamata &#8220;Balena Bianca&#8221;. Molte piscine sono libere per il bagno. <br \/>A un chilometro verso ovest, la <strong>grotta di San Filippo<\/strong> \u00e8 stata scavata in una grande roccia. Secondo la tradizione, san Filippo Benizi si sarebbe ritirato nel 1269 per sfuggire all&#8217;elezione a papa quando era uno dei favoriti. <\/p>\n\n<figure class=\"wp-block-gallery has-nested-images columns-default is-cropped wp-block-gallery-2 is-layout-flex wp-block-gallery-is-layout-flex\">\n<figure class=\"wp-block-image size-large\"><a href=\"https:\/\/www.latoscane.net\/wp-content\/uploads\/2024\/08\/bagni-san-filippo-5446-1024x683.jpg\"><img loading=\"lazy\" decoding=\"async\" width=\"1024\" height=\"683\" data-id=\"7053\" src=\"https:\/\/www.latoscane.net\/wp-content\/uploads\/2024\/08\/bagni-san-filippo-5446-1024x683.jpg\" alt=\"Foto delle vaschette del Fosso Bianco di Bagni San Filippo\" class=\"wp-image-7053\" srcset=\"https:\/\/www.latoscane.net\/wp-content\/uploads\/2024\/08\/bagni-san-filippo-5446-1024x683.jpg 1024w, https:\/\/www.latoscane.net\/wp-content\/uploads\/2024\/08\/bagni-san-filippo-5446-300x200.jpg 300w, https:\/\/www.latoscane.net\/wp-content\/uploads\/2024\/08\/bagni-san-filippo-5446-768x512.jpg 768w, https:\/\/www.latoscane.net\/wp-content\/uploads\/2024\/08\/bagni-san-filippo-5446.jpg 1200w\" sizes=\"(max-width: 1024px) 100vw, 1024px\" \/><\/a><\/figure><\/figure>\n\n<figure class=\"wp-block-gallery has-nested-images columns-default is-cropped wp-block-gallery-3 is-layout-flex wp-block-gallery-is-layout-flex\">\n<figure class=\"wp-block-image size-medium\"><a href=\"https:\/\/www.latoscane.net\/wp-content\/uploads\/2024\/08\/terme-bagni-san-filippo-5451-300x200.jpg\"><img loading=\"lazy\" decoding=\"async\" width=\"300\" height=\"200\" data-id=\"7056\" src=\"https:\/\/www.latoscane.net\/wp-content\/uploads\/2024\/08\/terme-bagni-san-filippo-5451-300x200.jpg\" alt=\"Foto delle vaschette del Fosso Bianco di Bagni San Filippo\" class=\"wp-image-7056\" srcset=\"https:\/\/www.latoscane.net\/wp-content\/uploads\/2024\/08\/terme-bagni-san-filippo-5451-300x200.jpg 300w, https:\/\/www.latoscane.net\/wp-content\/uploads\/2024\/08\/terme-bagni-san-filippo-5451-1024x683.jpg 1024w, https:\/\/www.latoscane.net\/wp-content\/uploads\/2024\/08\/terme-bagni-san-filippo-5451-768x512.jpg 768w, https:\/\/www.latoscane.net\/wp-content\/uploads\/2024\/08\/terme-bagni-san-filippo-5451.jpg 1200w\" sizes=\"(max-width: 300px) 100vw, 300px\" \/><\/a><\/figure>\n\n\n<figure class=\"wp-block-image size-medium\"><a href=\"https:\/\/www.latoscane.net\/wp-content\/uploads\/2024\/08\/bagni-san-filippo-5446-1024x683.jpg\"><img loading=\"lazy\" decoding=\"async\" width=\"300\" height=\"200\" data-id=\"7053\" src=\"https:\/\/www.latoscane.net\/wp-content\/uploads\/2024\/08\/bagni-san-filippo-5446-300x200.jpg\" alt=\"Foto delle vaschette del Fosso Bianco di Bagni San Filippo\" class=\"wp-image-7053\" srcset=\"https:\/\/www.latoscane.net\/wp-content\/uploads\/2024\/08\/bagni-san-filippo-5446-300x200.jpg 300w, https:\/\/www.latoscane.net\/wp-content\/uploads\/2024\/08\/bagni-san-filippo-5446-1024x683.jpg 1024w, https:\/\/www.latoscane.net\/wp-content\/uploads\/2024\/08\/bagni-san-filippo-5446-768x512.jpg 768w, https:\/\/www.latoscane.net\/wp-content\/uploads\/2024\/08\/bagni-san-filippo-5446.jpg 1200w\" sizes=\"(max-width: 300px) 100vw, 300px\" \/><\/a><\/figure><\/figure>\n<h2>Vivo d&#8217;Orcia<\/h2>\n<p>Sulle alture del Monte Amiata, <strong>Vivo d&#8217;Orcia<\/strong> si trova a quasi 900 metri di altitudine e conserva belle chiese e palazzi, tra cui in basso l&#8217;antica chiesa detta Chiesa dell&#8217;Eremo San Marcelllo che si trovava nell&#8217;antico monastero dei Camaldolesi, prima dell&#8217;anno miglio, e rielaborata nel XVI-XVII. Il monastero fu rifatto per farne un palazzo dai Cervini nel XVI secolo. <br \/>Salendo verso sud, un sentiero attraversa il bosco e i suoi ruscelli, dove si trova l&#8217;Eremo Ermicciolo o Eremo del Vivo, grazioso edificio romanico in mezzo ai castagni. <\/p>\n<h2>Dov&#8217;\u00e8 Bagni San Filippo, mappa<\/h2>\n<div id=\"travelersmap-container-69f2947481e42\" class=\"travelersmap-container\" style=\"z-index: 1; min-height: 10px; min-width:10px; height:450px;width:100%; max-width:; max-height:; position:relative;\"><div style=\"position:absolute; z-index:-1;top: 50%;text-align: center;display: block;left: 50%;transform: translate(-50%,-50%);\">Travelers' Map is loading...<br>If you see this after your page is loaded completely, leafletJS files are missing.<\/div><\/div>\n<h2>Link e fonti<\/h2>\n<ul>\n<li>Bagni San Filippo: <a href=\"https:\/\/osteriadellorcia.com\/bagni-san-filippo\/\/\" target=\"_blank\" rel=\"noopener\">osteriadellorcia.com<\/a>, <a href=\"https:\/\/www.visittuscany.com\/it\/citta-e-borghi\/bagni-san-filippo\/\" target=\"_blank\" rel=\"noopener\">www.visittuscany.com<\/a><\/li>\n<li>Vivo d&#8217;Orcia :  <a href=\"https:\/\/www.parcodellavaldorcia.com\/attrazioni\/leremo-del-vivo\/\" target=\"_blank\" rel=\"noopener\">www.parcodellavaldorcia.com<\/a>, <a href=\"https:\/\/it.wikipedia.org\/wiki\/Vivo_d%27Orcia\" target=\"_blank\" rel=\"noopener\">it.wikipedia.org<\/a><\/li>\n<\/ul>\n\n<div data-gyg-href=\"https:\/\/widget.getyourguide.com\/default\/activities.frame\" data-gyg-location-id=\"35581\" data-gyg-locale-code=\"it-IT\" data-gyg-widget=\"activities\" data-gyg-number-of-items=\"3\" data-gyg-partner-id=\"DLYVAO3\"><span>Powered by <a target=\"_blank\" rel=\"sponsored noopener\" href=\"https:\/\/www.getyourguide.com\/val-d-orcia-l35581\/\">GetYourGuide<\/a><\/span><\/div>\r\n<h2>Articoli sulla Val d&#8217;Orcia<\/h2>\n<ul class=\"lcp_catlist2\" id=\"lcp_instance_0\"><li><a href=\"https:\/\/www.latoscane.net\/it\/la-val-dorcia\/\">La Val d&#8217;Orcia<\/a><a href=\"https:\/\/www.latoscane.net\/it\/la-val-dorcia\/\" title=\"La Val d&#039;Orcia\"><img loading=\"lazy\" decoding=\"async\" width=\"150\" height=\"150\" src=\"https:\/\/www.latoscane.net\/wp-content\/uploads\/2017\/02\/toscane_toscana_9116-150x150.jpg\" class=\"lcp_thumbnail wp-post-image\" alt=\"La Val d&#039;Orcia\" srcset=\"https:\/\/www.latoscane.net\/wp-content\/uploads\/2017\/02\/toscane_toscana_9116-150x150.jpg 150w, https:\/\/www.latoscane.net\/wp-content\/uploads\/2017\/02\/toscane_toscana_9116-50x50.jpg 50w, https:\/\/www.latoscane.net\/wp-content\/uploads\/2017\/02\/toscane_toscana_9116-65x65.jpg 65w\" sizes=\"(max-width: 150px) 100vw, 150px\" \/><\/a><div class=\"lcp_excerpt\">\nNel sud del territorio di Siena, la Val d&#8217;Orcia \u00e8 una famosa destinazione turistica della Toscana, con i suoi paesaggi di cartoline emblematici della regione. La sua campagna armoniosa \u00e8 ...<\/div><\/li><li><a href=\"https:\/\/www.latoscane.net\/it\/montepulciano\/\">Montepulciano<\/a><a href=\"https:\/\/www.latoscane.net\/it\/montepulciano\/\" title=\"Montepulciano\"><img loading=\"lazy\" decoding=\"async\" width=\"150\" height=\"150\" src=\"https:\/\/www.latoscane.net\/wp-content\/uploads\/2017\/03\/montepulciano-toscana-8707-150x150.jpg\" class=\"lcp_thumbnail wp-post-image\" alt=\"Montepulciano\" srcset=\"https:\/\/www.latoscane.net\/wp-content\/uploads\/2017\/03\/montepulciano-toscana-8707-150x150.jpg 150w, https:\/\/www.latoscane.net\/wp-content\/uploads\/2017\/03\/montepulciano-toscana-8707-50x50.jpg 50w, https:\/\/www.latoscane.net\/wp-content\/uploads\/2017\/03\/montepulciano-toscana-8707-65x65.jpg 65w\" sizes=\"(max-width: 150px) 100vw, 150px\" \/><\/a><div class=\"lcp_excerpt\">\nMontepulciano \u00e8 una bella citt\u00e0 di circa 14.000 abitanti, visitata per il suo pittoresco centro medievale e dagli amanti dei buoni vini. Si trova a 605 metri di altitudine, tra ...<\/div><\/li><li><a href=\"https:\/\/www.latoscane.net\/it\/pienza\/\">Pienza<\/a><a href=\"https:\/\/www.latoscane.net\/it\/pienza\/\" title=\"Pienza\"><img loading=\"lazy\" decoding=\"async\" width=\"150\" height=\"150\" src=\"https:\/\/www.latoscane.net\/wp-content\/uploads\/2017\/03\/pienza-toscana-8705-150x150.jpg\" class=\"lcp_thumbnail wp-post-image\" alt=\"Pienza\" srcset=\"https:\/\/www.latoscane.net\/wp-content\/uploads\/2017\/03\/pienza-toscana-8705-150x150.jpg 150w, https:\/\/www.latoscane.net\/wp-content\/uploads\/2017\/03\/pienza-toscana-8705-50x50.jpg 50w, https:\/\/www.latoscane.net\/wp-content\/uploads\/2017\/03\/pienza-toscana-8705-65x65.jpg 65w\" sizes=\"(max-width: 150px) 100vw, 150px\" \/><\/a><div class=\"lcp_excerpt\">\nNel cuore della Val d&#8217;Orcia e dei suoi paesaggi unici si trova Pienza, uno dei borghi pi\u00f9 belli della Toscana, a sud della provincia di Siena, dove vivono poco pi\u00f9 ...<\/div><\/li><li><a href=\"https:\/\/www.latoscane.net\/it\/radicofani\/\">Radicofani in Toscana<\/a><a href=\"https:\/\/www.latoscane.net\/it\/radicofani\/\" title=\"Radicofani in Toscana\"><img loading=\"lazy\" decoding=\"async\" width=\"150\" height=\"150\" src=\"https:\/\/www.latoscane.net\/wp-content\/uploads\/2017\/03\/radicofani-toscana-8695-150x150.jpg\" class=\"lcp_thumbnail wp-post-image\" alt=\"Radicofani in Toscana\" srcset=\"https:\/\/www.latoscane.net\/wp-content\/uploads\/2017\/03\/radicofani-toscana-8695-150x150.jpg 150w, https:\/\/www.latoscane.net\/wp-content\/uploads\/2017\/03\/radicofani-toscana-8695-50x50.jpg 50w, https:\/\/www.latoscane.net\/wp-content\/uploads\/2017\/03\/radicofani-toscana-8695-65x65.jpg 65w\" sizes=\"(max-width: 150px) 100vw, 150px\" \/><\/a><div class=\"lcp_excerpt\">\nRadicofani si distingue per l&#8217;imponente rocca di origine medievale, una delle pi\u00f9 belle della Toscana che domina dalla sua bella eminenza della Val d&#8217;Orcia. Fu per lungo tempo una posizione ...<\/div><\/li><li><a href=\"https:\/\/www.latoscane.net\/it\/san-quirico-d-orcia\/\">San Quirico d&#8217;Orcia<\/a><a href=\"https:\/\/www.latoscane.net\/it\/san-quirico-d-orcia\/\" title=\"San Quirico d&#039;Orcia\"><img loading=\"lazy\" decoding=\"async\" width=\"150\" height=\"150\" src=\"https:\/\/www.latoscane.net\/wp-content\/uploads\/2024\/08\/collegiata-dei-santi-quirico-e-giulitta-san-quirico-d-orcia-4149-150x150.jpg\" class=\"lcp_thumbnail wp-post-image\" alt=\"San Quirico d&#039;Orcia\" srcset=\"https:\/\/www.latoscane.net\/wp-content\/uploads\/2024\/08\/collegiata-dei-santi-quirico-e-giulitta-san-quirico-d-orcia-4149-150x150.jpg 150w, https:\/\/www.latoscane.net\/wp-content\/uploads\/2024\/08\/collegiata-dei-santi-quirico-e-giulitta-san-quirico-d-orcia-4149-50x50.jpg 50w, https:\/\/www.latoscane.net\/wp-content\/uploads\/2024\/08\/collegiata-dei-santi-quirico-e-giulitta-san-quirico-d-orcia-4149-80x80.jpg 80w, https:\/\/www.latoscane.net\/wp-content\/uploads\/2024\/08\/collegiata-dei-santi-quirico-e-giulitta-san-quirico-d-orcia-4149-75x75.jpg 75w\" sizes=\"(max-width: 150px) 100vw, 150px\" \/><\/a><div class=\"lcp_excerpt\">\nNel cuore delle incantevoli colline della Val d&#8217;Orcia, San Quirico d&#8217;Orcia \u00e8 uno dei borghi pi\u00f9 belli della Toscana, situato lungo il camino di pellegrinaggio della Via Francigena, tappa tra ...<\/div><\/li><li><a href=\"https:\/\/www.latoscane.net\/it\/montalcino\/\">Montalcino<\/a><a href=\"https:\/\/www.latoscane.net\/it\/montalcino\/\" title=\"Montalcino\"><img loading=\"lazy\" decoding=\"async\" width=\"150\" height=\"150\" src=\"https:\/\/www.latoscane.net\/wp-content\/uploads\/2017\/02\/piazza-garibaldi-montalcino-4226-150x150.jpg\" class=\"lcp_thumbnail wp-post-image\" alt=\"Montalcino\" srcset=\"https:\/\/www.latoscane.net\/wp-content\/uploads\/2017\/02\/piazza-garibaldi-montalcino-4226-150x150.jpg 150w, https:\/\/www.latoscane.net\/wp-content\/uploads\/2017\/02\/piazza-garibaldi-montalcino-4226-50x50.jpg 50w, https:\/\/www.latoscane.net\/wp-content\/uploads\/2017\/02\/piazza-garibaldi-montalcino-4226-80x80.jpg 80w, https:\/\/www.latoscane.net\/wp-content\/uploads\/2017\/02\/piazza-garibaldi-montalcino-4226-75x75.jpg 75w\" sizes=\"(max-width: 150px) 100vw, 150px\" \/><\/a><div class=\"lcp_excerpt\">\nAd ovest della Val d&#8217;Orcia, Montalcino \u00e8 un comune toscano famoso per il Brunello, il suo ottimo vino apprezzato in tutto il mondo, elaborato dal XIX secolo in tutto il ...<\/div><\/li><li><a href=\"https:\/\/www.latoscane.net\/it\/castiglione-e-rocca-d-orcia\/\">Castiglione e Rocca d&#8217;Orcia<\/a><a href=\"https:\/\/www.latoscane.net\/it\/castiglione-e-rocca-d-orcia\/\" title=\"Castiglione e Rocca d&#039;Orcia\"><img loading=\"lazy\" decoding=\"async\" width=\"150\" height=\"150\" src=\"https:\/\/www.latoscane.net\/wp-content\/uploads\/2017\/01\/castiglione-d-orcia-toscana-4590-150x150.jpg\" class=\"lcp_thumbnail wp-post-image\" alt=\"Castiglione e Rocca d&#039;Orcia\" srcset=\"https:\/\/www.latoscane.net\/wp-content\/uploads\/2017\/01\/castiglione-d-orcia-toscana-4590-150x150.jpg 150w, https:\/\/www.latoscane.net\/wp-content\/uploads\/2017\/01\/castiglione-d-orcia-toscana-4590-50x50.jpg 50w, https:\/\/www.latoscane.net\/wp-content\/uploads\/2017\/01\/castiglione-d-orcia-toscana-4590-80x80.jpg 80w, https:\/\/www.latoscane.net\/wp-content\/uploads\/2017\/01\/castiglione-d-orcia-toscana-4590-75x75.jpg 75w\" sizes=\"(max-width: 150px) 100vw, 150px\" \/><\/a><div class=\"lcp_excerpt\">\nCastiglione d&#8217;Orcia\nCastiglione d&#8217;Orcia \u00e8 un fiero borgo della Val d&#8217;Orcia, borgo medievale ai piedi della potente Rocca Aldobrandeschi del XIV secolo che domina tutta la valle dalle falde del Monte ...<\/div><\/li><li class=\"current\"><a href=\"https:\/\/www.latoscane.net\/it\/bagni-san-filippo-e-vivo-dorcia\/\">Bagni San Filippo e Vivo d&#8217;Orcia<\/a><a href=\"https:\/\/www.latoscane.net\/it\/bagni-san-filippo-e-vivo-dorcia\/\" title=\"Bagni San Filippo e Vivo d&#039;Orcia\"><img loading=\"lazy\" decoding=\"async\" width=\"150\" height=\"150\" src=\"https:\/\/www.latoscane.net\/wp-content\/uploads\/2024\/08\/bagni-san-filippo-5446-150x150.jpg\" class=\"lcp_thumbnail wp-post-image\" alt=\"Bagni San Filippo e Vivo d&#039;Orcia\" srcset=\"https:\/\/www.latoscane.net\/wp-content\/uploads\/2024\/08\/bagni-san-filippo-5446-150x150.jpg 150w, https:\/\/www.latoscane.net\/wp-content\/uploads\/2024\/08\/bagni-san-filippo-5446-50x50.jpg 50w, https:\/\/www.latoscane.net\/wp-content\/uploads\/2024\/08\/bagni-san-filippo-5446-80x80.jpg 80w, https:\/\/www.latoscane.net\/wp-content\/uploads\/2024\/08\/bagni-san-filippo-5446-75x75.jpg 75w\" sizes=\"(max-width: 150px) 100vw, 150px\" \/><\/a><div class=\"lcp_excerpt\">\nBagni San Filippo\nSulle pendici orientali del monte Amiata, ai margini della Val d&#8217;Orcia, Bagni San Filippo \u00e8 un borgo termale le cui acque sono conosciute fin dall&#8217;antichit\u00e0. Le sue acque ...<\/div><\/li><li><a href=\"https:\/\/www.latoscane.net\/it\/abbadia-san-salvatore\/\">Abbadia San Salvatore<\/a><a href=\"https:\/\/www.latoscane.net\/it\/abbadia-san-salvatore\/\" title=\"Abbadia San Salvatore\"><img loading=\"lazy\" decoding=\"async\" width=\"150\" height=\"150\" src=\"https:\/\/www.latoscane.net\/wp-content\/uploads\/2024\/08\/abbadia-san-salvatore-5454-150x150.jpg\" class=\"lcp_thumbnail wp-post-image\" alt=\"Abbadia San Salvatore\" srcset=\"https:\/\/www.latoscane.net\/wp-content\/uploads\/2024\/08\/abbadia-san-salvatore-5454-150x150.jpg 150w, https:\/\/www.latoscane.net\/wp-content\/uploads\/2024\/08\/abbadia-san-salvatore-5454-50x50.jpg 50w, https:\/\/www.latoscane.net\/wp-content\/uploads\/2024\/08\/abbadia-san-salvatore-5454-80x80.jpg 80w, https:\/\/www.latoscane.net\/wp-content\/uploads\/2024\/08\/abbadia-san-salvatore-5454-75x75.jpg 75w\" sizes=\"(max-width: 150px) 100vw, 150px\" \/><\/a><div class=\"lcp_excerpt\">\nAbbadia San Salvatore \u00e8 un caratteristico borgo del Monte Amiata, il pi\u00f9 alto, a 800 metri di altitudine sul versante orientale della montagna. \u00c8 una destinazione apprezzata in estate per ...<\/div><\/li><li><a href=\"https:\/\/www.latoscane.net\/it\/san-casciano-dei-bagni\/\">San Casciano dei Bagni<\/a><a href=\"https:\/\/www.latoscane.net\/it\/san-casciano-dei-bagni\/\" title=\"San Casciano dei Bagni\"><img loading=\"lazy\" decoding=\"async\" width=\"150\" height=\"150\" src=\"https:\/\/www.latoscane.net\/wp-content\/uploads\/2017\/02\/san-casciano-dei-bagni-5540-150x150.jpg\" class=\"lcp_thumbnail wp-post-image\" alt=\"San Casciano dei Bagni\" srcset=\"https:\/\/www.latoscane.net\/wp-content\/uploads\/2017\/02\/san-casciano-dei-bagni-5540-150x150.jpg 150w, https:\/\/www.latoscane.net\/wp-content\/uploads\/2017\/02\/san-casciano-dei-bagni-5540-50x50.jpg 50w, https:\/\/www.latoscane.net\/wp-content\/uploads\/2017\/02\/san-casciano-dei-bagni-5540-80x80.jpg 80w, https:\/\/www.latoscane.net\/wp-content\/uploads\/2017\/02\/san-casciano-dei-bagni-5540-75x75.jpg 75w\" sizes=\"(max-width: 150px) 100vw, 150px\" \/><\/a><div class=\"lcp_excerpt\">\nVicino alla sorgente dell&#8217;Orcia e geograficamente indicato nella Val di Chiana Senese, San Casciano dei Bagni \u00e8 un rinomato paese termale circondato da sorgenti sulfuree dalle propriet\u00e0 curative. I primi ...<\/div><\/li><li><a href=\"https:\/\/www.latoscane.net\/it\/abbazia-di-sant-antimo\/\">Abbazia di Sant&#8217;Antimo<\/a><a href=\"https:\/\/www.latoscane.net\/it\/abbazia-di-sant-antimo\/\" title=\"Abbazia di Sant&#039;Antimo\"><img loading=\"lazy\" decoding=\"async\" width=\"150\" height=\"150\" src=\"https:\/\/www.latoscane.net\/wp-content\/uploads\/2024\/08\/esterno-abbazia-di-sant-antimo-toscana-4634b-150x150.jpg\" class=\"lcp_thumbnail wp-post-image\" alt=\"Abbazia di Sant&#039;Antimo\" srcset=\"https:\/\/www.latoscane.net\/wp-content\/uploads\/2024\/08\/esterno-abbazia-di-sant-antimo-toscana-4634b-150x150.jpg 150w, https:\/\/www.latoscane.net\/wp-content\/uploads\/2024\/08\/esterno-abbazia-di-sant-antimo-toscana-4634b-50x50.jpg 50w, https:\/\/www.latoscane.net\/wp-content\/uploads\/2024\/08\/esterno-abbazia-di-sant-antimo-toscana-4634b-80x80.jpg 80w, https:\/\/www.latoscane.net\/wp-content\/uploads\/2024\/08\/esterno-abbazia-di-sant-antimo-toscana-4634b-75x75.jpg 75w\" sizes=\"(max-width: 150px) 100vw, 150px\" \/><\/a><div class=\"lcp_excerpt\">\nA 10 km a sud di Montalcino, l&#8217;Abbazia di Sant&#8217;Antimo ha una delle pi\u00f9 belle chiese romaniche della Toscana, ai piedi del borgo di Castelnuovo dell&#8217;Abate, nella valle della Starcia, ...<\/div><\/li><li><a href=\"https:\/\/www.latoscane.net\/it\/bagno-vignoni-in-toscana\/\">Bagno Vignoni in Toscana<\/a><a href=\"https:\/\/www.latoscane.net\/it\/bagno-vignoni-in-toscana\/\" title=\"Bagno Vignoni in Toscana\"><img loading=\"lazy\" decoding=\"async\" width=\"150\" height=\"150\" src=\"https:\/\/www.latoscane.net\/wp-content\/uploads\/2024\/08\/bagno-vignoni-parco-dei-mulini-4585-150x150.jpg\" class=\"lcp_thumbnail wp-post-image\" alt=\"Bagno Vignoni in Toscana\" srcset=\"https:\/\/www.latoscane.net\/wp-content\/uploads\/2024\/08\/bagno-vignoni-parco-dei-mulini-4585-150x150.jpg 150w, https:\/\/www.latoscane.net\/wp-content\/uploads\/2024\/08\/bagno-vignoni-parco-dei-mulini-4585-50x50.jpg 50w, https:\/\/www.latoscane.net\/wp-content\/uploads\/2024\/08\/bagno-vignoni-parco-dei-mulini-4585-80x80.jpg 80w, https:\/\/www.latoscane.net\/wp-content\/uploads\/2024\/08\/bagno-vignoni-parco-dei-mulini-4585-75x75.jpg 75w\" sizes=\"(max-width: 150px) 100vw, 150px\" \/><\/a><div class=\"lcp_excerpt\">\nSituato vicino alla via Francigena, tra Castiglione e San Quirico, Bagno Vignoni \u00e8 un piccolo borgo bagnato da acque termali utilizzate almeno fin dall&#8217;epoca romana.\nPresentazione\nIl nome del paese deriva dal ...<\/div><\/li><li><a href=\"https:\/\/www.latoscane.net\/it\/cetona-e-dintorni\/\">Cetona e dintorni<\/a><a href=\"https:\/\/www.latoscane.net\/it\/cetona-e-dintorni\/\" title=\"Cetona e dintorni\"><img loading=\"lazy\" decoding=\"async\" width=\"150\" height=\"150\" src=\"https:\/\/www.latoscane.net\/wp-content\/uploads\/2017\/01\/cetona-150x150.png\" class=\"lcp_thumbnail wp-post-image\" alt=\"Cetona e dintorni\" srcset=\"https:\/\/www.latoscane.net\/wp-content\/uploads\/2017\/01\/cetona-150x150.png 150w, https:\/\/www.latoscane.net\/wp-content\/uploads\/2017\/01\/cetona-50x50.png 50w, https:\/\/www.latoscane.net\/wp-content\/uploads\/2017\/01\/cetona-80x80.png 80w, https:\/\/www.latoscane.net\/wp-content\/uploads\/2017\/01\/cetona-75x75.png 75w\" sizes=\"(max-width: 150px) 100vw, 150px\" \/><\/a><div class=\"lcp_excerpt\">\nVillaggio di Cetona\nSituato sulle pendici dell&#8217;omonima montagna, Cetona \u00e8 un borgo di origine medievale. Per le sue diverse qualit\u00e0, gode della bandiera arancione del Touring Club italiano. Entrando nel borgo, ...<\/div><\/li><li><a href=\"https:\/\/www.latoscane.net\/it\/sarteano-in-toscana\/\">Sarteano in Toscana<\/a><a href=\"https:\/\/www.latoscane.net\/it\/sarteano-in-toscana\/\" title=\"Sarteano in Toscana\"><img loading=\"lazy\" decoding=\"async\" width=\"150\" height=\"150\" src=\"https:\/\/www.latoscane.net\/wp-content\/uploads\/2024\/08\/chateau-de-sarteano-3989-150x150.jpg\" class=\"lcp_thumbnail wp-post-image\" alt=\"Sarteano in Toscana\" srcset=\"https:\/\/www.latoscane.net\/wp-content\/uploads\/2024\/08\/chateau-de-sarteano-3989-150x150.jpg 150w, https:\/\/www.latoscane.net\/wp-content\/uploads\/2024\/08\/chateau-de-sarteano-3989-50x50.jpg 50w, https:\/\/www.latoscane.net\/wp-content\/uploads\/2024\/08\/chateau-de-sarteano-3989-80x80.jpg 80w, https:\/\/www.latoscane.net\/wp-content\/uploads\/2024\/08\/chateau-de-sarteano-3989-75x75.jpg 75w\" sizes=\"(max-width: 150px) 100vw, 150px\" \/><\/a><div class=\"lcp_excerpt\">\nSarteano \u00e8 un paese situato tra la Val d&#8217;Orcia e la Val di Chiana, poco frequentato dai turisti. Il suo castello \u00e8 la principale attrazione, con il museo archeologico anche ...<\/div><\/li><\/ul>\n","protected":false},"excerpt":{"rendered":"<p>Bagni San Filippo Sulle pendici orientali del monte Amiata, ai margini della Val d&#8217;Orcia, Bagni San Filippo \u00e8 un borgo termale le cui acque sono conosciute fin dall&#8217;antichit\u00e0. Le sue acque sulfuree calde e terapeutiche scorrono a 48\u00b0 in mezzo ad un bosco, in uno scenario fiabesco chiamato Fosso Bianco, riempiendo piscine naturali di calcare [&hellip;]<\/p>\n","protected":false},"author":1,"featured_media":7055,"comment_status":"open","ping_status":"open","sticky":false,"template":"","format":"standard","meta":{"_acf_changed":false,"footnotes":"","_links_to":"","_links_to_target":""},"categories":[192,116,169],"tags":[],"acf":[],"yoast_head":"<!-- This site is optimized with the Yoast SEO plugin v22.8 - https:\/\/yoast.com\/wordpress\/plugins\/seo\/ -->\n<title>Bagni San Filippo, le terme e Vivo d\u2019Orcia in Toscana<\/title>\n<meta name=\"description\" content=\"Sulle pendici del Monte Amiata, Bagni San Filippo \u00e8 un borgo termale dove le acque calde e sulfuree riempiono vasche in mezzo a un bosco, libere di accesso\" \/>\n<meta name=\"robots\" content=\"index, follow, max-snippet:-1, max-image-preview:large, max-video-preview:-1\" \/>\n<link rel=\"canonical\" href=\"https:\/\/www.latoscane.net\/it\/bagni-san-filippo-e-vivo-dorcia\/\" \/>\n<meta property=\"og:locale\" content=\"it_IT\" \/>\n<meta property=\"og:type\" content=\"article\" \/>\n<meta property=\"og:title\" content=\"Bagni San Filippo, le terme e Vivo d\u2019Orcia in Toscana\" \/>\n<meta property=\"og:description\" content=\"Sulle pendici del Monte Amiata, Bagni San Filippo \u00e8 un borgo termale dove le acque calde e sulfuree riempiono vasche in mezzo a un bosco, libere di accesso\" \/>\n<meta property=\"og:url\" content=\"https:\/\/www.latoscane.net\/it\/bagni-san-filippo-e-vivo-dorcia\/\" \/>\n<meta property=\"og:site_name\" content=\"LaToscane.net\" \/>\n<meta property=\"article:published_time\" content=\"2024-03-05T15:10:55+00:00\" \/>\n<meta property=\"article:modified_time\" content=\"2025-09-09T09:20:24+00:00\" \/>\n<meta property=\"og:image\" content=\"https:\/\/www.latoscane.net\/wp-content\/uploads\/2024\/08\/bagni-san-filippo-5446.jpg\" \/>\n\t<meta property=\"og:image:width\" content=\"1200\" \/>\n\t<meta property=\"og:image:height\" content=\"800\" \/>\n\t<meta property=\"og:image:type\" content=\"image\/jpeg\" \/>\n<meta name=\"author\" content=\"Galgano\" \/>\n<meta name=\"twitter:card\" content=\"summary_large_image\" \/>\n<meta name=\"twitter:label1\" content=\"Scritto da\" \/>\n\t<meta name=\"twitter:data1\" content=\"Galgano\" \/>\n\t<meta name=\"twitter:label2\" content=\"Tempo di lettura stimato\" \/>\n\t<meta name=\"twitter:data2\" content=\"1 minuto\" \/>\n<script type=\"application\/ld+json\" class=\"yoast-schema-graph\">{\"@context\":\"https:\/\/schema.org\",\"@graph\":[{\"@type\":\"WebPage\",\"@id\":\"https:\/\/www.latoscane.net\/it\/bagni-san-filippo-e-vivo-dorcia\/\",\"url\":\"https:\/\/www.latoscane.net\/it\/bagni-san-filippo-e-vivo-dorcia\/\",\"name\":\"Bagni San Filippo, le terme e Vivo d\u2019Orcia in Toscana\",\"isPartOf\":{\"@id\":\"https:\/\/www.latoscane.net\/#website\"},\"primaryImageOfPage\":{\"@id\":\"https:\/\/www.latoscane.net\/it\/bagni-san-filippo-e-vivo-dorcia\/#primaryimage\"},\"image\":{\"@id\":\"https:\/\/www.latoscane.net\/it\/bagni-san-filippo-e-vivo-dorcia\/#primaryimage\"},\"thumbnailUrl\":\"https:\/\/www.latoscane.net\/wp-content\/uploads\/2024\/08\/bagni-san-filippo-5446.jpg\",\"datePublished\":\"2024-03-05T15:10:55+00:00\",\"dateModified\":\"2025-09-09T09:20:24+00:00\",\"author\":{\"@id\":\"https:\/\/www.latoscane.net\/#\/schema\/person\/dae56e679cb6d9bdaf2b0b54b1320d42\"},\"description\":\"Sulle pendici del Monte Amiata, Bagni San Filippo \u00e8 un borgo termale dove le acque calde e sulfuree riempiono vasche in mezzo a un bosco, libere di accesso\",\"breadcrumb\":{\"@id\":\"https:\/\/www.latoscane.net\/it\/bagni-san-filippo-e-vivo-dorcia\/#breadcrumb\"},\"inLanguage\":\"it-IT\",\"potentialAction\":[{\"@type\":\"ReadAction\",\"target\":[\"https:\/\/www.latoscane.net\/it\/bagni-san-filippo-e-vivo-dorcia\/\"]}]},{\"@type\":\"ImageObject\",\"inLanguage\":\"it-IT\",\"@id\":\"https:\/\/www.latoscane.net\/it\/bagni-san-filippo-e-vivo-dorcia\/#primaryimage\",\"url\":\"https:\/\/www.latoscane.net\/wp-content\/uploads\/2024\/08\/bagni-san-filippo-5446.jpg\",\"contentUrl\":\"https:\/\/www.latoscane.net\/wp-content\/uploads\/2024\/08\/bagni-san-filippo-5446.jpg\",\"width\":1200,\"height\":800,\"caption\":\"Foto delle vasche di Bagni San Filippo\"},{\"@type\":\"BreadcrumbList\",\"@id\":\"https:\/\/www.latoscane.net\/it\/bagni-san-filippo-e-vivo-dorcia\/#breadcrumb\",\"itemListElement\":[{\"@type\":\"ListItem\",\"position\":1,\"name\":\"Accueil\",\"item\":\"https:\/\/www.latoscane.net\/it\/\"},{\"@type\":\"ListItem\",\"position\":2,\"name\":\"Bagni San Filippo e Vivo d&rsquo;Orcia\"}]},{\"@type\":\"WebSite\",\"@id\":\"https:\/\/www.latoscane.net\/#website\",\"url\":\"https:\/\/www.latoscane.net\/\",\"name\":\"LaToscane.net\",\"description\":\"Visita della regione Toscana\",\"potentialAction\":[{\"@type\":\"SearchAction\",\"target\":{\"@type\":\"EntryPoint\",\"urlTemplate\":\"https:\/\/www.latoscane.net\/?s={search_term_string}\"},\"query-input\":\"required name=search_term_string\"}],\"inLanguage\":\"it-IT\"},{\"@type\":\"Person\",\"@id\":\"https:\/\/www.latoscane.net\/#\/schema\/person\/dae56e679cb6d9bdaf2b0b54b1320d42\",\"name\":\"Galgano\",\"url\":\"https:\/\/www.latoscane.net\/it\/author\/will\/\"}]}<\/script>\n<!-- \/ Yoast SEO plugin. -->","yoast_head_json":{"title":"Bagni San Filippo, le terme e Vivo d\u2019Orcia in Toscana","description":"Sulle pendici del Monte Amiata, Bagni San Filippo \u00e8 un borgo termale dove le acque calde e sulfuree riempiono vasche in mezzo a un bosco, libere di accesso","robots":{"index":"index","follow":"follow","max-snippet":"max-snippet:-1","max-image-preview":"max-image-preview:large","max-video-preview":"max-video-preview:-1"},"canonical":"https:\/\/www.latoscane.net\/it\/bagni-san-filippo-e-vivo-dorcia\/","og_locale":"it_IT","og_type":"article","og_title":"Bagni San Filippo, le terme e Vivo d\u2019Orcia in Toscana","og_description":"Sulle pendici del Monte Amiata, Bagni San Filippo \u00e8 un borgo termale dove le acque calde e sulfuree riempiono vasche in mezzo a un bosco, libere di accesso","og_url":"https:\/\/www.latoscane.net\/it\/bagni-san-filippo-e-vivo-dorcia\/","og_site_name":"LaToscane.net","article_published_time":"2024-03-05T15:10:55+00:00","article_modified_time":"2025-09-09T09:20:24+00:00","og_image":[{"width":1200,"height":800,"url":"https:\/\/www.latoscane.net\/wp-content\/uploads\/2024\/08\/bagni-san-filippo-5446.jpg","type":"image\/jpeg"}],"author":"Galgano","twitter_card":"summary_large_image","twitter_misc":{"Scritto da":"Galgano","Tempo di lettura stimato":"1 minuto"},"schema":{"@context":"https:\/\/schema.org","@graph":[{"@type":"WebPage","@id":"https:\/\/www.latoscane.net\/it\/bagni-san-filippo-e-vivo-dorcia\/","url":"https:\/\/www.latoscane.net\/it\/bagni-san-filippo-e-vivo-dorcia\/","name":"Bagni San Filippo, le terme e Vivo d\u2019Orcia in Toscana","isPartOf":{"@id":"https:\/\/www.latoscane.net\/#website"},"primaryImageOfPage":{"@id":"https:\/\/www.latoscane.net\/it\/bagni-san-filippo-e-vivo-dorcia\/#primaryimage"},"image":{"@id":"https:\/\/www.latoscane.net\/it\/bagni-san-filippo-e-vivo-dorcia\/#primaryimage"},"thumbnailUrl":"https:\/\/www.latoscane.net\/wp-content\/uploads\/2024\/08\/bagni-san-filippo-5446.jpg","datePublished":"2024-03-05T15:10:55+00:00","dateModified":"2025-09-09T09:20:24+00:00","author":{"@id":"https:\/\/www.latoscane.net\/#\/schema\/person\/dae56e679cb6d9bdaf2b0b54b1320d42"},"description":"Sulle pendici del Monte Amiata, Bagni San Filippo \u00e8 un borgo termale dove le acque calde e sulfuree riempiono vasche in mezzo a un bosco, libere di accesso","breadcrumb":{"@id":"https:\/\/www.latoscane.net\/it\/bagni-san-filippo-e-vivo-dorcia\/#breadcrumb"},"inLanguage":"it-IT","potentialAction":[{"@type":"ReadAction","target":["https:\/\/www.latoscane.net\/it\/bagni-san-filippo-e-vivo-dorcia\/"]}]},{"@type":"ImageObject","inLanguage":"it-IT","@id":"https:\/\/www.latoscane.net\/it\/bagni-san-filippo-e-vivo-dorcia\/#primaryimage","url":"https:\/\/www.latoscane.net\/wp-content\/uploads\/2024\/08\/bagni-san-filippo-5446.jpg","contentUrl":"https:\/\/www.latoscane.net\/wp-content\/uploads\/2024\/08\/bagni-san-filippo-5446.jpg","width":1200,"height":800,"caption":"Foto delle vasche di Bagni San Filippo"},{"@type":"BreadcrumbList","@id":"https:\/\/www.latoscane.net\/it\/bagni-san-filippo-e-vivo-dorcia\/#breadcrumb","itemListElement":[{"@type":"ListItem","position":1,"name":"Accueil","item":"https:\/\/www.latoscane.net\/it\/"},{"@type":"ListItem","position":2,"name":"Bagni San Filippo e Vivo d&rsquo;Orcia"}]},{"@type":"WebSite","@id":"https:\/\/www.latoscane.net\/#website","url":"https:\/\/www.latoscane.net\/","name":"LaToscane.net","description":"Visita della regione Toscana","potentialAction":[{"@type":"SearchAction","target":{"@type":"EntryPoint","urlTemplate":"https:\/\/www.latoscane.net\/?s={search_term_string}"},"query-input":"required name=search_term_string"}],"inLanguage":"it-IT"},{"@type":"Person","@id":"https:\/\/www.latoscane.net\/#\/schema\/person\/dae56e679cb6d9bdaf2b0b54b1320d42","name":"Galgano","url":"https:\/\/www.latoscane.net\/it\/author\/will\/"}]}},"_links":{"self":[{"href":"https:\/\/www.latoscane.net\/it\/wp-json\/wp\/v2\/posts\/11115"}],"collection":[{"href":"https:\/\/www.latoscane.net\/it\/wp-json\/wp\/v2\/posts"}],"about":[{"href":"https:\/\/www.latoscane.net\/it\/wp-json\/wp\/v2\/types\/post"}],"author":[{"embeddable":true,"href":"https:\/\/www.latoscane.net\/it\/wp-json\/wp\/v2\/users\/1"}],"replies":[{"embeddable":true,"href":"https:\/\/www.latoscane.net\/it\/wp-json\/wp\/v2\/comments?post=11115"}],"version-history":[{"count":3,"href":"https:\/\/www.latoscane.net\/it\/wp-json\/wp\/v2\/posts\/11115\/revisions"}],"predecessor-version":[{"id":13874,"href":"https:\/\/www.latoscane.net\/it\/wp-json\/wp\/v2\/posts\/11115\/revisions\/13874"}],"wp:featuredmedia":[{"embeddable":true,"href":"https:\/\/www.latoscane.net\/it\/wp-json\/wp\/v2\/media\/7055"}],"wp:attachment":[{"href":"https:\/\/www.latoscane.net\/it\/wp-json\/wp\/v2\/media?parent=11115"}],"wp:term":[{"taxonomy":"category","embeddable":true,"href":"https:\/\/www.latoscane.net\/it\/wp-json\/wp\/v2\/categories?post=11115"},{"taxonomy":"post_tag","embeddable":true,"href":"https:\/\/www.latoscane.net\/it\/wp-json\/wp\/v2\/tags?post=11115"}],"curies":[{"name":"wp","href":"https:\/\/api.w.org\/{rel}","templated":true}]}}