{"id":11132,"date":"2024-01-10T21:16:07","date_gmt":"2024-01-10T20:16:07","guid":{"rendered":"https:\/\/www.latoscane.net\/bassa-valdelsa\/"},"modified":"2025-09-09T11:22:28","modified_gmt":"2025-09-09T09:22:28","slug":"bassa-valdelsa","status":"publish","type":"post","link":"https:\/\/www.latoscane.net\/it\/bassa-valdelsa\/","title":{"rendered":"Bassa Valdelsa"},"content":{"rendered":"\n<p>La parte bassa della Valdelsa si trova in provincia di Firenze, mentre la parte alta \u00e8 in quella di Siena. Il paesaggio \u00e8 caratterizzato da bellissime colline, spesso coltivate a cereali. <br \/>Le localit\u00e0 pi\u00f9 interessanti sono <strong>Certaldo<\/strong>, <strong>Empoli<\/strong> che \u00e8 la citt\u00e0 pi\u00f9 importante e <strong>San Miniato<\/strong> pi\u00f9 a valle nella provincia di Pisa.<\/p>\n\n<figure class=\"wp-block-gallery has-nested-images columns-2 is-cropped wp-block-gallery-2 is-layout-flex wp-block-gallery-is-layout-flex\">\n<figure class=\"wp-block-image size-medium\"><a href=\"https:\/\/www.latoscane.net\/wp-content\/uploads\/2017\/02\/paesaggi-bassa-val-d-elsa-3450-300x200.jpg\"><img loading=\"lazy\" decoding=\"async\" width=\"300\" height=\"200\" data-id=\"5183\" src=\"https:\/\/www.latoscane.net\/wp-content\/uploads\/2017\/02\/paesaggi-bassa-val-d-elsa-3450-300x200.jpg\" alt=\"\" class=\"wp-image-5183\" srcset=\"https:\/\/www.latoscane.net\/wp-content\/uploads\/2017\/02\/paesaggi-bassa-val-d-elsa-3450-300x200.jpg 300w, https:\/\/www.latoscane.net\/wp-content\/uploads\/2017\/02\/paesaggi-bassa-val-d-elsa-3450-1024x683.jpg 1024w, https:\/\/www.latoscane.net\/wp-content\/uploads\/2017\/02\/paesaggi-bassa-val-d-elsa-3450-768x512.jpg 768w, https:\/\/www.latoscane.net\/wp-content\/uploads\/2017\/02\/paesaggi-bassa-val-d-elsa-3450.jpg 1200w\" sizes=\"(max-width: 300px) 100vw, 300px\" \/><\/a><\/figure>\n\n\n<figure class=\"wp-block-image size-medium\"><a href=\"https:\/\/www.latoscane.net\/wp-content\/uploads\/2017\/02\/paysage-du-val-d-elsa-2949-300x200.jpg\"><img loading=\"lazy\" decoding=\"async\" width=\"300\" height=\"200\" data-id=\"5189\" src=\"https:\/\/www.latoscane.net\/wp-content\/uploads\/2017\/02\/paysage-du-val-d-elsa-2949-300x200.jpg\" alt=\"Paesaggio della bassa valdelsa in Toscana\" class=\"wp-image-5189\" srcset=\"https:\/\/www.latoscane.net\/wp-content\/uploads\/2017\/02\/paysage-du-val-d-elsa-2949-300x200.jpg 300w, https:\/\/www.latoscane.net\/wp-content\/uploads\/2017\/02\/paysage-du-val-d-elsa-2949-1024x683.jpg 1024w, https:\/\/www.latoscane.net\/wp-content\/uploads\/2017\/02\/paysage-du-val-d-elsa-2949-768x512.jpg 768w, https:\/\/www.latoscane.net\/wp-content\/uploads\/2017\/02\/paysage-du-val-d-elsa-2949.jpg 1200w\" sizes=\"(max-width: 300px) 100vw, 300px\" \/><\/a><\/figure>\n\n\n<figure class=\"wp-block-image size-large\"><a href=\"https:\/\/www.latoscane.net\/wp-content\/uploads\/2017\/02\/paysage-du-val-d-elsa-2947-1024x683.jpg\"><img loading=\"lazy\" decoding=\"async\" width=\"1024\" height=\"683\" data-id=\"5186\" src=\"https:\/\/www.latoscane.net\/wp-content\/uploads\/2017\/02\/paysage-du-val-d-elsa-2947-1024x683.jpg\" alt=\"Paesaggio della bassa valdelsa in Toscana\" class=\"wp-image-5186\" srcset=\"https:\/\/www.latoscane.net\/wp-content\/uploads\/2017\/02\/paysage-du-val-d-elsa-2947-1024x683.jpg 1024w, https:\/\/www.latoscane.net\/wp-content\/uploads\/2017\/02\/paysage-du-val-d-elsa-2947-300x200.jpg 300w, https:\/\/www.latoscane.net\/wp-content\/uploads\/2017\/02\/paysage-du-val-d-elsa-2947-768x512.jpg 768w, https:\/\/www.latoscane.net\/wp-content\/uploads\/2017\/02\/paysage-du-val-d-elsa-2947.jpg 1200w\" sizes=\"(max-width: 1024px) 100vw, 1024px\" \/><\/a><\/figure><\/figure>\n<h2>Certaldo, Empoli e San Miniato<\/h2>\n<p>Vedere le pagine dedicate a <strong><a href=\"https:\/\/www.latoscane.net\/it\/certaldo\/\">Certaldo<\/a><\/strong> e nella valle inferiore <strong><a href=\"https:\/\/www.latoscane.net\/it\/san-miniato-in-toscana\/\">San Miniato<\/a><\/strong> ed Empoli.<\/p>\n<h2>Altri luoghi della regione<\/h2>\n<h3>Sacro Monte di San Vivaldo<\/h3>\n<p>Santuario particolare, <strong>San Vivaldo<\/strong> \u00e8 anche designato come la Gerusalemme della Toscana. A pochi chilometri da Montaione, \u00e8 circondato da boschi. <br \/>La sua origine risale agli inizi del XIV secolo quando il frate Vivaldo Stricchi di San Gimignano si ritir\u00f2 come eremita.\u00a0 <br \/>Il complesso di cappelle fu costruito tra il 1500 e il 1515 per iniziativa del frate Tommaso da Firenze, decorato con terre cotte policrome ispirate alla vita e alla passione di Cristo. I templi sono disposti in modo da riprodurre il piano della Gerusalemme di quel tempo. Papa Leone X ne fece un luogo di pellegrinaggio sostitutivo con una bolla. <\/p>\n\n<figure class=\"wp-block-gallery has-nested-images columns-default is-cropped wp-block-gallery-3 is-layout-flex wp-block-gallery-is-layout-flex\">\n<figure class=\"wp-block-image size-medium\"><a href=\"https:\/\/www.latoscane.net\/wp-content\/uploads\/2017\/02\/sacro-monte-san-vivaldo-3370-300x200.jpg\"><img loading=\"lazy\" decoding=\"async\" width=\"300\" height=\"200\" data-id=\"5173\" src=\"https:\/\/www.latoscane.net\/wp-content\/uploads\/2017\/02\/sacro-monte-san-vivaldo-3370-300x200.jpg\" alt=\"Foto del Monte Sacro di San Vivaldo\" class=\"wp-image-5173\" srcset=\"https:\/\/www.latoscane.net\/wp-content\/uploads\/2017\/02\/sacro-monte-san-vivaldo-3370-300x200.jpg 300w, https:\/\/www.latoscane.net\/wp-content\/uploads\/2017\/02\/sacro-monte-san-vivaldo-3370-1024x683.jpg 1024w, https:\/\/www.latoscane.net\/wp-content\/uploads\/2017\/02\/sacro-monte-san-vivaldo-3370-768x512.jpg 768w, https:\/\/www.latoscane.net\/wp-content\/uploads\/2017\/02\/sacro-monte-san-vivaldo-3370.jpg 1200w\" sizes=\"(max-width: 300px) 100vw, 300px\" \/><\/a><figcaption class=\"wp-element-caption\">Monte sacro di San Vivaldo<\/figcaption><\/figure>\n\n\n<figure class=\"wp-block-image size-medium\"><a href=\"https:\/\/www.latoscane.net\/wp-content\/uploads\/2017\/02\/sacro-monte-san-vivaldo-3373-300x200.jpg\"><img loading=\"lazy\" decoding=\"async\" width=\"300\" height=\"200\" data-id=\"5176\" src=\"https:\/\/www.latoscane.net\/wp-content\/uploads\/2017\/02\/sacro-monte-san-vivaldo-3373-300x200.jpg\" alt=\"Foto del Monte Sacro di San Vivaldo\" class=\"wp-image-5176\" srcset=\"https:\/\/www.latoscane.net\/wp-content\/uploads\/2017\/02\/sacro-monte-san-vivaldo-3373-300x200.jpg 300w, https:\/\/www.latoscane.net\/wp-content\/uploads\/2017\/02\/sacro-monte-san-vivaldo-3373-1024x683.jpg 1024w, https:\/\/www.latoscane.net\/wp-content\/uploads\/2017\/02\/sacro-monte-san-vivaldo-3373-768x512.jpg 768w, https:\/\/www.latoscane.net\/wp-content\/uploads\/2017\/02\/sacro-monte-san-vivaldo-3373.jpg 1200w\" sizes=\"(max-width: 300px) 100vw, 300px\" \/><\/a><figcaption class=\"wp-element-caption\">Monte sacro di San Vivaldo<\/figcaption><\/figure>\n\n\n<figure class=\"wp-block-image size-medium\"><a href=\"https:\/\/www.latoscane.net\/wp-content\/uploads\/2017\/02\/sacro-monte-san-vivaldo-3374-300x200.jpg\"><img loading=\"lazy\" decoding=\"async\" width=\"300\" height=\"200\" data-id=\"5179\" src=\"https:\/\/www.latoscane.net\/wp-content\/uploads\/2017\/02\/sacro-monte-san-vivaldo-3374-300x200.jpg\" alt=\"Foto delle cappelle del Monte Sacro di San Vivaldo\" class=\"wp-image-5179\" srcset=\"https:\/\/www.latoscane.net\/wp-content\/uploads\/2017\/02\/sacro-monte-san-vivaldo-3374-300x200.jpg 300w, https:\/\/www.latoscane.net\/wp-content\/uploads\/2017\/02\/sacro-monte-san-vivaldo-3374-1024x683.jpg 1024w, https:\/\/www.latoscane.net\/wp-content\/uploads\/2017\/02\/sacro-monte-san-vivaldo-3374-768x512.jpg 768w, https:\/\/www.latoscane.net\/wp-content\/uploads\/2017\/02\/sacro-monte-san-vivaldo-3374.jpg 1200w\" sizes=\"(max-width: 300px) 100vw, 300px\" \/><\/a><figcaption class=\"wp-element-caption\">Monte sacro di San Vivaldo<\/figcaption><\/figure><\/figure>\n<h3>Da Gambassi Terme a Certaldo<\/h3>\n\n<figure class=\"wp-block-gallery has-nested-images columns-default is-cropped wp-block-gallery-4 is-layout-flex wp-block-gallery-is-layout-flex\">\n<figure class=\"wp-block-image size-medium\"><a href=\"https:\/\/www.latoscane.net\/wp-content\/uploads\/2017\/02\/pieve-santa-maria-gambassi-terme-3375-300x200.jpg\"><img loading=\"lazy\" decoding=\"async\" width=\"300\" height=\"200\" data-id=\"5195\" src=\"https:\/\/www.latoscane.net\/wp-content\/uploads\/2017\/02\/pieve-santa-maria-gambassi-terme-3375-300x200.jpg\" alt=\"Foto della Pieve di Santa Maria a Gambassi Terme\" class=\"wp-image-5195\" srcset=\"https:\/\/www.latoscane.net\/wp-content\/uploads\/2017\/02\/pieve-santa-maria-gambassi-terme-3375-300x200.jpg 300w, https:\/\/www.latoscane.net\/wp-content\/uploads\/2017\/02\/pieve-santa-maria-gambassi-terme-3375-1024x683.jpg 1024w, https:\/\/www.latoscane.net\/wp-content\/uploads\/2017\/02\/pieve-santa-maria-gambassi-terme-3375-768x512.jpg 768w, https:\/\/www.latoscane.net\/wp-content\/uploads\/2017\/02\/pieve-santa-maria-gambassi-terme-3375.jpg 1200w\" sizes=\"(max-width: 300px) 100vw, 300px\" \/><\/a><figcaption class=\"wp-element-caption\">Pieve di Santa Maria a Gambassi Terme<\/figcaption><\/figure>\n\n\n<figure class=\"wp-block-image size-medium\"><a href=\"https:\/\/www.latoscane.net\/wp-content\/uploads\/2017\/02\/da-gambassi-terme-a-certaldo-3380-300x200.jpg\"><img loading=\"lazy\" decoding=\"async\" width=\"300\" height=\"200\" data-id=\"5198\" src=\"https:\/\/www.latoscane.net\/wp-content\/uploads\/2017\/02\/da-gambassi-terme-a-certaldo-3380-300x200.jpg\" alt=\"Foto dei paesaggi da Gambassi Terme a Certaldo\" class=\"wp-image-5198\" srcset=\"https:\/\/www.latoscane.net\/wp-content\/uploads\/2017\/02\/da-gambassi-terme-a-certaldo-3380-300x200.jpg 300w, https:\/\/www.latoscane.net\/wp-content\/uploads\/2017\/02\/da-gambassi-terme-a-certaldo-3380-1024x683.jpg 1024w, https:\/\/www.latoscane.net\/wp-content\/uploads\/2017\/02\/da-gambassi-terme-a-certaldo-3380-768x512.jpg 768w, https:\/\/www.latoscane.net\/wp-content\/uploads\/2017\/02\/da-gambassi-terme-a-certaldo-3380.jpg 1200w\" sizes=\"(max-width: 300px) 100vw, 300px\" \/><\/a><figcaption class=\"wp-element-caption\">Da Gambassi Terme a Certaldo<\/figcaption><\/figure>\n\n\n<figure class=\"wp-block-image size-medium\"><a href=\"https:\/\/www.latoscane.net\/wp-content\/uploads\/2017\/02\/da-gambassi-terme-a-certaldo-3381-300x200.jpg\"><img loading=\"lazy\" decoding=\"async\" width=\"300\" height=\"200\" data-id=\"5201\" src=\"https:\/\/www.latoscane.net\/wp-content\/uploads\/2017\/02\/da-gambassi-terme-a-certaldo-3381-300x200.jpg\" alt=\"Foto dei paesaggi da Gambassi Terme a Certaldo\" class=\"wp-image-5201\" srcset=\"https:\/\/www.latoscane.net\/wp-content\/uploads\/2017\/02\/da-gambassi-terme-a-certaldo-3381-300x200.jpg 300w, https:\/\/www.latoscane.net\/wp-content\/uploads\/2017\/02\/da-gambassi-terme-a-certaldo-3381-1024x683.jpg 1024w, https:\/\/www.latoscane.net\/wp-content\/uploads\/2017\/02\/da-gambassi-terme-a-certaldo-3381-768x512.jpg 768w, https:\/\/www.latoscane.net\/wp-content\/uploads\/2017\/02\/da-gambassi-terme-a-certaldo-3381.jpg 1200w\" sizes=\"(max-width: 300px) 100vw, 300px\" \/><\/a><figcaption class=\"wp-element-caption\">Da Gambassi Terme a Certaldo<\/figcaption><\/figure><\/figure>\n<h3>Da Certaldo a San Gimignano<\/h3>\n\n<figure class=\"wp-block-gallery has-nested-images columns-default is-cropped wp-block-gallery-5 is-layout-flex wp-block-gallery-is-layout-flex\">\n<figure class=\"wp-block-image size-large\"><a href=\"https:\/\/www.latoscane.net\/wp-content\/uploads\/2017\/02\/panorama-su-san-gimignano-3411b-1024x683.jpg\"><img loading=\"lazy\" decoding=\"async\" width=\"1024\" height=\"683\" data-id=\"5204\" src=\"https:\/\/www.latoscane.net\/wp-content\/uploads\/2017\/02\/panorama-su-san-gimignano-3411b-1024x683.jpg\" alt=\"Panorama su San Gimignano nella Valdelsa\" class=\"wp-image-5204\" srcset=\"https:\/\/www.latoscane.net\/wp-content\/uploads\/2017\/02\/panorama-su-san-gimignano-3411b-1024x683.jpg 1024w, https:\/\/www.latoscane.net\/wp-content\/uploads\/2017\/02\/panorama-su-san-gimignano-3411b-300x200.jpg 300w, https:\/\/www.latoscane.net\/wp-content\/uploads\/2017\/02\/panorama-su-san-gimignano-3411b-768x512.jpg 768w, https:\/\/www.latoscane.net\/wp-content\/uploads\/2017\/02\/panorama-su-san-gimignano-3411b.jpg 1200w\" sizes=\"(max-width: 1024px) 100vw, 1024px\" \/><\/a><figcaption class=\"wp-element-caption\">Panorama verso San Gimignano<\/figcaption><\/figure><\/figure>\n<h2>Dov&#8217;\u00e8 la Valdelsa, mappa<\/h2>\n<div id=\"travelersmap-container-69f286b4195cf\" class=\"travelersmap-container\" style=\"z-index: 1; min-height: 10px; min-width:10px; height:450px;width:100%; max-width:; max-height:; position:relative;\"><div style=\"position:absolute; z-index:-1;top: 50%;text-align: center;display: block;left: 50%;transform: translate(-50%,-50%);\">Travelers' Map is loading...<br>If you see this after your page is loaded completely, leafletJS files are missing.<\/div><\/div>\n<h2>Articoli sulla Valdelsa<\/h2>\n<ul class=\"lcp_catlist2\" id=\"lcp_instance_0\"><li><a href=\"https:\/\/www.latoscane.net\/it\/san-gimignano\/\">San Gimignano<\/a><a href=\"https:\/\/www.latoscane.net\/it\/san-gimignano\/\" title=\"San Gimignano\"><img loading=\"lazy\" decoding=\"async\" width=\"150\" height=\"150\" src=\"https:\/\/www.latoscane.net\/wp-content\/uploads\/2017\/03\/panorama-san-gimignano-2025-150x150.jpg\" class=\"lcp_thumbnail wp-post-image\" alt=\"San Gimignano\" srcset=\"https:\/\/www.latoscane.net\/wp-content\/uploads\/2017\/03\/panorama-san-gimignano-2025-150x150.jpg 150w, https:\/\/www.latoscane.net\/wp-content\/uploads\/2017\/03\/panorama-san-gimignano-2025-50x50.jpg 50w, https:\/\/www.latoscane.net\/wp-content\/uploads\/2017\/03\/panorama-san-gimignano-2025-80x80.jpg 80w, https:\/\/www.latoscane.net\/wp-content\/uploads\/2017\/03\/panorama-san-gimignano-2025-75x75.jpg 75w\" sizes=\"(max-width: 150px) 100vw, 150px\" \/><\/a><div class=\"lcp_excerpt\">\nScorgendo da lontano le sue torri in pietra che dominano fieramente le colline, non ci si pu\u00f2 sbagliare, \u00e8 San Gimignano, borgo emblematico della Toscana medievale.Questa piccola citt\u00e0 turistica di ...<\/div><\/li><li><a href=\"https:\/\/www.latoscane.net\/it\/la-valdelsa\/\">La Valdelsa<\/a><a href=\"https:\/\/www.latoscane.net\/it\/la-valdelsa\/\" title=\"La Valdelsa\"><img loading=\"lazy\" decoding=\"async\" width=\"150\" height=\"150\" src=\"https:\/\/www.latoscane.net\/wp-content\/uploads\/2017\/08\/paesaggi-bassa-val-d-elsa-3460-150x150.jpg\" class=\"lcp_thumbnail wp-post-image\" alt=\"La Valdelsa\" srcset=\"https:\/\/www.latoscane.net\/wp-content\/uploads\/2017\/08\/paesaggi-bassa-val-d-elsa-3460-150x150.jpg 150w, https:\/\/www.latoscane.net\/wp-content\/uploads\/2017\/08\/paesaggi-bassa-val-d-elsa-3460-50x50.jpg 50w, https:\/\/www.latoscane.net\/wp-content\/uploads\/2017\/08\/paesaggi-bassa-val-d-elsa-3460-80x80.jpg 80w, https:\/\/www.latoscane.net\/wp-content\/uploads\/2017\/08\/paesaggi-bassa-val-d-elsa-3460-75x75.jpg 75w\" sizes=\"(max-width: 150px) 100vw, 150px\" \/><\/a><div class=\"lcp_excerpt\">\nLa Val d&#8217;Elsa, pi\u00f9 semplicemente chiamata Valdelsa, costeggia il fiume Elsa tra Firenze e Siena, affluente dell&#8217;Arno. Si divide tra la sua parte alta, detta \u00abAlta Valdelsa\u00bb dalla parte di ...<\/div><\/li><li><a href=\"https:\/\/www.latoscane.net\/it\/monteriggioni-in-toscana\/\">Monteriggioni<\/a><a href=\"https:\/\/www.latoscane.net\/it\/monteriggioni-in-toscana\/\" title=\"Monteriggioni\"><img loading=\"lazy\" decoding=\"async\" width=\"150\" height=\"150\" src=\"https:\/\/www.latoscane.net\/wp-content\/uploads\/2017\/02\/monteriggioni-toscane-1973-150x150.jpg\" class=\"lcp_thumbnail wp-post-image\" alt=\"Monteriggioni\" srcset=\"https:\/\/www.latoscane.net\/wp-content\/uploads\/2017\/02\/monteriggioni-toscane-1973-150x150.jpg 150w, https:\/\/www.latoscane.net\/wp-content\/uploads\/2017\/02\/monteriggioni-toscane-1973-50x50.jpg 50w, https:\/\/www.latoscane.net\/wp-content\/uploads\/2017\/02\/monteriggioni-toscane-1973-80x80.jpg 80w, https:\/\/www.latoscane.net\/wp-content\/uploads\/2017\/02\/monteriggioni-toscane-1973-75x75.jpg 75w\" sizes=\"(max-width: 150px) 100vw, 150px\" \/><\/a><div class=\"lcp_excerpt\">\nIn cima a una collina, il borgo medievale fortificato di Monteriggioni \u00e8 un piccolo gioiello che ha attraversato i secoli. Incanta il visitatore immergendolo nel medioevo. Il suo piccolo centro ...<\/div><\/li><li><a href=\"https:\/\/www.latoscane.net\/it\/san-miniato-in-toscana\/\">San Miniato<\/a><a href=\"https:\/\/www.latoscane.net\/it\/san-miniato-in-toscana\/\" title=\"San Miniato\"><img loading=\"lazy\" decoding=\"async\" width=\"150\" height=\"150\" src=\"https:\/\/www.latoscane.net\/wp-content\/uploads\/2017\/03\/duomo-san-miniato-8510-150x150.jpg\" class=\"lcp_thumbnail wp-post-image\" alt=\"San Miniato\" srcset=\"https:\/\/www.latoscane.net\/wp-content\/uploads\/2017\/03\/duomo-san-miniato-8510-150x150.jpg 150w, https:\/\/www.latoscane.net\/wp-content\/uploads\/2017\/03\/duomo-san-miniato-8510-50x50.jpg 50w, https:\/\/www.latoscane.net\/wp-content\/uploads\/2017\/03\/duomo-san-miniato-8510-80x80.jpg 80w, https:\/\/www.latoscane.net\/wp-content\/uploads\/2017\/03\/duomo-san-miniato-8510-75x75.jpg 75w\" sizes=\"(max-width: 150px) 100vw, 150px\" \/><\/a><div class=\"lcp_excerpt\">\nSan Miniato \u00e8 un borgo di carattere arroccato su una collina, situato nella Val dell&#8217;Arno, in fondo alla Val d&#8217;Elsa, tra Firenze e Pisa, sulla Via Francigena. \u00c8 noto per ...<\/div><\/li><li><a href=\"https:\/\/www.latoscane.net\/it\/certaldo\/\">Certaldo<\/a><a href=\"https:\/\/www.latoscane.net\/it\/certaldo\/\" title=\"Certaldo\"><img loading=\"lazy\" decoding=\"async\" width=\"150\" height=\"150\" src=\"https:\/\/www.latoscane.net\/wp-content\/uploads\/2024\/07\/certaldo-via-rivellino-3391-150x150.jpg\" class=\"lcp_thumbnail wp-post-image\" alt=\"Certaldo\" srcset=\"https:\/\/www.latoscane.net\/wp-content\/uploads\/2024\/07\/certaldo-via-rivellino-3391-150x150.jpg 150w, https:\/\/www.latoscane.net\/wp-content\/uploads\/2024\/07\/certaldo-via-rivellino-3391-50x50.jpg 50w, https:\/\/www.latoscane.net\/wp-content\/uploads\/2024\/07\/certaldo-via-rivellino-3391-80x80.jpg 80w, https:\/\/www.latoscane.net\/wp-content\/uploads\/2024\/07\/certaldo-via-rivellino-3391-75x75.jpg 75w\" sizes=\"(max-width: 150px) 100vw, 150px\" \/><\/a><div class=\"lcp_excerpt\">Certaldo \u00e8 uno dei borghi pi\u00f9 caratteristici della Valdelsa, situata lungo la Via Francigena, conosciuta anche come il villaggio di Boccaccio, scrittore italiano del XIV secolo considerato uno dei padri ...<\/div><\/li><li><a href=\"https:\/\/www.latoscane.net\/it\/colle-val-delsa\/\">Colle Val d&#8217;Elsa<\/a><a href=\"https:\/\/www.latoscane.net\/it\/colle-val-delsa\/\" title=\"Colle Val d&#039;Elsa\"><img loading=\"lazy\" decoding=\"async\" width=\"150\" height=\"150\" src=\"https:\/\/www.latoscane.net\/wp-content\/uploads\/2017\/07\/centro-storico-colle-val-d-elsa-2000-150x150.jpg\" class=\"lcp_thumbnail wp-post-image\" alt=\"Colle Val d&#039;Elsa\" srcset=\"https:\/\/www.latoscane.net\/wp-content\/uploads\/2017\/07\/centro-storico-colle-val-d-elsa-2000-150x150.jpg 150w, https:\/\/www.latoscane.net\/wp-content\/uploads\/2017\/07\/centro-storico-colle-val-d-elsa-2000-50x50.jpg 50w, https:\/\/www.latoscane.net\/wp-content\/uploads\/2017\/07\/centro-storico-colle-val-d-elsa-2000-80x80.jpg 80w, https:\/\/www.latoscane.net\/wp-content\/uploads\/2017\/07\/centro-storico-colle-val-d-elsa-2000-75x75.jpg 75w\" sizes=\"(max-width: 150px) 100vw, 150px\" \/><\/a><div class=\"lcp_excerpt\">\nColle Val d&#8217;Elsa est une petite ville de plus de 20.000 habitants au c\u0153ur de la Toscane, entre Sienne et Florence, le long du Val d&#8217;Elsa, et sur la Via ...<\/div><\/li><li><a href=\"https:\/\/www.latoscane.net\/it\/casole-d-elsa-toscana\/\">Casole d&#8217;Elsa in Toscana<\/a><a href=\"https:\/\/www.latoscane.net\/it\/casole-d-elsa-toscana\/\" title=\"Casole d&#039;Elsa in Toscana\"><img loading=\"lazy\" decoding=\"async\" width=\"150\" height=\"150\" src=\"https:\/\/www.latoscane.net\/wp-content\/uploads\/2024\/07\/casole-d-elsa-3418-150x150.jpg\" class=\"lcp_thumbnail wp-post-image\" alt=\"Casole d&#039;Elsa in Toscana\" srcset=\"https:\/\/www.latoscane.net\/wp-content\/uploads\/2024\/07\/casole-d-elsa-3418-150x150.jpg 150w, https:\/\/www.latoscane.net\/wp-content\/uploads\/2024\/07\/casole-d-elsa-3418-50x50.jpg 50w, https:\/\/www.latoscane.net\/wp-content\/uploads\/2024\/07\/casole-d-elsa-3418-80x80.jpg 80w, https:\/\/www.latoscane.net\/wp-content\/uploads\/2024\/07\/casole-d-elsa-3418-75x75.jpg 75w\" sizes=\"(max-width: 150px) 100vw, 150px\" \/><\/a><div class=\"lcp_excerpt\">Antica citt\u00e0 etrusca, Casole d&#8217;Elsa \u00e8 un incantevole villaggio costruito su un altopiano collinare, vicino all&#8217;alta Valdelsa. Le colline circostanti sono coltivate con vigneti, uliveti e cereali. C&#8217;\u00e8 anche il ...<\/div><\/li><li class=\"current\"><a href=\"https:\/\/www.latoscane.net\/it\/bassa-valdelsa\/\">Bassa Valdelsa<\/a><a href=\"https:\/\/www.latoscane.net\/it\/bassa-valdelsa\/\" title=\"Bassa Valdelsa\"><img loading=\"lazy\" decoding=\"async\" width=\"150\" height=\"150\" src=\"https:\/\/www.latoscane.net\/wp-content\/uploads\/2017\/02\/paysage-du-val-d-elsa-2947-150x150.jpg\" class=\"lcp_thumbnail wp-post-image\" alt=\"Bassa Valdelsa\" srcset=\"https:\/\/www.latoscane.net\/wp-content\/uploads\/2017\/02\/paysage-du-val-d-elsa-2947-150x150.jpg 150w, https:\/\/www.latoscane.net\/wp-content\/uploads\/2017\/02\/paysage-du-val-d-elsa-2947-50x50.jpg 50w, https:\/\/www.latoscane.net\/wp-content\/uploads\/2017\/02\/paysage-du-val-d-elsa-2947-80x80.jpg 80w, https:\/\/www.latoscane.net\/wp-content\/uploads\/2017\/02\/paysage-du-val-d-elsa-2947-75x75.jpg 75w\" sizes=\"(max-width: 150px) 100vw, 150px\" \/><\/a><div class=\"lcp_excerpt\">\nLa parte bassa della Valdelsa si trova in provincia di Firenze, mentre la parte alta \u00e8 in quella di Siena. Il paesaggio \u00e8 caratterizzato da bellissime colline, spesso coltivate a ...<\/div><\/li><\/ul>\n<h2>Link e fonti<\/h2>\n<ul>\n<li>Portali turistici : <a href=\"https:\/\/valdelsavaldicecina.it\/\" target=\"_blank\" rel=\"noopener\">valdelsavaldicecina.it<\/a>, <a href=\"https:\/\/www.visittuscany.com\/it\/territori\/valdelsa-valdicecina\/\" target=\"_blank\" rel=\"noopener\">www.visittuscany.com<\/a><\/li>\n<li>Informazioni generali : <a href=\"https:\/\/it.wikipedia.org\/wiki\/Valdelsa\" target=\"_blank\" rel=\"noopener\">it.wikipedia.org<\/a><\/li>\n<\/ul>\n","protected":false},"excerpt":{"rendered":"<p>La parte bassa della Valdelsa si trova in provincia di Firenze, mentre la parte alta \u00e8 in quella di Siena. Il paesaggio \u00e8 caratterizzato da bellissime colline, spesso coltivate a cereali. Le localit\u00e0 pi\u00f9 interessanti sono Certaldo, Empoli che \u00e8 la citt\u00e0 pi\u00f9 importante e San Miniato pi\u00f9 a valle nella provincia di Pisa. Certaldo, [&hellip;]<\/p>\n","protected":false},"author":1,"featured_media":5188,"comment_status":"open","ping_status":"open","sticky":false,"template":"","format":"standard","meta":{"_acf_changed":false,"footnotes":"","_links_to":"","_links_to_target":""},"categories":[193],"tags":[],"acf":[],"yoast_head":"<!-- This site is optimized with the Yoast SEO plugin v22.8 - https:\/\/yoast.com\/wordpress\/plugins\/seo\/ -->\n<title>Scoperta della Bassa Valdelsa in Toscana<\/title>\n<meta name=\"description\" content=\"La bassa Val d&#039;Elsa in Toscana \u00e8 caratterizzata da colline ben curate di culture diverse, con i comuni di Certaldo, Empoli o San Miniato\" \/>\n<meta name=\"robots\" content=\"index, follow, max-snippet:-1, max-image-preview:large, max-video-preview:-1\" \/>\n<link rel=\"canonical\" href=\"https:\/\/www.latoscane.net\/it\/bassa-valdelsa\/\" \/>\n<meta property=\"og:locale\" content=\"it_IT\" \/>\n<meta property=\"og:type\" content=\"article\" \/>\n<meta property=\"og:title\" content=\"Scoperta della Bassa Valdelsa in Toscana\" \/>\n<meta property=\"og:description\" content=\"La bassa Val d&#039;Elsa in Toscana \u00e8 caratterizzata da colline ben curate di culture diverse, con i comuni di Certaldo, Empoli o San Miniato\" \/>\n<meta property=\"og:url\" content=\"https:\/\/www.latoscane.net\/it\/bassa-valdelsa\/\" \/>\n<meta property=\"og:site_name\" content=\"LaToscane.net\" \/>\n<meta property=\"article:published_time\" content=\"2024-01-10T20:16:07+00:00\" \/>\n<meta property=\"article:modified_time\" content=\"2025-09-09T09:22:28+00:00\" \/>\n<meta property=\"og:image\" content=\"https:\/\/www.latoscane.net\/wp-content\/uploads\/2017\/02\/paysage-du-val-d-elsa-2947.jpg\" \/>\n\t<meta property=\"og:image:width\" content=\"1200\" \/>\n\t<meta property=\"og:image:height\" content=\"800\" \/>\n\t<meta property=\"og:image:type\" content=\"image\/jpeg\" \/>\n<meta name=\"author\" content=\"Galgano\" \/>\n<meta name=\"twitter:card\" content=\"summary_large_image\" \/>\n<meta name=\"twitter:label1\" content=\"Scritto da\" \/>\n\t<meta name=\"twitter:data1\" content=\"Galgano\" \/>\n\t<meta name=\"twitter:label2\" content=\"Tempo di lettura stimato\" \/>\n\t<meta name=\"twitter:data2\" content=\"1 minuto\" \/>\n<script type=\"application\/ld+json\" class=\"yoast-schema-graph\">{\"@context\":\"https:\/\/schema.org\",\"@graph\":[{\"@type\":\"WebPage\",\"@id\":\"https:\/\/www.latoscane.net\/it\/bassa-valdelsa\/\",\"url\":\"https:\/\/www.latoscane.net\/it\/bassa-valdelsa\/\",\"name\":\"Scoperta della Bassa Valdelsa in Toscana\",\"isPartOf\":{\"@id\":\"https:\/\/www.latoscane.net\/#website\"},\"primaryImageOfPage\":{\"@id\":\"https:\/\/www.latoscane.net\/it\/bassa-valdelsa\/#primaryimage\"},\"image\":{\"@id\":\"https:\/\/www.latoscane.net\/it\/bassa-valdelsa\/#primaryimage\"},\"thumbnailUrl\":\"https:\/\/www.latoscane.net\/wp-content\/uploads\/2017\/02\/paysage-du-val-d-elsa-2947.jpg\",\"datePublished\":\"2024-01-10T20:16:07+00:00\",\"dateModified\":\"2025-09-09T09:22:28+00:00\",\"author\":{\"@id\":\"https:\/\/www.latoscane.net\/#\/schema\/person\/dae56e679cb6d9bdaf2b0b54b1320d42\"},\"description\":\"La bassa Val d'Elsa in Toscana \u00e8 caratterizzata da colline ben curate di culture diverse, con i comuni di Certaldo, Empoli o San Miniato\",\"breadcrumb\":{\"@id\":\"https:\/\/www.latoscane.net\/it\/bassa-valdelsa\/#breadcrumb\"},\"inLanguage\":\"it-IT\",\"potentialAction\":[{\"@type\":\"ReadAction\",\"target\":[\"https:\/\/www.latoscane.net\/it\/bassa-valdelsa\/\"]}]},{\"@type\":\"ImageObject\",\"inLanguage\":\"it-IT\",\"@id\":\"https:\/\/www.latoscane.net\/it\/bassa-valdelsa\/#primaryimage\",\"url\":\"https:\/\/www.latoscane.net\/wp-content\/uploads\/2017\/02\/paysage-du-val-d-elsa-2947.jpg\",\"contentUrl\":\"https:\/\/www.latoscane.net\/wp-content\/uploads\/2017\/02\/paysage-du-val-d-elsa-2947.jpg\",\"width\":1200,\"height\":800,\"caption\":\"Paesaggio della bassa Valdelsa in Toscana\"},{\"@type\":\"BreadcrumbList\",\"@id\":\"https:\/\/www.latoscane.net\/it\/bassa-valdelsa\/#breadcrumb\",\"itemListElement\":[{\"@type\":\"ListItem\",\"position\":1,\"name\":\"Accueil\",\"item\":\"https:\/\/www.latoscane.net\/it\/\"},{\"@type\":\"ListItem\",\"position\":2,\"name\":\"Bassa Valdelsa\"}]},{\"@type\":\"WebSite\",\"@id\":\"https:\/\/www.latoscane.net\/#website\",\"url\":\"https:\/\/www.latoscane.net\/\",\"name\":\"LaToscane.net\",\"description\":\"Visita della regione Toscana\",\"potentialAction\":[{\"@type\":\"SearchAction\",\"target\":{\"@type\":\"EntryPoint\",\"urlTemplate\":\"https:\/\/www.latoscane.net\/?s={search_term_string}\"},\"query-input\":\"required name=search_term_string\"}],\"inLanguage\":\"it-IT\"},{\"@type\":\"Person\",\"@id\":\"https:\/\/www.latoscane.net\/#\/schema\/person\/dae56e679cb6d9bdaf2b0b54b1320d42\",\"name\":\"Galgano\",\"url\":\"https:\/\/www.latoscane.net\/it\/author\/will\/\"}]}<\/script>\n<!-- \/ Yoast SEO plugin. -->","yoast_head_json":{"title":"Scoperta della Bassa Valdelsa in Toscana","description":"La bassa Val d'Elsa in Toscana \u00e8 caratterizzata da colline ben curate di culture diverse, con i comuni di Certaldo, Empoli o San Miniato","robots":{"index":"index","follow":"follow","max-snippet":"max-snippet:-1","max-image-preview":"max-image-preview:large","max-video-preview":"max-video-preview:-1"},"canonical":"https:\/\/www.latoscane.net\/it\/bassa-valdelsa\/","og_locale":"it_IT","og_type":"article","og_title":"Scoperta della Bassa Valdelsa in Toscana","og_description":"La bassa Val d'Elsa in Toscana \u00e8 caratterizzata da colline ben curate di culture diverse, con i comuni di Certaldo, Empoli o San Miniato","og_url":"https:\/\/www.latoscane.net\/it\/bassa-valdelsa\/","og_site_name":"LaToscane.net","article_published_time":"2024-01-10T20:16:07+00:00","article_modified_time":"2025-09-09T09:22:28+00:00","og_image":[{"width":1200,"height":800,"url":"https:\/\/www.latoscane.net\/wp-content\/uploads\/2017\/02\/paysage-du-val-d-elsa-2947.jpg","type":"image\/jpeg"}],"author":"Galgano","twitter_card":"summary_large_image","twitter_misc":{"Scritto da":"Galgano","Tempo di lettura stimato":"1 minuto"},"schema":{"@context":"https:\/\/schema.org","@graph":[{"@type":"WebPage","@id":"https:\/\/www.latoscane.net\/it\/bassa-valdelsa\/","url":"https:\/\/www.latoscane.net\/it\/bassa-valdelsa\/","name":"Scoperta della Bassa Valdelsa in Toscana","isPartOf":{"@id":"https:\/\/www.latoscane.net\/#website"},"primaryImageOfPage":{"@id":"https:\/\/www.latoscane.net\/it\/bassa-valdelsa\/#primaryimage"},"image":{"@id":"https:\/\/www.latoscane.net\/it\/bassa-valdelsa\/#primaryimage"},"thumbnailUrl":"https:\/\/www.latoscane.net\/wp-content\/uploads\/2017\/02\/paysage-du-val-d-elsa-2947.jpg","datePublished":"2024-01-10T20:16:07+00:00","dateModified":"2025-09-09T09:22:28+00:00","author":{"@id":"https:\/\/www.latoscane.net\/#\/schema\/person\/dae56e679cb6d9bdaf2b0b54b1320d42"},"description":"La bassa Val d'Elsa in Toscana \u00e8 caratterizzata da colline ben curate di culture diverse, con i comuni di Certaldo, Empoli o San Miniato","breadcrumb":{"@id":"https:\/\/www.latoscane.net\/it\/bassa-valdelsa\/#breadcrumb"},"inLanguage":"it-IT","potentialAction":[{"@type":"ReadAction","target":["https:\/\/www.latoscane.net\/it\/bassa-valdelsa\/"]}]},{"@type":"ImageObject","inLanguage":"it-IT","@id":"https:\/\/www.latoscane.net\/it\/bassa-valdelsa\/#primaryimage","url":"https:\/\/www.latoscane.net\/wp-content\/uploads\/2017\/02\/paysage-du-val-d-elsa-2947.jpg","contentUrl":"https:\/\/www.latoscane.net\/wp-content\/uploads\/2017\/02\/paysage-du-val-d-elsa-2947.jpg","width":1200,"height":800,"caption":"Paesaggio della bassa Valdelsa in Toscana"},{"@type":"BreadcrumbList","@id":"https:\/\/www.latoscane.net\/it\/bassa-valdelsa\/#breadcrumb","itemListElement":[{"@type":"ListItem","position":1,"name":"Accueil","item":"https:\/\/www.latoscane.net\/it\/"},{"@type":"ListItem","position":2,"name":"Bassa Valdelsa"}]},{"@type":"WebSite","@id":"https:\/\/www.latoscane.net\/#website","url":"https:\/\/www.latoscane.net\/","name":"LaToscane.net","description":"Visita della regione Toscana","potentialAction":[{"@type":"SearchAction","target":{"@type":"EntryPoint","urlTemplate":"https:\/\/www.latoscane.net\/?s={search_term_string}"},"query-input":"required name=search_term_string"}],"inLanguage":"it-IT"},{"@type":"Person","@id":"https:\/\/www.latoscane.net\/#\/schema\/person\/dae56e679cb6d9bdaf2b0b54b1320d42","name":"Galgano","url":"https:\/\/www.latoscane.net\/it\/author\/will\/"}]}},"_links":{"self":[{"href":"https:\/\/www.latoscane.net\/it\/wp-json\/wp\/v2\/posts\/11132"}],"collection":[{"href":"https:\/\/www.latoscane.net\/it\/wp-json\/wp\/v2\/posts"}],"about":[{"href":"https:\/\/www.latoscane.net\/it\/wp-json\/wp\/v2\/types\/post"}],"author":[{"embeddable":true,"href":"https:\/\/www.latoscane.net\/it\/wp-json\/wp\/v2\/users\/1"}],"replies":[{"embeddable":true,"href":"https:\/\/www.latoscane.net\/it\/wp-json\/wp\/v2\/comments?post=11132"}],"version-history":[{"count":3,"href":"https:\/\/www.latoscane.net\/it\/wp-json\/wp\/v2\/posts\/11132\/revisions"}],"predecessor-version":[{"id":13888,"href":"https:\/\/www.latoscane.net\/it\/wp-json\/wp\/v2\/posts\/11132\/revisions\/13888"}],"wp:featuredmedia":[{"embeddable":true,"href":"https:\/\/www.latoscane.net\/it\/wp-json\/wp\/v2\/media\/5188"}],"wp:attachment":[{"href":"https:\/\/www.latoscane.net\/it\/wp-json\/wp\/v2\/media?parent=11132"}],"wp:term":[{"taxonomy":"category","embeddable":true,"href":"https:\/\/www.latoscane.net\/it\/wp-json\/wp\/v2\/categories?post=11132"},{"taxonomy":"post_tag","embeddable":true,"href":"https:\/\/www.latoscane.net\/it\/wp-json\/wp\/v2\/tags?post=11132"}],"curies":[{"name":"wp","href":"https:\/\/api.w.org\/{rel}","templated":true}]}}