{"id":11189,"date":"2024-03-12T14:45:48","date_gmt":"2024-03-12T13:45:48","guid":{"rendered":"https:\/\/www.latoscane.net\/montalcino\/"},"modified":"2025-09-09T13:44:39","modified_gmt":"2025-09-09T11:44:39","slug":"montalcino","status":"publish","type":"post","link":"https:\/\/www.latoscane.net\/it\/montalcino\/","title":{"rendered":"Montalcino"},"content":{"rendered":"\n<p>Ad ovest della Val d&#8217;Orcia, <strong>Montalcino<\/strong> \u00e8 un comune toscano famoso per il Brunello, il suo ottimo vino apprezzato in tutto il mondo, elaborato dal XIX secolo in tutto il mondo a partire dal Sangiovese. Costruita su una collina circondata da vigneti e boschi, \u00e8 anche una bella cittadina medievale ricca di arte e storia, con numerose strutture turistiche, che offre molte cantine nel villaggio e nei suoi dintorni. <br \/>Questa citt\u00e0 medievale fortificata \u00e8 cambiata poco dal XVI secolo, con le sue affascinanti viuzze, a volte lunghe, strette e ripide, le sue scale, il palazzo comunale con la sua torre, le chiese ed i musei. <br \/>In cima, dall&#8217;antica fortezza si apre un bel panorama, che porta da una parte verso le colline senesi, dall&#8217;altra verso il mare e la Maremma.<\/p>\n\n\n<figure class=\"wp-block-gallery has-nested-images columns-3 is-cropped wp-block-gallery-2 is-layout-flex wp-block-gallery-is-layout-flex\">\n<figure class=\"wp-block-image size-medium\"><a href=\"https:\/\/www.latoscane.net\/wp-content\/uploads\/2017\/02\/piazza-del-popolo-montalcino-toscana-4211-300x200.jpg\"><img loading=\"lazy\" decoding=\"async\" width=\"300\" height=\"200\" data-id=\"7166\" src=\"https:\/\/www.latoscane.net\/wp-content\/uploads\/2017\/02\/piazza-del-popolo-montalcino-toscana-4211-300x200.jpg\" alt=\"Foto della Piazza del Popolo a Montalcino\" class=\"wp-image-7166\" srcset=\"https:\/\/www.latoscane.net\/wp-content\/uploads\/2017\/02\/piazza-del-popolo-montalcino-toscana-4211-300x200.jpg 300w, https:\/\/www.latoscane.net\/wp-content\/uploads\/2017\/02\/piazza-del-popolo-montalcino-toscana-4211-1024x683.jpg 1024w, https:\/\/www.latoscane.net\/wp-content\/uploads\/2017\/02\/piazza-del-popolo-montalcino-toscana-4211-768x512.jpg 768w, https:\/\/www.latoscane.net\/wp-content\/uploads\/2017\/02\/piazza-del-popolo-montalcino-toscana-4211.jpg 1200w\" sizes=\"(max-width: 300px) 100vw, 300px\" \/><\/a><figcaption class=\"wp-element-caption\">Piazza del Popolo a Montalcino<\/figcaption><\/figure>\n\n\n\n<figure class=\"wp-block-image size-medium\"><a href=\"https:\/\/www.latoscane.net\/wp-content\/uploads\/2017\/02\/piazza-garibaldi-montalcino-4226-300x200.jpg\"><img loading=\"lazy\" decoding=\"async\" width=\"300\" height=\"200\" data-id=\"7172\" src=\"https:\/\/www.latoscane.net\/wp-content\/uploads\/2017\/02\/piazza-garibaldi-montalcino-4226-300x200.jpg\" alt=\"Foto della Piazza Garibaldi di Montalcino\" class=\"wp-image-7172\" srcset=\"https:\/\/www.latoscane.net\/wp-content\/uploads\/2017\/02\/piazza-garibaldi-montalcino-4226-300x200.jpg 300w, https:\/\/www.latoscane.net\/wp-content\/uploads\/2017\/02\/piazza-garibaldi-montalcino-4226-1024x683.jpg 1024w, https:\/\/www.latoscane.net\/wp-content\/uploads\/2017\/02\/piazza-garibaldi-montalcino-4226-768x512.jpg 768w, https:\/\/www.latoscane.net\/wp-content\/uploads\/2017\/02\/piazza-garibaldi-montalcino-4226.jpg 1200w\" sizes=\"(max-width: 300px) 100vw, 300px\" \/><\/a><figcaption class=\"wp-element-caption\">Piazza Garibaldi a Montalcino<\/figcaption><\/figure>\n\n\n\n<figure class=\"wp-block-image size-medium\"><a href=\"https:\/\/www.latoscane.net\/wp-content\/uploads\/2017\/02\/torre-palazzo-dei-priori-montalcino-4193-200x300.jpg\"><img loading=\"lazy\" decoding=\"async\" width=\"200\" height=\"300\" data-id=\"7169\" src=\"https:\/\/www.latoscane.net\/wp-content\/uploads\/2017\/02\/torre-palazzo-dei-priori-montalcino-4193-200x300.jpg\" alt=\"Foto della Torre medievale in Montalcino\" class=\"wp-image-7169\" srcset=\"https:\/\/www.latoscane.net\/wp-content\/uploads\/2017\/02\/torre-palazzo-dei-priori-montalcino-4193-200x300.jpg 200w, https:\/\/www.latoscane.net\/wp-content\/uploads\/2017\/02\/torre-palazzo-dei-priori-montalcino-4193-683x1024.jpg 683w, https:\/\/www.latoscane.net\/wp-content\/uploads\/2017\/02\/torre-palazzo-dei-priori-montalcino-4193-768x1152.jpg 768w, https:\/\/www.latoscane.net\/wp-content\/uploads\/2017\/02\/torre-palazzo-dei-priori-montalcino-4193.jpg 800w\" sizes=\"(max-width: 200px) 100vw, 200px\" \/><\/a><figcaption class=\"wp-element-caption\">Torre medievale in Montalcino<\/figcaption><\/figure>\n<\/figure>\n\n\n<h2>Piazza del Popolo e Palazzo comunale<\/h2>\n<p>La splendida piazza centrale di Montalcino \u00e8 la <strong>Piazza del Popolo<\/strong>, dove si trova il Palazzo comunale detto anche Palazzo dei Priori, costruito nel XIII secolo. Sulla sua facciata si vedono i numerosi stemmi scolpiti dei podest\u00e0 che governarono la citt\u00e0. \u00c8 fiancheggiato da un&#8217;alta torre campanaria, detta &#8220;Campanone&#8221;. <\/p>\n\n\n<figure class=\"wp-block-gallery has-nested-images columns-4 is-cropped wp-block-gallery-3 is-layout-flex wp-block-gallery-is-layout-flex\">\n<figure class=\"wp-block-image size-medium\"><a href=\"https:\/\/www.latoscane.net\/wp-content\/uploads\/2017\/02\/piazza-del-popolo-montalcino-toscana-4220-300x200.jpg\"><img loading=\"lazy\" decoding=\"async\" width=\"300\" height=\"200\" data-id=\"7201\" src=\"https:\/\/www.latoscane.net\/wp-content\/uploads\/2017\/02\/piazza-del-popolo-montalcino-toscana-4220-300x200.jpg\" alt=\"Foto della Piazza del Popolo a Montalcino\" class=\"wp-image-7201\" srcset=\"https:\/\/www.latoscane.net\/wp-content\/uploads\/2017\/02\/piazza-del-popolo-montalcino-toscana-4220-300x200.jpg 300w, https:\/\/www.latoscane.net\/wp-content\/uploads\/2017\/02\/piazza-del-popolo-montalcino-toscana-4220-1024x683.jpg 1024w, https:\/\/www.latoscane.net\/wp-content\/uploads\/2017\/02\/piazza-del-popolo-montalcino-toscana-4220-768x512.jpg 768w, https:\/\/www.latoscane.net\/wp-content\/uploads\/2017\/02\/piazza-del-popolo-montalcino-toscana-4220.jpg 1200w\" sizes=\"(max-width: 300px) 100vw, 300px\" \/><\/a><figcaption class=\"wp-element-caption\">Piazza del Popolo<\/figcaption><\/figure>\n\n\n\n<figure class=\"wp-block-image size-medium\"><a href=\"https:\/\/www.latoscane.net\/wp-content\/uploads\/2017\/02\/palazzo-dei-priori-montalcino-toscana-4215-200x300.jpg\"><img loading=\"lazy\" decoding=\"async\" width=\"200\" height=\"300\" data-id=\"7192\" src=\"https:\/\/www.latoscane.net\/wp-content\/uploads\/2017\/02\/palazzo-dei-priori-montalcino-toscana-4215-200x300.jpg\" alt=\"Foto del Palazzo dei Priori di Montalcino\" class=\"wp-image-7192\" srcset=\"https:\/\/www.latoscane.net\/wp-content\/uploads\/2017\/02\/palazzo-dei-priori-montalcino-toscana-4215-200x300.jpg 200w, https:\/\/www.latoscane.net\/wp-content\/uploads\/2017\/02\/palazzo-dei-priori-montalcino-toscana-4215-683x1024.jpg 683w, https:\/\/www.latoscane.net\/wp-content\/uploads\/2017\/02\/palazzo-dei-priori-montalcino-toscana-4215-768x1152.jpg 768w, https:\/\/www.latoscane.net\/wp-content\/uploads\/2017\/02\/palazzo-dei-priori-montalcino-toscana-4215.jpg 800w\" sizes=\"(max-width: 200px) 100vw, 200px\" \/><\/a><figcaption class=\"wp-element-caption\">Palazzo dei Priori<\/figcaption><\/figure>\n\n\n\n<figure class=\"wp-block-image size-medium\"><a href=\"https:\/\/www.latoscane.net\/wp-content\/uploads\/2017\/02\/palazzo-del-comune-montalcino-toscana-4219-300x200.jpg\"><img loading=\"lazy\" decoding=\"async\" width=\"300\" height=\"200\" data-id=\"7195\" src=\"https:\/\/www.latoscane.net\/wp-content\/uploads\/2017\/02\/palazzo-del-comune-montalcino-toscana-4219-300x200.jpg\" alt=\"Foto del Palazzo dei Priori di Montalcino\" class=\"wp-image-7195\" srcset=\"https:\/\/www.latoscane.net\/wp-content\/uploads\/2017\/02\/palazzo-del-comune-montalcino-toscana-4219-300x200.jpg 300w, https:\/\/www.latoscane.net\/wp-content\/uploads\/2017\/02\/palazzo-del-comune-montalcino-toscana-4219-1024x683.jpg 1024w, https:\/\/www.latoscane.net\/wp-content\/uploads\/2017\/02\/palazzo-del-comune-montalcino-toscana-4219-768x512.jpg 768w, https:\/\/www.latoscane.net\/wp-content\/uploads\/2017\/02\/palazzo-del-comune-montalcino-toscana-4219.jpg 1200w\" sizes=\"(max-width: 300px) 100vw, 300px\" \/><\/a><figcaption class=\"wp-element-caption\">Stemma dei podest\u00e0 sul Palazzo dei Priori<\/figcaption><\/figure>\n<\/figure>\n\n\n<h2>Musei di Montalcino<\/h2>\n<p>Il museo <em>Museo Civico e Diocesano<\/em> \u00e8 doppio, riunendo nello stesso luogo il museo comunale e il museo diocesano di arte sacra, con 12 sale su 3 piani, in una parte dell&#8217;antico convento di Sant&#8217;Agostino. Conserva una ricca collezione di pittura e scultura in legno della scuola senese, tra cui un crocifisso di Giambologna , la Madonna di Simone Martini, l&#8217;Incoronazione della Vergine di Bartolo di Fredi o una Maest\u00e0 della Vecchietta. Conservano anche sculture, maioliche, paramenti, ecc.<br \/>La sezione archeologica porta dall&#8217;et\u00e0 del bronzo, gli etruschi e i romani. <\/p>\n<h2>Cattedrale di Montalcino<\/h2>\n<p>La <strong>cattedrale di Montalcino<\/strong> \u00e8 una costruzione neoclassica del XIX secolo, il campanile \u00e8 pi\u00f9 antico. All&#8217;interno conserva l&#8217;Immacolata Concezione con Ges\u00f9 e Dio Padre di Francesco Vanni del 1588. <\/p>\n<h2>Chiese di Montalcino<\/h2>\n<p>Interessanti gli edifici religiosi, tra cui l&#8217;Agostino del XIV secolo, la cattedrale neoclassica, il santuario di Nostra Signora del Soccorso e quello di Sant&#8217;Egidio.<\/p>\n<h3>Chiesa di Sant&#8217;Agostino<\/h3>\n<p>Questa grande chiesa gotica risale al XIV secolo, inserita nel complesso monastico che oggi ospita il museo, tra cui i due chiostri del XVI secolo. <br \/>Le pareti sono state decorate da artisti senesi del XIV e XV secolo, con scene della Passione di Cristo e storie della vita di Antonio il Grande (Antonio Abate). Gli affreschi del coro trecentesco con le Storie di sant&#8217;Agostino, degli Evangelisti e dei Dottori della Chiesa sono attribuiti a Bartolo di Fredi.<\/p>\n\n\n<figure class=\"wp-block-gallery has-nested-images columns-default is-cropped wp-block-gallery-4 is-layout-flex wp-block-gallery-is-layout-flex\">\n<figure class=\"wp-block-image size-medium\"><a href=\"https:\/\/www.latoscane.net\/wp-content\/uploads\/2017\/02\/sant-agostino-montalcino-4190-300x200.jpg\"><img loading=\"lazy\" decoding=\"async\" width=\"300\" height=\"200\" data-id=\"7181\" src=\"https:\/\/www.latoscane.net\/wp-content\/uploads\/2017\/02\/sant-agostino-montalcino-4190-300x200.jpg\" alt=\"Foto della chiesa di Sant'Agostino in Montalcino\" class=\"wp-image-7181\" srcset=\"https:\/\/www.latoscane.net\/wp-content\/uploads\/2017\/02\/sant-agostino-montalcino-4190-300x200.jpg 300w, https:\/\/www.latoscane.net\/wp-content\/uploads\/2017\/02\/sant-agostino-montalcino-4190-1024x683.jpg 1024w, https:\/\/www.latoscane.net\/wp-content\/uploads\/2017\/02\/sant-agostino-montalcino-4190-768x512.jpg 768w, https:\/\/www.latoscane.net\/wp-content\/uploads\/2017\/02\/sant-agostino-montalcino-4190.jpg 1200w\" sizes=\"(max-width: 300px) 100vw, 300px\" \/><\/a><figcaption class=\"wp-element-caption\">Sant&#8217;Agostino<\/figcaption><\/figure>\n\n\n\n<figure class=\"wp-block-image size-medium\"><a href=\"https:\/\/www.latoscane.net\/wp-content\/uploads\/2017\/02\/cappella-di-sant-antonio-abate-sant-agostino-montalcino-4196-300x200.jpg\"><img loading=\"lazy\" decoding=\"async\" width=\"300\" height=\"200\" data-id=\"7178\" src=\"https:\/\/www.latoscane.net\/wp-content\/uploads\/2017\/02\/cappella-di-sant-antonio-abate-sant-agostino-montalcino-4196-300x200.jpg\" alt=\"Foto della Cappella di Sant'Antonio Abate in Sant'Agostino di Montalcino\" class=\"wp-image-7178\" srcset=\"https:\/\/www.latoscane.net\/wp-content\/uploads\/2017\/02\/cappella-di-sant-antonio-abate-sant-agostino-montalcino-4196-300x200.jpg 300w, https:\/\/www.latoscane.net\/wp-content\/uploads\/2017\/02\/cappella-di-sant-antonio-abate-sant-agostino-montalcino-4196-1024x683.jpg 1024w, https:\/\/www.latoscane.net\/wp-content\/uploads\/2017\/02\/cappella-di-sant-antonio-abate-sant-agostino-montalcino-4196-768x512.jpg 768w, https:\/\/www.latoscane.net\/wp-content\/uploads\/2017\/02\/cappella-di-sant-antonio-abate-sant-agostino-montalcino-4196.jpg 1200w\" sizes=\"(max-width: 300px) 100vw, 300px\" \/><\/a><figcaption class=\"wp-element-caption\">Cappella di Sant&#8217;Antonio Abate<\/figcaption><\/figure>\n\n\n\n<figure class=\"wp-block-image size-medium\"><a href=\"https:\/\/www.latoscane.net\/wp-content\/uploads\/2017\/02\/affreschi-sant-agostino-montalcino-4195-300x200.jpg\"><img loading=\"lazy\" decoding=\"async\" width=\"300\" height=\"200\" data-id=\"7175\" src=\"https:\/\/www.latoscane.net\/wp-content\/uploads\/2017\/02\/affreschi-sant-agostino-montalcino-4195-300x200.jpg\" alt=\"Foto della chiesa di Sant'Agostino in Montalcino\" class=\"wp-image-7175\" srcset=\"https:\/\/www.latoscane.net\/wp-content\/uploads\/2017\/02\/affreschi-sant-agostino-montalcino-4195-300x200.jpg 300w, https:\/\/www.latoscane.net\/wp-content\/uploads\/2017\/02\/affreschi-sant-agostino-montalcino-4195-1024x683.jpg 1024w, https:\/\/www.latoscane.net\/wp-content\/uploads\/2017\/02\/affreschi-sant-agostino-montalcino-4195-768x512.jpg 768w, https:\/\/www.latoscane.net\/wp-content\/uploads\/2017\/02\/affreschi-sant-agostino-montalcino-4195.jpg 1200w\" sizes=\"(max-width: 300px) 100vw, 300px\" \/><\/a><figcaption class=\"wp-element-caption\">Afreschi<\/figcaption><\/figure>\n<\/figure>\n\n\n<h3>Madonna del Soccorso<\/h3>\n<p>La chiesa della Madonna del Soccorso, risalente al XII secolo, sostitu\u00ec una chiesa medievale. Fu notevolmente modificata dalla fine del XV all&#8217;inizio del XVII secolo, con una facciata in travertino dell&#8217;inizio del XIX secolo. All&#8217;interno si trovano bellissimi altari barocchi e opere di pittori senesi.<\/p>\n<h3>Chiesa di Sant&#8217;Egidio<\/h3>\n<p>La <strong>chiesa di Sant&#8217;Egidio<\/strong> a Montalcino fu costruita nel 1325 e fu la chiesa ufficiale della Repubblica di Siena a Montalcino. Dietro una facciata romanica semplice, l&#8217;unica navata conserva un Cristo in piet\u00e0 e santi della met\u00e0 del XVI secolo, o sulla parete del coro, un affresco fine del XIV secolo. <\/p>\n<h2>Fortezza di Montalcino<\/h2>\n<p>La <strong>fortezza di Montalcino<\/strong> risale alla met\u00e0 del XIV secolo, a forma pentagonale e con edifici precedenti, tra cui una antica basilica trasformata in cappella di origine romana. <br \/>Dalle mura si gode di una vista panoramica sulla citt\u00e0 e sulle colline. Questa costruzione del XIV secolo fu l&#8217;ultimo bastione della Repubblica senese a cadere contro la conquista dei Medici di Firenze.<\/p>\n\n\n<figure class=\"wp-block-gallery has-nested-images columns-default is-cropped wp-block-gallery-5 is-layout-flex wp-block-gallery-is-layout-flex\">\n<figure class=\"wp-block-image size-medium\"><a href=\"https:\/\/www.latoscane.net\/wp-content\/uploads\/2017\/02\/sant-egidio-montalcino-toscana-4224-300x200.jpg\"><img loading=\"lazy\" decoding=\"async\" width=\"300\" height=\"200\" data-id=\"7184\" src=\"https:\/\/www.latoscane.net\/wp-content\/uploads\/2017\/02\/sant-egidio-montalcino-toscana-4224-300x200.jpg\" alt=\"Foto della chiesa di Sant'Egidio a Montalcino\" class=\"wp-image-7184\" srcset=\"https:\/\/www.latoscane.net\/wp-content\/uploads\/2017\/02\/sant-egidio-montalcino-toscana-4224-300x200.jpg 300w, https:\/\/www.latoscane.net\/wp-content\/uploads\/2017\/02\/sant-egidio-montalcino-toscana-4224-1024x683.jpg 1024w, https:\/\/www.latoscane.net\/wp-content\/uploads\/2017\/02\/sant-egidio-montalcino-toscana-4224-768x512.jpg 768w, https:\/\/www.latoscane.net\/wp-content\/uploads\/2017\/02\/sant-egidio-montalcino-toscana-4224.jpg 1200w\" sizes=\"(max-width: 300px) 100vw, 300px\" \/><\/a><figcaption class=\"wp-element-caption\">Chiesa di Sant&#8217;Egidio<\/figcaption><\/figure>\n\n\n\n<figure class=\"wp-block-image size-medium\"><a href=\"https:\/\/www.latoscane.net\/wp-content\/uploads\/2017\/02\/santuario-della-madonna-del-soccorso-sant-agostino-montalcino-4205-200x300.jpg\"><img loading=\"lazy\" decoding=\"async\" width=\"200\" height=\"300\" data-id=\"7187\" src=\"https:\/\/www.latoscane.net\/wp-content\/uploads\/2017\/02\/santuario-della-madonna-del-soccorso-sant-agostino-montalcino-4205-200x300.jpg\" alt=\"Foto della Madonna del Soccorso a Montalcino\" class=\"wp-image-7187\" srcset=\"https:\/\/www.latoscane.net\/wp-content\/uploads\/2017\/02\/santuario-della-madonna-del-soccorso-sant-agostino-montalcino-4205-200x300.jpg 200w, https:\/\/www.latoscane.net\/wp-content\/uploads\/2017\/02\/santuario-della-madonna-del-soccorso-sant-agostino-montalcino-4205-683x1024.jpg 683w, https:\/\/www.latoscane.net\/wp-content\/uploads\/2017\/02\/santuario-della-madonna-del-soccorso-sant-agostino-montalcino-4205-768x1152.jpg 768w, https:\/\/www.latoscane.net\/wp-content\/uploads\/2017\/02\/santuario-della-madonna-del-soccorso-sant-agostino-montalcino-4205.jpg 800w\" sizes=\"(max-width: 200px) 100vw, 200px\" \/><\/a><figcaption class=\"wp-element-caption\">Madonna del Soccorso<\/figcaption><\/figure>\n\n\n\n<figure class=\"wp-block-image size-medium\"><a href=\"https:\/\/www.latoscane.net\/wp-content\/uploads\/2017\/02\/fortezza-di-montalcino-4188-300x200.jpg\"><img loading=\"lazy\" decoding=\"async\" width=\"300\" height=\"200\" data-id=\"7208\" src=\"https:\/\/www.latoscane.net\/wp-content\/uploads\/2017\/02\/fortezza-di-montalcino-4188-300x200.jpg\" alt=\"Veduta della Fortezza di Montalcino\" class=\"wp-image-7208\" srcset=\"https:\/\/www.latoscane.net\/wp-content\/uploads\/2017\/02\/fortezza-di-montalcino-4188-300x200.jpg 300w, https:\/\/www.latoscane.net\/wp-content\/uploads\/2017\/02\/fortezza-di-montalcino-4188-1024x683.jpg 1024w, https:\/\/www.latoscane.net\/wp-content\/uploads\/2017\/02\/fortezza-di-montalcino-4188-768x512.jpg 768w, https:\/\/www.latoscane.net\/wp-content\/uploads\/2017\/02\/fortezza-di-montalcino-4188.jpg 1200w\" sizes=\"(max-width: 300px) 100vw, 300px\" \/><\/a><figcaption class=\"wp-element-caption\">Fortezza di Montalcino<\/figcaption><\/figure>\n<\/figure>\n\n\n<h2>Galleria<\/h2>\n\n\n<figure class=\"wp-block-gallery has-nested-images columns-default is-cropped wp-block-gallery-6 is-layout-flex wp-block-gallery-is-layout-flex\">\n<figure class=\"wp-block-image size-medium\"><a href=\"https:\/\/www.latoscane.net\/wp-content\/uploads\/2017\/02\/montalcino-toscana-4206-300x200.jpg\"><img loading=\"lazy\" decoding=\"async\" width=\"300\" height=\"200\" data-id=\"7215\" src=\"https:\/\/www.latoscane.net\/wp-content\/uploads\/2017\/02\/montalcino-toscana-4206-300x200.jpg\" alt=\"Veduta di Montalcino in Toscana\" class=\"wp-image-7215\" srcset=\"https:\/\/www.latoscane.net\/wp-content\/uploads\/2017\/02\/montalcino-toscana-4206-300x200.jpg 300w, https:\/\/www.latoscane.net\/wp-content\/uploads\/2017\/02\/montalcino-toscana-4206-1024x683.jpg 1024w, https:\/\/www.latoscane.net\/wp-content\/uploads\/2017\/02\/montalcino-toscana-4206-768x512.jpg 768w, https:\/\/www.latoscane.net\/wp-content\/uploads\/2017\/02\/montalcino-toscana-4206.jpg 1200w\" sizes=\"(max-width: 300px) 100vw, 300px\" \/><\/a><\/figure>\n\n\n\n<figure class=\"wp-block-image size-medium\"><a href=\"https:\/\/www.latoscane.net\/wp-content\/uploads\/2017\/02\/montalcino-toscana-4209-300x200.jpg\"><img loading=\"lazy\" decoding=\"async\" width=\"300\" height=\"200\" data-id=\"7218\" src=\"https:\/\/www.latoscane.net\/wp-content\/uploads\/2017\/02\/montalcino-toscana-4209-300x200.jpg\" alt=\"Veduta di Montalcino in Toscana\" class=\"wp-image-7218\" srcset=\"https:\/\/www.latoscane.net\/wp-content\/uploads\/2017\/02\/montalcino-toscana-4209-300x200.jpg 300w, https:\/\/www.latoscane.net\/wp-content\/uploads\/2017\/02\/montalcino-toscana-4209-1024x683.jpg 1024w, https:\/\/www.latoscane.net\/wp-content\/uploads\/2017\/02\/montalcino-toscana-4209-768x512.jpg 768w, https:\/\/www.latoscane.net\/wp-content\/uploads\/2017\/02\/montalcino-toscana-4209.jpg 1200w\" sizes=\"(max-width: 300px) 100vw, 300px\" \/><\/a><\/figure>\n\n\n\n<figure class=\"wp-block-image size-medium\"><a href=\"https:\/\/www.latoscane.net\/wp-content\/uploads\/2017\/02\/panorama-fortezza-di-montalcino-4230-300x200.jpg\"><img loading=\"lazy\" decoding=\"async\" width=\"300\" height=\"200\" data-id=\"7221\" src=\"https:\/\/www.latoscane.net\/wp-content\/uploads\/2017\/02\/panorama-fortezza-di-montalcino-4230-300x200.jpg\" alt=\"Veduta di Montalcino in Toscana\" class=\"wp-image-7221\" srcset=\"https:\/\/www.latoscane.net\/wp-content\/uploads\/2017\/02\/panorama-fortezza-di-montalcino-4230-300x200.jpg 300w, https:\/\/www.latoscane.net\/wp-content\/uploads\/2017\/02\/panorama-fortezza-di-montalcino-4230-1024x683.jpg 1024w, https:\/\/www.latoscane.net\/wp-content\/uploads\/2017\/02\/panorama-fortezza-di-montalcino-4230-768x512.jpg 768w, https:\/\/www.latoscane.net\/wp-content\/uploads\/2017\/02\/panorama-fortezza-di-montalcino-4230.jpg 1200w\" sizes=\"(max-width: 300px) 100vw, 300px\" \/><\/a><\/figure>\n<\/figure>\n\n\n<h2>Proposte di attivit\u00e0 e visite guidate<\/h2>\n\n\n<div data-gyg-href=\"https:\/\/widget.getyourguide.com\/default\/activities.frame\" data-gyg-location-id=\"5056\" data-gyg-locale-code=\"it-IT\" data-gyg-widget=\"activities\" data-gyg-number-of-items=\"3\" data-gyg-partner-id=\"DLYVAO3\"><span>Powered by <a target=\"_blank\" rel=\"sponsored noopener\" href=\"https:\/\/www.getyourguide.com\/montalcino-l5056\/\">GetYourGuide<\/a><\/span><\/div>\n\n\n<h2>Dov&#8217;\u00e8 Montalcino, mappa<\/h2>\n<div id=\"travelersmap-container-69f293739a745\" class=\"travelersmap-container\" style=\"z-index: 1; min-height: 10px; min-width:10px; height:450px;width:100%; max-width:; max-height:; position:relative;\"><div style=\"position:absolute; z-index:-1;top: 50%;text-align: center;display: block;left: 50%;transform: translate(-50%,-50%);\">Travelers' Map is loading...<br>If you see this after your page is loaded completely, leafletJS files are missing.<\/div><\/div>\n<h2>Link e fonti<\/h2>\n<ul>\n<li>Informazioni generali : <a href=\"https:\/\/it.wikipedia.org\/wiki\/Montalcino\" target=\"_blank\" rel=\"noopener\">it.wikipedia.org<\/a><\/li>\n<li>Portali turistici : <a href=\"https:\/\/www.visittuscany.com\/it\/citta-e-borghi\/montalcino\/\" target=\"_blank\" rel=\"noopener\">www.visittuscany.com<\/a><\/li>\n<\/ul>\n\n<h2>Articoli sulla Val d&#8217;Orcia<\/h2>\n<ul class=\"lcp_catlist2\" id=\"lcp_instance_0\"><li><a href=\"https:\/\/www.latoscane.net\/it\/la-val-dorcia\/\">La Val d&#8217;Orcia<\/a><a href=\"https:\/\/www.latoscane.net\/it\/la-val-dorcia\/\" title=\"La Val d&#039;Orcia\"><img loading=\"lazy\" decoding=\"async\" width=\"150\" height=\"150\" src=\"https:\/\/www.latoscane.net\/wp-content\/uploads\/2017\/02\/toscane_toscana_9116-150x150.jpg\" class=\"lcp_thumbnail wp-post-image\" alt=\"La Val d&#039;Orcia\" srcset=\"https:\/\/www.latoscane.net\/wp-content\/uploads\/2017\/02\/toscane_toscana_9116-150x150.jpg 150w, https:\/\/www.latoscane.net\/wp-content\/uploads\/2017\/02\/toscane_toscana_9116-50x50.jpg 50w, https:\/\/www.latoscane.net\/wp-content\/uploads\/2017\/02\/toscane_toscana_9116-65x65.jpg 65w\" sizes=\"(max-width: 150px) 100vw, 150px\" \/><\/a><div class=\"lcp_excerpt\">\nNel sud del territorio di Siena, la Val d&#8217;Orcia \u00e8 una famosa destinazione turistica della Toscana, con i suoi paesaggi di cartoline emblematici della regione. La sua campagna armoniosa \u00e8 ...<\/div><\/li><li><a href=\"https:\/\/www.latoscane.net\/it\/montepulciano\/\">Montepulciano<\/a><a href=\"https:\/\/www.latoscane.net\/it\/montepulciano\/\" title=\"Montepulciano\"><img loading=\"lazy\" decoding=\"async\" width=\"150\" height=\"150\" src=\"https:\/\/www.latoscane.net\/wp-content\/uploads\/2017\/03\/montepulciano-toscana-8707-150x150.jpg\" class=\"lcp_thumbnail wp-post-image\" alt=\"Montepulciano\" srcset=\"https:\/\/www.latoscane.net\/wp-content\/uploads\/2017\/03\/montepulciano-toscana-8707-150x150.jpg 150w, https:\/\/www.latoscane.net\/wp-content\/uploads\/2017\/03\/montepulciano-toscana-8707-50x50.jpg 50w, https:\/\/www.latoscane.net\/wp-content\/uploads\/2017\/03\/montepulciano-toscana-8707-65x65.jpg 65w\" sizes=\"(max-width: 150px) 100vw, 150px\" \/><\/a><div class=\"lcp_excerpt\">\nMontepulciano \u00e8 una bella citt\u00e0 di circa 14.000 abitanti, visitata per il suo pittoresco centro medievale e dagli amanti dei buoni vini. Si trova a 605 metri di altitudine, tra ...<\/div><\/li><li><a href=\"https:\/\/www.latoscane.net\/it\/pienza\/\">Pienza<\/a><a href=\"https:\/\/www.latoscane.net\/it\/pienza\/\" title=\"Pienza\"><img loading=\"lazy\" decoding=\"async\" width=\"150\" height=\"150\" src=\"https:\/\/www.latoscane.net\/wp-content\/uploads\/2017\/03\/pienza-toscana-8705-150x150.jpg\" class=\"lcp_thumbnail wp-post-image\" alt=\"Pienza\" srcset=\"https:\/\/www.latoscane.net\/wp-content\/uploads\/2017\/03\/pienza-toscana-8705-150x150.jpg 150w, https:\/\/www.latoscane.net\/wp-content\/uploads\/2017\/03\/pienza-toscana-8705-50x50.jpg 50w, https:\/\/www.latoscane.net\/wp-content\/uploads\/2017\/03\/pienza-toscana-8705-65x65.jpg 65w\" sizes=\"(max-width: 150px) 100vw, 150px\" \/><\/a><div class=\"lcp_excerpt\">\nNel cuore della Val d&#8217;Orcia e dei suoi paesaggi unici si trova Pienza, uno dei borghi pi\u00f9 belli della Toscana, a sud della provincia di Siena, dove vivono poco pi\u00f9 ...<\/div><\/li><li><a href=\"https:\/\/www.latoscane.net\/it\/radicofani\/\">Radicofani in Toscana<\/a><a href=\"https:\/\/www.latoscane.net\/it\/radicofani\/\" title=\"Radicofani in Toscana\"><img loading=\"lazy\" decoding=\"async\" width=\"150\" height=\"150\" src=\"https:\/\/www.latoscane.net\/wp-content\/uploads\/2017\/03\/radicofani-toscana-8695-150x150.jpg\" class=\"lcp_thumbnail wp-post-image\" alt=\"Radicofani in Toscana\" srcset=\"https:\/\/www.latoscane.net\/wp-content\/uploads\/2017\/03\/radicofani-toscana-8695-150x150.jpg 150w, https:\/\/www.latoscane.net\/wp-content\/uploads\/2017\/03\/radicofani-toscana-8695-50x50.jpg 50w, https:\/\/www.latoscane.net\/wp-content\/uploads\/2017\/03\/radicofani-toscana-8695-65x65.jpg 65w\" sizes=\"(max-width: 150px) 100vw, 150px\" \/><\/a><div class=\"lcp_excerpt\">\nRadicofani si distingue per l&#8217;imponente rocca di origine medievale, una delle pi\u00f9 belle della Toscana che domina dalla sua bella eminenza della Val d&#8217;Orcia. Fu per lungo tempo una posizione ...<\/div><\/li><li><a href=\"https:\/\/www.latoscane.net\/it\/san-quirico-d-orcia\/\">San Quirico d&#8217;Orcia<\/a><a href=\"https:\/\/www.latoscane.net\/it\/san-quirico-d-orcia\/\" title=\"San Quirico d&#039;Orcia\"><img loading=\"lazy\" decoding=\"async\" width=\"150\" height=\"150\" src=\"https:\/\/www.latoscane.net\/wp-content\/uploads\/2024\/08\/collegiata-dei-santi-quirico-e-giulitta-san-quirico-d-orcia-4149-150x150.jpg\" class=\"lcp_thumbnail wp-post-image\" alt=\"San Quirico d&#039;Orcia\" srcset=\"https:\/\/www.latoscane.net\/wp-content\/uploads\/2024\/08\/collegiata-dei-santi-quirico-e-giulitta-san-quirico-d-orcia-4149-150x150.jpg 150w, https:\/\/www.latoscane.net\/wp-content\/uploads\/2024\/08\/collegiata-dei-santi-quirico-e-giulitta-san-quirico-d-orcia-4149-50x50.jpg 50w, https:\/\/www.latoscane.net\/wp-content\/uploads\/2024\/08\/collegiata-dei-santi-quirico-e-giulitta-san-quirico-d-orcia-4149-80x80.jpg 80w, https:\/\/www.latoscane.net\/wp-content\/uploads\/2024\/08\/collegiata-dei-santi-quirico-e-giulitta-san-quirico-d-orcia-4149-75x75.jpg 75w\" sizes=\"(max-width: 150px) 100vw, 150px\" \/><\/a><div class=\"lcp_excerpt\">\nNel cuore delle incantevoli colline della Val d&#8217;Orcia, San Quirico d&#8217;Orcia \u00e8 uno dei borghi pi\u00f9 belli della Toscana, situato lungo il camino di pellegrinaggio della Via Francigena, tappa tra ...<\/div><\/li><li class=\"current\"><a href=\"https:\/\/www.latoscane.net\/it\/montalcino\/\">Montalcino<\/a><a href=\"https:\/\/www.latoscane.net\/it\/montalcino\/\" title=\"Montalcino\"><img loading=\"lazy\" decoding=\"async\" width=\"150\" height=\"150\" src=\"https:\/\/www.latoscane.net\/wp-content\/uploads\/2017\/02\/piazza-garibaldi-montalcino-4226-150x150.jpg\" class=\"lcp_thumbnail wp-post-image\" alt=\"Montalcino\" srcset=\"https:\/\/www.latoscane.net\/wp-content\/uploads\/2017\/02\/piazza-garibaldi-montalcino-4226-150x150.jpg 150w, https:\/\/www.latoscane.net\/wp-content\/uploads\/2017\/02\/piazza-garibaldi-montalcino-4226-50x50.jpg 50w, https:\/\/www.latoscane.net\/wp-content\/uploads\/2017\/02\/piazza-garibaldi-montalcino-4226-80x80.jpg 80w, https:\/\/www.latoscane.net\/wp-content\/uploads\/2017\/02\/piazza-garibaldi-montalcino-4226-75x75.jpg 75w\" sizes=\"(max-width: 150px) 100vw, 150px\" \/><\/a><div class=\"lcp_excerpt\">\nAd ovest della Val d&#8217;Orcia, Montalcino \u00e8 un comune toscano famoso per il Brunello, il suo ottimo vino apprezzato in tutto il mondo, elaborato dal XIX secolo in tutto il ...<\/div><\/li><li><a href=\"https:\/\/www.latoscane.net\/it\/castiglione-e-rocca-d-orcia\/\">Castiglione e Rocca d&#8217;Orcia<\/a><a href=\"https:\/\/www.latoscane.net\/it\/castiglione-e-rocca-d-orcia\/\" title=\"Castiglione e Rocca d&#039;Orcia\"><img loading=\"lazy\" decoding=\"async\" width=\"150\" height=\"150\" src=\"https:\/\/www.latoscane.net\/wp-content\/uploads\/2017\/01\/castiglione-d-orcia-toscana-4590-150x150.jpg\" class=\"lcp_thumbnail wp-post-image\" alt=\"Castiglione e Rocca d&#039;Orcia\" srcset=\"https:\/\/www.latoscane.net\/wp-content\/uploads\/2017\/01\/castiglione-d-orcia-toscana-4590-150x150.jpg 150w, https:\/\/www.latoscane.net\/wp-content\/uploads\/2017\/01\/castiglione-d-orcia-toscana-4590-50x50.jpg 50w, https:\/\/www.latoscane.net\/wp-content\/uploads\/2017\/01\/castiglione-d-orcia-toscana-4590-80x80.jpg 80w, https:\/\/www.latoscane.net\/wp-content\/uploads\/2017\/01\/castiglione-d-orcia-toscana-4590-75x75.jpg 75w\" sizes=\"(max-width: 150px) 100vw, 150px\" \/><\/a><div class=\"lcp_excerpt\">\nCastiglione d&#8217;Orcia\nCastiglione d&#8217;Orcia \u00e8 un fiero borgo della Val d&#8217;Orcia, borgo medievale ai piedi della potente Rocca Aldobrandeschi del XIV secolo che domina tutta la valle dalle falde del Monte ...<\/div><\/li><li><a href=\"https:\/\/www.latoscane.net\/it\/bagni-san-filippo-e-vivo-dorcia\/\">Bagni San Filippo e Vivo d&#8217;Orcia<\/a><a href=\"https:\/\/www.latoscane.net\/it\/bagni-san-filippo-e-vivo-dorcia\/\" title=\"Bagni San Filippo e Vivo d&#039;Orcia\"><img loading=\"lazy\" decoding=\"async\" width=\"150\" height=\"150\" src=\"https:\/\/www.latoscane.net\/wp-content\/uploads\/2024\/08\/bagni-san-filippo-5446-150x150.jpg\" class=\"lcp_thumbnail wp-post-image\" alt=\"Bagni San Filippo e Vivo d&#039;Orcia\" srcset=\"https:\/\/www.latoscane.net\/wp-content\/uploads\/2024\/08\/bagni-san-filippo-5446-150x150.jpg 150w, https:\/\/www.latoscane.net\/wp-content\/uploads\/2024\/08\/bagni-san-filippo-5446-50x50.jpg 50w, https:\/\/www.latoscane.net\/wp-content\/uploads\/2024\/08\/bagni-san-filippo-5446-80x80.jpg 80w, https:\/\/www.latoscane.net\/wp-content\/uploads\/2024\/08\/bagni-san-filippo-5446-75x75.jpg 75w\" sizes=\"(max-width: 150px) 100vw, 150px\" \/><\/a><div class=\"lcp_excerpt\">\nBagni San Filippo\nSulle pendici orientali del monte Amiata, ai margini della Val d&#8217;Orcia, Bagni San Filippo \u00e8 un borgo termale le cui acque sono conosciute fin dall&#8217;antichit\u00e0. Le sue acque ...<\/div><\/li><li><a href=\"https:\/\/www.latoscane.net\/it\/abbadia-san-salvatore\/\">Abbadia San Salvatore<\/a><a href=\"https:\/\/www.latoscane.net\/it\/abbadia-san-salvatore\/\" title=\"Abbadia San Salvatore\"><img loading=\"lazy\" decoding=\"async\" width=\"150\" height=\"150\" src=\"https:\/\/www.latoscane.net\/wp-content\/uploads\/2024\/08\/abbadia-san-salvatore-5454-150x150.jpg\" class=\"lcp_thumbnail wp-post-image\" alt=\"Abbadia San Salvatore\" srcset=\"https:\/\/www.latoscane.net\/wp-content\/uploads\/2024\/08\/abbadia-san-salvatore-5454-150x150.jpg 150w, https:\/\/www.latoscane.net\/wp-content\/uploads\/2024\/08\/abbadia-san-salvatore-5454-50x50.jpg 50w, https:\/\/www.latoscane.net\/wp-content\/uploads\/2024\/08\/abbadia-san-salvatore-5454-80x80.jpg 80w, https:\/\/www.latoscane.net\/wp-content\/uploads\/2024\/08\/abbadia-san-salvatore-5454-75x75.jpg 75w\" sizes=\"(max-width: 150px) 100vw, 150px\" \/><\/a><div class=\"lcp_excerpt\">\nAbbadia San Salvatore \u00e8 un caratteristico borgo del Monte Amiata, il pi\u00f9 alto, a 800 metri di altitudine sul versante orientale della montagna. \u00c8 una destinazione apprezzata in estate per ...<\/div><\/li><li><a href=\"https:\/\/www.latoscane.net\/it\/san-casciano-dei-bagni\/\">San Casciano dei Bagni<\/a><a href=\"https:\/\/www.latoscane.net\/it\/san-casciano-dei-bagni\/\" title=\"San Casciano dei Bagni\"><img loading=\"lazy\" decoding=\"async\" width=\"150\" height=\"150\" src=\"https:\/\/www.latoscane.net\/wp-content\/uploads\/2017\/02\/san-casciano-dei-bagni-5540-150x150.jpg\" class=\"lcp_thumbnail wp-post-image\" alt=\"San Casciano dei Bagni\" srcset=\"https:\/\/www.latoscane.net\/wp-content\/uploads\/2017\/02\/san-casciano-dei-bagni-5540-150x150.jpg 150w, https:\/\/www.latoscane.net\/wp-content\/uploads\/2017\/02\/san-casciano-dei-bagni-5540-50x50.jpg 50w, https:\/\/www.latoscane.net\/wp-content\/uploads\/2017\/02\/san-casciano-dei-bagni-5540-80x80.jpg 80w, https:\/\/www.latoscane.net\/wp-content\/uploads\/2017\/02\/san-casciano-dei-bagni-5540-75x75.jpg 75w\" sizes=\"(max-width: 150px) 100vw, 150px\" \/><\/a><div class=\"lcp_excerpt\">\nVicino alla sorgente dell&#8217;Orcia e geograficamente indicato nella Val di Chiana Senese, San Casciano dei Bagni \u00e8 un rinomato paese termale circondato da sorgenti sulfuree dalle propriet\u00e0 curative. I primi ...<\/div><\/li><li><a href=\"https:\/\/www.latoscane.net\/it\/abbazia-di-sant-antimo\/\">Abbazia di Sant&#8217;Antimo<\/a><a href=\"https:\/\/www.latoscane.net\/it\/abbazia-di-sant-antimo\/\" title=\"Abbazia di Sant&#039;Antimo\"><img loading=\"lazy\" decoding=\"async\" width=\"150\" height=\"150\" src=\"https:\/\/www.latoscane.net\/wp-content\/uploads\/2024\/08\/esterno-abbazia-di-sant-antimo-toscana-4634b-150x150.jpg\" class=\"lcp_thumbnail wp-post-image\" alt=\"Abbazia di Sant&#039;Antimo\" srcset=\"https:\/\/www.latoscane.net\/wp-content\/uploads\/2024\/08\/esterno-abbazia-di-sant-antimo-toscana-4634b-150x150.jpg 150w, https:\/\/www.latoscane.net\/wp-content\/uploads\/2024\/08\/esterno-abbazia-di-sant-antimo-toscana-4634b-50x50.jpg 50w, https:\/\/www.latoscane.net\/wp-content\/uploads\/2024\/08\/esterno-abbazia-di-sant-antimo-toscana-4634b-80x80.jpg 80w, https:\/\/www.latoscane.net\/wp-content\/uploads\/2024\/08\/esterno-abbazia-di-sant-antimo-toscana-4634b-75x75.jpg 75w\" sizes=\"(max-width: 150px) 100vw, 150px\" \/><\/a><div class=\"lcp_excerpt\">\nA 10 km a sud di Montalcino, l&#8217;Abbazia di Sant&#8217;Antimo ha una delle pi\u00f9 belle chiese romaniche della Toscana, ai piedi del borgo di Castelnuovo dell&#8217;Abate, nella valle della Starcia, ...<\/div><\/li><li><a href=\"https:\/\/www.latoscane.net\/it\/bagno-vignoni-in-toscana\/\">Bagno Vignoni in Toscana<\/a><a href=\"https:\/\/www.latoscane.net\/it\/bagno-vignoni-in-toscana\/\" title=\"Bagno Vignoni in Toscana\"><img loading=\"lazy\" decoding=\"async\" width=\"150\" height=\"150\" src=\"https:\/\/www.latoscane.net\/wp-content\/uploads\/2024\/08\/bagno-vignoni-parco-dei-mulini-4585-150x150.jpg\" class=\"lcp_thumbnail wp-post-image\" alt=\"Bagno Vignoni in Toscana\" srcset=\"https:\/\/www.latoscane.net\/wp-content\/uploads\/2024\/08\/bagno-vignoni-parco-dei-mulini-4585-150x150.jpg 150w, https:\/\/www.latoscane.net\/wp-content\/uploads\/2024\/08\/bagno-vignoni-parco-dei-mulini-4585-50x50.jpg 50w, https:\/\/www.latoscane.net\/wp-content\/uploads\/2024\/08\/bagno-vignoni-parco-dei-mulini-4585-80x80.jpg 80w, https:\/\/www.latoscane.net\/wp-content\/uploads\/2024\/08\/bagno-vignoni-parco-dei-mulini-4585-75x75.jpg 75w\" sizes=\"(max-width: 150px) 100vw, 150px\" \/><\/a><div class=\"lcp_excerpt\">\nSituato vicino alla via Francigena, tra Castiglione e San Quirico, Bagno Vignoni \u00e8 un piccolo borgo bagnato da acque termali utilizzate almeno fin dall&#8217;epoca romana.\nPresentazione\nIl nome del paese deriva dal ...<\/div><\/li><li><a href=\"https:\/\/www.latoscane.net\/it\/cetona-e-dintorni\/\">Cetona e dintorni<\/a><a href=\"https:\/\/www.latoscane.net\/it\/cetona-e-dintorni\/\" title=\"Cetona e dintorni\"><img loading=\"lazy\" decoding=\"async\" width=\"150\" height=\"150\" src=\"https:\/\/www.latoscane.net\/wp-content\/uploads\/2017\/01\/cetona-150x150.png\" class=\"lcp_thumbnail wp-post-image\" alt=\"Cetona e dintorni\" srcset=\"https:\/\/www.latoscane.net\/wp-content\/uploads\/2017\/01\/cetona-150x150.png 150w, https:\/\/www.latoscane.net\/wp-content\/uploads\/2017\/01\/cetona-50x50.png 50w, https:\/\/www.latoscane.net\/wp-content\/uploads\/2017\/01\/cetona-80x80.png 80w, https:\/\/www.latoscane.net\/wp-content\/uploads\/2017\/01\/cetona-75x75.png 75w\" sizes=\"(max-width: 150px) 100vw, 150px\" \/><\/a><div class=\"lcp_excerpt\">\nVillaggio di Cetona\nSituato sulle pendici dell&#8217;omonima montagna, Cetona \u00e8 un borgo di origine medievale. Per le sue diverse qualit\u00e0, gode della bandiera arancione del Touring Club italiano. Entrando nel borgo, ...<\/div><\/li><li><a href=\"https:\/\/www.latoscane.net\/it\/sarteano-in-toscana\/\">Sarteano in Toscana<\/a><a href=\"https:\/\/www.latoscane.net\/it\/sarteano-in-toscana\/\" title=\"Sarteano in Toscana\"><img loading=\"lazy\" decoding=\"async\" width=\"150\" height=\"150\" src=\"https:\/\/www.latoscane.net\/wp-content\/uploads\/2024\/08\/chateau-de-sarteano-3989-150x150.jpg\" class=\"lcp_thumbnail wp-post-image\" alt=\"Sarteano in Toscana\" srcset=\"https:\/\/www.latoscane.net\/wp-content\/uploads\/2024\/08\/chateau-de-sarteano-3989-150x150.jpg 150w, https:\/\/www.latoscane.net\/wp-content\/uploads\/2024\/08\/chateau-de-sarteano-3989-50x50.jpg 50w, https:\/\/www.latoscane.net\/wp-content\/uploads\/2024\/08\/chateau-de-sarteano-3989-80x80.jpg 80w, https:\/\/www.latoscane.net\/wp-content\/uploads\/2024\/08\/chateau-de-sarteano-3989-75x75.jpg 75w\" sizes=\"(max-width: 150px) 100vw, 150px\" \/><\/a><div class=\"lcp_excerpt\">\nSarteano \u00e8 un paese situato tra la Val d&#8217;Orcia e la Val di Chiana, poco frequentato dai turisti. Il suo castello \u00e8 la principale attrazione, con il museo archeologico anche ...<\/div><\/li><\/ul>","protected":false},"excerpt":{"rendered":"<p>Ad ovest della Val d&#8217;Orcia, Montalcino \u00e8 un comune toscano famoso per il Brunello, il suo ottimo vino apprezzato in tutto il mondo, elaborato dal XIX secolo in tutto il mondo a partire dal Sangiovese. Costruita su una collina circondata da vigneti e boschi, \u00e8 anche una bella cittadina medievale ricca di arte e storia, [&hellip;]<\/p>\n","protected":false},"author":1,"featured_media":7174,"comment_status":"open","ping_status":"open","sticky":false,"template":"","format":"standard","meta":{"_acf_changed":false,"footnotes":"","_links_to":"","_links_to_target":""},"categories":[116],"tags":[],"acf":[],"yoast_head":"<!-- This site is optimized with the Yoast SEO plugin v22.8 - https:\/\/yoast.com\/wordpress\/plugins\/seo\/ -->\n<title>Montalcino : il paese medievale e suo vino<\/title>\n<meta name=\"description\" content=\"In Val d&#039;Orcia, il borgo medievale di Montalcino \u00e8 noto per il Brunello, vino apprezzato in tutto il mondo, con un centro storico che non ha subito modifiche\" \/>\n<meta name=\"robots\" content=\"index, follow, max-snippet:-1, max-image-preview:large, max-video-preview:-1\" \/>\n<link rel=\"canonical\" href=\"https:\/\/www.latoscane.net\/montalcino\/\" \/>\n<meta property=\"og:locale\" content=\"it_IT\" \/>\n<meta property=\"og:type\" content=\"article\" \/>\n<meta property=\"og:title\" content=\"Montalcino : il paese medievale e suo vino\" \/>\n<meta property=\"og:description\" content=\"In Val d&#039;Orcia, il borgo medievale di Montalcino \u00e8 noto per il Brunello, vino apprezzato in tutto il mondo, con un centro storico che non ha subito modifiche\" \/>\n<meta property=\"og:url\" content=\"https:\/\/www.latoscane.net\/montalcino\/\" \/>\n<meta property=\"og:site_name\" content=\"LaToscane.net\" \/>\n<meta property=\"article:published_time\" content=\"2024-03-12T13:45:48+00:00\" \/>\n<meta property=\"article:modified_time\" content=\"2025-09-09T11:44:39+00:00\" \/>\n<meta property=\"og:image\" content=\"https:\/\/www.latoscane.net\/wp-content\/uploads\/2017\/02\/piazza-garibaldi-montalcino-4226.jpg\" \/>\n\t<meta property=\"og:image:width\" content=\"1200\" \/>\n\t<meta property=\"og:image:height\" content=\"800\" \/>\n\t<meta property=\"og:image:type\" content=\"image\/jpeg\" \/>\n<meta name=\"author\" content=\"Galgano\" \/>\n<meta name=\"twitter:card\" content=\"summary_large_image\" \/>\n<meta name=\"twitter:label1\" content=\"Scritto da\" \/>\n\t<meta name=\"twitter:data1\" content=\"Galgano\" \/>\n\t<meta name=\"twitter:label2\" content=\"Tempo di lettura stimato\" \/>\n\t<meta name=\"twitter:data2\" content=\"7 minuti\" \/>\n<script type=\"application\/ld+json\" class=\"yoast-schema-graph\">{\"@context\":\"https:\/\/schema.org\",\"@graph\":[{\"@type\":\"WebPage\",\"@id\":\"https:\/\/www.latoscane.net\/montalcino\/\",\"url\":\"https:\/\/www.latoscane.net\/montalcino\/\",\"name\":\"Montalcino : il paese medievale e suo vino\",\"isPartOf\":{\"@id\":\"https:\/\/www.latoscane.net\/#website\"},\"primaryImageOfPage\":{\"@id\":\"https:\/\/www.latoscane.net\/montalcino\/#primaryimage\"},\"image\":{\"@id\":\"https:\/\/www.latoscane.net\/montalcino\/#primaryimage\"},\"thumbnailUrl\":\"https:\/\/www.latoscane.net\/wp-content\/uploads\/2017\/02\/piazza-garibaldi-montalcino-4226.jpg\",\"datePublished\":\"2024-03-12T13:45:48+00:00\",\"dateModified\":\"2025-09-09T11:44:39+00:00\",\"author\":{\"@id\":\"https:\/\/www.latoscane.net\/#\/schema\/person\/dae56e679cb6d9bdaf2b0b54b1320d42\"},\"description\":\"In Val d'Orcia, il borgo medievale di Montalcino \u00e8 noto per il Brunello, vino apprezzato in tutto il mondo, con un centro storico che non ha subito modifiche\",\"breadcrumb\":{\"@id\":\"https:\/\/www.latoscane.net\/montalcino\/#breadcrumb\"},\"inLanguage\":\"it-IT\",\"potentialAction\":[{\"@type\":\"ReadAction\",\"target\":[\"https:\/\/www.latoscane.net\/montalcino\/\"]}]},{\"@type\":\"ImageObject\",\"inLanguage\":\"it-IT\",\"@id\":\"https:\/\/www.latoscane.net\/montalcino\/#primaryimage\",\"url\":\"https:\/\/www.latoscane.net\/wp-content\/uploads\/2017\/02\/piazza-garibaldi-montalcino-4226.jpg\",\"contentUrl\":\"https:\/\/www.latoscane.net\/wp-content\/uploads\/2017\/02\/piazza-garibaldi-montalcino-4226.jpg\",\"width\":1200,\"height\":800,\"caption\":\"Foto della Piazza Garibaldi a Montalcino\"},{\"@type\":\"BreadcrumbList\",\"@id\":\"https:\/\/www.latoscane.net\/montalcino\/#breadcrumb\",\"itemListElement\":[{\"@type\":\"ListItem\",\"position\":1,\"name\":\"Accueil\",\"item\":\"https:\/\/www.latoscane.net\/it\/\"},{\"@type\":\"ListItem\",\"position\":2,\"name\":\"Montalcino\"}]},{\"@type\":\"WebSite\",\"@id\":\"https:\/\/www.latoscane.net\/#website\",\"url\":\"https:\/\/www.latoscane.net\/\",\"name\":\"LaToscane.net\",\"description\":\"Visita della regione Toscana\",\"potentialAction\":[{\"@type\":\"SearchAction\",\"target\":{\"@type\":\"EntryPoint\",\"urlTemplate\":\"https:\/\/www.latoscane.net\/?s={search_term_string}\"},\"query-input\":\"required name=search_term_string\"}],\"inLanguage\":\"it-IT\"},{\"@type\":\"Person\",\"@id\":\"https:\/\/www.latoscane.net\/#\/schema\/person\/dae56e679cb6d9bdaf2b0b54b1320d42\",\"name\":\"Galgano\",\"url\":\"https:\/\/www.latoscane.net\/it\/author\/will\/\"}]}<\/script>\n<!-- \/ Yoast SEO plugin. -->","yoast_head_json":{"title":"Montalcino : il paese medievale e suo vino","description":"In Val d'Orcia, il borgo medievale di Montalcino \u00e8 noto per il Brunello, vino apprezzato in tutto il mondo, con un centro storico che non ha subito modifiche","robots":{"index":"index","follow":"follow","max-snippet":"max-snippet:-1","max-image-preview":"max-image-preview:large","max-video-preview":"max-video-preview:-1"},"canonical":"https:\/\/www.latoscane.net\/montalcino\/","og_locale":"it_IT","og_type":"article","og_title":"Montalcino : il paese medievale e suo vino","og_description":"In Val d'Orcia, il borgo medievale di Montalcino \u00e8 noto per il Brunello, vino apprezzato in tutto il mondo, con un centro storico che non ha subito modifiche","og_url":"https:\/\/www.latoscane.net\/montalcino\/","og_site_name":"LaToscane.net","article_published_time":"2024-03-12T13:45:48+00:00","article_modified_time":"2025-09-09T11:44:39+00:00","og_image":[{"width":1200,"height":800,"url":"https:\/\/www.latoscane.net\/wp-content\/uploads\/2017\/02\/piazza-garibaldi-montalcino-4226.jpg","type":"image\/jpeg"}],"author":"Galgano","twitter_card":"summary_large_image","twitter_misc":{"Scritto da":"Galgano","Tempo di lettura stimato":"7 minuti"},"schema":{"@context":"https:\/\/schema.org","@graph":[{"@type":"WebPage","@id":"https:\/\/www.latoscane.net\/montalcino\/","url":"https:\/\/www.latoscane.net\/montalcino\/","name":"Montalcino : il paese medievale e suo vino","isPartOf":{"@id":"https:\/\/www.latoscane.net\/#website"},"primaryImageOfPage":{"@id":"https:\/\/www.latoscane.net\/montalcino\/#primaryimage"},"image":{"@id":"https:\/\/www.latoscane.net\/montalcino\/#primaryimage"},"thumbnailUrl":"https:\/\/www.latoscane.net\/wp-content\/uploads\/2017\/02\/piazza-garibaldi-montalcino-4226.jpg","datePublished":"2024-03-12T13:45:48+00:00","dateModified":"2025-09-09T11:44:39+00:00","author":{"@id":"https:\/\/www.latoscane.net\/#\/schema\/person\/dae56e679cb6d9bdaf2b0b54b1320d42"},"description":"In Val d'Orcia, il borgo medievale di Montalcino \u00e8 noto per il Brunello, vino apprezzato in tutto il mondo, con un centro storico che non ha subito modifiche","breadcrumb":{"@id":"https:\/\/www.latoscane.net\/montalcino\/#breadcrumb"},"inLanguage":"it-IT","potentialAction":[{"@type":"ReadAction","target":["https:\/\/www.latoscane.net\/montalcino\/"]}]},{"@type":"ImageObject","inLanguage":"it-IT","@id":"https:\/\/www.latoscane.net\/montalcino\/#primaryimage","url":"https:\/\/www.latoscane.net\/wp-content\/uploads\/2017\/02\/piazza-garibaldi-montalcino-4226.jpg","contentUrl":"https:\/\/www.latoscane.net\/wp-content\/uploads\/2017\/02\/piazza-garibaldi-montalcino-4226.jpg","width":1200,"height":800,"caption":"Foto della Piazza Garibaldi a Montalcino"},{"@type":"BreadcrumbList","@id":"https:\/\/www.latoscane.net\/montalcino\/#breadcrumb","itemListElement":[{"@type":"ListItem","position":1,"name":"Accueil","item":"https:\/\/www.latoscane.net\/it\/"},{"@type":"ListItem","position":2,"name":"Montalcino"}]},{"@type":"WebSite","@id":"https:\/\/www.latoscane.net\/#website","url":"https:\/\/www.latoscane.net\/","name":"LaToscane.net","description":"Visita della regione Toscana","potentialAction":[{"@type":"SearchAction","target":{"@type":"EntryPoint","urlTemplate":"https:\/\/www.latoscane.net\/?s={search_term_string}"},"query-input":"required name=search_term_string"}],"inLanguage":"it-IT"},{"@type":"Person","@id":"https:\/\/www.latoscane.net\/#\/schema\/person\/dae56e679cb6d9bdaf2b0b54b1320d42","name":"Galgano","url":"https:\/\/www.latoscane.net\/it\/author\/will\/"}]}},"_links":{"self":[{"href":"https:\/\/www.latoscane.net\/it\/wp-json\/wp\/v2\/posts\/11189"}],"collection":[{"href":"https:\/\/www.latoscane.net\/it\/wp-json\/wp\/v2\/posts"}],"about":[{"href":"https:\/\/www.latoscane.net\/it\/wp-json\/wp\/v2\/types\/post"}],"author":[{"embeddable":true,"href":"https:\/\/www.latoscane.net\/it\/wp-json\/wp\/v2\/users\/1"}],"replies":[{"embeddable":true,"href":"https:\/\/www.latoscane.net\/it\/wp-json\/wp\/v2\/comments?post=11189"}],"version-history":[{"count":3,"href":"https:\/\/www.latoscane.net\/it\/wp-json\/wp\/v2\/posts\/11189\/revisions"}],"predecessor-version":[{"id":13872,"href":"https:\/\/www.latoscane.net\/it\/wp-json\/wp\/v2\/posts\/11189\/revisions\/13872"}],"wp:featuredmedia":[{"embeddable":true,"href":"https:\/\/www.latoscane.net\/it\/wp-json\/wp\/v2\/media\/7174"}],"wp:attachment":[{"href":"https:\/\/www.latoscane.net\/it\/wp-json\/wp\/v2\/media?parent=11189"}],"wp:term":[{"taxonomy":"category","embeddable":true,"href":"https:\/\/www.latoscane.net\/it\/wp-json\/wp\/v2\/categories?post=11189"},{"taxonomy":"post_tag","embeddable":true,"href":"https:\/\/www.latoscane.net\/it\/wp-json\/wp\/v2\/tags?post=11189"}],"curies":[{"name":"wp","href":"https:\/\/api.w.org\/{rel}","templated":true}]}}