{"id":11213,"date":"2024-01-22T10:57:41","date_gmt":"2024-01-22T09:57:41","guid":{"rendered":"https:\/\/www.latoscane.net\/abbazia-di-santantimo\/"},"modified":"2025-09-09T11:16:38","modified_gmt":"2025-09-09T09:16:38","slug":"abbazia-di-sant-antimo","status":"publish","type":"post","link":"https:\/\/www.latoscane.net\/it\/abbazia-di-sant-antimo\/","title":{"rendered":"Abbazia di Sant&#8217;Antimo"},"content":{"rendered":"\n<p>A 10 km a sud di Montalcino, l&#8217;<strong>Abbazia di Sant&#8217;Antimo<\/strong> ha una delle pi\u00f9 belle chiese romaniche della Toscana, ai piedi del borgo di Castelnuovo dell&#8217;Abate, nella valle della Starcia, un affluente del fiume Orcia. La sua fondazione, secondo la leggenda, sarebbe stata decisa dal passaggio di Carlo Magno, ma sembra anteriore. Era anche un ex convento benedettino.  <\/p>\n<h2>Descrizione<\/h2>\n<p>La sua architettura romanica mescola influenze francesi e lombarde. L&#8217;attuale edificio risale all&#8217;inizio del XII secolo, mentre l&#8217;altare maggiore reca la data del 1118. L&#8217;abbazia fu modificata e ampliata pi\u00f9 volte. Della vecchia struttura rimane la cappella carolingia divenuta sacrestia della chiesa abbaziale, e i resti della sala capitolare. Sono rimasti anche alcuni elementi del vecchio chiostro. <\/p>\n\n<figure class=\"wp-block-gallery has-nested-images columns-default is-cropped wp-block-gallery-2 is-layout-flex wp-block-gallery-is-layout-flex\">\n<figure class=\"wp-block-image size-medium\"><a href=\"https:\/\/www.latoscane.net\/wp-content\/uploads\/2024\/08\/abbazia-di-sant-antimo-toscana-4615b-300x200.jpg\"><img loading=\"lazy\" decoding=\"async\" width=\"300\" height=\"200\" data-id=\"7110\" src=\"https:\/\/www.latoscane.net\/wp-content\/uploads\/2024\/08\/abbazia-di-sant-antimo-toscana-4615b-300x200.jpg\" alt=\"Foto dell'insieme dell'abbazia di Sant'Antimo\" class=\"wp-image-7110\" srcset=\"https:\/\/www.latoscane.net\/wp-content\/uploads\/2024\/08\/abbazia-di-sant-antimo-toscana-4615b-300x200.jpg 300w, https:\/\/www.latoscane.net\/wp-content\/uploads\/2024\/08\/abbazia-di-sant-antimo-toscana-4615b-1024x683.jpg 1024w, https:\/\/www.latoscane.net\/wp-content\/uploads\/2024\/08\/abbazia-di-sant-antimo-toscana-4615b-768x512.jpg 768w, https:\/\/www.latoscane.net\/wp-content\/uploads\/2024\/08\/abbazia-di-sant-antimo-toscana-4615b.jpg 1200w\" sizes=\"(max-width: 300px) 100vw, 300px\" \/><\/a><figcaption class=\"wp-element-caption\">Sant&#8217;Antimo<\/figcaption><\/figure>\n\n\n<figure class=\"wp-block-image size-medium\"><a href=\"https:\/\/www.latoscane.net\/wp-content\/uploads\/2024\/08\/facciata-portale-sant-antimo-toscana-4618b-300x200.jpg\"><img loading=\"lazy\" decoding=\"async\" width=\"300\" height=\"200\" data-id=\"7113\" src=\"https:\/\/www.latoscane.net\/wp-content\/uploads\/2024\/08\/facciata-portale-sant-antimo-toscana-4618b-300x200.jpg\" alt=\"Foto della facciata e del portale di Sant'Antimo\" class=\"wp-image-7113\" srcset=\"https:\/\/www.latoscane.net\/wp-content\/uploads\/2024\/08\/facciata-portale-sant-antimo-toscana-4618b-300x200.jpg 300w, https:\/\/www.latoscane.net\/wp-content\/uploads\/2024\/08\/facciata-portale-sant-antimo-toscana-4618b-1024x683.jpg 1024w, https:\/\/www.latoscane.net\/wp-content\/uploads\/2024\/08\/facciata-portale-sant-antimo-toscana-4618b-768x512.jpg 768w, https:\/\/www.latoscane.net\/wp-content\/uploads\/2024\/08\/facciata-portale-sant-antimo-toscana-4618b.jpg 1200w\" sizes=\"(max-width: 300px) 100vw, 300px\" \/><\/a><figcaption class=\"wp-element-caption\">Portale di Sant&#8217;Antimo<\/figcaption><\/figure><\/figure>\n<p>L&#8217;esterno della chiesa \u00e8 in travertino venato proveniente dalla vicina cava di Castelnuovo dell&#8217;Abate.<br \/>Il prezioso portale centrale risale al IX secolo, il campanile \u00e8 in stile romanico lombardo, e sulla parete orientale si trovano dei bassorilievi particolari come un toro alato con testa femminile, una Vergine col Bambino, ecc.<\/p>\n<p>L&#8217;interno \u00e8 a tre navate separate da grandi colonne con capitelli decorati: motivi vegetali, geometrici, mostri, ecc. Uno rappresenta <em>Daniele nella fossa dei leoni<\/em> che viene attribuito al Maestro di Cabesthany. A sinistra dell&#8217;abside un superbo portale del IX secolo ha varie decorazioni. <br \/>All&#8217;interno \u00e8 conservata una statua lignea della Madonna col Bambino del XIII secolo o un crocifisso dello stesso periodo. <\/p>\n\n<figure class=\"wp-block-gallery has-nested-images columns-4 is-cropped wp-block-gallery-3 is-layout-flex wp-block-gallery-is-layout-flex\">\n<figure class=\"wp-block-image size-medium\"><a href=\"https:\/\/www.latoscane.net\/wp-content\/uploads\/2024\/08\/abbaye-de-sant-antimo-toscane-4617b-300x200.jpg\"><img loading=\"lazy\" decoding=\"async\" width=\"300\" height=\"200\" data-id=\"7116\" src=\"https:\/\/www.latoscane.net\/wp-content\/uploads\/2024\/08\/abbaye-de-sant-antimo-toscane-4617b-300x200.jpg\" alt=\"Foot dell'abbazia di Sant'Antimo\" class=\"wp-image-7116\" srcset=\"https:\/\/www.latoscane.net\/wp-content\/uploads\/2024\/08\/abbaye-de-sant-antimo-toscane-4617b-300x200.jpg 300w, https:\/\/www.latoscane.net\/wp-content\/uploads\/2024\/08\/abbaye-de-sant-antimo-toscane-4617b-1024x683.jpg 1024w, https:\/\/www.latoscane.net\/wp-content\/uploads\/2024\/08\/abbaye-de-sant-antimo-toscane-4617b-768x512.jpg 768w, https:\/\/www.latoscane.net\/wp-content\/uploads\/2024\/08\/abbaye-de-sant-antimo-toscane-4617b.jpg 1200w\" sizes=\"(max-width: 300px) 100vw, 300px\" \/><\/a><figcaption class=\"wp-element-caption\">Facciata<\/figcaption><\/figure>\n\n\n<figure class=\"wp-block-image size-medium\"><a href=\"https:\/\/www.latoscane.net\/wp-content\/uploads\/2024\/08\/interno-navata-sant-antimo-toscana-4622b-300x200.jpg\"><img loading=\"lazy\" decoding=\"async\" width=\"300\" height=\"200\" data-id=\"7143\" src=\"https:\/\/www.latoscane.net\/wp-content\/uploads\/2024\/08\/interno-navata-sant-antimo-toscana-4622b-300x200.jpg\" alt=\"Veduta dell'interno di Sant'Antimo in Toscana\" class=\"wp-image-7143\" srcset=\"https:\/\/www.latoscane.net\/wp-content\/uploads\/2024\/08\/interno-navata-sant-antimo-toscana-4622b-300x200.jpg 300w, https:\/\/www.latoscane.net\/wp-content\/uploads\/2024\/08\/interno-navata-sant-antimo-toscana-4622b-1024x683.jpg 1024w, https:\/\/www.latoscane.net\/wp-content\/uploads\/2024\/08\/interno-navata-sant-antimo-toscana-4622b-768x512.jpg 768w, https:\/\/www.latoscane.net\/wp-content\/uploads\/2024\/08\/interno-navata-sant-antimo-toscana-4622b.jpg 1200w\" sizes=\"(max-width: 300px) 100vw, 300px\" \/><\/a><figcaption class=\"wp-element-caption\">Navata centrale<\/figcaption><\/figure>\n\n\n<figure class=\"wp-block-image size-medium\"><a href=\"https:\/\/www.latoscane.net\/wp-content\/uploads\/2024\/08\/abbaye-de-sant-antimo-toscane-4632b-200x300.jpg\"><img loading=\"lazy\" decoding=\"async\" width=\"200\" height=\"300\" data-id=\"7119\" src=\"https:\/\/www.latoscane.net\/wp-content\/uploads\/2024\/08\/abbaye-de-sant-antimo-toscane-4632b-200x300.jpg\" alt=\"Foto dell'interno di Sant'Antimo in Toscana\" class=\"wp-image-7119\" srcset=\"https:\/\/www.latoscane.net\/wp-content\/uploads\/2024\/08\/abbaye-de-sant-antimo-toscane-4632b-200x300.jpg 200w, https:\/\/www.latoscane.net\/wp-content\/uploads\/2024\/08\/abbaye-de-sant-antimo-toscane-4632b-683x1024.jpg 683w, https:\/\/www.latoscane.net\/wp-content\/uploads\/2024\/08\/abbaye-de-sant-antimo-toscane-4632b-768x1152.jpg 768w, https:\/\/www.latoscane.net\/wp-content\/uploads\/2024\/08\/abbaye-de-sant-antimo-toscane-4632b.jpg 800w\" sizes=\"(max-width: 200px) 100vw, 200px\" \/><\/a><figcaption class=\"wp-element-caption\">Colonnata<\/figcaption><\/figure>\n\n\n<figure class=\"wp-block-image size-medium\"><a href=\"https:\/\/www.latoscane.net\/wp-content\/uploads\/2024\/08\/capitelli-abbazia-di-sant-antimo-toscana-4633b-300x200.jpg\"><img loading=\"lazy\" decoding=\"async\" width=\"300\" height=\"200\" data-id=\"7125\" src=\"https:\/\/www.latoscane.net\/wp-content\/uploads\/2024\/08\/capitelli-abbazia-di-sant-antimo-toscana-4633b-300x200.jpg\" alt=\"Foto di un capitello di Sant'Antimo in Toscana\" class=\"wp-image-7125\" srcset=\"https:\/\/www.latoscane.net\/wp-content\/uploads\/2024\/08\/capitelli-abbazia-di-sant-antimo-toscana-4633b-300x200.jpg 300w, https:\/\/www.latoscane.net\/wp-content\/uploads\/2024\/08\/capitelli-abbazia-di-sant-antimo-toscana-4633b-1024x683.jpg 1024w, https:\/\/www.latoscane.net\/wp-content\/uploads\/2024\/08\/capitelli-abbazia-di-sant-antimo-toscana-4633b-768x512.jpg 768w, https:\/\/www.latoscane.net\/wp-content\/uploads\/2024\/08\/capitelli-abbazia-di-sant-antimo-toscana-4633b.jpg 1200w\" sizes=\"(max-width: 300px) 100vw, 300px\" \/><\/a><figcaption class=\"wp-element-caption\">Capitello esterno<\/figcaption><\/figure>\n\n\n<figure class=\"wp-block-image size-medium\"><a href=\"https:\/\/www.latoscane.net\/wp-content\/uploads\/2024\/08\/colonne-sant-antimo-toscana-4629b-300x200.jpg\"><img loading=\"lazy\" decoding=\"async\" width=\"300\" height=\"200\" data-id=\"7128\" src=\"https:\/\/www.latoscane.net\/wp-content\/uploads\/2024\/08\/colonne-sant-antimo-toscana-4629b-300x200.jpg\" alt=\"Colonne di Sant'Antimo in Toscana\" class=\"wp-image-7128\" srcset=\"https:\/\/www.latoscane.net\/wp-content\/uploads\/2024\/08\/colonne-sant-antimo-toscana-4629b-300x200.jpg 300w, https:\/\/www.latoscane.net\/wp-content\/uploads\/2024\/08\/colonne-sant-antimo-toscana-4629b-1024x683.jpg 1024w, https:\/\/www.latoscane.net\/wp-content\/uploads\/2024\/08\/colonne-sant-antimo-toscana-4629b-768x512.jpg 768w, https:\/\/www.latoscane.net\/wp-content\/uploads\/2024\/08\/colonne-sant-antimo-toscana-4629b.jpg 1200w\" sizes=\"(max-width: 300px) 100vw, 300px\" \/><\/a><figcaption class=\"wp-element-caption\">Colonne<\/figcaption><\/figure>\n\n\n<figure class=\"wp-block-image size-medium\"><a href=\"https:\/\/www.latoscane.net\/wp-content\/uploads\/2024\/08\/coro-sant-antimo-toscana-4628b-300x200.jpg\"><img loading=\"lazy\" decoding=\"async\" width=\"300\" height=\"200\" data-id=\"7131\" src=\"https:\/\/www.latoscane.net\/wp-content\/uploads\/2024\/08\/coro-sant-antimo-toscana-4628b-300x200.jpg\" alt=\"Foto del coro dell'abbazia di Sant'Antimo\" class=\"wp-image-7131\" srcset=\"https:\/\/www.latoscane.net\/wp-content\/uploads\/2024\/08\/coro-sant-antimo-toscana-4628b-300x200.jpg 300w, https:\/\/www.latoscane.net\/wp-content\/uploads\/2024\/08\/coro-sant-antimo-toscana-4628b-1024x683.jpg 1024w, https:\/\/www.latoscane.net\/wp-content\/uploads\/2024\/08\/coro-sant-antimo-toscana-4628b-768x512.jpg 768w, https:\/\/www.latoscane.net\/wp-content\/uploads\/2024\/08\/coro-sant-antimo-toscana-4628b.jpg 1200w\" sizes=\"(max-width: 300px) 100vw, 300px\" \/><\/a><figcaption class=\"wp-element-caption\">Coro interno<\/figcaption><\/figure>\n\n\n<figure class=\"wp-block-image size-medium\"><a href=\"https:\/\/www.latoscane.net\/wp-content\/uploads\/2024\/08\/cripta-sant-antimo-toscana-4630b-300x200.jpg\"><img loading=\"lazy\" decoding=\"async\" width=\"300\" height=\"200\" data-id=\"7134\" src=\"https:\/\/www.latoscane.net\/wp-content\/uploads\/2024\/08\/cripta-sant-antimo-toscana-4630b-300x200.jpg\" alt=\"Cripta di Sant'Antimo\" class=\"wp-image-7134\" srcset=\"https:\/\/www.latoscane.net\/wp-content\/uploads\/2024\/08\/cripta-sant-antimo-toscana-4630b-300x200.jpg 300w, https:\/\/www.latoscane.net\/wp-content\/uploads\/2024\/08\/cripta-sant-antimo-toscana-4630b-1024x683.jpg 1024w, https:\/\/www.latoscane.net\/wp-content\/uploads\/2024\/08\/cripta-sant-antimo-toscana-4630b-768x512.jpg 768w, https:\/\/www.latoscane.net\/wp-content\/uploads\/2024\/08\/cripta-sant-antimo-toscana-4630b.jpg 1200w\" sizes=\"(max-width: 300px) 100vw, 300px\" \/><\/a><figcaption class=\"wp-element-caption\">Cripta<\/figcaption><\/figure>\n\n\n<figure class=\"wp-block-image size-medium\"><a href=\"https:\/\/www.latoscane.net\/wp-content\/uploads\/2024\/08\/daniele-nella-fossa-dei-leoni-di-cabestany-sant-antimo-toscana-4623b-300x200.jpg\"><img loading=\"lazy\" decoding=\"async\" width=\"300\" height=\"200\" data-id=\"7137\" src=\"https:\/\/www.latoscane.net\/wp-content\/uploads\/2024\/08\/daniele-nella-fossa-dei-leoni-di-cabestany-sant-antimo-toscana-4623b-300x200.jpg\" alt=\"Foto di Daniele nella fossa dei leoni, Sant'Antimo in Toscana\" class=\"wp-image-7137\" srcset=\"https:\/\/www.latoscane.net\/wp-content\/uploads\/2024\/08\/daniele-nella-fossa-dei-leoni-di-cabestany-sant-antimo-toscana-4623b-300x200.jpg 300w, https:\/\/www.latoscane.net\/wp-content\/uploads\/2024\/08\/daniele-nella-fossa-dei-leoni-di-cabestany-sant-antimo-toscana-4623b-1024x683.jpg 1024w, https:\/\/www.latoscane.net\/wp-content\/uploads\/2024\/08\/daniele-nella-fossa-dei-leoni-di-cabestany-sant-antimo-toscana-4623b-768x512.jpg 768w, https:\/\/www.latoscane.net\/wp-content\/uploads\/2024\/08\/daniele-nella-fossa-dei-leoni-di-cabestany-sant-antimo-toscana-4623b.jpg 1200w\" sizes=\"(max-width: 300px) 100vw, 300px\" \/><\/a><figcaption class=\"wp-element-caption\">Capitello di Daniele nella fossa dei leoni<\/figcaption><\/figure>\n\n\n<figure class=\"wp-block-image size-medium\"><a href=\"https:\/\/www.latoscane.net\/wp-content\/uploads\/2024\/08\/leoni-interno-sant-antimo-toscana-4626b-300x200.jpg\"><img loading=\"lazy\" decoding=\"async\" width=\"300\" height=\"200\" data-id=\"7146\" src=\"https:\/\/www.latoscane.net\/wp-content\/uploads\/2024\/08\/leoni-interno-sant-antimo-toscana-4626b-300x200.jpg\" alt=\"Foto di Leoni all'interno di Sant'Antimo in Toscana\" class=\"wp-image-7146\" srcset=\"https:\/\/www.latoscane.net\/wp-content\/uploads\/2024\/08\/leoni-interno-sant-antimo-toscana-4626b-300x200.jpg 300w, https:\/\/www.latoscane.net\/wp-content\/uploads\/2024\/08\/leoni-interno-sant-antimo-toscana-4626b-1024x683.jpg 1024w, https:\/\/www.latoscane.net\/wp-content\/uploads\/2024\/08\/leoni-interno-sant-antimo-toscana-4626b-768x512.jpg 768w, https:\/\/www.latoscane.net\/wp-content\/uploads\/2024\/08\/leoni-interno-sant-antimo-toscana-4626b.jpg 1200w\" sizes=\"(max-width: 300px) 100vw, 300px\" \/><\/a><\/figure>\n\n\n<figure class=\"wp-block-image size-medium\"><a href=\"https:\/\/www.latoscane.net\/wp-content\/uploads\/2024\/08\/rilievi-diabolo-abbazia-di-sant-antimo-toscana-4636b-300x200.jpg\"><img loading=\"lazy\" decoding=\"async\" width=\"300\" height=\"200\" data-id=\"7149\" src=\"https:\/\/www.latoscane.net\/wp-content\/uploads\/2024\/08\/rilievi-diabolo-abbazia-di-sant-antimo-toscana-4636b-300x200.jpg\" alt=\"Immagine di sculture in Sant'Antimo In toscana\" class=\"wp-image-7149\" srcset=\"https:\/\/www.latoscane.net\/wp-content\/uploads\/2024\/08\/rilievi-diabolo-abbazia-di-sant-antimo-toscana-4636b-300x200.jpg 300w, https:\/\/www.latoscane.net\/wp-content\/uploads\/2024\/08\/rilievi-diabolo-abbazia-di-sant-antimo-toscana-4636b-1024x683.jpg 1024w, https:\/\/www.latoscane.net\/wp-content\/uploads\/2024\/08\/rilievi-diabolo-abbazia-di-sant-antimo-toscana-4636b-768x512.jpg 768w, https:\/\/www.latoscane.net\/wp-content\/uploads\/2024\/08\/rilievi-diabolo-abbazia-di-sant-antimo-toscana-4636b.jpg 1200w\" sizes=\"(max-width: 300px) 100vw, 300px\" \/><\/a><\/figure>\n\n\n<figure class=\"wp-block-image size-medium\"><a href=\"https:\/\/www.latoscane.net\/wp-content\/uploads\/2024\/08\/abbazia-di-sant-antimo-toscana-4638b-300x200.jpg\"><img loading=\"lazy\" decoding=\"async\" width=\"300\" height=\"200\" data-id=\"7122\" src=\"https:\/\/www.latoscane.net\/wp-content\/uploads\/2024\/08\/abbazia-di-sant-antimo-toscana-4638b-300x200.jpg\" alt=\"Foto dell'esterno e dell'abside di Sant'Antimo in Toscana\" class=\"wp-image-7122\" srcset=\"https:\/\/www.latoscane.net\/wp-content\/uploads\/2024\/08\/abbazia-di-sant-antimo-toscana-4638b-300x200.jpg 300w, https:\/\/www.latoscane.net\/wp-content\/uploads\/2024\/08\/abbazia-di-sant-antimo-toscana-4638b-1024x683.jpg 1024w, https:\/\/www.latoscane.net\/wp-content\/uploads\/2024\/08\/abbazia-di-sant-antimo-toscana-4638b-768x512.jpg 768w, https:\/\/www.latoscane.net\/wp-content\/uploads\/2024\/08\/abbazia-di-sant-antimo-toscana-4638b.jpg 1200w\" sizes=\"(max-width: 300px) 100vw, 300px\" \/><\/a><\/figure><\/figure>\n<h2>Dov&#8217;\u00e8 Sant&#8217;Antimo<\/h2>\n<div id=\"travelersmap-container-69f29357c54c3\" class=\"travelersmap-container\" style=\"z-index: 1; min-height: 10px; min-width:10px; height:450px;width:100%; max-width:; max-height:; position:relative;\"><div style=\"position:absolute; z-index:-1;top: 50%;text-align: center;display: block;left: 50%;transform: translate(-50%,-50%);\">Travelers' Map is loading...<br>If you see this after your page is loaded completely, leafletJS files are missing.<\/div><\/div>\n<h2>Link e fonti<\/h2>\n<ul>\n<li>Informazioni generali : <a href=\"https:\/\/it.wikipedia.org\/wiki\/Abbazia_di_Sant%27Antimo\" target=\"_blank\" rel=\"noopener\">it.wikipedia.org<\/a><\/li>\n<li>Site officiel : <a href=\"https:\/\/www.antimo.it\/\" target=\"_blank\" rel=\"noopener\">www.antimo.it<\/a><\/li>\n<\/ul>\n\n<div data-gyg-href=\"https:\/\/widget.getyourguide.com\/default\/activities.frame\" data-gyg-location-id=\"35581\" data-gyg-locale-code=\"it-IT\" data-gyg-widget=\"activities\" data-gyg-number-of-items=\"3\" data-gyg-partner-id=\"DLYVAO3\"><span>Powered by <a target=\"_blank\" rel=\"sponsored noopener\" href=\"https:\/\/www.getyourguide.com\/val-d-orcia-l35581\/\">GetYourGuide<\/a><\/span><\/div>\r\n<h2>Articoli sulla Val d&#8217;Orcia<\/h2>\n<ul class=\"lcp_catlist2\" id=\"lcp_instance_0\"><li><a href=\"https:\/\/www.latoscane.net\/it\/la-val-dorcia\/\">La Val d&#8217;Orcia<\/a><a href=\"https:\/\/www.latoscane.net\/it\/la-val-dorcia\/\" title=\"La Val d&#039;Orcia\"><img loading=\"lazy\" decoding=\"async\" width=\"150\" height=\"150\" src=\"https:\/\/www.latoscane.net\/wp-content\/uploads\/2017\/02\/toscane_toscana_9116-150x150.jpg\" class=\"lcp_thumbnail wp-post-image\" alt=\"La Val d&#039;Orcia\" srcset=\"https:\/\/www.latoscane.net\/wp-content\/uploads\/2017\/02\/toscane_toscana_9116-150x150.jpg 150w, https:\/\/www.latoscane.net\/wp-content\/uploads\/2017\/02\/toscane_toscana_9116-50x50.jpg 50w, https:\/\/www.latoscane.net\/wp-content\/uploads\/2017\/02\/toscane_toscana_9116-65x65.jpg 65w\" sizes=\"(max-width: 150px) 100vw, 150px\" \/><\/a><div class=\"lcp_excerpt\">\nNel sud del territorio di Siena, la Val d&#8217;Orcia \u00e8 una famosa destinazione turistica della Toscana, con i suoi paesaggi di cartoline emblematici della regione. La sua campagna armoniosa \u00e8 ...<\/div><\/li><li><a href=\"https:\/\/www.latoscane.net\/it\/montepulciano\/\">Montepulciano<\/a><a href=\"https:\/\/www.latoscane.net\/it\/montepulciano\/\" title=\"Montepulciano\"><img loading=\"lazy\" decoding=\"async\" width=\"150\" height=\"150\" src=\"https:\/\/www.latoscane.net\/wp-content\/uploads\/2017\/03\/montepulciano-toscana-8707-150x150.jpg\" class=\"lcp_thumbnail wp-post-image\" alt=\"Montepulciano\" srcset=\"https:\/\/www.latoscane.net\/wp-content\/uploads\/2017\/03\/montepulciano-toscana-8707-150x150.jpg 150w, https:\/\/www.latoscane.net\/wp-content\/uploads\/2017\/03\/montepulciano-toscana-8707-50x50.jpg 50w, https:\/\/www.latoscane.net\/wp-content\/uploads\/2017\/03\/montepulciano-toscana-8707-65x65.jpg 65w\" sizes=\"(max-width: 150px) 100vw, 150px\" \/><\/a><div class=\"lcp_excerpt\">\nMontepulciano \u00e8 una bella citt\u00e0 di circa 14.000 abitanti, visitata per il suo pittoresco centro medievale e dagli amanti dei buoni vini. Si trova a 605 metri di altitudine, tra ...<\/div><\/li><li><a href=\"https:\/\/www.latoscane.net\/it\/pienza\/\">Pienza<\/a><a href=\"https:\/\/www.latoscane.net\/it\/pienza\/\" title=\"Pienza\"><img loading=\"lazy\" decoding=\"async\" width=\"150\" height=\"150\" src=\"https:\/\/www.latoscane.net\/wp-content\/uploads\/2017\/03\/pienza-toscana-8705-150x150.jpg\" class=\"lcp_thumbnail wp-post-image\" alt=\"Pienza\" srcset=\"https:\/\/www.latoscane.net\/wp-content\/uploads\/2017\/03\/pienza-toscana-8705-150x150.jpg 150w, https:\/\/www.latoscane.net\/wp-content\/uploads\/2017\/03\/pienza-toscana-8705-50x50.jpg 50w, https:\/\/www.latoscane.net\/wp-content\/uploads\/2017\/03\/pienza-toscana-8705-65x65.jpg 65w\" sizes=\"(max-width: 150px) 100vw, 150px\" \/><\/a><div class=\"lcp_excerpt\">\nNel cuore della Val d&#8217;Orcia e dei suoi paesaggi unici si trova Pienza, uno dei borghi pi\u00f9 belli della Toscana, a sud della provincia di Siena, dove vivono poco pi\u00f9 ...<\/div><\/li><li><a href=\"https:\/\/www.latoscane.net\/it\/radicofani\/\">Radicofani in Toscana<\/a><a href=\"https:\/\/www.latoscane.net\/it\/radicofani\/\" title=\"Radicofani in Toscana\"><img loading=\"lazy\" decoding=\"async\" width=\"150\" height=\"150\" src=\"https:\/\/www.latoscane.net\/wp-content\/uploads\/2017\/03\/radicofani-toscana-8695-150x150.jpg\" class=\"lcp_thumbnail wp-post-image\" alt=\"Radicofani in Toscana\" srcset=\"https:\/\/www.latoscane.net\/wp-content\/uploads\/2017\/03\/radicofani-toscana-8695-150x150.jpg 150w, https:\/\/www.latoscane.net\/wp-content\/uploads\/2017\/03\/radicofani-toscana-8695-50x50.jpg 50w, https:\/\/www.latoscane.net\/wp-content\/uploads\/2017\/03\/radicofani-toscana-8695-65x65.jpg 65w\" sizes=\"(max-width: 150px) 100vw, 150px\" \/><\/a><div class=\"lcp_excerpt\">\nRadicofani si distingue per l&#8217;imponente rocca di origine medievale, una delle pi\u00f9 belle della Toscana che domina dalla sua bella eminenza della Val d&#8217;Orcia. Fu per lungo tempo una posizione ...<\/div><\/li><li><a href=\"https:\/\/www.latoscane.net\/it\/san-quirico-d-orcia\/\">San Quirico d&#8217;Orcia<\/a><a href=\"https:\/\/www.latoscane.net\/it\/san-quirico-d-orcia\/\" title=\"San Quirico d&#039;Orcia\"><img loading=\"lazy\" decoding=\"async\" width=\"150\" height=\"150\" src=\"https:\/\/www.latoscane.net\/wp-content\/uploads\/2024\/08\/collegiata-dei-santi-quirico-e-giulitta-san-quirico-d-orcia-4149-150x150.jpg\" class=\"lcp_thumbnail wp-post-image\" alt=\"San Quirico d&#039;Orcia\" srcset=\"https:\/\/www.latoscane.net\/wp-content\/uploads\/2024\/08\/collegiata-dei-santi-quirico-e-giulitta-san-quirico-d-orcia-4149-150x150.jpg 150w, https:\/\/www.latoscane.net\/wp-content\/uploads\/2024\/08\/collegiata-dei-santi-quirico-e-giulitta-san-quirico-d-orcia-4149-50x50.jpg 50w, https:\/\/www.latoscane.net\/wp-content\/uploads\/2024\/08\/collegiata-dei-santi-quirico-e-giulitta-san-quirico-d-orcia-4149-80x80.jpg 80w, https:\/\/www.latoscane.net\/wp-content\/uploads\/2024\/08\/collegiata-dei-santi-quirico-e-giulitta-san-quirico-d-orcia-4149-75x75.jpg 75w\" sizes=\"(max-width: 150px) 100vw, 150px\" \/><\/a><div class=\"lcp_excerpt\">\nNel cuore delle incantevoli colline della Val d&#8217;Orcia, San Quirico d&#8217;Orcia \u00e8 uno dei borghi pi\u00f9 belli della Toscana, situato lungo il camino di pellegrinaggio della Via Francigena, tappa tra ...<\/div><\/li><li><a href=\"https:\/\/www.latoscane.net\/it\/montalcino\/\">Montalcino<\/a><a href=\"https:\/\/www.latoscane.net\/it\/montalcino\/\" title=\"Montalcino\"><img loading=\"lazy\" decoding=\"async\" width=\"150\" height=\"150\" src=\"https:\/\/www.latoscane.net\/wp-content\/uploads\/2017\/02\/piazza-garibaldi-montalcino-4226-150x150.jpg\" class=\"lcp_thumbnail wp-post-image\" alt=\"Montalcino\" srcset=\"https:\/\/www.latoscane.net\/wp-content\/uploads\/2017\/02\/piazza-garibaldi-montalcino-4226-150x150.jpg 150w, https:\/\/www.latoscane.net\/wp-content\/uploads\/2017\/02\/piazza-garibaldi-montalcino-4226-50x50.jpg 50w, https:\/\/www.latoscane.net\/wp-content\/uploads\/2017\/02\/piazza-garibaldi-montalcino-4226-80x80.jpg 80w, https:\/\/www.latoscane.net\/wp-content\/uploads\/2017\/02\/piazza-garibaldi-montalcino-4226-75x75.jpg 75w\" sizes=\"(max-width: 150px) 100vw, 150px\" \/><\/a><div class=\"lcp_excerpt\">\nAd ovest della Val d&#8217;Orcia, Montalcino \u00e8 un comune toscano famoso per il Brunello, il suo ottimo vino apprezzato in tutto il mondo, elaborato dal XIX secolo in tutto il ...<\/div><\/li><li><a href=\"https:\/\/www.latoscane.net\/it\/castiglione-e-rocca-d-orcia\/\">Castiglione e Rocca d&#8217;Orcia<\/a><a href=\"https:\/\/www.latoscane.net\/it\/castiglione-e-rocca-d-orcia\/\" title=\"Castiglione e Rocca d&#039;Orcia\"><img loading=\"lazy\" decoding=\"async\" width=\"150\" height=\"150\" src=\"https:\/\/www.latoscane.net\/wp-content\/uploads\/2017\/01\/castiglione-d-orcia-toscana-4590-150x150.jpg\" class=\"lcp_thumbnail wp-post-image\" alt=\"Castiglione e Rocca d&#039;Orcia\" srcset=\"https:\/\/www.latoscane.net\/wp-content\/uploads\/2017\/01\/castiglione-d-orcia-toscana-4590-150x150.jpg 150w, https:\/\/www.latoscane.net\/wp-content\/uploads\/2017\/01\/castiglione-d-orcia-toscana-4590-50x50.jpg 50w, https:\/\/www.latoscane.net\/wp-content\/uploads\/2017\/01\/castiglione-d-orcia-toscana-4590-80x80.jpg 80w, https:\/\/www.latoscane.net\/wp-content\/uploads\/2017\/01\/castiglione-d-orcia-toscana-4590-75x75.jpg 75w\" sizes=\"(max-width: 150px) 100vw, 150px\" \/><\/a><div class=\"lcp_excerpt\">\nCastiglione d&#8217;Orcia\nCastiglione d&#8217;Orcia \u00e8 un fiero borgo della Val d&#8217;Orcia, borgo medievale ai piedi della potente Rocca Aldobrandeschi del XIV secolo che domina tutta la valle dalle falde del Monte ...<\/div><\/li><li><a href=\"https:\/\/www.latoscane.net\/it\/bagni-san-filippo-e-vivo-dorcia\/\">Bagni San Filippo e Vivo d&#8217;Orcia<\/a><a href=\"https:\/\/www.latoscane.net\/it\/bagni-san-filippo-e-vivo-dorcia\/\" title=\"Bagni San Filippo e Vivo d&#039;Orcia\"><img loading=\"lazy\" decoding=\"async\" width=\"150\" height=\"150\" src=\"https:\/\/www.latoscane.net\/wp-content\/uploads\/2024\/08\/bagni-san-filippo-5446-150x150.jpg\" class=\"lcp_thumbnail wp-post-image\" alt=\"Bagni San Filippo e Vivo d&#039;Orcia\" srcset=\"https:\/\/www.latoscane.net\/wp-content\/uploads\/2024\/08\/bagni-san-filippo-5446-150x150.jpg 150w, https:\/\/www.latoscane.net\/wp-content\/uploads\/2024\/08\/bagni-san-filippo-5446-50x50.jpg 50w, https:\/\/www.latoscane.net\/wp-content\/uploads\/2024\/08\/bagni-san-filippo-5446-80x80.jpg 80w, https:\/\/www.latoscane.net\/wp-content\/uploads\/2024\/08\/bagni-san-filippo-5446-75x75.jpg 75w\" sizes=\"(max-width: 150px) 100vw, 150px\" \/><\/a><div class=\"lcp_excerpt\">\nBagni San Filippo\nSulle pendici orientali del monte Amiata, ai margini della Val d&#8217;Orcia, Bagni San Filippo \u00e8 un borgo termale le cui acque sono conosciute fin dall&#8217;antichit\u00e0. Le sue acque ...<\/div><\/li><li><a href=\"https:\/\/www.latoscane.net\/it\/abbadia-san-salvatore\/\">Abbadia San Salvatore<\/a><a href=\"https:\/\/www.latoscane.net\/it\/abbadia-san-salvatore\/\" title=\"Abbadia San Salvatore\"><img loading=\"lazy\" decoding=\"async\" width=\"150\" height=\"150\" src=\"https:\/\/www.latoscane.net\/wp-content\/uploads\/2024\/08\/abbadia-san-salvatore-5454-150x150.jpg\" class=\"lcp_thumbnail wp-post-image\" alt=\"Abbadia San Salvatore\" srcset=\"https:\/\/www.latoscane.net\/wp-content\/uploads\/2024\/08\/abbadia-san-salvatore-5454-150x150.jpg 150w, https:\/\/www.latoscane.net\/wp-content\/uploads\/2024\/08\/abbadia-san-salvatore-5454-50x50.jpg 50w, https:\/\/www.latoscane.net\/wp-content\/uploads\/2024\/08\/abbadia-san-salvatore-5454-80x80.jpg 80w, https:\/\/www.latoscane.net\/wp-content\/uploads\/2024\/08\/abbadia-san-salvatore-5454-75x75.jpg 75w\" sizes=\"(max-width: 150px) 100vw, 150px\" \/><\/a><div class=\"lcp_excerpt\">\nAbbadia San Salvatore \u00e8 un caratteristico borgo del Monte Amiata, il pi\u00f9 alto, a 800 metri di altitudine sul versante orientale della montagna. \u00c8 una destinazione apprezzata in estate per ...<\/div><\/li><li><a href=\"https:\/\/www.latoscane.net\/it\/san-casciano-dei-bagni\/\">San Casciano dei Bagni<\/a><a href=\"https:\/\/www.latoscane.net\/it\/san-casciano-dei-bagni\/\" title=\"San Casciano dei Bagni\"><img loading=\"lazy\" decoding=\"async\" width=\"150\" height=\"150\" src=\"https:\/\/www.latoscane.net\/wp-content\/uploads\/2017\/02\/san-casciano-dei-bagni-5540-150x150.jpg\" class=\"lcp_thumbnail wp-post-image\" alt=\"San Casciano dei Bagni\" srcset=\"https:\/\/www.latoscane.net\/wp-content\/uploads\/2017\/02\/san-casciano-dei-bagni-5540-150x150.jpg 150w, https:\/\/www.latoscane.net\/wp-content\/uploads\/2017\/02\/san-casciano-dei-bagni-5540-50x50.jpg 50w, https:\/\/www.latoscane.net\/wp-content\/uploads\/2017\/02\/san-casciano-dei-bagni-5540-80x80.jpg 80w, https:\/\/www.latoscane.net\/wp-content\/uploads\/2017\/02\/san-casciano-dei-bagni-5540-75x75.jpg 75w\" sizes=\"(max-width: 150px) 100vw, 150px\" \/><\/a><div class=\"lcp_excerpt\">\nVicino alla sorgente dell&#8217;Orcia e geograficamente indicato nella Val di Chiana Senese, San Casciano dei Bagni \u00e8 un rinomato paese termale circondato da sorgenti sulfuree dalle propriet\u00e0 curative. I primi ...<\/div><\/li><li class=\"current\"><a href=\"https:\/\/www.latoscane.net\/it\/abbazia-di-sant-antimo\/\">Abbazia di Sant&#8217;Antimo<\/a><a href=\"https:\/\/www.latoscane.net\/it\/abbazia-di-sant-antimo\/\" title=\"Abbazia di Sant&#039;Antimo\"><img loading=\"lazy\" decoding=\"async\" width=\"150\" height=\"150\" src=\"https:\/\/www.latoscane.net\/wp-content\/uploads\/2024\/08\/esterno-abbazia-di-sant-antimo-toscana-4634b-150x150.jpg\" class=\"lcp_thumbnail wp-post-image\" alt=\"Abbazia di Sant&#039;Antimo\" srcset=\"https:\/\/www.latoscane.net\/wp-content\/uploads\/2024\/08\/esterno-abbazia-di-sant-antimo-toscana-4634b-150x150.jpg 150w, https:\/\/www.latoscane.net\/wp-content\/uploads\/2024\/08\/esterno-abbazia-di-sant-antimo-toscana-4634b-50x50.jpg 50w, https:\/\/www.latoscane.net\/wp-content\/uploads\/2024\/08\/esterno-abbazia-di-sant-antimo-toscana-4634b-80x80.jpg 80w, https:\/\/www.latoscane.net\/wp-content\/uploads\/2024\/08\/esterno-abbazia-di-sant-antimo-toscana-4634b-75x75.jpg 75w\" sizes=\"(max-width: 150px) 100vw, 150px\" \/><\/a><div class=\"lcp_excerpt\">\nA 10 km a sud di Montalcino, l&#8217;Abbazia di Sant&#8217;Antimo ha una delle pi\u00f9 belle chiese romaniche della Toscana, ai piedi del borgo di Castelnuovo dell&#8217;Abate, nella valle della Starcia, ...<\/div><\/li><li><a href=\"https:\/\/www.latoscane.net\/it\/bagno-vignoni-in-toscana\/\">Bagno Vignoni in Toscana<\/a><a href=\"https:\/\/www.latoscane.net\/it\/bagno-vignoni-in-toscana\/\" title=\"Bagno Vignoni in Toscana\"><img loading=\"lazy\" decoding=\"async\" width=\"150\" height=\"150\" src=\"https:\/\/www.latoscane.net\/wp-content\/uploads\/2024\/08\/bagno-vignoni-parco-dei-mulini-4585-150x150.jpg\" class=\"lcp_thumbnail wp-post-image\" alt=\"Bagno Vignoni in Toscana\" srcset=\"https:\/\/www.latoscane.net\/wp-content\/uploads\/2024\/08\/bagno-vignoni-parco-dei-mulini-4585-150x150.jpg 150w, https:\/\/www.latoscane.net\/wp-content\/uploads\/2024\/08\/bagno-vignoni-parco-dei-mulini-4585-50x50.jpg 50w, https:\/\/www.latoscane.net\/wp-content\/uploads\/2024\/08\/bagno-vignoni-parco-dei-mulini-4585-80x80.jpg 80w, https:\/\/www.latoscane.net\/wp-content\/uploads\/2024\/08\/bagno-vignoni-parco-dei-mulini-4585-75x75.jpg 75w\" sizes=\"(max-width: 150px) 100vw, 150px\" \/><\/a><div class=\"lcp_excerpt\">\nSituato vicino alla via Francigena, tra Castiglione e San Quirico, Bagno Vignoni \u00e8 un piccolo borgo bagnato da acque termali utilizzate almeno fin dall&#8217;epoca romana.\nPresentazione\nIl nome del paese deriva dal ...<\/div><\/li><li><a href=\"https:\/\/www.latoscane.net\/it\/cetona-e-dintorni\/\">Cetona e dintorni<\/a><a href=\"https:\/\/www.latoscane.net\/it\/cetona-e-dintorni\/\" title=\"Cetona e dintorni\"><img loading=\"lazy\" decoding=\"async\" width=\"150\" height=\"150\" src=\"https:\/\/www.latoscane.net\/wp-content\/uploads\/2017\/01\/cetona-150x150.png\" class=\"lcp_thumbnail wp-post-image\" alt=\"Cetona e dintorni\" srcset=\"https:\/\/www.latoscane.net\/wp-content\/uploads\/2017\/01\/cetona-150x150.png 150w, https:\/\/www.latoscane.net\/wp-content\/uploads\/2017\/01\/cetona-50x50.png 50w, https:\/\/www.latoscane.net\/wp-content\/uploads\/2017\/01\/cetona-80x80.png 80w, https:\/\/www.latoscane.net\/wp-content\/uploads\/2017\/01\/cetona-75x75.png 75w\" sizes=\"(max-width: 150px) 100vw, 150px\" \/><\/a><div class=\"lcp_excerpt\">\nVillaggio di Cetona\nSituato sulle pendici dell&#8217;omonima montagna, Cetona \u00e8 un borgo di origine medievale. Per le sue diverse qualit\u00e0, gode della bandiera arancione del Touring Club italiano. Entrando nel borgo, ...<\/div><\/li><li><a href=\"https:\/\/www.latoscane.net\/it\/sarteano-in-toscana\/\">Sarteano in Toscana<\/a><a href=\"https:\/\/www.latoscane.net\/it\/sarteano-in-toscana\/\" title=\"Sarteano in Toscana\"><img loading=\"lazy\" decoding=\"async\" width=\"150\" height=\"150\" src=\"https:\/\/www.latoscane.net\/wp-content\/uploads\/2024\/08\/chateau-de-sarteano-3989-150x150.jpg\" class=\"lcp_thumbnail wp-post-image\" alt=\"Sarteano in Toscana\" srcset=\"https:\/\/www.latoscane.net\/wp-content\/uploads\/2024\/08\/chateau-de-sarteano-3989-150x150.jpg 150w, https:\/\/www.latoscane.net\/wp-content\/uploads\/2024\/08\/chateau-de-sarteano-3989-50x50.jpg 50w, https:\/\/www.latoscane.net\/wp-content\/uploads\/2024\/08\/chateau-de-sarteano-3989-80x80.jpg 80w, https:\/\/www.latoscane.net\/wp-content\/uploads\/2024\/08\/chateau-de-sarteano-3989-75x75.jpg 75w\" sizes=\"(max-width: 150px) 100vw, 150px\" \/><\/a><div class=\"lcp_excerpt\">\nSarteano \u00e8 un paese situato tra la Val d&#8217;Orcia e la Val di Chiana, poco frequentato dai turisti. Il suo castello \u00e8 la principale attrazione, con il museo archeologico anche ...<\/div><\/li><\/ul>\n","protected":false},"excerpt":{"rendered":"<p>A 10 km a sud di Montalcino, l&#8217;Abbazia di Sant&#8217;Antimo ha una delle pi\u00f9 belle chiese romaniche della Toscana, ai piedi del borgo di Castelnuovo dell&#8217;Abate, nella valle della Starcia, un affluente del fiume Orcia. La sua fondazione, secondo la leggenda, sarebbe stata decisa dal passaggio di Carlo Magno, ma sembra anteriore. Era anche un [&hellip;]<\/p>\n","protected":false},"author":1,"featured_media":7142,"comment_status":"open","ping_status":"open","sticky":false,"template":"","format":"standard","meta":{"_acf_changed":false,"footnotes":"","_links_to":"","_links_to_target":""},"categories":[116],"tags":[],"acf":[],"yoast_head":"<!-- This site is optimized with the Yoast SEO plugin v22.8 - https:\/\/yoast.com\/wordpress\/plugins\/seo\/ -->\n<title>Abbazia di Sant\u2019Antimo in Toscana<\/title>\n<meta name=\"description\" content=\"Vicino a Montalcino, l&#039;abbazia di Sant&#039;Antimo ha una delle pi\u00f9 belle chiese romaniche della Toscana, con influenze francesi e lombarde, dall&#039;inizio del XII secolo\" \/>\n<meta name=\"robots\" content=\"index, follow, max-snippet:-1, max-image-preview:large, max-video-preview:-1\" \/>\n<link rel=\"canonical\" href=\"https:\/\/www.latoscane.net\/it\/abbazia-di-sant-antimo\/\" \/>\n<meta property=\"og:locale\" content=\"it_IT\" \/>\n<meta property=\"og:type\" content=\"article\" \/>\n<meta property=\"og:title\" content=\"Abbazia di Sant\u2019Antimo in Toscana\" \/>\n<meta property=\"og:description\" content=\"Vicino a Montalcino, l&#039;abbazia di Sant&#039;Antimo ha una delle pi\u00f9 belle chiese romaniche della Toscana, con influenze francesi e lombarde, dall&#039;inizio del XII secolo\" \/>\n<meta property=\"og:url\" content=\"https:\/\/www.latoscane.net\/it\/abbazia-di-sant-antimo\/\" \/>\n<meta property=\"og:site_name\" content=\"LaToscane.net\" \/>\n<meta property=\"article:published_time\" content=\"2024-01-22T09:57:41+00:00\" \/>\n<meta property=\"article:modified_time\" content=\"2025-09-09T09:16:38+00:00\" \/>\n<meta property=\"og:image\" content=\"https:\/\/www.latoscane.net\/wp-content\/uploads\/2024\/08\/esterno-abbazia-di-sant-antimo-toscana-4634b.jpg\" \/>\n\t<meta property=\"og:image:width\" content=\"1200\" \/>\n\t<meta property=\"og:image:height\" content=\"800\" \/>\n\t<meta property=\"og:image:type\" content=\"image\/jpeg\" \/>\n<meta name=\"author\" content=\"Galgano\" \/>\n<meta name=\"twitter:card\" content=\"summary_large_image\" \/>\n<meta name=\"twitter:label1\" content=\"Scritto da\" \/>\n\t<meta name=\"twitter:data1\" content=\"Galgano\" \/>\n\t<meta name=\"twitter:label2\" content=\"Tempo di lettura stimato\" \/>\n\t<meta name=\"twitter:data2\" content=\"5 minuti\" \/>\n<script type=\"application\/ld+json\" class=\"yoast-schema-graph\">{\"@context\":\"https:\/\/schema.org\",\"@graph\":[{\"@type\":\"WebPage\",\"@id\":\"https:\/\/www.latoscane.net\/it\/abbazia-di-sant-antimo\/\",\"url\":\"https:\/\/www.latoscane.net\/it\/abbazia-di-sant-antimo\/\",\"name\":\"Abbazia di Sant\u2019Antimo in Toscana\",\"isPartOf\":{\"@id\":\"https:\/\/www.latoscane.net\/#website\"},\"primaryImageOfPage\":{\"@id\":\"https:\/\/www.latoscane.net\/it\/abbazia-di-sant-antimo\/#primaryimage\"},\"image\":{\"@id\":\"https:\/\/www.latoscane.net\/it\/abbazia-di-sant-antimo\/#primaryimage\"},\"thumbnailUrl\":\"https:\/\/www.latoscane.net\/wp-content\/uploads\/2024\/08\/esterno-abbazia-di-sant-antimo-toscana-4634b.jpg\",\"datePublished\":\"2024-01-22T09:57:41+00:00\",\"dateModified\":\"2025-09-09T09:16:38+00:00\",\"author\":{\"@id\":\"https:\/\/www.latoscane.net\/#\/schema\/person\/dae56e679cb6d9bdaf2b0b54b1320d42\"},\"description\":\"Vicino a Montalcino, l'abbazia di Sant'Antimo ha una delle pi\u00f9 belle chiese romaniche della Toscana, con influenze francesi e lombarde, dall'inizio del XII secolo\",\"breadcrumb\":{\"@id\":\"https:\/\/www.latoscane.net\/it\/abbazia-di-sant-antimo\/#breadcrumb\"},\"inLanguage\":\"it-IT\",\"potentialAction\":[{\"@type\":\"ReadAction\",\"target\":[\"https:\/\/www.latoscane.net\/it\/abbazia-di-sant-antimo\/\"]}]},{\"@type\":\"ImageObject\",\"inLanguage\":\"it-IT\",\"@id\":\"https:\/\/www.latoscane.net\/it\/abbazia-di-sant-antimo\/#primaryimage\",\"url\":\"https:\/\/www.latoscane.net\/wp-content\/uploads\/2024\/08\/esterno-abbazia-di-sant-antimo-toscana-4634b.jpg\",\"contentUrl\":\"https:\/\/www.latoscane.net\/wp-content\/uploads\/2024\/08\/esterno-abbazia-di-sant-antimo-toscana-4634b.jpg\",\"width\":1200,\"height\":800,\"caption\":\"Foto dell'esterno et del abside di Sant'Antimo in Toscana\"},{\"@type\":\"BreadcrumbList\",\"@id\":\"https:\/\/www.latoscane.net\/it\/abbazia-di-sant-antimo\/#breadcrumb\",\"itemListElement\":[{\"@type\":\"ListItem\",\"position\":1,\"name\":\"Accueil\",\"item\":\"https:\/\/www.latoscane.net\/it\/\"},{\"@type\":\"ListItem\",\"position\":2,\"name\":\"Abbazia di Sant&rsquo;Antimo\"}]},{\"@type\":\"WebSite\",\"@id\":\"https:\/\/www.latoscane.net\/#website\",\"url\":\"https:\/\/www.latoscane.net\/\",\"name\":\"LaToscane.net\",\"description\":\"Visita della regione Toscana\",\"potentialAction\":[{\"@type\":\"SearchAction\",\"target\":{\"@type\":\"EntryPoint\",\"urlTemplate\":\"https:\/\/www.latoscane.net\/?s={search_term_string}\"},\"query-input\":\"required name=search_term_string\"}],\"inLanguage\":\"it-IT\"},{\"@type\":\"Person\",\"@id\":\"https:\/\/www.latoscane.net\/#\/schema\/person\/dae56e679cb6d9bdaf2b0b54b1320d42\",\"name\":\"Galgano\",\"url\":\"https:\/\/www.latoscane.net\/it\/author\/will\/\"}]}<\/script>\n<!-- \/ Yoast SEO plugin. -->","yoast_head_json":{"title":"Abbazia di Sant\u2019Antimo in Toscana","description":"Vicino a Montalcino, l'abbazia di Sant'Antimo ha una delle pi\u00f9 belle chiese romaniche della Toscana, con influenze francesi e lombarde, dall'inizio del XII secolo","robots":{"index":"index","follow":"follow","max-snippet":"max-snippet:-1","max-image-preview":"max-image-preview:large","max-video-preview":"max-video-preview:-1"},"canonical":"https:\/\/www.latoscane.net\/it\/abbazia-di-sant-antimo\/","og_locale":"it_IT","og_type":"article","og_title":"Abbazia di Sant\u2019Antimo in Toscana","og_description":"Vicino a Montalcino, l'abbazia di Sant'Antimo ha una delle pi\u00f9 belle chiese romaniche della Toscana, con influenze francesi e lombarde, dall'inizio del XII secolo","og_url":"https:\/\/www.latoscane.net\/it\/abbazia-di-sant-antimo\/","og_site_name":"LaToscane.net","article_published_time":"2024-01-22T09:57:41+00:00","article_modified_time":"2025-09-09T09:16:38+00:00","og_image":[{"width":1200,"height":800,"url":"https:\/\/www.latoscane.net\/wp-content\/uploads\/2024\/08\/esterno-abbazia-di-sant-antimo-toscana-4634b.jpg","type":"image\/jpeg"}],"author":"Galgano","twitter_card":"summary_large_image","twitter_misc":{"Scritto da":"Galgano","Tempo di lettura stimato":"5 minuti"},"schema":{"@context":"https:\/\/schema.org","@graph":[{"@type":"WebPage","@id":"https:\/\/www.latoscane.net\/it\/abbazia-di-sant-antimo\/","url":"https:\/\/www.latoscane.net\/it\/abbazia-di-sant-antimo\/","name":"Abbazia di Sant\u2019Antimo in Toscana","isPartOf":{"@id":"https:\/\/www.latoscane.net\/#website"},"primaryImageOfPage":{"@id":"https:\/\/www.latoscane.net\/it\/abbazia-di-sant-antimo\/#primaryimage"},"image":{"@id":"https:\/\/www.latoscane.net\/it\/abbazia-di-sant-antimo\/#primaryimage"},"thumbnailUrl":"https:\/\/www.latoscane.net\/wp-content\/uploads\/2024\/08\/esterno-abbazia-di-sant-antimo-toscana-4634b.jpg","datePublished":"2024-01-22T09:57:41+00:00","dateModified":"2025-09-09T09:16:38+00:00","author":{"@id":"https:\/\/www.latoscane.net\/#\/schema\/person\/dae56e679cb6d9bdaf2b0b54b1320d42"},"description":"Vicino a Montalcino, l'abbazia di Sant'Antimo ha una delle pi\u00f9 belle chiese romaniche della Toscana, con influenze francesi e lombarde, dall'inizio del XII secolo","breadcrumb":{"@id":"https:\/\/www.latoscane.net\/it\/abbazia-di-sant-antimo\/#breadcrumb"},"inLanguage":"it-IT","potentialAction":[{"@type":"ReadAction","target":["https:\/\/www.latoscane.net\/it\/abbazia-di-sant-antimo\/"]}]},{"@type":"ImageObject","inLanguage":"it-IT","@id":"https:\/\/www.latoscane.net\/it\/abbazia-di-sant-antimo\/#primaryimage","url":"https:\/\/www.latoscane.net\/wp-content\/uploads\/2024\/08\/esterno-abbazia-di-sant-antimo-toscana-4634b.jpg","contentUrl":"https:\/\/www.latoscane.net\/wp-content\/uploads\/2024\/08\/esterno-abbazia-di-sant-antimo-toscana-4634b.jpg","width":1200,"height":800,"caption":"Foto dell'esterno et del abside di Sant'Antimo in Toscana"},{"@type":"BreadcrumbList","@id":"https:\/\/www.latoscane.net\/it\/abbazia-di-sant-antimo\/#breadcrumb","itemListElement":[{"@type":"ListItem","position":1,"name":"Accueil","item":"https:\/\/www.latoscane.net\/it\/"},{"@type":"ListItem","position":2,"name":"Abbazia di Sant&rsquo;Antimo"}]},{"@type":"WebSite","@id":"https:\/\/www.latoscane.net\/#website","url":"https:\/\/www.latoscane.net\/","name":"LaToscane.net","description":"Visita della regione Toscana","potentialAction":[{"@type":"SearchAction","target":{"@type":"EntryPoint","urlTemplate":"https:\/\/www.latoscane.net\/?s={search_term_string}"},"query-input":"required name=search_term_string"}],"inLanguage":"it-IT"},{"@type":"Person","@id":"https:\/\/www.latoscane.net\/#\/schema\/person\/dae56e679cb6d9bdaf2b0b54b1320d42","name":"Galgano","url":"https:\/\/www.latoscane.net\/it\/author\/will\/"}]}},"_links":{"self":[{"href":"https:\/\/www.latoscane.net\/it\/wp-json\/wp\/v2\/posts\/11213"}],"collection":[{"href":"https:\/\/www.latoscane.net\/it\/wp-json\/wp\/v2\/posts"}],"about":[{"href":"https:\/\/www.latoscane.net\/it\/wp-json\/wp\/v2\/types\/post"}],"author":[{"embeddable":true,"href":"https:\/\/www.latoscane.net\/it\/wp-json\/wp\/v2\/users\/1"}],"replies":[{"embeddable":true,"href":"https:\/\/www.latoscane.net\/it\/wp-json\/wp\/v2\/comments?post=11213"}],"version-history":[{"count":3,"href":"https:\/\/www.latoscane.net\/it\/wp-json\/wp\/v2\/posts\/11213\/revisions"}],"predecessor-version":[{"id":13882,"href":"https:\/\/www.latoscane.net\/it\/wp-json\/wp\/v2\/posts\/11213\/revisions\/13882"}],"wp:featuredmedia":[{"embeddable":true,"href":"https:\/\/www.latoscane.net\/it\/wp-json\/wp\/v2\/media\/7142"}],"wp:attachment":[{"href":"https:\/\/www.latoscane.net\/it\/wp-json\/wp\/v2\/media?parent=11213"}],"wp:term":[{"taxonomy":"category","embeddable":true,"href":"https:\/\/www.latoscane.net\/it\/wp-json\/wp\/v2\/categories?post=11213"},{"taxonomy":"post_tag","embeddable":true,"href":"https:\/\/www.latoscane.net\/it\/wp-json\/wp\/v2\/tags?post=11213"}],"curies":[{"name":"wp","href":"https:\/\/api.w.org\/{rel}","templated":true}]}}