{"id":14591,"date":"2024-02-25T16:17:27","date_gmt":"2024-02-25T15:17:27","guid":{"rendered":"https:\/\/www.latoscane.net\/galleria-degli-uffizi\/"},"modified":"2025-09-14T21:43:55","modified_gmt":"2025-09-14T19:43:55","slug":"galleria-degli-uffizi","status":"publish","type":"post","link":"https:\/\/www.latoscane.net\/it\/galleria-degli-uffizi\/","title":{"rendered":"Galleria degli Uffizi"},"content":{"rendered":"\n<p>La <strong>Galleria degli Uffizi a Firenze<\/strong> \u00e8 uno dei musei pi\u00f9 celebri al mondo, ospitando una collezione eccezionale di capolavori del Rinascimento italiano. Varcando le sue porte, potrete ammirare dipinti emblematici di Botticelli, Leonardo da Vinci, Michelangelo e molti altri, in un contesto architettonico notevole progettato da Giorgio Vasari. Offre inoltre un punto di osservazione privilegiato sul centro storico, con una vista spettacolare sull\u2019Arno e sul Ponte Vecchio. Una visita agli Uffizi \u00e8 imprescindibile per comprendere l\u2019anima artistica della citt\u00e0 e vivere un\u2019esperienza memorabile nel cuore del Rinascimento.<\/p>\n<div>\n<h2>Alcune opere emblematiche<\/h2>\n<ul>\n<li><strong>Sandro Botticelli<\/strong> : <em>La Nascita di Venere<\/em> e <em>La Primavera<\/em> (sale 10 e 14).<\/li>\n<li><strong>Fra Filippo Lippi<\/strong> : <em>La Lippina \u2013 Madonna col Bambino e due angeli<\/em> (sala 8).<\/li>\n<li><strong>Leonardo da Vinci<\/strong> : <em>L\u2019Annunciazione<\/em> (sala 3).<\/li>\n<li><strong>Michelangelo<\/strong> : <em>Tondo Doni \u2013 Sacra Famiglia<\/em> (sala del Tondo).<\/li>\n<li><strong>Paolo Uccello<\/strong> : affreschi e <em>La Madonna del Solletico<\/em> di Masaccio (sala 8).<\/li>\n<li><strong>Giotto e Cimabue<\/strong> : grandi pale d\u2019altare nella <em>Sala dei Primitivi<\/em> (sala 3).<\/li>\n<li><strong>Piero della Francesca<\/strong> : dittico dei duchi di Urbino e profilo di Federico III da Montefeltro (sala 9).<\/li>\n<\/ul>\n<\/div>\n<div class=\"gyg-widget\" data-tiqets-widget=\"discovery\" data-cards-layout=\"responsive\" data-slug-ids=\"exp143605\" data-language=\"it\" data-partner=\"romeroma\"><\/div>\n<p><script defer src=\"https:\/\/widgets.tiqets.com\/loader.js\"><\/script><\/p>\n<h2>Il palazzo e l\u2019ingresso alla galleria<\/h2>\n<p>L\u2019accesso alla <strong>Galleria degli Uffizi<\/strong> richiede talvolta un po\u2019 di pazienza: code, ingresso affollato e 141 scalini per raggiungere il secondo piano. Ma lo spettacolo vale lo sforzo: soffitti decorati, labirinti di sale e capolavori imperdibili vi attendono.<br \/>\nIl palazzo non era infatti originariamente concepito come museo. Ospitava uffici, teatro e spazi privati per i duchi dei <strong>Medici<\/strong>. La galleria, costruita a partire dal 1560 da <strong>Giorgio Vasari<\/strong>, collega il palazzo al <strong>Palazzo Vecchio<\/strong>. Le collezioni, comprendenti sculture, libri, dipinti, monete e armature, furono riorganizzate nel 1769 da Pietro Leopoldo di Lorena, aprendo definitivamente la galleria al pubblico.<\/p>\n<p>Preparatevi a percorrere sale talvolta affollate o a vedere alcune opere temporaneamente assenti, durante mostre fuori Firenze. Ogni passo in queste gallerie vi trasporta nel passato, sotto soffitti sontuosi e su pavimenti che risuonano dei passi dei grandi duchi.<\/p>\n<h2>Percorso del museo e collezioni<\/h2>\n<p>Nella <em>Sala dei Primitivi<\/em> (sala 3), si possono ammirare tre grandi pale d\u2019altare: di <strong>Duccio<\/strong>, <strong>Giotto<\/strong> e <strong>Cimabue<\/strong>, tra le opere pi\u00f9 importanti del periodo medievale italiano. Questi pezzi offrono una visione eccezionale della transizione tra arte bizantina e nascente Rinascimento.<\/p>\n<div id=\"attachment_1418\" style=\"width: 212px\" class=\"wp-caption alignright\"><a href=\"https:\/\/www.latoscane.net\/wp-content\/uploads\/2017\/03\/lippina-vierge-enfant-deux-anges-202x300.jpeg\"><img loading=\"lazy\" decoding=\"async\" aria-describedby=\"caption-attachment-1418\" class=\"wp-image-1418 size-medium\" src=\"https:\/\/www.latoscane.net\/wp-content\/uploads\/2017\/03\/lippina-vierge-enfant-deux-anges-202x300.jpeg\" alt=\"La Lippina (Madonna col Bambino e due angeli), Fra Filippo Lippi (Galleria degli Uffizi)\" width=\"202\" height=\"300\" srcset=\"https:\/\/www.latoscane.net\/wp-content\/uploads\/2017\/03\/lippina-vierge-enfant-deux-anges-202x300.jpeg 202w, https:\/\/www.latoscane.net\/wp-content\/uploads\/2017\/03\/lippina-vierge-enfant-deux-anges.jpeg 605w\" sizes=\"(max-width: 202px) 100vw, 202px\" \/><\/a><p id=\"caption-attachment-1418\" class=\"wp-caption-text\">La Lippina, Fra Filippo Lippi<\/p><\/div>\n<p>Proseguendo verso il XV secolo, le <em>Sale 8 e 9<\/em> rivelano capolavori del primo Rinascimento. La sala 8 presenta gli affreschi di <strong>Paolo Uccello<\/strong> e <em>La Madonna del Solletico<\/em> di <strong>Masaccio<\/strong>, precursori della prospettiva geometrica e della padronanza della luce. La <em>Lippina<\/em> (Madonna col Bambino e due angeli) di <strong>Fra Filippo Lippi<\/strong>, anch\u2019essa in questa sala, rappresenta un esempio eccezionale di delicatezza e dolcezza fiorentina.<\/p>\n<p>La sala 9 ospita il dittico dei duchi di Urbino di <strong>Piero della Francesca<\/strong> e il celebre profilo di Federico III da <strong>Montefeltro<\/strong>, offrendo uno studio magistrale di ritratto e prospettiva lineare. Queste opere testimoniano l\u2019innovazione tecnica e la raffinatezza psicologica del Rinascimento.<\/p>\n<p>Le <em>Sale 10 a 14<\/em>, un tempo occupate dal teatro Medici, sono dedicate a <strong>Sandro Botticelli<\/strong>. Qui potrete ammirare <em>La Nascita di Venere<\/em> e <em>La Primavera<\/em>, opere simbolo della grazia e della simbolica umanista del XV secolo. Particolare attenzione pu\u00f2 essere rivolta ai dettagli iconografici e all\u2019equilibrio delle composizioni.<\/p>\n<div id=\"attachment_1423\" style=\"width: 310px\" class=\"wp-caption alignleft\"><a href=\"https:\/\/www.latoscane.net\/wp-content\/uploads\/2017\/03\/naissance-de-venus-botticelli.jpg\"><img loading=\"lazy\" decoding=\"async\" aria-describedby=\"caption-attachment-1423\" class=\"wp-image-1421 size-medium\" src=\"https:\/\/www.latoscane.net\/wp-content\/uploads\/2017\/03\/naissance-de-venus-botticelli-300x190.jpg\" alt=\"La nascita di Venere, Botticelli\" width=\"300\" height=\"190\" srcset=\"https:\/\/www.latoscane.net\/wp-content\/uploads\/2017\/03\/naissance-de-venus-botticelli-300x190.jpg 300w, https:\/\/www.latoscane.net\/wp-content\/uploads\/2017\/03\/naissance-de-venus-botticelli-768x485.jpg 768w, https:\/\/www.latoscane.net\/wp-content\/uploads\/2017\/03\/naissance-de-venus-botticelli-320x202.jpg 320w, https:\/\/www.latoscane.net\/wp-content\/uploads\/2017\/03\/naissance-de-venus-botticelli.jpg 1000w\" sizes=\"(max-width: 300px) 100vw, 300px\" \/><\/a><p id=\"caption-attachment-1423\" class=\"wp-caption-text\">La nascita di Venere, Botticelli (Galleria degli Uffizi)<\/p><\/div>\n<p>Nella sala successiva, molto frequentata, si trova <em>L\u2019Annunciazione<\/em> di <strong>Leonardo da Vinci<\/strong>, un dipinto che illustra la sua precoce padronanza della prospettiva e della luce.<\/p>\n<p>Proseguendo lungo il corridoio del primo piano, si raggiunge la \u00abtestata\u00bb : un punto panoramico eccezionale a 180\u00b0 su Firenze, comprendente la collina di San Miniato, i giardini Bardini, il fiume Arno e il <strong>Ponte Vecchio<\/strong>. A questo punto avrete percorso circa un quarto del museo.<\/p>\n<p>Pi\u00f9 avanti, la collezione accoglie il <em>Tondo Doni<\/em> di <strong>Michelangelo<\/strong>, raffigurante la Sacra Famiglia, oltre alla sala di Niobe e alle opere dei pittori paesaggisti. \u00c8 possibile fare una pausa alla caffetteria sulla Loggia dei Lanzi.<\/p>\n<p>Il percorso prosegue lungo il corridoio del primo piano verso l\u2019uscita. Qui troverete la collezione di statue ellenistiche, i pittori manieristi, le opere di <strong>Bronzino<\/strong> e di <strong>Raffaello<\/strong>, nonch\u00e9 le sale pi\u00f9 recenti dedicate a <strong>Correggio<\/strong>, <strong>Tiziano<\/strong> e <strong>Parmigianino<\/strong>. Questa progressione offre una visione completa dell\u2019evoluzione dell\u2019arte italiana dal XIII al XVI secolo, valorizzando la ricchezza e la variet\u00e0 delle collezioni della Galleria degli Uffizi.<\/p>\n<h2>Dove si trova la Galleria degli Uffizi di Firenze<\/h2>\n<div id=\"travelersmap-container-69f275fcad4bb\" class=\"travelersmap-container\" style=\"z-index: 1; min-height: 10px; min-width:10px; height:450px;width:100%; max-width:; max-height:; position:relative;\"><div style=\"position:absolute; z-index:-1;top: 50%;text-align: center;display: block;left: 50%;transform: translate(-50%,-50%);\">Travelers' Map is loading...<br>If you see this after your page is loaded completely, leafletJS files are missing.<\/div><\/div>\n<h2>FAQ \u2013 Galleria degli Uffizi<\/h2>\n<p><strong>1. Perch\u00e9 visitare la Galleria degli Uffizi?<\/strong><\/p>\n<p>La Galleria degli Uffizi (Uffizi) \u00e8 uno dei musei pi\u00f9 prestigiosi al mondo, con una collezione eccezionale di opere d\u2019arte del Rinascimento, tra cui Botticelli, Michelangelo, Leonardo da Vinci e Raffaello. \u00c8 una visita imprescindibile per scoprire la storia e l\u2019arte italiana.<\/p>\n<p><strong>2. Come acquistare i biglietti per la Galleria degli Uffizi?<\/strong><\/p>\n<p>I biglietti possono essere acquistati online sul sito ufficiale degli Uffizi o tramite piattaforme. Prenotate in anticipo per evitare le code, soprattutto in alta stagione (estate, vacanze). \u00c8 consigliato un biglietto salta-fila o una visita guidata.<\/p>\n<p><strong>3. Quali sono gli orari di apertura della Galleria degli Uffizi?<\/strong><\/p>\n<p>La Galleria degli Uffizi \u00e8 generalmente aperta da marted\u00ec a domenica, dalle 8:15 alle 18:50 (ultimo ingresso alle 17:30). Chiusa il luned\u00ec, il 1\u00b0 gennaio e il 25 dicembre. Controllate gli orari sul sito ufficiale, poich\u00e9 possono variare.<\/p>\n<p><strong>4. Quanto tempo serve per visitare la Galleria degli Uffizi?<\/strong><\/p>\n<p>Una visita completa richiede circa 2-3 ore, secondo il proprio ritmo. Per le opere principali (Botticelli, Caravaggio, Tiziano), prevedete 1h30 con visita guidata. Dedicate pi\u00f9 tempo se volete esplorare tutte le sale.<\/p>\n<p><strong>5. \u00c8 possibile evitare la folla alla Galleria degli Uffizi?<\/strong><\/p>\n<p>Visitate al mattino presto (8:15-9:00) o nel tardo pomeriggio per meno affollamento. Prenotate un biglietto salta-fila o una visita guidata. Evitate i fine settimana e l\u2019estate, privilegiando autunno o inverno per un\u2019esperienza pi\u00f9 tranquilla.<\/p>\n<h2>Informazioni, biglietti, visite guidate e link<\/h2>\n<h3>Biglietti e visite guidate<\/h3>\n<div data-tiqets-widget=\"discovery\" data-cards-layout=\"responsive\" data-slug-ids=\"pro1111485,pro1111495,pac1014707\" data-language=\"it\" data-partner=\"romeroma\"><\/div>\n<p><script defer src=\"https:\/\/widgets.tiqets.com\/loader.js\"><\/script><\/p>\n<h3>Link per approfondire<\/h3>\n<ul>\n<li><a href=\"https:\/\/www.uffizi.it\/\" target=\"_blank\" rel=\"noopener\">Sito ufficiale delle Gallerie degli Uffizi<\/a><\/li>\n<li><a href=\"https:\/\/www.uffizi.info\/\" target=\"_blank\" rel=\"noopener\">Guida completa della Galleria degli Uffizi<\/a><\/li>\n<li><a href=\"https:\/\/artsandculture.google.com\/partner\/uffizi-gallery\" target=\"_blank\" rel=\"noopener\">Visita virtuale della Galleria degli Uffizi<\/a><\/li>\n<li><a href=\"https:\/\/fr.wikipedia.org\/wiki\/Galerie_des_Offices\" target=\"_blank\" rel=\"noopener\">La Galleria degli Uffizi su Wikipedia<\/a><\/li>\n<\/ul>\n<h3>Articoli della categoria Musei di Firenze<\/h3>\n<ul class=\"lcp_catlist2\" id=\"lcp_instance_0\"><li><a href=\"https:\/\/www.latoscane.net\/it\/musei-di-firenze\/\">Musei di Firenze<\/a><a href=\"https:\/\/www.latoscane.net\/it\/musei-di-firenze\/\" title=\"Musei di Firenze\"><img loading=\"lazy\" decoding=\"async\" width=\"150\" height=\"150\" src=\"https:\/\/www.latoscane.net\/wp-content\/uploads\/2017\/02\/palazzo-vecchio-florence-2964-1-150x150.jpg\" class=\"lcp_thumbnail wp-post-image\" alt=\"Musei di Firenze\" srcset=\"https:\/\/www.latoscane.net\/wp-content\/uploads\/2017\/02\/palazzo-vecchio-florence-2964-1-150x150.jpg 150w, https:\/\/www.latoscane.net\/wp-content\/uploads\/2017\/02\/palazzo-vecchio-florence-2964-1-50x50.jpg 50w, https:\/\/www.latoscane.net\/wp-content\/uploads\/2017\/02\/palazzo-vecchio-florence-2964-1-65x65.jpg 65w\" sizes=\"(max-width: 150px) 100vw, 150px\" \/><\/a><div class=\"lcp_excerpt\">Firenze, culla del Rinascimento, \u00e8 una vera capitale dell\u2019arte e ...<\/div><\/li><li class=\"current\"><a href=\"https:\/\/www.latoscane.net\/it\/galleria-degli-uffizi\/\">Galleria degli Uffizi<\/a><a href=\"https:\/\/www.latoscane.net\/it\/galleria-degli-uffizi\/\" title=\"Galleria degli Uffizi\"><img loading=\"lazy\" decoding=\"async\" width=\"150\" height=\"150\" src=\"https:\/\/www.latoscane.net\/wp-content\/uploads\/2017\/03\/naissance-de-venus-botticelli-150x150.jpg\" class=\"lcp_thumbnail wp-post-image\" alt=\"Galleria degli Uffizi\" srcset=\"https:\/\/www.latoscane.net\/wp-content\/uploads\/2017\/03\/naissance-de-venus-botticelli-150x150.jpg 150w, https:\/\/www.latoscane.net\/wp-content\/uploads\/2017\/03\/naissance-de-venus-botticelli-50x50.jpg 50w, https:\/\/www.latoscane.net\/wp-content\/uploads\/2017\/03\/naissance-de-venus-botticelli-65x65.jpg 65w\" sizes=\"(max-width: 150px) 100vw, 150px\" \/><\/a><div class=\"lcp_excerpt\">La Galleria degli Uffizi a Firenze \u00e8 uno dei musei ...<\/div><\/li><li><a href=\"https:\/\/www.latoscane.net\/it\/palazzo-pitti-i-suoi-musei-e-il-giardino-di-boboli\/\">Palazzo Pitti, i suoi musei e il giardino di Boboli<\/a><a href=\"https:\/\/www.latoscane.net\/it\/palazzo-pitti-i-suoi-musei-e-il-giardino-di-boboli\/\" title=\"Palazzo Pitti, i suoi musei e il giardino di Boboli\"><img loading=\"lazy\" decoding=\"async\" width=\"150\" height=\"150\" src=\"https:\/\/www.latoscane.net\/wp-content\/uploads\/2017\/03\/la-velata-raphael-150x150.jpg\" class=\"lcp_thumbnail wp-post-image\" alt=\"Palazzo Pitti, i suoi musei e il giardino di Boboli\" srcset=\"https:\/\/www.latoscane.net\/wp-content\/uploads\/2017\/03\/la-velata-raphael-150x150.jpg 150w, https:\/\/www.latoscane.net\/wp-content\/uploads\/2017\/03\/la-velata-raphael-50x50.jpg 50w, https:\/\/www.latoscane.net\/wp-content\/uploads\/2017\/03\/la-velata-raphael-65x65.jpg 65w\" sizes=\"(max-width: 150px) 100vw, 150px\" \/><\/a><div class=\"lcp_excerpt\">Il Palazzo Pitti \u00e8 uno dei pi\u00f9 vasti edifici di ...<\/div><\/li><li><a href=\"https:\/\/www.latoscane.net\/it\/galleria-dellaccademia\/\">Galleria dell&#8217;Accademia<\/a><a href=\"https:\/\/www.latoscane.net\/it\/galleria-dellaccademia\/\" title=\"Galleria dell&#039;Accademia\"><img loading=\"lazy\" decoding=\"async\" width=\"150\" height=\"150\" src=\"https:\/\/www.latoscane.net\/wp-content\/uploads\/2017\/02\/cassone-adimari-galleria-dell-academia-150x150.jpg\" class=\"lcp_thumbnail wp-post-image\" alt=\"Galleria dell&#039;Accademia\" srcset=\"https:\/\/www.latoscane.net\/wp-content\/uploads\/2017\/02\/cassone-adimari-galleria-dell-academia-150x150.jpg 150w, https:\/\/www.latoscane.net\/wp-content\/uploads\/2017\/02\/cassone-adimari-galleria-dell-academia-50x50.jpg 50w, https:\/\/www.latoscane.net\/wp-content\/uploads\/2017\/02\/cassone-adimari-galleria-dell-academia-65x65.jpg 65w\" sizes=\"(max-width: 150px) 100vw, 150px\" \/><\/a><div class=\"lcp_excerpt\">La Galleria dell\u2019Accademia \u00e8 uno dei musei pi\u00f9 visitati di ...<\/div><\/li><li><a href=\"https:\/\/www.latoscane.net\/it\/museo-archeologico-nazionale-di-firenze\/\">Museo Archeologico Nazionale di Firenze<\/a><a href=\"https:\/\/www.latoscane.net\/it\/museo-archeologico-nazionale-di-firenze\/\" title=\"Museo Archeologico Nazionale di Firenze\"><img loading=\"lazy\" decoding=\"async\" width=\"150\" height=\"150\" src=\"https:\/\/www.latoscane.net\/wp-content\/uploads\/2025\/09\/chimera-di-arezzo-museo-archeologico-firenze-150x150.jpg\" class=\"lcp_thumbnail wp-post-image\" alt=\"Museo Archeologico Nazionale di Firenze\" srcset=\"https:\/\/www.latoscane.net\/wp-content\/uploads\/2025\/09\/chimera-di-arezzo-museo-archeologico-firenze-150x150.jpg 150w, https:\/\/www.latoscane.net\/wp-content\/uploads\/2025\/09\/chimera-di-arezzo-museo-archeologico-firenze-50x50.jpg 50w, https:\/\/www.latoscane.net\/wp-content\/uploads\/2025\/09\/chimera-di-arezzo-museo-archeologico-firenze-80x80.jpg 80w, https:\/\/www.latoscane.net\/wp-content\/uploads\/2025\/09\/chimera-di-arezzo-museo-archeologico-firenze-75x75.jpg 75w\" sizes=\"(max-width: 150px) 100vw, 150px\" \/><\/a><div class=\"lcp_excerpt\">Situato nel Palazzo della Crocetta, il Museo Archeologico Nazionale di ...<\/div><\/li><li><a href=\"https:\/\/www.latoscane.net\/it\/museo-nazionale-del-bargello\/\">Museo nazionale del Bargello<\/a><a href=\"https:\/\/www.latoscane.net\/it\/museo-nazionale-del-bargello\/\" title=\"Museo nazionale del Bargello\"><img loading=\"lazy\" decoding=\"async\" width=\"150\" height=\"150\" src=\"https:\/\/www.latoscane.net\/wp-content\/uploads\/2017\/03\/bargello-fresques-de-giotto-150x150.jpg\" class=\"lcp_thumbnail wp-post-image\" alt=\"Museo nazionale del Bargello\" srcset=\"https:\/\/www.latoscane.net\/wp-content\/uploads\/2017\/03\/bargello-fresques-de-giotto-150x150.jpg 150w, https:\/\/www.latoscane.net\/wp-content\/uploads\/2017\/03\/bargello-fresques-de-giotto-50x50.jpg 50w, https:\/\/www.latoscane.net\/wp-content\/uploads\/2017\/03\/bargello-fresques-de-giotto-65x65.jpg 65w\" sizes=\"(max-width: 150px) 100vw, 150px\" \/><\/a><div class=\"lcp_excerpt\">Il Museo Nazionale del Bargello si trova nel centro storico ...<\/div><\/li><li><a href=\"https:\/\/www.latoscane.net\/it\/palazzo-vecchio\/#Itinerario-di-visita-del-Palazzo-Vecchio\">Museo del Palazzo Vecchio<\/a><a href=\"https:\/\/www.latoscane.net\/it\/palazzo-vecchio\/#Itinerario-di-visita-del-Palazzo-Vecchio\" title=\"Museo del Palazzo Vecchio\"><img loading=\"lazy\" decoding=\"async\" width=\"150\" height=\"150\" src=\"https:\/\/www.latoscane.net\/wp-content\/uploads\/2017\/03\/palazzo-vecchio-chapelle-eleonora-2858-150x150.jpg\" class=\"lcp_thumbnail wp-post-image\" alt=\"Museo del Palazzo Vecchio\" srcset=\"https:\/\/www.latoscane.net\/wp-content\/uploads\/2017\/03\/palazzo-vecchio-chapelle-eleonora-2858-150x150.jpg 150w, https:\/\/www.latoscane.net\/wp-content\/uploads\/2017\/03\/palazzo-vecchio-chapelle-eleonora-2858-50x50.jpg 50w, https:\/\/www.latoscane.net\/wp-content\/uploads\/2017\/03\/palazzo-vecchio-chapelle-eleonora-2858-65x65.jpg 65w\" sizes=\"(max-width: 150px) 100vw, 150px\" \/><\/a><div class=\"lcp_excerpt\">Il Palazzo Vecchio \u00e8 un palazzo storico e museo. Le ...<\/div><\/li><\/ul>\n","protected":false},"excerpt":{"rendered":"<p>La Galleria degli Uffizi a Firenze \u00e8 uno dei musei pi\u00f9 celebri al mondo, ospitando una collezione eccezionale di capolavori del Rinascimento italiano. Varcando le sue porte, potrete ammirare dipinti emblematici di Botticelli, Leonardo da Vinci, Michelangelo e molti altri, in un contesto architettonico notevole progettato da Giorgio Vasari. Offre inoltre un punto di osservazione [&hellip;]<\/p>\n","protected":false},"author":1,"featured_media":1423,"comment_status":"open","ping_status":"open","sticky":false,"template":"","format":"standard","meta":{"_acf_changed":false,"footnotes":"","_links_to":"","_links_to_target":""},"categories":[107,171,172],"tags":[],"acf":[],"yoast_head":"<!-- This site is optimized with the Yoast SEO plugin v22.8 - https:\/\/yoast.com\/wordpress\/plugins\/seo\/ -->\n<title>Galleria degli Uffizi a Firenze: tour, consigli e informazioni<\/title>\n<meta name=\"robots\" content=\"index, follow, max-snippet:-1, max-image-preview:large, max-video-preview:-1\" \/>\n<link rel=\"canonical\" href=\"https:\/\/www.latoscane.net\/it\/galleria-degli-uffizi\/\" \/>\n<meta property=\"og:locale\" content=\"it_IT\" \/>\n<meta property=\"og:type\" content=\"article\" \/>\n<meta property=\"og:title\" content=\"Galleria degli Uffizi a Firenze: tour, consigli e informazioni\" \/>\n<meta property=\"og:description\" content=\"La Galleria degli Uffizi a Firenze \u00e8 uno dei musei pi\u00f9 celebri al mondo, ospitando una collezione eccezionale di capolavori del Rinascimento italiano. Varcando le sue porte, potrete ammirare dipinti emblematici di Botticelli, Leonardo da Vinci, Michelangelo e molti altri, in un contesto architettonico notevole progettato da Giorgio Vasari. Offre inoltre un punto di osservazione [&hellip;]\" \/>\n<meta property=\"og:url\" content=\"https:\/\/www.latoscane.net\/it\/galleria-degli-uffizi\/\" \/>\n<meta property=\"og:site_name\" content=\"LaToscane.net\" \/>\n<meta property=\"article:published_time\" content=\"2024-02-25T15:17:27+00:00\" \/>\n<meta property=\"article:modified_time\" content=\"2025-09-14T19:43:55+00:00\" \/>\n<meta property=\"og:image\" content=\"https:\/\/www.latoscane.net\/wp-content\/uploads\/2017\/03\/naissance-de-venus-botticelli.jpg\" \/>\n\t<meta property=\"og:image:width\" content=\"1000\" \/>\n\t<meta property=\"og:image:height\" content=\"632\" \/>\n\t<meta property=\"og:image:type\" content=\"image\/jpeg\" \/>\n<meta name=\"author\" content=\"Galgano\" \/>\n<meta name=\"twitter:card\" content=\"summary_large_image\" \/>\n<meta name=\"twitter:label1\" content=\"Scritto da\" \/>\n\t<meta name=\"twitter:data1\" content=\"Galgano\" \/>\n\t<meta name=\"twitter:label2\" content=\"Tempo di lettura stimato\" \/>\n\t<meta name=\"twitter:data2\" content=\"6 minuti\" \/>\n<script type=\"application\/ld+json\" class=\"yoast-schema-graph\">{\"@context\":\"https:\/\/schema.org\",\"@graph\":[{\"@type\":\"WebPage\",\"@id\":\"https:\/\/www.latoscane.net\/it\/galleria-degli-uffizi\/\",\"url\":\"https:\/\/www.latoscane.net\/it\/galleria-degli-uffizi\/\",\"name\":\"Galleria degli Uffizi a Firenze: tour, consigli e informazioni\",\"isPartOf\":{\"@id\":\"https:\/\/www.latoscane.net\/#website\"},\"primaryImageOfPage\":{\"@id\":\"https:\/\/www.latoscane.net\/it\/galleria-degli-uffizi\/#primaryimage\"},\"image\":{\"@id\":\"https:\/\/www.latoscane.net\/it\/galleria-degli-uffizi\/#primaryimage\"},\"thumbnailUrl\":\"https:\/\/www.latoscane.net\/wp-content\/uploads\/2017\/03\/naissance-de-venus-botticelli.jpg\",\"datePublished\":\"2024-02-25T15:17:27+00:00\",\"dateModified\":\"2025-09-14T19:43:55+00:00\",\"author\":{\"@id\":\"https:\/\/www.latoscane.net\/#\/schema\/person\/dae56e679cb6d9bdaf2b0b54b1320d42\"},\"breadcrumb\":{\"@id\":\"https:\/\/www.latoscane.net\/it\/galleria-degli-uffizi\/#breadcrumb\"},\"inLanguage\":\"it-IT\",\"potentialAction\":[{\"@type\":\"ReadAction\",\"target\":[\"https:\/\/www.latoscane.net\/it\/galleria-degli-uffizi\/\"]}]},{\"@type\":\"ImageObject\",\"inLanguage\":\"it-IT\",\"@id\":\"https:\/\/www.latoscane.net\/it\/galleria-degli-uffizi\/#primaryimage\",\"url\":\"https:\/\/www.latoscane.net\/wp-content\/uploads\/2017\/03\/naissance-de-venus-botticelli.jpg\",\"contentUrl\":\"https:\/\/www.latoscane.net\/wp-content\/uploads\/2017\/03\/naissance-de-venus-botticelli.jpg\",\"width\":1000,\"height\":632,\"caption\":\"La nascita di Venere, Botticelli (Galleria degli Uffizi)\"},{\"@type\":\"BreadcrumbList\",\"@id\":\"https:\/\/www.latoscane.net\/it\/galleria-degli-uffizi\/#breadcrumb\",\"itemListElement\":[{\"@type\":\"ListItem\",\"position\":1,\"name\":\"Accueil\",\"item\":\"https:\/\/www.latoscane.net\/it\/\"},{\"@type\":\"ListItem\",\"position\":2,\"name\":\"Galleria degli Uffizi\"}]},{\"@type\":\"WebSite\",\"@id\":\"https:\/\/www.latoscane.net\/#website\",\"url\":\"https:\/\/www.latoscane.net\/\",\"name\":\"LaToscane.net\",\"description\":\"Visita della regione Toscana\",\"potentialAction\":[{\"@type\":\"SearchAction\",\"target\":{\"@type\":\"EntryPoint\",\"urlTemplate\":\"https:\/\/www.latoscane.net\/?s={search_term_string}\"},\"query-input\":\"required name=search_term_string\"}],\"inLanguage\":\"it-IT\"},{\"@type\":\"Person\",\"@id\":\"https:\/\/www.latoscane.net\/#\/schema\/person\/dae56e679cb6d9bdaf2b0b54b1320d42\",\"name\":\"Galgano\",\"url\":\"https:\/\/www.latoscane.net\/it\/author\/will\/\"}]}<\/script>\n<!-- \/ Yoast SEO plugin. -->","yoast_head_json":{"title":"Galleria degli Uffizi a Firenze: tour, consigli e informazioni","robots":{"index":"index","follow":"follow","max-snippet":"max-snippet:-1","max-image-preview":"max-image-preview:large","max-video-preview":"max-video-preview:-1"},"canonical":"https:\/\/www.latoscane.net\/it\/galleria-degli-uffizi\/","og_locale":"it_IT","og_type":"article","og_title":"Galleria degli Uffizi a Firenze: tour, consigli e informazioni","og_description":"La Galleria degli Uffizi a Firenze \u00e8 uno dei musei pi\u00f9 celebri al mondo, ospitando una collezione eccezionale di capolavori del Rinascimento italiano. Varcando le sue porte, potrete ammirare dipinti emblematici di Botticelli, Leonardo da Vinci, Michelangelo e molti altri, in un contesto architettonico notevole progettato da Giorgio Vasari. Offre inoltre un punto di osservazione [&hellip;]","og_url":"https:\/\/www.latoscane.net\/it\/galleria-degli-uffizi\/","og_site_name":"LaToscane.net","article_published_time":"2024-02-25T15:17:27+00:00","article_modified_time":"2025-09-14T19:43:55+00:00","og_image":[{"width":1000,"height":632,"url":"https:\/\/www.latoscane.net\/wp-content\/uploads\/2017\/03\/naissance-de-venus-botticelli.jpg","type":"image\/jpeg"}],"author":"Galgano","twitter_card":"summary_large_image","twitter_misc":{"Scritto da":"Galgano","Tempo di lettura stimato":"6 minuti"},"schema":{"@context":"https:\/\/schema.org","@graph":[{"@type":"WebPage","@id":"https:\/\/www.latoscane.net\/it\/galleria-degli-uffizi\/","url":"https:\/\/www.latoscane.net\/it\/galleria-degli-uffizi\/","name":"Galleria degli Uffizi a Firenze: tour, consigli e informazioni","isPartOf":{"@id":"https:\/\/www.latoscane.net\/#website"},"primaryImageOfPage":{"@id":"https:\/\/www.latoscane.net\/it\/galleria-degli-uffizi\/#primaryimage"},"image":{"@id":"https:\/\/www.latoscane.net\/it\/galleria-degli-uffizi\/#primaryimage"},"thumbnailUrl":"https:\/\/www.latoscane.net\/wp-content\/uploads\/2017\/03\/naissance-de-venus-botticelli.jpg","datePublished":"2024-02-25T15:17:27+00:00","dateModified":"2025-09-14T19:43:55+00:00","author":{"@id":"https:\/\/www.latoscane.net\/#\/schema\/person\/dae56e679cb6d9bdaf2b0b54b1320d42"},"breadcrumb":{"@id":"https:\/\/www.latoscane.net\/it\/galleria-degli-uffizi\/#breadcrumb"},"inLanguage":"it-IT","potentialAction":[{"@type":"ReadAction","target":["https:\/\/www.latoscane.net\/it\/galleria-degli-uffizi\/"]}]},{"@type":"ImageObject","inLanguage":"it-IT","@id":"https:\/\/www.latoscane.net\/it\/galleria-degli-uffizi\/#primaryimage","url":"https:\/\/www.latoscane.net\/wp-content\/uploads\/2017\/03\/naissance-de-venus-botticelli.jpg","contentUrl":"https:\/\/www.latoscane.net\/wp-content\/uploads\/2017\/03\/naissance-de-venus-botticelli.jpg","width":1000,"height":632,"caption":"La nascita di Venere, Botticelli (Galleria degli Uffizi)"},{"@type":"BreadcrumbList","@id":"https:\/\/www.latoscane.net\/it\/galleria-degli-uffizi\/#breadcrumb","itemListElement":[{"@type":"ListItem","position":1,"name":"Accueil","item":"https:\/\/www.latoscane.net\/it\/"},{"@type":"ListItem","position":2,"name":"Galleria degli Uffizi"}]},{"@type":"WebSite","@id":"https:\/\/www.latoscane.net\/#website","url":"https:\/\/www.latoscane.net\/","name":"LaToscane.net","description":"Visita della regione Toscana","potentialAction":[{"@type":"SearchAction","target":{"@type":"EntryPoint","urlTemplate":"https:\/\/www.latoscane.net\/?s={search_term_string}"},"query-input":"required name=search_term_string"}],"inLanguage":"it-IT"},{"@type":"Person","@id":"https:\/\/www.latoscane.net\/#\/schema\/person\/dae56e679cb6d9bdaf2b0b54b1320d42","name":"Galgano","url":"https:\/\/www.latoscane.net\/it\/author\/will\/"}]}},"_links":{"self":[{"href":"https:\/\/www.latoscane.net\/it\/wp-json\/wp\/v2\/posts\/14591"}],"collection":[{"href":"https:\/\/www.latoscane.net\/it\/wp-json\/wp\/v2\/posts"}],"about":[{"href":"https:\/\/www.latoscane.net\/it\/wp-json\/wp\/v2\/types\/post"}],"author":[{"embeddable":true,"href":"https:\/\/www.latoscane.net\/it\/wp-json\/wp\/v2\/users\/1"}],"replies":[{"embeddable":true,"href":"https:\/\/www.latoscane.net\/it\/wp-json\/wp\/v2\/comments?post=14591"}],"version-history":[{"count":4,"href":"https:\/\/www.latoscane.net\/it\/wp-json\/wp\/v2\/posts\/14591\/revisions"}],"predecessor-version":[{"id":14597,"href":"https:\/\/www.latoscane.net\/it\/wp-json\/wp\/v2\/posts\/14591\/revisions\/14597"}],"wp:featuredmedia":[{"embeddable":true,"href":"https:\/\/www.latoscane.net\/it\/wp-json\/wp\/v2\/media\/1423"}],"wp:attachment":[{"href":"https:\/\/www.latoscane.net\/it\/wp-json\/wp\/v2\/media?parent=14591"}],"wp:term":[{"taxonomy":"category","embeddable":true,"href":"https:\/\/www.latoscane.net\/it\/wp-json\/wp\/v2\/categories?post=14591"},{"taxonomy":"post_tag","embeddable":true,"href":"https:\/\/www.latoscane.net\/it\/wp-json\/wp\/v2\/tags?post=14591"}],"curies":[{"name":"wp","href":"https:\/\/api.w.org\/{rel}","templated":true}]}}