{"id":2335,"date":"2017-01-02T17:52:10","date_gmt":"2017-01-02T16:52:10","guid":{"rendered":"http:\/\/www.latoscane.net\/meteo-a-prato\/"},"modified":"2024-10-28T11:19:26","modified_gmt":"2024-10-28T10:19:26","slug":"meteo-a-prato","status":"publish","type":"post","link":"https:\/\/www.latoscane.net\/it\/meteo-a-prato\/","title":{"rendered":"Meteo in Prato"},"content":{"rendered":"<p>Il tempo attuale a Prato e le previsioni meteo per i prossimi giorni tra cui piovosit\u00e0, temperature o qualit\u00e0 dell&#8217;aria<\/p>\n<h3>Meteo 5 giorni in Prato<\/h3>\n<p><!-- Inizio codice ilMeteo.it --><br \/>\n<iframe loading=\"lazy\" src=\"http:\/\/www.ilmeteo.it\/box\/previsioni.php?citta=5529&amp;type=day1&amp;width=400&amp;ico=1&amp;lang=ita&amp;days=6&amp;font=Arial&amp;fontsize=12&amp;bg=FFFFFF&amp;fg=000000&amp;bgtitle=0099FF&amp;fgtitle=FFFFFF&amp;bgtab=F0F0F0&amp;fglink=1773C2\" width=\"400\" height=\"240\" frameborder=\"no\" scrolling=\"no\"><\/iframe><br \/>\n<!-- Fine codice ilMeteo.it --><\/p>\n<h3>Meteo dettagliata in Prato<\/h3>\n<p><!-- Inizio codice ilMeteo.it --><br \/>\n<iframe loading=\"lazy\" src=\"http:\/\/www.ilmeteo.it\/box\/previsioni.php?citta=5529&amp;type=tri1&amp;width=500&amp;ico=1&amp;lang=ita&amp;days=6&amp;font=Arial&amp;fontsize=12&amp;bg=FFFFFF&amp;fg=000000&amp;bgtitle=0099FF&amp;fgtitle=FFFFFF&amp;bgtab=F0F0F0&amp;fglink=1773C2\" width=\"500\" height=\"510\" frameborder=\"no\" scrolling=\"no\"><\/iframe><br \/>\n<!-- Fine codice ilMeteo.it --><\/p>\n<p>&nbsp;<\/p>\n<h3>Nella stessa categoria<\/h3>\n<ul class=\"lcp_catlist2\" id=\"lcp_instance_0\"><li><a href=\"https:\/\/www.latoscane.net\/it\/prato-toscana\/\">Prato<\/a><a href=\"https:\/\/www.latoscane.net\/it\/prato-toscana\/\" title=\"Prato\"><img loading=\"lazy\" decoding=\"async\" width=\"150\" height=\"150\" src=\"https:\/\/www.latoscane.net\/wp-content\/uploads\/2017\/03\/prato-8478-150x150.jpg\" class=\"lcp_thumbnail wp-post-image\" alt=\"Prato\" srcset=\"https:\/\/www.latoscane.net\/wp-content\/uploads\/2017\/03\/prato-8478-150x150.jpg 150w, https:\/\/www.latoscane.net\/wp-content\/uploads\/2017\/03\/prato-8478-50x50.jpg 50w, https:\/\/www.latoscane.net\/wp-content\/uploads\/2017\/03\/prato-8478-65x65.jpg 65w\" sizes=\"(max-width: 150px) 100vw, 150px\" \/><\/a><div class=\"lcp_excerpt\">\nPrato \u00e8 la seconda citt\u00e0 pi\u00f9 grande della Toscana con quasi 190.000 abitanti (nel 2009), dopo Firenze, e solo 25 km da quest&#8217;ultima. Questa citt\u00e0 attiva vive ancora un po&#8217; ...<\/div><\/li><li><a href=\"https:\/\/www.booking.com\/city\/it\/prato.it.html?aid=308562\">Alberghi in Prato<\/a><a href=\"https:\/\/www.booking.com\/city\/it\/prato.it.html?aid=308562\" title=\"Alberghi in Prato\"><img loading=\"lazy\" decoding=\"async\" width=\"150\" height=\"115\" src=\"https:\/\/www.latoscane.net\/wp-content\/uploads\/2017\/02\/hotels-en-toscane-150x115.jpg\" class=\"lcp_thumbnail wp-post-image\" alt=\"Alberghi in Prato\" \/><\/a><div class=\"lcp_excerpt\">Prenota subito un alloggio a Prato in Toscana tra circa 60 strutture tra cui hotel, appartamenti, camere, ecc\n<\/div><\/li><li class=\"current\"><a href=\"https:\/\/www.latoscane.net\/it\/meteo-a-prato\/\">Meteo in Prato<\/a><a href=\"https:\/\/www.latoscane.net\/it\/meteo-a-prato\/\" title=\"Meteo in Prato\"><img loading=\"lazy\" decoding=\"async\" width=\"150\" height=\"120\" src=\"https:\/\/www.latoscane.net\/wp-content\/uploads\/2017\/01\/icone-meteo-toscane2-150x120.jpg\" class=\"lcp_thumbnail wp-post-image\" alt=\"Meteo in Prato\" \/><\/a><div class=\"lcp_excerpt\">Il tempo attuale a Prato e le previsioni meteo per i prossimi giorni tra cui piovosit\u00e0, temperature o qualit\u00e0 dell&#8217;aria\nMeteo 5 giorni in Prato\n\n\n\nMeteo dettagliata in Prato\n\n\n\n&nbsp;\nNella stessa categoria\n&nbsp;\n<\/div><\/li><\/ul>\n<p>&nbsp;<\/p>\n","protected":false},"excerpt":{"rendered":"<p>Il tempo attuale a Prato e le previsioni meteo per i prossimi giorni tra cui piovosit\u00e0, temperature o qualit\u00e0 dell&#8217;aria Meteo 5 giorni in Prato Meteo dettagliata in Prato &nbsp; Nella stessa categoria &nbsp;<\/p>\n","protected":false},"author":1,"featured_media":10580,"comment_status":"open","ping_status":"open","sticky":false,"template":"","format":"standard","meta":{"_acf_changed":false,"footnotes":"","_links_to":"","_links_to_target":""},"categories":[123],"tags":[],"acf":[],"yoast_head":"<!-- This site is optimized with the Yoast SEO plugin v22.8 - https:\/\/yoast.com\/wordpress\/plugins\/seo\/ -->\n<title>Meteo in Prato - Turismo<\/title>\n<meta name=\"description\" content=\"Il tempo attuale a Prato e le previsioni meteo per i prossimi giorni tra cui piovosit\u00e0, temperature o qualit\u00e0 dell&#039;aria\" \/>\n<meta name=\"robots\" content=\"index, follow, max-snippet:-1, max-image-preview:large, max-video-preview:-1\" \/>\n<link rel=\"canonical\" href=\"https:\/\/www.latoscane.net\/it\/meteo-a-prato\/\" \/>\n<meta property=\"og:locale\" content=\"it_IT\" \/>\n<meta property=\"og:type\" content=\"article\" \/>\n<meta property=\"og:title\" content=\"Meteo in Prato - Turismo\" \/>\n<meta property=\"og:description\" content=\"Il tempo attuale a Prato e le previsioni meteo per i prossimi giorni tra cui piovosit\u00e0, temperature o qualit\u00e0 dell&#039;aria\" \/>\n<meta property=\"og:url\" content=\"https:\/\/www.latoscane.net\/it\/meteo-a-prato\/\" \/>\n<meta property=\"og:site_name\" content=\"LaToscane.net\" \/>\n<meta property=\"article:published_time\" content=\"2017-01-02T16:52:10+00:00\" \/>\n<meta property=\"article:modified_time\" content=\"2024-10-28T10:19:26+00:00\" \/>\n<meta property=\"og:image\" content=\"https:\/\/www.latoscane.net\/wp-content\/uploads\/2017\/01\/icone-meteo-toscane2.jpg\" \/>\n\t<meta property=\"og:image:width\" content=\"240\" \/>\n\t<meta property=\"og:image:height\" content=\"120\" \/>\n\t<meta property=\"og:image:type\" content=\"image\/jpeg\" \/>\n<meta name=\"author\" content=\"Galgano\" \/>\n<meta name=\"twitter:card\" content=\"summary_large_image\" \/>\n<meta name=\"twitter:label1\" content=\"Scritto da\" \/>\n\t<meta name=\"twitter:data1\" content=\"Galgano\" \/>\n\t<meta name=\"twitter:label2\" content=\"Tempo di lettura stimato\" \/>\n\t<meta name=\"twitter:data2\" content=\"1 minuto\" \/>\n<script type=\"application\/ld+json\" class=\"yoast-schema-graph\">{\"@context\":\"https:\/\/schema.org\",\"@graph\":[{\"@type\":\"WebPage\",\"@id\":\"https:\/\/www.latoscane.net\/it\/meteo-a-prato\/\",\"url\":\"https:\/\/www.latoscane.net\/it\/meteo-a-prato\/\",\"name\":\"Meteo in Prato - Turismo\",\"isPartOf\":{\"@id\":\"https:\/\/www.latoscane.net\/#website\"},\"primaryImageOfPage\":{\"@id\":\"https:\/\/www.latoscane.net\/it\/meteo-a-prato\/#primaryimage\"},\"image\":{\"@id\":\"https:\/\/www.latoscane.net\/it\/meteo-a-prato\/#primaryimage\"},\"thumbnailUrl\":\"https:\/\/www.latoscane.net\/wp-content\/uploads\/2017\/01\/icone-meteo-toscane2.jpg\",\"datePublished\":\"2017-01-02T16:52:10+00:00\",\"dateModified\":\"2024-10-28T10:19:26+00:00\",\"author\":{\"@id\":\"https:\/\/www.latoscane.net\/#\/schema\/person\/dae56e679cb6d9bdaf2b0b54b1320d42\"},\"description\":\"Il tempo attuale a Prato e le previsioni meteo per i prossimi giorni tra cui piovosit\u00e0, temperature o qualit\u00e0 dell'aria\",\"breadcrumb\":{\"@id\":\"https:\/\/www.latoscane.net\/it\/meteo-a-prato\/#breadcrumb\"},\"inLanguage\":\"it-IT\",\"potentialAction\":[{\"@type\":\"ReadAction\",\"target\":[\"https:\/\/www.latoscane.net\/it\/meteo-a-prato\/\"]}]},{\"@type\":\"ImageObject\",\"inLanguage\":\"it-IT\",\"@id\":\"https:\/\/www.latoscane.net\/it\/meteo-a-prato\/#primaryimage\",\"url\":\"https:\/\/www.latoscane.net\/wp-content\/uploads\/2017\/01\/icone-meteo-toscane2.jpg\",\"contentUrl\":\"https:\/\/www.latoscane.net\/wp-content\/uploads\/2017\/01\/icone-meteo-toscane2.jpg\",\"width\":240,\"height\":120,\"caption\":\"icone-meteo-toscane2\"},{\"@type\":\"BreadcrumbList\",\"@id\":\"https:\/\/www.latoscane.net\/it\/meteo-a-prato\/#breadcrumb\",\"itemListElement\":[{\"@type\":\"ListItem\",\"position\":1,\"name\":\"Accueil\",\"item\":\"https:\/\/www.latoscane.net\/it\/\"},{\"@type\":\"ListItem\",\"position\":2,\"name\":\"Meteo in Prato\"}]},{\"@type\":\"WebSite\",\"@id\":\"https:\/\/www.latoscane.net\/#website\",\"url\":\"https:\/\/www.latoscane.net\/\",\"name\":\"LaToscane.net\",\"description\":\"Visita della regione Toscana\",\"potentialAction\":[{\"@type\":\"SearchAction\",\"target\":{\"@type\":\"EntryPoint\",\"urlTemplate\":\"https:\/\/www.latoscane.net\/?s={search_term_string}\"},\"query-input\":\"required name=search_term_string\"}],\"inLanguage\":\"it-IT\"},{\"@type\":\"Person\",\"@id\":\"https:\/\/www.latoscane.net\/#\/schema\/person\/dae56e679cb6d9bdaf2b0b54b1320d42\",\"name\":\"Galgano\",\"url\":\"https:\/\/www.latoscane.net\/it\/author\/will\/\"}]}<\/script>\n<!-- \/ Yoast SEO plugin. -->","yoast_head_json":{"title":"Meteo in Prato - Turismo","description":"Il tempo attuale a Prato e le previsioni meteo per i prossimi giorni tra cui piovosit\u00e0, temperature o qualit\u00e0 dell'aria","robots":{"index":"index","follow":"follow","max-snippet":"max-snippet:-1","max-image-preview":"max-image-preview:large","max-video-preview":"max-video-preview:-1"},"canonical":"https:\/\/www.latoscane.net\/it\/meteo-a-prato\/","og_locale":"it_IT","og_type":"article","og_title":"Meteo in Prato - Turismo","og_description":"Il tempo attuale a Prato e le previsioni meteo per i prossimi giorni tra cui piovosit\u00e0, temperature o qualit\u00e0 dell'aria","og_url":"https:\/\/www.latoscane.net\/it\/meteo-a-prato\/","og_site_name":"LaToscane.net","article_published_time":"2017-01-02T16:52:10+00:00","article_modified_time":"2024-10-28T10:19:26+00:00","og_image":[{"width":240,"height":120,"url":"https:\/\/www.latoscane.net\/wp-content\/uploads\/2017\/01\/icone-meteo-toscane2.jpg","type":"image\/jpeg"}],"author":"Galgano","twitter_card":"summary_large_image","twitter_misc":{"Scritto da":"Galgano","Tempo di lettura stimato":"1 minuto"},"schema":{"@context":"https:\/\/schema.org","@graph":[{"@type":"WebPage","@id":"https:\/\/www.latoscane.net\/it\/meteo-a-prato\/","url":"https:\/\/www.latoscane.net\/it\/meteo-a-prato\/","name":"Meteo in Prato - Turismo","isPartOf":{"@id":"https:\/\/www.latoscane.net\/#website"},"primaryImageOfPage":{"@id":"https:\/\/www.latoscane.net\/it\/meteo-a-prato\/#primaryimage"},"image":{"@id":"https:\/\/www.latoscane.net\/it\/meteo-a-prato\/#primaryimage"},"thumbnailUrl":"https:\/\/www.latoscane.net\/wp-content\/uploads\/2017\/01\/icone-meteo-toscane2.jpg","datePublished":"2017-01-02T16:52:10+00:00","dateModified":"2024-10-28T10:19:26+00:00","author":{"@id":"https:\/\/www.latoscane.net\/#\/schema\/person\/dae56e679cb6d9bdaf2b0b54b1320d42"},"description":"Il tempo attuale a Prato e le previsioni meteo per i prossimi giorni tra cui piovosit\u00e0, temperature o qualit\u00e0 dell'aria","breadcrumb":{"@id":"https:\/\/www.latoscane.net\/it\/meteo-a-prato\/#breadcrumb"},"inLanguage":"it-IT","potentialAction":[{"@type":"ReadAction","target":["https:\/\/www.latoscane.net\/it\/meteo-a-prato\/"]}]},{"@type":"ImageObject","inLanguage":"it-IT","@id":"https:\/\/www.latoscane.net\/it\/meteo-a-prato\/#primaryimage","url":"https:\/\/www.latoscane.net\/wp-content\/uploads\/2017\/01\/icone-meteo-toscane2.jpg","contentUrl":"https:\/\/www.latoscane.net\/wp-content\/uploads\/2017\/01\/icone-meteo-toscane2.jpg","width":240,"height":120,"caption":"icone-meteo-toscane2"},{"@type":"BreadcrumbList","@id":"https:\/\/www.latoscane.net\/it\/meteo-a-prato\/#breadcrumb","itemListElement":[{"@type":"ListItem","position":1,"name":"Accueil","item":"https:\/\/www.latoscane.net\/it\/"},{"@type":"ListItem","position":2,"name":"Meteo in Prato"}]},{"@type":"WebSite","@id":"https:\/\/www.latoscane.net\/#website","url":"https:\/\/www.latoscane.net\/","name":"LaToscane.net","description":"Visita della regione Toscana","potentialAction":[{"@type":"SearchAction","target":{"@type":"EntryPoint","urlTemplate":"https:\/\/www.latoscane.net\/?s={search_term_string}"},"query-input":"required name=search_term_string"}],"inLanguage":"it-IT"},{"@type":"Person","@id":"https:\/\/www.latoscane.net\/#\/schema\/person\/dae56e679cb6d9bdaf2b0b54b1320d42","name":"Galgano","url":"https:\/\/www.latoscane.net\/it\/author\/will\/"}]}},"_links":{"self":[{"href":"https:\/\/www.latoscane.net\/it\/wp-json\/wp\/v2\/posts\/2335"}],"collection":[{"href":"https:\/\/www.latoscane.net\/it\/wp-json\/wp\/v2\/posts"}],"about":[{"href":"https:\/\/www.latoscane.net\/it\/wp-json\/wp\/v2\/types\/post"}],"author":[{"embeddable":true,"href":"https:\/\/www.latoscane.net\/it\/wp-json\/wp\/v2\/users\/1"}],"replies":[{"embeddable":true,"href":"https:\/\/www.latoscane.net\/it\/wp-json\/wp\/v2\/comments?post=2335"}],"version-history":[{"count":1,"href":"https:\/\/www.latoscane.net\/it\/wp-json\/wp\/v2\/posts\/2335\/revisions"}],"predecessor-version":[{"id":10852,"href":"https:\/\/www.latoscane.net\/it\/wp-json\/wp\/v2\/posts\/2335\/revisions\/10852"}],"wp:featuredmedia":[{"embeddable":true,"href":"https:\/\/www.latoscane.net\/it\/wp-json\/wp\/v2\/media\/10580"}],"wp:attachment":[{"href":"https:\/\/www.latoscane.net\/it\/wp-json\/wp\/v2\/media?parent=2335"}],"wp:term":[{"taxonomy":"category","embeddable":true,"href":"https:\/\/www.latoscane.net\/it\/wp-json\/wp\/v2\/categories?post=2335"},{"taxonomy":"post_tag","embeddable":true,"href":"https:\/\/www.latoscane.net\/it\/wp-json\/wp\/v2\/tags?post=2335"}],"curies":[{"name":"wp","href":"https:\/\/api.w.org\/{rel}","templated":true}]}}