{"id":2388,"date":"2023-07-25T17:33:33","date_gmt":"2023-07-25T15:33:33","guid":{"rendered":"http:\/\/www.latoscane.net\/cathedrale-de-sienne\/"},"modified":"2025-09-09T11:55:31","modified_gmt":"2025-09-09T09:55:31","slug":"duomo-di-siena","status":"publish","type":"post","link":"https:\/\/www.latoscane.net\/it\/duomo-di-siena\/","title":{"rendered":"Duomo di Siena"},"content":{"rendered":"\n<p>Risaltando subito per le sue pietre e marmo bianchi e neri, la <strong>Cattedrale di Santa Maria Assunta di Siena<\/strong> \u00e8 sicuramente una delle pi\u00f9 sorprendenti e belle chiese d&#8217;Italia.<br \/>Fu costruita tra il 1136 e il 1382 nel centro storico della citt\u00e0. Una grande navata \u00e8 rimasta incompiuta a causa di terribili contrattempi come la peste del 1348. Se fosse stata completata come previsto, sarebbe la pi\u00f9 grande chiesa cristiana del mondo.<\/p>\n\n\n<div data-tiqets-widget=\"discovery\" data-cards-layout=\"horizontal\" data-content-type=\"product\" data-content-ids=\"974667\" data-language=\"it\" data-partner=\"romeroma\"><\/div><script defer src=\"https:\/\/widgets.tiqets.com\/loader.js\"><\/script>\n\n\n<h2>Descrizione<\/h2>\n<p>La cattedrale di Siena \u00e8 caratteristica del gotico italiano del XIII secolo, con tuttavia una base romanica del XII secolo.<br \/>L&#8217;interno \u00e8 ricco di decorazioni e capolavori, molti dei quali realizzati da grandi maestri come <strong>Donatello<\/strong>, <strong>Pisano<\/strong>, <strong>Pinturicchio<\/strong> e <strong>Michelangelo<\/strong>.<\/p>\n\n\n<figure class=\"wp-block-gallery has-nested-images columns-default is-cropped wp-block-gallery-2 is-layout-flex wp-block-gallery-is-layout-flex\">\n<figure class=\"wp-block-image size-medium\"><a href=\"https:\/\/www.latoscane.net\/wp-content\/uploads\/2017\/02\/foto-duomo-di-siena-3095-300x200.jpg\"><img loading=\"lazy\" decoding=\"async\" width=\"300\" height=\"200\" data-id=\"4060\" src=\"https:\/\/www.latoscane.net\/wp-content\/uploads\/2017\/02\/foto-duomo-di-siena-3095-300x200.jpg\" alt=\"Foto del duomo di Siena\" class=\"wp-image-4060\" srcset=\"https:\/\/www.latoscane.net\/wp-content\/uploads\/2017\/02\/foto-duomo-di-siena-3095-300x200.jpg 300w, https:\/\/www.latoscane.net\/wp-content\/uploads\/2017\/02\/foto-duomo-di-siena-3095-1024x683.jpg 1024w, https:\/\/www.latoscane.net\/wp-content\/uploads\/2017\/02\/foto-duomo-di-siena-3095-768x512.jpg 768w, https:\/\/www.latoscane.net\/wp-content\/uploads\/2017\/02\/foto-duomo-di-siena-3095.jpg 1200w\" sizes=\"(max-width: 300px) 100vw, 300px\" \/><\/a><figcaption class=\"wp-element-caption\">Cattedrale di Siena<\/figcaption><\/figure>\n\n\n\n<figure class=\"wp-block-image size-medium\"><a href=\"https:\/\/www.latoscane.net\/wp-content\/uploads\/2024\/07\/nef-cathedrale-de-sienne-9048.jpg\"><img loading=\"lazy\" decoding=\"async\" width=\"1200\" height=\"800\" data-id=\"4055\" src=\"https:\/\/www.latoscane.net\/wp-content\/uploads\/2024\/07\/nef-cathedrale-de-sienne-9048.jpg\" alt=\"Veduta dell'interno del duomo di Siena\" class=\"wp-image-4055\" srcset=\"https:\/\/www.latoscane.net\/wp-content\/uploads\/2024\/07\/nef-cathedrale-de-sienne-9048.jpg 1200w, https:\/\/www.latoscane.net\/wp-content\/uploads\/2024\/07\/nef-cathedrale-de-sienne-9048-300x200.jpg 300w, https:\/\/www.latoscane.net\/wp-content\/uploads\/2024\/07\/nef-cathedrale-de-sienne-9048-1024x683.jpg 1024w, https:\/\/www.latoscane.net\/wp-content\/uploads\/2024\/07\/nef-cathedrale-de-sienne-9048-768x512.jpg 768w\" sizes=\"(max-width: 1200px) 100vw, 1200px\" \/><\/a><figcaption class=\"wp-element-caption\">Navata centrale<\/figcaption><\/figure>\n<\/figure>\n\n\n<p>La facciata progettata da <strong>Giovanni Pisano<\/strong> fu costruita dal XII secolo fino alla fine del XIII. Si affaccia con marmi bianchi, neri e rossi, tre portali e colonnati riccamente decorati con sculture.<br \/>Il grande campanile bicolore \u00e8 in marmo bianco e nero. La cupola ha una base romanica esagonale e sormontata da un fanale poligonale, realizzato dagli architetti Agostino di Giovanni e Agnolo di Ventura.<\/p>\n\n\n<figure class=\"wp-block-gallery has-nested-images columns-5 is-cropped wp-block-gallery-3 is-layout-flex wp-block-gallery-is-layout-flex\">\n<figure class=\"wp-block-image size-medium\"><a href=\"https:\/\/www.latoscane.net\/wp-content\/uploads\/2017\/02\/foto-duomo-di-siena-3098-300x200.jpg\"><img loading=\"lazy\" decoding=\"async\" width=\"300\" height=\"200\" data-id=\"4070\" src=\"https:\/\/www.latoscane.net\/wp-content\/uploads\/2017\/02\/foto-duomo-di-siena-3098-300x200.jpg\" alt=\"Foto della facciata del duomo di Siena\" class=\"wp-image-4070\" srcset=\"https:\/\/www.latoscane.net\/wp-content\/uploads\/2017\/02\/foto-duomo-di-siena-3098-300x200.jpg 300w, https:\/\/www.latoscane.net\/wp-content\/uploads\/2017\/02\/foto-duomo-di-siena-3098-1024x683.jpg 1024w, https:\/\/www.latoscane.net\/wp-content\/uploads\/2017\/02\/foto-duomo-di-siena-3098-768x512.jpg 768w, https:\/\/www.latoscane.net\/wp-content\/uploads\/2017\/02\/foto-duomo-di-siena-3098.jpg 1200w\" sizes=\"(max-width: 300px) 100vw, 300px\" \/><\/a><figcaption class=\"wp-element-caption\">Facciata<\/figcaption><\/figure>\n\n\n\n<figure class=\"wp-block-image size-medium\"><a href=\"https:\/\/www.latoscane.net\/wp-content\/uploads\/2017\/02\/campanile-cupola-duomo-di-siena-8840-200x300.jpg\"><img loading=\"lazy\" decoding=\"async\" width=\"200\" height=\"300\" data-id=\"4067\" src=\"https:\/\/www.latoscane.net\/wp-content\/uploads\/2017\/02\/campanile-cupola-duomo-di-siena-8840-200x300.jpg\" alt=\"Foto del campanile e della cupola del duomo di Siena\" class=\"wp-image-4067\" srcset=\"https:\/\/www.latoscane.net\/wp-content\/uploads\/2017\/02\/campanile-cupola-duomo-di-siena-8840-200x300.jpg 200w, https:\/\/www.latoscane.net\/wp-content\/uploads\/2017\/02\/campanile-cupola-duomo-di-siena-8840-683x1024.jpg 683w, https:\/\/www.latoscane.net\/wp-content\/uploads\/2017\/02\/campanile-cupola-duomo-di-siena-8840-768x1152.jpg 768w, https:\/\/www.latoscane.net\/wp-content\/uploads\/2017\/02\/campanile-cupola-duomo-di-siena-8840.jpg 800w\" sizes=\"(max-width: 200px) 100vw, 200px\" \/><\/a><figcaption class=\"wp-element-caption\">Campanile e cupola<\/figcaption><\/figure>\n\n\n\n<figure class=\"wp-block-image size-medium\"><a href=\"https:\/\/www.latoscane.net\/wp-content\/uploads\/2017\/02\/foto-sculture-facciata-duomo-di-siena-3105-200x300.jpg\"><img loading=\"lazy\" decoding=\"async\" width=\"200\" height=\"300\" data-id=\"4076\" src=\"https:\/\/www.latoscane.net\/wp-content\/uploads\/2017\/02\/foto-sculture-facciata-duomo-di-siena-3105-200x300.jpg\" alt=\"Dettaglio delle sculture della facciata del duomo di Siena\" class=\"wp-image-4076\" srcset=\"https:\/\/www.latoscane.net\/wp-content\/uploads\/2017\/02\/foto-sculture-facciata-duomo-di-siena-3105-200x300.jpg 200w, https:\/\/www.latoscane.net\/wp-content\/uploads\/2017\/02\/foto-sculture-facciata-duomo-di-siena-3105-683x1024.jpg 683w, https:\/\/www.latoscane.net\/wp-content\/uploads\/2017\/02\/foto-sculture-facciata-duomo-di-siena-3105-768x1152.jpg 768w, https:\/\/www.latoscane.net\/wp-content\/uploads\/2017\/02\/foto-sculture-facciata-duomo-di-siena-3105.jpg 800w\" sizes=\"(max-width: 200px) 100vw, 200px\" \/><\/a><figcaption class=\"wp-element-caption\">Sculture della facciata<\/figcaption><\/figure>\n\n\n\n<figure class=\"wp-block-image size-medium\"><a href=\"https:\/\/www.latoscane.net\/wp-content\/uploads\/2017\/02\/incoronazione-della-vergine-facciata-cattedrale-siena-3108-300x200.jpg\"><img loading=\"lazy\" decoding=\"async\" width=\"300\" height=\"200\" data-id=\"4079\" src=\"https:\/\/www.latoscane.net\/wp-content\/uploads\/2017\/02\/incoronazione-della-vergine-facciata-cattedrale-siena-3108-300x200.jpg\" alt=\"Foto del Mosaico dell\u2019incoronamento della Vergine a Siena\" class=\"wp-image-4079\" srcset=\"https:\/\/www.latoscane.net\/wp-content\/uploads\/2017\/02\/incoronazione-della-vergine-facciata-cattedrale-siena-3108-300x200.jpg 300w, https:\/\/www.latoscane.net\/wp-content\/uploads\/2017\/02\/incoronazione-della-vergine-facciata-cattedrale-siena-3108-1024x683.jpg 1024w, https:\/\/www.latoscane.net\/wp-content\/uploads\/2017\/02\/incoronazione-della-vergine-facciata-cattedrale-siena-3108-768x512.jpg 768w, https:\/\/www.latoscane.net\/wp-content\/uploads\/2017\/02\/incoronazione-della-vergine-facciata-cattedrale-siena-3108.jpg 1200w\" sizes=\"(max-width: 300px) 100vw, 300px\" \/><\/a><figcaption class=\"wp-element-caption\">Mosaico dell\u2019incoronamento della Vergine<\/figcaption><\/figure>\n\n\n\n<figure class=\"wp-block-image size-medium\"><a href=\"https:\/\/www.latoscane.net\/wp-content\/uploads\/2017\/02\/nef-inachevee-cathedrale-de-sienne-2197.jpg\"><img loading=\"lazy\" decoding=\"async\" width=\"800\" height=\"1200\" data-id=\"4097\" src=\"https:\/\/www.latoscane.net\/wp-content\/uploads\/2017\/02\/nef-inachevee-cathedrale-de-sienne-2197.jpg\" alt=\"Foto della navata incompiuta del duomo di Siena\" class=\"wp-image-4097\" srcset=\"https:\/\/www.latoscane.net\/wp-content\/uploads\/2017\/02\/nef-inachevee-cathedrale-de-sienne-2197.jpg 800w, https:\/\/www.latoscane.net\/wp-content\/uploads\/2017\/02\/nef-inachevee-cathedrale-de-sienne-2197-200x300.jpg 200w, https:\/\/www.latoscane.net\/wp-content\/uploads\/2017\/02\/nef-inachevee-cathedrale-de-sienne-2197-683x1024.jpg 683w, https:\/\/www.latoscane.net\/wp-content\/uploads\/2017\/02\/nef-inachevee-cathedrale-de-sienne-2197-768x1152.jpg 768w\" sizes=\"(max-width: 800px) 100vw, 800px\" \/><\/a><figcaption class=\"wp-element-caption\">Navata incompiuta<\/figcaption><\/figure>\n\n\n\n<figure class=\"wp-block-image size-medium\"><a href=\"https:\/\/www.latoscane.net\/wp-content\/uploads\/2017\/02\/navata-incompiuta-duomo-di-siena-2193-200x300.jpg\"><img loading=\"lazy\" decoding=\"async\" width=\"200\" height=\"300\" data-id=\"4100\" src=\"https:\/\/www.latoscane.net\/wp-content\/uploads\/2017\/02\/navata-incompiuta-duomo-di-siena-2193-200x300.jpg\" alt=\"Foto della navata incompiuta del duomo di Siena\" class=\"wp-image-4100\" srcset=\"https:\/\/www.latoscane.net\/wp-content\/uploads\/2017\/02\/navata-incompiuta-duomo-di-siena-2193-200x300.jpg 200w, https:\/\/www.latoscane.net\/wp-content\/uploads\/2017\/02\/navata-incompiuta-duomo-di-siena-2193-683x1024.jpg 683w, https:\/\/www.latoscane.net\/wp-content\/uploads\/2017\/02\/navata-incompiuta-duomo-di-siena-2193-768x1152.jpg 768w, https:\/\/www.latoscane.net\/wp-content\/uploads\/2017\/02\/navata-incompiuta-duomo-di-siena-2193.jpg 800w\" sizes=\"(max-width: 200px) 100vw, 200px\" \/><\/a><figcaption class=\"wp-element-caption\">Navata incompiuta<\/figcaption><\/figure>\n\n\n\n<figure class=\"wp-block-image size-medium\"><a href=\"https:\/\/www.latoscane.net\/wp-content\/uploads\/2017\/02\/foto-piazza-scaline-duomo-di-siena-8831-200x300.jpg\"><img loading=\"lazy\" decoding=\"async\" width=\"200\" height=\"300\" data-id=\"4073\" src=\"https:\/\/www.latoscane.net\/wp-content\/uploads\/2017\/02\/foto-piazza-scaline-duomo-di-siena-8831-200x300.jpg\" alt=\"Foto del sagrato del duomo di Siena\" class=\"wp-image-4073\" srcset=\"https:\/\/www.latoscane.net\/wp-content\/uploads\/2017\/02\/foto-piazza-scaline-duomo-di-siena-8831-200x300.jpg 200w, https:\/\/www.latoscane.net\/wp-content\/uploads\/2017\/02\/foto-piazza-scaline-duomo-di-siena-8831-683x1024.jpg 683w, https:\/\/www.latoscane.net\/wp-content\/uploads\/2017\/02\/foto-piazza-scaline-duomo-di-siena-8831-768x1152.jpg 768w, https:\/\/www.latoscane.net\/wp-content\/uploads\/2017\/02\/foto-piazza-scaline-duomo-di-siena-8831.jpg 800w\" sizes=\"(max-width: 200px) 100vw, 200px\" \/><\/a><figcaption class=\"wp-element-caption\">Sagrato<\/figcaption><\/figure>\n\n\n\n<figure class=\"wp-block-image size-medium\"><a href=\"https:\/\/www.latoscane.net\/wp-content\/uploads\/2017\/02\/veduta-generale-duomo-di-siena-9111-300x200.jpg\"><img loading=\"lazy\" decoding=\"async\" width=\"300\" height=\"200\" data-id=\"4106\" src=\"https:\/\/www.latoscane.net\/wp-content\/uploads\/2017\/02\/veduta-generale-duomo-di-siena-9111-300x200.jpg\" alt=\"Veduta generale della cattedrale di Siena\" class=\"wp-image-4106\" srcset=\"https:\/\/www.latoscane.net\/wp-content\/uploads\/2017\/02\/veduta-generale-duomo-di-siena-9111-300x200.jpg 300w, https:\/\/www.latoscane.net\/wp-content\/uploads\/2017\/02\/veduta-generale-duomo-di-siena-9111-1024x683.jpg 1024w, https:\/\/www.latoscane.net\/wp-content\/uploads\/2017\/02\/veduta-generale-duomo-di-siena-9111-768x512.jpg 768w, https:\/\/www.latoscane.net\/wp-content\/uploads\/2017\/02\/veduta-generale-duomo-di-siena-9111.jpg 1200w\" sizes=\"(max-width: 300px) 100vw, 300px\" \/><\/a><figcaption class=\"wp-element-caption\">Veduta generale<\/figcaption><\/figure>\n<\/figure>\n\n\n<p>L&#8217;interno \u00e8 caratterizzato da marmi bianchi e neri e tra gli altri da un grande pavimento che si estende su 3000 m 2, con 37 intarsi di marmo che rappresentano le sibille.<br \/>La navata raggiunge 89,40 metri di lunghezza. I pilastri zebrati da bande di marmo bianco e nero sostengono archi a tutto sesto. In altezza 171 busti in stucco rappresentano i papi.<br \/>La vetrata della facciata, realizzata da Pastorino de&#8217; Pastorini su disegni di Perin del Vaga che rappresentano l&#8217;Ultima Cena (1549)<\/p>\n<p>Il coro e l&#8217;altare maggiore sono opera di Baldassarre Peruzzi (1506). Vi si trovava la Maest\u00e0 di Duccio (1308), oggi nel Museo del duomo. La vetrata del coro risale al 1288.<\/p>\n<p>La cattedra con la sua base esagonale \u00e8 una notevole scultura di Nicola Pisano e Giovanni Pisano, Arnolfo di Cambio (1265-1268). Una delle pi\u00f9 importanti del XIII secolo in Italia. I suoi elementi rappresentano numerosi episodi biblici.<\/p>\n\n\n<figure class=\"wp-block-gallery has-nested-images columns-4 is-cropped wp-block-gallery-4 is-layout-flex wp-block-gallery-is-layout-flex\">\n<figure class=\"wp-block-image size-medium\"><a href=\"https:\/\/www.latoscane.net\/wp-content\/uploads\/2017\/02\/foto-statua-di-san-giovanni-battista-donatello-duomo-di-siena-9006-200x300.jpg\"><img loading=\"lazy\" decoding=\"async\" width=\"200\" height=\"300\" data-id=\"4082\" src=\"https:\/\/www.latoscane.net\/wp-content\/uploads\/2017\/02\/foto-statua-di-san-giovanni-battista-donatello-duomo-di-siena-9006-200x300.jpg\" alt=\"Foto del San Giovanni Battista di Donatello\" class=\"wp-image-4082\" srcset=\"https:\/\/www.latoscane.net\/wp-content\/uploads\/2017\/02\/foto-statua-di-san-giovanni-battista-donatello-duomo-di-siena-9006-200x300.jpg 200w, https:\/\/www.latoscane.net\/wp-content\/uploads\/2017\/02\/foto-statua-di-san-giovanni-battista-donatello-duomo-di-siena-9006-683x1024.jpg 683w, https:\/\/www.latoscane.net\/wp-content\/uploads\/2017\/02\/foto-statua-di-san-giovanni-battista-donatello-duomo-di-siena-9006-768x1152.jpg 768w, https:\/\/www.latoscane.net\/wp-content\/uploads\/2017\/02\/foto-statua-di-san-giovanni-battista-donatello-duomo-di-siena-9006.jpg 800w\" sizes=\"(max-width: 200px) 100vw, 200px\" \/><\/a><figcaption class=\"wp-element-caption\">San Giovanni Battista di Donatello<\/figcaption><\/figure>\n\n\n\n<figure class=\"wp-block-image size-medium\"><a href=\"https:\/\/www.latoscane.net\/wp-content\/uploads\/2017\/02\/interno-duomo-di-siena-8964-200x300.jpg\"><img loading=\"lazy\" decoding=\"async\" width=\"200\" height=\"300\" data-id=\"4085\" src=\"https:\/\/www.latoscane.net\/wp-content\/uploads\/2017\/02\/interno-duomo-di-siena-8964-200x300.jpg\" alt=\"Foto della navata centrale del duomo di Siena\" class=\"wp-image-4085\" srcset=\"https:\/\/www.latoscane.net\/wp-content\/uploads\/2017\/02\/interno-duomo-di-siena-8964-200x300.jpg 200w, https:\/\/www.latoscane.net\/wp-content\/uploads\/2017\/02\/interno-duomo-di-siena-8964-683x1024.jpg 683w, https:\/\/www.latoscane.net\/wp-content\/uploads\/2017\/02\/interno-duomo-di-siena-8964-768x1152.jpg 768w, https:\/\/www.latoscane.net\/wp-content\/uploads\/2017\/02\/interno-duomo-di-siena-8964.jpg 800w\" sizes=\"(max-width: 200px) 100vw, 200px\" \/><\/a><figcaption class=\"wp-element-caption\">Navata centrale<\/figcaption><\/figure>\n\n\n\n<figure class=\"wp-block-image size-medium\"><a href=\"https:\/\/www.latoscane.net\/wp-content\/uploads\/2017\/02\/pavimento-duomo-di-siena-8984-300x200.jpg\"><img loading=\"lazy\" decoding=\"async\" width=\"300\" height=\"200\" data-id=\"4088\" src=\"https:\/\/www.latoscane.net\/wp-content\/uploads\/2017\/02\/pavimento-duomo-di-siena-8984-300x200.jpg\" alt=\"Dettaglio della Caccia di Erode sul pavimento, di Benvenuto di Giovanni (1485)\" class=\"wp-image-4088\" srcset=\"https:\/\/www.latoscane.net\/wp-content\/uploads\/2017\/02\/pavimento-duomo-di-siena-8984-300x200.jpg 300w, https:\/\/www.latoscane.net\/wp-content\/uploads\/2017\/02\/pavimento-duomo-di-siena-8984-1024x683.jpg 1024w, https:\/\/www.latoscane.net\/wp-content\/uploads\/2017\/02\/pavimento-duomo-di-siena-8984-768x512.jpg 768w, https:\/\/www.latoscane.net\/wp-content\/uploads\/2017\/02\/pavimento-duomo-di-siena-8984.jpg 1200w\" sizes=\"(max-width: 300px) 100vw, 300px\" \/><\/a><figcaption class=\"wp-element-caption\">Dettaglio della Caccia di Erode sul pavimento, di Benvenuto di Giovanni (1485)<\/figcaption><\/figure>\n\n\n\n<figure class=\"wp-block-image size-medium\"><a href=\"https:\/\/www.latoscane.net\/wp-content\/uploads\/2017\/02\/pulpito-di-nicola-pisano-duomo-di-siena-9008-200x300.jpg\"><img loading=\"lazy\" decoding=\"async\" width=\"200\" height=\"300\" data-id=\"4091\" src=\"https:\/\/www.latoscane.net\/wp-content\/uploads\/2017\/02\/pulpito-di-nicola-pisano-duomo-di-siena-9008-200x300.jpg\" alt=\"Foto della Cattedra di Nicola Pisano (1265-1268)\" class=\"wp-image-4091\" srcset=\"https:\/\/www.latoscane.net\/wp-content\/uploads\/2017\/02\/pulpito-di-nicola-pisano-duomo-di-siena-9008-200x300.jpg 200w, https:\/\/www.latoscane.net\/wp-content\/uploads\/2017\/02\/pulpito-di-nicola-pisano-duomo-di-siena-9008-683x1024.jpg 683w, https:\/\/www.latoscane.net\/wp-content\/uploads\/2017\/02\/pulpito-di-nicola-pisano-duomo-di-siena-9008-768x1152.jpg 768w, https:\/\/www.latoscane.net\/wp-content\/uploads\/2017\/02\/pulpito-di-nicola-pisano-duomo-di-siena-9008.jpg 800w\" sizes=\"(max-width: 200px) 100vw, 200px\" \/><\/a><figcaption class=\"wp-element-caption\">La Cattedra di Nicola Pisano (1265-1268)<\/figcaption><\/figure>\n\n\n\n<figure class=\"wp-block-image size-medium\"><a href=\"https:\/\/www.latoscane.net\/wp-content\/uploads\/2017\/02\/vetrata-facciata-cena-pastorino-de-pastorini-pierin-del-vaga-duomo-di-siena-8988-300x200.jpg\"><img loading=\"lazy\" decoding=\"async\" width=\"300\" height=\"200\" data-id=\"4094\" src=\"https:\/\/www.latoscane.net\/wp-content\/uploads\/2017\/02\/vetrata-facciata-cena-pastorino-de-pastorini-pierin-del-vaga-duomo-di-siena-8988-300x200.jpg\" alt=\"Foto della Vetrata di Pastorino de' Pastorini con l'Ultima Cena (1549)\" class=\"wp-image-4094\" srcset=\"https:\/\/www.latoscane.net\/wp-content\/uploads\/2017\/02\/vetrata-facciata-cena-pastorino-de-pastorini-pierin-del-vaga-duomo-di-siena-8988-300x200.jpg 300w, https:\/\/www.latoscane.net\/wp-content\/uploads\/2017\/02\/vetrata-facciata-cena-pastorino-de-pastorini-pierin-del-vaga-duomo-di-siena-8988-1024x683.jpg 1024w, https:\/\/www.latoscane.net\/wp-content\/uploads\/2017\/02\/vetrata-facciata-cena-pastorino-de-pastorini-pierin-del-vaga-duomo-di-siena-8988-768x512.jpg 768w, https:\/\/www.latoscane.net\/wp-content\/uploads\/2017\/02\/vetrata-facciata-cena-pastorino-de-pastorini-pierin-del-vaga-duomo-di-siena-8988.jpg 1200w\" sizes=\"(max-width: 300px) 100vw, 300px\" \/><\/a><figcaption class=\"wp-element-caption\">Vetrata di Pastorino de&#8217; Pastorini con l&#8217;Ultima Cena (1549)<\/figcaption><\/figure>\n\n\n\n<figure class=\"wp-block-image size-medium\"><a href=\"https:\/\/www.latoscane.net\/wp-content\/uploads\/2017\/02\/cupola-duomo-di-siena-8990-300x200.jpg\"><img loading=\"lazy\" decoding=\"async\" width=\"300\" height=\"200\" data-id=\"4112\" src=\"https:\/\/www.latoscane.net\/wp-content\/uploads\/2017\/02\/cupola-duomo-di-siena-8990-300x200.jpg\" alt=\"Foto della cupola del duomo di Siena\" class=\"wp-image-4112\" srcset=\"https:\/\/www.latoscane.net\/wp-content\/uploads\/2017\/02\/cupola-duomo-di-siena-8990-300x200.jpg 300w, https:\/\/www.latoscane.net\/wp-content\/uploads\/2017\/02\/cupola-duomo-di-siena-8990-1024x683.jpg 1024w, https:\/\/www.latoscane.net\/wp-content\/uploads\/2017\/02\/cupola-duomo-di-siena-8990-768x512.jpg 768w, https:\/\/www.latoscane.net\/wp-content\/uploads\/2017\/02\/cupola-duomo-di-siena-8990.jpg 1200w\" sizes=\"(max-width: 300px) 100vw, 300px\" \/><\/a><figcaption class=\"wp-element-caption\">Cupola<\/figcaption><\/figure>\n<\/figure>\n\n\n<p>Tra i capolavori si trova una statua di San Giovanni Battista in bronzo realizzata da <strong>Donatello<\/strong>.<\/p>\n<p>Da segnalare la <strong>Cappella Chigi<\/strong> (1661) dedicata alla Vergine del Voto, il pulpito di Nicola Pisano con le sue colonne in porfido e marmo verde e i cui sette pannelli descrivono episodi della vita di Cristo.<\/p>\n<p>L&#8217;<strong>Altare Piccolomini<\/strong>, dedicato a Francesco Todeschini Piccolomini (papa Pio III), \u00e8 opera di Andrea Bregno (1485). Le nicchie sono occupate da statue di Michelangelo: San Paolo, San Pietro, San Pio e San Gregorio.<\/p>\n<p>Nel transetto destro, la <strong>Libreria Piccolomini<\/strong> fu costruita dal 1492 al 1502 per il cardinale Francesco Piccolomini (il futuro Pio III), quando quest&#8217;ultimo era arcivescovo di Siena.<br \/>Vi onora la memoria dello zio Pio II, al quale \u00e8 dedicato un importante ciclo di affreschi del Pinturicchio che ritraggono scene della sua vita. Conserva anche un importante patrimonio bibliografico.<br \/>Le <em>Tre grazie<\/em> \u00e8 una copia realizzata sotto l&#8217;antica Roma da un originale ellenico (IV-II secoli avanti Cristo)<\/p>\n\n\n<figure class=\"wp-block-gallery has-nested-images columns-4 is-cropped wp-block-gallery-5 is-layout-flex wp-block-gallery-is-layout-flex\">\n<figure class=\"wp-block-image size-medium\"><a href=\"https:\/\/www.latoscane.net\/wp-content\/uploads\/2017\/02\/prospetto-del-marrina-incoronazione-di-pio-iii-del-pinturicchio-libreria-piccolomini-duomo-di-siena-8840-200x300.jpg\"><img loading=\"lazy\" decoding=\"async\" width=\"200\" height=\"300\" data-id=\"4133\" src=\"https:\/\/www.latoscane.net\/wp-content\/uploads\/2017\/02\/prospetto-del-marrina-incoronazione-di-pio-iii-del-pinturicchio-libreria-piccolomini-duomo-di-siena-8840-200x300.jpg\" alt=\"Foto dell'incoronazione di Pio III, Pinturicchio, Duomo di Siena\" class=\"wp-image-4133\" srcset=\"https:\/\/www.latoscane.net\/wp-content\/uploads\/2017\/02\/prospetto-del-marrina-incoronazione-di-pio-iii-del-pinturicchio-libreria-piccolomini-duomo-di-siena-8840-200x300.jpg 200w, https:\/\/www.latoscane.net\/wp-content\/uploads\/2017\/02\/prospetto-del-marrina-incoronazione-di-pio-iii-del-pinturicchio-libreria-piccolomini-duomo-di-siena-8840-683x1024.jpg 683w, https:\/\/www.latoscane.net\/wp-content\/uploads\/2017\/02\/prospetto-del-marrina-incoronazione-di-pio-iii-del-pinturicchio-libreria-piccolomini-duomo-di-siena-8840-768x1152.jpg 768w, https:\/\/www.latoscane.net\/wp-content\/uploads\/2017\/02\/prospetto-del-marrina-incoronazione-di-pio-iii-del-pinturicchio-libreria-piccolomini-duomo-di-siena-8840.jpg 800w\" sizes=\"(max-width: 200px) 100vw, 200px\" \/><\/a><figcaption class=\"wp-element-caption\">In alto : incoronazione di Pio III, Pinturicchio<\/figcaption><\/figure>\n\n\n\n<figure class=\"wp-block-image size-medium\"><a href=\"https:\/\/www.latoscane.net\/wp-content\/uploads\/2017\/02\/foto-libreria-piccolomini-duomo-di-siena-8980-300x200.jpg\"><img loading=\"lazy\" decoding=\"async\" width=\"300\" height=\"200\" data-id=\"4130\" src=\"https:\/\/www.latoscane.net\/wp-content\/uploads\/2017\/02\/foto-libreria-piccolomini-duomo-di-siena-8980-300x200.jpg\" alt=\"Foto del soffitto della libreria Piccolomini, cattedrale di Siena\" class=\"wp-image-4130\" srcset=\"https:\/\/www.latoscane.net\/wp-content\/uploads\/2017\/02\/foto-libreria-piccolomini-duomo-di-siena-8980-300x200.jpg 300w, https:\/\/www.latoscane.net\/wp-content\/uploads\/2017\/02\/foto-libreria-piccolomini-duomo-di-siena-8980-1024x683.jpg 1024w, https:\/\/www.latoscane.net\/wp-content\/uploads\/2017\/02\/foto-libreria-piccolomini-duomo-di-siena-8980-768x512.jpg 768w, https:\/\/www.latoscane.net\/wp-content\/uploads\/2017\/02\/foto-libreria-piccolomini-duomo-di-siena-8980.jpg 1200w\" sizes=\"(max-width: 300px) 100vw, 300px\" \/><\/a><figcaption class=\"wp-element-caption\">Libreria Piccolomini<\/figcaption><\/figure>\n\n\n\n<figure class=\"wp-block-image size-medium\"><a href=\"https:\/\/www.latoscane.net\/wp-content\/uploads\/2017\/02\/affreschi-pinturicchio-libreria-piccolomini-duomo-di-siena-8981-200x300.jpg\"><img loading=\"lazy\" decoding=\"async\" width=\"200\" height=\"300\" data-id=\"4124\" src=\"https:\/\/www.latoscane.net\/wp-content\/uploads\/2017\/02\/affreschi-pinturicchio-libreria-piccolomini-duomo-di-siena-8981-200x300.jpg\" alt=\"Foto degli affreschi di Pinturicchio, libreria Piccolomini, Cattedrale di Siena\" class=\"wp-image-4124\" srcset=\"https:\/\/www.latoscane.net\/wp-content\/uploads\/2017\/02\/affreschi-pinturicchio-libreria-piccolomini-duomo-di-siena-8981-200x300.jpg 200w, https:\/\/www.latoscane.net\/wp-content\/uploads\/2017\/02\/affreschi-pinturicchio-libreria-piccolomini-duomo-di-siena-8981-683x1024.jpg 683w, https:\/\/www.latoscane.net\/wp-content\/uploads\/2017\/02\/affreschi-pinturicchio-libreria-piccolomini-duomo-di-siena-8981-768x1152.jpg 768w, https:\/\/www.latoscane.net\/wp-content\/uploads\/2017\/02\/affreschi-pinturicchio-libreria-piccolomini-duomo-di-siena-8981.jpg 800w\" sizes=\"(max-width: 200px) 100vw, 200px\" \/><\/a><figcaption class=\"wp-element-caption\">Affresco del Pinturicchio, Libreria Piccolomini<\/figcaption><\/figure>\n\n\n\n<figure class=\"wp-block-image size-medium\"><a href=\"https:\/\/www.latoscane.net\/wp-content\/uploads\/2017\/02\/foto-le-tre-grazie-libreria-piccolomini-duomo-di-siena-8976-300x200.jpg\"><img loading=\"lazy\" decoding=\"async\" width=\"300\" height=\"200\" data-id=\"4127\" src=\"https:\/\/www.latoscane.net\/wp-content\/uploads\/2017\/02\/foto-le-tre-grazie-libreria-piccolomini-duomo-di-siena-8976-300x200.jpg\" alt=\"Veduta delle Tre Grazie, libreria Piccolomini, Cattedrale di Siena\" class=\"wp-image-4127\" srcset=\"https:\/\/www.latoscane.net\/wp-content\/uploads\/2017\/02\/foto-le-tre-grazie-libreria-piccolomini-duomo-di-siena-8976-300x200.jpg 300w, https:\/\/www.latoscane.net\/wp-content\/uploads\/2017\/02\/foto-le-tre-grazie-libreria-piccolomini-duomo-di-siena-8976-1024x683.jpg 1024w, https:\/\/www.latoscane.net\/wp-content\/uploads\/2017\/02\/foto-le-tre-grazie-libreria-piccolomini-duomo-di-siena-8976-768x512.jpg 768w, https:\/\/www.latoscane.net\/wp-content\/uploads\/2017\/02\/foto-le-tre-grazie-libreria-piccolomini-duomo-di-siena-8976.jpg 1200w\" sizes=\"(max-width: 300px) 100vw, 300px\" \/><\/a><figcaption class=\"wp-element-caption\">Le Tre Grazie, libreria Piccolomini<\/figcaption><\/figure>\n<\/figure>\n\n\n<p>La <strong>cripta del Duomo<\/strong> \u00e8 stata riscoperta nel 2002, essendo stata precedentemente riempita per consolidare le fondamenta della cattedrale.<\/p>\n<h2>Battistero<\/h2>\n<p>Il <strong>Battistero di San Giovanni<\/strong> si trova sotto l&#8217;abside e accessibile al livello inferiore della strada, dietro la cattedrale.<br \/>Questo importante edificio fu costruito dal 1316 al 1325. La facciata \u00e8 incompiuta e risale al XIV secolo.<br \/>Il superbo interno fu arricchito nel corso del XV secolo. Porta affreschi di Benvenuto di Giovanni con I<em> miracoli di Sant&#8217;Antonio da Padova<\/em> (XV), quelli della volta, ecc.<br \/>Al centro si trova soprattutto l&#8217;esemplare fonte battesimale che risale all&#8217;inizio del Rinascimento toscano, in bronzi e marmi, disegnata da Jacopo della Quercia e i cui pannelli dorati sulla vita di San Giovanni Battista furono realizzati da della Quercia, Ghiberti, Donatello, o di Turino; tra le statue delle virt\u00f9 come la Speranza e la Fede di Donatello.<br \/>Il ciborio \u00e8 ornato in particolare dai quattro angeli musicisti in bronzo di Donatello e di Turino.<br \/>Ricordiamo anche le statue della scuola di Giovanni Pisano, gli affreschi della Vecchietta e l&#8217;importante trittico con la Vergine, o il Santi e storie di Santo Stefano realizzato da Andrea Vanni.<\/p>\n<h2>Museo dell&#8217;Opera del Duomo<\/h2>\n<p>Il <strong>Museo dell&#8217;Opera del Duomo di Siena<\/strong> raccoglie le opere provenienti dalla cattedrale e dalla diocesi di Siena. Occupa quella che doveva essere la navata destra del &#8220;Duomo nuovo&#8221;, la cui costruzione fu interrotta dalla peste del 1348.<br \/>Vi si trovano numerosi capolavori, come una <em>Madonna col Bambino<\/em> di Donatello (1458), un&#8217;altra di Jacopo della Quercia, statue della facciata (Profeti, Sibille, Dottori e filosofi) di Giovanni Pisano fine XIII secolo, opere di Lorenzetti, di Sodoma, ecc.<br \/>Conserva due capolavori di Duccio di Boninsegna: la grandiosa vetrata per l&#8217;abside della cattedrale (1287-1288) per la quale impieg\u00f2 una tecnica straordinaria con i suoi 14 pannelli; e la <em>Maest\u00e0<\/em> (1308-1311), pala d&#8217;altare visibile su ogni lato con quasi 80 figure sul retro.<br \/>Il museo permette anche di salire in una parte della navata incompiuta.<\/p>\n\n\n<figure class=\"wp-block-gallery has-nested-images columns-default is-cropped wp-block-gallery-6 is-layout-flex wp-block-gallery-is-layout-flex\">\n<figure class=\"wp-block-image size-medium\"><a href=\"https:\/\/www.latoscane.net\/wp-content\/uploads\/2017\/02\/photo-cathedrale-de-sienne-2803.jpg\"><img loading=\"lazy\" decoding=\"async\" width=\"1200\" height=\"800\" data-id=\"4150\" src=\"https:\/\/www.latoscane.net\/wp-content\/uploads\/2017\/02\/photo-cathedrale-de-sienne-2803.jpg\" alt=\"Foto della cattedrale di Siena di notte\" class=\"wp-image-4150\" srcset=\"https:\/\/www.latoscane.net\/wp-content\/uploads\/2017\/02\/photo-cathedrale-de-sienne-2803.jpg 1200w, https:\/\/www.latoscane.net\/wp-content\/uploads\/2017\/02\/photo-cathedrale-de-sienne-2803-300x200.jpg 300w, https:\/\/www.latoscane.net\/wp-content\/uploads\/2017\/02\/photo-cathedrale-de-sienne-2803-1024x683.jpg 1024w, https:\/\/www.latoscane.net\/wp-content\/uploads\/2017\/02\/photo-cathedrale-de-sienne-2803-768x512.jpg 768w\" sizes=\"(max-width: 1200px) 100vw, 1200px\" \/><\/a><figcaption class=\"wp-element-caption\">Veduta di notte<\/figcaption><\/figure>\n\n\n\n<figure class=\"wp-block-image size-medium\"><a href=\"https:\/\/www.latoscane.net\/wp-content\/uploads\/2017\/02\/photo-cathedrale-de-sienne-2807.jpg\"><img loading=\"lazy\" decoding=\"async\" width=\"1200\" height=\"800\" data-id=\"4153\" src=\"https:\/\/www.latoscane.net\/wp-content\/uploads\/2017\/02\/photo-cathedrale-de-sienne-2807.jpg\" alt=\"Foto della cattedrale di Siena di notte\" class=\"wp-image-4153\" srcset=\"https:\/\/www.latoscane.net\/wp-content\/uploads\/2017\/02\/photo-cathedrale-de-sienne-2807.jpg 1200w, https:\/\/www.latoscane.net\/wp-content\/uploads\/2017\/02\/photo-cathedrale-de-sienne-2807-300x200.jpg 300w, https:\/\/www.latoscane.net\/wp-content\/uploads\/2017\/02\/photo-cathedrale-de-sienne-2807-1024x683.jpg 1024w, https:\/\/www.latoscane.net\/wp-content\/uploads\/2017\/02\/photo-cathedrale-de-sienne-2807-768x512.jpg 768w\" sizes=\"(max-width: 1200px) 100vw, 1200px\" \/><\/a><figcaption class=\"wp-element-caption\">Veduta di notte<\/figcaption><\/figure>\n\n\n\n<figure class=\"wp-block-image size-medium\"><a href=\"https:\/\/www.latoscane.net\/wp-content\/uploads\/2017\/02\/battistero-cattedrale-di-siena-2201-300x200.jpg\"><img loading=\"lazy\" decoding=\"async\" width=\"300\" height=\"200\" data-id=\"4156\" src=\"https:\/\/www.latoscane.net\/wp-content\/uploads\/2017\/02\/battistero-cattedrale-di-siena-2201-300x200.jpg\" alt=\"Foto del battistero di Siena\" class=\"wp-image-4156\" srcset=\"https:\/\/www.latoscane.net\/wp-content\/uploads\/2017\/02\/battistero-cattedrale-di-siena-2201-300x200.jpg 300w, https:\/\/www.latoscane.net\/wp-content\/uploads\/2017\/02\/battistero-cattedrale-di-siena-2201-1024x683.jpg 1024w, https:\/\/www.latoscane.net\/wp-content\/uploads\/2017\/02\/battistero-cattedrale-di-siena-2201-768x512.jpg 768w, https:\/\/www.latoscane.net\/wp-content\/uploads\/2017\/02\/battistero-cattedrale-di-siena-2201.jpg 1200w\" sizes=\"(max-width: 300px) 100vw, 300px\" \/><\/a><figcaption class=\"wp-element-caption\">Battistero<\/figcaption><\/figure>\n<\/figure>\n\n\n<h2>Visite e biglietti<\/h2>\n\n\n<div data-tiqets-widget=\"discovery\" data-cards-layout=\"horizontal\" data-content-type=\"product\" data-content-ids=\"974667\" data-language=\"it\" data-partner=\"romeroma\"><\/div><script defer src=\"https:\/\/widgets.tiqets.com\/loader.js\"><\/script>\n\n\n<h2>Dov&#8217;\u00e8 il duomo di Siena, mappa<\/h2>\n<div id=\"travelersmap-container-69f2708d696b2\" class=\"travelersmap-container\" style=\"z-index: 1; min-height: 10px; min-width:10px; height:450px;width:100%; max-width:; max-height:; position:relative;\"><div style=\"position:absolute; z-index:-1;top: 50%;text-align: center;display: block;left: 50%;transform: translate(-50%,-50%);\">Travelers' Map is loading...<br>If you see this after your page is loaded completely, leafletJS files are missing.<\/div><\/div>\n<h2>Fonti e collegamenti<\/h2>\n<ul>\n<li>Sito ufficiale : <a href=\"https:\/\/operaduomo.siena.it\/\" target=\"_blank\" rel=\"noopener\">operaduomo.siena.it<\/a><\/li>\n<li>Informazioni : <a href=\"https:\/\/it.wikipedia.org\/wiki\/Duomo_di_Siena\" target=\"_blank\" rel=\"noopener\">it.wikipedia.org<\/a><\/li>\n<\/ul>\n<h2>Articoli su Siena<\/h2>\n<ul class=\"lcp_catlist2\" id=\"lcp_instance_0\"><li><a href=\"https:\/\/www.latoscane.net\/it\/siena\/\">Siena<\/a><a href=\"https:\/\/www.latoscane.net\/it\/siena\/\" title=\"Siena\"><img loading=\"lazy\" decoding=\"async\" width=\"150\" height=\"150\" src=\"https:\/\/www.latoscane.net\/wp-content\/uploads\/2017\/03\/torre-dell-mangia-panorama-sienne-3062-150x150.jpg\" class=\"lcp_thumbnail wp-post-image\" alt=\"Siena\" srcset=\"https:\/\/www.latoscane.net\/wp-content\/uploads\/2017\/03\/torre-dell-mangia-panorama-sienne-3062-150x150.jpg 150w, https:\/\/www.latoscane.net\/wp-content\/uploads\/2017\/03\/torre-dell-mangia-panorama-sienne-3062-50x50.jpg 50w, https:\/\/www.latoscane.net\/wp-content\/uploads\/2017\/03\/torre-dell-mangia-panorama-sienne-3062-80x80.jpg 80w, https:\/\/www.latoscane.net\/wp-content\/uploads\/2017\/03\/torre-dell-mangia-panorama-sienne-3062-75x75.jpg 75w\" sizes=\"(max-width: 150px) 100vw, 150px\" \/><\/a><div class=\"lcp_excerpt\">\nSiena \u00e8 con Firenze una delle destinazioni pi\u00f9 attraenti della regione. Citt\u00e0 del famoso palio, una corsa equestre, \u00e8 un&#8217;unica cittadina medievale situata nel cuore delle terre toscane, tra le ...<\/div><\/li><li><a href=\"https:\/\/www.latoscane.net\/it\/da-vedere-a-siena\/\">Cosa vedere a Siena<\/a><a href=\"https:\/\/www.latoscane.net\/it\/da-vedere-a-siena\/\" title=\"Cosa vedere a Siena\"><img loading=\"lazy\" decoding=\"async\" width=\"150\" height=\"150\" src=\"https:\/\/www.latoscane.net\/wp-content\/uploads\/2024\/07\/corte-palazzo-chigi-saracini-siena-8812-150x150.jpg\" class=\"lcp_thumbnail wp-post-image\" alt=\"Cosa vedere a Siena\" srcset=\"https:\/\/www.latoscane.net\/wp-content\/uploads\/2024\/07\/corte-palazzo-chigi-saracini-siena-8812-150x150.jpg 150w, https:\/\/www.latoscane.net\/wp-content\/uploads\/2024\/07\/corte-palazzo-chigi-saracini-siena-8812-50x50.jpg 50w, https:\/\/www.latoscane.net\/wp-content\/uploads\/2024\/07\/corte-palazzo-chigi-saracini-siena-8812-80x80.jpg 80w, https:\/\/www.latoscane.net\/wp-content\/uploads\/2024\/07\/corte-palazzo-chigi-saracini-siena-8812-75x75.jpg 75w\" sizes=\"(max-width: 150px) 100vw, 150px\" \/><\/a><div class=\"lcp_excerpt\">Siena merita pi\u00f9 giorni per prendere la misura del suo fascino. Tuttavia, non \u00e8 una citt\u00e0 molto grande e due giorni possono essere sufficienti per portare con s\u00e9 dei bei ...<\/div><\/li><li><a href=\"https:\/\/www.latoscane.net\/it\/piazza-del-campo-di-siena\/\">Piazza del Campo di Siena<\/a><a href=\"https:\/\/www.latoscane.net\/it\/piazza-del-campo-di-siena\/\" title=\"Piazza del Campo di Siena\"><img loading=\"lazy\" decoding=\"async\" width=\"150\" height=\"150\" src=\"https:\/\/www.latoscane.net\/wp-content\/uploads\/2017\/02\/piazza-del-campo-palazzo-pubblico-siena-2486-150x150.jpg\" class=\"lcp_thumbnail wp-post-image\" alt=\"Piazza del Campo di Siena\" srcset=\"https:\/\/www.latoscane.net\/wp-content\/uploads\/2017\/02\/piazza-del-campo-palazzo-pubblico-siena-2486-150x150.jpg 150w, https:\/\/www.latoscane.net\/wp-content\/uploads\/2017\/02\/piazza-del-campo-palazzo-pubblico-siena-2486-50x50.jpg 50w, https:\/\/www.latoscane.net\/wp-content\/uploads\/2017\/02\/piazza-del-campo-palazzo-pubblico-siena-2486-80x80.jpg 80w, https:\/\/www.latoscane.net\/wp-content\/uploads\/2017\/02\/piazza-del-campo-palazzo-pubblico-siena-2486-75x75.jpg 75w\" sizes=\"(max-width: 150px) 100vw, 150px\" \/><\/a><div class=\"lcp_excerpt\">\nLa Piazza del Campo \u00e8 senza dubbio una delle piazze pi\u00f9 belle ed eleganti del mondo, costruita tra il 1293 e il 1349. \u00c8 il cuore della citt\u00e0 di Siena, ...<\/div><\/li><li class=\"current\"><a href=\"https:\/\/www.latoscane.net\/it\/duomo-di-siena\/\">Duomo di Siena<\/a><a href=\"https:\/\/www.latoscane.net\/it\/duomo-di-siena\/\" title=\"Duomo di Siena\"><img loading=\"lazy\" decoding=\"async\" width=\"150\" height=\"150\" src=\"https:\/\/www.latoscane.net\/wp-content\/uploads\/2017\/02\/foto-duomo-di-siena-3098-150x150.jpg\" class=\"lcp_thumbnail wp-post-image\" alt=\"Duomo di Siena\" srcset=\"https:\/\/www.latoscane.net\/wp-content\/uploads\/2017\/02\/foto-duomo-di-siena-3098-150x150.jpg 150w, https:\/\/www.latoscane.net\/wp-content\/uploads\/2017\/02\/foto-duomo-di-siena-3098-50x50.jpg 50w, https:\/\/www.latoscane.net\/wp-content\/uploads\/2017\/02\/foto-duomo-di-siena-3098-80x80.jpg 80w, https:\/\/www.latoscane.net\/wp-content\/uploads\/2017\/02\/foto-duomo-di-siena-3098-75x75.jpg 75w\" sizes=\"(max-width: 150px) 100vw, 150px\" \/><\/a><div class=\"lcp_excerpt\">\nRisaltando subito per le sue pietre e marmo bianchi e neri, la Cattedrale di Santa Maria Assunta di Siena \u00e8 sicuramente una delle pi\u00f9 sorprendenti e belle chiese d&#8217;Italia.Fu costruita ...<\/div><\/li><li><a href=\"https:\/\/www.latoscane.net\/it\/palazzo-pubblico-di-siena\/\">Palazzo Pubblico di Siena<\/a><a href=\"https:\/\/www.latoscane.net\/it\/palazzo-pubblico-di-siena\/\" title=\"Palazzo Pubblico di Siena\"><img loading=\"lazy\" decoding=\"async\" width=\"150\" height=\"150\" src=\"https:\/\/www.latoscane.net\/wp-content\/uploads\/2017\/03\/siena-cortile-del-podesta-palazzo-pubblico-8865-150x150.jpg\" class=\"lcp_thumbnail wp-post-image\" alt=\"Palazzo Pubblico di Siena\" srcset=\"https:\/\/www.latoscane.net\/wp-content\/uploads\/2017\/03\/siena-cortile-del-podesta-palazzo-pubblico-8865-150x150.jpg 150w, https:\/\/www.latoscane.net\/wp-content\/uploads\/2017\/03\/siena-cortile-del-podesta-palazzo-pubblico-8865-50x50.jpg 50w, https:\/\/www.latoscane.net\/wp-content\/uploads\/2017\/03\/siena-cortile-del-podesta-palazzo-pubblico-8865-65x65.jpg 65w\" sizes=\"(max-width: 150px) 100vw, 150px\" \/><\/a><div class=\"lcp_excerpt\">\nL&#8217;edificio pi\u00f9 imponente in Piazza del Campo \u00e8 il Palazzo Pubblico con la torre molto grande adiacente alla Torre della Mangia. Chiamato anche Palazzo Comunale, fu costruito tra il 1297 ...<\/div><\/li><li><a href=\"https:\/\/www.latoscane.net\/it\/museo-civico-di-siena\/\">Museo Civico di Siena<\/a><a href=\"https:\/\/www.latoscane.net\/it\/museo-civico-di-siena\/\" title=\"Museo Civico di Siena\"><img loading=\"lazy\" decoding=\"async\" width=\"150\" height=\"150\" src=\"https:\/\/www.latoscane.net\/wp-content\/uploads\/2017\/02\/allegorie-et-effets-du-bon-et-du-mauvais-gouvernement-salle-des-neuf-palazzo-pubblico-siena-8897-150x150.jpg\" class=\"lcp_thumbnail wp-post-image\" alt=\"Museo Civico di Siena\" srcset=\"https:\/\/www.latoscane.net\/wp-content\/uploads\/2017\/02\/allegorie-et-effets-du-bon-et-du-mauvais-gouvernement-salle-des-neuf-palazzo-pubblico-siena-8897-150x150.jpg 150w, https:\/\/www.latoscane.net\/wp-content\/uploads\/2017\/02\/allegorie-et-effets-du-bon-et-du-mauvais-gouvernement-salle-des-neuf-palazzo-pubblico-siena-8897-50x50.jpg 50w, https:\/\/www.latoscane.net\/wp-content\/uploads\/2017\/02\/allegorie-et-effets-du-bon-et-du-mauvais-gouvernement-salle-des-neuf-palazzo-pubblico-siena-8897-80x80.jpg 80w, https:\/\/www.latoscane.net\/wp-content\/uploads\/2017\/02\/allegorie-et-effets-du-bon-et-du-mauvais-gouvernement-salle-des-neuf-palazzo-pubblico-siena-8897-75x75.jpg 75w\" sizes=\"(max-width: 150px) 100vw, 150px\" \/><\/a><div class=\"lcp_excerpt\">\nIl Museo Civico di Siena fu allestito negli anni &#8217;30, al primo e secondo piano del Palazzo Pubblico. La sua visita, che chiede circa un&#8217;ora, \u00e8 altamente consigliata, come il ...<\/div><\/li><li><a href=\"https:\/\/www.latoscane.net\/it\/santa-maria-della-scala-di-siena\/\">Santa Maria della Scala di Siena<\/a><a href=\"https:\/\/www.latoscane.net\/it\/santa-maria-della-scala-di-siena\/\" title=\"Santa Maria della Scala di Siena\"><img loading=\"lazy\" decoding=\"async\" width=\"150\" height=\"150\" src=\"https:\/\/www.latoscane.net\/wp-content\/uploads\/2017\/03\/pellegrinaio-santa-maria-della-scala-siena-2300-150x150.jpg\" class=\"lcp_thumbnail wp-post-image\" alt=\"Santa Maria della Scala di Siena\" srcset=\"https:\/\/www.latoscane.net\/wp-content\/uploads\/2017\/03\/pellegrinaio-santa-maria-della-scala-siena-2300-150x150.jpg 150w, https:\/\/www.latoscane.net\/wp-content\/uploads\/2017\/03\/pellegrinaio-santa-maria-della-scala-siena-2300-50x50.jpg 50w, https:\/\/www.latoscane.net\/wp-content\/uploads\/2017\/03\/pellegrinaio-santa-maria-della-scala-siena-2300-80x80.jpg 80w, https:\/\/www.latoscane.net\/wp-content\/uploads\/2017\/03\/pellegrinaio-santa-maria-della-scala-siena-2300-75x75.jpg 75w\" sizes=\"(max-width: 150px) 100vw, 150px\" \/><\/a><div class=\"lcp_excerpt\">\nL&#8217;antico ospedale per pellegrini, Santa Maria della Scala, ospita un vasto e ricco complesso museale di Siena che si estende su 19.000 mq. \u00c8 una tappa essenziale per scoprire appieno ...<\/div><\/li><li><a href=\"https:\/\/www.latoscane.net\/it\/santuario-di-santa-caterina-di-siena\/\">Santuario di Santa Caterina di Siena<\/a><a href=\"https:\/\/www.latoscane.net\/it\/santuario-di-santa-caterina-di-siena\/\" title=\"Santuario di Santa Caterina di Siena\"><img loading=\"lazy\" decoding=\"async\" width=\"150\" height=\"150\" src=\"https:\/\/www.latoscane.net\/wp-content\/uploads\/2024\/07\/loggia-santuario-casa-di-santa-caterina-siena-3026-150x150.jpg\" class=\"lcp_thumbnail wp-post-image\" alt=\"Santuario di Santa Caterina di Siena\" srcset=\"https:\/\/www.latoscane.net\/wp-content\/uploads\/2024\/07\/loggia-santuario-casa-di-santa-caterina-siena-3026-150x150.jpg 150w, https:\/\/www.latoscane.net\/wp-content\/uploads\/2024\/07\/loggia-santuario-casa-di-santa-caterina-siena-3026-50x50.jpg 50w, https:\/\/www.latoscane.net\/wp-content\/uploads\/2024\/07\/loggia-santuario-casa-di-santa-caterina-siena-3026-80x80.jpg 80w, https:\/\/www.latoscane.net\/wp-content\/uploads\/2024\/07\/loggia-santuario-casa-di-santa-caterina-siena-3026-75x75.jpg 75w\" sizes=\"(max-width: 150px) 100vw, 150px\" \/><\/a><div class=\"lcp_excerpt\">\nIl Santuario-Casa di Santa Caterina \u00e8 situato sulla Collina di Sant&#8217;Antonio a Siena, composto dalla vecchia casa dei Benincasa, la famiglia di Caterina e la sua casa natale, con vari ...<\/div><\/li><li><a href=\"https:\/\/www.latoscane.net\/it\/basilica-di-san-domenico-di-siena\/\">Basilica di San Domenico di Siena<\/a><a href=\"https:\/\/www.latoscane.net\/it\/basilica-di-san-domenico-di-siena\/\" title=\"Basilica di San Domenico di Siena\"><img loading=\"lazy\" decoding=\"async\" width=\"150\" height=\"150\" src=\"https:\/\/www.latoscane.net\/wp-content\/uploads\/2024\/07\/basilique-saint-dominique-sienne-2251-150x150.jpg\" class=\"lcp_thumbnail wp-post-image\" alt=\"Basilica di San Domenico di Siena\" srcset=\"https:\/\/www.latoscane.net\/wp-content\/uploads\/2024\/07\/basilique-saint-dominique-sienne-2251-150x150.jpg 150w, https:\/\/www.latoscane.net\/wp-content\/uploads\/2024\/07\/basilique-saint-dominique-sienne-2251-50x50.jpg 50w, https:\/\/www.latoscane.net\/wp-content\/uploads\/2024\/07\/basilique-saint-dominique-sienne-2251-80x80.jpg 80w, https:\/\/www.latoscane.net\/wp-content\/uploads\/2024\/07\/basilique-saint-dominique-sienne-2251-75x75.jpg 75w\" sizes=\"(max-width: 150px) 100vw, 150px\" \/><\/a><div class=\"lcp_excerpt\">\nLa Basilica di San Domenico di Siena \u00e8 una delle pi\u00f9 importanti chiese della citt\u00e0, con la sua imponente architettura gotica e le sue opere rinascimentali. \u00c8 dedicata a Domenico ...<\/div><\/li><li><a href=\"https:\/\/www.latoscane.net\/it\/palazzi-di-siena\/\">Palazzi di Siena<\/a><a href=\"https:\/\/www.latoscane.net\/it\/palazzi-di-siena\/\" title=\"Palazzi di Siena\"><img loading=\"lazy\" decoding=\"async\" width=\"150\" height=\"150\" src=\"https:\/\/www.latoscane.net\/wp-content\/uploads\/2024\/07\/palazzo-chigi-saracini-siena-8815-150x150.jpg\" class=\"lcp_thumbnail wp-post-image\" alt=\"Palazzi di Siena\" srcset=\"https:\/\/www.latoscane.net\/wp-content\/uploads\/2024\/07\/palazzo-chigi-saracini-siena-8815-150x150.jpg 150w, https:\/\/www.latoscane.net\/wp-content\/uploads\/2024\/07\/palazzo-chigi-saracini-siena-8815-50x50.jpg 50w, https:\/\/www.latoscane.net\/wp-content\/uploads\/2024\/07\/palazzo-chigi-saracini-siena-8815-80x80.jpg 80w, https:\/\/www.latoscane.net\/wp-content\/uploads\/2024\/07\/palazzo-chigi-saracini-siena-8815-75x75.jpg 75w\" sizes=\"(max-width: 150px) 100vw, 150px\" \/><\/a><div class=\"lcp_excerpt\">\nLe strade di Siena incantano con i loro splendidi palazzi, per la maggior parte del medioevo, alcuni risalenti al Rinascimento. Non mancano di eleganza con la loro sobriet\u00e0, senza fasti ...<\/div><\/li><li><a href=\"https:\/\/www.latoscane.net\/it\/fontane-e-bottini-di-siena\/\">Fontane e bottini di Siena<\/a><a href=\"https:\/\/www.latoscane.net\/it\/fontane-e-bottini-di-siena\/\" title=\"Fontane e bottini di Siena\"><img loading=\"lazy\" decoding=\"async\" width=\"150\" height=\"150\" src=\"https:\/\/www.latoscane.net\/wp-content\/uploads\/2024\/07\/fontebranda-siena-2559-150x150.jpg\" class=\"lcp_thumbnail wp-post-image\" alt=\"Fontane e bottini di Siena\" srcset=\"https:\/\/www.latoscane.net\/wp-content\/uploads\/2024\/07\/fontebranda-siena-2559-150x150.jpg 150w, https:\/\/www.latoscane.net\/wp-content\/uploads\/2024\/07\/fontebranda-siena-2559-50x50.jpg 50w, https:\/\/www.latoscane.net\/wp-content\/uploads\/2024\/07\/fontebranda-siena-2559-80x80.jpg 80w, https:\/\/www.latoscane.net\/wp-content\/uploads\/2024\/07\/fontebranda-siena-2559-75x75.jpg 75w\" sizes=\"(max-width: 150px) 100vw, 150px\" \/><\/a><div class=\"lcp_excerpt\">\nA Siena si trovano un certo numero di fontane, alimentate dai bottini, le gallerie di un acquedotto medievale sotterraneo costruito a partire dal XII secolo. Queste gallerie hanno un totale ...<\/div><\/li><li><a href=\"https:\/\/www.latoscane.net\/it\/porte-ed-altri-luoghi-di-siena\/\">Porte ed altri luoghi di Siena<\/a><a href=\"https:\/\/www.latoscane.net\/it\/porte-ed-altri-luoghi-di-siena\/\" title=\"Porte ed altri luoghi di Siena\"><img loading=\"lazy\" decoding=\"async\" width=\"150\" height=\"150\" src=\"https:\/\/www.latoscane.net\/wp-content\/uploads\/2017\/01\/porta-tufi-siena-2576-150x150.jpg\" class=\"lcp_thumbnail wp-post-image\" alt=\"Porte ed altri luoghi di Siena\" srcset=\"https:\/\/www.latoscane.net\/wp-content\/uploads\/2017\/01\/porta-tufi-siena-2576-150x150.jpg 150w, https:\/\/www.latoscane.net\/wp-content\/uploads\/2017\/01\/porta-tufi-siena-2576-50x50.jpg 50w, https:\/\/www.latoscane.net\/wp-content\/uploads\/2017\/01\/porta-tufi-siena-2576-80x80.jpg 80w, https:\/\/www.latoscane.net\/wp-content\/uploads\/2017\/01\/porta-tufi-siena-2576-75x75.jpg 75w\" sizes=\"(max-width: 150px) 100vw, 150px\" \/><\/a><div class=\"lcp_excerpt\">\nQuesta pagina \u00e8 dedicata ad altri luoghi interessanti di Siena, tra cui le sue mura e porte, logge, la Fortezza Medicea, alcune piazze e vie del centro.\nMura e porte di ...<\/div><\/li><li><a href=\"https:\/\/www.latoscane.net\/it\/altre-chiese-di-siena\/\">Altre chiese di Siena<\/a><a href=\"https:\/\/www.latoscane.net\/it\/altre-chiese-di-siena\/\" title=\"Altre chiese di Siena\"><img loading=\"lazy\" decoding=\"async\" width=\"150\" height=\"150\" src=\"https:\/\/www.latoscane.net\/wp-content\/uploads\/2024\/07\/basilica-di-san-francesco-siena-2412-150x150.jpg\" class=\"lcp_thumbnail wp-post-image\" alt=\"Altre chiese di Siena\" srcset=\"https:\/\/www.latoscane.net\/wp-content\/uploads\/2024\/07\/basilica-di-san-francesco-siena-2412-150x150.jpg 150w, https:\/\/www.latoscane.net\/wp-content\/uploads\/2024\/07\/basilica-di-san-francesco-siena-2412-50x50.jpg 50w, https:\/\/www.latoscane.net\/wp-content\/uploads\/2024\/07\/basilica-di-san-francesco-siena-2412-80x80.jpg 80w, https:\/\/www.latoscane.net\/wp-content\/uploads\/2024\/07\/basilica-di-san-francesco-siena-2412-75x75.jpg 75w\" sizes=\"(max-width: 150px) 100vw, 150px\" \/><\/a><div class=\"lcp_excerpt\">\nBasilica di San Francesco di Siena\nLa Basilica di San Francesco di Siena \u00e8 una delle pi\u00f9 importanti chiese di Siena, situata nella piazza omonima.Tra il 1228 e il 1255, su ...<\/div><\/li><li><a href=\"https:\/\/www.latoscane.net\/it\/biglietti-e-tour-in-siena\/\">Biglietti e tour in Siena<\/a><a href=\"https:\/\/www.latoscane.net\/it\/biglietti-e-tour-in-siena\/\" title=\"Biglietti e tour in Siena\"><img loading=\"lazy\" decoding=\"async\" width=\"150\" height=\"150\" src=\"https:\/\/www.latoscane.net\/wp-content\/uploads\/2017\/03\/visites-guidees-tickets-sienne-150x150.jpg\" class=\"lcp_thumbnail wp-post-image\" alt=\"Biglietti e tour in Siena\" srcset=\"https:\/\/www.latoscane.net\/wp-content\/uploads\/2017\/03\/visites-guidees-tickets-sienne-150x150.jpg 150w, https:\/\/www.latoscane.net\/wp-content\/uploads\/2017\/03\/visites-guidees-tickets-sienne-50x50.jpg 50w, https:\/\/www.latoscane.net\/wp-content\/uploads\/2017\/03\/visites-guidees-tickets-sienne-65x65.jpg 65w\" sizes=\"(max-width: 150px) 100vw, 150px\" \/><\/a><div class=\"lcp_excerpt\">Biglietti e proposte di visite guidate a Siena, biglietti d&#8217;ingresso, percorsi della citt\u00e0, con il complesso del Duomo, Piazza del Campo, escursioni nei dintorni, attivit\u00e0, ecc\n\n\n\nNella stessa categoria\n&nbsp;\n<\/div><\/li><li><a href=\"https:\/\/www.latoscane.net\/it\/mappa-di-siena\/\">Mappa di Siena<\/a><a href=\"https:\/\/www.latoscane.net\/it\/mappa-di-siena\/\" title=\"Mappa di Siena\"><img loading=\"lazy\" decoding=\"async\" width=\"150\" height=\"150\" src=\"https:\/\/www.latoscane.net\/wp-content\/uploads\/2017\/03\/carte-interactive-toscane-150x150.jpg\" class=\"lcp_thumbnail wp-post-image\" alt=\"Mappa di Siena\" srcset=\"https:\/\/www.latoscane.net\/wp-content\/uploads\/2017\/03\/carte-interactive-toscane-150x150.jpg 150w, https:\/\/www.latoscane.net\/wp-content\/uploads\/2017\/03\/carte-interactive-toscane-50x50.jpg 50w, https:\/\/www.latoscane.net\/wp-content\/uploads\/2017\/03\/carte-interactive-toscane-65x65.jpg 65w\" sizes=\"(max-width: 150px) 100vw, 150px\" \/><\/a><div class=\"lcp_excerpt\">Mappa interattiva di Siena con i principali monumenti, siti turistici e luoghi secondari, chiese, palazzi, piazze o musei\nI siti principali sono indicati con un&#8217;immagine a colori vivaci, mentre i luoghi ...<\/div><\/li><li><a href=\"https:\/\/www.booking.com\/city\/it\/siena.it.html?aid=308562;do_availability_check=1\">Alberghi in Siena<\/a><a href=\"https:\/\/www.booking.com\/city\/it\/siena.it.html?aid=308562;do_availability_check=1\" title=\"Alberghi in Siena\"><img loading=\"lazy\" decoding=\"async\" width=\"150\" height=\"115\" src=\"https:\/\/www.latoscane.net\/wp-content\/uploads\/2017\/02\/hotels-en-toscane-150x115.jpg\" class=\"lcp_thumbnail wp-post-image\" alt=\"Alberghi in Siena\" \/><\/a><div class=\"lcp_excerpt\">Prenota ora un alloggio a Siena, tra hotel, camere, appartamenti e agriturismi. Centinaia di scelte con valutazioni dei clienti, cancellazioni possibili\n<\/div><\/li><li><a href=\"https:\/\/www.latoscane.net\/it\/palio-di-siena\/\">Palio di Siena<\/a><a href=\"https:\/\/www.latoscane.net\/it\/palio-di-siena\/\" title=\"Palio di Siena\"><img loading=\"lazy\" decoding=\"async\" width=\"150\" height=\"150\" src=\"https:\/\/www.latoscane.net\/wp-content\/uploads\/2017\/03\/palio-di-siena-150x150.gif\" class=\"lcp_thumbnail wp-post-image\" alt=\"Palio di Siena\" srcset=\"https:\/\/www.latoscane.net\/wp-content\/uploads\/2017\/03\/palio-di-siena-150x150.gif 150w, https:\/\/www.latoscane.net\/wp-content\/uploads\/2017\/03\/palio-di-siena-50x50.gif 50w, https:\/\/www.latoscane.net\/wp-content\/uploads\/2017\/03\/palio-di-siena-65x65.gif 65w\" sizes=\"(max-width: 150px) 100vw, 150px\" \/><\/a><div class=\"lcp_excerpt\">\nIl Palio di Siena \u00e8 una famosa corsa equestre che vede contrapposti i vari quartieri della citt\u00e0, chiamati contrade, le cui origini risalgono ai giochi del medioevo, che si tiene ...<\/div><\/li><li><a href=\"https:\/\/www.latoscane.net\/it\/meteo-in-siena\/\">Meteo in Siena<\/a><a href=\"https:\/\/www.latoscane.net\/it\/meteo-in-siena\/\" title=\"Meteo in Siena\"><img loading=\"lazy\" decoding=\"async\" width=\"150\" height=\"120\" src=\"https:\/\/www.latoscane.net\/wp-content\/uploads\/2017\/01\/icone-meteo-toscane2-150x120.jpg\" class=\"lcp_thumbnail wp-post-image\" alt=\"Meteo in Siena\" \/><\/a><div class=\"lcp_excerpt\">Il tempo attuale a Siena e le previsioni per i prossimi giorni, con la pluviometria, le temperature o la qualit\u00e0 dell&#8217;aria\nMeteo 5 giorni in Siena\n\n\n\nMeteo dettagliata in Siena\n\n\n\nNella stessa categoria\n<\/div><\/li><\/ul>","protected":false},"excerpt":{"rendered":"<p>Risaltando subito per le sue pietre e marmo bianchi e neri, la Cattedrale di Santa Maria Assunta di Siena \u00e8 sicuramente una delle pi\u00f9 sorprendenti e belle chiese d&#8217;Italia.Fu costruita tra il 1136 e il 1382 nel centro storico della citt\u00e0. Una grande navata \u00e8 rimasta incompiuta a causa di terribili contrattempi come la peste [&hellip;]<\/p>\n","protected":false},"author":1,"featured_media":4072,"comment_status":"open","ping_status":"open","sticky":false,"template":"","format":"standard","meta":{"_acf_changed":false,"footnotes":"","_links_to":"","_links_to_target":""},"categories":[126],"tags":[127],"acf":[],"yoast_head":"<!-- This site is optimized with the Yoast SEO plugin v22.8 - https:\/\/yoast.com\/wordpress\/plugins\/seo\/ -->\n<title>Duomo di Siena : visita e storia<\/title>\n<meta name=\"description\" content=\"Caratterizzato per le sue fasce di marmi bianchi e neri, il duomo di Siena fu costruito nel Medioevo dal XII al XIV secolo, opera del gotico italiano\" \/>\n<meta name=\"robots\" content=\"index, follow, max-snippet:-1, max-image-preview:large, max-video-preview:-1\" \/>\n<link rel=\"canonical\" href=\"https:\/\/www.latoscane.net\/cathedrale-de-sienne\/\" \/>\n<meta property=\"og:locale\" content=\"it_IT\" \/>\n<meta property=\"og:type\" content=\"article\" \/>\n<meta property=\"og:title\" content=\"Duomo di Siena : visita e storia\" \/>\n<meta property=\"og:description\" content=\"Caratterizzato per le sue fasce di marmi bianchi e neri, il duomo di Siena fu costruito nel Medioevo dal XII al XIV secolo, opera del gotico italiano\" \/>\n<meta property=\"og:url\" content=\"https:\/\/www.latoscane.net\/cathedrale-de-sienne\/\" \/>\n<meta property=\"og:site_name\" content=\"LaToscane.net\" \/>\n<meta property=\"article:published_time\" content=\"2023-07-25T15:33:33+00:00\" \/>\n<meta property=\"article:modified_time\" content=\"2025-09-09T09:55:31+00:00\" \/>\n<meta property=\"og:image\" content=\"https:\/\/www.latoscane.net\/wp-content\/uploads\/2017\/02\/foto-duomo-di-siena-3098.jpg\" \/>\n\t<meta property=\"og:image:width\" content=\"1200\" \/>\n\t<meta property=\"og:image:height\" content=\"800\" \/>\n\t<meta property=\"og:image:type\" content=\"image\/jpeg\" \/>\n<meta name=\"author\" content=\"Galgano\" \/>\n<meta name=\"twitter:card\" content=\"summary_large_image\" \/>\n<meta name=\"twitter:label1\" content=\"Scritto da\" \/>\n\t<meta name=\"twitter:data1\" content=\"Galgano\" \/>\n\t<meta name=\"twitter:label2\" content=\"Tempo di lettura stimato\" \/>\n\t<meta name=\"twitter:data2\" content=\"10 minuti\" \/>\n<script type=\"application\/ld+json\" class=\"yoast-schema-graph\">{\"@context\":\"https:\/\/schema.org\",\"@graph\":[{\"@type\":\"WebPage\",\"@id\":\"https:\/\/www.latoscane.net\/cathedrale-de-sienne\/\",\"url\":\"https:\/\/www.latoscane.net\/cathedrale-de-sienne\/\",\"name\":\"Duomo di Siena : visita e storia\",\"isPartOf\":{\"@id\":\"https:\/\/www.latoscane.net\/#website\"},\"primaryImageOfPage\":{\"@id\":\"https:\/\/www.latoscane.net\/cathedrale-de-sienne\/#primaryimage\"},\"image\":{\"@id\":\"https:\/\/www.latoscane.net\/cathedrale-de-sienne\/#primaryimage\"},\"thumbnailUrl\":\"https:\/\/www.latoscane.net\/wp-content\/uploads\/2017\/02\/foto-duomo-di-siena-3098.jpg\",\"datePublished\":\"2023-07-25T15:33:33+00:00\",\"dateModified\":\"2025-09-09T09:55:31+00:00\",\"author\":{\"@id\":\"https:\/\/www.latoscane.net\/#\/schema\/person\/dae56e679cb6d9bdaf2b0b54b1320d42\"},\"description\":\"Caratterizzato per le sue fasce di marmi bianchi e neri, il duomo di Siena fu costruito nel Medioevo dal XII al XIV secolo, opera del gotico italiano\",\"breadcrumb\":{\"@id\":\"https:\/\/www.latoscane.net\/cathedrale-de-sienne\/#breadcrumb\"},\"inLanguage\":\"it-IT\",\"potentialAction\":[{\"@type\":\"ReadAction\",\"target\":[\"https:\/\/www.latoscane.net\/cathedrale-de-sienne\/\"]}]},{\"@type\":\"ImageObject\",\"inLanguage\":\"it-IT\",\"@id\":\"https:\/\/www.latoscane.net\/cathedrale-de-sienne\/#primaryimage\",\"url\":\"https:\/\/www.latoscane.net\/wp-content\/uploads\/2017\/02\/foto-duomo-di-siena-3098.jpg\",\"contentUrl\":\"https:\/\/www.latoscane.net\/wp-content\/uploads\/2017\/02\/foto-duomo-di-siena-3098.jpg\",\"width\":1200,\"height\":800,\"caption\":\"Foto della facciata del duomo di Siena\"},{\"@type\":\"BreadcrumbList\",\"@id\":\"https:\/\/www.latoscane.net\/cathedrale-de-sienne\/#breadcrumb\",\"itemListElement\":[{\"@type\":\"ListItem\",\"position\":1,\"name\":\"Accueil\",\"item\":\"https:\/\/www.latoscane.net\/it\/\"},{\"@type\":\"ListItem\",\"position\":2,\"name\":\"Duomo di Siena\"}]},{\"@type\":\"WebSite\",\"@id\":\"https:\/\/www.latoscane.net\/#website\",\"url\":\"https:\/\/www.latoscane.net\/\",\"name\":\"LaToscane.net\",\"description\":\"Visita della regione Toscana\",\"potentialAction\":[{\"@type\":\"SearchAction\",\"target\":{\"@type\":\"EntryPoint\",\"urlTemplate\":\"https:\/\/www.latoscane.net\/?s={search_term_string}\"},\"query-input\":\"required name=search_term_string\"}],\"inLanguage\":\"it-IT\"},{\"@type\":\"Person\",\"@id\":\"https:\/\/www.latoscane.net\/#\/schema\/person\/dae56e679cb6d9bdaf2b0b54b1320d42\",\"name\":\"Galgano\",\"url\":\"https:\/\/www.latoscane.net\/it\/author\/will\/\"}]}<\/script>\n<!-- \/ Yoast SEO plugin. -->","yoast_head_json":{"title":"Duomo di Siena : visita e storia","description":"Caratterizzato per le sue fasce di marmi bianchi e neri, il duomo di Siena fu costruito nel Medioevo dal XII al XIV secolo, opera del gotico italiano","robots":{"index":"index","follow":"follow","max-snippet":"max-snippet:-1","max-image-preview":"max-image-preview:large","max-video-preview":"max-video-preview:-1"},"canonical":"https:\/\/www.latoscane.net\/cathedrale-de-sienne\/","og_locale":"it_IT","og_type":"article","og_title":"Duomo di Siena : visita e storia","og_description":"Caratterizzato per le sue fasce di marmi bianchi e neri, il duomo di Siena fu costruito nel Medioevo dal XII al XIV secolo, opera del gotico italiano","og_url":"https:\/\/www.latoscane.net\/cathedrale-de-sienne\/","og_site_name":"LaToscane.net","article_published_time":"2023-07-25T15:33:33+00:00","article_modified_time":"2025-09-09T09:55:31+00:00","og_image":[{"width":1200,"height":800,"url":"https:\/\/www.latoscane.net\/wp-content\/uploads\/2017\/02\/foto-duomo-di-siena-3098.jpg","type":"image\/jpeg"}],"author":"Galgano","twitter_card":"summary_large_image","twitter_misc":{"Scritto da":"Galgano","Tempo di lettura stimato":"10 minuti"},"schema":{"@context":"https:\/\/schema.org","@graph":[{"@type":"WebPage","@id":"https:\/\/www.latoscane.net\/cathedrale-de-sienne\/","url":"https:\/\/www.latoscane.net\/cathedrale-de-sienne\/","name":"Duomo di Siena : visita e storia","isPartOf":{"@id":"https:\/\/www.latoscane.net\/#website"},"primaryImageOfPage":{"@id":"https:\/\/www.latoscane.net\/cathedrale-de-sienne\/#primaryimage"},"image":{"@id":"https:\/\/www.latoscane.net\/cathedrale-de-sienne\/#primaryimage"},"thumbnailUrl":"https:\/\/www.latoscane.net\/wp-content\/uploads\/2017\/02\/foto-duomo-di-siena-3098.jpg","datePublished":"2023-07-25T15:33:33+00:00","dateModified":"2025-09-09T09:55:31+00:00","author":{"@id":"https:\/\/www.latoscane.net\/#\/schema\/person\/dae56e679cb6d9bdaf2b0b54b1320d42"},"description":"Caratterizzato per le sue fasce di marmi bianchi e neri, il duomo di Siena fu costruito nel Medioevo dal XII al XIV secolo, opera del gotico italiano","breadcrumb":{"@id":"https:\/\/www.latoscane.net\/cathedrale-de-sienne\/#breadcrumb"},"inLanguage":"it-IT","potentialAction":[{"@type":"ReadAction","target":["https:\/\/www.latoscane.net\/cathedrale-de-sienne\/"]}]},{"@type":"ImageObject","inLanguage":"it-IT","@id":"https:\/\/www.latoscane.net\/cathedrale-de-sienne\/#primaryimage","url":"https:\/\/www.latoscane.net\/wp-content\/uploads\/2017\/02\/foto-duomo-di-siena-3098.jpg","contentUrl":"https:\/\/www.latoscane.net\/wp-content\/uploads\/2017\/02\/foto-duomo-di-siena-3098.jpg","width":1200,"height":800,"caption":"Foto della facciata del duomo di Siena"},{"@type":"BreadcrumbList","@id":"https:\/\/www.latoscane.net\/cathedrale-de-sienne\/#breadcrumb","itemListElement":[{"@type":"ListItem","position":1,"name":"Accueil","item":"https:\/\/www.latoscane.net\/it\/"},{"@type":"ListItem","position":2,"name":"Duomo di Siena"}]},{"@type":"WebSite","@id":"https:\/\/www.latoscane.net\/#website","url":"https:\/\/www.latoscane.net\/","name":"LaToscane.net","description":"Visita della regione Toscana","potentialAction":[{"@type":"SearchAction","target":{"@type":"EntryPoint","urlTemplate":"https:\/\/www.latoscane.net\/?s={search_term_string}"},"query-input":"required name=search_term_string"}],"inLanguage":"it-IT"},{"@type":"Person","@id":"https:\/\/www.latoscane.net\/#\/schema\/person\/dae56e679cb6d9bdaf2b0b54b1320d42","name":"Galgano","url":"https:\/\/www.latoscane.net\/it\/author\/will\/"}]}},"_links":{"self":[{"href":"https:\/\/www.latoscane.net\/it\/wp-json\/wp\/v2\/posts\/2388"}],"collection":[{"href":"https:\/\/www.latoscane.net\/it\/wp-json\/wp\/v2\/posts"}],"about":[{"href":"https:\/\/www.latoscane.net\/it\/wp-json\/wp\/v2\/types\/post"}],"author":[{"embeddable":true,"href":"https:\/\/www.latoscane.net\/it\/wp-json\/wp\/v2\/users\/1"}],"replies":[{"embeddable":true,"href":"https:\/\/www.latoscane.net\/it\/wp-json\/wp\/v2\/comments?post=2388"}],"version-history":[{"count":11,"href":"https:\/\/www.latoscane.net\/it\/wp-json\/wp\/v2\/posts\/2388\/revisions"}],"predecessor-version":[{"id":13898,"href":"https:\/\/www.latoscane.net\/it\/wp-json\/wp\/v2\/posts\/2388\/revisions\/13898"}],"wp:featuredmedia":[{"embeddable":true,"href":"https:\/\/www.latoscane.net\/it\/wp-json\/wp\/v2\/media\/4072"}],"wp:attachment":[{"href":"https:\/\/www.latoscane.net\/it\/wp-json\/wp\/v2\/media?parent=2388"}],"wp:term":[{"taxonomy":"category","embeddable":true,"href":"https:\/\/www.latoscane.net\/it\/wp-json\/wp\/v2\/categories?post=2388"},{"taxonomy":"post_tag","embeddable":true,"href":"https:\/\/www.latoscane.net\/it\/wp-json\/wp\/v2\/tags?post=2388"}],"curies":[{"name":"wp","href":"https:\/\/api.w.org\/{rel}","templated":true}]}}