{"id":2389,"date":"2023-02-25T12:36:11","date_gmt":"2023-02-25T11:36:11","guid":{"rendered":"http:\/\/www.latoscane.net\/museo-civico\/"},"modified":"2025-09-09T10:36:40","modified_gmt":"2025-09-09T08:36:40","slug":"museo-civico-di-siena","status":"publish","type":"post","link":"https:\/\/www.latoscane.net\/it\/museo-civico-di-siena\/","title":{"rendered":"Museo Civico di Siena"},"content":{"rendered":"\n<p>Il <strong>Museo Civico di Siena<\/strong> fu allestito negli anni &#8217;30, al primo e secondo piano del <a href=\"https:\/\/www.latoscane.net\/it\/palazzo-pubblico-di-siena\/\">Palazzo Pubblico<\/a>. La sua visita, che chiede circa un&#8217;ora, \u00e8 altamente consigliata, come il museo da scoprire in via prioritaria a Siena.<br \/>Conserva numerosi capolavori dell&#8217;arte senese, in particolare due notevoli sale della Sala del Globo e della Sala dei Nove, tra cui dipinti legati al governo dei Nove che si impegnava al benessere dei cittadini e lo illustrava qui.<br \/>Il palazzo ospita ancora oggi il consiglio comunale.<\/p>\n<h2>Primo piano<\/h2>\n<h3>Pinacoteca<\/h3>\n<p>Le prime quattro sale, denominate <strong>Pinacoteca<\/strong>, ospitano opere dal XVI al XVIII secolo, tra cui uno schizzo della <em>Madonna con Bambino e santi<\/em> di Sodoma (1537-1539), originariamente collocata nella Cappella Piazza.<\/p>\n\n\n<div data-gyg-href=\"https:\/\/widget.getyourguide.com\/default\/activities.frame\" data-gyg-locale-code=\"it-IT\" data-gyg-widget=\"activities\" data-gyg-number-of-items=\"1\" data-gyg-partner-id=\"DLYVAO3\" data-gyg-tour-ids=\"401991\"><span>Powered by <a target=\"_blank\" rel=\"sponsored noopener\" href=\"https:\/\/www.getyourguide.com\/palazzo-pubblico-l4927\/\">GetYourGuide<\/a><\/span><\/div>\n\n\n\n<figure class=\"wp-block-gallery has-nested-images columns-default is-cropped wp-block-gallery-2 is-layout-flex wp-block-gallery-is-layout-flex\">\n<figure class=\"wp-block-image size-large\"><a href=\"https:\/\/www.latoscane.net\/wp-content\/uploads\/2017\/02\/guidoriccio-da-fogliano-all-assedio-di-montemassi-sala-del-mappamondo-museo-civico-siena-8880-1024x343.jpg\"><img loading=\"lazy\" decoding=\"async\" width=\"1024\" height=\"343\" data-id=\"3981\" src=\"https:\/\/www.latoscane.net\/wp-content\/uploads\/2017\/02\/guidoriccio-da-fogliano-all-assedio-di-montemassi-sala-del-mappamondo-museo-civico-siena-8880-1024x343.jpg\" alt=\"Photo de Guidoriccio da Fogliano au si\u00e8ge de Montemassi\" class=\"wp-image-3981\" srcset=\"https:\/\/www.latoscane.net\/wp-content\/uploads\/2017\/02\/guidoriccio-da-fogliano-all-assedio-di-montemassi-sala-del-mappamondo-museo-civico-siena-8880-1024x343.jpg 1024w, https:\/\/www.latoscane.net\/wp-content\/uploads\/2017\/02\/guidoriccio-da-fogliano-all-assedio-di-montemassi-sala-del-mappamondo-museo-civico-siena-8880-300x101.jpg 300w, https:\/\/www.latoscane.net\/wp-content\/uploads\/2017\/02\/guidoriccio-da-fogliano-all-assedio-di-montemassi-sala-del-mappamondo-museo-civico-siena-8880-768x257.jpg 768w, https:\/\/www.latoscane.net\/wp-content\/uploads\/2017\/02\/guidoriccio-da-fogliano-all-assedio-di-montemassi-sala-del-mappamondo-museo-civico-siena-8880.jpg 1200w\" sizes=\"(max-width: 1024px) 100vw, 1024px\" \/><\/a><figcaption class=\"wp-element-caption\">Guidoriccio da Fogliano all&#8217;assiedo di Montemassi, Sala del Mappamondo<\/figcaption><\/figure>\n<\/figure>\n\n\n<h3>Sala del Risorgimento<\/h3>\n<p>La <strong>Sala del Risorgimento<\/strong> \u00e8 decorata con affreschi e sculture ottocentesche a tema storico-risorgimentale, realizzate da artisti toscani e soprattutto senesi.<\/p>\n<h3>Sala di Balia<\/h3>\n<p>La <strong>Sala di Balia<\/strong> (detta anche Sala del Papa) ha il nome di Balia che \u00e8 il corpo permanente che sedeva nella sala dal 1455. Fu decorata agli inizi del XV secolo da Martino di Bartolomeo e Spinello Aretino con al soffitto affreschi che rappresentano le Virt\u00f9 e alle pareti la vita di Alessandro III, un papa senese. Da segnalare la bella porta in legno scolpita di Domenico di Niccol\u00f2.<\/p>\n<h3>Sala dei Cardinali<\/h3>\n<p>La <strong>Sala dei Cardinali<\/strong>, detta anche Anticamera del Concistoro, \u00e8 decorata da vari affreschi, alcuni attribuiti ad Anbrogio Lorenzetti, del XIV e XV secolo provenienti da altre parti dell&#8217;edificio o dalle mura esterne.<\/p>\n<h3>Sala del Concistoro<\/h3>\n<p>Un portale in marmo, opera di Bernardo Rossellino del 1448, conduce alla <strong>Sala del Concistoro<\/strong>. Qui si riunivano i dirigenti della citt\u00e0 ai tempi della Repubblica senese.<br \/>Sulla volta, gli affreschi allegorici di <strong>Domenico Beccafumi<\/strong> (1529-1535) rappresentano le tre virt\u00f9 ritenute necessarie per l&#8217;esercizio del buon governo: amore della patria, giustizia e concordia (o mutua benevolenza).<br \/>Le pareti sono decorate con arazzi dei Gobelins. Il fregio illustra scene della mitologia greca e romana.<\/p>\n\n\n<figure class=\"wp-block-gallery has-nested-images columns-default is-cropped wp-block-gallery-3 is-layout-flex wp-block-gallery-is-layout-flex\">\n<figure class=\"wp-block-image size-medium\"><a href=\"https:\/\/www.latoscane.net\/wp-content\/uploads\/2017\/02\/sala-del-risorgimento-palazzo-pubblico-siena-8869-300x200.jpg\"><img loading=\"lazy\" decoding=\"async\" width=\"300\" height=\"200\" data-id=\"3996\" src=\"https:\/\/www.latoscane.net\/wp-content\/uploads\/2017\/02\/sala-del-risorgimento-palazzo-pubblico-siena-8869-300x200.jpg\" alt=\"Foto della Sala del Risorgimento, Palazzo Pubblico di Siena\" class=\"wp-image-3996\" srcset=\"https:\/\/www.latoscane.net\/wp-content\/uploads\/2017\/02\/sala-del-risorgimento-palazzo-pubblico-siena-8869-300x200.jpg 300w, https:\/\/www.latoscane.net\/wp-content\/uploads\/2017\/02\/sala-del-risorgimento-palazzo-pubblico-siena-8869-1024x683.jpg 1024w, https:\/\/www.latoscane.net\/wp-content\/uploads\/2017\/02\/sala-del-risorgimento-palazzo-pubblico-siena-8869-768x512.jpg 768w, https:\/\/www.latoscane.net\/wp-content\/uploads\/2017\/02\/sala-del-risorgimento-palazzo-pubblico-siena-8869.jpg 1200w\" sizes=\"(max-width: 300px) 100vw, 300px\" \/><\/a><figcaption class=\"wp-element-caption\">Sala del Risorgimento<\/figcaption><\/figure>\n\n\n\n<figure class=\"wp-block-image size-medium\"><a href=\"https:\/\/www.latoscane.net\/wp-content\/uploads\/2017\/02\/sala-di-balia-palazzo-pubblico-siena-8872-300x200.jpg\"><img loading=\"lazy\" decoding=\"async\" width=\"300\" height=\"200\" data-id=\"3999\" src=\"https:\/\/www.latoscane.net\/wp-content\/uploads\/2017\/02\/sala-di-balia-palazzo-pubblico-siena-8872-300x200.jpg\" alt=\"Foto della Sala di Balia, Palazzo Pubblico di Siena\" class=\"wp-image-3999\" srcset=\"https:\/\/www.latoscane.net\/wp-content\/uploads\/2017\/02\/sala-di-balia-palazzo-pubblico-siena-8872-300x200.jpg 300w, https:\/\/www.latoscane.net\/wp-content\/uploads\/2017\/02\/sala-di-balia-palazzo-pubblico-siena-8872-1024x683.jpg 1024w, https:\/\/www.latoscane.net\/wp-content\/uploads\/2017\/02\/sala-di-balia-palazzo-pubblico-siena-8872-768x512.jpg 768w, https:\/\/www.latoscane.net\/wp-content\/uploads\/2017\/02\/sala-di-balia-palazzo-pubblico-siena-8872.jpg 1200w\" sizes=\"(max-width: 300px) 100vw, 300px\" \/><\/a><figcaption class=\"wp-element-caption\">Sala di Balia<\/figcaption><\/figure>\n<\/figure>\n\n\n<h3>Vestibolo e anticappella<\/h3>\n<p>Una <em>Madonna col Bambino<\/em> di <strong>Ambrogio Lorenzetti<\/strong> (circa 1340) decora il <strong>vestibolo<\/strong>, che in origine si trovava nella Loggia dei Nove. Si trova anche la Lupa d&#8217;oro che allatta i gemelli, scolpita da Giovanni di Turino nel 1430, che era sulla colonna posta all&#8217;ingresso del Palazzo.<br \/>L&#8217;<strong>anticappella<\/strong> \u00e8 stata dipinta da <strong>Taddeo di Bartolo<\/strong> verso il 1415, illustrando temi mitologici e elementi della storia romana, le virt\u00f9 necessarie per un buon governo, tra cui le Virt\u00f9 cardinali (Giustizia, Forza e Prudenza), uomini illustri come Cicerone, Giuda Macabeo, Scipio l&#8217;Africano, Catone il Vecchio, ecc personificano queste virt\u00f9.<\/p>\n<h2>Cappella del Palazzo<\/h2>\n<p><strong>Taddeo di Bartolo<\/strong> ha anche decorato la <strong>cappella del palazzo<\/strong>, con affreschi del 1407 circa che rappresentano scene della vita della Vergine, di evangelisti, santi, profeti.<br \/>Vi sono anche opere di Giovanni di Turino, un altare progettato da Marrina, e la <em>Sacra Famiglia con San Leonardo<\/em> da Sodoma (1530).<br \/>Il coro in legno intarsiato e intagliato \u00e8 un&#8217;opera raffinata di Domenico di Niccol\u00f2 (1415-1428).<br \/>L&#8217;organo fu costruito tra il 1519 e il 1525 da Giovanni di Antonio detto il Piffaro. La grata in ferro battuto \u00e8 un&#8217;opera del 1437.<\/p>\n\n\n<figure class=\"wp-block-gallery has-nested-images columns-default is-cropped wp-block-gallery-4 is-layout-flex wp-block-gallery-is-layout-flex\">\n<figure class=\"wp-block-image size-medium\"><a href=\"https:\/\/www.latoscane.net\/wp-content\/uploads\/2017\/02\/cappella-di-palazzo-palazzo-pubblico-siena-8890-300x200.jpg\"><img loading=\"lazy\" decoding=\"async\" width=\"300\" height=\"200\" data-id=\"4004\" src=\"https:\/\/www.latoscane.net\/wp-content\/uploads\/2017\/02\/cappella-di-palazzo-palazzo-pubblico-siena-8890-300x200.jpg\" alt=\"Photo de la Chapelle du Palazzo Pubblico \u00e0 Sienne\" class=\"wp-image-4004\" srcset=\"https:\/\/www.latoscane.net\/wp-content\/uploads\/2017\/02\/cappella-di-palazzo-palazzo-pubblico-siena-8890-300x200.jpg 300w, https:\/\/www.latoscane.net\/wp-content\/uploads\/2017\/02\/cappella-di-palazzo-palazzo-pubblico-siena-8890-1024x683.jpg 1024w, https:\/\/www.latoscane.net\/wp-content\/uploads\/2017\/02\/cappella-di-palazzo-palazzo-pubblico-siena-8890-768x512.jpg 768w, https:\/\/www.latoscane.net\/wp-content\/uploads\/2017\/02\/cappella-di-palazzo-palazzo-pubblico-siena-8890.jpg 1200w\" sizes=\"(max-width: 300px) 100vw, 300px\" \/><\/a><figcaption class=\"wp-element-caption\">Chapelle du Palais<\/figcaption><\/figure>\n\n\n\n<figure class=\"wp-block-image size-medium\"><a href=\"https:\/\/www.latoscane.net\/wp-content\/uploads\/2017\/02\/stalli-lignei-del-coro-domenico-di-niccolo-dei-cori-cappella-di-palazzo-palazzo-pubblico-siena-8892-300x200.jpg\"><img loading=\"lazy\" decoding=\"async\" width=\"300\" height=\"200\" data-id=\"4007\" src=\"https:\/\/www.latoscane.net\/wp-content\/uploads\/2017\/02\/stalli-lignei-del-coro-domenico-di-niccolo-dei-cori-cappella-di-palazzo-palazzo-pubblico-siena-8892-300x200.jpg\" alt=\"Photo du Choeur en bois marquet\u00e9 de la Chapelle du Palazzo Pubblico\" class=\"wp-image-4007\" srcset=\"https:\/\/www.latoscane.net\/wp-content\/uploads\/2017\/02\/stalli-lignei-del-coro-domenico-di-niccolo-dei-cori-cappella-di-palazzo-palazzo-pubblico-siena-8892-300x200.jpg 300w, https:\/\/www.latoscane.net\/wp-content\/uploads\/2017\/02\/stalli-lignei-del-coro-domenico-di-niccolo-dei-cori-cappella-di-palazzo-palazzo-pubblico-siena-8892-1024x683.jpg 1024w, https:\/\/www.latoscane.net\/wp-content\/uploads\/2017\/02\/stalli-lignei-del-coro-domenico-di-niccolo-dei-cori-cappella-di-palazzo-palazzo-pubblico-siena-8892-768x512.jpg 768w, https:\/\/www.latoscane.net\/wp-content\/uploads\/2017\/02\/stalli-lignei-del-coro-domenico-di-niccolo-dei-cori-cappella-di-palazzo-palazzo-pubblico-siena-8892.jpg 1200w\" sizes=\"(max-width: 300px) 100vw, 300px\" \/><\/a><figcaption class=\"wp-element-caption\">Ch\u0153ur marquet\u00e9 de la chapelle<\/figcaption><\/figure>\n\n\n\n<figure class=\"wp-block-image size-medium\"><a href=\"https:\/\/www.latoscane.net\/wp-content\/uploads\/2017\/02\/lupa-dorata-vestibolo-palazzo-pubblico-siena-8878-300x200.jpg\"><img loading=\"lazy\" decoding=\"async\" width=\"300\" height=\"200\" data-id=\"4039\" src=\"https:\/\/www.latoscane.net\/wp-content\/uploads\/2017\/02\/lupa-dorata-vestibolo-palazzo-pubblico-siena-8878-300x200.jpg\" alt=\"Photo de la louve dor\u00e9e, Palazzo Pubblico de Sienne\" class=\"wp-image-4039\" srcset=\"https:\/\/www.latoscane.net\/wp-content\/uploads\/2017\/02\/lupa-dorata-vestibolo-palazzo-pubblico-siena-8878-300x200.jpg 300w, https:\/\/www.latoscane.net\/wp-content\/uploads\/2017\/02\/lupa-dorata-vestibolo-palazzo-pubblico-siena-8878-1024x683.jpg 1024w, https:\/\/www.latoscane.net\/wp-content\/uploads\/2017\/02\/lupa-dorata-vestibolo-palazzo-pubblico-siena-8878-768x512.jpg 768w, https:\/\/www.latoscane.net\/wp-content\/uploads\/2017\/02\/lupa-dorata-vestibolo-palazzo-pubblico-siena-8878.jpg 1200w\" sizes=\"(max-width: 300px) 100vw, 300px\" \/><\/a><figcaption class=\"wp-element-caption\">Louve dor\u00e9e, vestibule<\/figcaption><\/figure>\n<\/figure>\n\n\n<h2>Sala del Mappamondo<\/h2>\n<p>La <strong>Sala del Mappemondo<\/strong> \u00e8 la pi\u00f9 grande sala del palazzo, designata anche Sala del Consiglio. Conserva due grandi affreschi notevoli con la <em>Maest\u00e0 della Vergine sul suo trono con il bambino e i santi<\/em> di Simone Martini (1312-1315) e <em>Guidoriccio da Fogliano sul suo cavallo all&#8217;assedio di Montemassi<\/em> attribuita a Simone Martini (1330). Tuttavia quest&#8217;ultima sarebbe una replica del XV di un&#8217;opera perduta di Martini. Sotto \u00e8 raffigurata la <em>Presa di un castello<\/em> forse quello di Giuncarico, che sarebbe di Duccio Buoninsegna (1314). Prima si trovava un grande globo dipinto da Ambrogio Lorenzetti nel 1345 che era appeso alla parete ma \u00e8 scomparso.<br \/>Altri affreschi decorano le pareti, realizzati dal XIV al XVI secolo, che celebrano vittorie su Firenze conquistate da Siena: <em>la Battaglia della Val di Chiana<\/em> e la <em>Battaglia di Poggio Imperiale<\/em>.<\/p>\n\n\n<figure class=\"wp-block-gallery has-nested-images columns-default is-cropped wp-block-gallery-5 is-layout-flex wp-block-gallery-is-layout-flex\">\n<figure class=\"wp-block-image size-medium\"><a href=\"https:\/\/www.latoscane.net\/wp-content\/uploads\/2017\/02\/sala-del-mappamondo-museo-civico-siena-8883-300x200.jpg\"><img loading=\"lazy\" decoding=\"async\" width=\"300\" height=\"200\" data-id=\"4018\" src=\"https:\/\/www.latoscane.net\/wp-content\/uploads\/2017\/02\/sala-del-mappamondo-museo-civico-siena-8883-300x200.jpg\" alt=\"Sala del Mappamondo nel Palazzo Pubblico a Siena\" class=\"wp-image-4018\" srcset=\"https:\/\/www.latoscane.net\/wp-content\/uploads\/2017\/02\/sala-del-mappamondo-museo-civico-siena-8883-300x200.jpg 300w, https:\/\/www.latoscane.net\/wp-content\/uploads\/2017\/02\/sala-del-mappamondo-museo-civico-siena-8883-1024x683.jpg 1024w, https:\/\/www.latoscane.net\/wp-content\/uploads\/2017\/02\/sala-del-mappamondo-museo-civico-siena-8883-768x512.jpg 768w, https:\/\/www.latoscane.net\/wp-content\/uploads\/2017\/02\/sala-del-mappamondo-museo-civico-siena-8883.jpg 1200w\" sizes=\"(max-width: 300px) 100vw, 300px\" \/><\/a><figcaption class=\"wp-element-caption\">Sala del Mappamondo<\/figcaption><\/figure>\n\n\n\n<figure class=\"wp-block-image size-medium\"><a href=\"https:\/\/www.latoscane.net\/wp-content\/uploads\/2017\/02\/affresco-mappa-di-roma-taddeo-di-bartolo-sala-del-mappamondo-palazzo-pubblico-siena-8884-300x200.jpg\"><img loading=\"lazy\" decoding=\"async\" width=\"300\" height=\"200\" data-id=\"4012\" src=\"https:\/\/www.latoscane.net\/wp-content\/uploads\/2017\/02\/affresco-mappa-di-roma-taddeo-di-bartolo-sala-del-mappamondo-palazzo-pubblico-siena-8884-300x200.jpg\" alt=\"Affresco della mappa di Roma, Taddeo di Bartolo, Sala della Mappamondo del Palazzo Pubblico a Siena\" class=\"wp-image-4012\" srcset=\"https:\/\/www.latoscane.net\/wp-content\/uploads\/2017\/02\/affresco-mappa-di-roma-taddeo-di-bartolo-sala-del-mappamondo-palazzo-pubblico-siena-8884-300x200.jpg 300w, https:\/\/www.latoscane.net\/wp-content\/uploads\/2017\/02\/affresco-mappa-di-roma-taddeo-di-bartolo-sala-del-mappamondo-palazzo-pubblico-siena-8884-1024x683.jpg 1024w, https:\/\/www.latoscane.net\/wp-content\/uploads\/2017\/02\/affresco-mappa-di-roma-taddeo-di-bartolo-sala-del-mappamondo-palazzo-pubblico-siena-8884-768x512.jpg 768w, https:\/\/www.latoscane.net\/wp-content\/uploads\/2017\/02\/affresco-mappa-di-roma-taddeo-di-bartolo-sala-del-mappamondo-palazzo-pubblico-siena-8884.jpg 1200w\" sizes=\"(max-width: 300px) 100vw, 300px\" \/><\/a><figcaption class=\"wp-element-caption\">Mappa di Roma di Taddeo di Bartolo<\/figcaption><\/figure>\n\n\n\n<figure class=\"wp-block-image size-medium\"><a href=\"https:\/\/www.latoscane.net\/wp-content\/uploads\/2017\/02\/maesta-di-simone-martini-sala-del-mappamondo-museo-civico-siena-8879-300x200.jpg\"><img loading=\"lazy\" decoding=\"async\" width=\"300\" height=\"200\" data-id=\"4015\" src=\"https:\/\/www.latoscane.net\/wp-content\/uploads\/2017\/02\/maesta-di-simone-martini-sala-del-mappamondo-museo-civico-siena-8879-300x200.jpg\" alt=\"La Maest\u00e0 di Simone Martini, Sala del Mappamondo, Palazzo Pubblico a Siena\" class=\"wp-image-4015\" srcset=\"https:\/\/www.latoscane.net\/wp-content\/uploads\/2017\/02\/maesta-di-simone-martini-sala-del-mappamondo-museo-civico-siena-8879-300x200.jpg 300w, https:\/\/www.latoscane.net\/wp-content\/uploads\/2017\/02\/maesta-di-simone-martini-sala-del-mappamondo-museo-civico-siena-8879-1024x683.jpg 1024w, https:\/\/www.latoscane.net\/wp-content\/uploads\/2017\/02\/maesta-di-simone-martini-sala-del-mappamondo-museo-civico-siena-8879-768x512.jpg 768w, https:\/\/www.latoscane.net\/wp-content\/uploads\/2017\/02\/maesta-di-simone-martini-sala-del-mappamondo-museo-civico-siena-8879.jpg 1200w\" sizes=\"(max-width: 300px) 100vw, 300px\" \/><\/a><figcaption class=\"wp-element-caption\">Maest\u00e0 di Simone Martini<\/figcaption><\/figure>\n\n\n\n<figure class=\"wp-block-image size-large\"><a href=\"https:\/\/www.latoscane.net\/wp-content\/uploads\/2017\/02\/guidoriccio-da-fogliano-all-assedio-di-montemassi-sala-del-mappamondo-museo-civico-siena-8880-1024x343.jpg\"><img loading=\"lazy\" decoding=\"async\" width=\"1024\" height=\"343\" data-id=\"3981\" src=\"https:\/\/www.latoscane.net\/wp-content\/uploads\/2017\/02\/guidoriccio-da-fogliano-all-assedio-di-montemassi-sala-del-mappamondo-museo-civico-siena-8880-1024x343.jpg\" alt=\"Foto di Guidoriccio da Fogliano all'assedio di Montemassi\" class=\"wp-image-3981\" srcset=\"https:\/\/www.latoscane.net\/wp-content\/uploads\/2017\/02\/guidoriccio-da-fogliano-all-assedio-di-montemassi-sala-del-mappamondo-museo-civico-siena-8880-1024x343.jpg 1024w, https:\/\/www.latoscane.net\/wp-content\/uploads\/2017\/02\/guidoriccio-da-fogliano-all-assedio-di-montemassi-sala-del-mappamondo-museo-civico-siena-8880-300x101.jpg 300w, https:\/\/www.latoscane.net\/wp-content\/uploads\/2017\/02\/guidoriccio-da-fogliano-all-assedio-di-montemassi-sala-del-mappamondo-museo-civico-siena-8880-768x257.jpg 768w, https:\/\/www.latoscane.net\/wp-content\/uploads\/2017\/02\/guidoriccio-da-fogliano-all-assedio-di-montemassi-sala-del-mappamondo-museo-civico-siena-8880.jpg 1200w\" sizes=\"(max-width: 1024px) 100vw, 1024px\" \/><\/a><figcaption class=\"wp-element-caption\">Guidoriccio da Fogliano all&#8217;assedio di Montemassi<\/figcaption><\/figure>\n<\/figure>\n\n\n<h2>Sala del Consiglio dei Nove<\/h2>\n<p>La <strong>Sala dei Nove<\/strong> \u00e8 quella che segue la Sala del Mappamondo. Queste due sale sono le pi\u00f9 importanti del palazzo.<br \/>Chiamata anche Sala della Pace, conserva su tre pareti famosi affreschi di <strong>Ambrogio Lorenzetti<\/strong> con l&#8217;<em>Allegoria e gli Effetti del buon e del cattivo governo<\/em> (1338-1339). \u00c8 Probabilmente l&#8217;opera pi\u00f9 affascinante all&#8217;interno di questi musei, forse in tutta Siena, un notevole esempio di allegoria politica, con una vasta rappresentazione di paesaggi e soggetti laici come religiosi.<br \/>Questa vasta composizione illustra e personifica i concetti astratti che sono nominati sotto. Due paesaggi vogliono rivelare gli effetti sulla citt\u00e0 e sulla campagna, uno del buon governo, l&#8217;altro del cattivo governo.<br \/>Purtroppo, una parte del Malgoverno \u00e8 stata cancellata.<\/p>\n\n\n<figure class=\"wp-block-gallery has-nested-images columns-default is-cropped wp-block-gallery-6 is-layout-flex wp-block-gallery-is-layout-flex\">\n<figure class=\"wp-block-image size-medium\"><a href=\"https:\/\/www.latoscane.net\/wp-content\/uploads\/2017\/02\/sala-del-consiglio-dei-nove-palazzo-pubblico-siena-8902-300x200.jpg\"><img loading=\"lazy\" decoding=\"async\" width=\"300\" height=\"200\" data-id=\"4035\" src=\"https:\/\/www.latoscane.net\/wp-content\/uploads\/2017\/02\/sala-del-consiglio-dei-nove-palazzo-pubblico-siena-8902-300x200.jpg\" alt=\"Sala del Consiglio dei Nove, Palazzo Pubblico di Siena\" class=\"wp-image-4035\" srcset=\"https:\/\/www.latoscane.net\/wp-content\/uploads\/2017\/02\/sala-del-consiglio-dei-nove-palazzo-pubblico-siena-8902-300x200.jpg 300w, https:\/\/www.latoscane.net\/wp-content\/uploads\/2017\/02\/sala-del-consiglio-dei-nove-palazzo-pubblico-siena-8902-1024x683.jpg 1024w, https:\/\/www.latoscane.net\/wp-content\/uploads\/2017\/02\/sala-del-consiglio-dei-nove-palazzo-pubblico-siena-8902-768x512.jpg 768w, https:\/\/www.latoscane.net\/wp-content\/uploads\/2017\/02\/sala-del-consiglio-dei-nove-palazzo-pubblico-siena-8902.jpg 1200w\" sizes=\"(max-width: 300px) 100vw, 300px\" \/><\/a><figcaption class=\"wp-element-caption\">Sala dei Nove<\/figcaption><\/figure>\n\n\n\n<figure class=\"wp-block-image size-medium\"><a href=\"https:\/\/www.latoscane.net\/wp-content\/uploads\/2017\/02\/allegoria-del-buon-governo-sala-dei-nove-palazzo-pubblico-siena-8900-300x131.jpg\"><img loading=\"lazy\" decoding=\"async\" width=\"300\" height=\"131\" data-id=\"4023\" src=\"https:\/\/www.latoscane.net\/wp-content\/uploads\/2017\/02\/allegoria-del-buon-governo-sala-dei-nove-palazzo-pubblico-siena-8900-300x131.jpg\" alt=\"Foto dell'Allegoria e effetti del buon e cattivo governo, Sala dei Nove, Palazzo Pubblico di Siena\" class=\"wp-image-4023\" srcset=\"https:\/\/www.latoscane.net\/wp-content\/uploads\/2017\/02\/allegoria-del-buon-governo-sala-dei-nove-palazzo-pubblico-siena-8900-300x131.jpg 300w, https:\/\/www.latoscane.net\/wp-content\/uploads\/2017\/02\/allegoria-del-buon-governo-sala-dei-nove-palazzo-pubblico-siena-8900-1024x447.jpg 1024w, https:\/\/www.latoscane.net\/wp-content\/uploads\/2017\/02\/allegoria-del-buon-governo-sala-dei-nove-palazzo-pubblico-siena-8900-768x335.jpg 768w, https:\/\/www.latoscane.net\/wp-content\/uploads\/2017\/02\/allegoria-del-buon-governo-sala-dei-nove-palazzo-pubblico-siena-8900.jpg 1200w\" sizes=\"(max-width: 300px) 100vw, 300px\" \/><\/a><figcaption class=\"wp-element-caption\">Allegoria e gli Effetti del buon e del cattivo governo<\/figcaption><\/figure>\n\n\n\n<figure class=\"wp-block-image size-medium\"><a href=\"https:\/\/www.latoscane.net\/wp-content\/uploads\/2017\/02\/allegorie-et-effets-du-bon-et-du-mauvais-gouvernement-salle-des-neuf-palazzo-pubblico-siena-8897-300x193.jpg\"><img loading=\"lazy\" decoding=\"async\" width=\"300\" height=\"193\" data-id=\"4032\" src=\"https:\/\/www.latoscane.net\/wp-content\/uploads\/2017\/02\/allegorie-et-effets-du-bon-et-du-mauvais-gouvernement-salle-des-neuf-palazzo-pubblico-siena-8897-300x193.jpg\" alt=\"Foto dell'Allegoria e effetti del buon e cattivo governo, Sala dei Nove, Palazzo Pubblico di Siena\" class=\"wp-image-4032\" srcset=\"https:\/\/www.latoscane.net\/wp-content\/uploads\/2017\/02\/allegorie-et-effets-du-bon-et-du-mauvais-gouvernement-salle-des-neuf-palazzo-pubblico-siena-8897-300x193.jpg 300w, https:\/\/www.latoscane.net\/wp-content\/uploads\/2017\/02\/allegorie-et-effets-du-bon-et-du-mauvais-gouvernement-salle-des-neuf-palazzo-pubblico-siena-8897-1024x657.jpg 1024w, https:\/\/www.latoscane.net\/wp-content\/uploads\/2017\/02\/allegorie-et-effets-du-bon-et-du-mauvais-gouvernement-salle-des-neuf-palazzo-pubblico-siena-8897-768x493.jpg 768w, https:\/\/www.latoscane.net\/wp-content\/uploads\/2017\/02\/allegorie-et-effets-du-bon-et-du-mauvais-gouvernement-salle-des-neuf-palazzo-pubblico-siena-8897.jpg 1200w\" sizes=\"(max-width: 300px) 100vw, 300px\" \/><\/a><figcaption class=\"wp-element-caption\">Allegoria e gli Effetti del buon e del cattivo governo<\/figcaption><\/figure>\n\n\n\n<figure class=\"wp-block-image size-medium\"><a href=\"https:\/\/www.latoscane.net\/wp-content\/uploads\/2017\/02\/allegoria-ed-effetti-del-buono-e-del-cattivo-governo-sala-dei-nove-palazzo-pubblico-siena-8897-300x200.jpg\"><img loading=\"lazy\" decoding=\"async\" width=\"300\" height=\"200\" data-id=\"4026\" src=\"https:\/\/www.latoscane.net\/wp-content\/uploads\/2017\/02\/allegoria-ed-effetti-del-buono-e-del-cattivo-governo-sala-dei-nove-palazzo-pubblico-siena-8897-300x200.jpg\" alt=\"Foto dell'Allegoria e effetti del buon e cattivo governo, Sala dei Nove, Palazzo Pubblico di Siena\" class=\"wp-image-4026\" srcset=\"https:\/\/www.latoscane.net\/wp-content\/uploads\/2017\/02\/allegoria-ed-effetti-del-buono-e-del-cattivo-governo-sala-dei-nove-palazzo-pubblico-siena-8897-300x200.jpg 300w, https:\/\/www.latoscane.net\/wp-content\/uploads\/2017\/02\/allegoria-ed-effetti-del-buono-e-del-cattivo-governo-sala-dei-nove-palazzo-pubblico-siena-8897-1024x683.jpg 1024w, https:\/\/www.latoscane.net\/wp-content\/uploads\/2017\/02\/allegoria-ed-effetti-del-buono-e-del-cattivo-governo-sala-dei-nove-palazzo-pubblico-siena-8897-768x512.jpg 768w, https:\/\/www.latoscane.net\/wp-content\/uploads\/2017\/02\/allegoria-ed-effetti-del-buono-e-del-cattivo-governo-sala-dei-nove-palazzo-pubblico-siena-8897.jpg 1200w\" sizes=\"(max-width: 300px) 100vw, 300px\" \/><\/a><figcaption class=\"wp-element-caption\">Allegoria e gli Effetti del buon e del cattivo governo<\/figcaption><\/figure>\n\n\n\n<figure class=\"wp-block-image size-medium\"><a href=\"https:\/\/www.latoscane.net\/wp-content\/uploads\/2017\/02\/allegoria-ed-effetti-del-buono-e-del-cattivo-governo-sala-dei-nove-palazzo-pubblico-siena-8898-300x186.jpg\"><img loading=\"lazy\" decoding=\"async\" width=\"300\" height=\"186\" data-id=\"3946\" src=\"https:\/\/www.latoscane.net\/wp-content\/uploads\/2017\/02\/allegoria-ed-effetti-del-buono-e-del-cattivo-governo-sala-dei-nove-palazzo-pubblico-siena-8898-300x186.jpg\" alt=\"Foto dell'Allegoria e effetti del buon e cattivo governo, Sala dei Nove, Palazzo Pubblico di Siena\" class=\"wp-image-3946\" srcset=\"https:\/\/www.latoscane.net\/wp-content\/uploads\/2017\/02\/allegoria-ed-effetti-del-buono-e-del-cattivo-governo-sala-dei-nove-palazzo-pubblico-siena-8898-300x186.jpg 300w, https:\/\/www.latoscane.net\/wp-content\/uploads\/2017\/02\/allegoria-ed-effetti-del-buono-e-del-cattivo-governo-sala-dei-nove-palazzo-pubblico-siena-8898-1024x635.jpg 1024w, https:\/\/www.latoscane.net\/wp-content\/uploads\/2017\/02\/allegoria-ed-effetti-del-buono-e-del-cattivo-governo-sala-dei-nove-palazzo-pubblico-siena-8898-768x476.jpg 768w, https:\/\/www.latoscane.net\/wp-content\/uploads\/2017\/02\/allegoria-ed-effetti-del-buono-e-del-cattivo-governo-sala-dei-nove-palazzo-pubblico-siena-8898.jpg 1200w\" sizes=\"(max-width: 300px) 100vw, 300px\" \/><\/a><figcaption class=\"wp-element-caption\">Allegoria e gli Effetti del buon e del cattivo governo<\/figcaption><\/figure>\n\n\n\n<figure class=\"wp-block-image size-medium\"><a href=\"https:\/\/www.latoscane.net\/wp-content\/uploads\/2017\/02\/allegorie-et-effets-du-bon-et-du-mauvais-gouvernement-salle-des-neuf-palazzo-pubblico-siena-8896-300x200.jpg\"><img loading=\"lazy\" decoding=\"async\" width=\"300\" height=\"200\" data-id=\"4029\" src=\"https:\/\/www.latoscane.net\/wp-content\/uploads\/2017\/02\/allegorie-et-effets-du-bon-et-du-mauvais-gouvernement-salle-des-neuf-palazzo-pubblico-siena-8896-300x200.jpg\" alt=\"Foto dell'Allegoria e effetti del buon e cattivo governo, Sala dei Nove, Palazzo Pubblico di Siena\" class=\"wp-image-4029\" srcset=\"https:\/\/www.latoscane.net\/wp-content\/uploads\/2017\/02\/allegorie-et-effets-du-bon-et-du-mauvais-gouvernement-salle-des-neuf-palazzo-pubblico-siena-8896-300x200.jpg 300w, https:\/\/www.latoscane.net\/wp-content\/uploads\/2017\/02\/allegorie-et-effets-du-bon-et-du-mauvais-gouvernement-salle-des-neuf-palazzo-pubblico-siena-8896-1024x683.jpg 1024w, https:\/\/www.latoscane.net\/wp-content\/uploads\/2017\/02\/allegorie-et-effets-du-bon-et-du-mauvais-gouvernement-salle-des-neuf-palazzo-pubblico-siena-8896-768x512.jpg 768w, https:\/\/www.latoscane.net\/wp-content\/uploads\/2017\/02\/allegorie-et-effets-du-bon-et-du-mauvais-gouvernement-salle-des-neuf-palazzo-pubblico-siena-8896.jpg 1200w\" sizes=\"(max-width: 300px) 100vw, 300px\" \/><\/a><figcaption class=\"wp-element-caption\">Allegoria e gli Effetti del buon e del cattivo governo<\/figcaption><\/figure>\n<\/figure>\n\n\n<h2>Altre sale del primo piano<\/h2>\n<h3>Sala delle Colone <\/h3>\n<p>La <strong>Sala delle Colonne<\/strong> conserva opere del XIV e XV secolo.<\/p>\n<h2>Loggia<\/h2>\n<p>Una scala affrescata con la <em>Madonna<\/em> di Neroccio Bartolomeo Landi (1481) conduce al secondo piano, con le sue tre sale e la <strong>loggia<\/strong> sorretta da quattro pilastri. Si ha una bella vista sulla piazza del mercato e una vista sulla met\u00e0 sud di Siena.<\/p>\n<h2>Sale del secondo piano<\/h2>\n<p>La <strong>Sala del Capitano del Popolo<\/strong> (oggi \u00e8 la sala delle riunioni del Consiglio comunale). \u00c8 decorata con due dipinti di Amos Cassioli.<br \/>Nelle altre stanze si trova una collezione di stampe, dipinti del XVII e XVIII secolo, una galleria di ritratti, mappe e documenti su Siena e il Palio.<br \/>Nella prima sala si trova l&#8217;affresco della Crocifissione di Pietro di Giovanni d&#8217;Ambrogio (1446) e nel secondo un soffitto del 1680.<\/p>\n\n\n<figure class=\"wp-block-gallery has-nested-images columns-default is-cropped wp-block-gallery-7 is-layout-flex wp-block-gallery-is-layout-flex\">\n<figure class=\"wp-block-image size-large\"><a href=\"https:\/\/www.latoscane.net\/wp-content\/uploads\/2017\/02\/loggia-dei-nove-palazzo-pubblico-siena-8904-1024x683.jpg\"><img loading=\"lazy\" decoding=\"async\" width=\"1024\" height=\"683\" data-id=\"4044\" src=\"https:\/\/www.latoscane.net\/wp-content\/uploads\/2017\/02\/loggia-dei-nove-palazzo-pubblico-siena-8904-1024x683.jpg\" alt=\"Veduta dalla Loggia dei Nove, Palazzo Pubblico \u00e0 Sienne\" class=\"wp-image-4044\" srcset=\"https:\/\/www.latoscane.net\/wp-content\/uploads\/2017\/02\/loggia-dei-nove-palazzo-pubblico-siena-8904-1024x683.jpg 1024w, https:\/\/www.latoscane.net\/wp-content\/uploads\/2017\/02\/loggia-dei-nove-palazzo-pubblico-siena-8904-300x200.jpg 300w, https:\/\/www.latoscane.net\/wp-content\/uploads\/2017\/02\/loggia-dei-nove-palazzo-pubblico-siena-8904-768x512.jpg 768w, https:\/\/www.latoscane.net\/wp-content\/uploads\/2017\/02\/loggia-dei-nove-palazzo-pubblico-siena-8904.jpg 1200w\" sizes=\"(max-width: 1024px) 100vw, 1024px\" \/><\/a><figcaption class=\"wp-element-caption\">Veduta dalla Loggia dei Nove<\/figcaption><\/figure>\n<\/figure>\n\n\n<h2>Dov&#8217;\u00e8 il Museo Civico, mappa<\/h2>\n<div id=\"travelersmap-container-69f271606d165\" class=\"travelersmap-container\" style=\"z-index: 1; min-height: 10px; min-width:10px; height:450px;width:100%; max-width:; max-height:; position:relative;\"><div style=\"position:absolute; z-index:-1;top: 50%;text-align: center;display: block;left: 50%;transform: translate(-50%,-50%);\">Travelers' Map is loading...<br>If you see this after your page is loaded completely, leafletJS files are missing.<\/div><\/div>\n<h2>Biglietti d&#8217;ingresso e prenotazioni<\/h2>\n\n\n<div data-gyg-href=\"https:\/\/widget.getyourguide.com\/default\/activities.frame\" data-gyg-locale-code=\"it-IT\" data-gyg-widget=\"activities\" data-gyg-number-of-items=\"1\" data-gyg-partner-id=\"DLYVAO3\" data-gyg-tour-ids=\"401991\"><span>Powered by <a target=\"_blank\" rel=\"sponsored noopener\" href=\"https:\/\/www.getyourguide.com\/palazzo-pubblico-l4927\/\">GetYourGuide<\/a><\/span><\/div>\n\n\n<h2>Fonti e collegamenti<\/h2>\n<ul>\n<li>Sito ufficiale : <a href=\"https:\/\/museocivico.comune.siena.it\/\" target=\"_blank\" rel=\"noopener\">museocivico.comune.siena.it<\/a><\/li>\n<li>Informazioni : <a href=\"https:\/\/it.wikipedia.org\/wiki\/Palazzo_Pubblico_(Siena)\" target=\"_blank\" rel=\"noopener\">it.wikipedia.org<\/a><\/li>\n<\/ul>\n<h2>Articoli su Siena<\/h2>\n<ul class=\"lcp_catlist2\" id=\"lcp_instance_0\"><li><a href=\"https:\/\/www.latoscane.net\/it\/siena\/\">Siena<\/a><a href=\"https:\/\/www.latoscane.net\/it\/siena\/\" title=\"Siena\"><img loading=\"lazy\" decoding=\"async\" width=\"150\" height=\"150\" src=\"https:\/\/www.latoscane.net\/wp-content\/uploads\/2017\/03\/torre-dell-mangia-panorama-sienne-3062-150x150.jpg\" class=\"lcp_thumbnail wp-post-image\" alt=\"Siena\" srcset=\"https:\/\/www.latoscane.net\/wp-content\/uploads\/2017\/03\/torre-dell-mangia-panorama-sienne-3062-150x150.jpg 150w, https:\/\/www.latoscane.net\/wp-content\/uploads\/2017\/03\/torre-dell-mangia-panorama-sienne-3062-50x50.jpg 50w, https:\/\/www.latoscane.net\/wp-content\/uploads\/2017\/03\/torre-dell-mangia-panorama-sienne-3062-80x80.jpg 80w, https:\/\/www.latoscane.net\/wp-content\/uploads\/2017\/03\/torre-dell-mangia-panorama-sienne-3062-75x75.jpg 75w\" sizes=\"(max-width: 150px) 100vw, 150px\" \/><\/a><div class=\"lcp_excerpt\">\nSiena \u00e8 con Firenze una delle destinazioni pi\u00f9 attraenti della regione. Citt\u00e0 del famoso palio, una corsa equestre, \u00e8 un&#8217;unica cittadina medievale situata nel cuore delle terre toscane, tra le ...<\/div><\/li><li><a href=\"https:\/\/www.latoscane.net\/it\/da-vedere-a-siena\/\">Cosa vedere a Siena<\/a><a href=\"https:\/\/www.latoscane.net\/it\/da-vedere-a-siena\/\" title=\"Cosa vedere a Siena\"><img loading=\"lazy\" decoding=\"async\" width=\"150\" height=\"150\" src=\"https:\/\/www.latoscane.net\/wp-content\/uploads\/2024\/07\/corte-palazzo-chigi-saracini-siena-8812-150x150.jpg\" class=\"lcp_thumbnail wp-post-image\" alt=\"Cosa vedere a Siena\" srcset=\"https:\/\/www.latoscane.net\/wp-content\/uploads\/2024\/07\/corte-palazzo-chigi-saracini-siena-8812-150x150.jpg 150w, https:\/\/www.latoscane.net\/wp-content\/uploads\/2024\/07\/corte-palazzo-chigi-saracini-siena-8812-50x50.jpg 50w, https:\/\/www.latoscane.net\/wp-content\/uploads\/2024\/07\/corte-palazzo-chigi-saracini-siena-8812-80x80.jpg 80w, https:\/\/www.latoscane.net\/wp-content\/uploads\/2024\/07\/corte-palazzo-chigi-saracini-siena-8812-75x75.jpg 75w\" sizes=\"(max-width: 150px) 100vw, 150px\" \/><\/a><div class=\"lcp_excerpt\">Siena merita pi\u00f9 giorni per prendere la misura del suo fascino. Tuttavia, non \u00e8 una citt\u00e0 molto grande e due giorni possono essere sufficienti per portare con s\u00e9 dei bei ...<\/div><\/li><li><a href=\"https:\/\/www.latoscane.net\/it\/piazza-del-campo-di-siena\/\">Piazza del Campo di Siena<\/a><a href=\"https:\/\/www.latoscane.net\/it\/piazza-del-campo-di-siena\/\" title=\"Piazza del Campo di Siena\"><img loading=\"lazy\" decoding=\"async\" width=\"150\" height=\"150\" src=\"https:\/\/www.latoscane.net\/wp-content\/uploads\/2017\/02\/piazza-del-campo-palazzo-pubblico-siena-2486-150x150.jpg\" class=\"lcp_thumbnail wp-post-image\" alt=\"Piazza del Campo di Siena\" srcset=\"https:\/\/www.latoscane.net\/wp-content\/uploads\/2017\/02\/piazza-del-campo-palazzo-pubblico-siena-2486-150x150.jpg 150w, https:\/\/www.latoscane.net\/wp-content\/uploads\/2017\/02\/piazza-del-campo-palazzo-pubblico-siena-2486-50x50.jpg 50w, https:\/\/www.latoscane.net\/wp-content\/uploads\/2017\/02\/piazza-del-campo-palazzo-pubblico-siena-2486-80x80.jpg 80w, https:\/\/www.latoscane.net\/wp-content\/uploads\/2017\/02\/piazza-del-campo-palazzo-pubblico-siena-2486-75x75.jpg 75w\" sizes=\"(max-width: 150px) 100vw, 150px\" \/><\/a><div class=\"lcp_excerpt\">\nLa Piazza del Campo \u00e8 senza dubbio una delle piazze pi\u00f9 belle ed eleganti del mondo, costruita tra il 1293 e il 1349. \u00c8 il cuore della citt\u00e0 di Siena, ...<\/div><\/li><li><a href=\"https:\/\/www.latoscane.net\/it\/duomo-di-siena\/\">Duomo di Siena<\/a><a href=\"https:\/\/www.latoscane.net\/it\/duomo-di-siena\/\" title=\"Duomo di Siena\"><img loading=\"lazy\" decoding=\"async\" width=\"150\" height=\"150\" src=\"https:\/\/www.latoscane.net\/wp-content\/uploads\/2017\/02\/foto-duomo-di-siena-3098-150x150.jpg\" class=\"lcp_thumbnail wp-post-image\" alt=\"Duomo di Siena\" srcset=\"https:\/\/www.latoscane.net\/wp-content\/uploads\/2017\/02\/foto-duomo-di-siena-3098-150x150.jpg 150w, https:\/\/www.latoscane.net\/wp-content\/uploads\/2017\/02\/foto-duomo-di-siena-3098-50x50.jpg 50w, https:\/\/www.latoscane.net\/wp-content\/uploads\/2017\/02\/foto-duomo-di-siena-3098-80x80.jpg 80w, https:\/\/www.latoscane.net\/wp-content\/uploads\/2017\/02\/foto-duomo-di-siena-3098-75x75.jpg 75w\" sizes=\"(max-width: 150px) 100vw, 150px\" \/><\/a><div class=\"lcp_excerpt\">\nRisaltando subito per le sue pietre e marmo bianchi e neri, la Cattedrale di Santa Maria Assunta di Siena \u00e8 sicuramente una delle pi\u00f9 sorprendenti e belle chiese d&#8217;Italia.Fu costruita ...<\/div><\/li><li><a href=\"https:\/\/www.latoscane.net\/it\/palazzo-pubblico-di-siena\/\">Palazzo Pubblico di Siena<\/a><a href=\"https:\/\/www.latoscane.net\/it\/palazzo-pubblico-di-siena\/\" title=\"Palazzo Pubblico di Siena\"><img loading=\"lazy\" decoding=\"async\" width=\"150\" height=\"150\" src=\"https:\/\/www.latoscane.net\/wp-content\/uploads\/2017\/03\/siena-cortile-del-podesta-palazzo-pubblico-8865-150x150.jpg\" class=\"lcp_thumbnail wp-post-image\" alt=\"Palazzo Pubblico di Siena\" srcset=\"https:\/\/www.latoscane.net\/wp-content\/uploads\/2017\/03\/siena-cortile-del-podesta-palazzo-pubblico-8865-150x150.jpg 150w, https:\/\/www.latoscane.net\/wp-content\/uploads\/2017\/03\/siena-cortile-del-podesta-palazzo-pubblico-8865-50x50.jpg 50w, https:\/\/www.latoscane.net\/wp-content\/uploads\/2017\/03\/siena-cortile-del-podesta-palazzo-pubblico-8865-65x65.jpg 65w\" sizes=\"(max-width: 150px) 100vw, 150px\" \/><\/a><div class=\"lcp_excerpt\">\nL&#8217;edificio pi\u00f9 imponente in Piazza del Campo \u00e8 il Palazzo Pubblico con la torre molto grande adiacente alla Torre della Mangia. Chiamato anche Palazzo Comunale, fu costruito tra il 1297 ...<\/div><\/li><li class=\"current\"><a href=\"https:\/\/www.latoscane.net\/it\/museo-civico-di-siena\/\">Museo Civico di Siena<\/a><a href=\"https:\/\/www.latoscane.net\/it\/museo-civico-di-siena\/\" title=\"Museo Civico di Siena\"><img loading=\"lazy\" decoding=\"async\" width=\"150\" height=\"150\" src=\"https:\/\/www.latoscane.net\/wp-content\/uploads\/2017\/02\/allegorie-et-effets-du-bon-et-du-mauvais-gouvernement-salle-des-neuf-palazzo-pubblico-siena-8897-150x150.jpg\" class=\"lcp_thumbnail wp-post-image\" alt=\"Museo Civico di Siena\" srcset=\"https:\/\/www.latoscane.net\/wp-content\/uploads\/2017\/02\/allegorie-et-effets-du-bon-et-du-mauvais-gouvernement-salle-des-neuf-palazzo-pubblico-siena-8897-150x150.jpg 150w, https:\/\/www.latoscane.net\/wp-content\/uploads\/2017\/02\/allegorie-et-effets-du-bon-et-du-mauvais-gouvernement-salle-des-neuf-palazzo-pubblico-siena-8897-50x50.jpg 50w, https:\/\/www.latoscane.net\/wp-content\/uploads\/2017\/02\/allegorie-et-effets-du-bon-et-du-mauvais-gouvernement-salle-des-neuf-palazzo-pubblico-siena-8897-80x80.jpg 80w, https:\/\/www.latoscane.net\/wp-content\/uploads\/2017\/02\/allegorie-et-effets-du-bon-et-du-mauvais-gouvernement-salle-des-neuf-palazzo-pubblico-siena-8897-75x75.jpg 75w\" sizes=\"(max-width: 150px) 100vw, 150px\" \/><\/a><div class=\"lcp_excerpt\">\nIl Museo Civico di Siena fu allestito negli anni &#8217;30, al primo e secondo piano del Palazzo Pubblico. La sua visita, che chiede circa un&#8217;ora, \u00e8 altamente consigliata, come il ...<\/div><\/li><li><a href=\"https:\/\/www.latoscane.net\/it\/santa-maria-della-scala-di-siena\/\">Santa Maria della Scala di Siena<\/a><a href=\"https:\/\/www.latoscane.net\/it\/santa-maria-della-scala-di-siena\/\" title=\"Santa Maria della Scala di Siena\"><img loading=\"lazy\" decoding=\"async\" width=\"150\" height=\"150\" src=\"https:\/\/www.latoscane.net\/wp-content\/uploads\/2017\/03\/pellegrinaio-santa-maria-della-scala-siena-2300-150x150.jpg\" class=\"lcp_thumbnail wp-post-image\" alt=\"Santa Maria della Scala di Siena\" srcset=\"https:\/\/www.latoscane.net\/wp-content\/uploads\/2017\/03\/pellegrinaio-santa-maria-della-scala-siena-2300-150x150.jpg 150w, https:\/\/www.latoscane.net\/wp-content\/uploads\/2017\/03\/pellegrinaio-santa-maria-della-scala-siena-2300-50x50.jpg 50w, https:\/\/www.latoscane.net\/wp-content\/uploads\/2017\/03\/pellegrinaio-santa-maria-della-scala-siena-2300-80x80.jpg 80w, https:\/\/www.latoscane.net\/wp-content\/uploads\/2017\/03\/pellegrinaio-santa-maria-della-scala-siena-2300-75x75.jpg 75w\" sizes=\"(max-width: 150px) 100vw, 150px\" \/><\/a><div class=\"lcp_excerpt\">\nL&#8217;antico ospedale per pellegrini, Santa Maria della Scala, ospita un vasto e ricco complesso museale di Siena che si estende su 19.000 mq. \u00c8 una tappa essenziale per scoprire appieno ...<\/div><\/li><li><a href=\"https:\/\/www.latoscane.net\/it\/santuario-di-santa-caterina-di-siena\/\">Santuario di Santa Caterina di Siena<\/a><a href=\"https:\/\/www.latoscane.net\/it\/santuario-di-santa-caterina-di-siena\/\" title=\"Santuario di Santa Caterina di Siena\"><img loading=\"lazy\" decoding=\"async\" width=\"150\" height=\"150\" src=\"https:\/\/www.latoscane.net\/wp-content\/uploads\/2024\/07\/loggia-santuario-casa-di-santa-caterina-siena-3026-150x150.jpg\" class=\"lcp_thumbnail wp-post-image\" alt=\"Santuario di Santa Caterina di Siena\" srcset=\"https:\/\/www.latoscane.net\/wp-content\/uploads\/2024\/07\/loggia-santuario-casa-di-santa-caterina-siena-3026-150x150.jpg 150w, https:\/\/www.latoscane.net\/wp-content\/uploads\/2024\/07\/loggia-santuario-casa-di-santa-caterina-siena-3026-50x50.jpg 50w, https:\/\/www.latoscane.net\/wp-content\/uploads\/2024\/07\/loggia-santuario-casa-di-santa-caterina-siena-3026-80x80.jpg 80w, https:\/\/www.latoscane.net\/wp-content\/uploads\/2024\/07\/loggia-santuario-casa-di-santa-caterina-siena-3026-75x75.jpg 75w\" sizes=\"(max-width: 150px) 100vw, 150px\" \/><\/a><div class=\"lcp_excerpt\">\nIl Santuario-Casa di Santa Caterina \u00e8 situato sulla Collina di Sant&#8217;Antonio a Siena, composto dalla vecchia casa dei Benincasa, la famiglia di Caterina e la sua casa natale, con vari ...<\/div><\/li><li><a href=\"https:\/\/www.latoscane.net\/it\/basilica-di-san-domenico-di-siena\/\">Basilica di San Domenico di Siena<\/a><a href=\"https:\/\/www.latoscane.net\/it\/basilica-di-san-domenico-di-siena\/\" title=\"Basilica di San Domenico di Siena\"><img loading=\"lazy\" decoding=\"async\" width=\"150\" height=\"150\" src=\"https:\/\/www.latoscane.net\/wp-content\/uploads\/2024\/07\/basilique-saint-dominique-sienne-2251-150x150.jpg\" class=\"lcp_thumbnail wp-post-image\" alt=\"Basilica di San Domenico di Siena\" srcset=\"https:\/\/www.latoscane.net\/wp-content\/uploads\/2024\/07\/basilique-saint-dominique-sienne-2251-150x150.jpg 150w, https:\/\/www.latoscane.net\/wp-content\/uploads\/2024\/07\/basilique-saint-dominique-sienne-2251-50x50.jpg 50w, https:\/\/www.latoscane.net\/wp-content\/uploads\/2024\/07\/basilique-saint-dominique-sienne-2251-80x80.jpg 80w, https:\/\/www.latoscane.net\/wp-content\/uploads\/2024\/07\/basilique-saint-dominique-sienne-2251-75x75.jpg 75w\" sizes=\"(max-width: 150px) 100vw, 150px\" \/><\/a><div class=\"lcp_excerpt\">\nLa Basilica di San Domenico di Siena \u00e8 una delle pi\u00f9 importanti chiese della citt\u00e0, con la sua imponente architettura gotica e le sue opere rinascimentali. \u00c8 dedicata a Domenico ...<\/div><\/li><li><a href=\"https:\/\/www.latoscane.net\/it\/palazzi-di-siena\/\">Palazzi di Siena<\/a><a href=\"https:\/\/www.latoscane.net\/it\/palazzi-di-siena\/\" title=\"Palazzi di Siena\"><img loading=\"lazy\" decoding=\"async\" width=\"150\" height=\"150\" src=\"https:\/\/www.latoscane.net\/wp-content\/uploads\/2024\/07\/palazzo-chigi-saracini-siena-8815-150x150.jpg\" class=\"lcp_thumbnail wp-post-image\" alt=\"Palazzi di Siena\" srcset=\"https:\/\/www.latoscane.net\/wp-content\/uploads\/2024\/07\/palazzo-chigi-saracini-siena-8815-150x150.jpg 150w, https:\/\/www.latoscane.net\/wp-content\/uploads\/2024\/07\/palazzo-chigi-saracini-siena-8815-50x50.jpg 50w, https:\/\/www.latoscane.net\/wp-content\/uploads\/2024\/07\/palazzo-chigi-saracini-siena-8815-80x80.jpg 80w, https:\/\/www.latoscane.net\/wp-content\/uploads\/2024\/07\/palazzo-chigi-saracini-siena-8815-75x75.jpg 75w\" sizes=\"(max-width: 150px) 100vw, 150px\" \/><\/a><div class=\"lcp_excerpt\">\nLe strade di Siena incantano con i loro splendidi palazzi, per la maggior parte del medioevo, alcuni risalenti al Rinascimento. Non mancano di eleganza con la loro sobriet\u00e0, senza fasti ...<\/div><\/li><li><a href=\"https:\/\/www.latoscane.net\/it\/fontane-e-bottini-di-siena\/\">Fontane e bottini di Siena<\/a><a href=\"https:\/\/www.latoscane.net\/it\/fontane-e-bottini-di-siena\/\" title=\"Fontane e bottini di Siena\"><img loading=\"lazy\" decoding=\"async\" width=\"150\" height=\"150\" src=\"https:\/\/www.latoscane.net\/wp-content\/uploads\/2024\/07\/fontebranda-siena-2559-150x150.jpg\" class=\"lcp_thumbnail wp-post-image\" alt=\"Fontane e bottini di Siena\" srcset=\"https:\/\/www.latoscane.net\/wp-content\/uploads\/2024\/07\/fontebranda-siena-2559-150x150.jpg 150w, https:\/\/www.latoscane.net\/wp-content\/uploads\/2024\/07\/fontebranda-siena-2559-50x50.jpg 50w, https:\/\/www.latoscane.net\/wp-content\/uploads\/2024\/07\/fontebranda-siena-2559-80x80.jpg 80w, https:\/\/www.latoscane.net\/wp-content\/uploads\/2024\/07\/fontebranda-siena-2559-75x75.jpg 75w\" sizes=\"(max-width: 150px) 100vw, 150px\" \/><\/a><div class=\"lcp_excerpt\">\nA Siena si trovano un certo numero di fontane, alimentate dai bottini, le gallerie di un acquedotto medievale sotterraneo costruito a partire dal XII secolo. Queste gallerie hanno un totale ...<\/div><\/li><li><a href=\"https:\/\/www.latoscane.net\/it\/porte-ed-altri-luoghi-di-siena\/\">Porte ed altri luoghi di Siena<\/a><a href=\"https:\/\/www.latoscane.net\/it\/porte-ed-altri-luoghi-di-siena\/\" title=\"Porte ed altri luoghi di Siena\"><img loading=\"lazy\" decoding=\"async\" width=\"150\" height=\"150\" src=\"https:\/\/www.latoscane.net\/wp-content\/uploads\/2017\/01\/porta-tufi-siena-2576-150x150.jpg\" class=\"lcp_thumbnail wp-post-image\" alt=\"Porte ed altri luoghi di Siena\" srcset=\"https:\/\/www.latoscane.net\/wp-content\/uploads\/2017\/01\/porta-tufi-siena-2576-150x150.jpg 150w, https:\/\/www.latoscane.net\/wp-content\/uploads\/2017\/01\/porta-tufi-siena-2576-50x50.jpg 50w, https:\/\/www.latoscane.net\/wp-content\/uploads\/2017\/01\/porta-tufi-siena-2576-80x80.jpg 80w, https:\/\/www.latoscane.net\/wp-content\/uploads\/2017\/01\/porta-tufi-siena-2576-75x75.jpg 75w\" sizes=\"(max-width: 150px) 100vw, 150px\" \/><\/a><div class=\"lcp_excerpt\">\nQuesta pagina \u00e8 dedicata ad altri luoghi interessanti di Siena, tra cui le sue mura e porte, logge, la Fortezza Medicea, alcune piazze e vie del centro.\nMura e porte di ...<\/div><\/li><li><a href=\"https:\/\/www.latoscane.net\/it\/altre-chiese-di-siena\/\">Altre chiese di Siena<\/a><a href=\"https:\/\/www.latoscane.net\/it\/altre-chiese-di-siena\/\" title=\"Altre chiese di Siena\"><img loading=\"lazy\" decoding=\"async\" width=\"150\" height=\"150\" src=\"https:\/\/www.latoscane.net\/wp-content\/uploads\/2024\/07\/basilica-di-san-francesco-siena-2412-150x150.jpg\" class=\"lcp_thumbnail wp-post-image\" alt=\"Altre chiese di Siena\" srcset=\"https:\/\/www.latoscane.net\/wp-content\/uploads\/2024\/07\/basilica-di-san-francesco-siena-2412-150x150.jpg 150w, https:\/\/www.latoscane.net\/wp-content\/uploads\/2024\/07\/basilica-di-san-francesco-siena-2412-50x50.jpg 50w, https:\/\/www.latoscane.net\/wp-content\/uploads\/2024\/07\/basilica-di-san-francesco-siena-2412-80x80.jpg 80w, https:\/\/www.latoscane.net\/wp-content\/uploads\/2024\/07\/basilica-di-san-francesco-siena-2412-75x75.jpg 75w\" sizes=\"(max-width: 150px) 100vw, 150px\" \/><\/a><div class=\"lcp_excerpt\">\nBasilica di San Francesco di Siena\nLa Basilica di San Francesco di Siena \u00e8 una delle pi\u00f9 importanti chiese di Siena, situata nella piazza omonima.Tra il 1228 e il 1255, su ...<\/div><\/li><li><a href=\"https:\/\/www.latoscane.net\/it\/biglietti-e-tour-in-siena\/\">Biglietti e tour in Siena<\/a><a href=\"https:\/\/www.latoscane.net\/it\/biglietti-e-tour-in-siena\/\" title=\"Biglietti e tour in Siena\"><img loading=\"lazy\" decoding=\"async\" width=\"150\" height=\"150\" src=\"https:\/\/www.latoscane.net\/wp-content\/uploads\/2017\/03\/visites-guidees-tickets-sienne-150x150.jpg\" class=\"lcp_thumbnail wp-post-image\" alt=\"Biglietti e tour in Siena\" srcset=\"https:\/\/www.latoscane.net\/wp-content\/uploads\/2017\/03\/visites-guidees-tickets-sienne-150x150.jpg 150w, https:\/\/www.latoscane.net\/wp-content\/uploads\/2017\/03\/visites-guidees-tickets-sienne-50x50.jpg 50w, https:\/\/www.latoscane.net\/wp-content\/uploads\/2017\/03\/visites-guidees-tickets-sienne-65x65.jpg 65w\" sizes=\"(max-width: 150px) 100vw, 150px\" \/><\/a><div class=\"lcp_excerpt\">Biglietti e proposte di visite guidate a Siena, biglietti d&#8217;ingresso, percorsi della citt\u00e0, con il complesso del Duomo, Piazza del Campo, escursioni nei dintorni, attivit\u00e0, ecc\n\n\n\nNella stessa categoria\n&nbsp;\n<\/div><\/li><li><a href=\"https:\/\/www.latoscane.net\/it\/mappa-di-siena\/\">Mappa di Siena<\/a><a href=\"https:\/\/www.latoscane.net\/it\/mappa-di-siena\/\" title=\"Mappa di Siena\"><img loading=\"lazy\" decoding=\"async\" width=\"150\" height=\"150\" src=\"https:\/\/www.latoscane.net\/wp-content\/uploads\/2017\/03\/carte-interactive-toscane-150x150.jpg\" class=\"lcp_thumbnail wp-post-image\" alt=\"Mappa di Siena\" srcset=\"https:\/\/www.latoscane.net\/wp-content\/uploads\/2017\/03\/carte-interactive-toscane-150x150.jpg 150w, https:\/\/www.latoscane.net\/wp-content\/uploads\/2017\/03\/carte-interactive-toscane-50x50.jpg 50w, https:\/\/www.latoscane.net\/wp-content\/uploads\/2017\/03\/carte-interactive-toscane-65x65.jpg 65w\" sizes=\"(max-width: 150px) 100vw, 150px\" \/><\/a><div class=\"lcp_excerpt\">Mappa interattiva di Siena con i principali monumenti, siti turistici e luoghi secondari, chiese, palazzi, piazze o musei\nI siti principali sono indicati con un&#8217;immagine a colori vivaci, mentre i luoghi ...<\/div><\/li><li><a href=\"https:\/\/www.booking.com\/city\/it\/siena.it.html?aid=308562;do_availability_check=1\">Alberghi in Siena<\/a><a href=\"https:\/\/www.booking.com\/city\/it\/siena.it.html?aid=308562;do_availability_check=1\" title=\"Alberghi in Siena\"><img loading=\"lazy\" decoding=\"async\" width=\"150\" height=\"115\" src=\"https:\/\/www.latoscane.net\/wp-content\/uploads\/2017\/02\/hotels-en-toscane-150x115.jpg\" class=\"lcp_thumbnail wp-post-image\" alt=\"Alberghi in Siena\" \/><\/a><div class=\"lcp_excerpt\">Prenota ora un alloggio a Siena, tra hotel, camere, appartamenti e agriturismi. Centinaia di scelte con valutazioni dei clienti, cancellazioni possibili\n<\/div><\/li><li><a href=\"https:\/\/www.latoscane.net\/it\/palio-di-siena\/\">Palio di Siena<\/a><a href=\"https:\/\/www.latoscane.net\/it\/palio-di-siena\/\" title=\"Palio di Siena\"><img loading=\"lazy\" decoding=\"async\" width=\"150\" height=\"150\" src=\"https:\/\/www.latoscane.net\/wp-content\/uploads\/2017\/03\/palio-di-siena-150x150.gif\" class=\"lcp_thumbnail wp-post-image\" alt=\"Palio di Siena\" srcset=\"https:\/\/www.latoscane.net\/wp-content\/uploads\/2017\/03\/palio-di-siena-150x150.gif 150w, https:\/\/www.latoscane.net\/wp-content\/uploads\/2017\/03\/palio-di-siena-50x50.gif 50w, https:\/\/www.latoscane.net\/wp-content\/uploads\/2017\/03\/palio-di-siena-65x65.gif 65w\" sizes=\"(max-width: 150px) 100vw, 150px\" \/><\/a><div class=\"lcp_excerpt\">\nIl Palio di Siena \u00e8 una famosa corsa equestre che vede contrapposti i vari quartieri della citt\u00e0, chiamati contrade, le cui origini risalgono ai giochi del medioevo, che si tiene ...<\/div><\/li><li><a href=\"https:\/\/www.latoscane.net\/it\/meteo-in-siena\/\">Meteo in Siena<\/a><a href=\"https:\/\/www.latoscane.net\/it\/meteo-in-siena\/\" title=\"Meteo in Siena\"><img loading=\"lazy\" decoding=\"async\" width=\"150\" height=\"120\" src=\"https:\/\/www.latoscane.net\/wp-content\/uploads\/2017\/01\/icone-meteo-toscane2-150x120.jpg\" class=\"lcp_thumbnail wp-post-image\" alt=\"Meteo in Siena\" \/><\/a><div class=\"lcp_excerpt\">Il tempo attuale a Siena e le previsioni per i prossimi giorni, con la pluviometria, le temperature o la qualit\u00e0 dell&#8217;aria\nMeteo 5 giorni in Siena\n\n\n\nMeteo dettagliata in Siena\n\n\n\nNella stessa categoria\n<\/div><\/li><\/ul>","protected":false},"excerpt":{"rendered":"<p>Il Museo Civico di Siena fu allestito negli anni &#8217;30, al primo e secondo piano del Palazzo Pubblico. La sua visita, che chiede circa un&#8217;ora, \u00e8 altamente consigliata, come il museo da scoprire in via prioritaria a Siena.Conserva numerosi capolavori dell&#8217;arte senese, in particolare due notevoli sale della Sala del Globo e della Sala dei [&hellip;]<\/p>\n","protected":false},"author":1,"featured_media":4034,"comment_status":"open","ping_status":"open","sticky":false,"template":"","format":"standard","meta":{"_acf_changed":false,"footnotes":"","_links_to":"","_links_to_target":""},"categories":[126],"tags":[127],"acf":[],"yoast_head":"<!-- This site is optimized with the Yoast SEO plugin v22.8 - https:\/\/yoast.com\/wordpress\/plugins\/seo\/ -->\n<title>Museo Civico di Siena - Turismo<\/title>\n<meta name=\"description\" content=\"Il Museo Civico occupa il Palazzo Pubblico di Siena, conservando affreschi di grande interesse come l&#039;allegoria del buon e del cattivo governo\" \/>\n<meta name=\"robots\" content=\"index, follow, max-snippet:-1, max-image-preview:large, max-video-preview:-1\" \/>\n<link rel=\"canonical\" href=\"https:\/\/www.latoscane.net\/museo-civico\/\" \/>\n<meta property=\"og:locale\" content=\"it_IT\" \/>\n<meta property=\"og:type\" content=\"article\" \/>\n<meta property=\"og:title\" content=\"Museo Civico di Siena - Turismo\" \/>\n<meta property=\"og:description\" content=\"Il Museo Civico occupa il Palazzo Pubblico di Siena, conservando affreschi di grande interesse come l&#039;allegoria del buon e del cattivo governo\" \/>\n<meta property=\"og:url\" content=\"https:\/\/www.latoscane.net\/museo-civico\/\" \/>\n<meta property=\"og:site_name\" content=\"LaToscane.net\" \/>\n<meta property=\"article:published_time\" content=\"2023-02-25T11:36:11+00:00\" \/>\n<meta property=\"article:modified_time\" content=\"2025-09-09T08:36:40+00:00\" \/>\n<meta property=\"og:image\" content=\"https:\/\/www.latoscane.net\/wp-content\/uploads\/2017\/02\/allegorie-et-effets-du-bon-et-du-mauvais-gouvernement-salle-des-neuf-palazzo-pubblico-siena-8897.jpg\" \/>\n\t<meta property=\"og:image:width\" content=\"1200\" \/>\n\t<meta property=\"og:image:height\" content=\"770\" \/>\n\t<meta property=\"og:image:type\" content=\"image\/jpeg\" \/>\n<meta name=\"author\" content=\"Galgano\" \/>\n<meta name=\"twitter:card\" content=\"summary_large_image\" \/>\n<meta name=\"twitter:label1\" content=\"Scritto da\" \/>\n\t<meta name=\"twitter:data1\" content=\"Galgano\" \/>\n\t<meta name=\"twitter:label2\" content=\"Tempo di lettura stimato\" \/>\n\t<meta name=\"twitter:data2\" content=\"10 minuti\" \/>\n<script type=\"application\/ld+json\" class=\"yoast-schema-graph\">{\"@context\":\"https:\/\/schema.org\",\"@graph\":[{\"@type\":\"WebPage\",\"@id\":\"https:\/\/www.latoscane.net\/museo-civico\/\",\"url\":\"https:\/\/www.latoscane.net\/museo-civico\/\",\"name\":\"Museo Civico di Siena - Turismo\",\"isPartOf\":{\"@id\":\"https:\/\/www.latoscane.net\/#website\"},\"primaryImageOfPage\":{\"@id\":\"https:\/\/www.latoscane.net\/museo-civico\/#primaryimage\"},\"image\":{\"@id\":\"https:\/\/www.latoscane.net\/museo-civico\/#primaryimage\"},\"thumbnailUrl\":\"https:\/\/www.latoscane.net\/wp-content\/uploads\/2017\/02\/allegorie-et-effets-du-bon-et-du-mauvais-gouvernement-salle-des-neuf-palazzo-pubblico-siena-8897.jpg\",\"datePublished\":\"2023-02-25T11:36:11+00:00\",\"dateModified\":\"2025-09-09T08:36:40+00:00\",\"author\":{\"@id\":\"https:\/\/www.latoscane.net\/#\/schema\/person\/dae56e679cb6d9bdaf2b0b54b1320d42\"},\"description\":\"Il Museo Civico occupa il Palazzo Pubblico di Siena, conservando affreschi di grande interesse come l'allegoria del buon e del cattivo governo\",\"breadcrumb\":{\"@id\":\"https:\/\/www.latoscane.net\/museo-civico\/#breadcrumb\"},\"inLanguage\":\"it-IT\",\"potentialAction\":[{\"@type\":\"ReadAction\",\"target\":[\"https:\/\/www.latoscane.net\/museo-civico\/\"]}]},{\"@type\":\"ImageObject\",\"inLanguage\":\"it-IT\",\"@id\":\"https:\/\/www.latoscane.net\/museo-civico\/#primaryimage\",\"url\":\"https:\/\/www.latoscane.net\/wp-content\/uploads\/2017\/02\/allegorie-et-effets-du-bon-et-du-mauvais-gouvernement-salle-des-neuf-palazzo-pubblico-siena-8897.jpg\",\"contentUrl\":\"https:\/\/www.latoscane.net\/wp-content\/uploads\/2017\/02\/allegorie-et-effets-du-bon-et-du-mauvais-gouvernement-salle-des-neuf-palazzo-pubblico-siena-8897.jpg\",\"width\":1200,\"height\":770,\"caption\":\"Photo de l'All\u00e9gorie et effets du bon et du mauvais gouvernement, Salle des Neuf, Palazzo Pubblico de Sienne\"},{\"@type\":\"BreadcrumbList\",\"@id\":\"https:\/\/www.latoscane.net\/museo-civico\/#breadcrumb\",\"itemListElement\":[{\"@type\":\"ListItem\",\"position\":1,\"name\":\"Accueil\",\"item\":\"https:\/\/www.latoscane.net\/it\/\"},{\"@type\":\"ListItem\",\"position\":2,\"name\":\"Museo Civico di Siena\"}]},{\"@type\":\"WebSite\",\"@id\":\"https:\/\/www.latoscane.net\/#website\",\"url\":\"https:\/\/www.latoscane.net\/\",\"name\":\"LaToscane.net\",\"description\":\"Visita della regione Toscana\",\"potentialAction\":[{\"@type\":\"SearchAction\",\"target\":{\"@type\":\"EntryPoint\",\"urlTemplate\":\"https:\/\/www.latoscane.net\/?s={search_term_string}\"},\"query-input\":\"required name=search_term_string\"}],\"inLanguage\":\"it-IT\"},{\"@type\":\"Person\",\"@id\":\"https:\/\/www.latoscane.net\/#\/schema\/person\/dae56e679cb6d9bdaf2b0b54b1320d42\",\"name\":\"Galgano\",\"url\":\"https:\/\/www.latoscane.net\/it\/author\/will\/\"}]}<\/script>\n<!-- \/ Yoast SEO plugin. -->","yoast_head_json":{"title":"Museo Civico di Siena - Turismo","description":"Il Museo Civico occupa il Palazzo Pubblico di Siena, conservando affreschi di grande interesse come l'allegoria del buon e del cattivo governo","robots":{"index":"index","follow":"follow","max-snippet":"max-snippet:-1","max-image-preview":"max-image-preview:large","max-video-preview":"max-video-preview:-1"},"canonical":"https:\/\/www.latoscane.net\/museo-civico\/","og_locale":"it_IT","og_type":"article","og_title":"Museo Civico di Siena - Turismo","og_description":"Il Museo Civico occupa il Palazzo Pubblico di Siena, conservando affreschi di grande interesse come l'allegoria del buon e del cattivo governo","og_url":"https:\/\/www.latoscane.net\/museo-civico\/","og_site_name":"LaToscane.net","article_published_time":"2023-02-25T11:36:11+00:00","article_modified_time":"2025-09-09T08:36:40+00:00","og_image":[{"width":1200,"height":770,"url":"https:\/\/www.latoscane.net\/wp-content\/uploads\/2017\/02\/allegorie-et-effets-du-bon-et-du-mauvais-gouvernement-salle-des-neuf-palazzo-pubblico-siena-8897.jpg","type":"image\/jpeg"}],"author":"Galgano","twitter_card":"summary_large_image","twitter_misc":{"Scritto da":"Galgano","Tempo di lettura stimato":"10 minuti"},"schema":{"@context":"https:\/\/schema.org","@graph":[{"@type":"WebPage","@id":"https:\/\/www.latoscane.net\/museo-civico\/","url":"https:\/\/www.latoscane.net\/museo-civico\/","name":"Museo Civico di Siena - Turismo","isPartOf":{"@id":"https:\/\/www.latoscane.net\/#website"},"primaryImageOfPage":{"@id":"https:\/\/www.latoscane.net\/museo-civico\/#primaryimage"},"image":{"@id":"https:\/\/www.latoscane.net\/museo-civico\/#primaryimage"},"thumbnailUrl":"https:\/\/www.latoscane.net\/wp-content\/uploads\/2017\/02\/allegorie-et-effets-du-bon-et-du-mauvais-gouvernement-salle-des-neuf-palazzo-pubblico-siena-8897.jpg","datePublished":"2023-02-25T11:36:11+00:00","dateModified":"2025-09-09T08:36:40+00:00","author":{"@id":"https:\/\/www.latoscane.net\/#\/schema\/person\/dae56e679cb6d9bdaf2b0b54b1320d42"},"description":"Il Museo Civico occupa il Palazzo Pubblico di Siena, conservando affreschi di grande interesse come l'allegoria del buon e del cattivo governo","breadcrumb":{"@id":"https:\/\/www.latoscane.net\/museo-civico\/#breadcrumb"},"inLanguage":"it-IT","potentialAction":[{"@type":"ReadAction","target":["https:\/\/www.latoscane.net\/museo-civico\/"]}]},{"@type":"ImageObject","inLanguage":"it-IT","@id":"https:\/\/www.latoscane.net\/museo-civico\/#primaryimage","url":"https:\/\/www.latoscane.net\/wp-content\/uploads\/2017\/02\/allegorie-et-effets-du-bon-et-du-mauvais-gouvernement-salle-des-neuf-palazzo-pubblico-siena-8897.jpg","contentUrl":"https:\/\/www.latoscane.net\/wp-content\/uploads\/2017\/02\/allegorie-et-effets-du-bon-et-du-mauvais-gouvernement-salle-des-neuf-palazzo-pubblico-siena-8897.jpg","width":1200,"height":770,"caption":"Photo de l'All\u00e9gorie et effets du bon et du mauvais gouvernement, Salle des Neuf, Palazzo Pubblico de Sienne"},{"@type":"BreadcrumbList","@id":"https:\/\/www.latoscane.net\/museo-civico\/#breadcrumb","itemListElement":[{"@type":"ListItem","position":1,"name":"Accueil","item":"https:\/\/www.latoscane.net\/it\/"},{"@type":"ListItem","position":2,"name":"Museo Civico di Siena"}]},{"@type":"WebSite","@id":"https:\/\/www.latoscane.net\/#website","url":"https:\/\/www.latoscane.net\/","name":"LaToscane.net","description":"Visita della regione Toscana","potentialAction":[{"@type":"SearchAction","target":{"@type":"EntryPoint","urlTemplate":"https:\/\/www.latoscane.net\/?s={search_term_string}"},"query-input":"required name=search_term_string"}],"inLanguage":"it-IT"},{"@type":"Person","@id":"https:\/\/www.latoscane.net\/#\/schema\/person\/dae56e679cb6d9bdaf2b0b54b1320d42","name":"Galgano","url":"https:\/\/www.latoscane.net\/it\/author\/will\/"}]}},"_links":{"self":[{"href":"https:\/\/www.latoscane.net\/it\/wp-json\/wp\/v2\/posts\/2389"}],"collection":[{"href":"https:\/\/www.latoscane.net\/it\/wp-json\/wp\/v2\/posts"}],"about":[{"href":"https:\/\/www.latoscane.net\/it\/wp-json\/wp\/v2\/types\/post"}],"author":[{"embeddable":true,"href":"https:\/\/www.latoscane.net\/it\/wp-json\/wp\/v2\/users\/1"}],"replies":[{"embeddable":true,"href":"https:\/\/www.latoscane.net\/it\/wp-json\/wp\/v2\/comments?post=2389"}],"version-history":[{"count":4,"href":"https:\/\/www.latoscane.net\/it\/wp-json\/wp\/v2\/posts\/2389\/revisions"}],"predecessor-version":[{"id":13900,"href":"https:\/\/www.latoscane.net\/it\/wp-json\/wp\/v2\/posts\/2389\/revisions\/13900"}],"wp:featuredmedia":[{"embeddable":true,"href":"https:\/\/www.latoscane.net\/it\/wp-json\/wp\/v2\/media\/4034"}],"wp:attachment":[{"href":"https:\/\/www.latoscane.net\/it\/wp-json\/wp\/v2\/media?parent=2389"}],"wp:term":[{"taxonomy":"category","embeddable":true,"href":"https:\/\/www.latoscane.net\/it\/wp-json\/wp\/v2\/categories?post=2389"},{"taxonomy":"post_tag","embeddable":true,"href":"https:\/\/www.latoscane.net\/it\/wp-json\/wp\/v2\/tags?post=2389"}],"curies":[{"name":"wp","href":"https:\/\/api.w.org\/{rel}","templated":true}]}}