{"id":2390,"date":"2017-02-15T19:12:34","date_gmt":"2017-02-15T18:12:34","guid":{"rendered":"http:\/\/www.latoscane.net\/palio-de-sienne\/"},"modified":"2024-10-27T10:56:22","modified_gmt":"2024-10-27T09:56:22","slug":"palio-di-siena","status":"publish","type":"post","link":"https:\/\/www.latoscane.net\/it\/palio-di-siena\/","title":{"rendered":"Palio di Siena"},"content":{"rendered":"<p><img loading=\"lazy\" decoding=\"async\" class=\"alignright size-medium wp-image-282\" src=\"https:\/\/www.latoscane.net\/wp-content\/uploads\/2017\/03\/manifesto-palio-210x300.jpg\" alt=\"palio de sienne\" width=\"210\" height=\"300\" srcset=\"https:\/\/www.latoscane.net\/wp-content\/uploads\/2017\/03\/manifesto-palio-210x300.jpg 210w, https:\/\/www.latoscane.net\/wp-content\/uploads\/2017\/03\/manifesto-palio.jpg 330w\" sizes=\"(max-width: 210px) 100vw, 210px\" \/><\/p>\n<p>Il <strong>Palio di Siena<\/strong> \u00e8 una famosa corsa equestre che vede contrapposti i vari quartieri della citt\u00e0, chiamati contrade, le cui origini risalgono ai giochi del medioevo, che si tiene il 2 luglio e il 16 agosto.<br \/>\nIn passato, molti comuni italiani organizzavano gare di cavalli e alcuni hanno mantenuto la tradizione fino ai giorni nostri.<\/p>\n<h2>Panoramica storica<\/h2>\n<p>Dopo i vari giochi e combattimenti organizzati in Piazza del Campo, tra cui i combattimenti di pugilato, nel XVI secolo si tengono le <em>bufalate<\/em>, corse a dorso di buffloni. Poi, queste corse si facevano a dorso di asino prima di essere a cavallo.<br \/>\nIl primo palio di forma moderna ebbe luogo intorno al 1650 e si teneva solo il 2 luglio. Fu codificato nel XIX secolo.<\/p>\n<h2>Il Palio oggi<\/h2>\n<p>Ai nostri giorni la corsa si svolge nel centro di Siena, intorno a Piazza del Campo, due volte all&#8217;anno, il 2 luglio con col <strong>Palio di Provenzano<\/strong>, in onore della Madonna di Provenzano, ed il 16 agosto col <strong>Palio dell&#8217;Assunta<\/strong>, in onore della Vergine Maria.<br \/>\nOgni cavaliere rappresenta una delle diciassette contrade della citt\u00e0. La gara \u00e8 preceduta da una grande parata, alla quale partecipano spettatori provenienti da tutto il mondo.<br \/>\nLa contrada vincitrice \u00e8 quella il cui cavallo arriva per primo dopo tre giri di Campo, con o senza cavaliere. La corsa dura solo circa due minuti.<\/p>\n<h2>Le bandiere delle contrade<\/h2>\n\n\t\t<style type=\"text\/css\">\n\t\t\t#gallery-1 {\n\t\t\t\tmargin: auto;\n\t\t\t}\n\t\t\t#gallery-1 .gallery-item {\n\t\t\t\tfloat: left;\n\t\t\t\tmargin-top: 10px;\n\t\t\t\ttext-align: center;\n\t\t\t\twidth: 20%;\n\t\t\t}\n\t\t\t#gallery-1 img {\n\t\t\t\tborder: 2px solid #cfcfcf;\n\t\t\t}\n\t\t\t#gallery-1 .gallery-caption {\n\t\t\t\tmargin-left: 0;\n\t\t\t}\n\t\t\t\/* see gallery_shortcode() in wp-includes\/media.php *\/\n\t\t<\/style>\n\t\t<div id='gallery-1' class='gallery galleryid-2390 gallery-columns-5 gallery-size-thumbnail'><dl class='gallery-item'>\n\t\t\t<dt class='gallery-icon portrait'>\n\t\t\t\t<a href='https:\/\/www.latoscane.net\/wp-content\/uploads\/2017\/01\/contrada-girafa-centro-storico-siena-2399.jpg'><img loading=\"lazy\" decoding=\"async\" width=\"150\" height=\"150\" src=\"https:\/\/www.latoscane.net\/wp-content\/uploads\/2017\/01\/contrada-girafa-centro-storico-siena-2399-150x150.jpg\" class=\"attachment-thumbnail size-thumbnail\" alt=\"Foto della bandiera della Contrada Girafa a Siena\" aria-describedby=\"gallery-1-4689\" srcset=\"https:\/\/www.latoscane.net\/wp-content\/uploads\/2017\/01\/contrada-girafa-centro-storico-siena-2399-150x150.jpg 150w, https:\/\/www.latoscane.net\/wp-content\/uploads\/2017\/01\/contrada-girafa-centro-storico-siena-2399-50x50.jpg 50w, https:\/\/www.latoscane.net\/wp-content\/uploads\/2017\/01\/contrada-girafa-centro-storico-siena-2399-80x80.jpg 80w, https:\/\/www.latoscane.net\/wp-content\/uploads\/2017\/01\/contrada-girafa-centro-storico-siena-2399-75x75.jpg 75w\" sizes=\"(max-width: 150px) 100vw, 150px\" \/><\/a>\n\t\t\t<\/dt>\n\t\t\t\t<dd class='wp-caption-text gallery-caption' id='gallery-1-4689'>\n\t\t\t\tContrada della girafa\n\t\t\t\t<\/dd><\/dl><dl class='gallery-item'>\n\t\t\t<dt class='gallery-icon portrait'>\n\t\t\t\t<a href='https:\/\/www.latoscane.net\/wp-content\/uploads\/2017\/01\/bandiera-contrada-selva-centro-storico-siena-3112.jpg'><img loading=\"lazy\" decoding=\"async\" width=\"150\" height=\"150\" src=\"https:\/\/www.latoscane.net\/wp-content\/uploads\/2017\/01\/bandiera-contrada-selva-centro-storico-siena-3112-150x150.jpg\" class=\"attachment-thumbnail size-thumbnail\" alt=\"Foto della bandiera della Contrada Selva a Siena\" aria-describedby=\"gallery-1-4686\" srcset=\"https:\/\/www.latoscane.net\/wp-content\/uploads\/2017\/01\/bandiera-contrada-selva-centro-storico-siena-3112-150x150.jpg 150w, https:\/\/www.latoscane.net\/wp-content\/uploads\/2017\/01\/bandiera-contrada-selva-centro-storico-siena-3112-50x50.jpg 50w, https:\/\/www.latoscane.net\/wp-content\/uploads\/2017\/01\/bandiera-contrada-selva-centro-storico-siena-3112-80x80.jpg 80w, https:\/\/www.latoscane.net\/wp-content\/uploads\/2017\/01\/bandiera-contrada-selva-centro-storico-siena-3112-75x75.jpg 75w\" sizes=\"(max-width: 150px) 100vw, 150px\" \/><\/a>\n\t\t\t<\/dt>\n\t\t\t\t<dd class='wp-caption-text gallery-caption' id='gallery-1-4686'>\n\t\t\t\tContrada della Selva\n\t\t\t\t<\/dd><\/dl><dl class='gallery-item'>\n\t\t\t<dt class='gallery-icon portrait'>\n\t\t\t\t<a href='https:\/\/www.latoscane.net\/wp-content\/uploads\/2017\/03\/contrada-dell-oca-siena-3115.jpg'><img loading=\"lazy\" decoding=\"async\" width=\"150\" height=\"150\" src=\"https:\/\/www.latoscane.net\/wp-content\/uploads\/2017\/03\/contrada-dell-oca-siena-3115-150x150.jpg\" class=\"attachment-thumbnail size-thumbnail\" alt=\"contrada dell oca, bandiera\" aria-describedby=\"gallery-1-994\" srcset=\"https:\/\/www.latoscane.net\/wp-content\/uploads\/2017\/03\/contrada-dell-oca-siena-3115-150x150.jpg 150w, https:\/\/www.latoscane.net\/wp-content\/uploads\/2017\/03\/contrada-dell-oca-siena-3115-50x50.jpg 50w, https:\/\/www.latoscane.net\/wp-content\/uploads\/2017\/03\/contrada-dell-oca-siena-3115-65x65.jpg 65w\" sizes=\"(max-width: 150px) 100vw, 150px\" \/><\/a>\n\t\t\t<\/dt>\n\t\t\t\t<dd class='wp-caption-text gallery-caption' id='gallery-1-994'>\n\t\t\t\tcontrada dell oca\n\t\t\t\t<\/dd><\/dl><dl class='gallery-item'>\n\t\t\t<dt class='gallery-icon portrait'>\n\t\t\t\t<a href='https:\/\/www.latoscane.net\/wp-content\/uploads\/2017\/03\/contrada-dell-aquila-siena-3111.jpg'><img loading=\"lazy\" decoding=\"async\" width=\"150\" height=\"150\" src=\"https:\/\/www.latoscane.net\/wp-content\/uploads\/2017\/03\/contrada-dell-aquila-siena-3111-150x150.jpg\" class=\"attachment-thumbnail size-thumbnail\" alt=\"contrada dell aquila, bandiera\" aria-describedby=\"gallery-1-992\" srcset=\"https:\/\/www.latoscane.net\/wp-content\/uploads\/2017\/03\/contrada-dell-aquila-siena-3111-150x150.jpg 150w, https:\/\/www.latoscane.net\/wp-content\/uploads\/2017\/03\/contrada-dell-aquila-siena-3111-50x50.jpg 50w, https:\/\/www.latoscane.net\/wp-content\/uploads\/2017\/03\/contrada-dell-aquila-siena-3111-65x65.jpg 65w\" sizes=\"(max-width: 150px) 100vw, 150px\" \/><\/a>\n\t\t\t<\/dt>\n\t\t\t\t<dd class='wp-caption-text gallery-caption' id='gallery-1-992'>\n\t\t\t\tcontrada dell aquila\n\t\t\t\t<\/dd><\/dl><dl class='gallery-item'>\n\t\t\t<dt class='gallery-icon portrait'>\n\t\t\t\t<a href='https:\/\/www.latoscane.net\/wp-content\/uploads\/2017\/03\/contrada-del-drago-siena-3116.jpg'><img loading=\"lazy\" decoding=\"async\" width=\"150\" height=\"150\" src=\"https:\/\/www.latoscane.net\/wp-content\/uploads\/2017\/03\/contrada-del-drago-siena-3116-150x150.jpg\" class=\"attachment-thumbnail size-thumbnail\" alt=\"contrada del drago, bndiera\" aria-describedby=\"gallery-1-990\" srcset=\"https:\/\/www.latoscane.net\/wp-content\/uploads\/2017\/03\/contrada-del-drago-siena-3116-150x150.jpg 150w, https:\/\/www.latoscane.net\/wp-content\/uploads\/2017\/03\/contrada-del-drago-siena-3116-50x50.jpg 50w, https:\/\/www.latoscane.net\/wp-content\/uploads\/2017\/03\/contrada-del-drago-siena-3116-65x65.jpg 65w\" sizes=\"(max-width: 150px) 100vw, 150px\" \/><\/a>\n\t\t\t<\/dt>\n\t\t\t\t<dd class='wp-caption-text gallery-caption' id='gallery-1-990'>\n\t\t\t\tcontrada del drago\n\t\t\t\t<\/dd><\/dl><br style=\"clear: both\" \/>\n\t\t<\/div>\n\n<h2>Fonti e collegamenti<\/h2>\n<ul>\n<li>Sito del comune : <a href=\"https:\/\/palio.comune.siena.it\/node\/45\" target=\"_blank\" rel=\"noopener\">palio.comune.siena.it<\/a><\/li>\n<li>Informazioni ed altri : <a href=\"https:\/\/www.ilpalio.org\/\" target=\"_blank\" rel=\"noopener\">www.ilpalio.org<\/a>, <a href=\"https:\/\/it.wikipedia.org\/wiki\/Palio_di_Siena\" target=\"_blank\" rel=\"noopener\">it.wikipedia.org<\/a><\/li>\n<\/ul>\n<h2>Articoli su Siena<\/h2>\n<ul class=\"lcp_catlist2\" id=\"lcp_instance_0\"><li><a href=\"https:\/\/www.latoscane.net\/it\/siena\/\">Siena<\/a><a href=\"https:\/\/www.latoscane.net\/it\/siena\/\" title=\"Siena\"><img loading=\"lazy\" decoding=\"async\" width=\"150\" height=\"150\" src=\"https:\/\/www.latoscane.net\/wp-content\/uploads\/2017\/03\/torre-dell-mangia-panorama-sienne-3062-150x150.jpg\" class=\"lcp_thumbnail wp-post-image\" alt=\"Siena\" srcset=\"https:\/\/www.latoscane.net\/wp-content\/uploads\/2017\/03\/torre-dell-mangia-panorama-sienne-3062-150x150.jpg 150w, https:\/\/www.latoscane.net\/wp-content\/uploads\/2017\/03\/torre-dell-mangia-panorama-sienne-3062-50x50.jpg 50w, https:\/\/www.latoscane.net\/wp-content\/uploads\/2017\/03\/torre-dell-mangia-panorama-sienne-3062-80x80.jpg 80w, https:\/\/www.latoscane.net\/wp-content\/uploads\/2017\/03\/torre-dell-mangia-panorama-sienne-3062-75x75.jpg 75w\" sizes=\"(max-width: 150px) 100vw, 150px\" \/><\/a><div class=\"lcp_excerpt\">\nSiena \u00e8 con Firenze una delle destinazioni pi\u00f9 attraenti della regione. Citt\u00e0 del famoso palio, una corsa equestre, \u00e8 un&#8217;unica cittadina medievale situata nel cuore delle terre toscane, tra le ...<\/div><\/li><li><a href=\"https:\/\/www.latoscane.net\/it\/da-vedere-a-siena\/\">Cosa vedere a Siena<\/a><a href=\"https:\/\/www.latoscane.net\/it\/da-vedere-a-siena\/\" title=\"Cosa vedere a Siena\"><img loading=\"lazy\" decoding=\"async\" width=\"150\" height=\"150\" src=\"https:\/\/www.latoscane.net\/wp-content\/uploads\/2024\/07\/corte-palazzo-chigi-saracini-siena-8812-150x150.jpg\" class=\"lcp_thumbnail wp-post-image\" alt=\"Cosa vedere a Siena\" srcset=\"https:\/\/www.latoscane.net\/wp-content\/uploads\/2024\/07\/corte-palazzo-chigi-saracini-siena-8812-150x150.jpg 150w, https:\/\/www.latoscane.net\/wp-content\/uploads\/2024\/07\/corte-palazzo-chigi-saracini-siena-8812-50x50.jpg 50w, https:\/\/www.latoscane.net\/wp-content\/uploads\/2024\/07\/corte-palazzo-chigi-saracini-siena-8812-80x80.jpg 80w, https:\/\/www.latoscane.net\/wp-content\/uploads\/2024\/07\/corte-palazzo-chigi-saracini-siena-8812-75x75.jpg 75w\" sizes=\"(max-width: 150px) 100vw, 150px\" \/><\/a><div class=\"lcp_excerpt\">Siena merita pi\u00f9 giorni per prendere la misura del suo fascino. Tuttavia, non \u00e8 una citt\u00e0 molto grande e due giorni possono essere sufficienti per portare con s\u00e9 dei bei ...<\/div><\/li><li><a href=\"https:\/\/www.latoscane.net\/it\/piazza-del-campo-di-siena\/\">Piazza del Campo di Siena<\/a><a href=\"https:\/\/www.latoscane.net\/it\/piazza-del-campo-di-siena\/\" title=\"Piazza del Campo di Siena\"><img loading=\"lazy\" decoding=\"async\" width=\"150\" height=\"150\" src=\"https:\/\/www.latoscane.net\/wp-content\/uploads\/2017\/02\/piazza-del-campo-palazzo-pubblico-siena-2486-150x150.jpg\" class=\"lcp_thumbnail wp-post-image\" alt=\"Piazza del Campo di Siena\" srcset=\"https:\/\/www.latoscane.net\/wp-content\/uploads\/2017\/02\/piazza-del-campo-palazzo-pubblico-siena-2486-150x150.jpg 150w, https:\/\/www.latoscane.net\/wp-content\/uploads\/2017\/02\/piazza-del-campo-palazzo-pubblico-siena-2486-50x50.jpg 50w, https:\/\/www.latoscane.net\/wp-content\/uploads\/2017\/02\/piazza-del-campo-palazzo-pubblico-siena-2486-80x80.jpg 80w, https:\/\/www.latoscane.net\/wp-content\/uploads\/2017\/02\/piazza-del-campo-palazzo-pubblico-siena-2486-75x75.jpg 75w\" sizes=\"(max-width: 150px) 100vw, 150px\" \/><\/a><div class=\"lcp_excerpt\">\nLa Piazza del Campo \u00e8 senza dubbio una delle piazze pi\u00f9 belle ed eleganti del mondo, costruita tra il 1293 e il 1349. \u00c8 il cuore della citt\u00e0 di Siena, ...<\/div><\/li><li><a href=\"https:\/\/www.latoscane.net\/it\/duomo-di-siena\/\">Duomo di Siena<\/a><a href=\"https:\/\/www.latoscane.net\/it\/duomo-di-siena\/\" title=\"Duomo di Siena\"><img loading=\"lazy\" decoding=\"async\" width=\"150\" height=\"150\" src=\"https:\/\/www.latoscane.net\/wp-content\/uploads\/2017\/02\/foto-duomo-di-siena-3098-150x150.jpg\" class=\"lcp_thumbnail wp-post-image\" alt=\"Duomo di Siena\" srcset=\"https:\/\/www.latoscane.net\/wp-content\/uploads\/2017\/02\/foto-duomo-di-siena-3098-150x150.jpg 150w, https:\/\/www.latoscane.net\/wp-content\/uploads\/2017\/02\/foto-duomo-di-siena-3098-50x50.jpg 50w, https:\/\/www.latoscane.net\/wp-content\/uploads\/2017\/02\/foto-duomo-di-siena-3098-80x80.jpg 80w, https:\/\/www.latoscane.net\/wp-content\/uploads\/2017\/02\/foto-duomo-di-siena-3098-75x75.jpg 75w\" sizes=\"(max-width: 150px) 100vw, 150px\" \/><\/a><div class=\"lcp_excerpt\">\nRisaltando subito per le sue pietre e marmo bianchi e neri, la Cattedrale di Santa Maria Assunta di Siena \u00e8 sicuramente una delle pi\u00f9 sorprendenti e belle chiese d&#8217;Italia.Fu costruita ...<\/div><\/li><li><a href=\"https:\/\/www.latoscane.net\/it\/palazzo-pubblico-di-siena\/\">Palazzo Pubblico di Siena<\/a><a href=\"https:\/\/www.latoscane.net\/it\/palazzo-pubblico-di-siena\/\" title=\"Palazzo Pubblico di Siena\"><img loading=\"lazy\" decoding=\"async\" width=\"150\" height=\"150\" src=\"https:\/\/www.latoscane.net\/wp-content\/uploads\/2017\/03\/siena-cortile-del-podesta-palazzo-pubblico-8865-150x150.jpg\" class=\"lcp_thumbnail wp-post-image\" alt=\"Palazzo Pubblico di Siena\" srcset=\"https:\/\/www.latoscane.net\/wp-content\/uploads\/2017\/03\/siena-cortile-del-podesta-palazzo-pubblico-8865-150x150.jpg 150w, https:\/\/www.latoscane.net\/wp-content\/uploads\/2017\/03\/siena-cortile-del-podesta-palazzo-pubblico-8865-50x50.jpg 50w, https:\/\/www.latoscane.net\/wp-content\/uploads\/2017\/03\/siena-cortile-del-podesta-palazzo-pubblico-8865-65x65.jpg 65w\" sizes=\"(max-width: 150px) 100vw, 150px\" \/><\/a><div class=\"lcp_excerpt\">\nL&#8217;edificio pi\u00f9 imponente in Piazza del Campo \u00e8 il Palazzo Pubblico con la torre molto grande adiacente alla Torre della Mangia. Chiamato anche Palazzo Comunale, fu costruito tra il 1297 ...<\/div><\/li><li><a href=\"https:\/\/www.latoscane.net\/it\/museo-civico-di-siena\/\">Museo Civico di Siena<\/a><a href=\"https:\/\/www.latoscane.net\/it\/museo-civico-di-siena\/\" title=\"Museo Civico di Siena\"><img loading=\"lazy\" decoding=\"async\" width=\"150\" height=\"150\" src=\"https:\/\/www.latoscane.net\/wp-content\/uploads\/2017\/02\/allegorie-et-effets-du-bon-et-du-mauvais-gouvernement-salle-des-neuf-palazzo-pubblico-siena-8897-150x150.jpg\" class=\"lcp_thumbnail wp-post-image\" alt=\"Museo Civico di Siena\" srcset=\"https:\/\/www.latoscane.net\/wp-content\/uploads\/2017\/02\/allegorie-et-effets-du-bon-et-du-mauvais-gouvernement-salle-des-neuf-palazzo-pubblico-siena-8897-150x150.jpg 150w, https:\/\/www.latoscane.net\/wp-content\/uploads\/2017\/02\/allegorie-et-effets-du-bon-et-du-mauvais-gouvernement-salle-des-neuf-palazzo-pubblico-siena-8897-50x50.jpg 50w, https:\/\/www.latoscane.net\/wp-content\/uploads\/2017\/02\/allegorie-et-effets-du-bon-et-du-mauvais-gouvernement-salle-des-neuf-palazzo-pubblico-siena-8897-80x80.jpg 80w, https:\/\/www.latoscane.net\/wp-content\/uploads\/2017\/02\/allegorie-et-effets-du-bon-et-du-mauvais-gouvernement-salle-des-neuf-palazzo-pubblico-siena-8897-75x75.jpg 75w\" sizes=\"(max-width: 150px) 100vw, 150px\" \/><\/a><div class=\"lcp_excerpt\">\nIl Museo Civico di Siena fu allestito negli anni &#8217;30, al primo e secondo piano del Palazzo Pubblico. La sua visita, che chiede circa un&#8217;ora, \u00e8 altamente consigliata, come il ...<\/div><\/li><li><a href=\"https:\/\/www.latoscane.net\/it\/santa-maria-della-scala-di-siena\/\">Santa Maria della Scala di Siena<\/a><a href=\"https:\/\/www.latoscane.net\/it\/santa-maria-della-scala-di-siena\/\" title=\"Santa Maria della Scala di Siena\"><img loading=\"lazy\" decoding=\"async\" width=\"150\" height=\"150\" src=\"https:\/\/www.latoscane.net\/wp-content\/uploads\/2017\/03\/pellegrinaio-santa-maria-della-scala-siena-2300-150x150.jpg\" class=\"lcp_thumbnail wp-post-image\" alt=\"Santa Maria della Scala di Siena\" srcset=\"https:\/\/www.latoscane.net\/wp-content\/uploads\/2017\/03\/pellegrinaio-santa-maria-della-scala-siena-2300-150x150.jpg 150w, https:\/\/www.latoscane.net\/wp-content\/uploads\/2017\/03\/pellegrinaio-santa-maria-della-scala-siena-2300-50x50.jpg 50w, https:\/\/www.latoscane.net\/wp-content\/uploads\/2017\/03\/pellegrinaio-santa-maria-della-scala-siena-2300-80x80.jpg 80w, https:\/\/www.latoscane.net\/wp-content\/uploads\/2017\/03\/pellegrinaio-santa-maria-della-scala-siena-2300-75x75.jpg 75w\" sizes=\"(max-width: 150px) 100vw, 150px\" \/><\/a><div class=\"lcp_excerpt\">\nL&#8217;antico ospedale per pellegrini, Santa Maria della Scala, ospita un vasto e ricco complesso museale di Siena che si estende su 19.000 mq. \u00c8 una tappa essenziale per scoprire appieno ...<\/div><\/li><li><a href=\"https:\/\/www.latoscane.net\/it\/santuario-di-santa-caterina-di-siena\/\">Santuario di Santa Caterina di Siena<\/a><a href=\"https:\/\/www.latoscane.net\/it\/santuario-di-santa-caterina-di-siena\/\" title=\"Santuario di Santa Caterina di Siena\"><img loading=\"lazy\" decoding=\"async\" width=\"150\" height=\"150\" src=\"https:\/\/www.latoscane.net\/wp-content\/uploads\/2024\/07\/loggia-santuario-casa-di-santa-caterina-siena-3026-150x150.jpg\" class=\"lcp_thumbnail wp-post-image\" alt=\"Santuario di Santa Caterina di Siena\" srcset=\"https:\/\/www.latoscane.net\/wp-content\/uploads\/2024\/07\/loggia-santuario-casa-di-santa-caterina-siena-3026-150x150.jpg 150w, https:\/\/www.latoscane.net\/wp-content\/uploads\/2024\/07\/loggia-santuario-casa-di-santa-caterina-siena-3026-50x50.jpg 50w, https:\/\/www.latoscane.net\/wp-content\/uploads\/2024\/07\/loggia-santuario-casa-di-santa-caterina-siena-3026-80x80.jpg 80w, https:\/\/www.latoscane.net\/wp-content\/uploads\/2024\/07\/loggia-santuario-casa-di-santa-caterina-siena-3026-75x75.jpg 75w\" sizes=\"(max-width: 150px) 100vw, 150px\" \/><\/a><div class=\"lcp_excerpt\">\nIl Santuario-Casa di Santa Caterina \u00e8 situato sulla Collina di Sant&#8217;Antonio a Siena, composto dalla vecchia casa dei Benincasa, la famiglia di Caterina e la sua casa natale, con vari ...<\/div><\/li><li><a href=\"https:\/\/www.latoscane.net\/it\/basilica-di-san-domenico-di-siena\/\">Basilica di San Domenico di Siena<\/a><a href=\"https:\/\/www.latoscane.net\/it\/basilica-di-san-domenico-di-siena\/\" title=\"Basilica di San Domenico di Siena\"><img loading=\"lazy\" decoding=\"async\" width=\"150\" height=\"150\" src=\"https:\/\/www.latoscane.net\/wp-content\/uploads\/2024\/07\/basilique-saint-dominique-sienne-2251-150x150.jpg\" class=\"lcp_thumbnail wp-post-image\" alt=\"Basilica di San Domenico di Siena\" srcset=\"https:\/\/www.latoscane.net\/wp-content\/uploads\/2024\/07\/basilique-saint-dominique-sienne-2251-150x150.jpg 150w, https:\/\/www.latoscane.net\/wp-content\/uploads\/2024\/07\/basilique-saint-dominique-sienne-2251-50x50.jpg 50w, https:\/\/www.latoscane.net\/wp-content\/uploads\/2024\/07\/basilique-saint-dominique-sienne-2251-80x80.jpg 80w, https:\/\/www.latoscane.net\/wp-content\/uploads\/2024\/07\/basilique-saint-dominique-sienne-2251-75x75.jpg 75w\" sizes=\"(max-width: 150px) 100vw, 150px\" \/><\/a><div class=\"lcp_excerpt\">\nLa Basilica di San Domenico di Siena \u00e8 una delle pi\u00f9 importanti chiese della citt\u00e0, con la sua imponente architettura gotica e le sue opere rinascimentali. \u00c8 dedicata a Domenico ...<\/div><\/li><li><a href=\"https:\/\/www.latoscane.net\/it\/palazzi-di-siena\/\">Palazzi di Siena<\/a><a href=\"https:\/\/www.latoscane.net\/it\/palazzi-di-siena\/\" title=\"Palazzi di Siena\"><img loading=\"lazy\" decoding=\"async\" width=\"150\" height=\"150\" src=\"https:\/\/www.latoscane.net\/wp-content\/uploads\/2024\/07\/palazzo-chigi-saracini-siena-8815-150x150.jpg\" class=\"lcp_thumbnail wp-post-image\" alt=\"Palazzi di Siena\" srcset=\"https:\/\/www.latoscane.net\/wp-content\/uploads\/2024\/07\/palazzo-chigi-saracini-siena-8815-150x150.jpg 150w, https:\/\/www.latoscane.net\/wp-content\/uploads\/2024\/07\/palazzo-chigi-saracini-siena-8815-50x50.jpg 50w, https:\/\/www.latoscane.net\/wp-content\/uploads\/2024\/07\/palazzo-chigi-saracini-siena-8815-80x80.jpg 80w, https:\/\/www.latoscane.net\/wp-content\/uploads\/2024\/07\/palazzo-chigi-saracini-siena-8815-75x75.jpg 75w\" sizes=\"(max-width: 150px) 100vw, 150px\" \/><\/a><div class=\"lcp_excerpt\">\nLe strade di Siena incantano con i loro splendidi palazzi, per la maggior parte del medioevo, alcuni risalenti al Rinascimento. Non mancano di eleganza con la loro sobriet\u00e0, senza fasti ...<\/div><\/li><li><a href=\"https:\/\/www.latoscane.net\/it\/fontane-e-bottini-di-siena\/\">Fontane e bottini di Siena<\/a><a href=\"https:\/\/www.latoscane.net\/it\/fontane-e-bottini-di-siena\/\" title=\"Fontane e bottini di Siena\"><img loading=\"lazy\" decoding=\"async\" width=\"150\" height=\"150\" src=\"https:\/\/www.latoscane.net\/wp-content\/uploads\/2024\/07\/fontebranda-siena-2559-150x150.jpg\" class=\"lcp_thumbnail wp-post-image\" alt=\"Fontane e bottini di Siena\" srcset=\"https:\/\/www.latoscane.net\/wp-content\/uploads\/2024\/07\/fontebranda-siena-2559-150x150.jpg 150w, https:\/\/www.latoscane.net\/wp-content\/uploads\/2024\/07\/fontebranda-siena-2559-50x50.jpg 50w, https:\/\/www.latoscane.net\/wp-content\/uploads\/2024\/07\/fontebranda-siena-2559-80x80.jpg 80w, https:\/\/www.latoscane.net\/wp-content\/uploads\/2024\/07\/fontebranda-siena-2559-75x75.jpg 75w\" sizes=\"(max-width: 150px) 100vw, 150px\" \/><\/a><div class=\"lcp_excerpt\">\nA Siena si trovano un certo numero di fontane, alimentate dai bottini, le gallerie di un acquedotto medievale sotterraneo costruito a partire dal XII secolo. Queste gallerie hanno un totale ...<\/div><\/li><li><a href=\"https:\/\/www.latoscane.net\/it\/porte-ed-altri-luoghi-di-siena\/\">Porte ed altri luoghi di Siena<\/a><a href=\"https:\/\/www.latoscane.net\/it\/porte-ed-altri-luoghi-di-siena\/\" title=\"Porte ed altri luoghi di Siena\"><img loading=\"lazy\" decoding=\"async\" width=\"150\" height=\"150\" src=\"https:\/\/www.latoscane.net\/wp-content\/uploads\/2017\/01\/porta-tufi-siena-2576-150x150.jpg\" class=\"lcp_thumbnail wp-post-image\" alt=\"Porte ed altri luoghi di Siena\" srcset=\"https:\/\/www.latoscane.net\/wp-content\/uploads\/2017\/01\/porta-tufi-siena-2576-150x150.jpg 150w, https:\/\/www.latoscane.net\/wp-content\/uploads\/2017\/01\/porta-tufi-siena-2576-50x50.jpg 50w, https:\/\/www.latoscane.net\/wp-content\/uploads\/2017\/01\/porta-tufi-siena-2576-80x80.jpg 80w, https:\/\/www.latoscane.net\/wp-content\/uploads\/2017\/01\/porta-tufi-siena-2576-75x75.jpg 75w\" sizes=\"(max-width: 150px) 100vw, 150px\" \/><\/a><div class=\"lcp_excerpt\">\nQuesta pagina \u00e8 dedicata ad altri luoghi interessanti di Siena, tra cui le sue mura e porte, logge, la Fortezza Medicea, alcune piazze e vie del centro.\nMura e porte di ...<\/div><\/li><li><a href=\"https:\/\/www.latoscane.net\/it\/altre-chiese-di-siena\/\">Altre chiese di Siena<\/a><a href=\"https:\/\/www.latoscane.net\/it\/altre-chiese-di-siena\/\" title=\"Altre chiese di Siena\"><img loading=\"lazy\" decoding=\"async\" width=\"150\" height=\"150\" src=\"https:\/\/www.latoscane.net\/wp-content\/uploads\/2024\/07\/basilica-di-san-francesco-siena-2412-150x150.jpg\" class=\"lcp_thumbnail wp-post-image\" alt=\"Altre chiese di Siena\" srcset=\"https:\/\/www.latoscane.net\/wp-content\/uploads\/2024\/07\/basilica-di-san-francesco-siena-2412-150x150.jpg 150w, https:\/\/www.latoscane.net\/wp-content\/uploads\/2024\/07\/basilica-di-san-francesco-siena-2412-50x50.jpg 50w, https:\/\/www.latoscane.net\/wp-content\/uploads\/2024\/07\/basilica-di-san-francesco-siena-2412-80x80.jpg 80w, https:\/\/www.latoscane.net\/wp-content\/uploads\/2024\/07\/basilica-di-san-francesco-siena-2412-75x75.jpg 75w\" sizes=\"(max-width: 150px) 100vw, 150px\" \/><\/a><div class=\"lcp_excerpt\">\nBasilica di San Francesco di Siena\nLa Basilica di San Francesco di Siena \u00e8 una delle pi\u00f9 importanti chiese di Siena, situata nella piazza omonima.Tra il 1228 e il 1255, su ...<\/div><\/li><li><a href=\"https:\/\/www.latoscane.net\/it\/biglietti-e-tour-in-siena\/\">Biglietti e tour in Siena<\/a><a href=\"https:\/\/www.latoscane.net\/it\/biglietti-e-tour-in-siena\/\" title=\"Biglietti e tour in Siena\"><img loading=\"lazy\" decoding=\"async\" width=\"150\" height=\"150\" src=\"https:\/\/www.latoscane.net\/wp-content\/uploads\/2017\/03\/visites-guidees-tickets-sienne-150x150.jpg\" class=\"lcp_thumbnail wp-post-image\" alt=\"Biglietti e tour in Siena\" srcset=\"https:\/\/www.latoscane.net\/wp-content\/uploads\/2017\/03\/visites-guidees-tickets-sienne-150x150.jpg 150w, https:\/\/www.latoscane.net\/wp-content\/uploads\/2017\/03\/visites-guidees-tickets-sienne-50x50.jpg 50w, https:\/\/www.latoscane.net\/wp-content\/uploads\/2017\/03\/visites-guidees-tickets-sienne-65x65.jpg 65w\" sizes=\"(max-width: 150px) 100vw, 150px\" \/><\/a><div class=\"lcp_excerpt\">Biglietti e proposte di visite guidate a Siena, biglietti d&#8217;ingresso, percorsi della citt\u00e0, con il complesso del Duomo, Piazza del Campo, escursioni nei dintorni, attivit\u00e0, ecc\n\n\n\nNella stessa categoria\n&nbsp;\n<\/div><\/li><li><a href=\"https:\/\/www.latoscane.net\/it\/mappa-di-siena\/\">Mappa di Siena<\/a><a href=\"https:\/\/www.latoscane.net\/it\/mappa-di-siena\/\" title=\"Mappa di Siena\"><img loading=\"lazy\" decoding=\"async\" width=\"150\" height=\"150\" src=\"https:\/\/www.latoscane.net\/wp-content\/uploads\/2017\/03\/carte-interactive-toscane-150x150.jpg\" class=\"lcp_thumbnail wp-post-image\" alt=\"Mappa di Siena\" srcset=\"https:\/\/www.latoscane.net\/wp-content\/uploads\/2017\/03\/carte-interactive-toscane-150x150.jpg 150w, https:\/\/www.latoscane.net\/wp-content\/uploads\/2017\/03\/carte-interactive-toscane-50x50.jpg 50w, https:\/\/www.latoscane.net\/wp-content\/uploads\/2017\/03\/carte-interactive-toscane-65x65.jpg 65w\" sizes=\"(max-width: 150px) 100vw, 150px\" \/><\/a><div class=\"lcp_excerpt\">Mappa interattiva di Siena con i principali monumenti, siti turistici e luoghi secondari, chiese, palazzi, piazze o musei\nI siti principali sono indicati con un&#8217;immagine a colori vivaci, mentre i luoghi ...<\/div><\/li><li><a href=\"https:\/\/www.booking.com\/city\/it\/siena.it.html?aid=308562;do_availability_check=1\">Alberghi in Siena<\/a><a href=\"https:\/\/www.booking.com\/city\/it\/siena.it.html?aid=308562;do_availability_check=1\" title=\"Alberghi in Siena\"><img loading=\"lazy\" decoding=\"async\" width=\"150\" height=\"115\" src=\"https:\/\/www.latoscane.net\/wp-content\/uploads\/2017\/02\/hotels-en-toscane-150x115.jpg\" class=\"lcp_thumbnail wp-post-image\" alt=\"Alberghi in Siena\" \/><\/a><div class=\"lcp_excerpt\">Prenota ora un alloggio a Siena, tra hotel, camere, appartamenti e agriturismi. Centinaia di scelte con valutazioni dei clienti, cancellazioni possibili\n<\/div><\/li><li class=\"current\"><a href=\"https:\/\/www.latoscane.net\/it\/palio-di-siena\/\">Palio di Siena<\/a><a href=\"https:\/\/www.latoscane.net\/it\/palio-di-siena\/\" title=\"Palio di Siena\"><img loading=\"lazy\" decoding=\"async\" width=\"150\" height=\"150\" src=\"https:\/\/www.latoscane.net\/wp-content\/uploads\/2017\/03\/palio-di-siena-150x150.gif\" class=\"lcp_thumbnail wp-post-image\" alt=\"Palio di Siena\" srcset=\"https:\/\/www.latoscane.net\/wp-content\/uploads\/2017\/03\/palio-di-siena-150x150.gif 150w, https:\/\/www.latoscane.net\/wp-content\/uploads\/2017\/03\/palio-di-siena-50x50.gif 50w, https:\/\/www.latoscane.net\/wp-content\/uploads\/2017\/03\/palio-di-siena-65x65.gif 65w\" sizes=\"(max-width: 150px) 100vw, 150px\" \/><\/a><div class=\"lcp_excerpt\">\nIl Palio di Siena \u00e8 una famosa corsa equestre che vede contrapposti i vari quartieri della citt\u00e0, chiamati contrade, le cui origini risalgono ai giochi del medioevo, che si tiene ...<\/div><\/li><li><a href=\"https:\/\/www.latoscane.net\/it\/meteo-in-siena\/\">Meteo in Siena<\/a><a href=\"https:\/\/www.latoscane.net\/it\/meteo-in-siena\/\" title=\"Meteo in Siena\"><img loading=\"lazy\" decoding=\"async\" width=\"150\" height=\"120\" src=\"https:\/\/www.latoscane.net\/wp-content\/uploads\/2017\/01\/icone-meteo-toscane2-150x120.jpg\" class=\"lcp_thumbnail wp-post-image\" alt=\"Meteo in Siena\" \/><\/a><div class=\"lcp_excerpt\">Il tempo attuale a Siena e le previsioni per i prossimi giorni, con la pluviometria, le temperature o la qualit\u00e0 dell&#8217;aria\nMeteo 5 giorni in Siena\n\n\n\nMeteo dettagliata in Siena\n\n\n\nNella stessa categoria\n<\/div><\/li><\/ul>\n","protected":false},"excerpt":{"rendered":"<p>Il Palio di Siena \u00e8 una famosa corsa equestre che vede contrapposti i vari quartieri della citt\u00e0, chiamati contrade, le cui origini risalgono ai giochi del medioevo, che si tiene il 2 luglio e il 16 agosto. In passato, molti comuni italiani organizzavano gare di cavalli e alcuni hanno mantenuto la tradizione fino ai giorni [&hellip;]<\/p>\n","protected":false},"author":1,"featured_media":986,"comment_status":"open","ping_status":"open","sticky":false,"template":"","format":"standard","meta":{"_acf_changed":false,"footnotes":"","_links_to":"","_links_to_target":""},"categories":[126],"tags":[],"acf":[],"yoast_head":"<!-- This site is optimized with the Yoast SEO plugin v22.8 - https:\/\/yoast.com\/wordpress\/plugins\/seo\/ -->\n<title>Palio di Siena - Turismo<\/title>\n<meta name=\"description\" content=\"Il Palio di Siena \u00e8 una corsa di cavalli che si svolge due volte l&#039;anno, il 2 luglio e il 16 agosto. Per assistervi \u00e8 opportuno ...\" \/>\n<meta name=\"robots\" content=\"index, follow, max-snippet:-1, max-image-preview:large, max-video-preview:-1\" \/>\n<link rel=\"canonical\" href=\"https:\/\/www.latoscane.net\/it\/palio-di-siena\/\" \/>\n<meta property=\"og:locale\" content=\"it_IT\" \/>\n<meta property=\"og:type\" content=\"article\" \/>\n<meta property=\"og:title\" content=\"Palio di Siena - Turismo\" \/>\n<meta property=\"og:description\" content=\"Il Palio di Siena \u00e8 una corsa di cavalli che si svolge due volte l&#039;anno, il 2 luglio e il 16 agosto. Per assistervi \u00e8 opportuno ...\" \/>\n<meta property=\"og:url\" content=\"https:\/\/www.latoscane.net\/it\/palio-di-siena\/\" \/>\n<meta property=\"og:site_name\" content=\"LaToscane.net\" \/>\n<meta property=\"article:published_time\" content=\"2017-02-15T18:12:34+00:00\" \/>\n<meta property=\"article:modified_time\" content=\"2024-10-27T09:56:22+00:00\" \/>\n<meta property=\"og:image\" content=\"https:\/\/www.latoscane.net\/wp-content\/uploads\/2017\/03\/palio-di-siena.gif\" \/>\n\t<meta property=\"og:image:width\" content=\"400\" \/>\n\t<meta property=\"og:image:height\" content=\"181\" \/>\n\t<meta property=\"og:image:type\" content=\"image\/gif\" \/>\n<meta name=\"author\" content=\"Galgano\" \/>\n<meta name=\"twitter:card\" content=\"summary_large_image\" \/>\n<meta name=\"twitter:label1\" content=\"Scritto da\" \/>\n\t<meta name=\"twitter:data1\" content=\"Galgano\" \/>\n\t<meta name=\"twitter:label2\" content=\"Tempo di lettura stimato\" \/>\n\t<meta name=\"twitter:data2\" content=\"2 minuti\" \/>\n<script type=\"application\/ld+json\" class=\"yoast-schema-graph\">{\"@context\":\"https:\/\/schema.org\",\"@graph\":[{\"@type\":\"WebPage\",\"@id\":\"https:\/\/www.latoscane.net\/it\/palio-di-siena\/\",\"url\":\"https:\/\/www.latoscane.net\/it\/palio-di-siena\/\",\"name\":\"Palio di Siena - Turismo\",\"isPartOf\":{\"@id\":\"https:\/\/www.latoscane.net\/#website\"},\"primaryImageOfPage\":{\"@id\":\"https:\/\/www.latoscane.net\/it\/palio-di-siena\/#primaryimage\"},\"image\":{\"@id\":\"https:\/\/www.latoscane.net\/it\/palio-di-siena\/#primaryimage\"},\"thumbnailUrl\":\"https:\/\/www.latoscane.net\/wp-content\/uploads\/2017\/03\/palio-di-siena.gif\",\"datePublished\":\"2017-02-15T18:12:34+00:00\",\"dateModified\":\"2024-10-27T09:56:22+00:00\",\"author\":{\"@id\":\"https:\/\/www.latoscane.net\/#\/schema\/person\/dae56e679cb6d9bdaf2b0b54b1320d42\"},\"description\":\"Il Palio di Siena \u00e8 una corsa di cavalli che si svolge due volte l'anno, il 2 luglio e il 16 agosto. Per assistervi \u00e8 opportuno ...\",\"breadcrumb\":{\"@id\":\"https:\/\/www.latoscane.net\/it\/palio-di-siena\/#breadcrumb\"},\"inLanguage\":\"it-IT\",\"potentialAction\":[{\"@type\":\"ReadAction\",\"target\":[\"https:\/\/www.latoscane.net\/it\/palio-di-siena\/\"]}]},{\"@type\":\"ImageObject\",\"inLanguage\":\"it-IT\",\"@id\":\"https:\/\/www.latoscane.net\/it\/palio-di-siena\/#primaryimage\",\"url\":\"https:\/\/www.latoscane.net\/wp-content\/uploads\/2017\/03\/palio-di-siena.gif\",\"contentUrl\":\"https:\/\/www.latoscane.net\/wp-content\/uploads\/2017\/03\/palio-di-siena.gif\",\"width\":400,\"height\":181,\"caption\":\"palio-di-siena\"},{\"@type\":\"BreadcrumbList\",\"@id\":\"https:\/\/www.latoscane.net\/it\/palio-di-siena\/#breadcrumb\",\"itemListElement\":[{\"@type\":\"ListItem\",\"position\":1,\"name\":\"Accueil\",\"item\":\"https:\/\/www.latoscane.net\/it\/\"},{\"@type\":\"ListItem\",\"position\":2,\"name\":\"Palio di Siena\"}]},{\"@type\":\"WebSite\",\"@id\":\"https:\/\/www.latoscane.net\/#website\",\"url\":\"https:\/\/www.latoscane.net\/\",\"name\":\"LaToscane.net\",\"description\":\"Visita della regione Toscana\",\"potentialAction\":[{\"@type\":\"SearchAction\",\"target\":{\"@type\":\"EntryPoint\",\"urlTemplate\":\"https:\/\/www.latoscane.net\/?s={search_term_string}\"},\"query-input\":\"required name=search_term_string\"}],\"inLanguage\":\"it-IT\"},{\"@type\":\"Person\",\"@id\":\"https:\/\/www.latoscane.net\/#\/schema\/person\/dae56e679cb6d9bdaf2b0b54b1320d42\",\"name\":\"Galgano\",\"url\":\"https:\/\/www.latoscane.net\/it\/author\/will\/\"}]}<\/script>\n<!-- \/ Yoast SEO plugin. -->","yoast_head_json":{"title":"Palio di Siena - Turismo","description":"Il Palio di Siena \u00e8 una corsa di cavalli che si svolge due volte l'anno, il 2 luglio e il 16 agosto. Per assistervi \u00e8 opportuno ...","robots":{"index":"index","follow":"follow","max-snippet":"max-snippet:-1","max-image-preview":"max-image-preview:large","max-video-preview":"max-video-preview:-1"},"canonical":"https:\/\/www.latoscane.net\/it\/palio-di-siena\/","og_locale":"it_IT","og_type":"article","og_title":"Palio di Siena - Turismo","og_description":"Il Palio di Siena \u00e8 una corsa di cavalli che si svolge due volte l'anno, il 2 luglio e il 16 agosto. Per assistervi \u00e8 opportuno ...","og_url":"https:\/\/www.latoscane.net\/it\/palio-di-siena\/","og_site_name":"LaToscane.net","article_published_time":"2017-02-15T18:12:34+00:00","article_modified_time":"2024-10-27T09:56:22+00:00","og_image":[{"width":400,"height":181,"url":"https:\/\/www.latoscane.net\/wp-content\/uploads\/2017\/03\/palio-di-siena.gif","type":"image\/gif"}],"author":"Galgano","twitter_card":"summary_large_image","twitter_misc":{"Scritto da":"Galgano","Tempo di lettura stimato":"2 minuti"},"schema":{"@context":"https:\/\/schema.org","@graph":[{"@type":"WebPage","@id":"https:\/\/www.latoscane.net\/it\/palio-di-siena\/","url":"https:\/\/www.latoscane.net\/it\/palio-di-siena\/","name":"Palio di Siena - Turismo","isPartOf":{"@id":"https:\/\/www.latoscane.net\/#website"},"primaryImageOfPage":{"@id":"https:\/\/www.latoscane.net\/it\/palio-di-siena\/#primaryimage"},"image":{"@id":"https:\/\/www.latoscane.net\/it\/palio-di-siena\/#primaryimage"},"thumbnailUrl":"https:\/\/www.latoscane.net\/wp-content\/uploads\/2017\/03\/palio-di-siena.gif","datePublished":"2017-02-15T18:12:34+00:00","dateModified":"2024-10-27T09:56:22+00:00","author":{"@id":"https:\/\/www.latoscane.net\/#\/schema\/person\/dae56e679cb6d9bdaf2b0b54b1320d42"},"description":"Il Palio di Siena \u00e8 una corsa di cavalli che si svolge due volte l'anno, il 2 luglio e il 16 agosto. Per assistervi \u00e8 opportuno ...","breadcrumb":{"@id":"https:\/\/www.latoscane.net\/it\/palio-di-siena\/#breadcrumb"},"inLanguage":"it-IT","potentialAction":[{"@type":"ReadAction","target":["https:\/\/www.latoscane.net\/it\/palio-di-siena\/"]}]},{"@type":"ImageObject","inLanguage":"it-IT","@id":"https:\/\/www.latoscane.net\/it\/palio-di-siena\/#primaryimage","url":"https:\/\/www.latoscane.net\/wp-content\/uploads\/2017\/03\/palio-di-siena.gif","contentUrl":"https:\/\/www.latoscane.net\/wp-content\/uploads\/2017\/03\/palio-di-siena.gif","width":400,"height":181,"caption":"palio-di-siena"},{"@type":"BreadcrumbList","@id":"https:\/\/www.latoscane.net\/it\/palio-di-siena\/#breadcrumb","itemListElement":[{"@type":"ListItem","position":1,"name":"Accueil","item":"https:\/\/www.latoscane.net\/it\/"},{"@type":"ListItem","position":2,"name":"Palio di Siena"}]},{"@type":"WebSite","@id":"https:\/\/www.latoscane.net\/#website","url":"https:\/\/www.latoscane.net\/","name":"LaToscane.net","description":"Visita della regione Toscana","potentialAction":[{"@type":"SearchAction","target":{"@type":"EntryPoint","urlTemplate":"https:\/\/www.latoscane.net\/?s={search_term_string}"},"query-input":"required name=search_term_string"}],"inLanguage":"it-IT"},{"@type":"Person","@id":"https:\/\/www.latoscane.net\/#\/schema\/person\/dae56e679cb6d9bdaf2b0b54b1320d42","name":"Galgano","url":"https:\/\/www.latoscane.net\/it\/author\/will\/"}]}},"_links":{"self":[{"href":"https:\/\/www.latoscane.net\/it\/wp-json\/wp\/v2\/posts\/2390"}],"collection":[{"href":"https:\/\/www.latoscane.net\/it\/wp-json\/wp\/v2\/posts"}],"about":[{"href":"https:\/\/www.latoscane.net\/it\/wp-json\/wp\/v2\/types\/post"}],"author":[{"embeddable":true,"href":"https:\/\/www.latoscane.net\/it\/wp-json\/wp\/v2\/users\/1"}],"replies":[{"embeddable":true,"href":"https:\/\/www.latoscane.net\/it\/wp-json\/wp\/v2\/comments?post=2390"}],"version-history":[{"count":2,"href":"https:\/\/www.latoscane.net\/it\/wp-json\/wp\/v2\/posts\/2390\/revisions"}],"predecessor-version":[{"id":10731,"href":"https:\/\/www.latoscane.net\/it\/wp-json\/wp\/v2\/posts\/2390\/revisions\/10731"}],"wp:featuredmedia":[{"embeddable":true,"href":"https:\/\/www.latoscane.net\/it\/wp-json\/wp\/v2\/media\/986"}],"wp:attachment":[{"href":"https:\/\/www.latoscane.net\/it\/wp-json\/wp\/v2\/media?parent=2390"}],"wp:term":[{"taxonomy":"category","embeddable":true,"href":"https:\/\/www.latoscane.net\/it\/wp-json\/wp\/v2\/categories?post=2390"},{"taxonomy":"post_tag","embeddable":true,"href":"https:\/\/www.latoscane.net\/it\/wp-json\/wp\/v2\/tags?post=2390"}],"curies":[{"name":"wp","href":"https:\/\/api.w.org\/{rel}","templated":true}]}}